{"id":202496,"date":"2019-03-15T15:16:22","date_gmt":"2019-03-15T14:16:22","guid":{"rendered":"http:\/\/kapitalis.com\/tunisie\/?p=202496"},"modified":"2019-03-15T18:11:25","modified_gmt":"2019-03-15T17:11:25","slug":"nouvelle-zelande-le-terroriste-tarrant-contre-les-invasions-etrangeres","status":"publish","type":"post","link":"https:\/\/kapitalis.com\/tunisie\/2019\/03\/15\/nouvelle-zelande-le-terroriste-tarrant-contre-les-invasions-etrangeres\/","title":{"rendered":"Nouvelle-Z\u00e9lande : Le terroriste Tarrant \u00abcontre les invasions \u00e9trang\u00e8res\u00bb"},"content":{"rendered":"<p style=\"text-align: center;\"><img loading=\"lazy\" decoding=\"async\" class=\"alignnone size-full wp-image-202505\" src=\"http:\/\/kapitalis.com\/tunisie\/wp-content\/uploads\/2019\/03\/Nouvelle-Z\u00e9lande-attaque-terroriste-mars-2019.jpg\" alt=\"\" width=\"626\" height=\"380\" \/><\/p>\n<p><em><strong>En d\u00e9tention, Brenton Tarrant, l\u2019auteur principal de l\u2019attaque terroriste perp\u00e9tr\u00e9e ce matin, vendredi 15 mars 2019, dans 2 mosqu\u00e9es \u00e0 Christchurchen, en Nouvelle-Z\u00e9lande, ayant fait au moins 49 morts, se revendique d\u2019extr\u00eame-droite. Quatre autres suspects ont \u00e9t\u00e9 arr\u00eat\u00e9s.<\/strong><\/em><!--more--><\/p>\n<p>L\u2019Australien de 28 ans a diffus\u00e9 une vid\u00e9o en direct de l\u2019attaque sur Facebook et Instagram: on le voit p\u00e9n\u00e9trer dans la mosqu\u00e9e Al-Noor et tirer des coups de feu d\u2019une arme lourde. Il arrose tous ceux qui le croisent avec un feu nourri, prend tout son temps pour liquider tous les fid\u00e8les trouv\u00e9 \u00e0 l&rsquo;int\u00e9rieur du lieu du culte et s&rsquo;assurer qu&rsquo;ils ne bougent plus.\u00a0Il ressort ensuite, arme \u00e0 la main, pour tuer les fid\u00e8les de la mosqu\u00e9e de Deans, situ\u00e9e \u00e0 c\u00f4t\u00e9, avec les m\u00eames calme et sang froid\u00a0gla\u00e7ants.\u00a0On a l\u2019impression de voir les images d&rsquo;un jeu vid\u00e9o.<\/p>\n<p>Le terroriste sera arr\u00eat\u00e9 \u00e0 bord de sa voiture et, selon les m\u00e9dias de la place, citant le minist\u00e8re de l\u2019Int\u00e9rieur de la Nouvelle-Z\u00e9lande, Brenton Tarrant est \u00ab<em>un terroriste de droite, extr\u00eamement violent<\/em>\u00bb. Il a indiqu\u00e9 \u00ab<em>avoir veng\u00e9 les centaines de milliers de morts caus\u00e9es par les invasions \u00e9trang\u00e8res en Europe tout au long de l\u2019histoire<\/em>\u00bb.<\/p>\n<p>La police a arr\u00eat\u00e9 4 suspects dont une femme et saisi des explosifs, retrouv\u00e9s dans leurs v\u00e9hicules. L\u2019arm\u00e9e a d\u00e9samorc\u00e9 deux engins artisanaux, ajoute la m\u00eame source, en pr\u00e9cisant que la police a \u00e9galement saisi un texte de 74 pages, publi\u00e9 quelques heures avant l\u2019attaque, par Brenton Tarrant, o\u00f9 il explique ses motivations.<\/p>\n<p>\u00ab<em>C\u2019est l\u2019un des jours les plus sombres de la Nouvelle-Z\u00e9lande<\/em>\u00bb, d\u00e9plore le minist\u00e8re en assurant que le pays n&rsquo;accepte pas de pareilles violences et appelle \u00e0 la vigilance.<\/p>\n<p>On notera que 48 personnes ont \u00e9t\u00e9 bless\u00e9es dans cette attaque, dont 10 sont dans un \u00e9tat grave.<\/p>\n<p style=\"text-align: right;\"><strong>Y. N.<\/strong><\/p>\n<p>&nbsp;<\/p>\n","protected":false},"excerpt":{"rendered":"<p>En d\u00e9tention, Brenton Tarrant, l\u2019auteur principal de l\u2019attaque terroriste perp\u00e9tr\u00e9e ce matin, vendredi 15 mars 2019, dans 2 mosqu\u00e9es \u00e0 Christchurchen, en Nouvelle-Z\u00e9lande, ayant fait au moins 49 morts, se revendique d\u2019extr\u00eame-droite. Quatre autres suspects ont \u00e9t\u00e9 arr\u00eat\u00e9s.<\/p>\n","protected":false},"author":6,"featured_media":202505,"comment_status":"open","ping_status":"open","sticky":false,"template":"","format":"standard","meta":{"footnotes":""},"categories":[998,2433],"tags":[2021,10957,1925],"class_list":["post-202496","post","type-post","status-publish","format-standard","has-post-thumbnail","hentry","category-societe","category-tunisie","tag-attaque-terroriste","tag-extreme-droite","tag-mosquee"],"yoast_head":"<!-- This site is optimized with the Yoast SEO plugin v26.6 - https:\/\/yoast.com\/wordpress\/plugins\/seo\/ -->\n<title>Nouvelle-Z\u00e9lande : Le terroriste Tarrant \u00abcontre les invasions \u00e9trang\u00e8res\u00bb - Kapitalis<\/title>\n<meta name=\"robots\" content=\"index, follow, max-snippet:-1, max-image-preview:large, max-video-preview:-1\" \/>\n<link rel=\"canonical\" href=\"https:\/\/kapitalis.com\/tunisie\/2019\/03\/15\/nouvelle-zelande-le-terroriste-tarrant-contre-les-invasions-etrangeres\/\" \/>\n<meta property=\"og:locale\" content=\"fr_FR\" \/>\n<meta property=\"og:type\" content=\"article\" \/>\n<meta property=\"og:title\" content=\"Nouvelle-Z\u00e9lande : Le terroriste Tarrant \u00abcontre les invasions \u00e9trang\u00e8res\u00bb - Kapitalis\" \/>\n<meta property=\"og:description\" content=\"En d\u00e9tention, Brenton Tarrant, l\u2019auteur principal de l\u2019attaque terroriste perp\u00e9tr\u00e9e ce matin, vendredi 15 mars 2019, dans 2 mosqu\u00e9es \u00e0 Christchurchen, en Nouvelle-Z\u00e9lande, ayant fait au moins 49 morts, se revendique d\u2019extr\u00eame-droite. Quatre autres suspects ont \u00e9t\u00e9 arr\u00eat\u00e9s.\" \/>\n<meta property=\"og:url\" content=\"https:\/\/kapitalis.com\/tunisie\/2019\/03\/15\/nouvelle-zelande-le-terroriste-tarrant-contre-les-invasions-etrangeres\/\" \/>\n<meta property=\"og:site_name\" content=\"Kapitalis\" \/>\n<meta property=\"article:publisher\" content=\"https:\/\/www.facebook.com\/KapitalisInfo\/\" \/>\n<meta property=\"article:published_time\" content=\"2019-03-15T14:16:22+00:00\" \/>\n<meta property=\"article:modified_time\" content=\"2019-03-15T17:11:25+00:00\" \/>\n<meta property=\"og:image\" content=\"https:\/\/kapitalis.com\/tunisie\/wp-content\/uploads\/2022\/05\/kapitalis-logo-fb.png\" \/>\n\t<meta property=\"og:image:width\" content=\"1200\" \/>\n\t<meta property=\"og:image:height\" content=\"630\" \/>\n\t<meta property=\"og:image:type\" content=\"image\/png\" \/>\n<meta name=\"author\" content=\"Yusra NY\" \/>\n<meta name=\"twitter:card\" content=\"summary_large_image\" \/>\n<meta name=\"twitter:creator\" content=\"@KapitalisInfo\" \/>\n<meta name=\"twitter:site\" content=\"@KapitalisInfo\" \/>\n<meta name=\"twitter:label1\" content=\"\u00c9crit par\" \/>\n\t<meta name=\"twitter:data1\" content=\"Yusra NY\" \/>\n\t<meta name=\"twitter:label2\" content=\"Dur\u00e9e de lecture estim\u00e9e\" \/>\n\t<meta name=\"twitter:data2\" content=\"2 minutes\" \/>\n<script type=\"application\/ld+json\" class=\"yoast-schema-graph\">{\"@context\":\"https:\/\/schema.org\",\"@graph\":[{\"@type\":\"Article\",\"@id\":\"https:\/\/kapitalis.com\/tunisie\/2019\/03\/15\/nouvelle-zelande-le-terroriste-tarrant-contre-les-invasions-etrangeres\/#article\",\"isPartOf\":{\"@id\":\"https:\/\/kapitalis.com\/tunisie\/2019\/03\/15\/nouvelle-zelande-le-terroriste-tarrant-contre-les-invasions-etrangeres\/\"},\"author\":{\"name\":\"Yusra NY\",\"@id\":\"https:\/\/kapitalis.com\/tunisie\/#\/schema\/person\/74bbde0154d49d790a92aaeac5bc01d5\"},\"headline\":\"Nouvelle-Z\u00e9lande : Le terroriste Tarrant \u00abcontre les invasions \u00e9trang\u00e8res\u00bb\",\"datePublished\":\"2019-03-15T14:16:22+00:00\",\"dateModified\":\"2019-03-15T17:11:25+00:00\",\"mainEntityOfPage\":{\"@id\":\"https:\/\/kapitalis.com\/tunisie\/2019\/03\/15\/nouvelle-zelande-le-terroriste-tarrant-contre-les-invasions-etrangeres\/\"},\"wordCount\":347,\"commentCount\":6,\"publisher\":{\"@id\":\"https:\/\/kapitalis.com\/tunisie\/#organization\"},\"image\":{\"@id\":\"https:\/\/kapitalis.com\/tunisie\/2019\/03\/15\/nouvelle-zelande-le-terroriste-tarrant-contre-les-invasions-etrangeres\/#primaryimage\"},\"thumbnailUrl\":\"\",\"keywords\":[\"attaque terroriste\",\"extr\u00eame-droite\",\"mosqu\u00e9e\"],\"articleSection\":[\"SOCIETE\",\"Tunisie\"],\"inLanguage\":\"fr-FR\",\"potentialAction\":[{\"@type\":\"CommentAction\",\"name\":\"Comment\",\"target\":[\"https:\/\/kapitalis.com\/tunisie\/2019\/03\/15\/nouvelle-zelande-le-terroriste-tarrant-contre-les-invasions-etrangeres\/#respond\"]}]},{\"@type\":\"WebPage\",\"@id\":\"https:\/\/kapitalis.com\/tunisie\/2019\/03\/15\/nouvelle-zelande-le-terroriste-tarrant-contre-les-invasions-etrangeres\/\",\"url\":\"https:\/\/kapitalis.com\/tunisie\/2019\/03\/15\/nouvelle-zelande-le-terroriste-tarrant-contre-les-invasions-etrangeres\/\",\"name\":\"Nouvelle-Z\u00e9lande : Le terroriste Tarrant \u00abcontre les invasions \u00e9trang\u00e8res\u00bb - Kapitalis\",\"isPartOf\":{\"@id\":\"https:\/\/kapitalis.com\/tunisie\/#website\"},\"primaryImageOfPage\":{\"@id\":\"https:\/\/kapitalis.com\/tunisie\/2019\/03\/15\/nouvelle-zelande-le-terroriste-tarrant-contre-les-invasions-etrangeres\/#primaryimage\"},\"image\":{\"@id\":\"https:\/\/kapitalis.com\/tunisie\/2019\/03\/15\/nouvelle-zelande-le-terroriste-tarrant-contre-les-invasions-etrangeres\/#primaryimage\"},\"thumbnailUrl\":\"\",\"datePublished\":\"2019-03-15T14:16:22+00:00\",\"dateModified\":\"2019-03-15T17:11:25+00:00\",\"breadcrumb\":{\"@id\":\"https:\/\/kapitalis.com\/tunisie\/2019\/03\/15\/nouvelle-zelande-le-terroriste-tarrant-contre-les-invasions-etrangeres\/#breadcrumb\"},\"inLanguage\":\"fr-FR\",\"potentialAction\":[{\"@type\":\"ReadAction\",\"target\":[\"https:\/\/kapitalis.com\/tunisie\/2019\/03\/15\/nouvelle-zelande-le-terroriste-tarrant-contre-les-invasions-etrangeres\/\"]}]},{\"@type\":\"ImageObject\",\"inLanguage\":\"fr-FR\",\"@id\":\"https:\/\/kapitalis.com\/tunisie\/2019\/03\/15\/nouvelle-zelande-le-terroriste-tarrant-contre-les-invasions-etrangeres\/#primaryimage\",\"url\":\"\",\"contentUrl\":\"\"},{\"@type\":\"BreadcrumbList\",\"@id\":\"https:\/\/kapitalis.com\/tunisie\/2019\/03\/15\/nouvelle-zelande-le-terroriste-tarrant-contre-les-invasions-etrangeres\/#breadcrumb\",\"itemListElement\":[{\"@type\":\"ListItem\",\"position\":1,\"name\":\"Accueil\",\"item\":\"https:\/\/kapitalis.com\/tunisie\/\"},{\"@type\":\"ListItem\",\"position\":2,\"name\":\"Nouvelle-Z\u00e9lande : Le terroriste Tarrant \u00abcontre les invasions \u00e9trang\u00e8res\u00bb\"}]},{\"@type\":\"WebSite\",\"@id\":\"https:\/\/kapitalis.com\/tunisie\/#website\",\"url\":\"https:\/\/kapitalis.com\/tunisie\/\",\"name\":\"Kapitalis\",\"description\":\"L&#039;actualit\u00e9 en Tunisie et dans le monde\",\"publisher\":{\"@id\":\"https:\/\/kapitalis.com\/tunisie\/#organization\"},\"potentialAction\":[{\"@type\":\"SearchAction\",\"target\":{\"@type\":\"EntryPoint\",\"urlTemplate\":\"https:\/\/kapitalis.com\/tunisie\/?s={search_term_string}\"},\"query-input\":{\"@type\":\"PropertyValueSpecification\",\"valueRequired\":true,\"valueName\":\"search_term_string\"}}],\"inLanguage\":\"fr-FR\"},{\"@type\":\"Organization\",\"@id\":\"https:\/\/kapitalis.com\/tunisie\/#organization\",\"name\":\"Kapitalis\",\"url\":\"https:\/\/kapitalis.com\/tunisie\/\",\"logo\":{\"@type\":\"ImageObject\",\"inLanguage\":\"fr-FR\",\"@id\":\"https:\/\/kapitalis.com\/tunisie\/#\/schema\/logo\/image\/\",\"url\":\"https:\/\/kapitalis.com\/tunisie\/wp-content\/uploads\/2022\/05\/Kapitalis-big-size.png\",\"contentUrl\":\"https:\/\/kapitalis.com\/tunisie\/wp-content\/uploads\/2022\/05\/Kapitalis-big-size.png\",\"width\":5000,\"height\":1500,\"caption\":\"Kapitalis\"},\"image\":{\"@id\":\"https:\/\/kapitalis.com\/tunisie\/#\/schema\/logo\/image\/\"},\"sameAs\":[\"https:\/\/www.facebook.com\/KapitalisInfo\/\",\"https:\/\/x.com\/KapitalisInfo\",\"https:\/\/www.youtube.com\/channel\/UC-yDYrHyfFBWWZaOw3FPg9Q\"]},{\"@type\":\"Person\",\"@id\":\"https:\/\/kapitalis.com\/tunisie\/#\/schema\/person\/74bbde0154d49d790a92aaeac5bc01d5\",\"name\":\"Yusra NY\",\"url\":\"https:\/\/kapitalis.com\/tunisie\/author\/yuza_adam\/\"}]}<\/script>\n<!-- \/ Yoast SEO plugin. -->","yoast_head_json":{"title":"Nouvelle-Z\u00e9lande : Le terroriste Tarrant \u00abcontre les invasions \u00e9trang\u00e8res\u00bb - Kapitalis","robots":{"index":"index","follow":"follow","max-snippet":"max-snippet:-1","max-image-preview":"max-image-preview:large","max-video-preview":"max-video-preview:-1"},"canonical":"https:\/\/kapitalis.com\/tunisie\/2019\/03\/15\/nouvelle-zelande-le-terroriste-tarrant-contre-les-invasions-etrangeres\/","og_locale":"fr_FR","og_type":"article","og_title":"Nouvelle-Z\u00e9lande : Le terroriste Tarrant \u00abcontre les invasions \u00e9trang\u00e8res\u00bb - Kapitalis","og_description":"En d\u00e9tention, Brenton Tarrant, l\u2019auteur principal de l\u2019attaque terroriste perp\u00e9tr\u00e9e ce matin, vendredi 15 mars 2019, dans 2 mosqu\u00e9es \u00e0 Christchurchen, en Nouvelle-Z\u00e9lande, ayant fait au moins 49 morts, se revendique d\u2019extr\u00eame-droite. Quatre autres suspects ont \u00e9t\u00e9 arr\u00eat\u00e9s.","og_url":"https:\/\/kapitalis.com\/tunisie\/2019\/03\/15\/nouvelle-zelande-le-terroriste-tarrant-contre-les-invasions-etrangeres\/","og_site_name":"Kapitalis","article_publisher":"https:\/\/www.facebook.com\/KapitalisInfo\/","article_published_time":"2019-03-15T14:16:22+00:00","article_modified_time":"2019-03-15T17:11:25+00:00","og_image":[{"width":1200,"height":630,"url":"https:\/\/kapitalis.com\/tunisie\/wp-content\/uploads\/2022\/05\/kapitalis-logo-fb.png","type":"image\/png"}],"author":"Yusra NY","twitter_card":"summary_large_image","twitter_creator":"@KapitalisInfo","twitter_site":"@KapitalisInfo","twitter_misc":{"\u00c9crit par":"Yusra NY","Dur\u00e9e de lecture estim\u00e9e":"2 minutes"},"schema":{"@context":"https:\/\/schema.org","@graph":[{"@type":"Article","@id":"https:\/\/kapitalis.com\/tunisie\/2019\/03\/15\/nouvelle-zelande-le-terroriste-tarrant-contre-les-invasions-etrangeres\/#article","isPartOf":{"@id":"https:\/\/kapitalis.com\/tunisie\/2019\/03\/15\/nouvelle-zelande-le-terroriste-tarrant-contre-les-invasions-etrangeres\/"},"author":{"name":"Yusra NY","@id":"https:\/\/kapitalis.com\/tunisie\/#\/schema\/person\/74bbde0154d49d790a92aaeac5bc01d5"},"headline":"Nouvelle-Z\u00e9lande : Le terroriste Tarrant \u00abcontre les invasions \u00e9trang\u00e8res\u00bb","datePublished":"2019-03-15T14:16:22+00:00","dateModified":"2019-03-15T17:11:25+00:00","mainEntityOfPage":{"@id":"https:\/\/kapitalis.com\/tunisie\/2019\/03\/15\/nouvelle-zelande-le-terroriste-tarrant-contre-les-invasions-etrangeres\/"},"wordCount":347,"commentCount":6,"publisher":{"@id":"https:\/\/kapitalis.com\/tunisie\/#organization"},"image":{"@id":"https:\/\/kapitalis.com\/tunisie\/2019\/03\/15\/nouvelle-zelande-le-terroriste-tarrant-contre-les-invasions-etrangeres\/#primaryimage"},"thumbnailUrl":"","keywords":["attaque terroriste","extr\u00eame-droite","mosqu\u00e9e"],"articleSection":["SOCIETE","Tunisie"],"inLanguage":"fr-FR","potentialAction":[{"@type":"CommentAction","name":"Comment","target":["https:\/\/kapitalis.com\/tunisie\/2019\/03\/15\/nouvelle-zelande-le-terroriste-tarrant-contre-les-invasions-etrangeres\/#respond"]}]},{"@type":"WebPage","@id":"https:\/\/kapitalis.com\/tunisie\/2019\/03\/15\/nouvelle-zelande-le-terroriste-tarrant-contre-les-invasions-etrangeres\/","url":"https:\/\/kapitalis.com\/tunisie\/2019\/03\/15\/nouvelle-zelande-le-terroriste-tarrant-contre-les-invasions-etrangeres\/","name":"Nouvelle-Z\u00e9lande : Le terroriste Tarrant \u00abcontre les invasions \u00e9trang\u00e8res\u00bb - Kapitalis","isPartOf":{"@id":"https:\/\/kapitalis.com\/tunisie\/#website"},"primaryImageOfPage":{"@id":"https:\/\/kapitalis.com\/tunisie\/2019\/03\/15\/nouvelle-zelande-le-terroriste-tarrant-contre-les-invasions-etrangeres\/#primaryimage"},"image":{"@id":"https:\/\/kapitalis.com\/tunisie\/2019\/03\/15\/nouvelle-zelande-le-terroriste-tarrant-contre-les-invasions-etrangeres\/#primaryimage"},"thumbnailUrl":"","datePublished":"2019-03-15T14:16:22+00:00","dateModified":"2019-03-15T17:11:25+00:00","breadcrumb":{"@id":"https:\/\/kapitalis.com\/tunisie\/2019\/03\/15\/nouvelle-zelande-le-terroriste-tarrant-contre-les-invasions-etrangeres\/#breadcrumb"},"inLanguage":"fr-FR","potentialAction":[{"@type":"ReadAction","target":["https:\/\/kapitalis.com\/tunisie\/2019\/03\/15\/nouvelle-zelande-le-terroriste-tarrant-contre-les-invasions-etrangeres\/"]}]},{"@type":"ImageObject","inLanguage":"fr-FR","@id":"https:\/\/kapitalis.com\/tunisie\/2019\/03\/15\/nouvelle-zelande-le-terroriste-tarrant-contre-les-invasions-etrangeres\/#primaryimage","url":"","contentUrl":""},{"@type":"BreadcrumbList","@id":"https:\/\/kapitalis.com\/tunisie\/2019\/03\/15\/nouvelle-zelande-le-terroriste-tarrant-contre-les-invasions-etrangeres\/#breadcrumb","itemListElement":[{"@type":"ListItem","position":1,"name":"Accueil","item":"https:\/\/kapitalis.com\/tunisie\/"},{"@type":"ListItem","position":2,"name":"Nouvelle-Z\u00e9lande : Le terroriste Tarrant \u00abcontre les invasions \u00e9trang\u00e8res\u00bb"}]},{"@type":"WebSite","@id":"https:\/\/kapitalis.com\/tunisie\/#website","url":"https:\/\/kapitalis.com\/tunisie\/","name":"Kapitalis","description":"L&#039;actualit\u00e9 en Tunisie et dans le monde","publisher":{"@id":"https:\/\/kapitalis.com\/tunisie\/#organization"},"potentialAction":[{"@type":"SearchAction","target":{"@type":"EntryPoint","urlTemplate":"https:\/\/kapitalis.com\/tunisie\/?s={search_term_string}"},"query-input":{"@type":"PropertyValueSpecification","valueRequired":true,"valueName":"search_term_string"}}],"inLanguage":"fr-FR"},{"@type":"Organization","@id":"https:\/\/kapitalis.com\/tunisie\/#organization","name":"Kapitalis","url":"https:\/\/kapitalis.com\/tunisie\/","logo":{"@type":"ImageObject","inLanguage":"fr-FR","@id":"https:\/\/kapitalis.com\/tunisie\/#\/schema\/logo\/image\/","url":"https:\/\/kapitalis.com\/tunisie\/wp-content\/uploads\/2022\/05\/Kapitalis-big-size.png","contentUrl":"https:\/\/kapitalis.com\/tunisie\/wp-content\/uploads\/2022\/05\/Kapitalis-big-size.png","width":5000,"height":1500,"caption":"Kapitalis"},"image":{"@id":"https:\/\/kapitalis.com\/tunisie\/#\/schema\/logo\/image\/"},"sameAs":["https:\/\/www.facebook.com\/KapitalisInfo\/","https:\/\/x.com\/KapitalisInfo","https:\/\/www.youtube.com\/channel\/UC-yDYrHyfFBWWZaOw3FPg9Q"]},{"@type":"Person","@id":"https:\/\/kapitalis.com\/tunisie\/#\/schema\/person\/74bbde0154d49d790a92aaeac5bc01d5","name":"Yusra NY","url":"https:\/\/kapitalis.com\/tunisie\/author\/yuza_adam\/"}]}},"_links":{"self":[{"href":"https:\/\/kapitalis.com\/tunisie\/wp-json\/wp\/v2\/posts\/202496","targetHints":{"allow":["GET"]}}],"collection":[{"href":"https:\/\/kapitalis.com\/tunisie\/wp-json\/wp\/v2\/posts"}],"about":[{"href":"https:\/\/kapitalis.com\/tunisie\/wp-json\/wp\/v2\/types\/post"}],"author":[{"embeddable":true,"href":"https:\/\/kapitalis.com\/tunisie\/wp-json\/wp\/v2\/users\/6"}],"replies":[{"embeddable":true,"href":"https:\/\/kapitalis.com\/tunisie\/wp-json\/wp\/v2\/comments?post=202496"}],"version-history":[{"count":0,"href":"https:\/\/kapitalis.com\/tunisie\/wp-json\/wp\/v2\/posts\/202496\/revisions"}],"wp:featuredmedia":[{"embeddable":true,"href":"https:\/\/kapitalis.com\/tunisie\/wp-json\/wp\/v2\/media\/202505"}],"wp:attachment":[{"href":"https:\/\/kapitalis.com\/tunisie\/wp-json\/wp\/v2\/media?parent=202496"}],"wp:term":[{"taxonomy":"category","embeddable":true,"href":"https:\/\/kapitalis.com\/tunisie\/wp-json\/wp\/v2\/categories?post=202496"},{"taxonomy":"post_tag","embeddable":true,"href":"https:\/\/kapitalis.com\/tunisie\/wp-json\/wp\/v2\/tags?post=202496"}],"curies":[{"name":"wp","href":"https:\/\/api.w.org\/{rel}","templated":true}]}}