{"id":202571,"date":"2019-03-16T08:26:29","date_gmt":"2019-03-16T07:26:29","guid":{"rendered":"http:\/\/kapitalis.com\/tunisie\/?p=202571"},"modified":"2019-03-16T08:28:47","modified_gmt":"2019-03-16T07:28:47","slug":"asl-la-loi-sur-letat-durgence-restreint-les-droits-et-libertes-citoyennes","status":"publish","type":"post","link":"https:\/\/kapitalis.com\/tunisie\/2019\/03\/16\/asl-la-loi-sur-letat-durgence-restreint-les-droits-et-libertes-citoyennes\/","title":{"rendered":"ASL : La loi sur l\u2019\u00e9tat d\u2019urgence restreint les droits et libert\u00e9s citoyennes"},"content":{"rendered":"<p style=\"text-align: center;\"><img loading=\"lazy\" decoding=\"async\" class=\"alignnone size-full wp-image-202572\" src=\"http:\/\/kapitalis.com\/tunisie\/wp-content\/uploads\/2019\/03\/Societe-civile.jpg\" alt=\"\" width=\"626\" height=\"380\" \/><\/p>\n<p><em><strong>Selon l\u2019Alliance pour la s\u00e9curit\u00e9 et les libert\u00e9s (ASL), le projet de loi organique portant organisation de l\u2019\u00e9tat d\u2019urgence propos\u00e9 par le pr\u00e9sident de la r\u00e9publique est un instrument qui d\u00e9roge aux droits et libert\u00e9s et qui rase les garanties constitutionnelles et conventionnelles.<\/strong> <\/em><\/p>\n<p><!--more--><\/p>\n<p>L\u2019ASL, regroupant plusieurs organisations de la soci\u00e9t\u00e9 civile (Al Bawsala, Avocats Sans Fronti\u00e8res, Jamaity, Forum tunisien des droits \u00e9conomiques et sociaux, Ligue tunisienne des droits de l\u2019homme, Mobdiun, Organisation mondiale contre la torture, Psychologues du Monde-Tunisie, Solidar Tunisie), a \u00e9labor\u00e9 plusieurs commentaires concernant les diff\u00e9rentes dispositions du projet de loi portant organisation de l\u2019\u00e9tat d\u2019urgence propos\u00e9 par le pr\u00e9sident de la r\u00e9publique et discut\u00e9 en ce moment \u00e0 l\u2019Assembl\u00e9e des repr\u00e9sentants du peuple (ARP).<\/p>\n<p>ASL a pr\u00e9sent\u00e9 ses commentaires aux d\u00e9put\u00e9s membres de la commission parlementaire des droits et libert\u00e9s lors d\u2019une s\u00e9ance d\u2019audition au sein de la commission, jeudi dernier, 14 f\u00e9vrier 2019.<\/p>\n<p>Les associations membres d\u2019ASL sont en train de suivre le d\u00e9bat et l\u2019examen du projet de loi au sein de la commission qui a cl\u00f4tur\u00e9 les auditions et qui a commenc\u00e9 \u00e0 examiner les articles. Elles rappellent aussi que le pr\u00e9sident de la r\u00e9publique a d\u00e9clar\u00e9, le 11 mars, lors de la r\u00e9union du Conseil national de s\u00e9curit\u00e9 qu\u2019il ne d\u00e9clarera plus l\u2019\u00e9tat d\u2019urgence en se basant sur le d\u00e9cret de 1978 et que les d\u00e9put\u00e9s doivent voter le projet de loi avant le 4 avril 2019.<\/p>\n<p>ASL tient \u00e0 souligner que le projet de loi tel que pr\u00e9sent\u00e9 restreint les droits et libert\u00e9s des citoyens en rasant les garanties constitutionnelles et appelle les d\u00e9put\u00e9s \u00e0 ne pas adopter ce projet de loi dans sa version actuelle et de l\u2019amender en profondeur afin de respecter les droits et libert\u00e9s fondamentaux prot\u00e9g\u00e9s par la Constitution.<\/p>\n<p>Dans un communiqu\u00e9, l\u2019ASL apporte les pr\u00e9cisions suivantes : <em>\u00ab\u2018\u2018La loi d\u00e9termine les restrictions relatives aux droits et libert\u00e9s garanties par la pr\u00e9sente constitution, et \u00e0 leur exercice, sans que cela ne porte atteinte \u00e0 leur essence\u2019\u2019, tel que l\u2019indique l\u2019article 49 de la Constitution.<\/em><\/p>\n<p><em>\u00abMalgr\u00e9 cette disposition du texte supr\u00eame, nous enregistrons aujourd\u2019hui une application du d\u00e9cret n\u00b050, du 26 janvier 1978 relatif \u00e0 l\u2019\u00e9tat d\u2019urgence qui a \u00e9t\u00e9 impos\u00e9 dans des circonstances politiques, sociales et historiques qui ne conviennent plus \u00e0 la Tunisie postr\u00e9volutionnaire. Ainsi, les droits et libert\u00e9s se voient d\u00e9rog\u00e9s par des d\u00e9cisions du pouvoir ex\u00e9cutif sans proc\u00e9dures et mesures de contr\u00f4le bien d\u00e9finies ou de possibilit\u00e9s de recours judiciaires efficaces et ce, sous couvert d\u2019un simple d\u00e9cret en violation de l\u2019article 65 de la Constitution qui impose la forme de loi organique aux textes relatifs aux libert\u00e9s et aux droits de l\u2019homme.<\/em><\/p>\n<p><em>\u00abCe d\u00e9cret est aujourd\u2019hui remis en cause quant \u00e0 la forme par le pr\u00e9sent projet de loi organique mais pas quant au fond : en effet, ce projet reprend la majorit\u00e9 des dispositions qui portent atteintes aux droits et libert\u00e9s et au fonctionnement normal des institutions et des pouvoirs publics.<\/em><\/p>\n<p><em>\u00abIl est \u00e0 noter en premier lieu que l\u2019\u00e9tat d\u2019urgence n\u2019est pas trait\u00e9 explicitement par la Constitution. Vu que la d\u00e9claration de cet \u00e9tat d\u2019urgence entra\u00eene l\u2019application de dispositions dangereuses pour les droits et libert\u00e9s et un renforcement des pouvoirs ex\u00e9cutifs qui empi\u00e8tent sur les autres pouvoirs, il est important que l\u2019\u00e9tat d\u2019urgence soit limit\u00e9 dans le temps et bien d\u00e9fini pour que les raisons de son d\u00e9clenchement et de la fin de cette p\u00e9riode soient biens encadr\u00e9s; et ce de sorte que cette situation ne puisse engendrer que des mesures n\u00e9cessaires pour le r\u00e9tablissement de l\u2019ordre, la s\u00e9curit\u00e9 ou la s\u00fbret\u00e9 du pays ou de la r\u00e9gion concern\u00e9e par l\u2019\u00e9tat d\u2019urgence.<\/em><\/p>\n<p><em>\u00abEn second lieu, la loi devrait garantir la transparence et la publicit\u00e9 des d\u00e9cisions prises dans le cadre de l\u2019\u00e9tat d\u2019urgence afin que d\u2019une part, les pouvoirs publics et en premier lieu les pouvoirs judiciaire et l\u00e9gislatif puissent contr\u00f4ler la proportionnalit\u00e9, la n\u00e9cessit\u00e9, l\u2019efficacit\u00e9 et la conformit\u00e9 de ces mesures avec les dispositions en vigueur et d\u2019autre part, que les personnes concern\u00e9es par ces mesures puissent \u00eatre notifi\u00e9es de la d\u00e9cision et la contester devant un juge de r\u00e9f\u00e9r\u00e9 apte \u00e0 r\u00e9pondre \u00e0 ce recours dans un d\u00e9lai assez court.\u00bb<\/em><\/p>\n","protected":false},"excerpt":{"rendered":"<p>Selon l\u2019Alliance pour la s\u00e9curit\u00e9 et les libert\u00e9s (ASL), le projet de loi organique portant organisation de l\u2019\u00e9tat d\u2019urgence propos\u00e9 par le pr\u00e9sident de la r\u00e9publique est un instrument qui d\u00e9roge aux droits et libert\u00e9s et qui rase les garanties constitutionnelles et conventionnelles.<\/p>\n","protected":false},"author":8,"featured_media":202572,"comment_status":"open","ping_status":"open","sticky":false,"template":"","format":"standard","meta":{"footnotes":""},"categories":[997,2433],"tags":[2948],"class_list":["post-202571","post","type-post","status-publish","format-standard","has-post-thumbnail","hentry","category-politique","category-tunisie","tag-etat-durgence"],"yoast_head":"<!-- This site is optimized with the Yoast SEO plugin v26.6 - https:\/\/yoast.com\/wordpress\/plugins\/seo\/ -->\n<title>ASL : La loi sur l\u2019\u00e9tat d\u2019urgence restreint les droits et libert\u00e9s citoyennes - Kapitalis<\/title>\n<meta name=\"robots\" content=\"index, follow, max-snippet:-1, max-image-preview:large, max-video-preview:-1\" \/>\n<link rel=\"canonical\" href=\"https:\/\/kapitalis.com\/tunisie\/2019\/03\/16\/asl-la-loi-sur-letat-durgence-restreint-les-droits-et-libertes-citoyennes\/\" \/>\n<meta property=\"og:locale\" content=\"fr_FR\" \/>\n<meta property=\"og:type\" content=\"article\" \/>\n<meta property=\"og:title\" content=\"ASL : La loi sur l\u2019\u00e9tat d\u2019urgence restreint les droits et libert\u00e9s citoyennes - Kapitalis\" \/>\n<meta property=\"og:description\" content=\"Selon l\u2019Alliance pour la s\u00e9curit\u00e9 et les libert\u00e9s (ASL), le projet de loi organique portant organisation de l\u2019\u00e9tat d\u2019urgence propos\u00e9 par le pr\u00e9sident de la r\u00e9publique est un instrument qui d\u00e9roge aux droits et libert\u00e9s et qui rase les garanties constitutionnelles et conventionnelles.\" \/>\n<meta property=\"og:url\" content=\"https:\/\/kapitalis.com\/tunisie\/2019\/03\/16\/asl-la-loi-sur-letat-durgence-restreint-les-droits-et-libertes-citoyennes\/\" \/>\n<meta property=\"og:site_name\" content=\"Kapitalis\" \/>\n<meta property=\"article:publisher\" content=\"https:\/\/www.facebook.com\/KapitalisInfo\/\" \/>\n<meta property=\"article:published_time\" content=\"2019-03-16T07:26:29+00:00\" \/>\n<meta property=\"article:modified_time\" content=\"2019-03-16T07:28:47+00:00\" \/>\n<meta property=\"og:image\" content=\"https:\/\/kapitalis.com\/tunisie\/wp-content\/uploads\/2022\/05\/kapitalis-logo-fb.png\" \/>\n\t<meta property=\"og:image:width\" content=\"1200\" \/>\n\t<meta property=\"og:image:height\" content=\"630\" \/>\n\t<meta property=\"og:image:type\" content=\"image\/png\" \/>\n<meta name=\"author\" content=\"webmaster kapitalis\" \/>\n<meta name=\"twitter:card\" content=\"summary_large_image\" \/>\n<meta name=\"twitter:creator\" content=\"@KapitalisInfo\" \/>\n<meta name=\"twitter:site\" content=\"@KapitalisInfo\" \/>\n<meta name=\"twitter:label1\" content=\"\u00c9crit par\" \/>\n\t<meta name=\"twitter:data1\" content=\"webmaster kapitalis\" \/>\n\t<meta name=\"twitter:label2\" content=\"Dur\u00e9e de lecture estim\u00e9e\" \/>\n\t<meta name=\"twitter:data2\" content=\"4 minutes\" \/>\n<script type=\"application\/ld+json\" class=\"yoast-schema-graph\">{\"@context\":\"https:\/\/schema.org\",\"@graph\":[{\"@type\":\"Article\",\"@id\":\"https:\/\/kapitalis.com\/tunisie\/2019\/03\/16\/asl-la-loi-sur-letat-durgence-restreint-les-droits-et-libertes-citoyennes\/#article\",\"isPartOf\":{\"@id\":\"https:\/\/kapitalis.com\/tunisie\/2019\/03\/16\/asl-la-loi-sur-letat-durgence-restreint-les-droits-et-libertes-citoyennes\/\"},\"author\":{\"name\":\"webmaster kapitalis\",\"@id\":\"https:\/\/kapitalis.com\/tunisie\/#\/schema\/person\/d71f33a9ca44f7bad4698210b480c8e9\"},\"headline\":\"ASL : La loi sur l\u2019\u00e9tat d\u2019urgence restreint les droits et libert\u00e9s citoyennes\",\"datePublished\":\"2019-03-16T07:26:29+00:00\",\"dateModified\":\"2019-03-16T07:28:47+00:00\",\"mainEntityOfPage\":{\"@id\":\"https:\/\/kapitalis.com\/tunisie\/2019\/03\/16\/asl-la-loi-sur-letat-durgence-restreint-les-droits-et-libertes-citoyennes\/\"},\"wordCount\":806,\"commentCount\":6,\"publisher\":{\"@id\":\"https:\/\/kapitalis.com\/tunisie\/#organization\"},\"image\":{\"@id\":\"https:\/\/kapitalis.com\/tunisie\/2019\/03\/16\/asl-la-loi-sur-letat-durgence-restreint-les-droits-et-libertes-citoyennes\/#primaryimage\"},\"thumbnailUrl\":\"\",\"keywords\":[\"\u00e9tat d'urgence\"],\"articleSection\":[\"POLITIQUE\",\"Tunisie\"],\"inLanguage\":\"fr-FR\",\"potentialAction\":[{\"@type\":\"CommentAction\",\"name\":\"Comment\",\"target\":[\"https:\/\/kapitalis.com\/tunisie\/2019\/03\/16\/asl-la-loi-sur-letat-durgence-restreint-les-droits-et-libertes-citoyennes\/#respond\"]}]},{\"@type\":\"WebPage\",\"@id\":\"https:\/\/kapitalis.com\/tunisie\/2019\/03\/16\/asl-la-loi-sur-letat-durgence-restreint-les-droits-et-libertes-citoyennes\/\",\"url\":\"https:\/\/kapitalis.com\/tunisie\/2019\/03\/16\/asl-la-loi-sur-letat-durgence-restreint-les-droits-et-libertes-citoyennes\/\",\"name\":\"ASL : La loi sur l\u2019\u00e9tat d\u2019urgence restreint les droits et libert\u00e9s citoyennes - Kapitalis\",\"isPartOf\":{\"@id\":\"https:\/\/kapitalis.com\/tunisie\/#website\"},\"primaryImageOfPage\":{\"@id\":\"https:\/\/kapitalis.com\/tunisie\/2019\/03\/16\/asl-la-loi-sur-letat-durgence-restreint-les-droits-et-libertes-citoyennes\/#primaryimage\"},\"image\":{\"@id\":\"https:\/\/kapitalis.com\/tunisie\/2019\/03\/16\/asl-la-loi-sur-letat-durgence-restreint-les-droits-et-libertes-citoyennes\/#primaryimage\"},\"thumbnailUrl\":\"\",\"datePublished\":\"2019-03-16T07:26:29+00:00\",\"dateModified\":\"2019-03-16T07:28:47+00:00\",\"breadcrumb\":{\"@id\":\"https:\/\/kapitalis.com\/tunisie\/2019\/03\/16\/asl-la-loi-sur-letat-durgence-restreint-les-droits-et-libertes-citoyennes\/#breadcrumb\"},\"inLanguage\":\"fr-FR\",\"potentialAction\":[{\"@type\":\"ReadAction\",\"target\":[\"https:\/\/kapitalis.com\/tunisie\/2019\/03\/16\/asl-la-loi-sur-letat-durgence-restreint-les-droits-et-libertes-citoyennes\/\"]}]},{\"@type\":\"ImageObject\",\"inLanguage\":\"fr-FR\",\"@id\":\"https:\/\/kapitalis.com\/tunisie\/2019\/03\/16\/asl-la-loi-sur-letat-durgence-restreint-les-droits-et-libertes-citoyennes\/#primaryimage\",\"url\":\"\",\"contentUrl\":\"\"},{\"@type\":\"BreadcrumbList\",\"@id\":\"https:\/\/kapitalis.com\/tunisie\/2019\/03\/16\/asl-la-loi-sur-letat-durgence-restreint-les-droits-et-libertes-citoyennes\/#breadcrumb\",\"itemListElement\":[{\"@type\":\"ListItem\",\"position\":1,\"name\":\"Accueil\",\"item\":\"https:\/\/kapitalis.com\/tunisie\/\"},{\"@type\":\"ListItem\",\"position\":2,\"name\":\"ASL : La loi sur l\u2019\u00e9tat d\u2019urgence restreint les droits et libert\u00e9s citoyennes\"}]},{\"@type\":\"WebSite\",\"@id\":\"https:\/\/kapitalis.com\/tunisie\/#website\",\"url\":\"https:\/\/kapitalis.com\/tunisie\/\",\"name\":\"Kapitalis\",\"description\":\"L&#039;actualit\u00e9 en Tunisie et dans le monde\",\"publisher\":{\"@id\":\"https:\/\/kapitalis.com\/tunisie\/#organization\"},\"potentialAction\":[{\"@type\":\"SearchAction\",\"target\":{\"@type\":\"EntryPoint\",\"urlTemplate\":\"https:\/\/kapitalis.com\/tunisie\/?s={search_term_string}\"},\"query-input\":{\"@type\":\"PropertyValueSpecification\",\"valueRequired\":true,\"valueName\":\"search_term_string\"}}],\"inLanguage\":\"fr-FR\"},{\"@type\":\"Organization\",\"@id\":\"https:\/\/kapitalis.com\/tunisie\/#organization\",\"name\":\"Kapitalis\",\"url\":\"https:\/\/kapitalis.com\/tunisie\/\",\"logo\":{\"@type\":\"ImageObject\",\"inLanguage\":\"fr-FR\",\"@id\":\"https:\/\/kapitalis.com\/tunisie\/#\/schema\/logo\/image\/\",\"url\":\"https:\/\/kapitalis.com\/tunisie\/wp-content\/uploads\/2022\/05\/Kapitalis-big-size.png\",\"contentUrl\":\"https:\/\/kapitalis.com\/tunisie\/wp-content\/uploads\/2022\/05\/Kapitalis-big-size.png\",\"width\":5000,\"height\":1500,\"caption\":\"Kapitalis\"},\"image\":{\"@id\":\"https:\/\/kapitalis.com\/tunisie\/#\/schema\/logo\/image\/\"},\"sameAs\":[\"https:\/\/www.facebook.com\/KapitalisInfo\/\",\"https:\/\/x.com\/KapitalisInfo\",\"https:\/\/www.youtube.com\/channel\/UC-yDYrHyfFBWWZaOw3FPg9Q\"]},{\"@type\":\"Person\",\"@id\":\"https:\/\/kapitalis.com\/tunisie\/#\/schema\/person\/d71f33a9ca44f7bad4698210b480c8e9\",\"name\":\"webmaster kapitalis\",\"url\":\"https:\/\/kapitalis.com\/tunisie\/author\/webmaster-kapitalis\/\"}]}<\/script>\n<!-- \/ Yoast SEO plugin. -->","yoast_head_json":{"title":"ASL : La loi sur l\u2019\u00e9tat d\u2019urgence restreint les droits et libert\u00e9s citoyennes - Kapitalis","robots":{"index":"index","follow":"follow","max-snippet":"max-snippet:-1","max-image-preview":"max-image-preview:large","max-video-preview":"max-video-preview:-1"},"canonical":"https:\/\/kapitalis.com\/tunisie\/2019\/03\/16\/asl-la-loi-sur-letat-durgence-restreint-les-droits-et-libertes-citoyennes\/","og_locale":"fr_FR","og_type":"article","og_title":"ASL : La loi sur l\u2019\u00e9tat d\u2019urgence restreint les droits et libert\u00e9s citoyennes - Kapitalis","og_description":"Selon l\u2019Alliance pour la s\u00e9curit\u00e9 et les libert\u00e9s (ASL), le projet de loi organique portant organisation de l\u2019\u00e9tat d\u2019urgence propos\u00e9 par le pr\u00e9sident de la r\u00e9publique est un instrument qui d\u00e9roge aux droits et libert\u00e9s et qui rase les garanties constitutionnelles et conventionnelles.","og_url":"https:\/\/kapitalis.com\/tunisie\/2019\/03\/16\/asl-la-loi-sur-letat-durgence-restreint-les-droits-et-libertes-citoyennes\/","og_site_name":"Kapitalis","article_publisher":"https:\/\/www.facebook.com\/KapitalisInfo\/","article_published_time":"2019-03-16T07:26:29+00:00","article_modified_time":"2019-03-16T07:28:47+00:00","og_image":[{"width":1200,"height":630,"url":"https:\/\/kapitalis.com\/tunisie\/wp-content\/uploads\/2022\/05\/kapitalis-logo-fb.png","type":"image\/png"}],"author":"webmaster kapitalis","twitter_card":"summary_large_image","twitter_creator":"@KapitalisInfo","twitter_site":"@KapitalisInfo","twitter_misc":{"\u00c9crit par":"webmaster kapitalis","Dur\u00e9e de lecture estim\u00e9e":"4 minutes"},"schema":{"@context":"https:\/\/schema.org","@graph":[{"@type":"Article","@id":"https:\/\/kapitalis.com\/tunisie\/2019\/03\/16\/asl-la-loi-sur-letat-durgence-restreint-les-droits-et-libertes-citoyennes\/#article","isPartOf":{"@id":"https:\/\/kapitalis.com\/tunisie\/2019\/03\/16\/asl-la-loi-sur-letat-durgence-restreint-les-droits-et-libertes-citoyennes\/"},"author":{"name":"webmaster kapitalis","@id":"https:\/\/kapitalis.com\/tunisie\/#\/schema\/person\/d71f33a9ca44f7bad4698210b480c8e9"},"headline":"ASL : La loi sur l\u2019\u00e9tat d\u2019urgence restreint les droits et libert\u00e9s citoyennes","datePublished":"2019-03-16T07:26:29+00:00","dateModified":"2019-03-16T07:28:47+00:00","mainEntityOfPage":{"@id":"https:\/\/kapitalis.com\/tunisie\/2019\/03\/16\/asl-la-loi-sur-letat-durgence-restreint-les-droits-et-libertes-citoyennes\/"},"wordCount":806,"commentCount":6,"publisher":{"@id":"https:\/\/kapitalis.com\/tunisie\/#organization"},"image":{"@id":"https:\/\/kapitalis.com\/tunisie\/2019\/03\/16\/asl-la-loi-sur-letat-durgence-restreint-les-droits-et-libertes-citoyennes\/#primaryimage"},"thumbnailUrl":"","keywords":["\u00e9tat d'urgence"],"articleSection":["POLITIQUE","Tunisie"],"inLanguage":"fr-FR","potentialAction":[{"@type":"CommentAction","name":"Comment","target":["https:\/\/kapitalis.com\/tunisie\/2019\/03\/16\/asl-la-loi-sur-letat-durgence-restreint-les-droits-et-libertes-citoyennes\/#respond"]}]},{"@type":"WebPage","@id":"https:\/\/kapitalis.com\/tunisie\/2019\/03\/16\/asl-la-loi-sur-letat-durgence-restreint-les-droits-et-libertes-citoyennes\/","url":"https:\/\/kapitalis.com\/tunisie\/2019\/03\/16\/asl-la-loi-sur-letat-durgence-restreint-les-droits-et-libertes-citoyennes\/","name":"ASL : La loi sur l\u2019\u00e9tat d\u2019urgence restreint les droits et libert\u00e9s citoyennes - Kapitalis","isPartOf":{"@id":"https:\/\/kapitalis.com\/tunisie\/#website"},"primaryImageOfPage":{"@id":"https:\/\/kapitalis.com\/tunisie\/2019\/03\/16\/asl-la-loi-sur-letat-durgence-restreint-les-droits-et-libertes-citoyennes\/#primaryimage"},"image":{"@id":"https:\/\/kapitalis.com\/tunisie\/2019\/03\/16\/asl-la-loi-sur-letat-durgence-restreint-les-droits-et-libertes-citoyennes\/#primaryimage"},"thumbnailUrl":"","datePublished":"2019-03-16T07:26:29+00:00","dateModified":"2019-03-16T07:28:47+00:00","breadcrumb":{"@id":"https:\/\/kapitalis.com\/tunisie\/2019\/03\/16\/asl-la-loi-sur-letat-durgence-restreint-les-droits-et-libertes-citoyennes\/#breadcrumb"},"inLanguage":"fr-FR","potentialAction":[{"@type":"ReadAction","target":["https:\/\/kapitalis.com\/tunisie\/2019\/03\/16\/asl-la-loi-sur-letat-durgence-restreint-les-droits-et-libertes-citoyennes\/"]}]},{"@type":"ImageObject","inLanguage":"fr-FR","@id":"https:\/\/kapitalis.com\/tunisie\/2019\/03\/16\/asl-la-loi-sur-letat-durgence-restreint-les-droits-et-libertes-citoyennes\/#primaryimage","url":"","contentUrl":""},{"@type":"BreadcrumbList","@id":"https:\/\/kapitalis.com\/tunisie\/2019\/03\/16\/asl-la-loi-sur-letat-durgence-restreint-les-droits-et-libertes-citoyennes\/#breadcrumb","itemListElement":[{"@type":"ListItem","position":1,"name":"Accueil","item":"https:\/\/kapitalis.com\/tunisie\/"},{"@type":"ListItem","position":2,"name":"ASL : La loi sur l\u2019\u00e9tat d\u2019urgence restreint les droits et libert\u00e9s citoyennes"}]},{"@type":"WebSite","@id":"https:\/\/kapitalis.com\/tunisie\/#website","url":"https:\/\/kapitalis.com\/tunisie\/","name":"Kapitalis","description":"L&#039;actualit\u00e9 en Tunisie et dans le monde","publisher":{"@id":"https:\/\/kapitalis.com\/tunisie\/#organization"},"potentialAction":[{"@type":"SearchAction","target":{"@type":"EntryPoint","urlTemplate":"https:\/\/kapitalis.com\/tunisie\/?s={search_term_string}"},"query-input":{"@type":"PropertyValueSpecification","valueRequired":true,"valueName":"search_term_string"}}],"inLanguage":"fr-FR"},{"@type":"Organization","@id":"https:\/\/kapitalis.com\/tunisie\/#organization","name":"Kapitalis","url":"https:\/\/kapitalis.com\/tunisie\/","logo":{"@type":"ImageObject","inLanguage":"fr-FR","@id":"https:\/\/kapitalis.com\/tunisie\/#\/schema\/logo\/image\/","url":"https:\/\/kapitalis.com\/tunisie\/wp-content\/uploads\/2022\/05\/Kapitalis-big-size.png","contentUrl":"https:\/\/kapitalis.com\/tunisie\/wp-content\/uploads\/2022\/05\/Kapitalis-big-size.png","width":5000,"height":1500,"caption":"Kapitalis"},"image":{"@id":"https:\/\/kapitalis.com\/tunisie\/#\/schema\/logo\/image\/"},"sameAs":["https:\/\/www.facebook.com\/KapitalisInfo\/","https:\/\/x.com\/KapitalisInfo","https:\/\/www.youtube.com\/channel\/UC-yDYrHyfFBWWZaOw3FPg9Q"]},{"@type":"Person","@id":"https:\/\/kapitalis.com\/tunisie\/#\/schema\/person\/d71f33a9ca44f7bad4698210b480c8e9","name":"webmaster kapitalis","url":"https:\/\/kapitalis.com\/tunisie\/author\/webmaster-kapitalis\/"}]}},"_links":{"self":[{"href":"https:\/\/kapitalis.com\/tunisie\/wp-json\/wp\/v2\/posts\/202571","targetHints":{"allow":["GET"]}}],"collection":[{"href":"https:\/\/kapitalis.com\/tunisie\/wp-json\/wp\/v2\/posts"}],"about":[{"href":"https:\/\/kapitalis.com\/tunisie\/wp-json\/wp\/v2\/types\/post"}],"author":[{"embeddable":true,"href":"https:\/\/kapitalis.com\/tunisie\/wp-json\/wp\/v2\/users\/8"}],"replies":[{"embeddable":true,"href":"https:\/\/kapitalis.com\/tunisie\/wp-json\/wp\/v2\/comments?post=202571"}],"version-history":[{"count":0,"href":"https:\/\/kapitalis.com\/tunisie\/wp-json\/wp\/v2\/posts\/202571\/revisions"}],"wp:featuredmedia":[{"embeddable":true,"href":"https:\/\/kapitalis.com\/tunisie\/wp-json\/wp\/v2\/media\/202572"}],"wp:attachment":[{"href":"https:\/\/kapitalis.com\/tunisie\/wp-json\/wp\/v2\/media?parent=202571"}],"wp:term":[{"taxonomy":"category","embeddable":true,"href":"https:\/\/kapitalis.com\/tunisie\/wp-json\/wp\/v2\/categories?post=202571"},{"taxonomy":"post_tag","embeddable":true,"href":"https:\/\/kapitalis.com\/tunisie\/wp-json\/wp\/v2\/tags?post=202571"}],"curies":[{"name":"wp","href":"https:\/\/api.w.org\/{rel}","templated":true}]}}