{"id":202676,"date":"2019-03-16T20:03:25","date_gmt":"2019-03-16T19:03:25","guid":{"rendered":"http:\/\/kapitalis.com\/tunisie\/?p=202676"},"modified":"2019-03-16T21:46:52","modified_gmt":"2019-03-16T20:46:52","slug":"la-tunisie-demande-lextradition-de-belhassen-trabelsi-arrete-en-france","status":"publish","type":"post","link":"https:\/\/kapitalis.com\/tunisie\/2019\/03\/16\/la-tunisie-demande-lextradition-de-belhassen-trabelsi-arrete-en-france\/","title":{"rendered":"La Tunisie demande l&rsquo;extradition de Belhassen Trabelsi arr\u00eat\u00e9 en France"},"content":{"rendered":"<p style=\"text-align: center;\"><img loading=\"lazy\" decoding=\"async\" class=\"alignnone size-full wp-image-75077\" src=\"http:\/\/kapitalis.com\/tunisie\/wp-content\/uploads\/2016\/12\/Trabelsi-Belhassen-Arabie-saoudite.jpg\" alt=\"\" width=\"626\" height=\"380\" \/><\/p>\n<p><em><strong>Aussit\u00f4t appris l&rsquo;arrestation de Belhassen\u00a0Trabelsi,\u00a0le beau-fr\u00e8re de\u00a0l&rsquo;ancien pr\u00e9sident Zine El Abidine Ben Ali, mercredi dernier, 13 mars 2019, \u00e0 Marseille, les autorit\u00e9s tunisiennes ont demand\u00e9 officiellement son extradition.\u00a0<\/strong><\/em><\/p>\n<p><!--more--><\/p>\n<p>Belhassen Trabeli,\u00a0qui \u00e9tait en fuite\u00a0depuis le 14 janvier 2011 et\u00a0qui a s\u00e9journ\u00e9 longtemps au Canada, avant de la\u00a0quitter \u00e0 la demande des autorit\u00e9s judiciaires pour une destination inconnue, est depuis jeudi, en d\u00e9tention \u00e0 la prison des Beaumettes.<\/p>\n<p>Inform\u00e9es jeudi de son arrestation, les autorit\u00e9s judiciaires tunisiennes ont aussit\u00f4t demand\u00e9 son extradition.<\/p>\n<p>Belhassen Trabelsi est le fr\u00e8re de Leila Trabelsi, l&rsquo;\u00e9pouse de l&rsquo;ancien pr\u00e9sident, en fuite eux aussi depuis le 4 janvier 2011, en Arabie saoudite. Ses soci\u00e9t\u00e9s et ses avoirs en Tunisie ont \u00e9t\u00e9 confisqu\u00e9s et il est poursuivi dans plusieurs affaires de corruption.<\/p>\n<p>Rappelons\u00a0qu&rsquo;un autre proche de Ben Ali, Moncef Materi, le p\u00e8re de Sakher El Materi, ex-gendre de l&rsquo;ancien couple pr\u00e9sidentiel, a \u00e9t\u00e9 arr\u00eat\u00e9, lui aussi, \u00e0 Marseille, en juin 2017, et les autorit\u00e9s judiciaires fran\u00e7aises ont rejet\u00e9, en f\u00e9vrier 2018, la demande de son extradition par les autorit\u00e9s tunisiennes.<\/p>\n<p style=\"text-align: right;\"><strong>I. B.<\/strong><\/p>\n<blockquote class=\"wp-embedded-content\" data-secret=\"YveIjNpoCr\"><p><a href=\"https:\/\/kapitalis.com\/tunisie\/2019\/03\/16\/la-tunisie-demande-lextradition-de-belhassen-trabelsi-arrete-en-france\/\">La Tunisie demande l&rsquo;extradition de Belhassen Trabelsi arr\u00eat\u00e9 en France<\/a><\/p><\/blockquote>\n<p><iframe loading=\"lazy\" class=\"wp-embedded-content\" sandbox=\"allow-scripts\" security=\"restricted\" style=\"position: absolute; clip: rect(1px, 1px, 1px, 1px);\" title=\"\u00ab\u00a0La Tunisie demande l&rsquo;extradition de Belhassen Trabelsi arr\u00eat\u00e9 en France\u00a0\u00bb &#8212; Kapitalis\" src=\"https:\/\/kapitalis.com\/tunisie\/2019\/03\/16\/la-tunisie-demande-lextradition-de-belhassen-trabelsi-arrete-en-france\/embed\/#?secret=uOcKtLPljB#?secret=YveIjNpoCr\" data-secret=\"YveIjNpoCr\" width=\"600\" height=\"338\" frameborder=\"0\" marginwidth=\"0\" marginheight=\"0\" scrolling=\"no\"><\/iframe><\/p>\n<p>&nbsp;<\/p>\n","protected":false},"excerpt":{"rendered":"<p>Aussit\u00f4t appris l&rsquo;arrestation de Belhassen\u00a0Trabelsi,\u00a0le beau-fr\u00e8re de\u00a0l&rsquo;ancien pr\u00e9sident Zine El Abidine Ben Ali, mercredi dernier, 13 mars 2019, \u00e0 Marseille, les autorit\u00e9s tunisiennes ont demand\u00e9 officiellement son extradition.\u00a0<\/p>\n","protected":false},"author":8,"featured_media":0,"comment_status":"open","ping_status":"open","sticky":false,"template":"","format":"standard","meta":{"footnotes":""},"categories":[997,2433],"tags":[1791,6507,13830,7334],"class_list":["post-202676","post","type-post","status-publish","format-standard","hentry","category-politique","category-tunisie","tag-belhassen-trabelsi","tag-leila-trabelsi","tag-sakher-el-materi","tag-zine-el-abidine-ben-ali"],"yoast_head":"<!-- This site is optimized with the Yoast SEO plugin v26.6 - https:\/\/yoast.com\/wordpress\/plugins\/seo\/ -->\n<title>La Tunisie demande l&#039;extradition de Belhassen Trabelsi arr\u00eat\u00e9 en France - Kapitalis<\/title>\n<meta name=\"robots\" content=\"index, follow, max-snippet:-1, max-image-preview:large, max-video-preview:-1\" \/>\n<link rel=\"canonical\" href=\"https:\/\/kapitalis.com\/tunisie\/2019\/03\/16\/la-tunisie-demande-lextradition-de-belhassen-trabelsi-arrete-en-france\/\" \/>\n<meta property=\"og:locale\" content=\"fr_FR\" \/>\n<meta property=\"og:type\" content=\"article\" \/>\n<meta property=\"og:title\" content=\"La Tunisie demande l&#039;extradition de Belhassen Trabelsi arr\u00eat\u00e9 en France - Kapitalis\" \/>\n<meta property=\"og:description\" content=\"Aussit\u00f4t appris l&rsquo;arrestation de Belhassen\u00a0Trabelsi,\u00a0le beau-fr\u00e8re de\u00a0l&rsquo;ancien pr\u00e9sident Zine El Abidine Ben Ali, mercredi dernier, 13 mars 2019, \u00e0 Marseille, les autorit\u00e9s tunisiennes ont demand\u00e9 officiellement son extradition.\u00a0\" \/>\n<meta property=\"og:url\" content=\"https:\/\/kapitalis.com\/tunisie\/2019\/03\/16\/la-tunisie-demande-lextradition-de-belhassen-trabelsi-arrete-en-france\/\" \/>\n<meta property=\"og:site_name\" content=\"Kapitalis\" \/>\n<meta property=\"article:publisher\" content=\"https:\/\/www.facebook.com\/KapitalisInfo\/\" \/>\n<meta property=\"article:published_time\" content=\"2019-03-16T19:03:25+00:00\" \/>\n<meta property=\"article:modified_time\" content=\"2019-03-16T20:46:52+00:00\" \/>\n<meta property=\"og:image\" content=\"http:\/\/kapitalis.com\/tunisie\/wp-content\/uploads\/2016\/12\/Trabelsi-Belhassen-Arabie-saoudite.jpg\" \/>\n<meta name=\"author\" content=\"webmaster kapitalis\" \/>\n<meta name=\"twitter:card\" content=\"summary_large_image\" \/>\n<meta name=\"twitter:creator\" content=\"@KapitalisInfo\" \/>\n<meta name=\"twitter:site\" content=\"@KapitalisInfo\" \/>\n<meta name=\"twitter:label1\" content=\"\u00c9crit par\" \/>\n\t<meta name=\"twitter:data1\" content=\"webmaster kapitalis\" \/>\n\t<meta name=\"twitter:label2\" content=\"Dur\u00e9e de lecture estim\u00e9e\" \/>\n\t<meta name=\"twitter:data2\" content=\"1 minute\" \/>\n<script type=\"application\/ld+json\" class=\"yoast-schema-graph\">{\"@context\":\"https:\/\/schema.org\",\"@graph\":[{\"@type\":\"Article\",\"@id\":\"https:\/\/kapitalis.com\/tunisie\/2019\/03\/16\/la-tunisie-demande-lextradition-de-belhassen-trabelsi-arrete-en-france\/#article\",\"isPartOf\":{\"@id\":\"https:\/\/kapitalis.com\/tunisie\/2019\/03\/16\/la-tunisie-demande-lextradition-de-belhassen-trabelsi-arrete-en-france\/\"},\"author\":{\"name\":\"webmaster kapitalis\",\"@id\":\"https:\/\/kapitalis.com\/tunisie\/#\/schema\/person\/d71f33a9ca44f7bad4698210b480c8e9\"},\"headline\":\"La Tunisie demande l&rsquo;extradition de Belhassen Trabelsi arr\u00eat\u00e9 en France\",\"datePublished\":\"2019-03-16T19:03:25+00:00\",\"dateModified\":\"2019-03-16T20:46:52+00:00\",\"mainEntityOfPage\":{\"@id\":\"https:\/\/kapitalis.com\/tunisie\/2019\/03\/16\/la-tunisie-demande-lextradition-de-belhassen-trabelsi-arrete-en-france\/\"},\"wordCount\":209,\"commentCount\":0,\"publisher\":{\"@id\":\"https:\/\/kapitalis.com\/tunisie\/#organization\"},\"image\":{\"@id\":\"https:\/\/kapitalis.com\/tunisie\/2019\/03\/16\/la-tunisie-demande-lextradition-de-belhassen-trabelsi-arrete-en-france\/#primaryimage\"},\"thumbnailUrl\":\"http:\/\/kapitalis.com\/tunisie\/wp-content\/uploads\/2016\/12\/Trabelsi-Belhassen-Arabie-saoudite.jpg\",\"keywords\":[\"Belhassen Trabelsi\",\"Leila Trabelsi\",\"Sakher El-Materi\",\"Zine El Abidine Ben Ali\"],\"articleSection\":[\"POLITIQUE\",\"Tunisie\"],\"inLanguage\":\"fr-FR\",\"potentialAction\":[{\"@type\":\"CommentAction\",\"name\":\"Comment\",\"target\":[\"https:\/\/kapitalis.com\/tunisie\/2019\/03\/16\/la-tunisie-demande-lextradition-de-belhassen-trabelsi-arrete-en-france\/#respond\"]}]},{\"@type\":\"WebPage\",\"@id\":\"https:\/\/kapitalis.com\/tunisie\/2019\/03\/16\/la-tunisie-demande-lextradition-de-belhassen-trabelsi-arrete-en-france\/\",\"url\":\"https:\/\/kapitalis.com\/tunisie\/2019\/03\/16\/la-tunisie-demande-lextradition-de-belhassen-trabelsi-arrete-en-france\/\",\"name\":\"La Tunisie demande l'extradition de Belhassen Trabelsi arr\u00eat\u00e9 en France - Kapitalis\",\"isPartOf\":{\"@id\":\"https:\/\/kapitalis.com\/tunisie\/#website\"},\"primaryImageOfPage\":{\"@id\":\"https:\/\/kapitalis.com\/tunisie\/2019\/03\/16\/la-tunisie-demande-lextradition-de-belhassen-trabelsi-arrete-en-france\/#primaryimage\"},\"image\":{\"@id\":\"https:\/\/kapitalis.com\/tunisie\/2019\/03\/16\/la-tunisie-demande-lextradition-de-belhassen-trabelsi-arrete-en-france\/#primaryimage\"},\"thumbnailUrl\":\"http:\/\/kapitalis.com\/tunisie\/wp-content\/uploads\/2016\/12\/Trabelsi-Belhassen-Arabie-saoudite.jpg\",\"datePublished\":\"2019-03-16T19:03:25+00:00\",\"dateModified\":\"2019-03-16T20:46:52+00:00\",\"breadcrumb\":{\"@id\":\"https:\/\/kapitalis.com\/tunisie\/2019\/03\/16\/la-tunisie-demande-lextradition-de-belhassen-trabelsi-arrete-en-france\/#breadcrumb\"},\"inLanguage\":\"fr-FR\",\"potentialAction\":[{\"@type\":\"ReadAction\",\"target\":[\"https:\/\/kapitalis.com\/tunisie\/2019\/03\/16\/la-tunisie-demande-lextradition-de-belhassen-trabelsi-arrete-en-france\/\"]}]},{\"@type\":\"ImageObject\",\"inLanguage\":\"fr-FR\",\"@id\":\"https:\/\/kapitalis.com\/tunisie\/2019\/03\/16\/la-tunisie-demande-lextradition-de-belhassen-trabelsi-arrete-en-france\/#primaryimage\",\"url\":\"http:\/\/kapitalis.com\/tunisie\/wp-content\/uploads\/2016\/12\/Trabelsi-Belhassen-Arabie-saoudite.jpg\",\"contentUrl\":\"http:\/\/kapitalis.com\/tunisie\/wp-content\/uploads\/2016\/12\/Trabelsi-Belhassen-Arabie-saoudite.jpg\"},{\"@type\":\"BreadcrumbList\",\"@id\":\"https:\/\/kapitalis.com\/tunisie\/2019\/03\/16\/la-tunisie-demande-lextradition-de-belhassen-trabelsi-arrete-en-france\/#breadcrumb\",\"itemListElement\":[{\"@type\":\"ListItem\",\"position\":1,\"name\":\"Accueil\",\"item\":\"https:\/\/kapitalis.com\/tunisie\/\"},{\"@type\":\"ListItem\",\"position\":2,\"name\":\"La Tunisie demande l&rsquo;extradition de Belhassen Trabelsi arr\u00eat\u00e9 en France\"}]},{\"@type\":\"WebSite\",\"@id\":\"https:\/\/kapitalis.com\/tunisie\/#website\",\"url\":\"https:\/\/kapitalis.com\/tunisie\/\",\"name\":\"Kapitalis\",\"description\":\"L&#039;actualit\u00e9 en Tunisie et dans le monde\",\"publisher\":{\"@id\":\"https:\/\/kapitalis.com\/tunisie\/#organization\"},\"potentialAction\":[{\"@type\":\"SearchAction\",\"target\":{\"@type\":\"EntryPoint\",\"urlTemplate\":\"https:\/\/kapitalis.com\/tunisie\/?s={search_term_string}\"},\"query-input\":{\"@type\":\"PropertyValueSpecification\",\"valueRequired\":true,\"valueName\":\"search_term_string\"}}],\"inLanguage\":\"fr-FR\"},{\"@type\":\"Organization\",\"@id\":\"https:\/\/kapitalis.com\/tunisie\/#organization\",\"name\":\"Kapitalis\",\"url\":\"https:\/\/kapitalis.com\/tunisie\/\",\"logo\":{\"@type\":\"ImageObject\",\"inLanguage\":\"fr-FR\",\"@id\":\"https:\/\/kapitalis.com\/tunisie\/#\/schema\/logo\/image\/\",\"url\":\"https:\/\/kapitalis.com\/tunisie\/wp-content\/uploads\/2022\/05\/Kapitalis-big-size.png\",\"contentUrl\":\"https:\/\/kapitalis.com\/tunisie\/wp-content\/uploads\/2022\/05\/Kapitalis-big-size.png\",\"width\":5000,\"height\":1500,\"caption\":\"Kapitalis\"},\"image\":{\"@id\":\"https:\/\/kapitalis.com\/tunisie\/#\/schema\/logo\/image\/\"},\"sameAs\":[\"https:\/\/www.facebook.com\/KapitalisInfo\/\",\"https:\/\/x.com\/KapitalisInfo\",\"https:\/\/www.youtube.com\/channel\/UC-yDYrHyfFBWWZaOw3FPg9Q\"]},{\"@type\":\"Person\",\"@id\":\"https:\/\/kapitalis.com\/tunisie\/#\/schema\/person\/d71f33a9ca44f7bad4698210b480c8e9\",\"name\":\"webmaster kapitalis\",\"url\":\"https:\/\/kapitalis.com\/tunisie\/author\/webmaster-kapitalis\/\"}]}<\/script>\n<!-- \/ Yoast SEO plugin. -->","yoast_head_json":{"title":"La Tunisie demande l'extradition de Belhassen Trabelsi arr\u00eat\u00e9 en France - Kapitalis","robots":{"index":"index","follow":"follow","max-snippet":"max-snippet:-1","max-image-preview":"max-image-preview:large","max-video-preview":"max-video-preview:-1"},"canonical":"https:\/\/kapitalis.com\/tunisie\/2019\/03\/16\/la-tunisie-demande-lextradition-de-belhassen-trabelsi-arrete-en-france\/","og_locale":"fr_FR","og_type":"article","og_title":"La Tunisie demande l'extradition de Belhassen Trabelsi arr\u00eat\u00e9 en France - Kapitalis","og_description":"Aussit\u00f4t appris l&rsquo;arrestation de Belhassen\u00a0Trabelsi,\u00a0le beau-fr\u00e8re de\u00a0l&rsquo;ancien pr\u00e9sident Zine El Abidine Ben Ali, mercredi dernier, 13 mars 2019, \u00e0 Marseille, les autorit\u00e9s tunisiennes ont demand\u00e9 officiellement son extradition.\u00a0","og_url":"https:\/\/kapitalis.com\/tunisie\/2019\/03\/16\/la-tunisie-demande-lextradition-de-belhassen-trabelsi-arrete-en-france\/","og_site_name":"Kapitalis","article_publisher":"https:\/\/www.facebook.com\/KapitalisInfo\/","article_published_time":"2019-03-16T19:03:25+00:00","article_modified_time":"2019-03-16T20:46:52+00:00","og_image":[{"url":"http:\/\/kapitalis.com\/tunisie\/wp-content\/uploads\/2016\/12\/Trabelsi-Belhassen-Arabie-saoudite.jpg","type":"","width":"","height":""}],"author":"webmaster kapitalis","twitter_card":"summary_large_image","twitter_creator":"@KapitalisInfo","twitter_site":"@KapitalisInfo","twitter_misc":{"\u00c9crit par":"webmaster kapitalis","Dur\u00e9e de lecture estim\u00e9e":"1 minute"},"schema":{"@context":"https:\/\/schema.org","@graph":[{"@type":"Article","@id":"https:\/\/kapitalis.com\/tunisie\/2019\/03\/16\/la-tunisie-demande-lextradition-de-belhassen-trabelsi-arrete-en-france\/#article","isPartOf":{"@id":"https:\/\/kapitalis.com\/tunisie\/2019\/03\/16\/la-tunisie-demande-lextradition-de-belhassen-trabelsi-arrete-en-france\/"},"author":{"name":"webmaster kapitalis","@id":"https:\/\/kapitalis.com\/tunisie\/#\/schema\/person\/d71f33a9ca44f7bad4698210b480c8e9"},"headline":"La Tunisie demande l&rsquo;extradition de Belhassen Trabelsi arr\u00eat\u00e9 en France","datePublished":"2019-03-16T19:03:25+00:00","dateModified":"2019-03-16T20:46:52+00:00","mainEntityOfPage":{"@id":"https:\/\/kapitalis.com\/tunisie\/2019\/03\/16\/la-tunisie-demande-lextradition-de-belhassen-trabelsi-arrete-en-france\/"},"wordCount":209,"commentCount":0,"publisher":{"@id":"https:\/\/kapitalis.com\/tunisie\/#organization"},"image":{"@id":"https:\/\/kapitalis.com\/tunisie\/2019\/03\/16\/la-tunisie-demande-lextradition-de-belhassen-trabelsi-arrete-en-france\/#primaryimage"},"thumbnailUrl":"http:\/\/kapitalis.com\/tunisie\/wp-content\/uploads\/2016\/12\/Trabelsi-Belhassen-Arabie-saoudite.jpg","keywords":["Belhassen Trabelsi","Leila Trabelsi","Sakher El-Materi","Zine El Abidine Ben Ali"],"articleSection":["POLITIQUE","Tunisie"],"inLanguage":"fr-FR","potentialAction":[{"@type":"CommentAction","name":"Comment","target":["https:\/\/kapitalis.com\/tunisie\/2019\/03\/16\/la-tunisie-demande-lextradition-de-belhassen-trabelsi-arrete-en-france\/#respond"]}]},{"@type":"WebPage","@id":"https:\/\/kapitalis.com\/tunisie\/2019\/03\/16\/la-tunisie-demande-lextradition-de-belhassen-trabelsi-arrete-en-france\/","url":"https:\/\/kapitalis.com\/tunisie\/2019\/03\/16\/la-tunisie-demande-lextradition-de-belhassen-trabelsi-arrete-en-france\/","name":"La Tunisie demande l'extradition de Belhassen Trabelsi arr\u00eat\u00e9 en France - Kapitalis","isPartOf":{"@id":"https:\/\/kapitalis.com\/tunisie\/#website"},"primaryImageOfPage":{"@id":"https:\/\/kapitalis.com\/tunisie\/2019\/03\/16\/la-tunisie-demande-lextradition-de-belhassen-trabelsi-arrete-en-france\/#primaryimage"},"image":{"@id":"https:\/\/kapitalis.com\/tunisie\/2019\/03\/16\/la-tunisie-demande-lextradition-de-belhassen-trabelsi-arrete-en-france\/#primaryimage"},"thumbnailUrl":"http:\/\/kapitalis.com\/tunisie\/wp-content\/uploads\/2016\/12\/Trabelsi-Belhassen-Arabie-saoudite.jpg","datePublished":"2019-03-16T19:03:25+00:00","dateModified":"2019-03-16T20:46:52+00:00","breadcrumb":{"@id":"https:\/\/kapitalis.com\/tunisie\/2019\/03\/16\/la-tunisie-demande-lextradition-de-belhassen-trabelsi-arrete-en-france\/#breadcrumb"},"inLanguage":"fr-FR","potentialAction":[{"@type":"ReadAction","target":["https:\/\/kapitalis.com\/tunisie\/2019\/03\/16\/la-tunisie-demande-lextradition-de-belhassen-trabelsi-arrete-en-france\/"]}]},{"@type":"ImageObject","inLanguage":"fr-FR","@id":"https:\/\/kapitalis.com\/tunisie\/2019\/03\/16\/la-tunisie-demande-lextradition-de-belhassen-trabelsi-arrete-en-france\/#primaryimage","url":"http:\/\/kapitalis.com\/tunisie\/wp-content\/uploads\/2016\/12\/Trabelsi-Belhassen-Arabie-saoudite.jpg","contentUrl":"http:\/\/kapitalis.com\/tunisie\/wp-content\/uploads\/2016\/12\/Trabelsi-Belhassen-Arabie-saoudite.jpg"},{"@type":"BreadcrumbList","@id":"https:\/\/kapitalis.com\/tunisie\/2019\/03\/16\/la-tunisie-demande-lextradition-de-belhassen-trabelsi-arrete-en-france\/#breadcrumb","itemListElement":[{"@type":"ListItem","position":1,"name":"Accueil","item":"https:\/\/kapitalis.com\/tunisie\/"},{"@type":"ListItem","position":2,"name":"La Tunisie demande l&rsquo;extradition de Belhassen Trabelsi arr\u00eat\u00e9 en France"}]},{"@type":"WebSite","@id":"https:\/\/kapitalis.com\/tunisie\/#website","url":"https:\/\/kapitalis.com\/tunisie\/","name":"Kapitalis","description":"L&#039;actualit\u00e9 en Tunisie et dans le monde","publisher":{"@id":"https:\/\/kapitalis.com\/tunisie\/#organization"},"potentialAction":[{"@type":"SearchAction","target":{"@type":"EntryPoint","urlTemplate":"https:\/\/kapitalis.com\/tunisie\/?s={search_term_string}"},"query-input":{"@type":"PropertyValueSpecification","valueRequired":true,"valueName":"search_term_string"}}],"inLanguage":"fr-FR"},{"@type":"Organization","@id":"https:\/\/kapitalis.com\/tunisie\/#organization","name":"Kapitalis","url":"https:\/\/kapitalis.com\/tunisie\/","logo":{"@type":"ImageObject","inLanguage":"fr-FR","@id":"https:\/\/kapitalis.com\/tunisie\/#\/schema\/logo\/image\/","url":"https:\/\/kapitalis.com\/tunisie\/wp-content\/uploads\/2022\/05\/Kapitalis-big-size.png","contentUrl":"https:\/\/kapitalis.com\/tunisie\/wp-content\/uploads\/2022\/05\/Kapitalis-big-size.png","width":5000,"height":1500,"caption":"Kapitalis"},"image":{"@id":"https:\/\/kapitalis.com\/tunisie\/#\/schema\/logo\/image\/"},"sameAs":["https:\/\/www.facebook.com\/KapitalisInfo\/","https:\/\/x.com\/KapitalisInfo","https:\/\/www.youtube.com\/channel\/UC-yDYrHyfFBWWZaOw3FPg9Q"]},{"@type":"Person","@id":"https:\/\/kapitalis.com\/tunisie\/#\/schema\/person\/d71f33a9ca44f7bad4698210b480c8e9","name":"webmaster kapitalis","url":"https:\/\/kapitalis.com\/tunisie\/author\/webmaster-kapitalis\/"}]}},"_links":{"self":[{"href":"https:\/\/kapitalis.com\/tunisie\/wp-json\/wp\/v2\/posts\/202676","targetHints":{"allow":["GET"]}}],"collection":[{"href":"https:\/\/kapitalis.com\/tunisie\/wp-json\/wp\/v2\/posts"}],"about":[{"href":"https:\/\/kapitalis.com\/tunisie\/wp-json\/wp\/v2\/types\/post"}],"author":[{"embeddable":true,"href":"https:\/\/kapitalis.com\/tunisie\/wp-json\/wp\/v2\/users\/8"}],"replies":[{"embeddable":true,"href":"https:\/\/kapitalis.com\/tunisie\/wp-json\/wp\/v2\/comments?post=202676"}],"version-history":[{"count":0,"href":"https:\/\/kapitalis.com\/tunisie\/wp-json\/wp\/v2\/posts\/202676\/revisions"}],"wp:attachment":[{"href":"https:\/\/kapitalis.com\/tunisie\/wp-json\/wp\/v2\/media?parent=202676"}],"wp:term":[{"taxonomy":"category","embeddable":true,"href":"https:\/\/kapitalis.com\/tunisie\/wp-json\/wp\/v2\/categories?post=202676"},{"taxonomy":"post_tag","embeddable":true,"href":"https:\/\/kapitalis.com\/tunisie\/wp-json\/wp\/v2\/tags?post=202676"}],"curies":[{"name":"wp","href":"https:\/\/api.w.org\/{rel}","templated":true}]}}