{"id":20272,"date":"2015-10-19T12:20:21","date_gmt":"2015-10-19T11:20:21","guid":{"rendered":"http:\/\/kapitalis.com\/tunisie\/?p=20272"},"modified":"2015-10-19T12:50:00","modified_gmt":"2015-10-19T11:50:00","slug":"le-kulturlabor-du-goethe-institut-lance-un-appel-a-projet","status":"publish","type":"post","link":"https:\/\/kapitalis.com\/tunisie\/2015\/10\/19\/le-kulturlabor-du-goethe-institut-lance-un-appel-a-projet\/","title":{"rendered":"Le Kulturlabor du Goethe Institut lance un appel \u00e0 projet"},"content":{"rendered":"<p><img loading=\"lazy\" decoding=\"async\" class=\"alignnone size-full wp-image-20273 aligncenter\" src=\"http:\/\/kapitalis.com\/tunisie\/wp-content\/uploads\/2015\/10\/goethe.jpg\" alt=\"goethe\" width=\"626\" height=\"380\" \/><\/p>\n<p><em><strong>Le Goethe Institut de Tunis s&rsquo;appr\u00eate \u00e0 ouvrir son laboratoire culturel Kulturlabor et lance \u00e0 cet effet un appel \u00e0 projets \u00e0 tous les artistes tunisiens.<\/strong><\/em><br \/>\n<!--more--><\/p>\n<p>Les artistes tunisiens d\u00e9sireux d&rsquo;exp\u00e9rimenter le nouveau et l&rsquo;inhabituel dans leurs cr\u00e9ations, ont jusqu\u2019au 1er novembre 2015 pour envoyer leur dossier au Kulturlabor, indique un communiqu\u00e9 de presse de l&rsquo;Institut.<\/p>\n<p>A la suite d&rsquo;une \u00e9valuation g\u00e9n\u00e9rale, le comit\u00e9 du laboratoire culturel choisira les meilleurs projets qui pourront d\u00e9marrer \u00e0 partir du 1er d\u00e9cembre 2015 et se poursuivront, au plus tard, au 30 novembre 2016.<\/p>\n<p>L\u2019objectif de cette s\u00e9lection est de mettre en avant les projets les plus cr\u00e9atifs et qui r\u00e9pondent au mieux \u00e0 l&rsquo;esprit d&rsquo;exp\u00e9rimentation propos\u00e9 par Kulturlabor.<\/p>\n<p>Ce nouvel espace servira de lieu de rencontres et de r\u00e9flexions pour les artistes de diff\u00e9rentes disciplines avec pour objectif favoriser de nouvelles formes d&rsquo;\u0153uvres tout en s&rsquo;int\u00e9ressant \u00e0 l&rsquo;exp\u00e9rimentation de formats et de concepts inusit\u00e9s.<\/p>\n<p style=\"text-align: right;\"><strong>A. B. M.<\/strong> <em>(avec Tap)<\/em><\/p>\n","protected":false},"excerpt":{"rendered":"<p>Le Goethe Institut de Tunis s&rsquo;appr\u00eate \u00e0 ouvrir son laboratoire culturel Kulturlabor et lance \u00e0 cet effet un appel \u00e0 projets \u00e0 tous les artistes tunisiens.<\/p>\n","protected":false},"author":11,"featured_media":20273,"comment_status":"open","ping_status":"open","sticky":false,"template":"","format":"standard","meta":{"footnotes":""},"categories":[994,2433],"tags":[8155,2363,8153],"class_list":["post-20272","post","type-post","status-publish","format-standard","has-post-thumbnail","hentry","category-culture","category-tunisie","tag-appel-a-projets","tag-artistes","tag-goethe-institut"],"yoast_head":"<!-- This site is optimized with the Yoast SEO plugin v26.6 - https:\/\/yoast.com\/wordpress\/plugins\/seo\/ -->\n<title>Le Kulturlabor du Goethe Institut lance un appel \u00e0 projet - Kapitalis<\/title>\n<meta name=\"robots\" content=\"index, follow, max-snippet:-1, max-image-preview:large, max-video-preview:-1\" \/>\n<link rel=\"canonical\" href=\"https:\/\/kapitalis.com\/tunisie\/2015\/10\/19\/le-kulturlabor-du-goethe-institut-lance-un-appel-a-projet\/\" \/>\n<meta property=\"og:locale\" content=\"fr_FR\" \/>\n<meta property=\"og:type\" content=\"article\" \/>\n<meta property=\"og:title\" content=\"Le Kulturlabor du Goethe Institut lance un appel \u00e0 projet - Kapitalis\" \/>\n<meta property=\"og:description\" content=\"Le Goethe Institut de Tunis s&rsquo;appr\u00eate \u00e0 ouvrir son laboratoire culturel Kulturlabor et lance \u00e0 cet effet un appel \u00e0 projets \u00e0 tous les artistes tunisiens.\" \/>\n<meta property=\"og:url\" content=\"https:\/\/kapitalis.com\/tunisie\/2015\/10\/19\/le-kulturlabor-du-goethe-institut-lance-un-appel-a-projet\/\" \/>\n<meta property=\"og:site_name\" content=\"Kapitalis\" \/>\n<meta property=\"article:publisher\" content=\"https:\/\/www.facebook.com\/KapitalisInfo\/\" \/>\n<meta property=\"article:published_time\" content=\"2015-10-19T11:20:21+00:00\" \/>\n<meta property=\"article:modified_time\" content=\"2015-10-19T11:50:00+00:00\" \/>\n<meta property=\"og:image\" content=\"https:\/\/kapitalis.com\/tunisie\/wp-content\/uploads\/2022\/05\/kapitalis-logo-fb.png\" \/>\n\t<meta property=\"og:image:width\" content=\"1200\" \/>\n\t<meta property=\"og:image:height\" content=\"630\" \/>\n\t<meta property=\"og:image:type\" content=\"image\/png\" \/>\n<meta name=\"author\" content=\"benmansour3 benmansour\" \/>\n<meta name=\"twitter:card\" content=\"summary_large_image\" \/>\n<meta name=\"twitter:creator\" content=\"@KapitalisInfo\" \/>\n<meta name=\"twitter:site\" content=\"@KapitalisInfo\" \/>\n<meta name=\"twitter:label1\" content=\"\u00c9crit par\" \/>\n\t<meta name=\"twitter:data1\" content=\"benmansour3 benmansour\" \/>\n\t<meta name=\"twitter:label2\" content=\"Dur\u00e9e de lecture estim\u00e9e\" \/>\n\t<meta name=\"twitter:data2\" content=\"1 minute\" \/>\n<script type=\"application\/ld+json\" class=\"yoast-schema-graph\">{\"@context\":\"https:\/\/schema.org\",\"@graph\":[{\"@type\":\"Article\",\"@id\":\"https:\/\/kapitalis.com\/tunisie\/2015\/10\/19\/le-kulturlabor-du-goethe-institut-lance-un-appel-a-projet\/#article\",\"isPartOf\":{\"@id\":\"https:\/\/kapitalis.com\/tunisie\/2015\/10\/19\/le-kulturlabor-du-goethe-institut-lance-un-appel-a-projet\/\"},\"author\":{\"name\":\"benmansour3 benmansour\",\"@id\":\"https:\/\/kapitalis.com\/tunisie\/#\/schema\/person\/035372e645ad321edc01006468cd4c8b\"},\"headline\":\"Le Kulturlabor du Goethe Institut lance un appel \u00e0 projet\",\"datePublished\":\"2015-10-19T11:20:21+00:00\",\"dateModified\":\"2015-10-19T11:50:00+00:00\",\"mainEntityOfPage\":{\"@id\":\"https:\/\/kapitalis.com\/tunisie\/2015\/10\/19\/le-kulturlabor-du-goethe-institut-lance-un-appel-a-projet\/\"},\"wordCount\":174,\"commentCount\":0,\"publisher\":{\"@id\":\"https:\/\/kapitalis.com\/tunisie\/#organization\"},\"image\":{\"@id\":\"https:\/\/kapitalis.com\/tunisie\/2015\/10\/19\/le-kulturlabor-du-goethe-institut-lance-un-appel-a-projet\/#primaryimage\"},\"thumbnailUrl\":\"\",\"keywords\":[\"appel \u00e0 projets\",\"artistes\",\"Goethe Institut\"],\"articleSection\":[\"CULTURE\",\"Tunisie\"],\"inLanguage\":\"fr-FR\",\"potentialAction\":[{\"@type\":\"CommentAction\",\"name\":\"Comment\",\"target\":[\"https:\/\/kapitalis.com\/tunisie\/2015\/10\/19\/le-kulturlabor-du-goethe-institut-lance-un-appel-a-projet\/#respond\"]}]},{\"@type\":\"WebPage\",\"@id\":\"https:\/\/kapitalis.com\/tunisie\/2015\/10\/19\/le-kulturlabor-du-goethe-institut-lance-un-appel-a-projet\/\",\"url\":\"https:\/\/kapitalis.com\/tunisie\/2015\/10\/19\/le-kulturlabor-du-goethe-institut-lance-un-appel-a-projet\/\",\"name\":\"Le Kulturlabor du Goethe Institut lance un appel \u00e0 projet - Kapitalis\",\"isPartOf\":{\"@id\":\"https:\/\/kapitalis.com\/tunisie\/#website\"},\"primaryImageOfPage\":{\"@id\":\"https:\/\/kapitalis.com\/tunisie\/2015\/10\/19\/le-kulturlabor-du-goethe-institut-lance-un-appel-a-projet\/#primaryimage\"},\"image\":{\"@id\":\"https:\/\/kapitalis.com\/tunisie\/2015\/10\/19\/le-kulturlabor-du-goethe-institut-lance-un-appel-a-projet\/#primaryimage\"},\"thumbnailUrl\":\"\",\"datePublished\":\"2015-10-19T11:20:21+00:00\",\"dateModified\":\"2015-10-19T11:50:00+00:00\",\"breadcrumb\":{\"@id\":\"https:\/\/kapitalis.com\/tunisie\/2015\/10\/19\/le-kulturlabor-du-goethe-institut-lance-un-appel-a-projet\/#breadcrumb\"},\"inLanguage\":\"fr-FR\",\"potentialAction\":[{\"@type\":\"ReadAction\",\"target\":[\"https:\/\/kapitalis.com\/tunisie\/2015\/10\/19\/le-kulturlabor-du-goethe-institut-lance-un-appel-a-projet\/\"]}]},{\"@type\":\"ImageObject\",\"inLanguage\":\"fr-FR\",\"@id\":\"https:\/\/kapitalis.com\/tunisie\/2015\/10\/19\/le-kulturlabor-du-goethe-institut-lance-un-appel-a-projet\/#primaryimage\",\"url\":\"\",\"contentUrl\":\"\"},{\"@type\":\"BreadcrumbList\",\"@id\":\"https:\/\/kapitalis.com\/tunisie\/2015\/10\/19\/le-kulturlabor-du-goethe-institut-lance-un-appel-a-projet\/#breadcrumb\",\"itemListElement\":[{\"@type\":\"ListItem\",\"position\":1,\"name\":\"Accueil\",\"item\":\"https:\/\/kapitalis.com\/tunisie\/\"},{\"@type\":\"ListItem\",\"position\":2,\"name\":\"Le Kulturlabor du Goethe Institut lance un appel \u00e0 projet\"}]},{\"@type\":\"WebSite\",\"@id\":\"https:\/\/kapitalis.com\/tunisie\/#website\",\"url\":\"https:\/\/kapitalis.com\/tunisie\/\",\"name\":\"Kapitalis\",\"description\":\"L&#039;actualit\u00e9 en Tunisie et dans le monde\",\"publisher\":{\"@id\":\"https:\/\/kapitalis.com\/tunisie\/#organization\"},\"potentialAction\":[{\"@type\":\"SearchAction\",\"target\":{\"@type\":\"EntryPoint\",\"urlTemplate\":\"https:\/\/kapitalis.com\/tunisie\/?s={search_term_string}\"},\"query-input\":{\"@type\":\"PropertyValueSpecification\",\"valueRequired\":true,\"valueName\":\"search_term_string\"}}],\"inLanguage\":\"fr-FR\"},{\"@type\":\"Organization\",\"@id\":\"https:\/\/kapitalis.com\/tunisie\/#organization\",\"name\":\"Kapitalis\",\"url\":\"https:\/\/kapitalis.com\/tunisie\/\",\"logo\":{\"@type\":\"ImageObject\",\"inLanguage\":\"fr-FR\",\"@id\":\"https:\/\/kapitalis.com\/tunisie\/#\/schema\/logo\/image\/\",\"url\":\"https:\/\/kapitalis.com\/tunisie\/wp-content\/uploads\/2022\/05\/Kapitalis-big-size.png\",\"contentUrl\":\"https:\/\/kapitalis.com\/tunisie\/wp-content\/uploads\/2022\/05\/Kapitalis-big-size.png\",\"width\":5000,\"height\":1500,\"caption\":\"Kapitalis\"},\"image\":{\"@id\":\"https:\/\/kapitalis.com\/tunisie\/#\/schema\/logo\/image\/\"},\"sameAs\":[\"https:\/\/www.facebook.com\/KapitalisInfo\/\",\"https:\/\/x.com\/KapitalisInfo\",\"https:\/\/www.youtube.com\/channel\/UC-yDYrHyfFBWWZaOw3FPg9Q\"]},{\"@type\":\"Person\",\"@id\":\"https:\/\/kapitalis.com\/tunisie\/#\/schema\/person\/035372e645ad321edc01006468cd4c8b\",\"name\":\"benmansour3 benmansour\",\"url\":\"https:\/\/kapitalis.com\/tunisie\/author\/benmansour3\/\"}]}<\/script>\n<!-- \/ Yoast SEO plugin. -->","yoast_head_json":{"title":"Le Kulturlabor du Goethe Institut lance un appel \u00e0 projet - Kapitalis","robots":{"index":"index","follow":"follow","max-snippet":"max-snippet:-1","max-image-preview":"max-image-preview:large","max-video-preview":"max-video-preview:-1"},"canonical":"https:\/\/kapitalis.com\/tunisie\/2015\/10\/19\/le-kulturlabor-du-goethe-institut-lance-un-appel-a-projet\/","og_locale":"fr_FR","og_type":"article","og_title":"Le Kulturlabor du Goethe Institut lance un appel \u00e0 projet - Kapitalis","og_description":"Le Goethe Institut de Tunis s&rsquo;appr\u00eate \u00e0 ouvrir son laboratoire culturel Kulturlabor et lance \u00e0 cet effet un appel \u00e0 projets \u00e0 tous les artistes tunisiens.","og_url":"https:\/\/kapitalis.com\/tunisie\/2015\/10\/19\/le-kulturlabor-du-goethe-institut-lance-un-appel-a-projet\/","og_site_name":"Kapitalis","article_publisher":"https:\/\/www.facebook.com\/KapitalisInfo\/","article_published_time":"2015-10-19T11:20:21+00:00","article_modified_time":"2015-10-19T11:50:00+00:00","og_image":[{"width":1200,"height":630,"url":"https:\/\/kapitalis.com\/tunisie\/wp-content\/uploads\/2022\/05\/kapitalis-logo-fb.png","type":"image\/png"}],"author":"benmansour3 benmansour","twitter_card":"summary_large_image","twitter_creator":"@KapitalisInfo","twitter_site":"@KapitalisInfo","twitter_misc":{"\u00c9crit par":"benmansour3 benmansour","Dur\u00e9e de lecture estim\u00e9e":"1 minute"},"schema":{"@context":"https:\/\/schema.org","@graph":[{"@type":"Article","@id":"https:\/\/kapitalis.com\/tunisie\/2015\/10\/19\/le-kulturlabor-du-goethe-institut-lance-un-appel-a-projet\/#article","isPartOf":{"@id":"https:\/\/kapitalis.com\/tunisie\/2015\/10\/19\/le-kulturlabor-du-goethe-institut-lance-un-appel-a-projet\/"},"author":{"name":"benmansour3 benmansour","@id":"https:\/\/kapitalis.com\/tunisie\/#\/schema\/person\/035372e645ad321edc01006468cd4c8b"},"headline":"Le Kulturlabor du Goethe Institut lance un appel \u00e0 projet","datePublished":"2015-10-19T11:20:21+00:00","dateModified":"2015-10-19T11:50:00+00:00","mainEntityOfPage":{"@id":"https:\/\/kapitalis.com\/tunisie\/2015\/10\/19\/le-kulturlabor-du-goethe-institut-lance-un-appel-a-projet\/"},"wordCount":174,"commentCount":0,"publisher":{"@id":"https:\/\/kapitalis.com\/tunisie\/#organization"},"image":{"@id":"https:\/\/kapitalis.com\/tunisie\/2015\/10\/19\/le-kulturlabor-du-goethe-institut-lance-un-appel-a-projet\/#primaryimage"},"thumbnailUrl":"","keywords":["appel \u00e0 projets","artistes","Goethe Institut"],"articleSection":["CULTURE","Tunisie"],"inLanguage":"fr-FR","potentialAction":[{"@type":"CommentAction","name":"Comment","target":["https:\/\/kapitalis.com\/tunisie\/2015\/10\/19\/le-kulturlabor-du-goethe-institut-lance-un-appel-a-projet\/#respond"]}]},{"@type":"WebPage","@id":"https:\/\/kapitalis.com\/tunisie\/2015\/10\/19\/le-kulturlabor-du-goethe-institut-lance-un-appel-a-projet\/","url":"https:\/\/kapitalis.com\/tunisie\/2015\/10\/19\/le-kulturlabor-du-goethe-institut-lance-un-appel-a-projet\/","name":"Le Kulturlabor du Goethe Institut lance un appel \u00e0 projet - Kapitalis","isPartOf":{"@id":"https:\/\/kapitalis.com\/tunisie\/#website"},"primaryImageOfPage":{"@id":"https:\/\/kapitalis.com\/tunisie\/2015\/10\/19\/le-kulturlabor-du-goethe-institut-lance-un-appel-a-projet\/#primaryimage"},"image":{"@id":"https:\/\/kapitalis.com\/tunisie\/2015\/10\/19\/le-kulturlabor-du-goethe-institut-lance-un-appel-a-projet\/#primaryimage"},"thumbnailUrl":"","datePublished":"2015-10-19T11:20:21+00:00","dateModified":"2015-10-19T11:50:00+00:00","breadcrumb":{"@id":"https:\/\/kapitalis.com\/tunisie\/2015\/10\/19\/le-kulturlabor-du-goethe-institut-lance-un-appel-a-projet\/#breadcrumb"},"inLanguage":"fr-FR","potentialAction":[{"@type":"ReadAction","target":["https:\/\/kapitalis.com\/tunisie\/2015\/10\/19\/le-kulturlabor-du-goethe-institut-lance-un-appel-a-projet\/"]}]},{"@type":"ImageObject","inLanguage":"fr-FR","@id":"https:\/\/kapitalis.com\/tunisie\/2015\/10\/19\/le-kulturlabor-du-goethe-institut-lance-un-appel-a-projet\/#primaryimage","url":"","contentUrl":""},{"@type":"BreadcrumbList","@id":"https:\/\/kapitalis.com\/tunisie\/2015\/10\/19\/le-kulturlabor-du-goethe-institut-lance-un-appel-a-projet\/#breadcrumb","itemListElement":[{"@type":"ListItem","position":1,"name":"Accueil","item":"https:\/\/kapitalis.com\/tunisie\/"},{"@type":"ListItem","position":2,"name":"Le Kulturlabor du Goethe Institut lance un appel \u00e0 projet"}]},{"@type":"WebSite","@id":"https:\/\/kapitalis.com\/tunisie\/#website","url":"https:\/\/kapitalis.com\/tunisie\/","name":"Kapitalis","description":"L&#039;actualit\u00e9 en Tunisie et dans le monde","publisher":{"@id":"https:\/\/kapitalis.com\/tunisie\/#organization"},"potentialAction":[{"@type":"SearchAction","target":{"@type":"EntryPoint","urlTemplate":"https:\/\/kapitalis.com\/tunisie\/?s={search_term_string}"},"query-input":{"@type":"PropertyValueSpecification","valueRequired":true,"valueName":"search_term_string"}}],"inLanguage":"fr-FR"},{"@type":"Organization","@id":"https:\/\/kapitalis.com\/tunisie\/#organization","name":"Kapitalis","url":"https:\/\/kapitalis.com\/tunisie\/","logo":{"@type":"ImageObject","inLanguage":"fr-FR","@id":"https:\/\/kapitalis.com\/tunisie\/#\/schema\/logo\/image\/","url":"https:\/\/kapitalis.com\/tunisie\/wp-content\/uploads\/2022\/05\/Kapitalis-big-size.png","contentUrl":"https:\/\/kapitalis.com\/tunisie\/wp-content\/uploads\/2022\/05\/Kapitalis-big-size.png","width":5000,"height":1500,"caption":"Kapitalis"},"image":{"@id":"https:\/\/kapitalis.com\/tunisie\/#\/schema\/logo\/image\/"},"sameAs":["https:\/\/www.facebook.com\/KapitalisInfo\/","https:\/\/x.com\/KapitalisInfo","https:\/\/www.youtube.com\/channel\/UC-yDYrHyfFBWWZaOw3FPg9Q"]},{"@type":"Person","@id":"https:\/\/kapitalis.com\/tunisie\/#\/schema\/person\/035372e645ad321edc01006468cd4c8b","name":"benmansour3 benmansour","url":"https:\/\/kapitalis.com\/tunisie\/author\/benmansour3\/"}]}},"_links":{"self":[{"href":"https:\/\/kapitalis.com\/tunisie\/wp-json\/wp\/v2\/posts\/20272","targetHints":{"allow":["GET"]}}],"collection":[{"href":"https:\/\/kapitalis.com\/tunisie\/wp-json\/wp\/v2\/posts"}],"about":[{"href":"https:\/\/kapitalis.com\/tunisie\/wp-json\/wp\/v2\/types\/post"}],"author":[{"embeddable":true,"href":"https:\/\/kapitalis.com\/tunisie\/wp-json\/wp\/v2\/users\/11"}],"replies":[{"embeddable":true,"href":"https:\/\/kapitalis.com\/tunisie\/wp-json\/wp\/v2\/comments?post=20272"}],"version-history":[{"count":0,"href":"https:\/\/kapitalis.com\/tunisie\/wp-json\/wp\/v2\/posts\/20272\/revisions"}],"wp:featuredmedia":[{"embeddable":true,"href":"https:\/\/kapitalis.com\/tunisie\/wp-json\/wp\/v2\/media\/20273"}],"wp:attachment":[{"href":"https:\/\/kapitalis.com\/tunisie\/wp-json\/wp\/v2\/media?parent=20272"}],"wp:term":[{"taxonomy":"category","embeddable":true,"href":"https:\/\/kapitalis.com\/tunisie\/wp-json\/wp\/v2\/categories?post=20272"},{"taxonomy":"post_tag","embeddable":true,"href":"https:\/\/kapitalis.com\/tunisie\/wp-json\/wp\/v2\/tags?post=20272"}],"curies":[{"name":"wp","href":"https:\/\/api.w.org\/{rel}","templated":true}]}}