{"id":203059,"date":"2019-03-20T13:54:09","date_gmt":"2019-03-20T12:54:09","guid":{"rendered":"http:\/\/kapitalis.com\/tunisie\/?p=203059"},"modified":"2019-03-20T14:22:51","modified_gmt":"2019-03-20T13:22:51","slug":"kairouan-lhistoire-de-la-jeune-femme-enchainee-a-un-arbre-a-el-ala","status":"publish","type":"post","link":"https:\/\/kapitalis.com\/tunisie\/2019\/03\/20\/kairouan-lhistoire-de-la-jeune-femme-enchainee-a-un-arbre-a-el-ala\/","title":{"rendered":"Kairouan : L&rsquo;histoire de la jeune femme encha\u00een\u00e9e \u00e0 un arbre \u00e0 El-Ala"},"content":{"rendered":"<p style=\"text-align: center;\"><img loading=\"lazy\" decoding=\"async\" class=\"alignnone size-full wp-image-203063\" src=\"http:\/\/kapitalis.com\/tunisie\/wp-content\/uploads\/2019\/03\/Samia-kairouan-encha\u00een\u00e9e-arbre.jpg\" alt=\"\" width=\"626\" height=\"380\" \/><\/p>\n<p><em><strong>Samia, d\u00e9couverte lundi dernier, encha\u00een\u00e9e \u00e0 un arbre au domicile familial \u00e0 El-Ala (Kairouan), souffre de troubles psychologiques. Elle a \u00e9t\u00e9 transport\u00e9e, hier, mardi 19 mars 2019, \u00e0 l\u2019h\u00f4pital local et une enqu\u00eate a \u00e9t\u00e9 ouverte.<\/strong><\/em><!--more--><\/p>\n<p>Alert\u00e9e par le voisinage sur la situation de la jeune femme de 25 ans, la garde nationale, Ahmed Tlili Khadhraoui, d\u00e9l\u00e9gu\u00e9 de la ville, et le commissariat de la femme et de la famille, se sont rendus sur les lieux. Elle a \u00e9t\u00e9 prise en charge par les autorit\u00e9s et devra \u00eatre transport\u00e9e au\u00a0au service psychiatrique de l\u2019h\u00f4pital des Aghlabides, \u00e0 Kairouan.<\/p>\n<p>Les voisins ne s\u2019expliquent pas pourquoi on a encha\u00een\u00e9 la jeune femme, assurant qu\u2019elle n\u2019est pas agressive et qu\u2019elle sort de temps en temps faire les courses \u00e0 l\u2019\u00e9picier du coin.<\/p>\n<p style=\"text-align: center;\"><img loading=\"lazy\" decoding=\"async\" class=\"alignnone wp-image-203065\" src=\"http:\/\/kapitalis.com\/tunisie\/wp-content\/uploads\/2019\/03\/Kairouan-el-ala-samia-avec-d\u00e9l\u00e9gu\u00e9-.jpg\" alt=\"\" width=\"500\" height=\"304\" \/><\/p>\n<p>Ses parents, \u00e2g\u00e9s semblent d\u00e9pass\u00e9s et craignent que Samia sorte en leur absence. Ils ont assur\u00e9 n\u2019attacher leur fille que lorsqu\u2019ils s\u2019absentent de la maison.<\/p>\n<p>\u00ab<em>C\u2019est pour sa propre s\u00e9curit\u00e9<\/em>\u00bb, ont-ils insist\u00e9, en assurant n\u2019avoir jamais maltrait\u00e9 leur fille et qu\u2019ils ne l\u2019attachent que depuis peu\u2026<\/p>\n<p style=\"text-align: right;\"><strong>Y. N.<\/strong><\/p>\n","protected":false},"excerpt":{"rendered":"<p>Samia, d\u00e9couverte lundi dernier, encha\u00een\u00e9e \u00e0 un arbre au domicile familial \u00e0 El-Ala (Kairouan), souffre de troubles psychologiques. Elle a \u00e9t\u00e9 transport\u00e9e, hier, mardi 19 mars 2019, \u00e0 l\u2019h\u00f4pital local et une enqu\u00eate a \u00e9t\u00e9 ouverte.<\/p>\n","protected":false},"author":6,"featured_media":203063,"comment_status":"open","ping_status":"open","sticky":false,"template":"","format":"standard","meta":{"footnotes":""},"categories":[998,2433],"tags":[2313,3386],"class_list":["post-203059","post","type-post","status-publish","format-standard","has-post-thumbnail","hentry","category-societe","category-tunisie","tag-el-ala","tag-troubles-psychologiques"],"yoast_head":"<!-- This site is optimized with the Yoast SEO plugin v26.6 - https:\/\/yoast.com\/wordpress\/plugins\/seo\/ -->\n<title>Kairouan : L&#039;histoire de la jeune femme encha\u00een\u00e9e \u00e0 un arbre \u00e0 El-Ala - Kapitalis<\/title>\n<meta name=\"robots\" content=\"index, follow, max-snippet:-1, max-image-preview:large, max-video-preview:-1\" \/>\n<link rel=\"canonical\" href=\"https:\/\/kapitalis.com\/tunisie\/2019\/03\/20\/kairouan-lhistoire-de-la-jeune-femme-enchainee-a-un-arbre-a-el-ala\/\" \/>\n<meta property=\"og:locale\" content=\"fr_FR\" \/>\n<meta property=\"og:type\" content=\"article\" \/>\n<meta property=\"og:title\" content=\"Kairouan : L&#039;histoire de la jeune femme encha\u00een\u00e9e \u00e0 un arbre \u00e0 El-Ala - Kapitalis\" \/>\n<meta property=\"og:description\" content=\"Samia, d\u00e9couverte lundi dernier, encha\u00een\u00e9e \u00e0 un arbre au domicile familial \u00e0 El-Ala (Kairouan), souffre de troubles psychologiques. Elle a \u00e9t\u00e9 transport\u00e9e, hier, mardi 19 mars 2019, \u00e0 l\u2019h\u00f4pital local et une enqu\u00eate a \u00e9t\u00e9 ouverte.\" \/>\n<meta property=\"og:url\" content=\"https:\/\/kapitalis.com\/tunisie\/2019\/03\/20\/kairouan-lhistoire-de-la-jeune-femme-enchainee-a-un-arbre-a-el-ala\/\" \/>\n<meta property=\"og:site_name\" content=\"Kapitalis\" \/>\n<meta property=\"article:publisher\" content=\"https:\/\/www.facebook.com\/KapitalisInfo\/\" \/>\n<meta property=\"article:published_time\" content=\"2019-03-20T12:54:09+00:00\" \/>\n<meta property=\"article:modified_time\" content=\"2019-03-20T13:22:51+00:00\" \/>\n<meta property=\"og:image\" content=\"https:\/\/kapitalis.com\/tunisie\/wp-content\/uploads\/2022\/05\/kapitalis-logo-fb.png\" \/>\n\t<meta property=\"og:image:width\" content=\"1200\" \/>\n\t<meta property=\"og:image:height\" content=\"630\" \/>\n\t<meta property=\"og:image:type\" content=\"image\/png\" \/>\n<meta name=\"author\" content=\"Yusra NY\" \/>\n<meta name=\"twitter:card\" content=\"summary_large_image\" \/>\n<meta name=\"twitter:creator\" content=\"@KapitalisInfo\" \/>\n<meta name=\"twitter:site\" content=\"@KapitalisInfo\" \/>\n<meta name=\"twitter:label1\" content=\"\u00c9crit par\" \/>\n\t<meta name=\"twitter:data1\" content=\"Yusra NY\" \/>\n\t<meta name=\"twitter:label2\" content=\"Dur\u00e9e de lecture estim\u00e9e\" \/>\n\t<meta name=\"twitter:data2\" content=\"1 minute\" \/>\n<script type=\"application\/ld+json\" class=\"yoast-schema-graph\">{\"@context\":\"https:\/\/schema.org\",\"@graph\":[{\"@type\":\"Article\",\"@id\":\"https:\/\/kapitalis.com\/tunisie\/2019\/03\/20\/kairouan-lhistoire-de-la-jeune-femme-enchainee-a-un-arbre-a-el-ala\/#article\",\"isPartOf\":{\"@id\":\"https:\/\/kapitalis.com\/tunisie\/2019\/03\/20\/kairouan-lhistoire-de-la-jeune-femme-enchainee-a-un-arbre-a-el-ala\/\"},\"author\":{\"name\":\"Yusra NY\",\"@id\":\"https:\/\/kapitalis.com\/tunisie\/#\/schema\/person\/74bbde0154d49d790a92aaeac5bc01d5\"},\"headline\":\"Kairouan : L&rsquo;histoire de la jeune femme encha\u00een\u00e9e \u00e0 un arbre \u00e0 El-Ala\",\"datePublished\":\"2019-03-20T12:54:09+00:00\",\"dateModified\":\"2019-03-20T13:22:51+00:00\",\"mainEntityOfPage\":{\"@id\":\"https:\/\/kapitalis.com\/tunisie\/2019\/03\/20\/kairouan-lhistoire-de-la-jeune-femme-enchainee-a-un-arbre-a-el-ala\/\"},\"wordCount\":213,\"commentCount\":1,\"publisher\":{\"@id\":\"https:\/\/kapitalis.com\/tunisie\/#organization\"},\"image\":{\"@id\":\"https:\/\/kapitalis.com\/tunisie\/2019\/03\/20\/kairouan-lhistoire-de-la-jeune-femme-enchainee-a-un-arbre-a-el-ala\/#primaryimage\"},\"thumbnailUrl\":\"\",\"keywords\":[\"El-Ala\",\"troubles psychologiques\"],\"articleSection\":[\"SOCIETE\",\"Tunisie\"],\"inLanguage\":\"fr-FR\",\"potentialAction\":[{\"@type\":\"CommentAction\",\"name\":\"Comment\",\"target\":[\"https:\/\/kapitalis.com\/tunisie\/2019\/03\/20\/kairouan-lhistoire-de-la-jeune-femme-enchainee-a-un-arbre-a-el-ala\/#respond\"]}]},{\"@type\":\"WebPage\",\"@id\":\"https:\/\/kapitalis.com\/tunisie\/2019\/03\/20\/kairouan-lhistoire-de-la-jeune-femme-enchainee-a-un-arbre-a-el-ala\/\",\"url\":\"https:\/\/kapitalis.com\/tunisie\/2019\/03\/20\/kairouan-lhistoire-de-la-jeune-femme-enchainee-a-un-arbre-a-el-ala\/\",\"name\":\"Kairouan : L'histoire de la jeune femme encha\u00een\u00e9e \u00e0 un arbre \u00e0 El-Ala - Kapitalis\",\"isPartOf\":{\"@id\":\"https:\/\/kapitalis.com\/tunisie\/#website\"},\"primaryImageOfPage\":{\"@id\":\"https:\/\/kapitalis.com\/tunisie\/2019\/03\/20\/kairouan-lhistoire-de-la-jeune-femme-enchainee-a-un-arbre-a-el-ala\/#primaryimage\"},\"image\":{\"@id\":\"https:\/\/kapitalis.com\/tunisie\/2019\/03\/20\/kairouan-lhistoire-de-la-jeune-femme-enchainee-a-un-arbre-a-el-ala\/#primaryimage\"},\"thumbnailUrl\":\"\",\"datePublished\":\"2019-03-20T12:54:09+00:00\",\"dateModified\":\"2019-03-20T13:22:51+00:00\",\"breadcrumb\":{\"@id\":\"https:\/\/kapitalis.com\/tunisie\/2019\/03\/20\/kairouan-lhistoire-de-la-jeune-femme-enchainee-a-un-arbre-a-el-ala\/#breadcrumb\"},\"inLanguage\":\"fr-FR\",\"potentialAction\":[{\"@type\":\"ReadAction\",\"target\":[\"https:\/\/kapitalis.com\/tunisie\/2019\/03\/20\/kairouan-lhistoire-de-la-jeune-femme-enchainee-a-un-arbre-a-el-ala\/\"]}]},{\"@type\":\"ImageObject\",\"inLanguage\":\"fr-FR\",\"@id\":\"https:\/\/kapitalis.com\/tunisie\/2019\/03\/20\/kairouan-lhistoire-de-la-jeune-femme-enchainee-a-un-arbre-a-el-ala\/#primaryimage\",\"url\":\"\",\"contentUrl\":\"\"},{\"@type\":\"BreadcrumbList\",\"@id\":\"https:\/\/kapitalis.com\/tunisie\/2019\/03\/20\/kairouan-lhistoire-de-la-jeune-femme-enchainee-a-un-arbre-a-el-ala\/#breadcrumb\",\"itemListElement\":[{\"@type\":\"ListItem\",\"position\":1,\"name\":\"Accueil\",\"item\":\"https:\/\/kapitalis.com\/tunisie\/\"},{\"@type\":\"ListItem\",\"position\":2,\"name\":\"Kairouan : L&rsquo;histoire de la jeune femme encha\u00een\u00e9e \u00e0 un arbre \u00e0 El-Ala\"}]},{\"@type\":\"WebSite\",\"@id\":\"https:\/\/kapitalis.com\/tunisie\/#website\",\"url\":\"https:\/\/kapitalis.com\/tunisie\/\",\"name\":\"Kapitalis\",\"description\":\"L&#039;actualit\u00e9 en Tunisie et dans le monde\",\"publisher\":{\"@id\":\"https:\/\/kapitalis.com\/tunisie\/#organization\"},\"potentialAction\":[{\"@type\":\"SearchAction\",\"target\":{\"@type\":\"EntryPoint\",\"urlTemplate\":\"https:\/\/kapitalis.com\/tunisie\/?s={search_term_string}\"},\"query-input\":{\"@type\":\"PropertyValueSpecification\",\"valueRequired\":true,\"valueName\":\"search_term_string\"}}],\"inLanguage\":\"fr-FR\"},{\"@type\":\"Organization\",\"@id\":\"https:\/\/kapitalis.com\/tunisie\/#organization\",\"name\":\"Kapitalis\",\"url\":\"https:\/\/kapitalis.com\/tunisie\/\",\"logo\":{\"@type\":\"ImageObject\",\"inLanguage\":\"fr-FR\",\"@id\":\"https:\/\/kapitalis.com\/tunisie\/#\/schema\/logo\/image\/\",\"url\":\"https:\/\/kapitalis.com\/tunisie\/wp-content\/uploads\/2022\/05\/Kapitalis-big-size.png\",\"contentUrl\":\"https:\/\/kapitalis.com\/tunisie\/wp-content\/uploads\/2022\/05\/Kapitalis-big-size.png\",\"width\":5000,\"height\":1500,\"caption\":\"Kapitalis\"},\"image\":{\"@id\":\"https:\/\/kapitalis.com\/tunisie\/#\/schema\/logo\/image\/\"},\"sameAs\":[\"https:\/\/www.facebook.com\/KapitalisInfo\/\",\"https:\/\/x.com\/KapitalisInfo\",\"https:\/\/www.youtube.com\/channel\/UC-yDYrHyfFBWWZaOw3FPg9Q\"]},{\"@type\":\"Person\",\"@id\":\"https:\/\/kapitalis.com\/tunisie\/#\/schema\/person\/74bbde0154d49d790a92aaeac5bc01d5\",\"name\":\"Yusra NY\",\"url\":\"https:\/\/kapitalis.com\/tunisie\/author\/yuza_adam\/\"}]}<\/script>\n<!-- \/ Yoast SEO plugin. -->","yoast_head_json":{"title":"Kairouan : L'histoire de la jeune femme encha\u00een\u00e9e \u00e0 un arbre \u00e0 El-Ala - Kapitalis","robots":{"index":"index","follow":"follow","max-snippet":"max-snippet:-1","max-image-preview":"max-image-preview:large","max-video-preview":"max-video-preview:-1"},"canonical":"https:\/\/kapitalis.com\/tunisie\/2019\/03\/20\/kairouan-lhistoire-de-la-jeune-femme-enchainee-a-un-arbre-a-el-ala\/","og_locale":"fr_FR","og_type":"article","og_title":"Kairouan : L'histoire de la jeune femme encha\u00een\u00e9e \u00e0 un arbre \u00e0 El-Ala - Kapitalis","og_description":"Samia, d\u00e9couverte lundi dernier, encha\u00een\u00e9e \u00e0 un arbre au domicile familial \u00e0 El-Ala (Kairouan), souffre de troubles psychologiques. Elle a \u00e9t\u00e9 transport\u00e9e, hier, mardi 19 mars 2019, \u00e0 l\u2019h\u00f4pital local et une enqu\u00eate a \u00e9t\u00e9 ouverte.","og_url":"https:\/\/kapitalis.com\/tunisie\/2019\/03\/20\/kairouan-lhistoire-de-la-jeune-femme-enchainee-a-un-arbre-a-el-ala\/","og_site_name":"Kapitalis","article_publisher":"https:\/\/www.facebook.com\/KapitalisInfo\/","article_published_time":"2019-03-20T12:54:09+00:00","article_modified_time":"2019-03-20T13:22:51+00:00","og_image":[{"width":1200,"height":630,"url":"https:\/\/kapitalis.com\/tunisie\/wp-content\/uploads\/2022\/05\/kapitalis-logo-fb.png","type":"image\/png"}],"author":"Yusra NY","twitter_card":"summary_large_image","twitter_creator":"@KapitalisInfo","twitter_site":"@KapitalisInfo","twitter_misc":{"\u00c9crit par":"Yusra NY","Dur\u00e9e de lecture estim\u00e9e":"1 minute"},"schema":{"@context":"https:\/\/schema.org","@graph":[{"@type":"Article","@id":"https:\/\/kapitalis.com\/tunisie\/2019\/03\/20\/kairouan-lhistoire-de-la-jeune-femme-enchainee-a-un-arbre-a-el-ala\/#article","isPartOf":{"@id":"https:\/\/kapitalis.com\/tunisie\/2019\/03\/20\/kairouan-lhistoire-de-la-jeune-femme-enchainee-a-un-arbre-a-el-ala\/"},"author":{"name":"Yusra NY","@id":"https:\/\/kapitalis.com\/tunisie\/#\/schema\/person\/74bbde0154d49d790a92aaeac5bc01d5"},"headline":"Kairouan : L&rsquo;histoire de la jeune femme encha\u00een\u00e9e \u00e0 un arbre \u00e0 El-Ala","datePublished":"2019-03-20T12:54:09+00:00","dateModified":"2019-03-20T13:22:51+00:00","mainEntityOfPage":{"@id":"https:\/\/kapitalis.com\/tunisie\/2019\/03\/20\/kairouan-lhistoire-de-la-jeune-femme-enchainee-a-un-arbre-a-el-ala\/"},"wordCount":213,"commentCount":1,"publisher":{"@id":"https:\/\/kapitalis.com\/tunisie\/#organization"},"image":{"@id":"https:\/\/kapitalis.com\/tunisie\/2019\/03\/20\/kairouan-lhistoire-de-la-jeune-femme-enchainee-a-un-arbre-a-el-ala\/#primaryimage"},"thumbnailUrl":"","keywords":["El-Ala","troubles psychologiques"],"articleSection":["SOCIETE","Tunisie"],"inLanguage":"fr-FR","potentialAction":[{"@type":"CommentAction","name":"Comment","target":["https:\/\/kapitalis.com\/tunisie\/2019\/03\/20\/kairouan-lhistoire-de-la-jeune-femme-enchainee-a-un-arbre-a-el-ala\/#respond"]}]},{"@type":"WebPage","@id":"https:\/\/kapitalis.com\/tunisie\/2019\/03\/20\/kairouan-lhistoire-de-la-jeune-femme-enchainee-a-un-arbre-a-el-ala\/","url":"https:\/\/kapitalis.com\/tunisie\/2019\/03\/20\/kairouan-lhistoire-de-la-jeune-femme-enchainee-a-un-arbre-a-el-ala\/","name":"Kairouan : L'histoire de la jeune femme encha\u00een\u00e9e \u00e0 un arbre \u00e0 El-Ala - Kapitalis","isPartOf":{"@id":"https:\/\/kapitalis.com\/tunisie\/#website"},"primaryImageOfPage":{"@id":"https:\/\/kapitalis.com\/tunisie\/2019\/03\/20\/kairouan-lhistoire-de-la-jeune-femme-enchainee-a-un-arbre-a-el-ala\/#primaryimage"},"image":{"@id":"https:\/\/kapitalis.com\/tunisie\/2019\/03\/20\/kairouan-lhistoire-de-la-jeune-femme-enchainee-a-un-arbre-a-el-ala\/#primaryimage"},"thumbnailUrl":"","datePublished":"2019-03-20T12:54:09+00:00","dateModified":"2019-03-20T13:22:51+00:00","breadcrumb":{"@id":"https:\/\/kapitalis.com\/tunisie\/2019\/03\/20\/kairouan-lhistoire-de-la-jeune-femme-enchainee-a-un-arbre-a-el-ala\/#breadcrumb"},"inLanguage":"fr-FR","potentialAction":[{"@type":"ReadAction","target":["https:\/\/kapitalis.com\/tunisie\/2019\/03\/20\/kairouan-lhistoire-de-la-jeune-femme-enchainee-a-un-arbre-a-el-ala\/"]}]},{"@type":"ImageObject","inLanguage":"fr-FR","@id":"https:\/\/kapitalis.com\/tunisie\/2019\/03\/20\/kairouan-lhistoire-de-la-jeune-femme-enchainee-a-un-arbre-a-el-ala\/#primaryimage","url":"","contentUrl":""},{"@type":"BreadcrumbList","@id":"https:\/\/kapitalis.com\/tunisie\/2019\/03\/20\/kairouan-lhistoire-de-la-jeune-femme-enchainee-a-un-arbre-a-el-ala\/#breadcrumb","itemListElement":[{"@type":"ListItem","position":1,"name":"Accueil","item":"https:\/\/kapitalis.com\/tunisie\/"},{"@type":"ListItem","position":2,"name":"Kairouan : L&rsquo;histoire de la jeune femme encha\u00een\u00e9e \u00e0 un arbre \u00e0 El-Ala"}]},{"@type":"WebSite","@id":"https:\/\/kapitalis.com\/tunisie\/#website","url":"https:\/\/kapitalis.com\/tunisie\/","name":"Kapitalis","description":"L&#039;actualit\u00e9 en Tunisie et dans le monde","publisher":{"@id":"https:\/\/kapitalis.com\/tunisie\/#organization"},"potentialAction":[{"@type":"SearchAction","target":{"@type":"EntryPoint","urlTemplate":"https:\/\/kapitalis.com\/tunisie\/?s={search_term_string}"},"query-input":{"@type":"PropertyValueSpecification","valueRequired":true,"valueName":"search_term_string"}}],"inLanguage":"fr-FR"},{"@type":"Organization","@id":"https:\/\/kapitalis.com\/tunisie\/#organization","name":"Kapitalis","url":"https:\/\/kapitalis.com\/tunisie\/","logo":{"@type":"ImageObject","inLanguage":"fr-FR","@id":"https:\/\/kapitalis.com\/tunisie\/#\/schema\/logo\/image\/","url":"https:\/\/kapitalis.com\/tunisie\/wp-content\/uploads\/2022\/05\/Kapitalis-big-size.png","contentUrl":"https:\/\/kapitalis.com\/tunisie\/wp-content\/uploads\/2022\/05\/Kapitalis-big-size.png","width":5000,"height":1500,"caption":"Kapitalis"},"image":{"@id":"https:\/\/kapitalis.com\/tunisie\/#\/schema\/logo\/image\/"},"sameAs":["https:\/\/www.facebook.com\/KapitalisInfo\/","https:\/\/x.com\/KapitalisInfo","https:\/\/www.youtube.com\/channel\/UC-yDYrHyfFBWWZaOw3FPg9Q"]},{"@type":"Person","@id":"https:\/\/kapitalis.com\/tunisie\/#\/schema\/person\/74bbde0154d49d790a92aaeac5bc01d5","name":"Yusra NY","url":"https:\/\/kapitalis.com\/tunisie\/author\/yuza_adam\/"}]}},"_links":{"self":[{"href":"https:\/\/kapitalis.com\/tunisie\/wp-json\/wp\/v2\/posts\/203059","targetHints":{"allow":["GET"]}}],"collection":[{"href":"https:\/\/kapitalis.com\/tunisie\/wp-json\/wp\/v2\/posts"}],"about":[{"href":"https:\/\/kapitalis.com\/tunisie\/wp-json\/wp\/v2\/types\/post"}],"author":[{"embeddable":true,"href":"https:\/\/kapitalis.com\/tunisie\/wp-json\/wp\/v2\/users\/6"}],"replies":[{"embeddable":true,"href":"https:\/\/kapitalis.com\/tunisie\/wp-json\/wp\/v2\/comments?post=203059"}],"version-history":[{"count":0,"href":"https:\/\/kapitalis.com\/tunisie\/wp-json\/wp\/v2\/posts\/203059\/revisions"}],"wp:featuredmedia":[{"embeddable":true,"href":"https:\/\/kapitalis.com\/tunisie\/wp-json\/wp\/v2\/media\/203063"}],"wp:attachment":[{"href":"https:\/\/kapitalis.com\/tunisie\/wp-json\/wp\/v2\/media?parent=203059"}],"wp:term":[{"taxonomy":"category","embeddable":true,"href":"https:\/\/kapitalis.com\/tunisie\/wp-json\/wp\/v2\/categories?post=203059"},{"taxonomy":"post_tag","embeddable":true,"href":"https:\/\/kapitalis.com\/tunisie\/wp-json\/wp\/v2\/tags?post=203059"}],"curies":[{"name":"wp","href":"https:\/\/api.w.org\/{rel}","templated":true}]}}