{"id":203104,"date":"2019-03-20T18:38:36","date_gmt":"2019-03-20T17:38:36","guid":{"rendered":"http:\/\/kapitalis.com\/tunisie\/?p=203104"},"modified":"2019-03-20T18:38:36","modified_gmt":"2019-03-20T17:38:36","slug":"beatrice-un-siecle-de-hejer-charf-a-laffiche-a-paris","status":"publish","type":"post","link":"https:\/\/kapitalis.com\/tunisie\/2019\/03\/20\/beatrice-un-siecle-de-hejer-charf-a-laffiche-a-paris\/","title":{"rendered":"\u2018\u2018B\u00e9atrice un si\u00e8cle\u2019\u2019, de Hejer Charf, \u00e0 l\u2019affiche \u00e0 Paris"},"content":{"rendered":"<p style=\"text-align: center;\"><img loading=\"lazy\" decoding=\"async\" class=\"alignnone size-full wp-image-203105\" src=\"http:\/\/kapitalis.com\/tunisie\/wp-content\/uploads\/2019\/03\/Beatrice-Slama-Hejer-Charf.jpg\" alt=\"\" width=\"626\" height=\"380\" \/><\/p>\n<p style=\"text-align: center;\">Bice B\u00e9atrice Slama\/<em>Hejer Charf.<\/em><\/p>\n<p><em><strong>Le documentaire canadien, \u2018\u2018B\u00e9atrice un si\u00e8cle\u2019\u2019, de la cin\u00e9aste canado-tunisienne Hejer Charf, sera \u00e0 l\u2019affiche au cin\u00e9ma Saint-Andr\u00e9 des Arts \u00e0 Paris d\u00e8s le 24 avril 2019, tous les jours \u00e0 19h.<\/strong><\/em><\/p>\n<p><!--more--><\/p>\n<p>Des d\u00e9bats auront lieu tous les mardis apr\u00e8s la projection, en pr\u00e9sence de la r\u00e9alisatrice et ses invit\u00e9.e.s.<\/p>\n<p>Le film traverse le vingti\u00e8me si\u00e8cle avec Bice B\u00e9atrice Slama, 95 ans, Tunisienne, Fran\u00e7aise, communiste, militante, f\u00e9ministe, juive, sp\u00e9cialiste de la litt\u00e9rature des femmes. Elle est r\u00e9solument politique et profond\u00e9ment litt\u00e9raire.<\/p>\n<p>Cette femme d\u2019exception, qui a travers\u00e9 activement les mouvements politiques du vingti\u00e8me si\u00e8cle, raconte le Parti communiste tunisien et la jeunesse juive et arabe qui se d\u00e9couvrait dans la fraternit\u00e9 et l\u2019amour; sa lutte pour l\u2019ind\u00e9pendance de la Tunisie, le d\u00e9part forc\u00e9 des juifs, Mai 68, l\u2019aventure de l\u2019universit\u00e9 de Vincennes. L\u2019amour, le d\u00e9sir, la sexualit\u00e9 selon Colette, Simone de Beauvoir, Marguerite Duras sont longuement \u00e9voqu\u00e9s et demeurent d\u2019une actualit\u00e9 br\u00fblante.<\/p>\n<p>L\u2019histoire du f\u00e9minisme est dite avec les mots de Christine de Pizan et Hubertine Auclert et par les \u0153uvres des femmes dans le cin\u00e9ma, la photographie, la peinture \u00e0 travers les si\u00e8cles. B\u00e9atrice, une vie d\u2019engagement et de savoir.<\/p>\n<p>Hejer Charf est r\u00e9alisatrice et productrice canadienne d\u2019origine tunisienne. Elle a r\u00e9alis\u00e9 plusieurs courts et moyens m\u00e9trages, des installations visuelles et des documentaires. Son long m\u00e9trage<em> \u2018\u2018Les Passeurs\u2019\u2019<\/em> a re\u00e7u le Sceau de la Paix de la ville de Florence, Italie. <em>\u2018\u2018Autour de Ma\u00efr\u2019\u2019<\/em> est sorti en salle \u00e0 Paris en 2016. Elle a produit <em>\u2018\u2018Victoria\u2019\u2019<\/em>, une fiction \u00e9crite, r\u00e9alis\u00e9e et interpr\u00e9t\u00e9e par Anna Karina. Elle a produit les concerts d\u2019Anna Karina et Philippe Katerine au Qu\u00e9bec.<\/p>\n<p>La c\u00e9l\u00e8bre metteuse en sc\u00e8ne de th\u00e9\u00e2tre Ariane Mnouchkine a dit \u00e0 propos de<em> \u2018\u2018B\u00e9atrice un si\u00e8cle\u2019\u2019<\/em>: <em>\u00abJ\u2019ai pleur\u00e9 presque tout le temps. J\u2019ai trouv\u00e9 \u00e7a magnifique&#8230; Il n\u2019y a que du savoir, de la sagesse, de l\u2019intelligence et donc du progr\u00e8s possible&#8230; une m\u00e9moire sur la politique, sur l&rsquo;engagement, l&rsquo;exil et l&rsquo;amour! \u2026 Il n&rsquo;y a pas de haine, pas de vindicte, pas de violence destructrice. J\u2019ai pleur\u00e9 aussi \u00e0 des choses cin\u00e9matographiques, de la po\u00e9sie cin\u00e9matographique. C\u2019est une source d\u2019abondance, c\u2019est une biblioth\u00e8que&#8230;\u00bb<\/em><\/p>\n<p style=\"text-align: right;\"><strong>I. B.<\/strong> (avec communiqu\u00e9).<\/p>\n","protected":false},"excerpt":{"rendered":"<p>Bice B\u00e9atrice Slama\/Hejer Charf. Le documentaire canadien, \u2018\u2018B\u00e9atrice un si\u00e8cle\u2019\u2019, de la cin\u00e9aste canado-tunisienne Hejer Charf, sera \u00e0 l\u2019affiche au cin\u00e9ma Saint-Andr\u00e9 des Arts \u00e0 Paris d\u00e8s le 24 avril 2019, tous les jours \u00e0 19h.<\/p>\n","protected":false},"author":8,"featured_media":203105,"comment_status":"open","ping_status":"open","sticky":false,"template":"","format":"standard","meta":{"footnotes":""},"categories":[994,2433],"tags":[16792],"class_list":["post-203104","post","type-post","status-publish","format-standard","has-post-thumbnail","hentry","category-culture","category-tunisie","tag-parti-communiste-tunisien"],"yoast_head":"<!-- This site is optimized with the Yoast SEO plugin v26.6 - https:\/\/yoast.com\/wordpress\/plugins\/seo\/ -->\n<title>\u2018\u2018B\u00e9atrice un si\u00e8cle\u2019\u2019, de Hejer Charf, \u00e0 l\u2019affiche \u00e0 Paris - Kapitalis<\/title>\n<meta name=\"robots\" content=\"index, follow, max-snippet:-1, max-image-preview:large, max-video-preview:-1\" \/>\n<link rel=\"canonical\" href=\"https:\/\/kapitalis.com\/tunisie\/2019\/03\/20\/beatrice-un-siecle-de-hejer-charf-a-laffiche-a-paris\/\" \/>\n<meta property=\"og:locale\" content=\"fr_FR\" \/>\n<meta property=\"og:type\" content=\"article\" \/>\n<meta property=\"og:title\" content=\"\u2018\u2018B\u00e9atrice un si\u00e8cle\u2019\u2019, de Hejer Charf, \u00e0 l\u2019affiche \u00e0 Paris - Kapitalis\" \/>\n<meta property=\"og:description\" content=\"Bice B\u00e9atrice Slama\/Hejer Charf. Le documentaire canadien, \u2018\u2018B\u00e9atrice un si\u00e8cle\u2019\u2019, de la cin\u00e9aste canado-tunisienne Hejer Charf, sera \u00e0 l\u2019affiche au cin\u00e9ma Saint-Andr\u00e9 des Arts \u00e0 Paris d\u00e8s le 24 avril 2019, tous les jours \u00e0 19h.\" \/>\n<meta property=\"og:url\" content=\"https:\/\/kapitalis.com\/tunisie\/2019\/03\/20\/beatrice-un-siecle-de-hejer-charf-a-laffiche-a-paris\/\" \/>\n<meta property=\"og:site_name\" content=\"Kapitalis\" \/>\n<meta property=\"article:publisher\" content=\"https:\/\/www.facebook.com\/KapitalisInfo\/\" \/>\n<meta property=\"article:published_time\" content=\"2019-03-20T17:38:36+00:00\" \/>\n<meta property=\"og:image\" content=\"https:\/\/kapitalis.com\/tunisie\/wp-content\/uploads\/2022\/05\/kapitalis-logo-fb.png\" \/>\n\t<meta property=\"og:image:width\" content=\"1200\" \/>\n\t<meta property=\"og:image:height\" content=\"630\" \/>\n\t<meta property=\"og:image:type\" content=\"image\/png\" \/>\n<meta name=\"author\" content=\"webmaster kapitalis\" \/>\n<meta name=\"twitter:card\" content=\"summary_large_image\" \/>\n<meta name=\"twitter:creator\" content=\"@KapitalisInfo\" \/>\n<meta name=\"twitter:site\" content=\"@KapitalisInfo\" \/>\n<meta name=\"twitter:label1\" content=\"\u00c9crit par\" \/>\n\t<meta name=\"twitter:data1\" content=\"webmaster kapitalis\" \/>\n\t<meta name=\"twitter:label2\" content=\"Dur\u00e9e de lecture estim\u00e9e\" \/>\n\t<meta name=\"twitter:data2\" content=\"2 minutes\" \/>\n<script type=\"application\/ld+json\" class=\"yoast-schema-graph\">{\"@context\":\"https:\/\/schema.org\",\"@graph\":[{\"@type\":\"Article\",\"@id\":\"https:\/\/kapitalis.com\/tunisie\/2019\/03\/20\/beatrice-un-siecle-de-hejer-charf-a-laffiche-a-paris\/#article\",\"isPartOf\":{\"@id\":\"https:\/\/kapitalis.com\/tunisie\/2019\/03\/20\/beatrice-un-siecle-de-hejer-charf-a-laffiche-a-paris\/\"},\"author\":{\"name\":\"webmaster kapitalis\",\"@id\":\"https:\/\/kapitalis.com\/tunisie\/#\/schema\/person\/d71f33a9ca44f7bad4698210b480c8e9\"},\"headline\":\"\u2018\u2018B\u00e9atrice un si\u00e8cle\u2019\u2019, de Hejer Charf, \u00e0 l\u2019affiche \u00e0 Paris\",\"datePublished\":\"2019-03-20T17:38:36+00:00\",\"mainEntityOfPage\":{\"@id\":\"https:\/\/kapitalis.com\/tunisie\/2019\/03\/20\/beatrice-un-siecle-de-hejer-charf-a-laffiche-a-paris\/\"},\"wordCount\":437,\"commentCount\":0,\"publisher\":{\"@id\":\"https:\/\/kapitalis.com\/tunisie\/#organization\"},\"image\":{\"@id\":\"https:\/\/kapitalis.com\/tunisie\/2019\/03\/20\/beatrice-un-siecle-de-hejer-charf-a-laffiche-a-paris\/#primaryimage\"},\"thumbnailUrl\":\"\",\"keywords\":[\"parti communiste tunisien\"],\"articleSection\":[\"CULTURE\",\"Tunisie\"],\"inLanguage\":\"fr-FR\",\"potentialAction\":[{\"@type\":\"CommentAction\",\"name\":\"Comment\",\"target\":[\"https:\/\/kapitalis.com\/tunisie\/2019\/03\/20\/beatrice-un-siecle-de-hejer-charf-a-laffiche-a-paris\/#respond\"]}]},{\"@type\":\"WebPage\",\"@id\":\"https:\/\/kapitalis.com\/tunisie\/2019\/03\/20\/beatrice-un-siecle-de-hejer-charf-a-laffiche-a-paris\/\",\"url\":\"https:\/\/kapitalis.com\/tunisie\/2019\/03\/20\/beatrice-un-siecle-de-hejer-charf-a-laffiche-a-paris\/\",\"name\":\"\u2018\u2018B\u00e9atrice un si\u00e8cle\u2019\u2019, de Hejer Charf, \u00e0 l\u2019affiche \u00e0 Paris - Kapitalis\",\"isPartOf\":{\"@id\":\"https:\/\/kapitalis.com\/tunisie\/#website\"},\"primaryImageOfPage\":{\"@id\":\"https:\/\/kapitalis.com\/tunisie\/2019\/03\/20\/beatrice-un-siecle-de-hejer-charf-a-laffiche-a-paris\/#primaryimage\"},\"image\":{\"@id\":\"https:\/\/kapitalis.com\/tunisie\/2019\/03\/20\/beatrice-un-siecle-de-hejer-charf-a-laffiche-a-paris\/#primaryimage\"},\"thumbnailUrl\":\"\",\"datePublished\":\"2019-03-20T17:38:36+00:00\",\"breadcrumb\":{\"@id\":\"https:\/\/kapitalis.com\/tunisie\/2019\/03\/20\/beatrice-un-siecle-de-hejer-charf-a-laffiche-a-paris\/#breadcrumb\"},\"inLanguage\":\"fr-FR\",\"potentialAction\":[{\"@type\":\"ReadAction\",\"target\":[\"https:\/\/kapitalis.com\/tunisie\/2019\/03\/20\/beatrice-un-siecle-de-hejer-charf-a-laffiche-a-paris\/\"]}]},{\"@type\":\"ImageObject\",\"inLanguage\":\"fr-FR\",\"@id\":\"https:\/\/kapitalis.com\/tunisie\/2019\/03\/20\/beatrice-un-siecle-de-hejer-charf-a-laffiche-a-paris\/#primaryimage\",\"url\":\"\",\"contentUrl\":\"\"},{\"@type\":\"BreadcrumbList\",\"@id\":\"https:\/\/kapitalis.com\/tunisie\/2019\/03\/20\/beatrice-un-siecle-de-hejer-charf-a-laffiche-a-paris\/#breadcrumb\",\"itemListElement\":[{\"@type\":\"ListItem\",\"position\":1,\"name\":\"Accueil\",\"item\":\"https:\/\/kapitalis.com\/tunisie\/\"},{\"@type\":\"ListItem\",\"position\":2,\"name\":\"\u2018\u2018B\u00e9atrice un si\u00e8cle\u2019\u2019, de Hejer Charf, \u00e0 l\u2019affiche \u00e0 Paris\"}]},{\"@type\":\"WebSite\",\"@id\":\"https:\/\/kapitalis.com\/tunisie\/#website\",\"url\":\"https:\/\/kapitalis.com\/tunisie\/\",\"name\":\"Kapitalis\",\"description\":\"L&#039;actualit\u00e9 en Tunisie et dans le monde\",\"publisher\":{\"@id\":\"https:\/\/kapitalis.com\/tunisie\/#organization\"},\"potentialAction\":[{\"@type\":\"SearchAction\",\"target\":{\"@type\":\"EntryPoint\",\"urlTemplate\":\"https:\/\/kapitalis.com\/tunisie\/?s={search_term_string}\"},\"query-input\":{\"@type\":\"PropertyValueSpecification\",\"valueRequired\":true,\"valueName\":\"search_term_string\"}}],\"inLanguage\":\"fr-FR\"},{\"@type\":\"Organization\",\"@id\":\"https:\/\/kapitalis.com\/tunisie\/#organization\",\"name\":\"Kapitalis\",\"url\":\"https:\/\/kapitalis.com\/tunisie\/\",\"logo\":{\"@type\":\"ImageObject\",\"inLanguage\":\"fr-FR\",\"@id\":\"https:\/\/kapitalis.com\/tunisie\/#\/schema\/logo\/image\/\",\"url\":\"https:\/\/kapitalis.com\/tunisie\/wp-content\/uploads\/2022\/05\/Kapitalis-big-size.png\",\"contentUrl\":\"https:\/\/kapitalis.com\/tunisie\/wp-content\/uploads\/2022\/05\/Kapitalis-big-size.png\",\"width\":5000,\"height\":1500,\"caption\":\"Kapitalis\"},\"image\":{\"@id\":\"https:\/\/kapitalis.com\/tunisie\/#\/schema\/logo\/image\/\"},\"sameAs\":[\"https:\/\/www.facebook.com\/KapitalisInfo\/\",\"https:\/\/x.com\/KapitalisInfo\",\"https:\/\/www.youtube.com\/channel\/UC-yDYrHyfFBWWZaOw3FPg9Q\"]},{\"@type\":\"Person\",\"@id\":\"https:\/\/kapitalis.com\/tunisie\/#\/schema\/person\/d71f33a9ca44f7bad4698210b480c8e9\",\"name\":\"webmaster kapitalis\",\"url\":\"https:\/\/kapitalis.com\/tunisie\/author\/webmaster-kapitalis\/\"}]}<\/script>\n<!-- \/ Yoast SEO plugin. -->","yoast_head_json":{"title":"\u2018\u2018B\u00e9atrice un si\u00e8cle\u2019\u2019, de Hejer Charf, \u00e0 l\u2019affiche \u00e0 Paris - Kapitalis","robots":{"index":"index","follow":"follow","max-snippet":"max-snippet:-1","max-image-preview":"max-image-preview:large","max-video-preview":"max-video-preview:-1"},"canonical":"https:\/\/kapitalis.com\/tunisie\/2019\/03\/20\/beatrice-un-siecle-de-hejer-charf-a-laffiche-a-paris\/","og_locale":"fr_FR","og_type":"article","og_title":"\u2018\u2018B\u00e9atrice un si\u00e8cle\u2019\u2019, de Hejer Charf, \u00e0 l\u2019affiche \u00e0 Paris - Kapitalis","og_description":"Bice B\u00e9atrice Slama\/Hejer Charf. Le documentaire canadien, \u2018\u2018B\u00e9atrice un si\u00e8cle\u2019\u2019, de la cin\u00e9aste canado-tunisienne Hejer Charf, sera \u00e0 l\u2019affiche au cin\u00e9ma Saint-Andr\u00e9 des Arts \u00e0 Paris d\u00e8s le 24 avril 2019, tous les jours \u00e0 19h.","og_url":"https:\/\/kapitalis.com\/tunisie\/2019\/03\/20\/beatrice-un-siecle-de-hejer-charf-a-laffiche-a-paris\/","og_site_name":"Kapitalis","article_publisher":"https:\/\/www.facebook.com\/KapitalisInfo\/","article_published_time":"2019-03-20T17:38:36+00:00","og_image":[{"width":1200,"height":630,"url":"https:\/\/kapitalis.com\/tunisie\/wp-content\/uploads\/2022\/05\/kapitalis-logo-fb.png","type":"image\/png"}],"author":"webmaster kapitalis","twitter_card":"summary_large_image","twitter_creator":"@KapitalisInfo","twitter_site":"@KapitalisInfo","twitter_misc":{"\u00c9crit par":"webmaster kapitalis","Dur\u00e9e de lecture estim\u00e9e":"2 minutes"},"schema":{"@context":"https:\/\/schema.org","@graph":[{"@type":"Article","@id":"https:\/\/kapitalis.com\/tunisie\/2019\/03\/20\/beatrice-un-siecle-de-hejer-charf-a-laffiche-a-paris\/#article","isPartOf":{"@id":"https:\/\/kapitalis.com\/tunisie\/2019\/03\/20\/beatrice-un-siecle-de-hejer-charf-a-laffiche-a-paris\/"},"author":{"name":"webmaster kapitalis","@id":"https:\/\/kapitalis.com\/tunisie\/#\/schema\/person\/d71f33a9ca44f7bad4698210b480c8e9"},"headline":"\u2018\u2018B\u00e9atrice un si\u00e8cle\u2019\u2019, de Hejer Charf, \u00e0 l\u2019affiche \u00e0 Paris","datePublished":"2019-03-20T17:38:36+00:00","mainEntityOfPage":{"@id":"https:\/\/kapitalis.com\/tunisie\/2019\/03\/20\/beatrice-un-siecle-de-hejer-charf-a-laffiche-a-paris\/"},"wordCount":437,"commentCount":0,"publisher":{"@id":"https:\/\/kapitalis.com\/tunisie\/#organization"},"image":{"@id":"https:\/\/kapitalis.com\/tunisie\/2019\/03\/20\/beatrice-un-siecle-de-hejer-charf-a-laffiche-a-paris\/#primaryimage"},"thumbnailUrl":"","keywords":["parti communiste tunisien"],"articleSection":["CULTURE","Tunisie"],"inLanguage":"fr-FR","potentialAction":[{"@type":"CommentAction","name":"Comment","target":["https:\/\/kapitalis.com\/tunisie\/2019\/03\/20\/beatrice-un-siecle-de-hejer-charf-a-laffiche-a-paris\/#respond"]}]},{"@type":"WebPage","@id":"https:\/\/kapitalis.com\/tunisie\/2019\/03\/20\/beatrice-un-siecle-de-hejer-charf-a-laffiche-a-paris\/","url":"https:\/\/kapitalis.com\/tunisie\/2019\/03\/20\/beatrice-un-siecle-de-hejer-charf-a-laffiche-a-paris\/","name":"\u2018\u2018B\u00e9atrice un si\u00e8cle\u2019\u2019, de Hejer Charf, \u00e0 l\u2019affiche \u00e0 Paris - Kapitalis","isPartOf":{"@id":"https:\/\/kapitalis.com\/tunisie\/#website"},"primaryImageOfPage":{"@id":"https:\/\/kapitalis.com\/tunisie\/2019\/03\/20\/beatrice-un-siecle-de-hejer-charf-a-laffiche-a-paris\/#primaryimage"},"image":{"@id":"https:\/\/kapitalis.com\/tunisie\/2019\/03\/20\/beatrice-un-siecle-de-hejer-charf-a-laffiche-a-paris\/#primaryimage"},"thumbnailUrl":"","datePublished":"2019-03-20T17:38:36+00:00","breadcrumb":{"@id":"https:\/\/kapitalis.com\/tunisie\/2019\/03\/20\/beatrice-un-siecle-de-hejer-charf-a-laffiche-a-paris\/#breadcrumb"},"inLanguage":"fr-FR","potentialAction":[{"@type":"ReadAction","target":["https:\/\/kapitalis.com\/tunisie\/2019\/03\/20\/beatrice-un-siecle-de-hejer-charf-a-laffiche-a-paris\/"]}]},{"@type":"ImageObject","inLanguage":"fr-FR","@id":"https:\/\/kapitalis.com\/tunisie\/2019\/03\/20\/beatrice-un-siecle-de-hejer-charf-a-laffiche-a-paris\/#primaryimage","url":"","contentUrl":""},{"@type":"BreadcrumbList","@id":"https:\/\/kapitalis.com\/tunisie\/2019\/03\/20\/beatrice-un-siecle-de-hejer-charf-a-laffiche-a-paris\/#breadcrumb","itemListElement":[{"@type":"ListItem","position":1,"name":"Accueil","item":"https:\/\/kapitalis.com\/tunisie\/"},{"@type":"ListItem","position":2,"name":"\u2018\u2018B\u00e9atrice un si\u00e8cle\u2019\u2019, de Hejer Charf, \u00e0 l\u2019affiche \u00e0 Paris"}]},{"@type":"WebSite","@id":"https:\/\/kapitalis.com\/tunisie\/#website","url":"https:\/\/kapitalis.com\/tunisie\/","name":"Kapitalis","description":"L&#039;actualit\u00e9 en Tunisie et dans le monde","publisher":{"@id":"https:\/\/kapitalis.com\/tunisie\/#organization"},"potentialAction":[{"@type":"SearchAction","target":{"@type":"EntryPoint","urlTemplate":"https:\/\/kapitalis.com\/tunisie\/?s={search_term_string}"},"query-input":{"@type":"PropertyValueSpecification","valueRequired":true,"valueName":"search_term_string"}}],"inLanguage":"fr-FR"},{"@type":"Organization","@id":"https:\/\/kapitalis.com\/tunisie\/#organization","name":"Kapitalis","url":"https:\/\/kapitalis.com\/tunisie\/","logo":{"@type":"ImageObject","inLanguage":"fr-FR","@id":"https:\/\/kapitalis.com\/tunisie\/#\/schema\/logo\/image\/","url":"https:\/\/kapitalis.com\/tunisie\/wp-content\/uploads\/2022\/05\/Kapitalis-big-size.png","contentUrl":"https:\/\/kapitalis.com\/tunisie\/wp-content\/uploads\/2022\/05\/Kapitalis-big-size.png","width":5000,"height":1500,"caption":"Kapitalis"},"image":{"@id":"https:\/\/kapitalis.com\/tunisie\/#\/schema\/logo\/image\/"},"sameAs":["https:\/\/www.facebook.com\/KapitalisInfo\/","https:\/\/x.com\/KapitalisInfo","https:\/\/www.youtube.com\/channel\/UC-yDYrHyfFBWWZaOw3FPg9Q"]},{"@type":"Person","@id":"https:\/\/kapitalis.com\/tunisie\/#\/schema\/person\/d71f33a9ca44f7bad4698210b480c8e9","name":"webmaster kapitalis","url":"https:\/\/kapitalis.com\/tunisie\/author\/webmaster-kapitalis\/"}]}},"_links":{"self":[{"href":"https:\/\/kapitalis.com\/tunisie\/wp-json\/wp\/v2\/posts\/203104","targetHints":{"allow":["GET"]}}],"collection":[{"href":"https:\/\/kapitalis.com\/tunisie\/wp-json\/wp\/v2\/posts"}],"about":[{"href":"https:\/\/kapitalis.com\/tunisie\/wp-json\/wp\/v2\/types\/post"}],"author":[{"embeddable":true,"href":"https:\/\/kapitalis.com\/tunisie\/wp-json\/wp\/v2\/users\/8"}],"replies":[{"embeddable":true,"href":"https:\/\/kapitalis.com\/tunisie\/wp-json\/wp\/v2\/comments?post=203104"}],"version-history":[{"count":0,"href":"https:\/\/kapitalis.com\/tunisie\/wp-json\/wp\/v2\/posts\/203104\/revisions"}],"wp:featuredmedia":[{"embeddable":true,"href":"https:\/\/kapitalis.com\/tunisie\/wp-json\/wp\/v2\/media\/203105"}],"wp:attachment":[{"href":"https:\/\/kapitalis.com\/tunisie\/wp-json\/wp\/v2\/media?parent=203104"}],"wp:term":[{"taxonomy":"category","embeddable":true,"href":"https:\/\/kapitalis.com\/tunisie\/wp-json\/wp\/v2\/categories?post=203104"},{"taxonomy":"post_tag","embeddable":true,"href":"https:\/\/kapitalis.com\/tunisie\/wp-json\/wp\/v2\/tags?post=203104"}],"curies":[{"name":"wp","href":"https:\/\/api.w.org\/{rel}","templated":true}]}}