{"id":203204,"date":"2019-03-21T17:23:41","date_gmt":"2019-03-21T16:23:41","guid":{"rendered":"http:\/\/kapitalis.com\/tunisie\/?p=203204"},"modified":"2019-03-21T17:31:26","modified_gmt":"2019-03-21T16:31:26","slug":"aicha-attia-porte-plainte-contre-amine-gara-pour-plagiat-videos","status":"publish","type":"post","link":"https:\/\/kapitalis.com\/tunisie\/2019\/03\/21\/aicha-attia-porte-plainte-contre-amine-gara-pour-plagiat-videos\/","title":{"rendered":"A\u00efcha Attia porte plainte contre Amine Gara pour plagiat (Vid\u00e9os)"},"content":{"rendered":"<p style=\"text-align: center;\"><img loading=\"lazy\" decoding=\"async\" class=\"alignnone size-full wp-image-203209\" src=\"http:\/\/kapitalis.com\/tunisie\/wp-content\/uploads\/2019\/03\/Amine-gara-Aicha-attia.jpg\" alt=\"\" width=\"626\" height=\"380\" \/><\/p>\n<p><em><strong>L\u2019actrice A\u00efcha Attia accuse Amine Gara, animateur \u00e0 la cha\u00eene El-Hiwar Ettounsi, de plagiat, en pr\u00e9cisant qu\u2019elle a saisi la justice. \u00abJe ne vais pas me laisser faire\u00bb, lance-t-elle \u00abhyst\u00e9rique\u00bb, selon son expression, alors qu&rsquo;elle est habituellement douce et calme.<\/strong><\/em><!--more--><\/p>\n<p>Dans une vid\u00e9o publi\u00e9e hier soir, mercredi\u00a0 20 mars 2019, A\u00efcha Attia,\u00a0en larmes, dit avoir d\u00e9couvert qu&rsquo;Amine Gara lui a vol\u00e9 son id\u00e9e d\u2019une \u00e9mission, intitul\u00e9e <em>\u00abUne autre vie\u00bb,<\/em> qu\u2019elle avait produite avec son amie Sandra et qu\u2019elle lui avait soumise pour une \u00e9ventuelle diffusion sur El-Hiwar Ettounsi.<\/p>\n<p>A\u00efcha Attia dit avoir \u00e9t\u00e9 choqu\u00e9e en d\u00e9couvrant son \u00e9mission plagi\u00e9e et diffus\u00e9e dans l\u2019\u00e9mission <em>\u00ab\u00a0Bas Les Masques\u00a0\u00bb<\/em>, anim\u00e9e par le plagiaire pr\u00e9sum\u00e9. \u00ab<em>Les sc\u00e9narii ont \u00e9t\u00e9 vol\u00e9s au d\u00e9tail pr\u00e8s. Je ne vais pas me laisser faire et la justice va trancher<\/em>\u00bb, lance l\u2019actrice, en accusant Amine Gara de lui avoir vol\u00e9 le projet de sa vie.<\/p>\n<div class=\"embed\">\n<div class=\"video\"><iframe loading=\"lazy\" src=\"https:\/\/www.youtube.com\/embed\/EiARWxCbnCQ?start=4\" width=\"560\" height=\"315\" frameborder=\"0\" allowfullscreen=\"allowfullscreen\"><\/iframe><\/div>\n<\/div>\n<p>Si c&rsquo;est le cas, Amine Gara ne serait pas seulement un plagiaire, mais aussi un\u00a0<em>\u00abcriminel\u00bb. <\/em>Faire pleurer \u00e0 chaudes larmes des jeunes filles qui r\u00eavent de gloire n&rsquo;est pas digne d&rsquo;un gar\u00e7on bien \u00e9duqu\u00e9.<\/p>\n<div class=\"embed\">\n<div class=\"video\"><iframe loading=\"lazy\" src=\"https:\/\/www.youtube.com\/embed\/rawkesxiN14\" width=\"560\" height=\"315\" frameborder=\"0\" allowfullscreen=\"allowfullscreen\"><\/iframe><\/div>\n<\/div>\n<p>Ceci dit, on notera au passage que l\u2019id\u00e9e de Melle Attia est elle-m\u00eame inspir\u00e9e (sinon reprise) de l\u2019\u00e9mission fran\u00e7aise\u00a0 <em>\u00ab\u00a0Vis ma vie\u00a0\u00bb,<\/em> cr\u00e9\u00e9e en 2001 et diffus\u00e9e au d\u00e9part sur TF1. Le principe de cette \u00e9mission est de faire vivre \u00e0 une personnalit\u00e9 publique le quotidien d&rsquo;un inconnu en l\u2019accompagnant dans son travail et en exer\u00e7ant son m\u00e9tier, d&rsquo;ailleurs souvent rude, une mani\u00e8re de mettre\u00a0 l&rsquo;\u00e9preuve l&rsquo;invit\u00e9\u2026<\/p>\n<div class=\"embed\">\n<div class=\"video\"><iframe loading=\"lazy\" style=\"border: none; overflow: hidden;\" src=\"https:\/\/www.facebook.com\/plugins\/video.php?href=https%3A%2F%2Fwww.facebook.com%2FEttounsiyaTV%2Fvideos%2F394408504706404%2F&amp;show_text=0&amp;width=560\" width=\"560\" height=\"315\" frameborder=\"0\" scrolling=\"no\" allowfullscreen=\"allowfullscreen\"><\/iframe><\/div>\n<\/div>\n<p>On rappellera au passage, qu\u2019El-Hiwar Ettounsi a toujours recouru au plagiat, reprenant des \u00e9missions ayant r\u00e9ussi dans des cha\u00eenes \u00e9trang\u00e8res, notamment fran\u00e7aises. Le fait que les d\u00e9tenteurs des droits ne se sont pas manifest\u00e9s a encourag\u00e9 Sami Fehri, propri\u00e9taire et principal producteur de la cha\u00eene, \u00e0 poursuivre son pillage.<\/p>\n<p style=\"text-align: right;\"><strong>Y. N.<\/strong><\/p>\n","protected":false},"excerpt":{"rendered":"<p>L\u2019actrice A\u00efcha Attia accuse Amine Gara, animateur \u00e0 la cha\u00eene El-Hiwar Ettounsi, de plagiat, en pr\u00e9cisant qu\u2019elle a saisi la justice. \u00abJe ne vais pas me laisser faire\u00bb, lance-t-elle \u00abhyst\u00e9rique\u00bb, selon son expression, alors qu&rsquo;elle est habituellement douce et calme.<\/p>\n","protected":false},"author":6,"featured_media":203209,"comment_status":"open","ping_status":"open","sticky":false,"template":"","format":"standard","meta":{"footnotes":""},"categories":[996,2433],"tags":[16923,21741,310,2884,4521],"class_list":["post-203204","post","type-post","status-publish","format-standard","has-post-thumbnail","hentry","category-media","category-tunisie","tag-amine-gara","tag-animateur-tv","tag-el-hiwar-ettounsi","tag-emission","tag-plagiat"],"yoast_head":"<!-- This site is optimized with the Yoast SEO plugin v26.6 - https:\/\/yoast.com\/wordpress\/plugins\/seo\/ -->\n<title>A\u00efcha Attia porte plainte contre Amine Gara pour plagiat (Vid\u00e9os) - Kapitalis<\/title>\n<meta name=\"robots\" content=\"index, follow, max-snippet:-1, max-image-preview:large, max-video-preview:-1\" \/>\n<link rel=\"canonical\" href=\"https:\/\/kapitalis.com\/tunisie\/2019\/03\/21\/aicha-attia-porte-plainte-contre-amine-gara-pour-plagiat-videos\/\" \/>\n<meta property=\"og:locale\" content=\"fr_FR\" \/>\n<meta property=\"og:type\" content=\"article\" \/>\n<meta property=\"og:title\" content=\"A\u00efcha Attia porte plainte contre Amine Gara pour plagiat (Vid\u00e9os) - Kapitalis\" \/>\n<meta property=\"og:description\" content=\"L\u2019actrice A\u00efcha Attia accuse Amine Gara, animateur \u00e0 la cha\u00eene El-Hiwar Ettounsi, de plagiat, en pr\u00e9cisant qu\u2019elle a saisi la justice. \u00abJe ne vais pas me laisser faire\u00bb, lance-t-elle \u00abhyst\u00e9rique\u00bb, selon son expression, alors qu&rsquo;elle est habituellement douce et calme.\" \/>\n<meta property=\"og:url\" content=\"https:\/\/kapitalis.com\/tunisie\/2019\/03\/21\/aicha-attia-porte-plainte-contre-amine-gara-pour-plagiat-videos\/\" \/>\n<meta property=\"og:site_name\" content=\"Kapitalis\" \/>\n<meta property=\"article:publisher\" content=\"https:\/\/www.facebook.com\/KapitalisInfo\/\" \/>\n<meta property=\"article:published_time\" content=\"2019-03-21T16:23:41+00:00\" \/>\n<meta property=\"article:modified_time\" content=\"2019-03-21T16:31:26+00:00\" \/>\n<meta property=\"og:image\" content=\"https:\/\/kapitalis.com\/tunisie\/wp-content\/uploads\/2022\/05\/kapitalis-logo-fb.png\" \/>\n\t<meta property=\"og:image:width\" content=\"1200\" \/>\n\t<meta property=\"og:image:height\" content=\"630\" \/>\n\t<meta property=\"og:image:type\" content=\"image\/png\" \/>\n<meta name=\"author\" content=\"Yusra NY\" \/>\n<meta name=\"twitter:card\" content=\"summary_large_image\" \/>\n<meta name=\"twitter:creator\" content=\"@KapitalisInfo\" \/>\n<meta name=\"twitter:site\" content=\"@KapitalisInfo\" \/>\n<meta name=\"twitter:label1\" content=\"\u00c9crit par\" \/>\n\t<meta name=\"twitter:data1\" content=\"Yusra NY\" \/>\n\t<meta name=\"twitter:label2\" content=\"Dur\u00e9e de lecture estim\u00e9e\" \/>\n\t<meta name=\"twitter:data2\" content=\"2 minutes\" \/>\n<script type=\"application\/ld+json\" class=\"yoast-schema-graph\">{\"@context\":\"https:\/\/schema.org\",\"@graph\":[{\"@type\":\"Article\",\"@id\":\"https:\/\/kapitalis.com\/tunisie\/2019\/03\/21\/aicha-attia-porte-plainte-contre-amine-gara-pour-plagiat-videos\/#article\",\"isPartOf\":{\"@id\":\"https:\/\/kapitalis.com\/tunisie\/2019\/03\/21\/aicha-attia-porte-plainte-contre-amine-gara-pour-plagiat-videos\/\"},\"author\":{\"name\":\"Yusra NY\",\"@id\":\"https:\/\/kapitalis.com\/tunisie\/#\/schema\/person\/74bbde0154d49d790a92aaeac5bc01d5\"},\"headline\":\"A\u00efcha Attia porte plainte contre Amine Gara pour plagiat (Vid\u00e9os)\",\"datePublished\":\"2019-03-21T16:23:41+00:00\",\"dateModified\":\"2019-03-21T16:31:26+00:00\",\"mainEntityOfPage\":{\"@id\":\"https:\/\/kapitalis.com\/tunisie\/2019\/03\/21\/aicha-attia-porte-plainte-contre-amine-gara-pour-plagiat-videos\/\"},\"wordCount\":358,\"commentCount\":1,\"publisher\":{\"@id\":\"https:\/\/kapitalis.com\/tunisie\/#organization\"},\"image\":{\"@id\":\"https:\/\/kapitalis.com\/tunisie\/2019\/03\/21\/aicha-attia-porte-plainte-contre-amine-gara-pour-plagiat-videos\/#primaryimage\"},\"thumbnailUrl\":\"\",\"keywords\":[\"Amine Gara\",\"animateur TV\",\"El-Hiwar Ettounsi\",\"\u00e9mission\",\"plagiat\"],\"articleSection\":[\"MEDIA\",\"Tunisie\"],\"inLanguage\":\"fr-FR\",\"potentialAction\":[{\"@type\":\"CommentAction\",\"name\":\"Comment\",\"target\":[\"https:\/\/kapitalis.com\/tunisie\/2019\/03\/21\/aicha-attia-porte-plainte-contre-amine-gara-pour-plagiat-videos\/#respond\"]}]},{\"@type\":\"WebPage\",\"@id\":\"https:\/\/kapitalis.com\/tunisie\/2019\/03\/21\/aicha-attia-porte-plainte-contre-amine-gara-pour-plagiat-videos\/\",\"url\":\"https:\/\/kapitalis.com\/tunisie\/2019\/03\/21\/aicha-attia-porte-plainte-contre-amine-gara-pour-plagiat-videos\/\",\"name\":\"A\u00efcha Attia porte plainte contre Amine Gara pour plagiat (Vid\u00e9os) - Kapitalis\",\"isPartOf\":{\"@id\":\"https:\/\/kapitalis.com\/tunisie\/#website\"},\"primaryImageOfPage\":{\"@id\":\"https:\/\/kapitalis.com\/tunisie\/2019\/03\/21\/aicha-attia-porte-plainte-contre-amine-gara-pour-plagiat-videos\/#primaryimage\"},\"image\":{\"@id\":\"https:\/\/kapitalis.com\/tunisie\/2019\/03\/21\/aicha-attia-porte-plainte-contre-amine-gara-pour-plagiat-videos\/#primaryimage\"},\"thumbnailUrl\":\"\",\"datePublished\":\"2019-03-21T16:23:41+00:00\",\"dateModified\":\"2019-03-21T16:31:26+00:00\",\"breadcrumb\":{\"@id\":\"https:\/\/kapitalis.com\/tunisie\/2019\/03\/21\/aicha-attia-porte-plainte-contre-amine-gara-pour-plagiat-videos\/#breadcrumb\"},\"inLanguage\":\"fr-FR\",\"potentialAction\":[{\"@type\":\"ReadAction\",\"target\":[\"https:\/\/kapitalis.com\/tunisie\/2019\/03\/21\/aicha-attia-porte-plainte-contre-amine-gara-pour-plagiat-videos\/\"]}]},{\"@type\":\"ImageObject\",\"inLanguage\":\"fr-FR\",\"@id\":\"https:\/\/kapitalis.com\/tunisie\/2019\/03\/21\/aicha-attia-porte-plainte-contre-amine-gara-pour-plagiat-videos\/#primaryimage\",\"url\":\"\",\"contentUrl\":\"\"},{\"@type\":\"BreadcrumbList\",\"@id\":\"https:\/\/kapitalis.com\/tunisie\/2019\/03\/21\/aicha-attia-porte-plainte-contre-amine-gara-pour-plagiat-videos\/#breadcrumb\",\"itemListElement\":[{\"@type\":\"ListItem\",\"position\":1,\"name\":\"Accueil\",\"item\":\"https:\/\/kapitalis.com\/tunisie\/\"},{\"@type\":\"ListItem\",\"position\":2,\"name\":\"A\u00efcha Attia porte plainte contre Amine Gara pour plagiat (Vid\u00e9os)\"}]},{\"@type\":\"WebSite\",\"@id\":\"https:\/\/kapitalis.com\/tunisie\/#website\",\"url\":\"https:\/\/kapitalis.com\/tunisie\/\",\"name\":\"Kapitalis\",\"description\":\"L&#039;actualit\u00e9 en Tunisie et dans le monde\",\"publisher\":{\"@id\":\"https:\/\/kapitalis.com\/tunisie\/#organization\"},\"potentialAction\":[{\"@type\":\"SearchAction\",\"target\":{\"@type\":\"EntryPoint\",\"urlTemplate\":\"https:\/\/kapitalis.com\/tunisie\/?s={search_term_string}\"},\"query-input\":{\"@type\":\"PropertyValueSpecification\",\"valueRequired\":true,\"valueName\":\"search_term_string\"}}],\"inLanguage\":\"fr-FR\"},{\"@type\":\"Organization\",\"@id\":\"https:\/\/kapitalis.com\/tunisie\/#organization\",\"name\":\"Kapitalis\",\"url\":\"https:\/\/kapitalis.com\/tunisie\/\",\"logo\":{\"@type\":\"ImageObject\",\"inLanguage\":\"fr-FR\",\"@id\":\"https:\/\/kapitalis.com\/tunisie\/#\/schema\/logo\/image\/\",\"url\":\"https:\/\/kapitalis.com\/tunisie\/wp-content\/uploads\/2022\/05\/Kapitalis-big-size.png\",\"contentUrl\":\"https:\/\/kapitalis.com\/tunisie\/wp-content\/uploads\/2022\/05\/Kapitalis-big-size.png\",\"width\":5000,\"height\":1500,\"caption\":\"Kapitalis\"},\"image\":{\"@id\":\"https:\/\/kapitalis.com\/tunisie\/#\/schema\/logo\/image\/\"},\"sameAs\":[\"https:\/\/www.facebook.com\/KapitalisInfo\/\",\"https:\/\/x.com\/KapitalisInfo\",\"https:\/\/www.youtube.com\/channel\/UC-yDYrHyfFBWWZaOw3FPg9Q\"]},{\"@type\":\"Person\",\"@id\":\"https:\/\/kapitalis.com\/tunisie\/#\/schema\/person\/74bbde0154d49d790a92aaeac5bc01d5\",\"name\":\"Yusra NY\",\"url\":\"https:\/\/kapitalis.com\/tunisie\/author\/yuza_adam\/\"}]}<\/script>\n<!-- \/ Yoast SEO plugin. -->","yoast_head_json":{"title":"A\u00efcha Attia porte plainte contre Amine Gara pour plagiat (Vid\u00e9os) - Kapitalis","robots":{"index":"index","follow":"follow","max-snippet":"max-snippet:-1","max-image-preview":"max-image-preview:large","max-video-preview":"max-video-preview:-1"},"canonical":"https:\/\/kapitalis.com\/tunisie\/2019\/03\/21\/aicha-attia-porte-plainte-contre-amine-gara-pour-plagiat-videos\/","og_locale":"fr_FR","og_type":"article","og_title":"A\u00efcha Attia porte plainte contre Amine Gara pour plagiat (Vid\u00e9os) - Kapitalis","og_description":"L\u2019actrice A\u00efcha Attia accuse Amine Gara, animateur \u00e0 la cha\u00eene El-Hiwar Ettounsi, de plagiat, en pr\u00e9cisant qu\u2019elle a saisi la justice. \u00abJe ne vais pas me laisser faire\u00bb, lance-t-elle \u00abhyst\u00e9rique\u00bb, selon son expression, alors qu&rsquo;elle est habituellement douce et calme.","og_url":"https:\/\/kapitalis.com\/tunisie\/2019\/03\/21\/aicha-attia-porte-plainte-contre-amine-gara-pour-plagiat-videos\/","og_site_name":"Kapitalis","article_publisher":"https:\/\/www.facebook.com\/KapitalisInfo\/","article_published_time":"2019-03-21T16:23:41+00:00","article_modified_time":"2019-03-21T16:31:26+00:00","og_image":[{"width":1200,"height":630,"url":"https:\/\/kapitalis.com\/tunisie\/wp-content\/uploads\/2022\/05\/kapitalis-logo-fb.png","type":"image\/png"}],"author":"Yusra NY","twitter_card":"summary_large_image","twitter_creator":"@KapitalisInfo","twitter_site":"@KapitalisInfo","twitter_misc":{"\u00c9crit par":"Yusra NY","Dur\u00e9e de lecture estim\u00e9e":"2 minutes"},"schema":{"@context":"https:\/\/schema.org","@graph":[{"@type":"Article","@id":"https:\/\/kapitalis.com\/tunisie\/2019\/03\/21\/aicha-attia-porte-plainte-contre-amine-gara-pour-plagiat-videos\/#article","isPartOf":{"@id":"https:\/\/kapitalis.com\/tunisie\/2019\/03\/21\/aicha-attia-porte-plainte-contre-amine-gara-pour-plagiat-videos\/"},"author":{"name":"Yusra NY","@id":"https:\/\/kapitalis.com\/tunisie\/#\/schema\/person\/74bbde0154d49d790a92aaeac5bc01d5"},"headline":"A\u00efcha Attia porte plainte contre Amine Gara pour plagiat (Vid\u00e9os)","datePublished":"2019-03-21T16:23:41+00:00","dateModified":"2019-03-21T16:31:26+00:00","mainEntityOfPage":{"@id":"https:\/\/kapitalis.com\/tunisie\/2019\/03\/21\/aicha-attia-porte-plainte-contre-amine-gara-pour-plagiat-videos\/"},"wordCount":358,"commentCount":1,"publisher":{"@id":"https:\/\/kapitalis.com\/tunisie\/#organization"},"image":{"@id":"https:\/\/kapitalis.com\/tunisie\/2019\/03\/21\/aicha-attia-porte-plainte-contre-amine-gara-pour-plagiat-videos\/#primaryimage"},"thumbnailUrl":"","keywords":["Amine Gara","animateur TV","El-Hiwar Ettounsi","\u00e9mission","plagiat"],"articleSection":["MEDIA","Tunisie"],"inLanguage":"fr-FR","potentialAction":[{"@type":"CommentAction","name":"Comment","target":["https:\/\/kapitalis.com\/tunisie\/2019\/03\/21\/aicha-attia-porte-plainte-contre-amine-gara-pour-plagiat-videos\/#respond"]}]},{"@type":"WebPage","@id":"https:\/\/kapitalis.com\/tunisie\/2019\/03\/21\/aicha-attia-porte-plainte-contre-amine-gara-pour-plagiat-videos\/","url":"https:\/\/kapitalis.com\/tunisie\/2019\/03\/21\/aicha-attia-porte-plainte-contre-amine-gara-pour-plagiat-videos\/","name":"A\u00efcha Attia porte plainte contre Amine Gara pour plagiat (Vid\u00e9os) - Kapitalis","isPartOf":{"@id":"https:\/\/kapitalis.com\/tunisie\/#website"},"primaryImageOfPage":{"@id":"https:\/\/kapitalis.com\/tunisie\/2019\/03\/21\/aicha-attia-porte-plainte-contre-amine-gara-pour-plagiat-videos\/#primaryimage"},"image":{"@id":"https:\/\/kapitalis.com\/tunisie\/2019\/03\/21\/aicha-attia-porte-plainte-contre-amine-gara-pour-plagiat-videos\/#primaryimage"},"thumbnailUrl":"","datePublished":"2019-03-21T16:23:41+00:00","dateModified":"2019-03-21T16:31:26+00:00","breadcrumb":{"@id":"https:\/\/kapitalis.com\/tunisie\/2019\/03\/21\/aicha-attia-porte-plainte-contre-amine-gara-pour-plagiat-videos\/#breadcrumb"},"inLanguage":"fr-FR","potentialAction":[{"@type":"ReadAction","target":["https:\/\/kapitalis.com\/tunisie\/2019\/03\/21\/aicha-attia-porte-plainte-contre-amine-gara-pour-plagiat-videos\/"]}]},{"@type":"ImageObject","inLanguage":"fr-FR","@id":"https:\/\/kapitalis.com\/tunisie\/2019\/03\/21\/aicha-attia-porte-plainte-contre-amine-gara-pour-plagiat-videos\/#primaryimage","url":"","contentUrl":""},{"@type":"BreadcrumbList","@id":"https:\/\/kapitalis.com\/tunisie\/2019\/03\/21\/aicha-attia-porte-plainte-contre-amine-gara-pour-plagiat-videos\/#breadcrumb","itemListElement":[{"@type":"ListItem","position":1,"name":"Accueil","item":"https:\/\/kapitalis.com\/tunisie\/"},{"@type":"ListItem","position":2,"name":"A\u00efcha Attia porte plainte contre Amine Gara pour plagiat (Vid\u00e9os)"}]},{"@type":"WebSite","@id":"https:\/\/kapitalis.com\/tunisie\/#website","url":"https:\/\/kapitalis.com\/tunisie\/","name":"Kapitalis","description":"L&#039;actualit\u00e9 en Tunisie et dans le monde","publisher":{"@id":"https:\/\/kapitalis.com\/tunisie\/#organization"},"potentialAction":[{"@type":"SearchAction","target":{"@type":"EntryPoint","urlTemplate":"https:\/\/kapitalis.com\/tunisie\/?s={search_term_string}"},"query-input":{"@type":"PropertyValueSpecification","valueRequired":true,"valueName":"search_term_string"}}],"inLanguage":"fr-FR"},{"@type":"Organization","@id":"https:\/\/kapitalis.com\/tunisie\/#organization","name":"Kapitalis","url":"https:\/\/kapitalis.com\/tunisie\/","logo":{"@type":"ImageObject","inLanguage":"fr-FR","@id":"https:\/\/kapitalis.com\/tunisie\/#\/schema\/logo\/image\/","url":"https:\/\/kapitalis.com\/tunisie\/wp-content\/uploads\/2022\/05\/Kapitalis-big-size.png","contentUrl":"https:\/\/kapitalis.com\/tunisie\/wp-content\/uploads\/2022\/05\/Kapitalis-big-size.png","width":5000,"height":1500,"caption":"Kapitalis"},"image":{"@id":"https:\/\/kapitalis.com\/tunisie\/#\/schema\/logo\/image\/"},"sameAs":["https:\/\/www.facebook.com\/KapitalisInfo\/","https:\/\/x.com\/KapitalisInfo","https:\/\/www.youtube.com\/channel\/UC-yDYrHyfFBWWZaOw3FPg9Q"]},{"@type":"Person","@id":"https:\/\/kapitalis.com\/tunisie\/#\/schema\/person\/74bbde0154d49d790a92aaeac5bc01d5","name":"Yusra NY","url":"https:\/\/kapitalis.com\/tunisie\/author\/yuza_adam\/"}]}},"_links":{"self":[{"href":"https:\/\/kapitalis.com\/tunisie\/wp-json\/wp\/v2\/posts\/203204","targetHints":{"allow":["GET"]}}],"collection":[{"href":"https:\/\/kapitalis.com\/tunisie\/wp-json\/wp\/v2\/posts"}],"about":[{"href":"https:\/\/kapitalis.com\/tunisie\/wp-json\/wp\/v2\/types\/post"}],"author":[{"embeddable":true,"href":"https:\/\/kapitalis.com\/tunisie\/wp-json\/wp\/v2\/users\/6"}],"replies":[{"embeddable":true,"href":"https:\/\/kapitalis.com\/tunisie\/wp-json\/wp\/v2\/comments?post=203204"}],"version-history":[{"count":0,"href":"https:\/\/kapitalis.com\/tunisie\/wp-json\/wp\/v2\/posts\/203204\/revisions"}],"wp:featuredmedia":[{"embeddable":true,"href":"https:\/\/kapitalis.com\/tunisie\/wp-json\/wp\/v2\/media\/203209"}],"wp:attachment":[{"href":"https:\/\/kapitalis.com\/tunisie\/wp-json\/wp\/v2\/media?parent=203204"}],"wp:term":[{"taxonomy":"category","embeddable":true,"href":"https:\/\/kapitalis.com\/tunisie\/wp-json\/wp\/v2\/categories?post=203204"},{"taxonomy":"post_tag","embeddable":true,"href":"https:\/\/kapitalis.com\/tunisie\/wp-json\/wp\/v2\/tags?post=203204"}],"curies":[{"name":"wp","href":"https:\/\/api.w.org\/{rel}","templated":true}]}}