{"id":203479,"date":"2019-03-24T10:49:42","date_gmt":"2019-03-24T09:49:42","guid":{"rendered":"http:\/\/kapitalis.com\/tunisie\/?p=203479"},"modified":"2019-03-24T10:49:42","modified_gmt":"2019-03-24T09:49:42","slug":"le-festival-oasis-creatives-cloture-ce-soir-a-nefta-tozeur","status":"publish","type":"post","link":"https:\/\/kapitalis.com\/tunisie\/2019\/03\/24\/le-festival-oasis-creatives-cloture-ce-soir-a-nefta-tozeur\/","title":{"rendered":"Le festival Oasis Cr\u00e9atives cl\u00f4tur\u00e9 ce soir \u00e0 Nefta-Tozeur"},"content":{"rendered":"<p style=\"text-align: center;\"><img loading=\"lazy\" decoding=\"async\" class=\"alignnone size-full wp-image-203482\" src=\"http:\/\/kapitalis.com\/tunisie\/wp-content\/uploads\/2019\/03\/Oasis-Creatives.jpg\" alt=\"\" width=\"626\" height=\"380\" \/><\/p>\n<p style=\"text-align: center;\"><em>Photos Amine Landoulsi.<\/em><\/p>\n<p><strong>Le festival Oasis Cr\u00e9atives s\u2019est ouvert avant-hier, vendredi 22 mars 2019, et sera cl\u00f4tur\u00e9 ce soir, dimanche 24 mars, \u00e0 Nefta et Tozeur.<\/strong><\/p>\n<p><!--more--><\/p>\n<p>Oasis Cr\u00e9atives est un projet qui vise le d\u00e9senclavement culturel des jeunes des 5 oasis qui compte la r\u00e9gion du Dj\u00e9rid (sud-ouest de la Tunisie). Il s\u2019est d\u00e9roul\u00e9 en deux phases, celle des r\u00e9sidences artistiques des jeunes cr\u00e9ateurs de cette r\u00e9gion dans les disciplines de la photographie, la vid\u00e9ographie et le design produits et celle du festival pluridisciplinaire qui s\u2019y tient actuellement.<\/p>\n<p>Un projet de La Maison de l&rsquo;image (Mutuelleville, Tunis), soutenu par le projet Tfanen-Tunisie Cr\u00e9atives soutenu par l\u2019Union europ\u00e9enne (UE).<\/p>\n<p style=\"text-align: right;\"><strong>I. B.<\/strong><\/p>\n<blockquote class=\"wp-embedded-content\" data-secret=\"sX37ngetid\"><p><a href=\"https:\/\/kapitalis.com\/tunisie\/2019\/03\/19\/le-festival-oasis-creatives-souvrira-le-22-mars-2019-a-tozeur\/\">Le festival Oasis Cr\u00e9atives s\u2019ouvrira le 22 mars 2019 \u00e0 Tozeur<\/a><\/p><\/blockquote>\n<p><iframe loading=\"lazy\" class=\"wp-embedded-content\" sandbox=\"allow-scripts\" security=\"restricted\" style=\"position: absolute; clip: rect(1px, 1px, 1px, 1px);\" title=\"\u00ab\u00a0Le festival Oasis Cr\u00e9atives s\u2019ouvrira le 22 mars 2019 \u00e0 Tozeur\u00a0\u00bb &#8212; Kapitalis\" src=\"https:\/\/kapitalis.com\/tunisie\/2019\/03\/19\/le-festival-oasis-creatives-souvrira-le-22-mars-2019-a-tozeur\/embed\/#?secret=Nf6MnPktMu#?secret=sX37ngetid\" data-secret=\"sX37ngetid\" width=\"600\" height=\"338\" frameborder=\"0\" marginwidth=\"0\" marginheight=\"0\" scrolling=\"no\"><\/iframe><\/p>\n<blockquote class=\"wp-embedded-content\" data-secret=\"8SNBxDMNDb\"><p><a href=\"https:\/\/kapitalis.com\/tunisie\/2018\/11\/25\/appel-a-candidatures-pour-les-residences-artistiques-oasis-creatives\/\">Appel \u00e0 candidatures pour les r\u00e9sidences artistiques Oasis Cr\u00e9atives<\/a><\/p><\/blockquote>\n<p><iframe loading=\"lazy\" class=\"wp-embedded-content\" sandbox=\"allow-scripts\" security=\"restricted\" style=\"position: absolute; clip: rect(1px, 1px, 1px, 1px);\" title=\"\u00ab\u00a0Appel \u00e0 candidatures pour les r\u00e9sidences artistiques Oasis Cr\u00e9atives\u00a0\u00bb &#8212; Kapitalis\" src=\"https:\/\/kapitalis.com\/tunisie\/2018\/11\/25\/appel-a-candidatures-pour-les-residences-artistiques-oasis-creatives\/embed\/#?secret=pj5Ik9oeCB#?secret=8SNBxDMNDb\" data-secret=\"8SNBxDMNDb\" width=\"600\" height=\"338\" frameborder=\"0\" marginwidth=\"0\" marginheight=\"0\" scrolling=\"no\"><\/iframe><\/p>\n","protected":false},"excerpt":{"rendered":"<p>Photos Amine Landoulsi. Le festival Oasis Cr\u00e9atives s\u2019est ouvert avant-hier, vendredi 22 mars 2019, et sera cl\u00f4tur\u00e9 ce soir, dimanche 24 mars, \u00e0 Nefta et Tozeur.<\/p>\n","protected":false},"author":8,"featured_media":203482,"comment_status":"open","ping_status":"open","sticky":false,"template":"","format":"standard","meta":{"footnotes":""},"categories":[994,2433],"tags":[4243,1208],"class_list":["post-203479","post","type-post","status-publish","format-standard","has-post-thumbnail","hentry","category-culture","category-tunisie","tag-nefta","tag-tozeur"],"yoast_head":"<!-- This site is optimized with the Yoast SEO plugin v26.6 - https:\/\/yoast.com\/wordpress\/plugins\/seo\/ -->\n<title>Le festival Oasis Cr\u00e9atives cl\u00f4tur\u00e9 ce soir \u00e0 Nefta-Tozeur - Kapitalis<\/title>\n<meta name=\"robots\" content=\"index, follow, max-snippet:-1, max-image-preview:large, max-video-preview:-1\" \/>\n<link rel=\"canonical\" href=\"https:\/\/kapitalis.com\/tunisie\/2019\/03\/24\/le-festival-oasis-creatives-cloture-ce-soir-a-nefta-tozeur\/\" \/>\n<meta property=\"og:locale\" content=\"fr_FR\" \/>\n<meta property=\"og:type\" content=\"article\" \/>\n<meta property=\"og:title\" content=\"Le festival Oasis Cr\u00e9atives cl\u00f4tur\u00e9 ce soir \u00e0 Nefta-Tozeur - Kapitalis\" \/>\n<meta property=\"og:description\" content=\"Photos Amine Landoulsi. Le festival Oasis Cr\u00e9atives s\u2019est ouvert avant-hier, vendredi 22 mars 2019, et sera cl\u00f4tur\u00e9 ce soir, dimanche 24 mars, \u00e0 Nefta et Tozeur.\" \/>\n<meta property=\"og:url\" content=\"https:\/\/kapitalis.com\/tunisie\/2019\/03\/24\/le-festival-oasis-creatives-cloture-ce-soir-a-nefta-tozeur\/\" \/>\n<meta property=\"og:site_name\" content=\"Kapitalis\" \/>\n<meta property=\"article:publisher\" content=\"https:\/\/www.facebook.com\/KapitalisInfo\/\" \/>\n<meta property=\"article:published_time\" content=\"2019-03-24T09:49:42+00:00\" \/>\n<meta property=\"og:image\" content=\"https:\/\/kapitalis.com\/tunisie\/wp-content\/uploads\/2022\/05\/kapitalis-logo-fb.png\" \/>\n\t<meta property=\"og:image:width\" content=\"1200\" \/>\n\t<meta property=\"og:image:height\" content=\"630\" \/>\n\t<meta property=\"og:image:type\" content=\"image\/png\" \/>\n<meta name=\"author\" content=\"webmaster kapitalis\" \/>\n<meta name=\"twitter:card\" content=\"summary_large_image\" \/>\n<meta name=\"twitter:creator\" content=\"@KapitalisInfo\" \/>\n<meta name=\"twitter:site\" content=\"@KapitalisInfo\" \/>\n<meta name=\"twitter:label1\" content=\"\u00c9crit par\" \/>\n\t<meta name=\"twitter:data1\" content=\"webmaster kapitalis\" \/>\n\t<meta name=\"twitter:label2\" content=\"Dur\u00e9e de lecture estim\u00e9e\" \/>\n\t<meta name=\"twitter:data2\" content=\"1 minute\" \/>\n<script type=\"application\/ld+json\" class=\"yoast-schema-graph\">{\"@context\":\"https:\/\/schema.org\",\"@graph\":[{\"@type\":\"Article\",\"@id\":\"https:\/\/kapitalis.com\/tunisie\/2019\/03\/24\/le-festival-oasis-creatives-cloture-ce-soir-a-nefta-tozeur\/#article\",\"isPartOf\":{\"@id\":\"https:\/\/kapitalis.com\/tunisie\/2019\/03\/24\/le-festival-oasis-creatives-cloture-ce-soir-a-nefta-tozeur\/\"},\"author\":{\"name\":\"webmaster kapitalis\",\"@id\":\"https:\/\/kapitalis.com\/tunisie\/#\/schema\/person\/d71f33a9ca44f7bad4698210b480c8e9\"},\"headline\":\"Le festival Oasis Cr\u00e9atives cl\u00f4tur\u00e9 ce soir \u00e0 Nefta-Tozeur\",\"datePublished\":\"2019-03-24T09:49:42+00:00\",\"mainEntityOfPage\":{\"@id\":\"https:\/\/kapitalis.com\/tunisie\/2019\/03\/24\/le-festival-oasis-creatives-cloture-ce-soir-a-nefta-tozeur\/\"},\"wordCount\":144,\"commentCount\":0,\"publisher\":{\"@id\":\"https:\/\/kapitalis.com\/tunisie\/#organization\"},\"image\":{\"@id\":\"https:\/\/kapitalis.com\/tunisie\/2019\/03\/24\/le-festival-oasis-creatives-cloture-ce-soir-a-nefta-tozeur\/#primaryimage\"},\"thumbnailUrl\":\"\",\"keywords\":[\"Nefta\",\"Tozeur\"],\"articleSection\":[\"CULTURE\",\"Tunisie\"],\"inLanguage\":\"fr-FR\",\"potentialAction\":[{\"@type\":\"CommentAction\",\"name\":\"Comment\",\"target\":[\"https:\/\/kapitalis.com\/tunisie\/2019\/03\/24\/le-festival-oasis-creatives-cloture-ce-soir-a-nefta-tozeur\/#respond\"]}]},{\"@type\":\"WebPage\",\"@id\":\"https:\/\/kapitalis.com\/tunisie\/2019\/03\/24\/le-festival-oasis-creatives-cloture-ce-soir-a-nefta-tozeur\/\",\"url\":\"https:\/\/kapitalis.com\/tunisie\/2019\/03\/24\/le-festival-oasis-creatives-cloture-ce-soir-a-nefta-tozeur\/\",\"name\":\"Le festival Oasis Cr\u00e9atives cl\u00f4tur\u00e9 ce soir \u00e0 Nefta-Tozeur - Kapitalis\",\"isPartOf\":{\"@id\":\"https:\/\/kapitalis.com\/tunisie\/#website\"},\"primaryImageOfPage\":{\"@id\":\"https:\/\/kapitalis.com\/tunisie\/2019\/03\/24\/le-festival-oasis-creatives-cloture-ce-soir-a-nefta-tozeur\/#primaryimage\"},\"image\":{\"@id\":\"https:\/\/kapitalis.com\/tunisie\/2019\/03\/24\/le-festival-oasis-creatives-cloture-ce-soir-a-nefta-tozeur\/#primaryimage\"},\"thumbnailUrl\":\"\",\"datePublished\":\"2019-03-24T09:49:42+00:00\",\"breadcrumb\":{\"@id\":\"https:\/\/kapitalis.com\/tunisie\/2019\/03\/24\/le-festival-oasis-creatives-cloture-ce-soir-a-nefta-tozeur\/#breadcrumb\"},\"inLanguage\":\"fr-FR\",\"potentialAction\":[{\"@type\":\"ReadAction\",\"target\":[\"https:\/\/kapitalis.com\/tunisie\/2019\/03\/24\/le-festival-oasis-creatives-cloture-ce-soir-a-nefta-tozeur\/\"]}]},{\"@type\":\"ImageObject\",\"inLanguage\":\"fr-FR\",\"@id\":\"https:\/\/kapitalis.com\/tunisie\/2019\/03\/24\/le-festival-oasis-creatives-cloture-ce-soir-a-nefta-tozeur\/#primaryimage\",\"url\":\"\",\"contentUrl\":\"\"},{\"@type\":\"BreadcrumbList\",\"@id\":\"https:\/\/kapitalis.com\/tunisie\/2019\/03\/24\/le-festival-oasis-creatives-cloture-ce-soir-a-nefta-tozeur\/#breadcrumb\",\"itemListElement\":[{\"@type\":\"ListItem\",\"position\":1,\"name\":\"Accueil\",\"item\":\"https:\/\/kapitalis.com\/tunisie\/\"},{\"@type\":\"ListItem\",\"position\":2,\"name\":\"Le festival Oasis Cr\u00e9atives cl\u00f4tur\u00e9 ce soir \u00e0 Nefta-Tozeur\"}]},{\"@type\":\"WebSite\",\"@id\":\"https:\/\/kapitalis.com\/tunisie\/#website\",\"url\":\"https:\/\/kapitalis.com\/tunisie\/\",\"name\":\"Kapitalis\",\"description\":\"L&#039;actualit\u00e9 en Tunisie et dans le monde\",\"publisher\":{\"@id\":\"https:\/\/kapitalis.com\/tunisie\/#organization\"},\"potentialAction\":[{\"@type\":\"SearchAction\",\"target\":{\"@type\":\"EntryPoint\",\"urlTemplate\":\"https:\/\/kapitalis.com\/tunisie\/?s={search_term_string}\"},\"query-input\":{\"@type\":\"PropertyValueSpecification\",\"valueRequired\":true,\"valueName\":\"search_term_string\"}}],\"inLanguage\":\"fr-FR\"},{\"@type\":\"Organization\",\"@id\":\"https:\/\/kapitalis.com\/tunisie\/#organization\",\"name\":\"Kapitalis\",\"url\":\"https:\/\/kapitalis.com\/tunisie\/\",\"logo\":{\"@type\":\"ImageObject\",\"inLanguage\":\"fr-FR\",\"@id\":\"https:\/\/kapitalis.com\/tunisie\/#\/schema\/logo\/image\/\",\"url\":\"https:\/\/kapitalis.com\/tunisie\/wp-content\/uploads\/2022\/05\/Kapitalis-big-size.png\",\"contentUrl\":\"https:\/\/kapitalis.com\/tunisie\/wp-content\/uploads\/2022\/05\/Kapitalis-big-size.png\",\"width\":5000,\"height\":1500,\"caption\":\"Kapitalis\"},\"image\":{\"@id\":\"https:\/\/kapitalis.com\/tunisie\/#\/schema\/logo\/image\/\"},\"sameAs\":[\"https:\/\/www.facebook.com\/KapitalisInfo\/\",\"https:\/\/x.com\/KapitalisInfo\",\"https:\/\/www.youtube.com\/channel\/UC-yDYrHyfFBWWZaOw3FPg9Q\"]},{\"@type\":\"Person\",\"@id\":\"https:\/\/kapitalis.com\/tunisie\/#\/schema\/person\/d71f33a9ca44f7bad4698210b480c8e9\",\"name\":\"webmaster kapitalis\",\"url\":\"https:\/\/kapitalis.com\/tunisie\/author\/webmaster-kapitalis\/\"}]}<\/script>\n<!-- \/ Yoast SEO plugin. -->","yoast_head_json":{"title":"Le festival Oasis Cr\u00e9atives cl\u00f4tur\u00e9 ce soir \u00e0 Nefta-Tozeur - Kapitalis","robots":{"index":"index","follow":"follow","max-snippet":"max-snippet:-1","max-image-preview":"max-image-preview:large","max-video-preview":"max-video-preview:-1"},"canonical":"https:\/\/kapitalis.com\/tunisie\/2019\/03\/24\/le-festival-oasis-creatives-cloture-ce-soir-a-nefta-tozeur\/","og_locale":"fr_FR","og_type":"article","og_title":"Le festival Oasis Cr\u00e9atives cl\u00f4tur\u00e9 ce soir \u00e0 Nefta-Tozeur - Kapitalis","og_description":"Photos Amine Landoulsi. Le festival Oasis Cr\u00e9atives s\u2019est ouvert avant-hier, vendredi 22 mars 2019, et sera cl\u00f4tur\u00e9 ce soir, dimanche 24 mars, \u00e0 Nefta et Tozeur.","og_url":"https:\/\/kapitalis.com\/tunisie\/2019\/03\/24\/le-festival-oasis-creatives-cloture-ce-soir-a-nefta-tozeur\/","og_site_name":"Kapitalis","article_publisher":"https:\/\/www.facebook.com\/KapitalisInfo\/","article_published_time":"2019-03-24T09:49:42+00:00","og_image":[{"width":1200,"height":630,"url":"https:\/\/kapitalis.com\/tunisie\/wp-content\/uploads\/2022\/05\/kapitalis-logo-fb.png","type":"image\/png"}],"author":"webmaster kapitalis","twitter_card":"summary_large_image","twitter_creator":"@KapitalisInfo","twitter_site":"@KapitalisInfo","twitter_misc":{"\u00c9crit par":"webmaster kapitalis","Dur\u00e9e de lecture estim\u00e9e":"1 minute"},"schema":{"@context":"https:\/\/schema.org","@graph":[{"@type":"Article","@id":"https:\/\/kapitalis.com\/tunisie\/2019\/03\/24\/le-festival-oasis-creatives-cloture-ce-soir-a-nefta-tozeur\/#article","isPartOf":{"@id":"https:\/\/kapitalis.com\/tunisie\/2019\/03\/24\/le-festival-oasis-creatives-cloture-ce-soir-a-nefta-tozeur\/"},"author":{"name":"webmaster kapitalis","@id":"https:\/\/kapitalis.com\/tunisie\/#\/schema\/person\/d71f33a9ca44f7bad4698210b480c8e9"},"headline":"Le festival Oasis Cr\u00e9atives cl\u00f4tur\u00e9 ce soir \u00e0 Nefta-Tozeur","datePublished":"2019-03-24T09:49:42+00:00","mainEntityOfPage":{"@id":"https:\/\/kapitalis.com\/tunisie\/2019\/03\/24\/le-festival-oasis-creatives-cloture-ce-soir-a-nefta-tozeur\/"},"wordCount":144,"commentCount":0,"publisher":{"@id":"https:\/\/kapitalis.com\/tunisie\/#organization"},"image":{"@id":"https:\/\/kapitalis.com\/tunisie\/2019\/03\/24\/le-festival-oasis-creatives-cloture-ce-soir-a-nefta-tozeur\/#primaryimage"},"thumbnailUrl":"","keywords":["Nefta","Tozeur"],"articleSection":["CULTURE","Tunisie"],"inLanguage":"fr-FR","potentialAction":[{"@type":"CommentAction","name":"Comment","target":["https:\/\/kapitalis.com\/tunisie\/2019\/03\/24\/le-festival-oasis-creatives-cloture-ce-soir-a-nefta-tozeur\/#respond"]}]},{"@type":"WebPage","@id":"https:\/\/kapitalis.com\/tunisie\/2019\/03\/24\/le-festival-oasis-creatives-cloture-ce-soir-a-nefta-tozeur\/","url":"https:\/\/kapitalis.com\/tunisie\/2019\/03\/24\/le-festival-oasis-creatives-cloture-ce-soir-a-nefta-tozeur\/","name":"Le festival Oasis Cr\u00e9atives cl\u00f4tur\u00e9 ce soir \u00e0 Nefta-Tozeur - Kapitalis","isPartOf":{"@id":"https:\/\/kapitalis.com\/tunisie\/#website"},"primaryImageOfPage":{"@id":"https:\/\/kapitalis.com\/tunisie\/2019\/03\/24\/le-festival-oasis-creatives-cloture-ce-soir-a-nefta-tozeur\/#primaryimage"},"image":{"@id":"https:\/\/kapitalis.com\/tunisie\/2019\/03\/24\/le-festival-oasis-creatives-cloture-ce-soir-a-nefta-tozeur\/#primaryimage"},"thumbnailUrl":"","datePublished":"2019-03-24T09:49:42+00:00","breadcrumb":{"@id":"https:\/\/kapitalis.com\/tunisie\/2019\/03\/24\/le-festival-oasis-creatives-cloture-ce-soir-a-nefta-tozeur\/#breadcrumb"},"inLanguage":"fr-FR","potentialAction":[{"@type":"ReadAction","target":["https:\/\/kapitalis.com\/tunisie\/2019\/03\/24\/le-festival-oasis-creatives-cloture-ce-soir-a-nefta-tozeur\/"]}]},{"@type":"ImageObject","inLanguage":"fr-FR","@id":"https:\/\/kapitalis.com\/tunisie\/2019\/03\/24\/le-festival-oasis-creatives-cloture-ce-soir-a-nefta-tozeur\/#primaryimage","url":"","contentUrl":""},{"@type":"BreadcrumbList","@id":"https:\/\/kapitalis.com\/tunisie\/2019\/03\/24\/le-festival-oasis-creatives-cloture-ce-soir-a-nefta-tozeur\/#breadcrumb","itemListElement":[{"@type":"ListItem","position":1,"name":"Accueil","item":"https:\/\/kapitalis.com\/tunisie\/"},{"@type":"ListItem","position":2,"name":"Le festival Oasis Cr\u00e9atives cl\u00f4tur\u00e9 ce soir \u00e0 Nefta-Tozeur"}]},{"@type":"WebSite","@id":"https:\/\/kapitalis.com\/tunisie\/#website","url":"https:\/\/kapitalis.com\/tunisie\/","name":"Kapitalis","description":"L&#039;actualit\u00e9 en Tunisie et dans le monde","publisher":{"@id":"https:\/\/kapitalis.com\/tunisie\/#organization"},"potentialAction":[{"@type":"SearchAction","target":{"@type":"EntryPoint","urlTemplate":"https:\/\/kapitalis.com\/tunisie\/?s={search_term_string}"},"query-input":{"@type":"PropertyValueSpecification","valueRequired":true,"valueName":"search_term_string"}}],"inLanguage":"fr-FR"},{"@type":"Organization","@id":"https:\/\/kapitalis.com\/tunisie\/#organization","name":"Kapitalis","url":"https:\/\/kapitalis.com\/tunisie\/","logo":{"@type":"ImageObject","inLanguage":"fr-FR","@id":"https:\/\/kapitalis.com\/tunisie\/#\/schema\/logo\/image\/","url":"https:\/\/kapitalis.com\/tunisie\/wp-content\/uploads\/2022\/05\/Kapitalis-big-size.png","contentUrl":"https:\/\/kapitalis.com\/tunisie\/wp-content\/uploads\/2022\/05\/Kapitalis-big-size.png","width":5000,"height":1500,"caption":"Kapitalis"},"image":{"@id":"https:\/\/kapitalis.com\/tunisie\/#\/schema\/logo\/image\/"},"sameAs":["https:\/\/www.facebook.com\/KapitalisInfo\/","https:\/\/x.com\/KapitalisInfo","https:\/\/www.youtube.com\/channel\/UC-yDYrHyfFBWWZaOw3FPg9Q"]},{"@type":"Person","@id":"https:\/\/kapitalis.com\/tunisie\/#\/schema\/person\/d71f33a9ca44f7bad4698210b480c8e9","name":"webmaster kapitalis","url":"https:\/\/kapitalis.com\/tunisie\/author\/webmaster-kapitalis\/"}]}},"_links":{"self":[{"href":"https:\/\/kapitalis.com\/tunisie\/wp-json\/wp\/v2\/posts\/203479","targetHints":{"allow":["GET"]}}],"collection":[{"href":"https:\/\/kapitalis.com\/tunisie\/wp-json\/wp\/v2\/posts"}],"about":[{"href":"https:\/\/kapitalis.com\/tunisie\/wp-json\/wp\/v2\/types\/post"}],"author":[{"embeddable":true,"href":"https:\/\/kapitalis.com\/tunisie\/wp-json\/wp\/v2\/users\/8"}],"replies":[{"embeddable":true,"href":"https:\/\/kapitalis.com\/tunisie\/wp-json\/wp\/v2\/comments?post=203479"}],"version-history":[{"count":0,"href":"https:\/\/kapitalis.com\/tunisie\/wp-json\/wp\/v2\/posts\/203479\/revisions"}],"wp:featuredmedia":[{"embeddable":true,"href":"https:\/\/kapitalis.com\/tunisie\/wp-json\/wp\/v2\/media\/203482"}],"wp:attachment":[{"href":"https:\/\/kapitalis.com\/tunisie\/wp-json\/wp\/v2\/media?parent=203479"}],"wp:term":[{"taxonomy":"category","embeddable":true,"href":"https:\/\/kapitalis.com\/tunisie\/wp-json\/wp\/v2\/categories?post=203479"},{"taxonomy":"post_tag","embeddable":true,"href":"https:\/\/kapitalis.com\/tunisie\/wp-json\/wp\/v2\/tags?post=203479"}],"curies":[{"name":"wp","href":"https:\/\/api.w.org\/{rel}","templated":true}]}}