{"id":203584,"date":"2019-03-25T14:05:20","date_gmt":"2019-03-25T13:05:20","guid":{"rendered":"http:\/\/kapitalis.com\/tunisie\/?p=203584"},"modified":"2019-03-25T14:05:21","modified_gmt":"2019-03-25T13:05:21","slug":"migration-clandestine-cent-individus-dont-30-mineurs-arretes-a-la-goulette","status":"publish","type":"post","link":"https:\/\/kapitalis.com\/tunisie\/2019\/03\/25\/migration-clandestine-cent-individus-dont-30-mineurs-arretes-a-la-goulette\/","title":{"rendered":"Migration clandestine : Cent individus dont 30 mineurs arr\u00eat\u00e9s \u00e0 la Goulette"},"content":{"rendered":"<p style=\"text-align: center;\"><img loading=\"lazy\" decoding=\"async\" class=\"alignnone size-full wp-image-203586\" src=\"http:\/\/kapitalis.com\/tunisie\/wp-content\/uploads\/2019\/03\/Port-La-Goulette.jpg\" alt=\"\" width=\"626\" height=\"380\" \/><\/p>\n<p><em><strong>Contrairement \u00e0 ce qui a \u00e9t\u00e9 diffus\u00e9 par des m\u00e9dias, le port de la Goulette n\u2019a pas \u00e9t\u00e9 assailli par une centaine de migrants clandestins arm\u00e9s. En revanche\u0629 la police a arr\u00eat\u00e9, au port et aux alentours, entre samedi 23 et dimanche 25 mars 2019, 100 individus dont 30 mineurs.<\/strong><\/em><!--more--><\/p>\n<p>Ces pr\u00e9sum\u00e9s candidats \u00e0 la migration clandestine ont \u00e9t\u00e9 arr\u00eat\u00e9s au cours d\u2019une op\u00e9ration men\u00e9e par le district de la s\u00fbret\u00e9 nationale. Le minist\u00e8re de l\u2019Int\u00e9rieur pr\u00e9cise, dans un communiqu\u00e9, que les suspects n\u2019\u00e9taient pas arm\u00e9s.<\/p>\n<p>Les 70 adultes ont \u00e9t\u00e9 plac\u00e9s en d\u00e9tention et les 30 mineurs devront compara\u00eetre libres devant le juge pour enfants.<\/p>\n<p>D\u2019autre part, le minist\u00e8re de l&rsquo;Int\u00e9rieur appelle les m\u00e9dias \u00e0 se r\u00e9f\u00e9rer aux sources officielles pour \u00e9viter de diffuser des intox.<\/p>\n<p style=\"text-align: right;\"><strong>Y. N.<\/strong><\/p>\n","protected":false},"excerpt":{"rendered":"<p>Contrairement \u00e0 ce qui a \u00e9t\u00e9 diffus\u00e9 par des m\u00e9dias, le port de la Goulette n\u2019a pas \u00e9t\u00e9 assailli par une centaine de migrants clandestins arm\u00e9s. En revanche\u0629 la police a arr\u00eat\u00e9, au port et aux alentours, entre samedi 23 et dimanche 25 mars 2019, 100 individus dont 30 mineurs.<\/p>\n","protected":false},"author":6,"featured_media":203586,"comment_status":"open","ping_status":"open","sticky":false,"template":"","format":"standard","meta":{"footnotes":""},"categories":[998,2433],"tags":[3478,2843,16759,2474],"class_list":["post-203584","post","type-post","status-publish","format-standard","has-post-thumbnail","hentry","category-societe","category-tunisie","tag-goulette","tag-migration-clandestine","tag-mineurs","tag-port"],"yoast_head":"<!-- This site is optimized with the Yoast SEO plugin v26.6 - https:\/\/yoast.com\/wordpress\/plugins\/seo\/ -->\n<title>Migration clandestine : Cent individus dont 30 mineurs arr\u00eat\u00e9s \u00e0 la Goulette - Kapitalis<\/title>\n<meta name=\"robots\" content=\"index, follow, max-snippet:-1, max-image-preview:large, max-video-preview:-1\" \/>\n<link rel=\"canonical\" href=\"https:\/\/kapitalis.com\/tunisie\/2019\/03\/25\/migration-clandestine-cent-individus-dont-30-mineurs-arretes-a-la-goulette\/\" \/>\n<meta property=\"og:locale\" content=\"fr_FR\" \/>\n<meta property=\"og:type\" content=\"article\" \/>\n<meta property=\"og:title\" content=\"Migration clandestine : Cent individus dont 30 mineurs arr\u00eat\u00e9s \u00e0 la Goulette - Kapitalis\" \/>\n<meta property=\"og:description\" content=\"Contrairement \u00e0 ce qui a \u00e9t\u00e9 diffus\u00e9 par des m\u00e9dias, le port de la Goulette n\u2019a pas \u00e9t\u00e9 assailli par une centaine de migrants clandestins arm\u00e9s. En revanche\u0629 la police a arr\u00eat\u00e9, au port et aux alentours, entre samedi 23 et dimanche 25 mars 2019, 100 individus dont 30 mineurs.\" \/>\n<meta property=\"og:url\" content=\"https:\/\/kapitalis.com\/tunisie\/2019\/03\/25\/migration-clandestine-cent-individus-dont-30-mineurs-arretes-a-la-goulette\/\" \/>\n<meta property=\"og:site_name\" content=\"Kapitalis\" \/>\n<meta property=\"article:publisher\" content=\"https:\/\/www.facebook.com\/KapitalisInfo\/\" \/>\n<meta property=\"article:published_time\" content=\"2019-03-25T13:05:20+00:00\" \/>\n<meta property=\"article:modified_time\" content=\"2019-03-25T13:05:21+00:00\" \/>\n<meta property=\"og:image\" content=\"https:\/\/kapitalis.com\/tunisie\/wp-content\/uploads\/2022\/05\/kapitalis-logo-fb.png\" \/>\n\t<meta property=\"og:image:width\" content=\"1200\" \/>\n\t<meta property=\"og:image:height\" content=\"630\" \/>\n\t<meta property=\"og:image:type\" content=\"image\/png\" \/>\n<meta name=\"author\" content=\"Yusra NY\" \/>\n<meta name=\"twitter:card\" content=\"summary_large_image\" \/>\n<meta name=\"twitter:creator\" content=\"@KapitalisInfo\" \/>\n<meta name=\"twitter:site\" content=\"@KapitalisInfo\" \/>\n<meta name=\"twitter:label1\" content=\"\u00c9crit par\" \/>\n\t<meta name=\"twitter:data1\" content=\"Yusra NY\" \/>\n\t<meta name=\"twitter:label2\" content=\"Dur\u00e9e de lecture estim\u00e9e\" \/>\n\t<meta name=\"twitter:data2\" content=\"1 minute\" \/>\n<script type=\"application\/ld+json\" class=\"yoast-schema-graph\">{\"@context\":\"https:\/\/schema.org\",\"@graph\":[{\"@type\":\"Article\",\"@id\":\"https:\/\/kapitalis.com\/tunisie\/2019\/03\/25\/migration-clandestine-cent-individus-dont-30-mineurs-arretes-a-la-goulette\/#article\",\"isPartOf\":{\"@id\":\"https:\/\/kapitalis.com\/tunisie\/2019\/03\/25\/migration-clandestine-cent-individus-dont-30-mineurs-arretes-a-la-goulette\/\"},\"author\":{\"name\":\"Yusra NY\",\"@id\":\"https:\/\/kapitalis.com\/tunisie\/#\/schema\/person\/74bbde0154d49d790a92aaeac5bc01d5\"},\"headline\":\"Migration clandestine : Cent individus dont 30 mineurs arr\u00eat\u00e9s \u00e0 la Goulette\",\"datePublished\":\"2019-03-25T13:05:20+00:00\",\"dateModified\":\"2019-03-25T13:05:21+00:00\",\"mainEntityOfPage\":{\"@id\":\"https:\/\/kapitalis.com\/tunisie\/2019\/03\/25\/migration-clandestine-cent-individus-dont-30-mineurs-arretes-a-la-goulette\/\"},\"wordCount\":157,\"commentCount\":1,\"publisher\":{\"@id\":\"https:\/\/kapitalis.com\/tunisie\/#organization\"},\"image\":{\"@id\":\"https:\/\/kapitalis.com\/tunisie\/2019\/03\/25\/migration-clandestine-cent-individus-dont-30-mineurs-arretes-a-la-goulette\/#primaryimage\"},\"thumbnailUrl\":\"\",\"keywords\":[\"Goulette\",\"migration clandestine\",\"mineurs\",\"port\"],\"articleSection\":[\"SOCIETE\",\"Tunisie\"],\"inLanguage\":\"fr-FR\",\"potentialAction\":[{\"@type\":\"CommentAction\",\"name\":\"Comment\",\"target\":[\"https:\/\/kapitalis.com\/tunisie\/2019\/03\/25\/migration-clandestine-cent-individus-dont-30-mineurs-arretes-a-la-goulette\/#respond\"]}]},{\"@type\":\"WebPage\",\"@id\":\"https:\/\/kapitalis.com\/tunisie\/2019\/03\/25\/migration-clandestine-cent-individus-dont-30-mineurs-arretes-a-la-goulette\/\",\"url\":\"https:\/\/kapitalis.com\/tunisie\/2019\/03\/25\/migration-clandestine-cent-individus-dont-30-mineurs-arretes-a-la-goulette\/\",\"name\":\"Migration clandestine : Cent individus dont 30 mineurs arr\u00eat\u00e9s \u00e0 la Goulette - Kapitalis\",\"isPartOf\":{\"@id\":\"https:\/\/kapitalis.com\/tunisie\/#website\"},\"primaryImageOfPage\":{\"@id\":\"https:\/\/kapitalis.com\/tunisie\/2019\/03\/25\/migration-clandestine-cent-individus-dont-30-mineurs-arretes-a-la-goulette\/#primaryimage\"},\"image\":{\"@id\":\"https:\/\/kapitalis.com\/tunisie\/2019\/03\/25\/migration-clandestine-cent-individus-dont-30-mineurs-arretes-a-la-goulette\/#primaryimage\"},\"thumbnailUrl\":\"\",\"datePublished\":\"2019-03-25T13:05:20+00:00\",\"dateModified\":\"2019-03-25T13:05:21+00:00\",\"breadcrumb\":{\"@id\":\"https:\/\/kapitalis.com\/tunisie\/2019\/03\/25\/migration-clandestine-cent-individus-dont-30-mineurs-arretes-a-la-goulette\/#breadcrumb\"},\"inLanguage\":\"fr-FR\",\"potentialAction\":[{\"@type\":\"ReadAction\",\"target\":[\"https:\/\/kapitalis.com\/tunisie\/2019\/03\/25\/migration-clandestine-cent-individus-dont-30-mineurs-arretes-a-la-goulette\/\"]}]},{\"@type\":\"ImageObject\",\"inLanguage\":\"fr-FR\",\"@id\":\"https:\/\/kapitalis.com\/tunisie\/2019\/03\/25\/migration-clandestine-cent-individus-dont-30-mineurs-arretes-a-la-goulette\/#primaryimage\",\"url\":\"\",\"contentUrl\":\"\"},{\"@type\":\"BreadcrumbList\",\"@id\":\"https:\/\/kapitalis.com\/tunisie\/2019\/03\/25\/migration-clandestine-cent-individus-dont-30-mineurs-arretes-a-la-goulette\/#breadcrumb\",\"itemListElement\":[{\"@type\":\"ListItem\",\"position\":1,\"name\":\"Accueil\",\"item\":\"https:\/\/kapitalis.com\/tunisie\/\"},{\"@type\":\"ListItem\",\"position\":2,\"name\":\"Migration clandestine : Cent individus dont 30 mineurs arr\u00eat\u00e9s \u00e0 la Goulette\"}]},{\"@type\":\"WebSite\",\"@id\":\"https:\/\/kapitalis.com\/tunisie\/#website\",\"url\":\"https:\/\/kapitalis.com\/tunisie\/\",\"name\":\"Kapitalis\",\"description\":\"L&#039;actualit\u00e9 en Tunisie et dans le monde\",\"publisher\":{\"@id\":\"https:\/\/kapitalis.com\/tunisie\/#organization\"},\"potentialAction\":[{\"@type\":\"SearchAction\",\"target\":{\"@type\":\"EntryPoint\",\"urlTemplate\":\"https:\/\/kapitalis.com\/tunisie\/?s={search_term_string}\"},\"query-input\":{\"@type\":\"PropertyValueSpecification\",\"valueRequired\":true,\"valueName\":\"search_term_string\"}}],\"inLanguage\":\"fr-FR\"},{\"@type\":\"Organization\",\"@id\":\"https:\/\/kapitalis.com\/tunisie\/#organization\",\"name\":\"Kapitalis\",\"url\":\"https:\/\/kapitalis.com\/tunisie\/\",\"logo\":{\"@type\":\"ImageObject\",\"inLanguage\":\"fr-FR\",\"@id\":\"https:\/\/kapitalis.com\/tunisie\/#\/schema\/logo\/image\/\",\"url\":\"https:\/\/kapitalis.com\/tunisie\/wp-content\/uploads\/2022\/05\/Kapitalis-big-size.png\",\"contentUrl\":\"https:\/\/kapitalis.com\/tunisie\/wp-content\/uploads\/2022\/05\/Kapitalis-big-size.png\",\"width\":5000,\"height\":1500,\"caption\":\"Kapitalis\"},\"image\":{\"@id\":\"https:\/\/kapitalis.com\/tunisie\/#\/schema\/logo\/image\/\"},\"sameAs\":[\"https:\/\/www.facebook.com\/KapitalisInfo\/\",\"https:\/\/x.com\/KapitalisInfo\",\"https:\/\/www.youtube.com\/channel\/UC-yDYrHyfFBWWZaOw3FPg9Q\"]},{\"@type\":\"Person\",\"@id\":\"https:\/\/kapitalis.com\/tunisie\/#\/schema\/person\/74bbde0154d49d790a92aaeac5bc01d5\",\"name\":\"Yusra NY\",\"url\":\"https:\/\/kapitalis.com\/tunisie\/author\/yuza_adam\/\"}]}<\/script>\n<!-- \/ Yoast SEO plugin. -->","yoast_head_json":{"title":"Migration clandestine : Cent individus dont 30 mineurs arr\u00eat\u00e9s \u00e0 la Goulette - Kapitalis","robots":{"index":"index","follow":"follow","max-snippet":"max-snippet:-1","max-image-preview":"max-image-preview:large","max-video-preview":"max-video-preview:-1"},"canonical":"https:\/\/kapitalis.com\/tunisie\/2019\/03\/25\/migration-clandestine-cent-individus-dont-30-mineurs-arretes-a-la-goulette\/","og_locale":"fr_FR","og_type":"article","og_title":"Migration clandestine : Cent individus dont 30 mineurs arr\u00eat\u00e9s \u00e0 la Goulette - Kapitalis","og_description":"Contrairement \u00e0 ce qui a \u00e9t\u00e9 diffus\u00e9 par des m\u00e9dias, le port de la Goulette n\u2019a pas \u00e9t\u00e9 assailli par une centaine de migrants clandestins arm\u00e9s. En revanche\u0629 la police a arr\u00eat\u00e9, au port et aux alentours, entre samedi 23 et dimanche 25 mars 2019, 100 individus dont 30 mineurs.","og_url":"https:\/\/kapitalis.com\/tunisie\/2019\/03\/25\/migration-clandestine-cent-individus-dont-30-mineurs-arretes-a-la-goulette\/","og_site_name":"Kapitalis","article_publisher":"https:\/\/www.facebook.com\/KapitalisInfo\/","article_published_time":"2019-03-25T13:05:20+00:00","article_modified_time":"2019-03-25T13:05:21+00:00","og_image":[{"width":1200,"height":630,"url":"https:\/\/kapitalis.com\/tunisie\/wp-content\/uploads\/2022\/05\/kapitalis-logo-fb.png","type":"image\/png"}],"author":"Yusra NY","twitter_card":"summary_large_image","twitter_creator":"@KapitalisInfo","twitter_site":"@KapitalisInfo","twitter_misc":{"\u00c9crit par":"Yusra NY","Dur\u00e9e de lecture estim\u00e9e":"1 minute"},"schema":{"@context":"https:\/\/schema.org","@graph":[{"@type":"Article","@id":"https:\/\/kapitalis.com\/tunisie\/2019\/03\/25\/migration-clandestine-cent-individus-dont-30-mineurs-arretes-a-la-goulette\/#article","isPartOf":{"@id":"https:\/\/kapitalis.com\/tunisie\/2019\/03\/25\/migration-clandestine-cent-individus-dont-30-mineurs-arretes-a-la-goulette\/"},"author":{"name":"Yusra NY","@id":"https:\/\/kapitalis.com\/tunisie\/#\/schema\/person\/74bbde0154d49d790a92aaeac5bc01d5"},"headline":"Migration clandestine : Cent individus dont 30 mineurs arr\u00eat\u00e9s \u00e0 la Goulette","datePublished":"2019-03-25T13:05:20+00:00","dateModified":"2019-03-25T13:05:21+00:00","mainEntityOfPage":{"@id":"https:\/\/kapitalis.com\/tunisie\/2019\/03\/25\/migration-clandestine-cent-individus-dont-30-mineurs-arretes-a-la-goulette\/"},"wordCount":157,"commentCount":1,"publisher":{"@id":"https:\/\/kapitalis.com\/tunisie\/#organization"},"image":{"@id":"https:\/\/kapitalis.com\/tunisie\/2019\/03\/25\/migration-clandestine-cent-individus-dont-30-mineurs-arretes-a-la-goulette\/#primaryimage"},"thumbnailUrl":"","keywords":["Goulette","migration clandestine","mineurs","port"],"articleSection":["SOCIETE","Tunisie"],"inLanguage":"fr-FR","potentialAction":[{"@type":"CommentAction","name":"Comment","target":["https:\/\/kapitalis.com\/tunisie\/2019\/03\/25\/migration-clandestine-cent-individus-dont-30-mineurs-arretes-a-la-goulette\/#respond"]}]},{"@type":"WebPage","@id":"https:\/\/kapitalis.com\/tunisie\/2019\/03\/25\/migration-clandestine-cent-individus-dont-30-mineurs-arretes-a-la-goulette\/","url":"https:\/\/kapitalis.com\/tunisie\/2019\/03\/25\/migration-clandestine-cent-individus-dont-30-mineurs-arretes-a-la-goulette\/","name":"Migration clandestine : Cent individus dont 30 mineurs arr\u00eat\u00e9s \u00e0 la Goulette - Kapitalis","isPartOf":{"@id":"https:\/\/kapitalis.com\/tunisie\/#website"},"primaryImageOfPage":{"@id":"https:\/\/kapitalis.com\/tunisie\/2019\/03\/25\/migration-clandestine-cent-individus-dont-30-mineurs-arretes-a-la-goulette\/#primaryimage"},"image":{"@id":"https:\/\/kapitalis.com\/tunisie\/2019\/03\/25\/migration-clandestine-cent-individus-dont-30-mineurs-arretes-a-la-goulette\/#primaryimage"},"thumbnailUrl":"","datePublished":"2019-03-25T13:05:20+00:00","dateModified":"2019-03-25T13:05:21+00:00","breadcrumb":{"@id":"https:\/\/kapitalis.com\/tunisie\/2019\/03\/25\/migration-clandestine-cent-individus-dont-30-mineurs-arretes-a-la-goulette\/#breadcrumb"},"inLanguage":"fr-FR","potentialAction":[{"@type":"ReadAction","target":["https:\/\/kapitalis.com\/tunisie\/2019\/03\/25\/migration-clandestine-cent-individus-dont-30-mineurs-arretes-a-la-goulette\/"]}]},{"@type":"ImageObject","inLanguage":"fr-FR","@id":"https:\/\/kapitalis.com\/tunisie\/2019\/03\/25\/migration-clandestine-cent-individus-dont-30-mineurs-arretes-a-la-goulette\/#primaryimage","url":"","contentUrl":""},{"@type":"BreadcrumbList","@id":"https:\/\/kapitalis.com\/tunisie\/2019\/03\/25\/migration-clandestine-cent-individus-dont-30-mineurs-arretes-a-la-goulette\/#breadcrumb","itemListElement":[{"@type":"ListItem","position":1,"name":"Accueil","item":"https:\/\/kapitalis.com\/tunisie\/"},{"@type":"ListItem","position":2,"name":"Migration clandestine : Cent individus dont 30 mineurs arr\u00eat\u00e9s \u00e0 la Goulette"}]},{"@type":"WebSite","@id":"https:\/\/kapitalis.com\/tunisie\/#website","url":"https:\/\/kapitalis.com\/tunisie\/","name":"Kapitalis","description":"L&#039;actualit\u00e9 en Tunisie et dans le monde","publisher":{"@id":"https:\/\/kapitalis.com\/tunisie\/#organization"},"potentialAction":[{"@type":"SearchAction","target":{"@type":"EntryPoint","urlTemplate":"https:\/\/kapitalis.com\/tunisie\/?s={search_term_string}"},"query-input":{"@type":"PropertyValueSpecification","valueRequired":true,"valueName":"search_term_string"}}],"inLanguage":"fr-FR"},{"@type":"Organization","@id":"https:\/\/kapitalis.com\/tunisie\/#organization","name":"Kapitalis","url":"https:\/\/kapitalis.com\/tunisie\/","logo":{"@type":"ImageObject","inLanguage":"fr-FR","@id":"https:\/\/kapitalis.com\/tunisie\/#\/schema\/logo\/image\/","url":"https:\/\/kapitalis.com\/tunisie\/wp-content\/uploads\/2022\/05\/Kapitalis-big-size.png","contentUrl":"https:\/\/kapitalis.com\/tunisie\/wp-content\/uploads\/2022\/05\/Kapitalis-big-size.png","width":5000,"height":1500,"caption":"Kapitalis"},"image":{"@id":"https:\/\/kapitalis.com\/tunisie\/#\/schema\/logo\/image\/"},"sameAs":["https:\/\/www.facebook.com\/KapitalisInfo\/","https:\/\/x.com\/KapitalisInfo","https:\/\/www.youtube.com\/channel\/UC-yDYrHyfFBWWZaOw3FPg9Q"]},{"@type":"Person","@id":"https:\/\/kapitalis.com\/tunisie\/#\/schema\/person\/74bbde0154d49d790a92aaeac5bc01d5","name":"Yusra NY","url":"https:\/\/kapitalis.com\/tunisie\/author\/yuza_adam\/"}]}},"_links":{"self":[{"href":"https:\/\/kapitalis.com\/tunisie\/wp-json\/wp\/v2\/posts\/203584","targetHints":{"allow":["GET"]}}],"collection":[{"href":"https:\/\/kapitalis.com\/tunisie\/wp-json\/wp\/v2\/posts"}],"about":[{"href":"https:\/\/kapitalis.com\/tunisie\/wp-json\/wp\/v2\/types\/post"}],"author":[{"embeddable":true,"href":"https:\/\/kapitalis.com\/tunisie\/wp-json\/wp\/v2\/users\/6"}],"replies":[{"embeddable":true,"href":"https:\/\/kapitalis.com\/tunisie\/wp-json\/wp\/v2\/comments?post=203584"}],"version-history":[{"count":0,"href":"https:\/\/kapitalis.com\/tunisie\/wp-json\/wp\/v2\/posts\/203584\/revisions"}],"wp:featuredmedia":[{"embeddable":true,"href":"https:\/\/kapitalis.com\/tunisie\/wp-json\/wp\/v2\/media\/203586"}],"wp:attachment":[{"href":"https:\/\/kapitalis.com\/tunisie\/wp-json\/wp\/v2\/media?parent=203584"}],"wp:term":[{"taxonomy":"category","embeddable":true,"href":"https:\/\/kapitalis.com\/tunisie\/wp-json\/wp\/v2\/categories?post=203584"},{"taxonomy":"post_tag","embeddable":true,"href":"https:\/\/kapitalis.com\/tunisie\/wp-json\/wp\/v2\/tags?post=203584"}],"curies":[{"name":"wp","href":"https:\/\/api.w.org\/{rel}","templated":true}]}}