{"id":203739,"date":"2019-03-26T17:58:40","date_gmt":"2019-03-26T16:58:40","guid":{"rendered":"http:\/\/kapitalis.com\/tunisie\/?p=203739"},"modified":"2019-03-26T18:02:04","modified_gmt":"2019-03-26T17:02:04","slug":"deces-de-sahbi-amri-en-prison-intox-diffusee-par-son-ami-haj-mansour","status":"publish","type":"post","link":"https:\/\/kapitalis.com\/tunisie\/2019\/03\/26\/deces-de-sahbi-amri-en-prison-intox-diffusee-par-son-ami-haj-mansour\/","title":{"rendered":"D\u00e9c\u00e8s de Sahbi Amri en prison : Intox diffus\u00e9e par son ami Haj Mansour"},"content":{"rendered":"<p style=\"text-align: center;\"><img loading=\"lazy\" decoding=\"async\" class=\"alignnone size-full wp-image-203744\" src=\"http:\/\/kapitalis.com\/tunisie\/wp-content\/uploads\/2019\/03\/Sahbi-Amri.jpg\" alt=\"\" width=\"626\" height=\"380\" \/><\/p>\n<p><strong><em>Le blogueur Sahbi Amri n\u2019est pas mort en prison, comme pr\u00e9tendu cet apr\u00e8s-midi, mardi 26 mars 2019, par le directeur du journal \u00ab\u00a0Al-Thawra News\u00a0\u00bb, Mohamed Na\u00efm Haj Mansour, et autres blogueurs islamistes, \u00e0 l\u2019instar de Maher Zid, sp\u00e9cialis\u00e9s dans les fake news.<\/em><\/strong><!--more--><\/p>\n<p>Le porte-parole de la direction g\u00e9n\u00e9rale des prisons, Sofien Mezghich a d\u00e9menti cette information relative au d\u00e9c\u00e8s du d\u00e9tenu Sahbi Amri, dans sa cellule \u00e0 la prison de la Mornaguia, que ses amis se sont empress\u00e9s de surnommer: \u00ab<em>le martyr de la libert\u00e9 d&rsquo;expression<\/em>\u00bb, apr\u00e8s la diffusion de l\u2019intox par Haj Mansour, patron d&rsquo;un journal sp\u00e9cialis\u00e9 dans la diffamation et la d\u00e9sinformation, et qui a \u00e9t\u00e9 reprise, sans v\u00e9rification, par plusieurs activistes.<\/p>\n<p>M. Amri est en bonne sant\u00e9 mentale et physique, pr\u00e9cise Sofi\u00e8ne Mezghich dans une d\u00e9claration sur Mosa\u00efque FM, en ajoutant qu\u2019il a cependant \u00e9t\u00e9 transport\u00e9 dans un h\u00f4pital de la capitale, dans le cadre de son suivi m\u00e9dical, puisque le d\u00e9tenu souffre de plusieurs carences chroniques.<\/p>\n<p>Rappelons que Sahbi Amri est en d\u00e9tention depuis le 28 novembre dernier, et a \u00e9t\u00e9 condamn\u00e9 en janvier 2019 \u00e0 2 ans et \u00bd de prison ferme pour injures et atteinte \u00e0 autrui via les r\u00e9seaux sociaux.<\/p>\n<p style=\"text-align: right;\"><strong>Y. N.<\/strong><\/p>\n<blockquote class=\"wp-embedded-content\" data-secret=\"16oIJ7QGNl\"><p><a href=\"https:\/\/kapitalis.com\/tunisie\/2019\/01\/04\/diffamations-et-injures-deux-ans-et-demi-de-prison-pour-amri-et-haj-mansour\/\">Diffamations et injures :Deux ans et demi de prison pour Amri et Haj Mansour<\/a><\/p><\/blockquote>\n<p><iframe loading=\"lazy\" class=\"wp-embedded-content\" sandbox=\"allow-scripts\" security=\"restricted\" style=\"position: absolute; clip: rect(1px, 1px, 1px, 1px);\" title=\"\u00ab\u00a0Diffamations et injures :Deux ans et demi de prison pour Amri et Haj Mansour\u00a0\u00bb &#8212; Kapitalis\" src=\"https:\/\/kapitalis.com\/tunisie\/2019\/01\/04\/diffamations-et-injures-deux-ans-et-demi-de-prison-pour-amri-et-haj-mansour\/embed\/#?secret=wOeyyvJvap#?secret=16oIJ7QGNl\" data-secret=\"16oIJ7QGNl\" width=\"600\" height=\"338\" frameborder=\"0\" marginwidth=\"0\" marginheight=\"0\" scrolling=\"no\"><\/iframe><\/p>\n<blockquote class=\"wp-embedded-content\" data-secret=\"78RhzxLCLi\"><p><a href=\"https:\/\/kapitalis.com\/tunisie\/2018\/09\/18\/sahbi-amri-de-nouveau-arrete-pour-injures-et-diffamation\/\">Sahbi Amri de nouveau arr\u00eat\u00e9 pour injure et diffamation<\/a><\/p><\/blockquote>\n<p><iframe loading=\"lazy\" class=\"wp-embedded-content\" sandbox=\"allow-scripts\" security=\"restricted\" style=\"position: absolute; clip: rect(1px, 1px, 1px, 1px);\" title=\"\u00ab\u00a0Sahbi Amri de nouveau arr\u00eat\u00e9 pour injure et diffamation\u00a0\u00bb &#8212; Kapitalis\" src=\"https:\/\/kapitalis.com\/tunisie\/2018\/09\/18\/sahbi-amri-de-nouveau-arrete-pour-injures-et-diffamation\/embed\/#?secret=hXfuaB6tsB#?secret=78RhzxLCLi\" data-secret=\"78RhzxLCLi\" width=\"600\" height=\"338\" frameborder=\"0\" marginwidth=\"0\" marginheight=\"0\" scrolling=\"no\"><\/iframe><\/p>\n","protected":false},"excerpt":{"rendered":"<p>Le blogueur Sahbi Amri n\u2019est pas mort en prison, comme pr\u00e9tendu cet apr\u00e8s-midi, mardi 26 mars 2019, par le directeur du journal \u00ab\u00a0Al-Thawra News\u00a0\u00bb, Mohamed Na\u00efm Haj Mansour, et autres blogueurs islamistes, \u00e0 l\u2019instar de Maher Zid, sp\u00e9cialis\u00e9s dans les fake news.<\/p>\n","protected":false},"author":6,"featured_media":203744,"comment_status":"open","ping_status":"open","sticky":false,"template":"","format":"standard","meta":{"footnotes":""},"categories":[996,998,2433],"tags":[16614,2481,1315,1314,35898],"class_list":["post-203739","post","type-post","status-publish","format-standard","has-post-thumbnail","hentry","category-media","category-societe","category-tunisie","tag-blogueur","tag-intox","tag-mornaguia","tag-prison","tag-sahbi-amri"],"yoast_head":"<!-- This site is optimized with the Yoast SEO plugin v26.6 - https:\/\/yoast.com\/wordpress\/plugins\/seo\/ -->\n<title>D\u00e9c\u00e8s de Sahbi Amri en prison : Intox diffus\u00e9e par son ami Haj Mansour - Kapitalis<\/title>\n<meta name=\"robots\" content=\"index, follow, max-snippet:-1, max-image-preview:large, max-video-preview:-1\" \/>\n<link rel=\"canonical\" href=\"https:\/\/kapitalis.com\/tunisie\/2019\/03\/26\/deces-de-sahbi-amri-en-prison-intox-diffusee-par-son-ami-haj-mansour\/\" \/>\n<meta property=\"og:locale\" content=\"fr_FR\" \/>\n<meta property=\"og:type\" content=\"article\" \/>\n<meta property=\"og:title\" content=\"D\u00e9c\u00e8s de Sahbi Amri en prison : Intox diffus\u00e9e par son ami Haj Mansour - Kapitalis\" \/>\n<meta property=\"og:description\" content=\"Le blogueur Sahbi Amri n\u2019est pas mort en prison, comme pr\u00e9tendu cet apr\u00e8s-midi, mardi 26 mars 2019, par le directeur du journal \u00ab\u00a0Al-Thawra News\u00a0\u00bb, Mohamed Na\u00efm Haj Mansour, et autres blogueurs islamistes, \u00e0 l\u2019instar de Maher Zid, sp\u00e9cialis\u00e9s dans les fake news.\" \/>\n<meta property=\"og:url\" content=\"https:\/\/kapitalis.com\/tunisie\/2019\/03\/26\/deces-de-sahbi-amri-en-prison-intox-diffusee-par-son-ami-haj-mansour\/\" \/>\n<meta property=\"og:site_name\" content=\"Kapitalis\" \/>\n<meta property=\"article:publisher\" content=\"https:\/\/www.facebook.com\/KapitalisInfo\/\" \/>\n<meta property=\"article:published_time\" content=\"2019-03-26T16:58:40+00:00\" \/>\n<meta property=\"article:modified_time\" content=\"2019-03-26T17:02:04+00:00\" \/>\n<meta property=\"og:image\" content=\"https:\/\/kapitalis.com\/tunisie\/wp-content\/uploads\/2022\/05\/kapitalis-logo-fb.png\" \/>\n\t<meta property=\"og:image:width\" content=\"1200\" \/>\n\t<meta property=\"og:image:height\" content=\"630\" \/>\n\t<meta property=\"og:image:type\" content=\"image\/png\" \/>\n<meta name=\"author\" content=\"Yusra NY\" \/>\n<meta name=\"twitter:card\" content=\"summary_large_image\" \/>\n<meta name=\"twitter:creator\" content=\"@KapitalisInfo\" \/>\n<meta name=\"twitter:site\" content=\"@KapitalisInfo\" \/>\n<meta name=\"twitter:label1\" content=\"\u00c9crit par\" \/>\n\t<meta name=\"twitter:data1\" content=\"Yusra NY\" \/>\n\t<meta name=\"twitter:label2\" content=\"Dur\u00e9e de lecture estim\u00e9e\" \/>\n\t<meta name=\"twitter:data2\" content=\"1 minute\" \/>\n<script type=\"application\/ld+json\" class=\"yoast-schema-graph\">{\"@context\":\"https:\/\/schema.org\",\"@graph\":[{\"@type\":\"Article\",\"@id\":\"https:\/\/kapitalis.com\/tunisie\/2019\/03\/26\/deces-de-sahbi-amri-en-prison-intox-diffusee-par-son-ami-haj-mansour\/#article\",\"isPartOf\":{\"@id\":\"https:\/\/kapitalis.com\/tunisie\/2019\/03\/26\/deces-de-sahbi-amri-en-prison-intox-diffusee-par-son-ami-haj-mansour\/\"},\"author\":{\"name\":\"Yusra NY\",\"@id\":\"https:\/\/kapitalis.com\/tunisie\/#\/schema\/person\/74bbde0154d49d790a92aaeac5bc01d5\"},\"headline\":\"D\u00e9c\u00e8s de Sahbi Amri en prison : Intox diffus\u00e9e par son ami Haj Mansour\",\"datePublished\":\"2019-03-26T16:58:40+00:00\",\"dateModified\":\"2019-03-26T17:02:04+00:00\",\"mainEntityOfPage\":{\"@id\":\"https:\/\/kapitalis.com\/tunisie\/2019\/03\/26\/deces-de-sahbi-amri-en-prison-intox-diffusee-par-son-ami-haj-mansour\/\"},\"wordCount\":244,\"commentCount\":0,\"publisher\":{\"@id\":\"https:\/\/kapitalis.com\/tunisie\/#organization\"},\"image\":{\"@id\":\"https:\/\/kapitalis.com\/tunisie\/2019\/03\/26\/deces-de-sahbi-amri-en-prison-intox-diffusee-par-son-ami-haj-mansour\/#primaryimage\"},\"thumbnailUrl\":\"\",\"keywords\":[\"blogueur\",\"intox\",\"Mornaguia\",\"prison\",\"Sahbi Amri\"],\"articleSection\":[\"MEDIA\",\"SOCIETE\",\"Tunisie\"],\"inLanguage\":\"fr-FR\",\"potentialAction\":[{\"@type\":\"CommentAction\",\"name\":\"Comment\",\"target\":[\"https:\/\/kapitalis.com\/tunisie\/2019\/03\/26\/deces-de-sahbi-amri-en-prison-intox-diffusee-par-son-ami-haj-mansour\/#respond\"]}]},{\"@type\":\"WebPage\",\"@id\":\"https:\/\/kapitalis.com\/tunisie\/2019\/03\/26\/deces-de-sahbi-amri-en-prison-intox-diffusee-par-son-ami-haj-mansour\/\",\"url\":\"https:\/\/kapitalis.com\/tunisie\/2019\/03\/26\/deces-de-sahbi-amri-en-prison-intox-diffusee-par-son-ami-haj-mansour\/\",\"name\":\"D\u00e9c\u00e8s de Sahbi Amri en prison : Intox diffus\u00e9e par son ami Haj Mansour - Kapitalis\",\"isPartOf\":{\"@id\":\"https:\/\/kapitalis.com\/tunisie\/#website\"},\"primaryImageOfPage\":{\"@id\":\"https:\/\/kapitalis.com\/tunisie\/2019\/03\/26\/deces-de-sahbi-amri-en-prison-intox-diffusee-par-son-ami-haj-mansour\/#primaryimage\"},\"image\":{\"@id\":\"https:\/\/kapitalis.com\/tunisie\/2019\/03\/26\/deces-de-sahbi-amri-en-prison-intox-diffusee-par-son-ami-haj-mansour\/#primaryimage\"},\"thumbnailUrl\":\"\",\"datePublished\":\"2019-03-26T16:58:40+00:00\",\"dateModified\":\"2019-03-26T17:02:04+00:00\",\"breadcrumb\":{\"@id\":\"https:\/\/kapitalis.com\/tunisie\/2019\/03\/26\/deces-de-sahbi-amri-en-prison-intox-diffusee-par-son-ami-haj-mansour\/#breadcrumb\"},\"inLanguage\":\"fr-FR\",\"potentialAction\":[{\"@type\":\"ReadAction\",\"target\":[\"https:\/\/kapitalis.com\/tunisie\/2019\/03\/26\/deces-de-sahbi-amri-en-prison-intox-diffusee-par-son-ami-haj-mansour\/\"]}]},{\"@type\":\"ImageObject\",\"inLanguage\":\"fr-FR\",\"@id\":\"https:\/\/kapitalis.com\/tunisie\/2019\/03\/26\/deces-de-sahbi-amri-en-prison-intox-diffusee-par-son-ami-haj-mansour\/#primaryimage\",\"url\":\"\",\"contentUrl\":\"\"},{\"@type\":\"BreadcrumbList\",\"@id\":\"https:\/\/kapitalis.com\/tunisie\/2019\/03\/26\/deces-de-sahbi-amri-en-prison-intox-diffusee-par-son-ami-haj-mansour\/#breadcrumb\",\"itemListElement\":[{\"@type\":\"ListItem\",\"position\":1,\"name\":\"Accueil\",\"item\":\"https:\/\/kapitalis.com\/tunisie\/\"},{\"@type\":\"ListItem\",\"position\":2,\"name\":\"D\u00e9c\u00e8s de Sahbi Amri en prison : Intox diffus\u00e9e par son ami Haj Mansour\"}]},{\"@type\":\"WebSite\",\"@id\":\"https:\/\/kapitalis.com\/tunisie\/#website\",\"url\":\"https:\/\/kapitalis.com\/tunisie\/\",\"name\":\"Kapitalis\",\"description\":\"L&#039;actualit\u00e9 en Tunisie et dans le monde\",\"publisher\":{\"@id\":\"https:\/\/kapitalis.com\/tunisie\/#organization\"},\"potentialAction\":[{\"@type\":\"SearchAction\",\"target\":{\"@type\":\"EntryPoint\",\"urlTemplate\":\"https:\/\/kapitalis.com\/tunisie\/?s={search_term_string}\"},\"query-input\":{\"@type\":\"PropertyValueSpecification\",\"valueRequired\":true,\"valueName\":\"search_term_string\"}}],\"inLanguage\":\"fr-FR\"},{\"@type\":\"Organization\",\"@id\":\"https:\/\/kapitalis.com\/tunisie\/#organization\",\"name\":\"Kapitalis\",\"url\":\"https:\/\/kapitalis.com\/tunisie\/\",\"logo\":{\"@type\":\"ImageObject\",\"inLanguage\":\"fr-FR\",\"@id\":\"https:\/\/kapitalis.com\/tunisie\/#\/schema\/logo\/image\/\",\"url\":\"https:\/\/kapitalis.com\/tunisie\/wp-content\/uploads\/2022\/05\/Kapitalis-big-size.png\",\"contentUrl\":\"https:\/\/kapitalis.com\/tunisie\/wp-content\/uploads\/2022\/05\/Kapitalis-big-size.png\",\"width\":5000,\"height\":1500,\"caption\":\"Kapitalis\"},\"image\":{\"@id\":\"https:\/\/kapitalis.com\/tunisie\/#\/schema\/logo\/image\/\"},\"sameAs\":[\"https:\/\/www.facebook.com\/KapitalisInfo\/\",\"https:\/\/x.com\/KapitalisInfo\",\"https:\/\/www.youtube.com\/channel\/UC-yDYrHyfFBWWZaOw3FPg9Q\"]},{\"@type\":\"Person\",\"@id\":\"https:\/\/kapitalis.com\/tunisie\/#\/schema\/person\/74bbde0154d49d790a92aaeac5bc01d5\",\"name\":\"Yusra NY\",\"url\":\"https:\/\/kapitalis.com\/tunisie\/author\/yuza_adam\/\"}]}<\/script>\n<!-- \/ Yoast SEO plugin. -->","yoast_head_json":{"title":"D\u00e9c\u00e8s de Sahbi Amri en prison : Intox diffus\u00e9e par son ami Haj Mansour - Kapitalis","robots":{"index":"index","follow":"follow","max-snippet":"max-snippet:-1","max-image-preview":"max-image-preview:large","max-video-preview":"max-video-preview:-1"},"canonical":"https:\/\/kapitalis.com\/tunisie\/2019\/03\/26\/deces-de-sahbi-amri-en-prison-intox-diffusee-par-son-ami-haj-mansour\/","og_locale":"fr_FR","og_type":"article","og_title":"D\u00e9c\u00e8s de Sahbi Amri en prison : Intox diffus\u00e9e par son ami Haj Mansour - Kapitalis","og_description":"Le blogueur Sahbi Amri n\u2019est pas mort en prison, comme pr\u00e9tendu cet apr\u00e8s-midi, mardi 26 mars 2019, par le directeur du journal \u00ab\u00a0Al-Thawra News\u00a0\u00bb, Mohamed Na\u00efm Haj Mansour, et autres blogueurs islamistes, \u00e0 l\u2019instar de Maher Zid, sp\u00e9cialis\u00e9s dans les fake news.","og_url":"https:\/\/kapitalis.com\/tunisie\/2019\/03\/26\/deces-de-sahbi-amri-en-prison-intox-diffusee-par-son-ami-haj-mansour\/","og_site_name":"Kapitalis","article_publisher":"https:\/\/www.facebook.com\/KapitalisInfo\/","article_published_time":"2019-03-26T16:58:40+00:00","article_modified_time":"2019-03-26T17:02:04+00:00","og_image":[{"width":1200,"height":630,"url":"https:\/\/kapitalis.com\/tunisie\/wp-content\/uploads\/2022\/05\/kapitalis-logo-fb.png","type":"image\/png"}],"author":"Yusra NY","twitter_card":"summary_large_image","twitter_creator":"@KapitalisInfo","twitter_site":"@KapitalisInfo","twitter_misc":{"\u00c9crit par":"Yusra NY","Dur\u00e9e de lecture estim\u00e9e":"1 minute"},"schema":{"@context":"https:\/\/schema.org","@graph":[{"@type":"Article","@id":"https:\/\/kapitalis.com\/tunisie\/2019\/03\/26\/deces-de-sahbi-amri-en-prison-intox-diffusee-par-son-ami-haj-mansour\/#article","isPartOf":{"@id":"https:\/\/kapitalis.com\/tunisie\/2019\/03\/26\/deces-de-sahbi-amri-en-prison-intox-diffusee-par-son-ami-haj-mansour\/"},"author":{"name":"Yusra NY","@id":"https:\/\/kapitalis.com\/tunisie\/#\/schema\/person\/74bbde0154d49d790a92aaeac5bc01d5"},"headline":"D\u00e9c\u00e8s de Sahbi Amri en prison : Intox diffus\u00e9e par son ami Haj Mansour","datePublished":"2019-03-26T16:58:40+00:00","dateModified":"2019-03-26T17:02:04+00:00","mainEntityOfPage":{"@id":"https:\/\/kapitalis.com\/tunisie\/2019\/03\/26\/deces-de-sahbi-amri-en-prison-intox-diffusee-par-son-ami-haj-mansour\/"},"wordCount":244,"commentCount":0,"publisher":{"@id":"https:\/\/kapitalis.com\/tunisie\/#organization"},"image":{"@id":"https:\/\/kapitalis.com\/tunisie\/2019\/03\/26\/deces-de-sahbi-amri-en-prison-intox-diffusee-par-son-ami-haj-mansour\/#primaryimage"},"thumbnailUrl":"","keywords":["blogueur","intox","Mornaguia","prison","Sahbi Amri"],"articleSection":["MEDIA","SOCIETE","Tunisie"],"inLanguage":"fr-FR","potentialAction":[{"@type":"CommentAction","name":"Comment","target":["https:\/\/kapitalis.com\/tunisie\/2019\/03\/26\/deces-de-sahbi-amri-en-prison-intox-diffusee-par-son-ami-haj-mansour\/#respond"]}]},{"@type":"WebPage","@id":"https:\/\/kapitalis.com\/tunisie\/2019\/03\/26\/deces-de-sahbi-amri-en-prison-intox-diffusee-par-son-ami-haj-mansour\/","url":"https:\/\/kapitalis.com\/tunisie\/2019\/03\/26\/deces-de-sahbi-amri-en-prison-intox-diffusee-par-son-ami-haj-mansour\/","name":"D\u00e9c\u00e8s de Sahbi Amri en prison : Intox diffus\u00e9e par son ami Haj Mansour - Kapitalis","isPartOf":{"@id":"https:\/\/kapitalis.com\/tunisie\/#website"},"primaryImageOfPage":{"@id":"https:\/\/kapitalis.com\/tunisie\/2019\/03\/26\/deces-de-sahbi-amri-en-prison-intox-diffusee-par-son-ami-haj-mansour\/#primaryimage"},"image":{"@id":"https:\/\/kapitalis.com\/tunisie\/2019\/03\/26\/deces-de-sahbi-amri-en-prison-intox-diffusee-par-son-ami-haj-mansour\/#primaryimage"},"thumbnailUrl":"","datePublished":"2019-03-26T16:58:40+00:00","dateModified":"2019-03-26T17:02:04+00:00","breadcrumb":{"@id":"https:\/\/kapitalis.com\/tunisie\/2019\/03\/26\/deces-de-sahbi-amri-en-prison-intox-diffusee-par-son-ami-haj-mansour\/#breadcrumb"},"inLanguage":"fr-FR","potentialAction":[{"@type":"ReadAction","target":["https:\/\/kapitalis.com\/tunisie\/2019\/03\/26\/deces-de-sahbi-amri-en-prison-intox-diffusee-par-son-ami-haj-mansour\/"]}]},{"@type":"ImageObject","inLanguage":"fr-FR","@id":"https:\/\/kapitalis.com\/tunisie\/2019\/03\/26\/deces-de-sahbi-amri-en-prison-intox-diffusee-par-son-ami-haj-mansour\/#primaryimage","url":"","contentUrl":""},{"@type":"BreadcrumbList","@id":"https:\/\/kapitalis.com\/tunisie\/2019\/03\/26\/deces-de-sahbi-amri-en-prison-intox-diffusee-par-son-ami-haj-mansour\/#breadcrumb","itemListElement":[{"@type":"ListItem","position":1,"name":"Accueil","item":"https:\/\/kapitalis.com\/tunisie\/"},{"@type":"ListItem","position":2,"name":"D\u00e9c\u00e8s de Sahbi Amri en prison : Intox diffus\u00e9e par son ami Haj Mansour"}]},{"@type":"WebSite","@id":"https:\/\/kapitalis.com\/tunisie\/#website","url":"https:\/\/kapitalis.com\/tunisie\/","name":"Kapitalis","description":"L&#039;actualit\u00e9 en Tunisie et dans le monde","publisher":{"@id":"https:\/\/kapitalis.com\/tunisie\/#organization"},"potentialAction":[{"@type":"SearchAction","target":{"@type":"EntryPoint","urlTemplate":"https:\/\/kapitalis.com\/tunisie\/?s={search_term_string}"},"query-input":{"@type":"PropertyValueSpecification","valueRequired":true,"valueName":"search_term_string"}}],"inLanguage":"fr-FR"},{"@type":"Organization","@id":"https:\/\/kapitalis.com\/tunisie\/#organization","name":"Kapitalis","url":"https:\/\/kapitalis.com\/tunisie\/","logo":{"@type":"ImageObject","inLanguage":"fr-FR","@id":"https:\/\/kapitalis.com\/tunisie\/#\/schema\/logo\/image\/","url":"https:\/\/kapitalis.com\/tunisie\/wp-content\/uploads\/2022\/05\/Kapitalis-big-size.png","contentUrl":"https:\/\/kapitalis.com\/tunisie\/wp-content\/uploads\/2022\/05\/Kapitalis-big-size.png","width":5000,"height":1500,"caption":"Kapitalis"},"image":{"@id":"https:\/\/kapitalis.com\/tunisie\/#\/schema\/logo\/image\/"},"sameAs":["https:\/\/www.facebook.com\/KapitalisInfo\/","https:\/\/x.com\/KapitalisInfo","https:\/\/www.youtube.com\/channel\/UC-yDYrHyfFBWWZaOw3FPg9Q"]},{"@type":"Person","@id":"https:\/\/kapitalis.com\/tunisie\/#\/schema\/person\/74bbde0154d49d790a92aaeac5bc01d5","name":"Yusra NY","url":"https:\/\/kapitalis.com\/tunisie\/author\/yuza_adam\/"}]}},"_links":{"self":[{"href":"https:\/\/kapitalis.com\/tunisie\/wp-json\/wp\/v2\/posts\/203739","targetHints":{"allow":["GET"]}}],"collection":[{"href":"https:\/\/kapitalis.com\/tunisie\/wp-json\/wp\/v2\/posts"}],"about":[{"href":"https:\/\/kapitalis.com\/tunisie\/wp-json\/wp\/v2\/types\/post"}],"author":[{"embeddable":true,"href":"https:\/\/kapitalis.com\/tunisie\/wp-json\/wp\/v2\/users\/6"}],"replies":[{"embeddable":true,"href":"https:\/\/kapitalis.com\/tunisie\/wp-json\/wp\/v2\/comments?post=203739"}],"version-history":[{"count":0,"href":"https:\/\/kapitalis.com\/tunisie\/wp-json\/wp\/v2\/posts\/203739\/revisions"}],"wp:featuredmedia":[{"embeddable":true,"href":"https:\/\/kapitalis.com\/tunisie\/wp-json\/wp\/v2\/media\/203744"}],"wp:attachment":[{"href":"https:\/\/kapitalis.com\/tunisie\/wp-json\/wp\/v2\/media?parent=203739"}],"wp:term":[{"taxonomy":"category","embeddable":true,"href":"https:\/\/kapitalis.com\/tunisie\/wp-json\/wp\/v2\/categories?post=203739"},{"taxonomy":"post_tag","embeddable":true,"href":"https:\/\/kapitalis.com\/tunisie\/wp-json\/wp\/v2\/tags?post=203739"}],"curies":[{"name":"wp","href":"https:\/\/api.w.org\/{rel}","templated":true}]}}