{"id":203843,"date":"2019-03-27T13:26:49","date_gmt":"2019-03-27T12:26:49","guid":{"rendered":"http:\/\/kapitalis.com\/tunisie\/?p=203843"},"modified":"2019-03-27T13:28:54","modified_gmt":"2019-03-27T12:28:54","slug":"tunisair-express-precise-la-nature-de-lincident-sur-lun-de-ses-vols","status":"publish","type":"post","link":"https:\/\/kapitalis.com\/tunisie\/2019\/03\/27\/tunisair-express-precise-la-nature-de-lincident-sur-lun-de-ses-vols\/","title":{"rendered":"Tunisair Express pr\u00e9cise la nature de l\u2019incident sur l\u2019un de ses vols"},"content":{"rendered":"<p style=\"text-align: center;\"><img loading=\"lazy\" decoding=\"async\" class=\"alignnone size-full wp-image-40845\" src=\"http:\/\/kapitalis.com\/tunisie\/wp-content\/uploads\/2016\/02\/Tunisair-Express.jpg\" alt=\"\" width=\"626\" height=\"380\" \/><\/p>\n<p><em><strong>La compagnie Tunisair Express d\u00e9ment, dans un communiqu\u00e9, les all\u00e9gations rapport\u00e9es par certaines personnes relatives \u00e0 son vol UG 08 d\u2019hier, mardi 26 mars 2019, au d\u00e9part de Tunis \u00e0 destination de Djerba ayant d\u00e9coll\u00e9 \u00e0 18h00.<\/strong><\/em><\/p>\n<p><!--more--><\/p>\n<p>L\u2019appareil a certes rencontr\u00e9 un probl\u00e8me dans son syst\u00e8me de climatisation qui a d\u00e9clench\u00e9 une alarme. Le commandant de bord \u00e0 tout de suite tenu \u00e0 rassurer les passagers mais a fait le choix de revenir \u00e0 Tunis-Carthage 15 minutes apr\u00e8s le d\u00e9collage.<\/p>\n<p>\u00c0 aucun moment cependant, la s\u00e9curit\u00e9 des passagers n\u2019a \u00e9t\u00e9 mise en danger et l\u2019avion a atterri dans des conditions tout \u00e0 fait normales. Une \u00e9quipe technique s\u2019est charg\u00e9e d\u2019examiner le probl\u00e8me qui a \u00e9t\u00e9 r\u00e9gl\u00e9 rapidement. L\u2019avion a tout de suite repris du service et op\u00e8re normalement depuis.<\/p>\n<p>La compagnie regrette les d\u00e9sagr\u00e9ments subis par ses passagers et tient \u00e0 leur pr\u00e9senter ses excuses.<\/p>\n<p>Elle rejette toutefois les mauvaises interpr\u00e9tations de certaines parties et les amplifications constat\u00e9es qui sont de nature \u00e0 jeter le discr\u00e9dit sur la s\u00e9curit\u00e9 de ses vols qui demeurent l\u2019une de ses priorit\u00e9s.<\/p>\n<p><em><strong>Source<\/strong><\/em> : communiqu\u00e9.<\/p>\n","protected":false},"excerpt":{"rendered":"<p>La compagnie Tunisair Express d\u00e9ment, dans un communiqu\u00e9, les all\u00e9gations rapport\u00e9es par certaines personnes relatives \u00e0 son vol UG 08 d\u2019hier, mardi 26 mars 2019, au d\u00e9part de Tunis \u00e0 destination de Djerba ayant d\u00e9coll\u00e9 \u00e0 18h00.<\/p>\n","protected":false},"author":8,"featured_media":0,"comment_status":"open","ping_status":"open","sticky":false,"template":"","format":"standard","meta":{"footnotes":""},"categories":[993,2433],"tags":[284,926,7147],"class_list":["post-203843","post","type-post","status-publish","format-standard","hentry","category-conso","category-tunisie","tag-djerba","tag-tunis-carthage","tag-tunisair-express"],"yoast_head":"<!-- This site is optimized with the Yoast SEO plugin v26.6 - https:\/\/yoast.com\/wordpress\/plugins\/seo\/ -->\n<title>Tunisair Express pr\u00e9cise la nature de l\u2019incident sur l\u2019un de ses vols - Kapitalis<\/title>\n<meta name=\"robots\" content=\"index, follow, max-snippet:-1, max-image-preview:large, max-video-preview:-1\" \/>\n<link rel=\"canonical\" href=\"https:\/\/kapitalis.com\/tunisie\/2019\/03\/27\/tunisair-express-precise-la-nature-de-lincident-sur-lun-de-ses-vols\/\" \/>\n<meta property=\"og:locale\" content=\"fr_FR\" \/>\n<meta property=\"og:type\" content=\"article\" \/>\n<meta property=\"og:title\" content=\"Tunisair Express pr\u00e9cise la nature de l\u2019incident sur l\u2019un de ses vols - Kapitalis\" \/>\n<meta property=\"og:description\" content=\"La compagnie Tunisair Express d\u00e9ment, dans un communiqu\u00e9, les all\u00e9gations rapport\u00e9es par certaines personnes relatives \u00e0 son vol UG 08 d\u2019hier, mardi 26 mars 2019, au d\u00e9part de Tunis \u00e0 destination de Djerba ayant d\u00e9coll\u00e9 \u00e0 18h00.\" \/>\n<meta property=\"og:url\" content=\"https:\/\/kapitalis.com\/tunisie\/2019\/03\/27\/tunisair-express-precise-la-nature-de-lincident-sur-lun-de-ses-vols\/\" \/>\n<meta property=\"og:site_name\" content=\"Kapitalis\" \/>\n<meta property=\"article:publisher\" content=\"https:\/\/www.facebook.com\/KapitalisInfo\/\" \/>\n<meta property=\"article:published_time\" content=\"2019-03-27T12:26:49+00:00\" \/>\n<meta property=\"article:modified_time\" content=\"2019-03-27T12:28:54+00:00\" \/>\n<meta property=\"og:image\" content=\"http:\/\/kapitalis.com\/tunisie\/wp-content\/uploads\/2016\/02\/Tunisair-Express.jpg\" \/>\n<meta name=\"author\" content=\"webmaster kapitalis\" \/>\n<meta name=\"twitter:card\" content=\"summary_large_image\" \/>\n<meta name=\"twitter:creator\" content=\"@KapitalisInfo\" \/>\n<meta name=\"twitter:site\" content=\"@KapitalisInfo\" \/>\n<meta name=\"twitter:label1\" content=\"\u00c9crit par\" \/>\n\t<meta name=\"twitter:data1\" content=\"webmaster kapitalis\" \/>\n\t<meta name=\"twitter:label2\" content=\"Dur\u00e9e de lecture estim\u00e9e\" \/>\n\t<meta name=\"twitter:data2\" content=\"1 minute\" \/>\n<script type=\"application\/ld+json\" class=\"yoast-schema-graph\">{\"@context\":\"https:\/\/schema.org\",\"@graph\":[{\"@type\":\"Article\",\"@id\":\"https:\/\/kapitalis.com\/tunisie\/2019\/03\/27\/tunisair-express-precise-la-nature-de-lincident-sur-lun-de-ses-vols\/#article\",\"isPartOf\":{\"@id\":\"https:\/\/kapitalis.com\/tunisie\/2019\/03\/27\/tunisair-express-precise-la-nature-de-lincident-sur-lun-de-ses-vols\/\"},\"author\":{\"name\":\"webmaster kapitalis\",\"@id\":\"https:\/\/kapitalis.com\/tunisie\/#\/schema\/person\/d71f33a9ca44f7bad4698210b480c8e9\"},\"headline\":\"Tunisair Express pr\u00e9cise la nature de l\u2019incident sur l\u2019un de ses vols\",\"datePublished\":\"2019-03-27T12:26:49+00:00\",\"dateModified\":\"2019-03-27T12:28:54+00:00\",\"mainEntityOfPage\":{\"@id\":\"https:\/\/kapitalis.com\/tunisie\/2019\/03\/27\/tunisair-express-precise-la-nature-de-lincident-sur-lun-de-ses-vols\/\"},\"wordCount\":212,\"commentCount\":3,\"publisher\":{\"@id\":\"https:\/\/kapitalis.com\/tunisie\/#organization\"},\"image\":{\"@id\":\"https:\/\/kapitalis.com\/tunisie\/2019\/03\/27\/tunisair-express-precise-la-nature-de-lincident-sur-lun-de-ses-vols\/#primaryimage\"},\"thumbnailUrl\":\"http:\/\/kapitalis.com\/tunisie\/wp-content\/uploads\/2016\/02\/Tunisair-Express.jpg\",\"keywords\":[\"Djerba\",\"Tunis-Carthage\",\"Tunisair Express\"],\"articleSection\":[\"CONSO\",\"Tunisie\"],\"inLanguage\":\"fr-FR\",\"potentialAction\":[{\"@type\":\"CommentAction\",\"name\":\"Comment\",\"target\":[\"https:\/\/kapitalis.com\/tunisie\/2019\/03\/27\/tunisair-express-precise-la-nature-de-lincident-sur-lun-de-ses-vols\/#respond\"]}]},{\"@type\":\"WebPage\",\"@id\":\"https:\/\/kapitalis.com\/tunisie\/2019\/03\/27\/tunisair-express-precise-la-nature-de-lincident-sur-lun-de-ses-vols\/\",\"url\":\"https:\/\/kapitalis.com\/tunisie\/2019\/03\/27\/tunisair-express-precise-la-nature-de-lincident-sur-lun-de-ses-vols\/\",\"name\":\"Tunisair Express pr\u00e9cise la nature de l\u2019incident sur l\u2019un de ses vols - Kapitalis\",\"isPartOf\":{\"@id\":\"https:\/\/kapitalis.com\/tunisie\/#website\"},\"primaryImageOfPage\":{\"@id\":\"https:\/\/kapitalis.com\/tunisie\/2019\/03\/27\/tunisair-express-precise-la-nature-de-lincident-sur-lun-de-ses-vols\/#primaryimage\"},\"image\":{\"@id\":\"https:\/\/kapitalis.com\/tunisie\/2019\/03\/27\/tunisair-express-precise-la-nature-de-lincident-sur-lun-de-ses-vols\/#primaryimage\"},\"thumbnailUrl\":\"http:\/\/kapitalis.com\/tunisie\/wp-content\/uploads\/2016\/02\/Tunisair-Express.jpg\",\"datePublished\":\"2019-03-27T12:26:49+00:00\",\"dateModified\":\"2019-03-27T12:28:54+00:00\",\"breadcrumb\":{\"@id\":\"https:\/\/kapitalis.com\/tunisie\/2019\/03\/27\/tunisair-express-precise-la-nature-de-lincident-sur-lun-de-ses-vols\/#breadcrumb\"},\"inLanguage\":\"fr-FR\",\"potentialAction\":[{\"@type\":\"ReadAction\",\"target\":[\"https:\/\/kapitalis.com\/tunisie\/2019\/03\/27\/tunisair-express-precise-la-nature-de-lincident-sur-lun-de-ses-vols\/\"]}]},{\"@type\":\"ImageObject\",\"inLanguage\":\"fr-FR\",\"@id\":\"https:\/\/kapitalis.com\/tunisie\/2019\/03\/27\/tunisair-express-precise-la-nature-de-lincident-sur-lun-de-ses-vols\/#primaryimage\",\"url\":\"http:\/\/kapitalis.com\/tunisie\/wp-content\/uploads\/2016\/02\/Tunisair-Express.jpg\",\"contentUrl\":\"http:\/\/kapitalis.com\/tunisie\/wp-content\/uploads\/2016\/02\/Tunisair-Express.jpg\"},{\"@type\":\"BreadcrumbList\",\"@id\":\"https:\/\/kapitalis.com\/tunisie\/2019\/03\/27\/tunisair-express-precise-la-nature-de-lincident-sur-lun-de-ses-vols\/#breadcrumb\",\"itemListElement\":[{\"@type\":\"ListItem\",\"position\":1,\"name\":\"Accueil\",\"item\":\"https:\/\/kapitalis.com\/tunisie\/\"},{\"@type\":\"ListItem\",\"position\":2,\"name\":\"Tunisair Express pr\u00e9cise la nature de l\u2019incident sur l\u2019un de ses vols\"}]},{\"@type\":\"WebSite\",\"@id\":\"https:\/\/kapitalis.com\/tunisie\/#website\",\"url\":\"https:\/\/kapitalis.com\/tunisie\/\",\"name\":\"Kapitalis\",\"description\":\"L&#039;actualit\u00e9 en Tunisie et dans le monde\",\"publisher\":{\"@id\":\"https:\/\/kapitalis.com\/tunisie\/#organization\"},\"potentialAction\":[{\"@type\":\"SearchAction\",\"target\":{\"@type\":\"EntryPoint\",\"urlTemplate\":\"https:\/\/kapitalis.com\/tunisie\/?s={search_term_string}\"},\"query-input\":{\"@type\":\"PropertyValueSpecification\",\"valueRequired\":true,\"valueName\":\"search_term_string\"}}],\"inLanguage\":\"fr-FR\"},{\"@type\":\"Organization\",\"@id\":\"https:\/\/kapitalis.com\/tunisie\/#organization\",\"name\":\"Kapitalis\",\"url\":\"https:\/\/kapitalis.com\/tunisie\/\",\"logo\":{\"@type\":\"ImageObject\",\"inLanguage\":\"fr-FR\",\"@id\":\"https:\/\/kapitalis.com\/tunisie\/#\/schema\/logo\/image\/\",\"url\":\"https:\/\/kapitalis.com\/tunisie\/wp-content\/uploads\/2022\/05\/Kapitalis-big-size.png\",\"contentUrl\":\"https:\/\/kapitalis.com\/tunisie\/wp-content\/uploads\/2022\/05\/Kapitalis-big-size.png\",\"width\":5000,\"height\":1500,\"caption\":\"Kapitalis\"},\"image\":{\"@id\":\"https:\/\/kapitalis.com\/tunisie\/#\/schema\/logo\/image\/\"},\"sameAs\":[\"https:\/\/www.facebook.com\/KapitalisInfo\/\",\"https:\/\/x.com\/KapitalisInfo\",\"https:\/\/www.youtube.com\/channel\/UC-yDYrHyfFBWWZaOw3FPg9Q\"]},{\"@type\":\"Person\",\"@id\":\"https:\/\/kapitalis.com\/tunisie\/#\/schema\/person\/d71f33a9ca44f7bad4698210b480c8e9\",\"name\":\"webmaster kapitalis\",\"url\":\"https:\/\/kapitalis.com\/tunisie\/author\/webmaster-kapitalis\/\"}]}<\/script>\n<!-- \/ Yoast SEO plugin. -->","yoast_head_json":{"title":"Tunisair Express pr\u00e9cise la nature de l\u2019incident sur l\u2019un de ses vols - Kapitalis","robots":{"index":"index","follow":"follow","max-snippet":"max-snippet:-1","max-image-preview":"max-image-preview:large","max-video-preview":"max-video-preview:-1"},"canonical":"https:\/\/kapitalis.com\/tunisie\/2019\/03\/27\/tunisair-express-precise-la-nature-de-lincident-sur-lun-de-ses-vols\/","og_locale":"fr_FR","og_type":"article","og_title":"Tunisair Express pr\u00e9cise la nature de l\u2019incident sur l\u2019un de ses vols - Kapitalis","og_description":"La compagnie Tunisair Express d\u00e9ment, dans un communiqu\u00e9, les all\u00e9gations rapport\u00e9es par certaines personnes relatives \u00e0 son vol UG 08 d\u2019hier, mardi 26 mars 2019, au d\u00e9part de Tunis \u00e0 destination de Djerba ayant d\u00e9coll\u00e9 \u00e0 18h00.","og_url":"https:\/\/kapitalis.com\/tunisie\/2019\/03\/27\/tunisair-express-precise-la-nature-de-lincident-sur-lun-de-ses-vols\/","og_site_name":"Kapitalis","article_publisher":"https:\/\/www.facebook.com\/KapitalisInfo\/","article_published_time":"2019-03-27T12:26:49+00:00","article_modified_time":"2019-03-27T12:28:54+00:00","og_image":[{"url":"http:\/\/kapitalis.com\/tunisie\/wp-content\/uploads\/2016\/02\/Tunisair-Express.jpg","type":"","width":"","height":""}],"author":"webmaster kapitalis","twitter_card":"summary_large_image","twitter_creator":"@KapitalisInfo","twitter_site":"@KapitalisInfo","twitter_misc":{"\u00c9crit par":"webmaster kapitalis","Dur\u00e9e de lecture estim\u00e9e":"1 minute"},"schema":{"@context":"https:\/\/schema.org","@graph":[{"@type":"Article","@id":"https:\/\/kapitalis.com\/tunisie\/2019\/03\/27\/tunisair-express-precise-la-nature-de-lincident-sur-lun-de-ses-vols\/#article","isPartOf":{"@id":"https:\/\/kapitalis.com\/tunisie\/2019\/03\/27\/tunisair-express-precise-la-nature-de-lincident-sur-lun-de-ses-vols\/"},"author":{"name":"webmaster kapitalis","@id":"https:\/\/kapitalis.com\/tunisie\/#\/schema\/person\/d71f33a9ca44f7bad4698210b480c8e9"},"headline":"Tunisair Express pr\u00e9cise la nature de l\u2019incident sur l\u2019un de ses vols","datePublished":"2019-03-27T12:26:49+00:00","dateModified":"2019-03-27T12:28:54+00:00","mainEntityOfPage":{"@id":"https:\/\/kapitalis.com\/tunisie\/2019\/03\/27\/tunisair-express-precise-la-nature-de-lincident-sur-lun-de-ses-vols\/"},"wordCount":212,"commentCount":3,"publisher":{"@id":"https:\/\/kapitalis.com\/tunisie\/#organization"},"image":{"@id":"https:\/\/kapitalis.com\/tunisie\/2019\/03\/27\/tunisair-express-precise-la-nature-de-lincident-sur-lun-de-ses-vols\/#primaryimage"},"thumbnailUrl":"http:\/\/kapitalis.com\/tunisie\/wp-content\/uploads\/2016\/02\/Tunisair-Express.jpg","keywords":["Djerba","Tunis-Carthage","Tunisair Express"],"articleSection":["CONSO","Tunisie"],"inLanguage":"fr-FR","potentialAction":[{"@type":"CommentAction","name":"Comment","target":["https:\/\/kapitalis.com\/tunisie\/2019\/03\/27\/tunisair-express-precise-la-nature-de-lincident-sur-lun-de-ses-vols\/#respond"]}]},{"@type":"WebPage","@id":"https:\/\/kapitalis.com\/tunisie\/2019\/03\/27\/tunisair-express-precise-la-nature-de-lincident-sur-lun-de-ses-vols\/","url":"https:\/\/kapitalis.com\/tunisie\/2019\/03\/27\/tunisair-express-precise-la-nature-de-lincident-sur-lun-de-ses-vols\/","name":"Tunisair Express pr\u00e9cise la nature de l\u2019incident sur l\u2019un de ses vols - Kapitalis","isPartOf":{"@id":"https:\/\/kapitalis.com\/tunisie\/#website"},"primaryImageOfPage":{"@id":"https:\/\/kapitalis.com\/tunisie\/2019\/03\/27\/tunisair-express-precise-la-nature-de-lincident-sur-lun-de-ses-vols\/#primaryimage"},"image":{"@id":"https:\/\/kapitalis.com\/tunisie\/2019\/03\/27\/tunisair-express-precise-la-nature-de-lincident-sur-lun-de-ses-vols\/#primaryimage"},"thumbnailUrl":"http:\/\/kapitalis.com\/tunisie\/wp-content\/uploads\/2016\/02\/Tunisair-Express.jpg","datePublished":"2019-03-27T12:26:49+00:00","dateModified":"2019-03-27T12:28:54+00:00","breadcrumb":{"@id":"https:\/\/kapitalis.com\/tunisie\/2019\/03\/27\/tunisair-express-precise-la-nature-de-lincident-sur-lun-de-ses-vols\/#breadcrumb"},"inLanguage":"fr-FR","potentialAction":[{"@type":"ReadAction","target":["https:\/\/kapitalis.com\/tunisie\/2019\/03\/27\/tunisair-express-precise-la-nature-de-lincident-sur-lun-de-ses-vols\/"]}]},{"@type":"ImageObject","inLanguage":"fr-FR","@id":"https:\/\/kapitalis.com\/tunisie\/2019\/03\/27\/tunisair-express-precise-la-nature-de-lincident-sur-lun-de-ses-vols\/#primaryimage","url":"http:\/\/kapitalis.com\/tunisie\/wp-content\/uploads\/2016\/02\/Tunisair-Express.jpg","contentUrl":"http:\/\/kapitalis.com\/tunisie\/wp-content\/uploads\/2016\/02\/Tunisair-Express.jpg"},{"@type":"BreadcrumbList","@id":"https:\/\/kapitalis.com\/tunisie\/2019\/03\/27\/tunisair-express-precise-la-nature-de-lincident-sur-lun-de-ses-vols\/#breadcrumb","itemListElement":[{"@type":"ListItem","position":1,"name":"Accueil","item":"https:\/\/kapitalis.com\/tunisie\/"},{"@type":"ListItem","position":2,"name":"Tunisair Express pr\u00e9cise la nature de l\u2019incident sur l\u2019un de ses vols"}]},{"@type":"WebSite","@id":"https:\/\/kapitalis.com\/tunisie\/#website","url":"https:\/\/kapitalis.com\/tunisie\/","name":"Kapitalis","description":"L&#039;actualit\u00e9 en Tunisie et dans le monde","publisher":{"@id":"https:\/\/kapitalis.com\/tunisie\/#organization"},"potentialAction":[{"@type":"SearchAction","target":{"@type":"EntryPoint","urlTemplate":"https:\/\/kapitalis.com\/tunisie\/?s={search_term_string}"},"query-input":{"@type":"PropertyValueSpecification","valueRequired":true,"valueName":"search_term_string"}}],"inLanguage":"fr-FR"},{"@type":"Organization","@id":"https:\/\/kapitalis.com\/tunisie\/#organization","name":"Kapitalis","url":"https:\/\/kapitalis.com\/tunisie\/","logo":{"@type":"ImageObject","inLanguage":"fr-FR","@id":"https:\/\/kapitalis.com\/tunisie\/#\/schema\/logo\/image\/","url":"https:\/\/kapitalis.com\/tunisie\/wp-content\/uploads\/2022\/05\/Kapitalis-big-size.png","contentUrl":"https:\/\/kapitalis.com\/tunisie\/wp-content\/uploads\/2022\/05\/Kapitalis-big-size.png","width":5000,"height":1500,"caption":"Kapitalis"},"image":{"@id":"https:\/\/kapitalis.com\/tunisie\/#\/schema\/logo\/image\/"},"sameAs":["https:\/\/www.facebook.com\/KapitalisInfo\/","https:\/\/x.com\/KapitalisInfo","https:\/\/www.youtube.com\/channel\/UC-yDYrHyfFBWWZaOw3FPg9Q"]},{"@type":"Person","@id":"https:\/\/kapitalis.com\/tunisie\/#\/schema\/person\/d71f33a9ca44f7bad4698210b480c8e9","name":"webmaster kapitalis","url":"https:\/\/kapitalis.com\/tunisie\/author\/webmaster-kapitalis\/"}]}},"_links":{"self":[{"href":"https:\/\/kapitalis.com\/tunisie\/wp-json\/wp\/v2\/posts\/203843","targetHints":{"allow":["GET"]}}],"collection":[{"href":"https:\/\/kapitalis.com\/tunisie\/wp-json\/wp\/v2\/posts"}],"about":[{"href":"https:\/\/kapitalis.com\/tunisie\/wp-json\/wp\/v2\/types\/post"}],"author":[{"embeddable":true,"href":"https:\/\/kapitalis.com\/tunisie\/wp-json\/wp\/v2\/users\/8"}],"replies":[{"embeddable":true,"href":"https:\/\/kapitalis.com\/tunisie\/wp-json\/wp\/v2\/comments?post=203843"}],"version-history":[{"count":0,"href":"https:\/\/kapitalis.com\/tunisie\/wp-json\/wp\/v2\/posts\/203843\/revisions"}],"wp:attachment":[{"href":"https:\/\/kapitalis.com\/tunisie\/wp-json\/wp\/v2\/media?parent=203843"}],"wp:term":[{"taxonomy":"category","embeddable":true,"href":"https:\/\/kapitalis.com\/tunisie\/wp-json\/wp\/v2\/categories?post=203843"},{"taxonomy":"post_tag","embeddable":true,"href":"https:\/\/kapitalis.com\/tunisie\/wp-json\/wp\/v2\/tags?post=203843"}],"curies":[{"name":"wp","href":"https:\/\/api.w.org\/{rel}","templated":true}]}}