{"id":203987,"date":"2019-03-28T11:43:46","date_gmt":"2019-03-28T10:43:46","guid":{"rendered":"http:\/\/kapitalis.com\/tunisie\/?p=203987"},"modified":"2019-03-28T11:43:46","modified_gmt":"2019-03-28T10:43:46","slug":"ooredoo-renforce-son-partenariat-avec-les-employes-de-leducation","status":"publish","type":"post","link":"https:\/\/kapitalis.com\/tunisie\/2019\/03\/28\/ooredoo-renforce-son-partenariat-avec-les-employes-de-leducation\/","title":{"rendered":"Ooredoo renforce son partenariat avec les employ\u00e9s de l\u2019\u00c9ducation"},"content":{"rendered":"<p style=\"text-align: center;\"><img loading=\"lazy\" decoding=\"async\" class=\"alignnone size-full wp-image-203988\" src=\"http:\/\/kapitalis.com\/tunisie\/wp-content\/uploads\/2019\/03\/Ooredoo-Education.jpg\" alt=\"\" width=\"626\" height=\"380\" \/><\/p>\n<p><em><strong>Ooredoo Tunisie et l\u2019Amicale des agents, des employ\u00e9s et des cadres du minist\u00e8re de l\u2019\u00c9ducation viennent de renforcer leur partenariat avec de nouvelles offres et services.<\/strong> <\/em><\/p>\n<p><!--more--><\/p>\n<p>Gr\u00e2ce \u00e0 cette nouvelle convention, Ooredoo fera b\u00e9n\u00e9ficier les adh\u00e9rents de l\u2019Amicale ainsi que leurs proches d\u2019un large catalogue de solutions voix et data avec un rapport qualit\u00e9\/prix tr\u00e8s comp\u00e9titif. Ces solutions comprennent des forfaits mobiles, des smartphones 4G, de nouveaux packs connect\u00e9s ou encore des offres et produits 4G.<\/p>\n<p>La reconduction de ce partenariat a \u00e9t\u00e9 sign\u00e9e r\u00e9cemment au si\u00e8ge d\u2019Ooredoo en pr\u00e9sence de Taieb Farhat, Chief Commercial Officer chez Ooredoo Tunisie, Tarek Sghair, pr\u00e9sident de l\u2019Amicale, ainsi que les membres du bureau national de l\u2019amicale et l\u2019\u00e9quipe commerciale Ooredoo.<\/p>\n<p><em><strong>Source<\/strong><\/em> : communiqu\u00e9.<\/p>\n","protected":false},"excerpt":{"rendered":"<p>Ooredoo Tunisie et l\u2019Amicale des agents, des employ\u00e9s et des cadres du minist\u00e8re de l\u2019\u00c9ducation viennent de renforcer leur partenariat avec de nouvelles offres et services.<\/p>\n","protected":false},"author":8,"featured_media":203988,"comment_status":"open","ping_status":"open","sticky":false,"template":"","format":"standard","meta":{"footnotes":""},"categories":[995,2433],"tags":[5134,6218],"class_list":["post-203987","post","type-post","status-publish","format-standard","has-post-thumbnail","hentry","category-economie","category-tunisie","tag-ministere-de-leducation","tag-ooredoo-tunisie"],"yoast_head":"<!-- This site is optimized with the Yoast SEO plugin v26.6 - https:\/\/yoast.com\/wordpress\/plugins\/seo\/ -->\n<title>Ooredoo renforce son partenariat avec les employ\u00e9s de l\u2019\u00c9ducation - Kapitalis<\/title>\n<meta name=\"robots\" content=\"index, follow, max-snippet:-1, max-image-preview:large, max-video-preview:-1\" \/>\n<link rel=\"canonical\" href=\"https:\/\/kapitalis.com\/tunisie\/2019\/03\/28\/ooredoo-renforce-son-partenariat-avec-les-employes-de-leducation\/\" \/>\n<meta property=\"og:locale\" content=\"fr_FR\" \/>\n<meta property=\"og:type\" content=\"article\" \/>\n<meta property=\"og:title\" content=\"Ooredoo renforce son partenariat avec les employ\u00e9s de l\u2019\u00c9ducation - Kapitalis\" \/>\n<meta property=\"og:description\" content=\"Ooredoo Tunisie et l\u2019Amicale des agents, des employ\u00e9s et des cadres du minist\u00e8re de l\u2019\u00c9ducation viennent de renforcer leur partenariat avec de nouvelles offres et services.\" \/>\n<meta property=\"og:url\" content=\"https:\/\/kapitalis.com\/tunisie\/2019\/03\/28\/ooredoo-renforce-son-partenariat-avec-les-employes-de-leducation\/\" \/>\n<meta property=\"og:site_name\" content=\"Kapitalis\" \/>\n<meta property=\"article:publisher\" content=\"https:\/\/www.facebook.com\/KapitalisInfo\/\" \/>\n<meta property=\"article:published_time\" content=\"2019-03-28T10:43:46+00:00\" \/>\n<meta property=\"og:image\" content=\"https:\/\/kapitalis.com\/tunisie\/wp-content\/uploads\/2022\/05\/kapitalis-logo-fb.png\" \/>\n\t<meta property=\"og:image:width\" content=\"1200\" \/>\n\t<meta property=\"og:image:height\" content=\"630\" \/>\n\t<meta property=\"og:image:type\" content=\"image\/png\" \/>\n<meta name=\"author\" content=\"webmaster kapitalis\" \/>\n<meta name=\"twitter:card\" content=\"summary_large_image\" \/>\n<meta name=\"twitter:creator\" content=\"@KapitalisInfo\" \/>\n<meta name=\"twitter:site\" content=\"@KapitalisInfo\" \/>\n<meta name=\"twitter:label1\" content=\"\u00c9crit par\" \/>\n\t<meta name=\"twitter:data1\" content=\"webmaster kapitalis\" \/>\n\t<meta name=\"twitter:label2\" content=\"Dur\u00e9e de lecture estim\u00e9e\" \/>\n\t<meta name=\"twitter:data2\" content=\"1 minute\" \/>\n<script type=\"application\/ld+json\" class=\"yoast-schema-graph\">{\"@context\":\"https:\/\/schema.org\",\"@graph\":[{\"@type\":\"Article\",\"@id\":\"https:\/\/kapitalis.com\/tunisie\/2019\/03\/28\/ooredoo-renforce-son-partenariat-avec-les-employes-de-leducation\/#article\",\"isPartOf\":{\"@id\":\"https:\/\/kapitalis.com\/tunisie\/2019\/03\/28\/ooredoo-renforce-son-partenariat-avec-les-employes-de-leducation\/\"},\"author\":{\"name\":\"webmaster kapitalis\",\"@id\":\"https:\/\/kapitalis.com\/tunisie\/#\/schema\/person\/d71f33a9ca44f7bad4698210b480c8e9\"},\"headline\":\"Ooredoo renforce son partenariat avec les employ\u00e9s de l\u2019\u00c9ducation\",\"datePublished\":\"2019-03-28T10:43:46+00:00\",\"mainEntityOfPage\":{\"@id\":\"https:\/\/kapitalis.com\/tunisie\/2019\/03\/28\/ooredoo-renforce-son-partenariat-avec-les-employes-de-leducation\/\"},\"wordCount\":152,\"commentCount\":0,\"publisher\":{\"@id\":\"https:\/\/kapitalis.com\/tunisie\/#organization\"},\"image\":{\"@id\":\"https:\/\/kapitalis.com\/tunisie\/2019\/03\/28\/ooredoo-renforce-son-partenariat-avec-les-employes-de-leducation\/#primaryimage\"},\"thumbnailUrl\":\"\",\"keywords\":[\"minist\u00e8re de l'Education\",\"Ooredoo Tunisie\"],\"articleSection\":[\"ECONOMIE\",\"Tunisie\"],\"inLanguage\":\"fr-FR\",\"potentialAction\":[{\"@type\":\"CommentAction\",\"name\":\"Comment\",\"target\":[\"https:\/\/kapitalis.com\/tunisie\/2019\/03\/28\/ooredoo-renforce-son-partenariat-avec-les-employes-de-leducation\/#respond\"]}]},{\"@type\":\"WebPage\",\"@id\":\"https:\/\/kapitalis.com\/tunisie\/2019\/03\/28\/ooredoo-renforce-son-partenariat-avec-les-employes-de-leducation\/\",\"url\":\"https:\/\/kapitalis.com\/tunisie\/2019\/03\/28\/ooredoo-renforce-son-partenariat-avec-les-employes-de-leducation\/\",\"name\":\"Ooredoo renforce son partenariat avec les employ\u00e9s de l\u2019\u00c9ducation - Kapitalis\",\"isPartOf\":{\"@id\":\"https:\/\/kapitalis.com\/tunisie\/#website\"},\"primaryImageOfPage\":{\"@id\":\"https:\/\/kapitalis.com\/tunisie\/2019\/03\/28\/ooredoo-renforce-son-partenariat-avec-les-employes-de-leducation\/#primaryimage\"},\"image\":{\"@id\":\"https:\/\/kapitalis.com\/tunisie\/2019\/03\/28\/ooredoo-renforce-son-partenariat-avec-les-employes-de-leducation\/#primaryimage\"},\"thumbnailUrl\":\"\",\"datePublished\":\"2019-03-28T10:43:46+00:00\",\"breadcrumb\":{\"@id\":\"https:\/\/kapitalis.com\/tunisie\/2019\/03\/28\/ooredoo-renforce-son-partenariat-avec-les-employes-de-leducation\/#breadcrumb\"},\"inLanguage\":\"fr-FR\",\"potentialAction\":[{\"@type\":\"ReadAction\",\"target\":[\"https:\/\/kapitalis.com\/tunisie\/2019\/03\/28\/ooredoo-renforce-son-partenariat-avec-les-employes-de-leducation\/\"]}]},{\"@type\":\"ImageObject\",\"inLanguage\":\"fr-FR\",\"@id\":\"https:\/\/kapitalis.com\/tunisie\/2019\/03\/28\/ooredoo-renforce-son-partenariat-avec-les-employes-de-leducation\/#primaryimage\",\"url\":\"\",\"contentUrl\":\"\"},{\"@type\":\"BreadcrumbList\",\"@id\":\"https:\/\/kapitalis.com\/tunisie\/2019\/03\/28\/ooredoo-renforce-son-partenariat-avec-les-employes-de-leducation\/#breadcrumb\",\"itemListElement\":[{\"@type\":\"ListItem\",\"position\":1,\"name\":\"Accueil\",\"item\":\"https:\/\/kapitalis.com\/tunisie\/\"},{\"@type\":\"ListItem\",\"position\":2,\"name\":\"Ooredoo renforce son partenariat avec les employ\u00e9s de l\u2019\u00c9ducation\"}]},{\"@type\":\"WebSite\",\"@id\":\"https:\/\/kapitalis.com\/tunisie\/#website\",\"url\":\"https:\/\/kapitalis.com\/tunisie\/\",\"name\":\"Kapitalis\",\"description\":\"L&#039;actualit\u00e9 en Tunisie et dans le monde\",\"publisher\":{\"@id\":\"https:\/\/kapitalis.com\/tunisie\/#organization\"},\"potentialAction\":[{\"@type\":\"SearchAction\",\"target\":{\"@type\":\"EntryPoint\",\"urlTemplate\":\"https:\/\/kapitalis.com\/tunisie\/?s={search_term_string}\"},\"query-input\":{\"@type\":\"PropertyValueSpecification\",\"valueRequired\":true,\"valueName\":\"search_term_string\"}}],\"inLanguage\":\"fr-FR\"},{\"@type\":\"Organization\",\"@id\":\"https:\/\/kapitalis.com\/tunisie\/#organization\",\"name\":\"Kapitalis\",\"url\":\"https:\/\/kapitalis.com\/tunisie\/\",\"logo\":{\"@type\":\"ImageObject\",\"inLanguage\":\"fr-FR\",\"@id\":\"https:\/\/kapitalis.com\/tunisie\/#\/schema\/logo\/image\/\",\"url\":\"https:\/\/kapitalis.com\/tunisie\/wp-content\/uploads\/2022\/05\/Kapitalis-big-size.png\",\"contentUrl\":\"https:\/\/kapitalis.com\/tunisie\/wp-content\/uploads\/2022\/05\/Kapitalis-big-size.png\",\"width\":5000,\"height\":1500,\"caption\":\"Kapitalis\"},\"image\":{\"@id\":\"https:\/\/kapitalis.com\/tunisie\/#\/schema\/logo\/image\/\"},\"sameAs\":[\"https:\/\/www.facebook.com\/KapitalisInfo\/\",\"https:\/\/x.com\/KapitalisInfo\",\"https:\/\/www.youtube.com\/channel\/UC-yDYrHyfFBWWZaOw3FPg9Q\"]},{\"@type\":\"Person\",\"@id\":\"https:\/\/kapitalis.com\/tunisie\/#\/schema\/person\/d71f33a9ca44f7bad4698210b480c8e9\",\"name\":\"webmaster kapitalis\",\"url\":\"https:\/\/kapitalis.com\/tunisie\/author\/webmaster-kapitalis\/\"}]}<\/script>\n<!-- \/ Yoast SEO plugin. -->","yoast_head_json":{"title":"Ooredoo renforce son partenariat avec les employ\u00e9s de l\u2019\u00c9ducation - Kapitalis","robots":{"index":"index","follow":"follow","max-snippet":"max-snippet:-1","max-image-preview":"max-image-preview:large","max-video-preview":"max-video-preview:-1"},"canonical":"https:\/\/kapitalis.com\/tunisie\/2019\/03\/28\/ooredoo-renforce-son-partenariat-avec-les-employes-de-leducation\/","og_locale":"fr_FR","og_type":"article","og_title":"Ooredoo renforce son partenariat avec les employ\u00e9s de l\u2019\u00c9ducation - Kapitalis","og_description":"Ooredoo Tunisie et l\u2019Amicale des agents, des employ\u00e9s et des cadres du minist\u00e8re de l\u2019\u00c9ducation viennent de renforcer leur partenariat avec de nouvelles offres et services.","og_url":"https:\/\/kapitalis.com\/tunisie\/2019\/03\/28\/ooredoo-renforce-son-partenariat-avec-les-employes-de-leducation\/","og_site_name":"Kapitalis","article_publisher":"https:\/\/www.facebook.com\/KapitalisInfo\/","article_published_time":"2019-03-28T10:43:46+00:00","og_image":[{"width":1200,"height":630,"url":"https:\/\/kapitalis.com\/tunisie\/wp-content\/uploads\/2022\/05\/kapitalis-logo-fb.png","type":"image\/png"}],"author":"webmaster kapitalis","twitter_card":"summary_large_image","twitter_creator":"@KapitalisInfo","twitter_site":"@KapitalisInfo","twitter_misc":{"\u00c9crit par":"webmaster kapitalis","Dur\u00e9e de lecture estim\u00e9e":"1 minute"},"schema":{"@context":"https:\/\/schema.org","@graph":[{"@type":"Article","@id":"https:\/\/kapitalis.com\/tunisie\/2019\/03\/28\/ooredoo-renforce-son-partenariat-avec-les-employes-de-leducation\/#article","isPartOf":{"@id":"https:\/\/kapitalis.com\/tunisie\/2019\/03\/28\/ooredoo-renforce-son-partenariat-avec-les-employes-de-leducation\/"},"author":{"name":"webmaster kapitalis","@id":"https:\/\/kapitalis.com\/tunisie\/#\/schema\/person\/d71f33a9ca44f7bad4698210b480c8e9"},"headline":"Ooredoo renforce son partenariat avec les employ\u00e9s de l\u2019\u00c9ducation","datePublished":"2019-03-28T10:43:46+00:00","mainEntityOfPage":{"@id":"https:\/\/kapitalis.com\/tunisie\/2019\/03\/28\/ooredoo-renforce-son-partenariat-avec-les-employes-de-leducation\/"},"wordCount":152,"commentCount":0,"publisher":{"@id":"https:\/\/kapitalis.com\/tunisie\/#organization"},"image":{"@id":"https:\/\/kapitalis.com\/tunisie\/2019\/03\/28\/ooredoo-renforce-son-partenariat-avec-les-employes-de-leducation\/#primaryimage"},"thumbnailUrl":"","keywords":["minist\u00e8re de l'Education","Ooredoo Tunisie"],"articleSection":["ECONOMIE","Tunisie"],"inLanguage":"fr-FR","potentialAction":[{"@type":"CommentAction","name":"Comment","target":["https:\/\/kapitalis.com\/tunisie\/2019\/03\/28\/ooredoo-renforce-son-partenariat-avec-les-employes-de-leducation\/#respond"]}]},{"@type":"WebPage","@id":"https:\/\/kapitalis.com\/tunisie\/2019\/03\/28\/ooredoo-renforce-son-partenariat-avec-les-employes-de-leducation\/","url":"https:\/\/kapitalis.com\/tunisie\/2019\/03\/28\/ooredoo-renforce-son-partenariat-avec-les-employes-de-leducation\/","name":"Ooredoo renforce son partenariat avec les employ\u00e9s de l\u2019\u00c9ducation - Kapitalis","isPartOf":{"@id":"https:\/\/kapitalis.com\/tunisie\/#website"},"primaryImageOfPage":{"@id":"https:\/\/kapitalis.com\/tunisie\/2019\/03\/28\/ooredoo-renforce-son-partenariat-avec-les-employes-de-leducation\/#primaryimage"},"image":{"@id":"https:\/\/kapitalis.com\/tunisie\/2019\/03\/28\/ooredoo-renforce-son-partenariat-avec-les-employes-de-leducation\/#primaryimage"},"thumbnailUrl":"","datePublished":"2019-03-28T10:43:46+00:00","breadcrumb":{"@id":"https:\/\/kapitalis.com\/tunisie\/2019\/03\/28\/ooredoo-renforce-son-partenariat-avec-les-employes-de-leducation\/#breadcrumb"},"inLanguage":"fr-FR","potentialAction":[{"@type":"ReadAction","target":["https:\/\/kapitalis.com\/tunisie\/2019\/03\/28\/ooredoo-renforce-son-partenariat-avec-les-employes-de-leducation\/"]}]},{"@type":"ImageObject","inLanguage":"fr-FR","@id":"https:\/\/kapitalis.com\/tunisie\/2019\/03\/28\/ooredoo-renforce-son-partenariat-avec-les-employes-de-leducation\/#primaryimage","url":"","contentUrl":""},{"@type":"BreadcrumbList","@id":"https:\/\/kapitalis.com\/tunisie\/2019\/03\/28\/ooredoo-renforce-son-partenariat-avec-les-employes-de-leducation\/#breadcrumb","itemListElement":[{"@type":"ListItem","position":1,"name":"Accueil","item":"https:\/\/kapitalis.com\/tunisie\/"},{"@type":"ListItem","position":2,"name":"Ooredoo renforce son partenariat avec les employ\u00e9s de l\u2019\u00c9ducation"}]},{"@type":"WebSite","@id":"https:\/\/kapitalis.com\/tunisie\/#website","url":"https:\/\/kapitalis.com\/tunisie\/","name":"Kapitalis","description":"L&#039;actualit\u00e9 en Tunisie et dans le monde","publisher":{"@id":"https:\/\/kapitalis.com\/tunisie\/#organization"},"potentialAction":[{"@type":"SearchAction","target":{"@type":"EntryPoint","urlTemplate":"https:\/\/kapitalis.com\/tunisie\/?s={search_term_string}"},"query-input":{"@type":"PropertyValueSpecification","valueRequired":true,"valueName":"search_term_string"}}],"inLanguage":"fr-FR"},{"@type":"Organization","@id":"https:\/\/kapitalis.com\/tunisie\/#organization","name":"Kapitalis","url":"https:\/\/kapitalis.com\/tunisie\/","logo":{"@type":"ImageObject","inLanguage":"fr-FR","@id":"https:\/\/kapitalis.com\/tunisie\/#\/schema\/logo\/image\/","url":"https:\/\/kapitalis.com\/tunisie\/wp-content\/uploads\/2022\/05\/Kapitalis-big-size.png","contentUrl":"https:\/\/kapitalis.com\/tunisie\/wp-content\/uploads\/2022\/05\/Kapitalis-big-size.png","width":5000,"height":1500,"caption":"Kapitalis"},"image":{"@id":"https:\/\/kapitalis.com\/tunisie\/#\/schema\/logo\/image\/"},"sameAs":["https:\/\/www.facebook.com\/KapitalisInfo\/","https:\/\/x.com\/KapitalisInfo","https:\/\/www.youtube.com\/channel\/UC-yDYrHyfFBWWZaOw3FPg9Q"]},{"@type":"Person","@id":"https:\/\/kapitalis.com\/tunisie\/#\/schema\/person\/d71f33a9ca44f7bad4698210b480c8e9","name":"webmaster kapitalis","url":"https:\/\/kapitalis.com\/tunisie\/author\/webmaster-kapitalis\/"}]}},"_links":{"self":[{"href":"https:\/\/kapitalis.com\/tunisie\/wp-json\/wp\/v2\/posts\/203987","targetHints":{"allow":["GET"]}}],"collection":[{"href":"https:\/\/kapitalis.com\/tunisie\/wp-json\/wp\/v2\/posts"}],"about":[{"href":"https:\/\/kapitalis.com\/tunisie\/wp-json\/wp\/v2\/types\/post"}],"author":[{"embeddable":true,"href":"https:\/\/kapitalis.com\/tunisie\/wp-json\/wp\/v2\/users\/8"}],"replies":[{"embeddable":true,"href":"https:\/\/kapitalis.com\/tunisie\/wp-json\/wp\/v2\/comments?post=203987"}],"version-history":[{"count":0,"href":"https:\/\/kapitalis.com\/tunisie\/wp-json\/wp\/v2\/posts\/203987\/revisions"}],"wp:featuredmedia":[{"embeddable":true,"href":"https:\/\/kapitalis.com\/tunisie\/wp-json\/wp\/v2\/media\/203988"}],"wp:attachment":[{"href":"https:\/\/kapitalis.com\/tunisie\/wp-json\/wp\/v2\/media?parent=203987"}],"wp:term":[{"taxonomy":"category","embeddable":true,"href":"https:\/\/kapitalis.com\/tunisie\/wp-json\/wp\/v2\/categories?post=203987"},{"taxonomy":"post_tag","embeddable":true,"href":"https:\/\/kapitalis.com\/tunisie\/wp-json\/wp\/v2\/tags?post=203987"}],"curies":[{"name":"wp","href":"https:\/\/api.w.org\/{rel}","templated":true}]}}