{"id":204131,"date":"2019-03-29T11:19:53","date_gmt":"2019-03-29T10:19:53","guid":{"rendered":"http:\/\/kapitalis.com\/tunisie\/?p=204131"},"modified":"2019-03-29T11:19:53","modified_gmt":"2019-03-29T10:19:53","slug":"earth-hour-2019-celebree-demain-samedi-30-mars-a-bizerte","status":"publish","type":"post","link":"https:\/\/kapitalis.com\/tunisie\/2019\/03\/29\/earth-hour-2019-celebree-demain-samedi-30-mars-a-bizerte\/","title":{"rendered":"Earth Hour 2019 c\u00e9l\u00e9br\u00e9e demain, samedi 30 mars, \u00e0 Bizerte"},"content":{"rendered":"<p style=\"text-align: center;\"><img loading=\"lazy\" decoding=\"async\" class=\"alignnone size-full wp-image-204133\" src=\"http:\/\/kapitalis.com\/tunisie\/wp-content\/uploads\/2019\/03\/Earth-Hour.jpg\" alt=\"\" width=\"626\" height=\"380\" \/><\/p>\n<p><em><strong>La Tunisie c\u00e9l\u00e9brera, comme chaque ann\u00e9e, Earth Hour, la plus grande mobilisation citoyenne pour la plan\u00e8te, organis\u00e9e par le WWF, demain, samedi 30 mars 2019, dans la ville de Bizerte.<\/strong> <\/em><\/p>\n<p><!--more--><\/p>\n<p>Lors de cette c\u00e9l\u00e9bration mondiale, plusieurs millions de personnes \u00e9teignent leurs lumi\u00e8res et des milliers de monuments iconiques plongent dans le noir.<\/p>\n<p>De Singapour \u00e0 Honolulu, en passant par Sydney, Moscou, Londres, Paris, New York, Duba\u00ef et Tunis, ce sont 188 pays qui \u00e9teignent, \u00e0 cette occasion, pendant une heure, leurs \u00e9difices embl\u00e9matiques.<\/p>\n<p>Par le simple fait d\u2019\u00e9teindre les lumi\u00e8res pendant une heure, chacun(e) peut symboliquement exprimer sa prise de conscience et sa volont\u00e9 d\u2019agir pour mieux prot\u00e9ger la biodiversit\u00e9, la nature et contre le changement climatique.<\/p>\n<p>Cette ann\u00e9e, la Tunisie c\u00e9l\u00e8bre Earth Hour en partenariat avec l\u2019Union europ\u00e9enne, en organisant une s\u00e9rie d\u2019activit\u00e9s de sensibilisation sportives, sociales et culturelles pour le grand public en collaboration avec le gouvernorat et la municipalit\u00e9 de Bizerte, les scouts et les diff\u00e9rentes organisations de la soci\u00e9t\u00e9 civile de la ville.<\/p>\n<p><em><strong>Source<\/strong><\/em> : communiqu\u00e9.<\/p>\n<p>@WWFTunisie<\/p>\n<p>#TogetherPossible #Connect2Earth<\/p>\n","protected":false},"excerpt":{"rendered":"<p>La Tunisie c\u00e9l\u00e9brera, comme chaque ann\u00e9e, Earth Hour, la plus grande mobilisation citoyenne pour la plan\u00e8te, organis\u00e9e par le WWF, demain, samedi 30 mars 2019, dans la ville de Bizerte.<\/p>\n","protected":false},"author":8,"featured_media":204133,"comment_status":"open","ping_status":"open","sticky":false,"template":"","format":"standard","meta":{"footnotes":""},"categories":[998,2433],"tags":[148,937,9928],"class_list":["post-204131","post","type-post","status-publish","format-standard","has-post-thumbnail","hentry","category-societe","category-tunisie","tag-bizerte","tag-union-europeenne","tag-wwf"],"yoast_head":"<!-- This site is optimized with the Yoast SEO plugin v26.6 - https:\/\/yoast.com\/wordpress\/plugins\/seo\/ -->\n<title>Earth Hour 2019 c\u00e9l\u00e9br\u00e9e demain, samedi 30 mars, \u00e0 Bizerte - Kapitalis<\/title>\n<meta name=\"robots\" content=\"index, follow, max-snippet:-1, max-image-preview:large, max-video-preview:-1\" \/>\n<link rel=\"canonical\" href=\"https:\/\/kapitalis.com\/tunisie\/2019\/03\/29\/earth-hour-2019-celebree-demain-samedi-30-mars-a-bizerte\/\" \/>\n<meta property=\"og:locale\" content=\"fr_FR\" \/>\n<meta property=\"og:type\" content=\"article\" \/>\n<meta property=\"og:title\" content=\"Earth Hour 2019 c\u00e9l\u00e9br\u00e9e demain, samedi 30 mars, \u00e0 Bizerte - Kapitalis\" \/>\n<meta property=\"og:description\" content=\"La Tunisie c\u00e9l\u00e9brera, comme chaque ann\u00e9e, Earth Hour, la plus grande mobilisation citoyenne pour la plan\u00e8te, organis\u00e9e par le WWF, demain, samedi 30 mars 2019, dans la ville de Bizerte.\" \/>\n<meta property=\"og:url\" content=\"https:\/\/kapitalis.com\/tunisie\/2019\/03\/29\/earth-hour-2019-celebree-demain-samedi-30-mars-a-bizerte\/\" \/>\n<meta property=\"og:site_name\" content=\"Kapitalis\" \/>\n<meta property=\"article:publisher\" content=\"https:\/\/www.facebook.com\/KapitalisInfo\/\" \/>\n<meta property=\"article:published_time\" content=\"2019-03-29T10:19:53+00:00\" \/>\n<meta property=\"og:image\" content=\"https:\/\/kapitalis.com\/tunisie\/wp-content\/uploads\/2022\/05\/kapitalis-logo-fb.png\" \/>\n\t<meta property=\"og:image:width\" content=\"1200\" \/>\n\t<meta property=\"og:image:height\" content=\"630\" \/>\n\t<meta property=\"og:image:type\" content=\"image\/png\" \/>\n<meta name=\"author\" content=\"webmaster kapitalis\" \/>\n<meta name=\"twitter:card\" content=\"summary_large_image\" \/>\n<meta name=\"twitter:creator\" content=\"@KapitalisInfo\" \/>\n<meta name=\"twitter:site\" content=\"@KapitalisInfo\" \/>\n<meta name=\"twitter:label1\" content=\"\u00c9crit par\" \/>\n\t<meta name=\"twitter:data1\" content=\"webmaster kapitalis\" \/>\n\t<meta name=\"twitter:label2\" content=\"Dur\u00e9e de lecture estim\u00e9e\" \/>\n\t<meta name=\"twitter:data2\" content=\"1 minute\" \/>\n<script type=\"application\/ld+json\" class=\"yoast-schema-graph\">{\"@context\":\"https:\/\/schema.org\",\"@graph\":[{\"@type\":\"Article\",\"@id\":\"https:\/\/kapitalis.com\/tunisie\/2019\/03\/29\/earth-hour-2019-celebree-demain-samedi-30-mars-a-bizerte\/#article\",\"isPartOf\":{\"@id\":\"https:\/\/kapitalis.com\/tunisie\/2019\/03\/29\/earth-hour-2019-celebree-demain-samedi-30-mars-a-bizerte\/\"},\"author\":{\"name\":\"webmaster kapitalis\",\"@id\":\"https:\/\/kapitalis.com\/tunisie\/#\/schema\/person\/d71f33a9ca44f7bad4698210b480c8e9\"},\"headline\":\"Earth Hour 2019 c\u00e9l\u00e9br\u00e9e demain, samedi 30 mars, \u00e0 Bizerte\",\"datePublished\":\"2019-03-29T10:19:53+00:00\",\"mainEntityOfPage\":{\"@id\":\"https:\/\/kapitalis.com\/tunisie\/2019\/03\/29\/earth-hour-2019-celebree-demain-samedi-30-mars-a-bizerte\/\"},\"wordCount\":202,\"commentCount\":0,\"publisher\":{\"@id\":\"https:\/\/kapitalis.com\/tunisie\/#organization\"},\"image\":{\"@id\":\"https:\/\/kapitalis.com\/tunisie\/2019\/03\/29\/earth-hour-2019-celebree-demain-samedi-30-mars-a-bizerte\/#primaryimage\"},\"thumbnailUrl\":\"\",\"keywords\":[\"Bizerte\",\"Union europ\u00e9enne\",\"WWF\"],\"articleSection\":[\"SOCIETE\",\"Tunisie\"],\"inLanguage\":\"fr-FR\",\"potentialAction\":[{\"@type\":\"CommentAction\",\"name\":\"Comment\",\"target\":[\"https:\/\/kapitalis.com\/tunisie\/2019\/03\/29\/earth-hour-2019-celebree-demain-samedi-30-mars-a-bizerte\/#respond\"]}]},{\"@type\":\"WebPage\",\"@id\":\"https:\/\/kapitalis.com\/tunisie\/2019\/03\/29\/earth-hour-2019-celebree-demain-samedi-30-mars-a-bizerte\/\",\"url\":\"https:\/\/kapitalis.com\/tunisie\/2019\/03\/29\/earth-hour-2019-celebree-demain-samedi-30-mars-a-bizerte\/\",\"name\":\"Earth Hour 2019 c\u00e9l\u00e9br\u00e9e demain, samedi 30 mars, \u00e0 Bizerte - Kapitalis\",\"isPartOf\":{\"@id\":\"https:\/\/kapitalis.com\/tunisie\/#website\"},\"primaryImageOfPage\":{\"@id\":\"https:\/\/kapitalis.com\/tunisie\/2019\/03\/29\/earth-hour-2019-celebree-demain-samedi-30-mars-a-bizerte\/#primaryimage\"},\"image\":{\"@id\":\"https:\/\/kapitalis.com\/tunisie\/2019\/03\/29\/earth-hour-2019-celebree-demain-samedi-30-mars-a-bizerte\/#primaryimage\"},\"thumbnailUrl\":\"\",\"datePublished\":\"2019-03-29T10:19:53+00:00\",\"breadcrumb\":{\"@id\":\"https:\/\/kapitalis.com\/tunisie\/2019\/03\/29\/earth-hour-2019-celebree-demain-samedi-30-mars-a-bizerte\/#breadcrumb\"},\"inLanguage\":\"fr-FR\",\"potentialAction\":[{\"@type\":\"ReadAction\",\"target\":[\"https:\/\/kapitalis.com\/tunisie\/2019\/03\/29\/earth-hour-2019-celebree-demain-samedi-30-mars-a-bizerte\/\"]}]},{\"@type\":\"ImageObject\",\"inLanguage\":\"fr-FR\",\"@id\":\"https:\/\/kapitalis.com\/tunisie\/2019\/03\/29\/earth-hour-2019-celebree-demain-samedi-30-mars-a-bizerte\/#primaryimage\",\"url\":\"\",\"contentUrl\":\"\"},{\"@type\":\"BreadcrumbList\",\"@id\":\"https:\/\/kapitalis.com\/tunisie\/2019\/03\/29\/earth-hour-2019-celebree-demain-samedi-30-mars-a-bizerte\/#breadcrumb\",\"itemListElement\":[{\"@type\":\"ListItem\",\"position\":1,\"name\":\"Accueil\",\"item\":\"https:\/\/kapitalis.com\/tunisie\/\"},{\"@type\":\"ListItem\",\"position\":2,\"name\":\"Earth Hour 2019 c\u00e9l\u00e9br\u00e9e demain, samedi 30 mars, \u00e0 Bizerte\"}]},{\"@type\":\"WebSite\",\"@id\":\"https:\/\/kapitalis.com\/tunisie\/#website\",\"url\":\"https:\/\/kapitalis.com\/tunisie\/\",\"name\":\"Kapitalis\",\"description\":\"L&#039;actualit\u00e9 en Tunisie et dans le monde\",\"publisher\":{\"@id\":\"https:\/\/kapitalis.com\/tunisie\/#organization\"},\"potentialAction\":[{\"@type\":\"SearchAction\",\"target\":{\"@type\":\"EntryPoint\",\"urlTemplate\":\"https:\/\/kapitalis.com\/tunisie\/?s={search_term_string}\"},\"query-input\":{\"@type\":\"PropertyValueSpecification\",\"valueRequired\":true,\"valueName\":\"search_term_string\"}}],\"inLanguage\":\"fr-FR\"},{\"@type\":\"Organization\",\"@id\":\"https:\/\/kapitalis.com\/tunisie\/#organization\",\"name\":\"Kapitalis\",\"url\":\"https:\/\/kapitalis.com\/tunisie\/\",\"logo\":{\"@type\":\"ImageObject\",\"inLanguage\":\"fr-FR\",\"@id\":\"https:\/\/kapitalis.com\/tunisie\/#\/schema\/logo\/image\/\",\"url\":\"https:\/\/kapitalis.com\/tunisie\/wp-content\/uploads\/2022\/05\/Kapitalis-big-size.png\",\"contentUrl\":\"https:\/\/kapitalis.com\/tunisie\/wp-content\/uploads\/2022\/05\/Kapitalis-big-size.png\",\"width\":5000,\"height\":1500,\"caption\":\"Kapitalis\"},\"image\":{\"@id\":\"https:\/\/kapitalis.com\/tunisie\/#\/schema\/logo\/image\/\"},\"sameAs\":[\"https:\/\/www.facebook.com\/KapitalisInfo\/\",\"https:\/\/x.com\/KapitalisInfo\",\"https:\/\/www.youtube.com\/channel\/UC-yDYrHyfFBWWZaOw3FPg9Q\"]},{\"@type\":\"Person\",\"@id\":\"https:\/\/kapitalis.com\/tunisie\/#\/schema\/person\/d71f33a9ca44f7bad4698210b480c8e9\",\"name\":\"webmaster kapitalis\",\"url\":\"https:\/\/kapitalis.com\/tunisie\/author\/webmaster-kapitalis\/\"}]}<\/script>\n<!-- \/ Yoast SEO plugin. -->","yoast_head_json":{"title":"Earth Hour 2019 c\u00e9l\u00e9br\u00e9e demain, samedi 30 mars, \u00e0 Bizerte - Kapitalis","robots":{"index":"index","follow":"follow","max-snippet":"max-snippet:-1","max-image-preview":"max-image-preview:large","max-video-preview":"max-video-preview:-1"},"canonical":"https:\/\/kapitalis.com\/tunisie\/2019\/03\/29\/earth-hour-2019-celebree-demain-samedi-30-mars-a-bizerte\/","og_locale":"fr_FR","og_type":"article","og_title":"Earth Hour 2019 c\u00e9l\u00e9br\u00e9e demain, samedi 30 mars, \u00e0 Bizerte - Kapitalis","og_description":"La Tunisie c\u00e9l\u00e9brera, comme chaque ann\u00e9e, Earth Hour, la plus grande mobilisation citoyenne pour la plan\u00e8te, organis\u00e9e par le WWF, demain, samedi 30 mars 2019, dans la ville de Bizerte.","og_url":"https:\/\/kapitalis.com\/tunisie\/2019\/03\/29\/earth-hour-2019-celebree-demain-samedi-30-mars-a-bizerte\/","og_site_name":"Kapitalis","article_publisher":"https:\/\/www.facebook.com\/KapitalisInfo\/","article_published_time":"2019-03-29T10:19:53+00:00","og_image":[{"width":1200,"height":630,"url":"https:\/\/kapitalis.com\/tunisie\/wp-content\/uploads\/2022\/05\/kapitalis-logo-fb.png","type":"image\/png"}],"author":"webmaster kapitalis","twitter_card":"summary_large_image","twitter_creator":"@KapitalisInfo","twitter_site":"@KapitalisInfo","twitter_misc":{"\u00c9crit par":"webmaster kapitalis","Dur\u00e9e de lecture estim\u00e9e":"1 minute"},"schema":{"@context":"https:\/\/schema.org","@graph":[{"@type":"Article","@id":"https:\/\/kapitalis.com\/tunisie\/2019\/03\/29\/earth-hour-2019-celebree-demain-samedi-30-mars-a-bizerte\/#article","isPartOf":{"@id":"https:\/\/kapitalis.com\/tunisie\/2019\/03\/29\/earth-hour-2019-celebree-demain-samedi-30-mars-a-bizerte\/"},"author":{"name":"webmaster kapitalis","@id":"https:\/\/kapitalis.com\/tunisie\/#\/schema\/person\/d71f33a9ca44f7bad4698210b480c8e9"},"headline":"Earth Hour 2019 c\u00e9l\u00e9br\u00e9e demain, samedi 30 mars, \u00e0 Bizerte","datePublished":"2019-03-29T10:19:53+00:00","mainEntityOfPage":{"@id":"https:\/\/kapitalis.com\/tunisie\/2019\/03\/29\/earth-hour-2019-celebree-demain-samedi-30-mars-a-bizerte\/"},"wordCount":202,"commentCount":0,"publisher":{"@id":"https:\/\/kapitalis.com\/tunisie\/#organization"},"image":{"@id":"https:\/\/kapitalis.com\/tunisie\/2019\/03\/29\/earth-hour-2019-celebree-demain-samedi-30-mars-a-bizerte\/#primaryimage"},"thumbnailUrl":"","keywords":["Bizerte","Union europ\u00e9enne","WWF"],"articleSection":["SOCIETE","Tunisie"],"inLanguage":"fr-FR","potentialAction":[{"@type":"CommentAction","name":"Comment","target":["https:\/\/kapitalis.com\/tunisie\/2019\/03\/29\/earth-hour-2019-celebree-demain-samedi-30-mars-a-bizerte\/#respond"]}]},{"@type":"WebPage","@id":"https:\/\/kapitalis.com\/tunisie\/2019\/03\/29\/earth-hour-2019-celebree-demain-samedi-30-mars-a-bizerte\/","url":"https:\/\/kapitalis.com\/tunisie\/2019\/03\/29\/earth-hour-2019-celebree-demain-samedi-30-mars-a-bizerte\/","name":"Earth Hour 2019 c\u00e9l\u00e9br\u00e9e demain, samedi 30 mars, \u00e0 Bizerte - Kapitalis","isPartOf":{"@id":"https:\/\/kapitalis.com\/tunisie\/#website"},"primaryImageOfPage":{"@id":"https:\/\/kapitalis.com\/tunisie\/2019\/03\/29\/earth-hour-2019-celebree-demain-samedi-30-mars-a-bizerte\/#primaryimage"},"image":{"@id":"https:\/\/kapitalis.com\/tunisie\/2019\/03\/29\/earth-hour-2019-celebree-demain-samedi-30-mars-a-bizerte\/#primaryimage"},"thumbnailUrl":"","datePublished":"2019-03-29T10:19:53+00:00","breadcrumb":{"@id":"https:\/\/kapitalis.com\/tunisie\/2019\/03\/29\/earth-hour-2019-celebree-demain-samedi-30-mars-a-bizerte\/#breadcrumb"},"inLanguage":"fr-FR","potentialAction":[{"@type":"ReadAction","target":["https:\/\/kapitalis.com\/tunisie\/2019\/03\/29\/earth-hour-2019-celebree-demain-samedi-30-mars-a-bizerte\/"]}]},{"@type":"ImageObject","inLanguage":"fr-FR","@id":"https:\/\/kapitalis.com\/tunisie\/2019\/03\/29\/earth-hour-2019-celebree-demain-samedi-30-mars-a-bizerte\/#primaryimage","url":"","contentUrl":""},{"@type":"BreadcrumbList","@id":"https:\/\/kapitalis.com\/tunisie\/2019\/03\/29\/earth-hour-2019-celebree-demain-samedi-30-mars-a-bizerte\/#breadcrumb","itemListElement":[{"@type":"ListItem","position":1,"name":"Accueil","item":"https:\/\/kapitalis.com\/tunisie\/"},{"@type":"ListItem","position":2,"name":"Earth Hour 2019 c\u00e9l\u00e9br\u00e9e demain, samedi 30 mars, \u00e0 Bizerte"}]},{"@type":"WebSite","@id":"https:\/\/kapitalis.com\/tunisie\/#website","url":"https:\/\/kapitalis.com\/tunisie\/","name":"Kapitalis","description":"L&#039;actualit\u00e9 en Tunisie et dans le monde","publisher":{"@id":"https:\/\/kapitalis.com\/tunisie\/#organization"},"potentialAction":[{"@type":"SearchAction","target":{"@type":"EntryPoint","urlTemplate":"https:\/\/kapitalis.com\/tunisie\/?s={search_term_string}"},"query-input":{"@type":"PropertyValueSpecification","valueRequired":true,"valueName":"search_term_string"}}],"inLanguage":"fr-FR"},{"@type":"Organization","@id":"https:\/\/kapitalis.com\/tunisie\/#organization","name":"Kapitalis","url":"https:\/\/kapitalis.com\/tunisie\/","logo":{"@type":"ImageObject","inLanguage":"fr-FR","@id":"https:\/\/kapitalis.com\/tunisie\/#\/schema\/logo\/image\/","url":"https:\/\/kapitalis.com\/tunisie\/wp-content\/uploads\/2022\/05\/Kapitalis-big-size.png","contentUrl":"https:\/\/kapitalis.com\/tunisie\/wp-content\/uploads\/2022\/05\/Kapitalis-big-size.png","width":5000,"height":1500,"caption":"Kapitalis"},"image":{"@id":"https:\/\/kapitalis.com\/tunisie\/#\/schema\/logo\/image\/"},"sameAs":["https:\/\/www.facebook.com\/KapitalisInfo\/","https:\/\/x.com\/KapitalisInfo","https:\/\/www.youtube.com\/channel\/UC-yDYrHyfFBWWZaOw3FPg9Q"]},{"@type":"Person","@id":"https:\/\/kapitalis.com\/tunisie\/#\/schema\/person\/d71f33a9ca44f7bad4698210b480c8e9","name":"webmaster kapitalis","url":"https:\/\/kapitalis.com\/tunisie\/author\/webmaster-kapitalis\/"}]}},"_links":{"self":[{"href":"https:\/\/kapitalis.com\/tunisie\/wp-json\/wp\/v2\/posts\/204131","targetHints":{"allow":["GET"]}}],"collection":[{"href":"https:\/\/kapitalis.com\/tunisie\/wp-json\/wp\/v2\/posts"}],"about":[{"href":"https:\/\/kapitalis.com\/tunisie\/wp-json\/wp\/v2\/types\/post"}],"author":[{"embeddable":true,"href":"https:\/\/kapitalis.com\/tunisie\/wp-json\/wp\/v2\/users\/8"}],"replies":[{"embeddable":true,"href":"https:\/\/kapitalis.com\/tunisie\/wp-json\/wp\/v2\/comments?post=204131"}],"version-history":[{"count":0,"href":"https:\/\/kapitalis.com\/tunisie\/wp-json\/wp\/v2\/posts\/204131\/revisions"}],"wp:featuredmedia":[{"embeddable":true,"href":"https:\/\/kapitalis.com\/tunisie\/wp-json\/wp\/v2\/media\/204133"}],"wp:attachment":[{"href":"https:\/\/kapitalis.com\/tunisie\/wp-json\/wp\/v2\/media?parent=204131"}],"wp:term":[{"taxonomy":"category","embeddable":true,"href":"https:\/\/kapitalis.com\/tunisie\/wp-json\/wp\/v2\/categories?post=204131"},{"taxonomy":"post_tag","embeddable":true,"href":"https:\/\/kapitalis.com\/tunisie\/wp-json\/wp\/v2\/tags?post=204131"}],"curies":[{"name":"wp","href":"https:\/\/api.w.org\/{rel}","templated":true}]}}