{"id":204142,"date":"2019-03-29T19:06:36","date_gmt":"2019-03-29T18:06:36","guid":{"rendered":"http:\/\/kapitalis.com\/tunisie\/?p=204142"},"modified":"2019-03-29T19:06:36","modified_gmt":"2019-03-29T18:06:36","slug":"mont-everest-selma-akel-une-tunisienne-sur-le-toit-du-monde","status":"publish","type":"post","link":"https:\/\/kapitalis.com\/tunisie\/2019\/03\/29\/mont-everest-selma-akel-une-tunisienne-sur-le-toit-du-monde\/","title":{"rendered":"Mont Everest : Selma Akel, une Tunisienne sur le toit du monde"},"content":{"rendered":"<p style=\"text-align: center;\"><img loading=\"lazy\" decoding=\"async\" class=\"alignnone size-full wp-image-204158\" src=\"http:\/\/kapitalis.com\/tunisie\/wp-content\/uploads\/2019\/03\/Selma-Akel-Evrest.jpg\" alt=\"\" width=\"626\" height=\"380\" \/><\/p>\n<p><em><strong>L\u2019alpiniste tunisienne Selma Akel a hiss\u00e9 le drapeau tunisien \u00e0 5364m d\u2019altitude, sur l\u2019un des plus hauts sommets du monde\u00a0: le mont Everest.\u00a0 Lors de ce trek, Selma \u00e9tait accompagn\u00e9e d&rsquo;autres femmes arabes, dont une Libanaise et une Saoudienne.<\/strong><\/em><!--more--><\/p>\n<p>La photo de la Tunisienne a \u00e9t\u00e9 publi\u00e9e hier, jeudi 28 mars 2019 par <em>\u00ab\u00a0Discovering Atlas\u00a0\u00bb<\/em>, en commentant\u00a0: \u00ab<em>Nouvel exploit qui vient enrichir l\u2019actif de la femme en Tunisie, cette fois-ci dans l&rsquo;alpinisme au camp de base du Mont Everest<\/em>\u00bb.<\/p>\n<p>De son c\u00f4t\u00e9, Selma ravie de cet exploit, a indiqu\u00e9 sur son compte Facebook, que ce trek lui a beaucoup appris, et qu\u2019elle est ravie d\u2019avoir v\u00e9cu l\u2019aventure.<\/p>\n<p>\u00ab\u00a0<em>Il n&rsquo;y a pas de mots pour d\u00e9crire ce que je ressens. Cette aventure de randonn\u00e9e met en avant un nouveau type d&rsquo;apprentissage. J&rsquo;apprends \u00e0 rester concentr\u00e9e, et d\u00e9termin\u00e9e, \u00e0 trouver la paix et le calme, \u00e0 pers\u00e9v\u00e9rer \u00e0 travers la douleur et le froid, \u00e0 me pousser quand chaque cellule de mon corps me dit d&rsquo;arr\u00eater<\/em>\u00bb, a-t-elle \u00e9crit, avant de conclure\u00a0: \u00ab<em>Mais par-dessus tout, j&rsquo;apprends que le monde est plus beau que n&rsquo;importe quel mot ou photo peut expliquer<\/em>\u00bb.<\/p>\n<p style=\"text-align: right;\"><strong>Y. N.<\/strong><\/p>\n","protected":false},"excerpt":{"rendered":"<p>L\u2019alpiniste tunisienne Selma Akel a hiss\u00e9 le drapeau tunisien \u00e0 5364m d\u2019altitude, sur l\u2019un des plus hauts sommets du monde\u00a0: le mont Everest.\u00a0 Lors de ce trek, Selma \u00e9tait accompagn\u00e9e d&rsquo;autres femmes arabes, dont une Libanaise et une Saoudienne.<\/p>\n","protected":false},"author":6,"featured_media":204152,"comment_status":"open","ping_status":"open","sticky":false,"template":"","format":"standard","meta":{"footnotes":""},"categories":[998,2433],"tags":[2414,932],"class_list":["post-204142","post","type-post","status-publish","format-standard","has-post-thumbnail","hentry","category-societe","category-tunisie","tag-alpiniste","tag-tunisienne"],"yoast_head":"<!-- This site is optimized with the Yoast SEO plugin v26.6 - https:\/\/yoast.com\/wordpress\/plugins\/seo\/ -->\n<title>Mont Everest : Selma Akel, une Tunisienne sur le toit du monde - Kapitalis<\/title>\n<meta name=\"robots\" content=\"index, follow, max-snippet:-1, max-image-preview:large, max-video-preview:-1\" \/>\n<link rel=\"canonical\" href=\"https:\/\/kapitalis.com\/tunisie\/2019\/03\/29\/mont-everest-selma-akel-une-tunisienne-sur-le-toit-du-monde\/\" \/>\n<meta property=\"og:locale\" content=\"fr_FR\" \/>\n<meta property=\"og:type\" content=\"article\" \/>\n<meta property=\"og:title\" content=\"Mont Everest : Selma Akel, une Tunisienne sur le toit du monde - Kapitalis\" \/>\n<meta property=\"og:description\" content=\"L\u2019alpiniste tunisienne Selma Akel a hiss\u00e9 le drapeau tunisien \u00e0 5364m d\u2019altitude, sur l\u2019un des plus hauts sommets du monde\u00a0: le mont Everest.\u00a0 Lors de ce trek, Selma \u00e9tait accompagn\u00e9e d&rsquo;autres femmes arabes, dont une Libanaise et une Saoudienne.\" \/>\n<meta property=\"og:url\" content=\"https:\/\/kapitalis.com\/tunisie\/2019\/03\/29\/mont-everest-selma-akel-une-tunisienne-sur-le-toit-du-monde\/\" \/>\n<meta property=\"og:site_name\" content=\"Kapitalis\" \/>\n<meta property=\"article:publisher\" content=\"https:\/\/www.facebook.com\/KapitalisInfo\/\" \/>\n<meta property=\"article:published_time\" content=\"2019-03-29T18:06:36+00:00\" \/>\n<meta property=\"og:image\" content=\"https:\/\/kapitalis.com\/tunisie\/wp-content\/uploads\/2022\/05\/kapitalis-logo-fb.png\" \/>\n\t<meta property=\"og:image:width\" content=\"1200\" \/>\n\t<meta property=\"og:image:height\" content=\"630\" \/>\n\t<meta property=\"og:image:type\" content=\"image\/png\" \/>\n<meta name=\"author\" content=\"Yusra NY\" \/>\n<meta name=\"twitter:card\" content=\"summary_large_image\" \/>\n<meta name=\"twitter:creator\" content=\"@KapitalisInfo\" \/>\n<meta name=\"twitter:site\" content=\"@KapitalisInfo\" \/>\n<meta name=\"twitter:label1\" content=\"\u00c9crit par\" \/>\n\t<meta name=\"twitter:data1\" content=\"Yusra NY\" \/>\n\t<meta name=\"twitter:label2\" content=\"Dur\u00e9e de lecture estim\u00e9e\" \/>\n\t<meta name=\"twitter:data2\" content=\"1 minute\" \/>\n<script type=\"application\/ld+json\" class=\"yoast-schema-graph\">{\"@context\":\"https:\/\/schema.org\",\"@graph\":[{\"@type\":\"Article\",\"@id\":\"https:\/\/kapitalis.com\/tunisie\/2019\/03\/29\/mont-everest-selma-akel-une-tunisienne-sur-le-toit-du-monde\/#article\",\"isPartOf\":{\"@id\":\"https:\/\/kapitalis.com\/tunisie\/2019\/03\/29\/mont-everest-selma-akel-une-tunisienne-sur-le-toit-du-monde\/\"},\"author\":{\"name\":\"Yusra NY\",\"@id\":\"https:\/\/kapitalis.com\/tunisie\/#\/schema\/person\/74bbde0154d49d790a92aaeac5bc01d5\"},\"headline\":\"Mont Everest : Selma Akel, une Tunisienne sur le toit du monde\",\"datePublished\":\"2019-03-29T18:06:36+00:00\",\"mainEntityOfPage\":{\"@id\":\"https:\/\/kapitalis.com\/tunisie\/2019\/03\/29\/mont-everest-selma-akel-une-tunisienne-sur-le-toit-du-monde\/\"},\"wordCount\":211,\"commentCount\":5,\"publisher\":{\"@id\":\"https:\/\/kapitalis.com\/tunisie\/#organization\"},\"image\":{\"@id\":\"https:\/\/kapitalis.com\/tunisie\/2019\/03\/29\/mont-everest-selma-akel-une-tunisienne-sur-le-toit-du-monde\/#primaryimage\"},\"thumbnailUrl\":\"\",\"keywords\":[\"alpiniste\",\"tunisienne\"],\"articleSection\":[\"SOCIETE\",\"Tunisie\"],\"inLanguage\":\"fr-FR\",\"potentialAction\":[{\"@type\":\"CommentAction\",\"name\":\"Comment\",\"target\":[\"https:\/\/kapitalis.com\/tunisie\/2019\/03\/29\/mont-everest-selma-akel-une-tunisienne-sur-le-toit-du-monde\/#respond\"]}]},{\"@type\":\"WebPage\",\"@id\":\"https:\/\/kapitalis.com\/tunisie\/2019\/03\/29\/mont-everest-selma-akel-une-tunisienne-sur-le-toit-du-monde\/\",\"url\":\"https:\/\/kapitalis.com\/tunisie\/2019\/03\/29\/mont-everest-selma-akel-une-tunisienne-sur-le-toit-du-monde\/\",\"name\":\"Mont Everest : Selma Akel, une Tunisienne sur le toit du monde - Kapitalis\",\"isPartOf\":{\"@id\":\"https:\/\/kapitalis.com\/tunisie\/#website\"},\"primaryImageOfPage\":{\"@id\":\"https:\/\/kapitalis.com\/tunisie\/2019\/03\/29\/mont-everest-selma-akel-une-tunisienne-sur-le-toit-du-monde\/#primaryimage\"},\"image\":{\"@id\":\"https:\/\/kapitalis.com\/tunisie\/2019\/03\/29\/mont-everest-selma-akel-une-tunisienne-sur-le-toit-du-monde\/#primaryimage\"},\"thumbnailUrl\":\"\",\"datePublished\":\"2019-03-29T18:06:36+00:00\",\"breadcrumb\":{\"@id\":\"https:\/\/kapitalis.com\/tunisie\/2019\/03\/29\/mont-everest-selma-akel-une-tunisienne-sur-le-toit-du-monde\/#breadcrumb\"},\"inLanguage\":\"fr-FR\",\"potentialAction\":[{\"@type\":\"ReadAction\",\"target\":[\"https:\/\/kapitalis.com\/tunisie\/2019\/03\/29\/mont-everest-selma-akel-une-tunisienne-sur-le-toit-du-monde\/\"]}]},{\"@type\":\"ImageObject\",\"inLanguage\":\"fr-FR\",\"@id\":\"https:\/\/kapitalis.com\/tunisie\/2019\/03\/29\/mont-everest-selma-akel-une-tunisienne-sur-le-toit-du-monde\/#primaryimage\",\"url\":\"\",\"contentUrl\":\"\"},{\"@type\":\"BreadcrumbList\",\"@id\":\"https:\/\/kapitalis.com\/tunisie\/2019\/03\/29\/mont-everest-selma-akel-une-tunisienne-sur-le-toit-du-monde\/#breadcrumb\",\"itemListElement\":[{\"@type\":\"ListItem\",\"position\":1,\"name\":\"Accueil\",\"item\":\"https:\/\/kapitalis.com\/tunisie\/\"},{\"@type\":\"ListItem\",\"position\":2,\"name\":\"Mont Everest : Selma Akel, une Tunisienne sur le toit du monde\"}]},{\"@type\":\"WebSite\",\"@id\":\"https:\/\/kapitalis.com\/tunisie\/#website\",\"url\":\"https:\/\/kapitalis.com\/tunisie\/\",\"name\":\"Kapitalis\",\"description\":\"L&#039;actualit\u00e9 en Tunisie et dans le monde\",\"publisher\":{\"@id\":\"https:\/\/kapitalis.com\/tunisie\/#organization\"},\"potentialAction\":[{\"@type\":\"SearchAction\",\"target\":{\"@type\":\"EntryPoint\",\"urlTemplate\":\"https:\/\/kapitalis.com\/tunisie\/?s={search_term_string}\"},\"query-input\":{\"@type\":\"PropertyValueSpecification\",\"valueRequired\":true,\"valueName\":\"search_term_string\"}}],\"inLanguage\":\"fr-FR\"},{\"@type\":\"Organization\",\"@id\":\"https:\/\/kapitalis.com\/tunisie\/#organization\",\"name\":\"Kapitalis\",\"url\":\"https:\/\/kapitalis.com\/tunisie\/\",\"logo\":{\"@type\":\"ImageObject\",\"inLanguage\":\"fr-FR\",\"@id\":\"https:\/\/kapitalis.com\/tunisie\/#\/schema\/logo\/image\/\",\"url\":\"https:\/\/kapitalis.com\/tunisie\/wp-content\/uploads\/2022\/05\/Kapitalis-big-size.png\",\"contentUrl\":\"https:\/\/kapitalis.com\/tunisie\/wp-content\/uploads\/2022\/05\/Kapitalis-big-size.png\",\"width\":5000,\"height\":1500,\"caption\":\"Kapitalis\"},\"image\":{\"@id\":\"https:\/\/kapitalis.com\/tunisie\/#\/schema\/logo\/image\/\"},\"sameAs\":[\"https:\/\/www.facebook.com\/KapitalisInfo\/\",\"https:\/\/x.com\/KapitalisInfo\",\"https:\/\/www.youtube.com\/channel\/UC-yDYrHyfFBWWZaOw3FPg9Q\"]},{\"@type\":\"Person\",\"@id\":\"https:\/\/kapitalis.com\/tunisie\/#\/schema\/person\/74bbde0154d49d790a92aaeac5bc01d5\",\"name\":\"Yusra NY\",\"url\":\"https:\/\/kapitalis.com\/tunisie\/author\/yuza_adam\/\"}]}<\/script>\n<!-- \/ Yoast SEO plugin. -->","yoast_head_json":{"title":"Mont Everest : Selma Akel, une Tunisienne sur le toit du monde - Kapitalis","robots":{"index":"index","follow":"follow","max-snippet":"max-snippet:-1","max-image-preview":"max-image-preview:large","max-video-preview":"max-video-preview:-1"},"canonical":"https:\/\/kapitalis.com\/tunisie\/2019\/03\/29\/mont-everest-selma-akel-une-tunisienne-sur-le-toit-du-monde\/","og_locale":"fr_FR","og_type":"article","og_title":"Mont Everest : Selma Akel, une Tunisienne sur le toit du monde - Kapitalis","og_description":"L\u2019alpiniste tunisienne Selma Akel a hiss\u00e9 le drapeau tunisien \u00e0 5364m d\u2019altitude, sur l\u2019un des plus hauts sommets du monde\u00a0: le mont Everest.\u00a0 Lors de ce trek, Selma \u00e9tait accompagn\u00e9e d&rsquo;autres femmes arabes, dont une Libanaise et une Saoudienne.","og_url":"https:\/\/kapitalis.com\/tunisie\/2019\/03\/29\/mont-everest-selma-akel-une-tunisienne-sur-le-toit-du-monde\/","og_site_name":"Kapitalis","article_publisher":"https:\/\/www.facebook.com\/KapitalisInfo\/","article_published_time":"2019-03-29T18:06:36+00:00","og_image":[{"width":1200,"height":630,"url":"https:\/\/kapitalis.com\/tunisie\/wp-content\/uploads\/2022\/05\/kapitalis-logo-fb.png","type":"image\/png"}],"author":"Yusra NY","twitter_card":"summary_large_image","twitter_creator":"@KapitalisInfo","twitter_site":"@KapitalisInfo","twitter_misc":{"\u00c9crit par":"Yusra NY","Dur\u00e9e de lecture estim\u00e9e":"1 minute"},"schema":{"@context":"https:\/\/schema.org","@graph":[{"@type":"Article","@id":"https:\/\/kapitalis.com\/tunisie\/2019\/03\/29\/mont-everest-selma-akel-une-tunisienne-sur-le-toit-du-monde\/#article","isPartOf":{"@id":"https:\/\/kapitalis.com\/tunisie\/2019\/03\/29\/mont-everest-selma-akel-une-tunisienne-sur-le-toit-du-monde\/"},"author":{"name":"Yusra NY","@id":"https:\/\/kapitalis.com\/tunisie\/#\/schema\/person\/74bbde0154d49d790a92aaeac5bc01d5"},"headline":"Mont Everest : Selma Akel, une Tunisienne sur le toit du monde","datePublished":"2019-03-29T18:06:36+00:00","mainEntityOfPage":{"@id":"https:\/\/kapitalis.com\/tunisie\/2019\/03\/29\/mont-everest-selma-akel-une-tunisienne-sur-le-toit-du-monde\/"},"wordCount":211,"commentCount":5,"publisher":{"@id":"https:\/\/kapitalis.com\/tunisie\/#organization"},"image":{"@id":"https:\/\/kapitalis.com\/tunisie\/2019\/03\/29\/mont-everest-selma-akel-une-tunisienne-sur-le-toit-du-monde\/#primaryimage"},"thumbnailUrl":"","keywords":["alpiniste","tunisienne"],"articleSection":["SOCIETE","Tunisie"],"inLanguage":"fr-FR","potentialAction":[{"@type":"CommentAction","name":"Comment","target":["https:\/\/kapitalis.com\/tunisie\/2019\/03\/29\/mont-everest-selma-akel-une-tunisienne-sur-le-toit-du-monde\/#respond"]}]},{"@type":"WebPage","@id":"https:\/\/kapitalis.com\/tunisie\/2019\/03\/29\/mont-everest-selma-akel-une-tunisienne-sur-le-toit-du-monde\/","url":"https:\/\/kapitalis.com\/tunisie\/2019\/03\/29\/mont-everest-selma-akel-une-tunisienne-sur-le-toit-du-monde\/","name":"Mont Everest : Selma Akel, une Tunisienne sur le toit du monde - Kapitalis","isPartOf":{"@id":"https:\/\/kapitalis.com\/tunisie\/#website"},"primaryImageOfPage":{"@id":"https:\/\/kapitalis.com\/tunisie\/2019\/03\/29\/mont-everest-selma-akel-une-tunisienne-sur-le-toit-du-monde\/#primaryimage"},"image":{"@id":"https:\/\/kapitalis.com\/tunisie\/2019\/03\/29\/mont-everest-selma-akel-une-tunisienne-sur-le-toit-du-monde\/#primaryimage"},"thumbnailUrl":"","datePublished":"2019-03-29T18:06:36+00:00","breadcrumb":{"@id":"https:\/\/kapitalis.com\/tunisie\/2019\/03\/29\/mont-everest-selma-akel-une-tunisienne-sur-le-toit-du-monde\/#breadcrumb"},"inLanguage":"fr-FR","potentialAction":[{"@type":"ReadAction","target":["https:\/\/kapitalis.com\/tunisie\/2019\/03\/29\/mont-everest-selma-akel-une-tunisienne-sur-le-toit-du-monde\/"]}]},{"@type":"ImageObject","inLanguage":"fr-FR","@id":"https:\/\/kapitalis.com\/tunisie\/2019\/03\/29\/mont-everest-selma-akel-une-tunisienne-sur-le-toit-du-monde\/#primaryimage","url":"","contentUrl":""},{"@type":"BreadcrumbList","@id":"https:\/\/kapitalis.com\/tunisie\/2019\/03\/29\/mont-everest-selma-akel-une-tunisienne-sur-le-toit-du-monde\/#breadcrumb","itemListElement":[{"@type":"ListItem","position":1,"name":"Accueil","item":"https:\/\/kapitalis.com\/tunisie\/"},{"@type":"ListItem","position":2,"name":"Mont Everest : Selma Akel, une Tunisienne sur le toit du monde"}]},{"@type":"WebSite","@id":"https:\/\/kapitalis.com\/tunisie\/#website","url":"https:\/\/kapitalis.com\/tunisie\/","name":"Kapitalis","description":"L&#039;actualit\u00e9 en Tunisie et dans le monde","publisher":{"@id":"https:\/\/kapitalis.com\/tunisie\/#organization"},"potentialAction":[{"@type":"SearchAction","target":{"@type":"EntryPoint","urlTemplate":"https:\/\/kapitalis.com\/tunisie\/?s={search_term_string}"},"query-input":{"@type":"PropertyValueSpecification","valueRequired":true,"valueName":"search_term_string"}}],"inLanguage":"fr-FR"},{"@type":"Organization","@id":"https:\/\/kapitalis.com\/tunisie\/#organization","name":"Kapitalis","url":"https:\/\/kapitalis.com\/tunisie\/","logo":{"@type":"ImageObject","inLanguage":"fr-FR","@id":"https:\/\/kapitalis.com\/tunisie\/#\/schema\/logo\/image\/","url":"https:\/\/kapitalis.com\/tunisie\/wp-content\/uploads\/2022\/05\/Kapitalis-big-size.png","contentUrl":"https:\/\/kapitalis.com\/tunisie\/wp-content\/uploads\/2022\/05\/Kapitalis-big-size.png","width":5000,"height":1500,"caption":"Kapitalis"},"image":{"@id":"https:\/\/kapitalis.com\/tunisie\/#\/schema\/logo\/image\/"},"sameAs":["https:\/\/www.facebook.com\/KapitalisInfo\/","https:\/\/x.com\/KapitalisInfo","https:\/\/www.youtube.com\/channel\/UC-yDYrHyfFBWWZaOw3FPg9Q"]},{"@type":"Person","@id":"https:\/\/kapitalis.com\/tunisie\/#\/schema\/person\/74bbde0154d49d790a92aaeac5bc01d5","name":"Yusra NY","url":"https:\/\/kapitalis.com\/tunisie\/author\/yuza_adam\/"}]}},"_links":{"self":[{"href":"https:\/\/kapitalis.com\/tunisie\/wp-json\/wp\/v2\/posts\/204142","targetHints":{"allow":["GET"]}}],"collection":[{"href":"https:\/\/kapitalis.com\/tunisie\/wp-json\/wp\/v2\/posts"}],"about":[{"href":"https:\/\/kapitalis.com\/tunisie\/wp-json\/wp\/v2\/types\/post"}],"author":[{"embeddable":true,"href":"https:\/\/kapitalis.com\/tunisie\/wp-json\/wp\/v2\/users\/6"}],"replies":[{"embeddable":true,"href":"https:\/\/kapitalis.com\/tunisie\/wp-json\/wp\/v2\/comments?post=204142"}],"version-history":[{"count":0,"href":"https:\/\/kapitalis.com\/tunisie\/wp-json\/wp\/v2\/posts\/204142\/revisions"}],"wp:featuredmedia":[{"embeddable":true,"href":"https:\/\/kapitalis.com\/tunisie\/wp-json\/wp\/v2\/media\/204152"}],"wp:attachment":[{"href":"https:\/\/kapitalis.com\/tunisie\/wp-json\/wp\/v2\/media?parent=204142"}],"wp:term":[{"taxonomy":"category","embeddable":true,"href":"https:\/\/kapitalis.com\/tunisie\/wp-json\/wp\/v2\/categories?post=204142"},{"taxonomy":"post_tag","embeddable":true,"href":"https:\/\/kapitalis.com\/tunisie\/wp-json\/wp\/v2\/tags?post=204142"}],"curies":[{"name":"wp","href":"https:\/\/api.w.org\/{rel}","templated":true}]}}