{"id":204491,"date":"2019-04-01T10:21:57","date_gmt":"2019-04-01T09:21:57","guid":{"rendered":"http:\/\/kapitalis.com\/tunisie\/?p=204491"},"modified":"2019-04-01T10:21:57","modified_gmt":"2019-04-01T09:21:57","slug":"plaques-de-signalisation-et-islamisation-rampante-de-la-tunisie","status":"publish","type":"post","link":"https:\/\/kapitalis.com\/tunisie\/2019\/04\/01\/plaques-de-signalisation-et-islamisation-rampante-de-la-tunisie\/","title":{"rendered":"Plaques de signalisation et islamisation rampante de la Tunisie"},"content":{"rendered":"<p style=\"text-align: center;\"><img loading=\"lazy\" decoding=\"async\" class=\"alignnone size-full wp-image-204493\" src=\"http:\/\/kapitalis.com\/tunisie\/wp-content\/uploads\/2019\/04\/Plaques-de-signalisation-Ariana.jpg\" alt=\"\" width=\"626\" height=\"380\" \/><\/p>\n<p><em><strong>L\u2019arabisation fonctionne souvent en Tunisie comme un instrument culturel au service d\u2019un projet sociopolitique, l\u2019islamisation rampante dans la perspective de mettre en place un Etat islamique, projet jamais abandonn\u00e9 par les mouvements islamistes, dont Ennahdha, aujourd\u2019hui au pouvoir.<\/strong> <\/em><\/p>\n<p>Par <strong>Moez Ben Salem<\/strong> *<\/p>\n<p><!--more--><\/p>\n<p><img loading=\"lazy\" decoding=\"async\" class=\"size-full wp-image-157825 alignleft\" src=\"http:\/\/kapitalis.com\/tunisie\/wp-content\/uploads\/2018\/06\/Moez-Ben-Salem.jpg\" alt=\"\" width=\"200\" height=\"165\" \/>Dans ce pays, \u00e7a va de mal en pis; nous sommes conduits d\u2019une d\u00e9ception \u00e0 une autre. J\u2019ai la d\u00e9sagr\u00e9able sensation que l\u2019islamisation de la soci\u00e9t\u00e9 est en train d\u2019avancer inexorablement et de nous mener vers une afghanisation in\u00e9luctable.<\/p>\n<p>Il y a pr\u00e8s d\u2019un an, j\u2019\u00e9tais heureux de voir la liste de Fadhel Moussa remporter les \u00e9lections municipales \u00e0 l\u2019Ariana. Je pensais na\u00efvement que \u00e7a allait freiner cette islamisation forc\u00e9e pendant quelques ann\u00e9es. Malheureusement je m\u2019\u00e9tais lourdement tromp\u00e9.<\/p>\n<p>La municipalit\u00e9 de l\u2019Ariana vient tout r\u00e9cemment d\u2019attribuer des noms \u00e0 certaines rues qui n\u2019en portaient pas, ce qui est une bonne chose. Sauf que les noms sont \u00e9crits exclusivement en arabe. Autrement dit, si un des riverains doit recevoir un courrier d\u2019un pays europ\u00e9en ou autre, il est dans l\u2019obligation de demander \u00e0 l\u2019exp\u00e9diteur d\u2019\u00e9crire l\u2019adresse en arabe! \u00c0 moins de compter sur le postier pour qu\u2019il fasse lui-m\u00eame la traduction.<\/p>\n<p>\u00c7a aurait co\u00fbt\u00e9 quoi \u00e0 la municipalit\u00e9 de mettre des plaques un peu plus grandes avec une double \u00e9criture en caract\u00e8res arabes et en latins? Quelques dizaines de dinars tout au plus.<\/p>\n<p>Malheureusement, populisme oblige, on pr\u00e9f\u00e8re \u00e9crire en arabe seulement, sans se soucier des d\u00e9sagr\u00e9ments que cela pourrait poser aux r\u00e9sidents.<\/p>\n<p>De plus en plus, je sens que ce pays n\u2019est plus le mien!<\/p>\n<p><em>* M\u00e9decin dermatologue de libre pratique.<\/em><\/p>\n<p><em><strong>Articles du m\u00eame auteur dans Kapitalis :\u00a0<\/strong><\/em><\/p>\n<blockquote class=\"wp-embedded-content\" data-secret=\"HzjSeZY5p4\"><p><a href=\"https:\/\/kapitalis.com\/tunisie\/2019\/01\/02\/quand-hatem-trabelsi-part-en-guerre-contre-les-festivites-du-nouvel-an\/\">Quand Hatem Trabelsi part en guerre contre les festivit\u00e9s du nouvel an !<\/a><\/p><\/blockquote>\n<p><iframe loading=\"lazy\" class=\"wp-embedded-content\" sandbox=\"allow-scripts\" security=\"restricted\" style=\"position: absolute; clip: rect(1px, 1px, 1px, 1px);\" title=\"\u00ab\u00a0Quand Hatem Trabelsi part en guerre contre les festivit\u00e9s du nouvel an !\u00a0\u00bb &#8212; Kapitalis\" src=\"https:\/\/kapitalis.com\/tunisie\/2019\/01\/02\/quand-hatem-trabelsi-part-en-guerre-contre-les-festivites-du-nouvel-an\/embed\/#?secret=tgL5ejq3E2#?secret=HzjSeZY5p4\" data-secret=\"HzjSeZY5p4\" width=\"600\" height=\"338\" frameborder=\"0\" marginwidth=\"0\" marginheight=\"0\" scrolling=\"no\"><\/iframe><\/p>\n<blockquote class=\"wp-embedded-content\" data-secret=\"PRPkYCnXSx\"><p><a href=\"https:\/\/kapitalis.com\/tunisie\/2017\/02\/06\/tunisie-les-medecins-en-prison-les-terroristes-a-la-maison\/\">Tunisie : Les m\u00e9decins en prison, les terroristes \u00e0 la maison !<\/a><\/p><\/blockquote>\n<p><iframe loading=\"lazy\" class=\"wp-embedded-content\" sandbox=\"allow-scripts\" security=\"restricted\" style=\"position: absolute; clip: rect(1px, 1px, 1px, 1px);\" title=\"\u00ab\u00a0Tunisie : Les m\u00e9decins en prison, les terroristes \u00e0 la maison !\u00a0\u00bb &#8212; Kapitalis\" src=\"https:\/\/kapitalis.com\/tunisie\/2017\/02\/06\/tunisie-les-medecins-en-prison-les-terroristes-a-la-maison\/embed\/#?secret=EERslyjQ7r#?secret=PRPkYCnXSx\" data-secret=\"PRPkYCnXSx\" width=\"600\" height=\"338\" frameborder=\"0\" marginwidth=\"0\" marginheight=\"0\" scrolling=\"no\"><\/iframe><\/p>\n<blockquote class=\"wp-embedded-content\" data-secret=\"BfquSFyA9q\"><p><a href=\"https:\/\/kapitalis.com\/tunisie\/2016\/12\/17\/les-medecins-tunisiens-brillent-a-letranger\/\">Les m\u00e9decins tunisiens brillent \u00e0 l\u2019\u00e9tranger<\/a><\/p><\/blockquote>\n<p><iframe loading=\"lazy\" class=\"wp-embedded-content\" sandbox=\"allow-scripts\" security=\"restricted\" style=\"position: absolute; clip: rect(1px, 1px, 1px, 1px);\" title=\"\u00ab\u00a0Les m\u00e9decins tunisiens brillent \u00e0 l\u2019\u00e9tranger\u00a0\u00bb &#8212; Kapitalis\" src=\"https:\/\/kapitalis.com\/tunisie\/2016\/12\/17\/les-medecins-tunisiens-brillent-a-letranger\/embed\/#?secret=4k40z5Yosl#?secret=BfquSFyA9q\" data-secret=\"BfquSFyA9q\" width=\"600\" height=\"338\" frameborder=\"0\" marginwidth=\"0\" marginheight=\"0\" scrolling=\"no\"><\/iframe><\/p>\n","protected":false},"excerpt":{"rendered":"<p>L\u2019arabisation fonctionne souvent en Tunisie comme un instrument culturel au service d\u2019un projet sociopolitique, l\u2019islamisation rampante dans la perspective de mettre en place un Etat islamique, projet jamais abandonn\u00e9 par les mouvements islamistes, dont Ennahdha, aujourd\u2019hui au pouvoir. Par Moez Ben Salem *<\/p>\n","protected":false},"author":8,"featured_media":204493,"comment_status":"open","ping_status":"open","sticky":false,"template":"","format":"standard","meta":{"footnotes":""},"categories":[992,997,1000,2433],"tags":[34156,79,13339,9417],"class_list":["post-204491","post","type-post","status-publish","format-standard","has-post-thumbnail","hentry","category-a-la-une","category-politique","category-tribune","category-tunisie","tag-arabisation","tag-ariana","tag-fadhel-moussa","tag-mouvements-islamistes"],"yoast_head":"<!-- This site is optimized with the Yoast SEO plugin v26.6 - https:\/\/yoast.com\/wordpress\/plugins\/seo\/ -->\n<title>Plaques de signalisation et islamisation rampante de la Tunisie - Kapitalis<\/title>\n<meta name=\"robots\" content=\"index, follow, max-snippet:-1, max-image-preview:large, max-video-preview:-1\" \/>\n<link rel=\"canonical\" href=\"https:\/\/kapitalis.com\/tunisie\/2019\/04\/01\/plaques-de-signalisation-et-islamisation-rampante-de-la-tunisie\/\" \/>\n<meta property=\"og:locale\" content=\"fr_FR\" \/>\n<meta property=\"og:type\" content=\"article\" \/>\n<meta property=\"og:title\" content=\"Plaques de signalisation et islamisation rampante de la Tunisie - Kapitalis\" \/>\n<meta property=\"og:description\" content=\"L\u2019arabisation fonctionne souvent en Tunisie comme un instrument culturel au service d\u2019un projet sociopolitique, l\u2019islamisation rampante dans la perspective de mettre en place un Etat islamique, projet jamais abandonn\u00e9 par les mouvements islamistes, dont Ennahdha, aujourd\u2019hui au pouvoir. Par Moez Ben Salem *\" \/>\n<meta property=\"og:url\" content=\"https:\/\/kapitalis.com\/tunisie\/2019\/04\/01\/plaques-de-signalisation-et-islamisation-rampante-de-la-tunisie\/\" \/>\n<meta property=\"og:site_name\" content=\"Kapitalis\" \/>\n<meta property=\"article:publisher\" content=\"https:\/\/www.facebook.com\/KapitalisInfo\/\" \/>\n<meta property=\"article:published_time\" content=\"2019-04-01T09:21:57+00:00\" \/>\n<meta property=\"og:image\" content=\"https:\/\/kapitalis.com\/tunisie\/wp-content\/uploads\/2022\/05\/kapitalis-logo-fb.png\" \/>\n\t<meta property=\"og:image:width\" content=\"1200\" \/>\n\t<meta property=\"og:image:height\" content=\"630\" \/>\n\t<meta property=\"og:image:type\" content=\"image\/png\" \/>\n<meta name=\"author\" content=\"webmaster kapitalis\" \/>\n<meta name=\"twitter:card\" content=\"summary_large_image\" \/>\n<meta name=\"twitter:creator\" content=\"@KapitalisInfo\" \/>\n<meta name=\"twitter:site\" content=\"@KapitalisInfo\" \/>\n<meta name=\"twitter:label1\" content=\"\u00c9crit par\" \/>\n\t<meta name=\"twitter:data1\" content=\"webmaster kapitalis\" \/>\n\t<meta name=\"twitter:label2\" content=\"Dur\u00e9e de lecture estim\u00e9e\" \/>\n\t<meta name=\"twitter:data2\" content=\"2 minutes\" \/>\n<script type=\"application\/ld+json\" class=\"yoast-schema-graph\">{\"@context\":\"https:\/\/schema.org\",\"@graph\":[{\"@type\":\"Article\",\"@id\":\"https:\/\/kapitalis.com\/tunisie\/2019\/04\/01\/plaques-de-signalisation-et-islamisation-rampante-de-la-tunisie\/#article\",\"isPartOf\":{\"@id\":\"https:\/\/kapitalis.com\/tunisie\/2019\/04\/01\/plaques-de-signalisation-et-islamisation-rampante-de-la-tunisie\/\"},\"author\":{\"name\":\"webmaster kapitalis\",\"@id\":\"https:\/\/kapitalis.com\/tunisie\/#\/schema\/person\/d71f33a9ca44f7bad4698210b480c8e9\"},\"headline\":\"Plaques de signalisation et islamisation rampante de la Tunisie\",\"datePublished\":\"2019-04-01T09:21:57+00:00\",\"mainEntityOfPage\":{\"@id\":\"https:\/\/kapitalis.com\/tunisie\/2019\/04\/01\/plaques-de-signalisation-et-islamisation-rampante-de-la-tunisie\/\"},\"wordCount\":330,\"commentCount\":104,\"publisher\":{\"@id\":\"https:\/\/kapitalis.com\/tunisie\/#organization\"},\"image\":{\"@id\":\"https:\/\/kapitalis.com\/tunisie\/2019\/04\/01\/plaques-de-signalisation-et-islamisation-rampante-de-la-tunisie\/#primaryimage\"},\"thumbnailUrl\":\"\",\"keywords\":[\"arabisation\",\"Ariana\",\"Fadhel Moussa\",\"mouvements islamistes\"],\"articleSection\":[\"A LA UNE\",\"POLITIQUE\",\"TRIBUNE\",\"Tunisie\"],\"inLanguage\":\"fr-FR\",\"potentialAction\":[{\"@type\":\"CommentAction\",\"name\":\"Comment\",\"target\":[\"https:\/\/kapitalis.com\/tunisie\/2019\/04\/01\/plaques-de-signalisation-et-islamisation-rampante-de-la-tunisie\/#respond\"]}]},{\"@type\":\"WebPage\",\"@id\":\"https:\/\/kapitalis.com\/tunisie\/2019\/04\/01\/plaques-de-signalisation-et-islamisation-rampante-de-la-tunisie\/\",\"url\":\"https:\/\/kapitalis.com\/tunisie\/2019\/04\/01\/plaques-de-signalisation-et-islamisation-rampante-de-la-tunisie\/\",\"name\":\"Plaques de signalisation et islamisation rampante de la Tunisie - Kapitalis\",\"isPartOf\":{\"@id\":\"https:\/\/kapitalis.com\/tunisie\/#website\"},\"primaryImageOfPage\":{\"@id\":\"https:\/\/kapitalis.com\/tunisie\/2019\/04\/01\/plaques-de-signalisation-et-islamisation-rampante-de-la-tunisie\/#primaryimage\"},\"image\":{\"@id\":\"https:\/\/kapitalis.com\/tunisie\/2019\/04\/01\/plaques-de-signalisation-et-islamisation-rampante-de-la-tunisie\/#primaryimage\"},\"thumbnailUrl\":\"\",\"datePublished\":\"2019-04-01T09:21:57+00:00\",\"breadcrumb\":{\"@id\":\"https:\/\/kapitalis.com\/tunisie\/2019\/04\/01\/plaques-de-signalisation-et-islamisation-rampante-de-la-tunisie\/#breadcrumb\"},\"inLanguage\":\"fr-FR\",\"potentialAction\":[{\"@type\":\"ReadAction\",\"target\":[\"https:\/\/kapitalis.com\/tunisie\/2019\/04\/01\/plaques-de-signalisation-et-islamisation-rampante-de-la-tunisie\/\"]}]},{\"@type\":\"ImageObject\",\"inLanguage\":\"fr-FR\",\"@id\":\"https:\/\/kapitalis.com\/tunisie\/2019\/04\/01\/plaques-de-signalisation-et-islamisation-rampante-de-la-tunisie\/#primaryimage\",\"url\":\"\",\"contentUrl\":\"\"},{\"@type\":\"BreadcrumbList\",\"@id\":\"https:\/\/kapitalis.com\/tunisie\/2019\/04\/01\/plaques-de-signalisation-et-islamisation-rampante-de-la-tunisie\/#breadcrumb\",\"itemListElement\":[{\"@type\":\"ListItem\",\"position\":1,\"name\":\"Accueil\",\"item\":\"https:\/\/kapitalis.com\/tunisie\/\"},{\"@type\":\"ListItem\",\"position\":2,\"name\":\"Plaques de signalisation et islamisation rampante de la Tunisie\"}]},{\"@type\":\"WebSite\",\"@id\":\"https:\/\/kapitalis.com\/tunisie\/#website\",\"url\":\"https:\/\/kapitalis.com\/tunisie\/\",\"name\":\"Kapitalis\",\"description\":\"L&#039;actualit\u00e9 en Tunisie et dans le monde\",\"publisher\":{\"@id\":\"https:\/\/kapitalis.com\/tunisie\/#organization\"},\"potentialAction\":[{\"@type\":\"SearchAction\",\"target\":{\"@type\":\"EntryPoint\",\"urlTemplate\":\"https:\/\/kapitalis.com\/tunisie\/?s={search_term_string}\"},\"query-input\":{\"@type\":\"PropertyValueSpecification\",\"valueRequired\":true,\"valueName\":\"search_term_string\"}}],\"inLanguage\":\"fr-FR\"},{\"@type\":\"Organization\",\"@id\":\"https:\/\/kapitalis.com\/tunisie\/#organization\",\"name\":\"Kapitalis\",\"url\":\"https:\/\/kapitalis.com\/tunisie\/\",\"logo\":{\"@type\":\"ImageObject\",\"inLanguage\":\"fr-FR\",\"@id\":\"https:\/\/kapitalis.com\/tunisie\/#\/schema\/logo\/image\/\",\"url\":\"https:\/\/kapitalis.com\/tunisie\/wp-content\/uploads\/2022\/05\/Kapitalis-big-size.png\",\"contentUrl\":\"https:\/\/kapitalis.com\/tunisie\/wp-content\/uploads\/2022\/05\/Kapitalis-big-size.png\",\"width\":5000,\"height\":1500,\"caption\":\"Kapitalis\"},\"image\":{\"@id\":\"https:\/\/kapitalis.com\/tunisie\/#\/schema\/logo\/image\/\"},\"sameAs\":[\"https:\/\/www.facebook.com\/KapitalisInfo\/\",\"https:\/\/x.com\/KapitalisInfo\",\"https:\/\/www.youtube.com\/channel\/UC-yDYrHyfFBWWZaOw3FPg9Q\"]},{\"@type\":\"Person\",\"@id\":\"https:\/\/kapitalis.com\/tunisie\/#\/schema\/person\/d71f33a9ca44f7bad4698210b480c8e9\",\"name\":\"webmaster kapitalis\",\"url\":\"https:\/\/kapitalis.com\/tunisie\/author\/webmaster-kapitalis\/\"}]}<\/script>\n<!-- \/ Yoast SEO plugin. -->","yoast_head_json":{"title":"Plaques de signalisation et islamisation rampante de la Tunisie - Kapitalis","robots":{"index":"index","follow":"follow","max-snippet":"max-snippet:-1","max-image-preview":"max-image-preview:large","max-video-preview":"max-video-preview:-1"},"canonical":"https:\/\/kapitalis.com\/tunisie\/2019\/04\/01\/plaques-de-signalisation-et-islamisation-rampante-de-la-tunisie\/","og_locale":"fr_FR","og_type":"article","og_title":"Plaques de signalisation et islamisation rampante de la Tunisie - Kapitalis","og_description":"L\u2019arabisation fonctionne souvent en Tunisie comme un instrument culturel au service d\u2019un projet sociopolitique, l\u2019islamisation rampante dans la perspective de mettre en place un Etat islamique, projet jamais abandonn\u00e9 par les mouvements islamistes, dont Ennahdha, aujourd\u2019hui au pouvoir. Par Moez Ben Salem *","og_url":"https:\/\/kapitalis.com\/tunisie\/2019\/04\/01\/plaques-de-signalisation-et-islamisation-rampante-de-la-tunisie\/","og_site_name":"Kapitalis","article_publisher":"https:\/\/www.facebook.com\/KapitalisInfo\/","article_published_time":"2019-04-01T09:21:57+00:00","og_image":[{"width":1200,"height":630,"url":"https:\/\/kapitalis.com\/tunisie\/wp-content\/uploads\/2022\/05\/kapitalis-logo-fb.png","type":"image\/png"}],"author":"webmaster kapitalis","twitter_card":"summary_large_image","twitter_creator":"@KapitalisInfo","twitter_site":"@KapitalisInfo","twitter_misc":{"\u00c9crit par":"webmaster kapitalis","Dur\u00e9e de lecture estim\u00e9e":"2 minutes"},"schema":{"@context":"https:\/\/schema.org","@graph":[{"@type":"Article","@id":"https:\/\/kapitalis.com\/tunisie\/2019\/04\/01\/plaques-de-signalisation-et-islamisation-rampante-de-la-tunisie\/#article","isPartOf":{"@id":"https:\/\/kapitalis.com\/tunisie\/2019\/04\/01\/plaques-de-signalisation-et-islamisation-rampante-de-la-tunisie\/"},"author":{"name":"webmaster kapitalis","@id":"https:\/\/kapitalis.com\/tunisie\/#\/schema\/person\/d71f33a9ca44f7bad4698210b480c8e9"},"headline":"Plaques de signalisation et islamisation rampante de la Tunisie","datePublished":"2019-04-01T09:21:57+00:00","mainEntityOfPage":{"@id":"https:\/\/kapitalis.com\/tunisie\/2019\/04\/01\/plaques-de-signalisation-et-islamisation-rampante-de-la-tunisie\/"},"wordCount":330,"commentCount":104,"publisher":{"@id":"https:\/\/kapitalis.com\/tunisie\/#organization"},"image":{"@id":"https:\/\/kapitalis.com\/tunisie\/2019\/04\/01\/plaques-de-signalisation-et-islamisation-rampante-de-la-tunisie\/#primaryimage"},"thumbnailUrl":"","keywords":["arabisation","Ariana","Fadhel Moussa","mouvements islamistes"],"articleSection":["A LA UNE","POLITIQUE","TRIBUNE","Tunisie"],"inLanguage":"fr-FR","potentialAction":[{"@type":"CommentAction","name":"Comment","target":["https:\/\/kapitalis.com\/tunisie\/2019\/04\/01\/plaques-de-signalisation-et-islamisation-rampante-de-la-tunisie\/#respond"]}]},{"@type":"WebPage","@id":"https:\/\/kapitalis.com\/tunisie\/2019\/04\/01\/plaques-de-signalisation-et-islamisation-rampante-de-la-tunisie\/","url":"https:\/\/kapitalis.com\/tunisie\/2019\/04\/01\/plaques-de-signalisation-et-islamisation-rampante-de-la-tunisie\/","name":"Plaques de signalisation et islamisation rampante de la Tunisie - Kapitalis","isPartOf":{"@id":"https:\/\/kapitalis.com\/tunisie\/#website"},"primaryImageOfPage":{"@id":"https:\/\/kapitalis.com\/tunisie\/2019\/04\/01\/plaques-de-signalisation-et-islamisation-rampante-de-la-tunisie\/#primaryimage"},"image":{"@id":"https:\/\/kapitalis.com\/tunisie\/2019\/04\/01\/plaques-de-signalisation-et-islamisation-rampante-de-la-tunisie\/#primaryimage"},"thumbnailUrl":"","datePublished":"2019-04-01T09:21:57+00:00","breadcrumb":{"@id":"https:\/\/kapitalis.com\/tunisie\/2019\/04\/01\/plaques-de-signalisation-et-islamisation-rampante-de-la-tunisie\/#breadcrumb"},"inLanguage":"fr-FR","potentialAction":[{"@type":"ReadAction","target":["https:\/\/kapitalis.com\/tunisie\/2019\/04\/01\/plaques-de-signalisation-et-islamisation-rampante-de-la-tunisie\/"]}]},{"@type":"ImageObject","inLanguage":"fr-FR","@id":"https:\/\/kapitalis.com\/tunisie\/2019\/04\/01\/plaques-de-signalisation-et-islamisation-rampante-de-la-tunisie\/#primaryimage","url":"","contentUrl":""},{"@type":"BreadcrumbList","@id":"https:\/\/kapitalis.com\/tunisie\/2019\/04\/01\/plaques-de-signalisation-et-islamisation-rampante-de-la-tunisie\/#breadcrumb","itemListElement":[{"@type":"ListItem","position":1,"name":"Accueil","item":"https:\/\/kapitalis.com\/tunisie\/"},{"@type":"ListItem","position":2,"name":"Plaques de signalisation et islamisation rampante de la Tunisie"}]},{"@type":"WebSite","@id":"https:\/\/kapitalis.com\/tunisie\/#website","url":"https:\/\/kapitalis.com\/tunisie\/","name":"Kapitalis","description":"L&#039;actualit\u00e9 en Tunisie et dans le monde","publisher":{"@id":"https:\/\/kapitalis.com\/tunisie\/#organization"},"potentialAction":[{"@type":"SearchAction","target":{"@type":"EntryPoint","urlTemplate":"https:\/\/kapitalis.com\/tunisie\/?s={search_term_string}"},"query-input":{"@type":"PropertyValueSpecification","valueRequired":true,"valueName":"search_term_string"}}],"inLanguage":"fr-FR"},{"@type":"Organization","@id":"https:\/\/kapitalis.com\/tunisie\/#organization","name":"Kapitalis","url":"https:\/\/kapitalis.com\/tunisie\/","logo":{"@type":"ImageObject","inLanguage":"fr-FR","@id":"https:\/\/kapitalis.com\/tunisie\/#\/schema\/logo\/image\/","url":"https:\/\/kapitalis.com\/tunisie\/wp-content\/uploads\/2022\/05\/Kapitalis-big-size.png","contentUrl":"https:\/\/kapitalis.com\/tunisie\/wp-content\/uploads\/2022\/05\/Kapitalis-big-size.png","width":5000,"height":1500,"caption":"Kapitalis"},"image":{"@id":"https:\/\/kapitalis.com\/tunisie\/#\/schema\/logo\/image\/"},"sameAs":["https:\/\/www.facebook.com\/KapitalisInfo\/","https:\/\/x.com\/KapitalisInfo","https:\/\/www.youtube.com\/channel\/UC-yDYrHyfFBWWZaOw3FPg9Q"]},{"@type":"Person","@id":"https:\/\/kapitalis.com\/tunisie\/#\/schema\/person\/d71f33a9ca44f7bad4698210b480c8e9","name":"webmaster kapitalis","url":"https:\/\/kapitalis.com\/tunisie\/author\/webmaster-kapitalis\/"}]}},"_links":{"self":[{"href":"https:\/\/kapitalis.com\/tunisie\/wp-json\/wp\/v2\/posts\/204491","targetHints":{"allow":["GET"]}}],"collection":[{"href":"https:\/\/kapitalis.com\/tunisie\/wp-json\/wp\/v2\/posts"}],"about":[{"href":"https:\/\/kapitalis.com\/tunisie\/wp-json\/wp\/v2\/types\/post"}],"author":[{"embeddable":true,"href":"https:\/\/kapitalis.com\/tunisie\/wp-json\/wp\/v2\/users\/8"}],"replies":[{"embeddable":true,"href":"https:\/\/kapitalis.com\/tunisie\/wp-json\/wp\/v2\/comments?post=204491"}],"version-history":[{"count":0,"href":"https:\/\/kapitalis.com\/tunisie\/wp-json\/wp\/v2\/posts\/204491\/revisions"}],"wp:featuredmedia":[{"embeddable":true,"href":"https:\/\/kapitalis.com\/tunisie\/wp-json\/wp\/v2\/media\/204493"}],"wp:attachment":[{"href":"https:\/\/kapitalis.com\/tunisie\/wp-json\/wp\/v2\/media?parent=204491"}],"wp:term":[{"taxonomy":"category","embeddable":true,"href":"https:\/\/kapitalis.com\/tunisie\/wp-json\/wp\/v2\/categories?post=204491"},{"taxonomy":"post_tag","embeddable":true,"href":"https:\/\/kapitalis.com\/tunisie\/wp-json\/wp\/v2\/tags?post=204491"}],"curies":[{"name":"wp","href":"https:\/\/api.w.org\/{rel}","templated":true}]}}