{"id":204529,"date":"2019-04-01T12:27:20","date_gmt":"2019-04-01T11:27:20","guid":{"rendered":"http:\/\/kapitalis.com\/tunisie\/?p=204529"},"modified":"2019-04-01T12:27:20","modified_gmt":"2019-04-01T11:27:20","slug":"colloque-de-lipsi-medias-communication-et-diversite-culturelle","status":"publish","type":"post","link":"https:\/\/kapitalis.com\/tunisie\/2019\/04\/01\/colloque-de-lipsi-medias-communication-et-diversite-culturelle\/","title":{"rendered":"Colloque de l\u2019Ipsi : \u00abM\u00e9dias, communication et diversit\u00e9 culturelle\u00bb"},"content":{"rendered":"<p style=\"text-align: center;\"><img loading=\"lazy\" decoding=\"async\" class=\"alignnone size-full wp-image-204530\" src=\"http:\/\/kapitalis.com\/tunisie\/wp-content\/uploads\/2019\/04\/IPSI.jpg\" alt=\"\" width=\"626\" height=\"380\" \/><\/p>\n<p><em><strong>L\u2019Institut de presse et des sciences de l\u2019information (Ipsi) organise, en partenariat avec la fondation allemande Konrad Adenauer, une nouvelle \u00e9dition de son colloque international annuel sur le th\u00e8me : \u00abM\u00e9dias, communication et diversit\u00e9 culturelle\u00bb.<\/strong><\/em><\/p>\n<p><!--more--><\/p>\n<p>Cette nouvelle \u00e9dition, se tiendra les 4 et 5 avril 2019 \u00e0 l\u2019h\u00f4tel Golden Tulip-El Mechtel, \u00e0 Tunis, r\u00e9unira plusieurs professeurs, conf\u00e9renciers et chercheurs tunisiens, arabes (\u00c9gypte, Jordanie, Palestine, Alg\u00e9rie, Maroc, etc.) et europ\u00e9ens (France, Belgique, Su\u00e8de, etc.).<\/p>\n<p>Le programme de cette \u00e9dition 2019, se focalisera sur quatre principaux axes : les expressions m\u00e9diatiques et communicationnelles dans le cadre de la diversit\u00e9 culturelle; l\u2019image de soi et de l\u2019autre dans les contenus m\u00e9diatiques et communicationnels ; la r\u00e9gulation et l\u2019autor\u00e9gulation autour de la diversit\u00e9 culturelle ; et la diversit\u00e9 culturelle dans la soci\u00e9t\u00e9-r\u00e9seaux num\u00e9riques.<\/p>\n<p>Le th\u00e8me du colloque international de l\u2019Ipsi est consid\u00e9r\u00e9 comme une premi\u00e8re dans l\u2019histoire des activit\u00e9s scientifiques et des \u00e9v\u00e9nements majeurs de l\u2019Institut. Les participants traiteront de l\u2019interaction entre les m\u00e9dias, la communication et la diversit\u00e9 culturelle, ainsi que des probl\u00e9matiques de recherche qui n\u2019ont jamais \u00e9t\u00e9 abord\u00e9es dans d\u2019autres forums pr\u00e9c\u00e9dents \u00e0 l\u2019Ipsi.<\/p>\n<p>Ce colloque constituera une occasion pour les chercheurs tunisiens et \u00e9trangers pour d\u00e9battre sur la fragmentation des identit\u00e9s du monde, notamment celles des pays arabes en conflits, ainsi sur la relation entre les id\u00e9ologies et les identit\u00e9s culturelles des peuples. Il soulignera \u00e9galement le r\u00f4le des m\u00e9dias et des syst\u00e8mes de communication dans la reconnaissance et l\u2019enrichissement de la diversit\u00e9 culturelle.<\/p>\n<p><em><strong>Source<\/strong><\/em> : communiqu\u00e9.<\/p>\n","protected":false},"excerpt":{"rendered":"<p>L\u2019Institut de presse et des sciences de l\u2019information (Ipsi) organise, en partenariat avec la fondation allemande Konrad Adenauer, une nouvelle \u00e9dition de son colloque international annuel sur le th\u00e8me : \u00abM\u00e9dias, communication et diversit\u00e9 culturelle\u00bb.<\/p>\n","protected":false},"author":8,"featured_media":204530,"comment_status":"open","ping_status":"open","sticky":false,"template":"","format":"standard","meta":{"footnotes":""},"categories":[994,996,2433],"tags":[17291,24620,25060,593],"class_list":["post-204529","post","type-post","status-publish","format-standard","has-post-thumbnail","hentry","category-culture","category-media","category-tunisie","tag-institut-de-presse-et-des-sciences-de-linformation","tag-ipsi","tag-konrad-adenauer","tag-medias"],"yoast_head":"<!-- This site is optimized with the Yoast SEO plugin v26.6 - https:\/\/yoast.com\/wordpress\/plugins\/seo\/ -->\n<title>Colloque de l\u2019Ipsi : \u00abM\u00e9dias, communication et diversit\u00e9 culturelle\u00bb - Kapitalis<\/title>\n<meta name=\"robots\" content=\"index, follow, max-snippet:-1, max-image-preview:large, max-video-preview:-1\" \/>\n<link rel=\"canonical\" href=\"https:\/\/kapitalis.com\/tunisie\/2019\/04\/01\/colloque-de-lipsi-medias-communication-et-diversite-culturelle\/\" \/>\n<meta property=\"og:locale\" content=\"fr_FR\" \/>\n<meta property=\"og:type\" content=\"article\" \/>\n<meta property=\"og:title\" content=\"Colloque de l\u2019Ipsi : \u00abM\u00e9dias, communication et diversit\u00e9 culturelle\u00bb - Kapitalis\" \/>\n<meta property=\"og:description\" content=\"L\u2019Institut de presse et des sciences de l\u2019information (Ipsi) organise, en partenariat avec la fondation allemande Konrad Adenauer, une nouvelle \u00e9dition de son colloque international annuel sur le th\u00e8me : \u00abM\u00e9dias, communication et diversit\u00e9 culturelle\u00bb.\" \/>\n<meta property=\"og:url\" content=\"https:\/\/kapitalis.com\/tunisie\/2019\/04\/01\/colloque-de-lipsi-medias-communication-et-diversite-culturelle\/\" \/>\n<meta property=\"og:site_name\" content=\"Kapitalis\" \/>\n<meta property=\"article:publisher\" content=\"https:\/\/www.facebook.com\/KapitalisInfo\/\" \/>\n<meta property=\"article:published_time\" content=\"2019-04-01T11:27:20+00:00\" \/>\n<meta property=\"og:image\" content=\"https:\/\/kapitalis.com\/tunisie\/wp-content\/uploads\/2022\/05\/kapitalis-logo-fb.png\" \/>\n\t<meta property=\"og:image:width\" content=\"1200\" \/>\n\t<meta property=\"og:image:height\" content=\"630\" \/>\n\t<meta property=\"og:image:type\" content=\"image\/png\" \/>\n<meta name=\"author\" content=\"webmaster kapitalis\" \/>\n<meta name=\"twitter:card\" content=\"summary_large_image\" \/>\n<meta name=\"twitter:creator\" content=\"@KapitalisInfo\" \/>\n<meta name=\"twitter:site\" content=\"@KapitalisInfo\" \/>\n<meta name=\"twitter:label1\" content=\"\u00c9crit par\" \/>\n\t<meta name=\"twitter:data1\" content=\"webmaster kapitalis\" \/>\n\t<meta name=\"twitter:label2\" content=\"Dur\u00e9e de lecture estim\u00e9e\" \/>\n\t<meta name=\"twitter:data2\" content=\"1 minute\" \/>\n<script type=\"application\/ld+json\" class=\"yoast-schema-graph\">{\"@context\":\"https:\/\/schema.org\",\"@graph\":[{\"@type\":\"Article\",\"@id\":\"https:\/\/kapitalis.com\/tunisie\/2019\/04\/01\/colloque-de-lipsi-medias-communication-et-diversite-culturelle\/#article\",\"isPartOf\":{\"@id\":\"https:\/\/kapitalis.com\/tunisie\/2019\/04\/01\/colloque-de-lipsi-medias-communication-et-diversite-culturelle\/\"},\"author\":{\"name\":\"webmaster kapitalis\",\"@id\":\"https:\/\/kapitalis.com\/tunisie\/#\/schema\/person\/d71f33a9ca44f7bad4698210b480c8e9\"},\"headline\":\"Colloque de l\u2019Ipsi : \u00abM\u00e9dias, communication et diversit\u00e9 culturelle\u00bb\",\"datePublished\":\"2019-04-01T11:27:20+00:00\",\"mainEntityOfPage\":{\"@id\":\"https:\/\/kapitalis.com\/tunisie\/2019\/04\/01\/colloque-de-lipsi-medias-communication-et-diversite-culturelle\/\"},\"wordCount\":292,\"commentCount\":0,\"publisher\":{\"@id\":\"https:\/\/kapitalis.com\/tunisie\/#organization\"},\"image\":{\"@id\":\"https:\/\/kapitalis.com\/tunisie\/2019\/04\/01\/colloque-de-lipsi-medias-communication-et-diversite-culturelle\/#primaryimage\"},\"thumbnailUrl\":\"\",\"keywords\":[\"Institut de presse et des sciences de l\u2019information\",\"Ipsi\",\"Konrad Adenauer\",\"m\u00e9dias\"],\"articleSection\":[\"CULTURE\",\"MEDIA\",\"Tunisie\"],\"inLanguage\":\"fr-FR\",\"potentialAction\":[{\"@type\":\"CommentAction\",\"name\":\"Comment\",\"target\":[\"https:\/\/kapitalis.com\/tunisie\/2019\/04\/01\/colloque-de-lipsi-medias-communication-et-diversite-culturelle\/#respond\"]}]},{\"@type\":\"WebPage\",\"@id\":\"https:\/\/kapitalis.com\/tunisie\/2019\/04\/01\/colloque-de-lipsi-medias-communication-et-diversite-culturelle\/\",\"url\":\"https:\/\/kapitalis.com\/tunisie\/2019\/04\/01\/colloque-de-lipsi-medias-communication-et-diversite-culturelle\/\",\"name\":\"Colloque de l\u2019Ipsi : \u00abM\u00e9dias, communication et diversit\u00e9 culturelle\u00bb - Kapitalis\",\"isPartOf\":{\"@id\":\"https:\/\/kapitalis.com\/tunisie\/#website\"},\"primaryImageOfPage\":{\"@id\":\"https:\/\/kapitalis.com\/tunisie\/2019\/04\/01\/colloque-de-lipsi-medias-communication-et-diversite-culturelle\/#primaryimage\"},\"image\":{\"@id\":\"https:\/\/kapitalis.com\/tunisie\/2019\/04\/01\/colloque-de-lipsi-medias-communication-et-diversite-culturelle\/#primaryimage\"},\"thumbnailUrl\":\"\",\"datePublished\":\"2019-04-01T11:27:20+00:00\",\"breadcrumb\":{\"@id\":\"https:\/\/kapitalis.com\/tunisie\/2019\/04\/01\/colloque-de-lipsi-medias-communication-et-diversite-culturelle\/#breadcrumb\"},\"inLanguage\":\"fr-FR\",\"potentialAction\":[{\"@type\":\"ReadAction\",\"target\":[\"https:\/\/kapitalis.com\/tunisie\/2019\/04\/01\/colloque-de-lipsi-medias-communication-et-diversite-culturelle\/\"]}]},{\"@type\":\"ImageObject\",\"inLanguage\":\"fr-FR\",\"@id\":\"https:\/\/kapitalis.com\/tunisie\/2019\/04\/01\/colloque-de-lipsi-medias-communication-et-diversite-culturelle\/#primaryimage\",\"url\":\"\",\"contentUrl\":\"\"},{\"@type\":\"BreadcrumbList\",\"@id\":\"https:\/\/kapitalis.com\/tunisie\/2019\/04\/01\/colloque-de-lipsi-medias-communication-et-diversite-culturelle\/#breadcrumb\",\"itemListElement\":[{\"@type\":\"ListItem\",\"position\":1,\"name\":\"Accueil\",\"item\":\"https:\/\/kapitalis.com\/tunisie\/\"},{\"@type\":\"ListItem\",\"position\":2,\"name\":\"Colloque de l\u2019Ipsi : \u00abM\u00e9dias, communication et diversit\u00e9 culturelle\u00bb\"}]},{\"@type\":\"WebSite\",\"@id\":\"https:\/\/kapitalis.com\/tunisie\/#website\",\"url\":\"https:\/\/kapitalis.com\/tunisie\/\",\"name\":\"Kapitalis\",\"description\":\"L&#039;actualit\u00e9 en Tunisie et dans le monde\",\"publisher\":{\"@id\":\"https:\/\/kapitalis.com\/tunisie\/#organization\"},\"potentialAction\":[{\"@type\":\"SearchAction\",\"target\":{\"@type\":\"EntryPoint\",\"urlTemplate\":\"https:\/\/kapitalis.com\/tunisie\/?s={search_term_string}\"},\"query-input\":{\"@type\":\"PropertyValueSpecification\",\"valueRequired\":true,\"valueName\":\"search_term_string\"}}],\"inLanguage\":\"fr-FR\"},{\"@type\":\"Organization\",\"@id\":\"https:\/\/kapitalis.com\/tunisie\/#organization\",\"name\":\"Kapitalis\",\"url\":\"https:\/\/kapitalis.com\/tunisie\/\",\"logo\":{\"@type\":\"ImageObject\",\"inLanguage\":\"fr-FR\",\"@id\":\"https:\/\/kapitalis.com\/tunisie\/#\/schema\/logo\/image\/\",\"url\":\"https:\/\/kapitalis.com\/tunisie\/wp-content\/uploads\/2022\/05\/Kapitalis-big-size.png\",\"contentUrl\":\"https:\/\/kapitalis.com\/tunisie\/wp-content\/uploads\/2022\/05\/Kapitalis-big-size.png\",\"width\":5000,\"height\":1500,\"caption\":\"Kapitalis\"},\"image\":{\"@id\":\"https:\/\/kapitalis.com\/tunisie\/#\/schema\/logo\/image\/\"},\"sameAs\":[\"https:\/\/www.facebook.com\/KapitalisInfo\/\",\"https:\/\/x.com\/KapitalisInfo\",\"https:\/\/www.youtube.com\/channel\/UC-yDYrHyfFBWWZaOw3FPg9Q\"]},{\"@type\":\"Person\",\"@id\":\"https:\/\/kapitalis.com\/tunisie\/#\/schema\/person\/d71f33a9ca44f7bad4698210b480c8e9\",\"name\":\"webmaster kapitalis\",\"url\":\"https:\/\/kapitalis.com\/tunisie\/author\/webmaster-kapitalis\/\"}]}<\/script>\n<!-- \/ Yoast SEO plugin. -->","yoast_head_json":{"title":"Colloque de l\u2019Ipsi : \u00abM\u00e9dias, communication et diversit\u00e9 culturelle\u00bb - Kapitalis","robots":{"index":"index","follow":"follow","max-snippet":"max-snippet:-1","max-image-preview":"max-image-preview:large","max-video-preview":"max-video-preview:-1"},"canonical":"https:\/\/kapitalis.com\/tunisie\/2019\/04\/01\/colloque-de-lipsi-medias-communication-et-diversite-culturelle\/","og_locale":"fr_FR","og_type":"article","og_title":"Colloque de l\u2019Ipsi : \u00abM\u00e9dias, communication et diversit\u00e9 culturelle\u00bb - Kapitalis","og_description":"L\u2019Institut de presse et des sciences de l\u2019information (Ipsi) organise, en partenariat avec la fondation allemande Konrad Adenauer, une nouvelle \u00e9dition de son colloque international annuel sur le th\u00e8me : \u00abM\u00e9dias, communication et diversit\u00e9 culturelle\u00bb.","og_url":"https:\/\/kapitalis.com\/tunisie\/2019\/04\/01\/colloque-de-lipsi-medias-communication-et-diversite-culturelle\/","og_site_name":"Kapitalis","article_publisher":"https:\/\/www.facebook.com\/KapitalisInfo\/","article_published_time":"2019-04-01T11:27:20+00:00","og_image":[{"width":1200,"height":630,"url":"https:\/\/kapitalis.com\/tunisie\/wp-content\/uploads\/2022\/05\/kapitalis-logo-fb.png","type":"image\/png"}],"author":"webmaster kapitalis","twitter_card":"summary_large_image","twitter_creator":"@KapitalisInfo","twitter_site":"@KapitalisInfo","twitter_misc":{"\u00c9crit par":"webmaster kapitalis","Dur\u00e9e de lecture estim\u00e9e":"1 minute"},"schema":{"@context":"https:\/\/schema.org","@graph":[{"@type":"Article","@id":"https:\/\/kapitalis.com\/tunisie\/2019\/04\/01\/colloque-de-lipsi-medias-communication-et-diversite-culturelle\/#article","isPartOf":{"@id":"https:\/\/kapitalis.com\/tunisie\/2019\/04\/01\/colloque-de-lipsi-medias-communication-et-diversite-culturelle\/"},"author":{"name":"webmaster kapitalis","@id":"https:\/\/kapitalis.com\/tunisie\/#\/schema\/person\/d71f33a9ca44f7bad4698210b480c8e9"},"headline":"Colloque de l\u2019Ipsi : \u00abM\u00e9dias, communication et diversit\u00e9 culturelle\u00bb","datePublished":"2019-04-01T11:27:20+00:00","mainEntityOfPage":{"@id":"https:\/\/kapitalis.com\/tunisie\/2019\/04\/01\/colloque-de-lipsi-medias-communication-et-diversite-culturelle\/"},"wordCount":292,"commentCount":0,"publisher":{"@id":"https:\/\/kapitalis.com\/tunisie\/#organization"},"image":{"@id":"https:\/\/kapitalis.com\/tunisie\/2019\/04\/01\/colloque-de-lipsi-medias-communication-et-diversite-culturelle\/#primaryimage"},"thumbnailUrl":"","keywords":["Institut de presse et des sciences de l\u2019information","Ipsi","Konrad Adenauer","m\u00e9dias"],"articleSection":["CULTURE","MEDIA","Tunisie"],"inLanguage":"fr-FR","potentialAction":[{"@type":"CommentAction","name":"Comment","target":["https:\/\/kapitalis.com\/tunisie\/2019\/04\/01\/colloque-de-lipsi-medias-communication-et-diversite-culturelle\/#respond"]}]},{"@type":"WebPage","@id":"https:\/\/kapitalis.com\/tunisie\/2019\/04\/01\/colloque-de-lipsi-medias-communication-et-diversite-culturelle\/","url":"https:\/\/kapitalis.com\/tunisie\/2019\/04\/01\/colloque-de-lipsi-medias-communication-et-diversite-culturelle\/","name":"Colloque de l\u2019Ipsi : \u00abM\u00e9dias, communication et diversit\u00e9 culturelle\u00bb - Kapitalis","isPartOf":{"@id":"https:\/\/kapitalis.com\/tunisie\/#website"},"primaryImageOfPage":{"@id":"https:\/\/kapitalis.com\/tunisie\/2019\/04\/01\/colloque-de-lipsi-medias-communication-et-diversite-culturelle\/#primaryimage"},"image":{"@id":"https:\/\/kapitalis.com\/tunisie\/2019\/04\/01\/colloque-de-lipsi-medias-communication-et-diversite-culturelle\/#primaryimage"},"thumbnailUrl":"","datePublished":"2019-04-01T11:27:20+00:00","breadcrumb":{"@id":"https:\/\/kapitalis.com\/tunisie\/2019\/04\/01\/colloque-de-lipsi-medias-communication-et-diversite-culturelle\/#breadcrumb"},"inLanguage":"fr-FR","potentialAction":[{"@type":"ReadAction","target":["https:\/\/kapitalis.com\/tunisie\/2019\/04\/01\/colloque-de-lipsi-medias-communication-et-diversite-culturelle\/"]}]},{"@type":"ImageObject","inLanguage":"fr-FR","@id":"https:\/\/kapitalis.com\/tunisie\/2019\/04\/01\/colloque-de-lipsi-medias-communication-et-diversite-culturelle\/#primaryimage","url":"","contentUrl":""},{"@type":"BreadcrumbList","@id":"https:\/\/kapitalis.com\/tunisie\/2019\/04\/01\/colloque-de-lipsi-medias-communication-et-diversite-culturelle\/#breadcrumb","itemListElement":[{"@type":"ListItem","position":1,"name":"Accueil","item":"https:\/\/kapitalis.com\/tunisie\/"},{"@type":"ListItem","position":2,"name":"Colloque de l\u2019Ipsi : \u00abM\u00e9dias, communication et diversit\u00e9 culturelle\u00bb"}]},{"@type":"WebSite","@id":"https:\/\/kapitalis.com\/tunisie\/#website","url":"https:\/\/kapitalis.com\/tunisie\/","name":"Kapitalis","description":"L&#039;actualit\u00e9 en Tunisie et dans le monde","publisher":{"@id":"https:\/\/kapitalis.com\/tunisie\/#organization"},"potentialAction":[{"@type":"SearchAction","target":{"@type":"EntryPoint","urlTemplate":"https:\/\/kapitalis.com\/tunisie\/?s={search_term_string}"},"query-input":{"@type":"PropertyValueSpecification","valueRequired":true,"valueName":"search_term_string"}}],"inLanguage":"fr-FR"},{"@type":"Organization","@id":"https:\/\/kapitalis.com\/tunisie\/#organization","name":"Kapitalis","url":"https:\/\/kapitalis.com\/tunisie\/","logo":{"@type":"ImageObject","inLanguage":"fr-FR","@id":"https:\/\/kapitalis.com\/tunisie\/#\/schema\/logo\/image\/","url":"https:\/\/kapitalis.com\/tunisie\/wp-content\/uploads\/2022\/05\/Kapitalis-big-size.png","contentUrl":"https:\/\/kapitalis.com\/tunisie\/wp-content\/uploads\/2022\/05\/Kapitalis-big-size.png","width":5000,"height":1500,"caption":"Kapitalis"},"image":{"@id":"https:\/\/kapitalis.com\/tunisie\/#\/schema\/logo\/image\/"},"sameAs":["https:\/\/www.facebook.com\/KapitalisInfo\/","https:\/\/x.com\/KapitalisInfo","https:\/\/www.youtube.com\/channel\/UC-yDYrHyfFBWWZaOw3FPg9Q"]},{"@type":"Person","@id":"https:\/\/kapitalis.com\/tunisie\/#\/schema\/person\/d71f33a9ca44f7bad4698210b480c8e9","name":"webmaster kapitalis","url":"https:\/\/kapitalis.com\/tunisie\/author\/webmaster-kapitalis\/"}]}},"_links":{"self":[{"href":"https:\/\/kapitalis.com\/tunisie\/wp-json\/wp\/v2\/posts\/204529","targetHints":{"allow":["GET"]}}],"collection":[{"href":"https:\/\/kapitalis.com\/tunisie\/wp-json\/wp\/v2\/posts"}],"about":[{"href":"https:\/\/kapitalis.com\/tunisie\/wp-json\/wp\/v2\/types\/post"}],"author":[{"embeddable":true,"href":"https:\/\/kapitalis.com\/tunisie\/wp-json\/wp\/v2\/users\/8"}],"replies":[{"embeddable":true,"href":"https:\/\/kapitalis.com\/tunisie\/wp-json\/wp\/v2\/comments?post=204529"}],"version-history":[{"count":0,"href":"https:\/\/kapitalis.com\/tunisie\/wp-json\/wp\/v2\/posts\/204529\/revisions"}],"wp:featuredmedia":[{"embeddable":true,"href":"https:\/\/kapitalis.com\/tunisie\/wp-json\/wp\/v2\/media\/204530"}],"wp:attachment":[{"href":"https:\/\/kapitalis.com\/tunisie\/wp-json\/wp\/v2\/media?parent=204529"}],"wp:term":[{"taxonomy":"category","embeddable":true,"href":"https:\/\/kapitalis.com\/tunisie\/wp-json\/wp\/v2\/categories?post=204529"},{"taxonomy":"post_tag","embeddable":true,"href":"https:\/\/kapitalis.com\/tunisie\/wp-json\/wp\/v2\/tags?post=204529"}],"curies":[{"name":"wp","href":"https:\/\/api.w.org\/{rel}","templated":true}]}}