{"id":204682,"date":"2019-04-02T12:11:34","date_gmt":"2019-04-02T11:11:34","guid":{"rendered":"http:\/\/kapitalis.com\/tunisie\/?p=204682"},"modified":"2019-04-02T12:11:34","modified_gmt":"2019-04-02T11:11:34","slug":"impayes-la-steg-coupera-lelectricite-aux-institutions-et-entreprises-publiques","status":"publish","type":"post","link":"https:\/\/kapitalis.com\/tunisie\/2019\/04\/02\/impayes-la-steg-coupera-lelectricite-aux-institutions-et-entreprises-publiques\/","title":{"rendered":"Impay\u00e9s : La Steg coupera l\u2019\u00e9lectricit\u00e9 aux institutions et entreprises publiques"},"content":{"rendered":"<p style=\"text-align: center;\"><img loading=\"lazy\" decoding=\"async\" class=\"alignnone size-full wp-image-133416\" src=\"http:\/\/kapitalis.com\/tunisie\/wp-content\/uploads\/2018\/01\/Steg-Tunisie.jpg\" alt=\"\" width=\"626\" height=\"380\" \/><\/p>\n<p><strong><em>L\u2019ultimatum lanc\u00e9 par la Soci\u00e9t\u00e9 tunisienne d\u2019\u00e9lectricit\u00e9 et du gaz (Steg) pour les mauvais payeurs a pris fin hier, lundi 1<sup>er<\/sup> avril 2019. A partir d\u2019aujourd\u2019hui, la Steg va commencer \u00e0 couper l\u2019\u00e9lectricit\u00e9 \u00e0 ses clients institutionnels, notamment les institutions et entreprises publiques qui n\u2019ont pas r\u00e9gularis\u00e9 leur situation.<\/em><\/strong><!--more--><\/p>\n<p>La Steg avait lanc\u00e9 plusieurs alertes et m\u00eame mis en place un syst\u00e8me de paiement par \u00e9chelonnement pour recouvrer ses impay\u00e9s et tenter de redresser sa situation financi\u00e8re. Ainsi plus de la moiti\u00e9 des institutions et entreprises publiques, qui n\u2019ont pas pay\u00e9 leurs factures, seront bient\u00f4t priv\u00e9es d\u2019\u00e9lectricit\u00e9.<\/p>\n<p>La soci\u00e9t\u00e9 a pris soin de coordonner avec le minist\u00e8re d\u2019Industrie et des Petites et moyennes entreprises, ainsi que les autorit\u00e9s r\u00e9gionales avant de proc\u00e9der \u00e0 cette campagne de coupures, qui touchera \u00e9galement les citoyens se trouvant dans la m\u00eame situation.<\/p>\n<p>Ce coup de pied dans la fourmilli\u00e8re est indispensable, car rappelons-le, les impay\u00e9s de la Steg s\u2019\u00e9l\u00e8vent \u00e0 pr\u00e8s de 1.400 millions de dinars tunisiens (MDT) dont 674 MDT aupr\u00e8s des institutions et entreprises publiques, dont certaines incapables de payer leurs factures, \u00e0 cause de la crise qu\u2019elles traversent elles aussi.<\/p>\n<p>Mais la Steg a atteint un stade critique et recourra \u00e0 tous les moyens l\u00e9gaux pour \u00e9viter la faillite.<\/p>\n<p>D\u2019ailleurs, hier, \u00e0 Kairouan, la Steg a coup\u00e9 l\u2019\u00e9lectricit\u00e9 aux lyc\u00e9es Ibn al-Jazzar et Dar Al-Aman et aux coll\u00e8ges Regueda et Ba\u00eft al-Hikma, qui ont cumul\u00e9 des dettes depuis des ann\u00e9es.<\/p>\n<p style=\"text-align: right;\"><strong>Y. N.<\/strong><\/p>\n<blockquote class=\"wp-embedded-content\" data-secret=\"B6c1fVU4MJ\"><p><a href=\"https:\/\/kapitalis.com\/tunisie\/2019\/02\/18\/slim-feriani-aux-tunisiens-payez-vos-factures-de-la-steg\/\">Slim Feriani aux Tunisiens : Payez vos factures de la Steg !<\/a><\/p><\/blockquote>\n<p><iframe loading=\"lazy\" class=\"wp-embedded-content\" sandbox=\"allow-scripts\" security=\"restricted\" style=\"position: absolute; clip: rect(1px, 1px, 1px, 1px);\" title=\"\u00ab\u00a0Slim Feriani aux Tunisiens : Payez vos factures de la Steg !\u00a0\u00bb &#8212; Kapitalis\" src=\"https:\/\/kapitalis.com\/tunisie\/2019\/02\/18\/slim-feriani-aux-tunisiens-payez-vos-factures-de-la-steg\/embed\/#?secret=jj8EqbxRf9#?secret=B6c1fVU4MJ\" data-secret=\"B6c1fVU4MJ\" width=\"600\" height=\"338\" frameborder=\"0\" marginwidth=\"0\" marginheight=\"0\" scrolling=\"no\"><\/iframe><\/p>\n<blockquote class=\"wp-embedded-content\" data-secret=\"vwzSg5biGi\"><p><a href=\"https:\/\/kapitalis.com\/tunisie\/2018\/11\/16\/a-fin-septembre-2018-la-steg-a-coupe-lelectricite-a-800-000-clients\/\">A fin septembre 2018, la Steg a coup\u00e9 l&rsquo;\u00e9lectricit\u00e9 \u00e0 800.000 clients<\/a><\/p><\/blockquote>\n<p><iframe loading=\"lazy\" class=\"wp-embedded-content\" sandbox=\"allow-scripts\" security=\"restricted\" style=\"position: absolute; clip: rect(1px, 1px, 1px, 1px);\" title=\"\u00ab\u00a0A fin septembre 2018, la Steg a coup\u00e9 l&rsquo;\u00e9lectricit\u00e9 \u00e0 800.000 clients\u00a0\u00bb &#8212; Kapitalis\" src=\"https:\/\/kapitalis.com\/tunisie\/2018\/11\/16\/a-fin-septembre-2018-la-steg-a-coupe-lelectricite-a-800-000-clients\/embed\/#?secret=oSyuyOaATl#?secret=vwzSg5biGi\" data-secret=\"vwzSg5biGi\" width=\"600\" height=\"338\" frameborder=\"0\" marginwidth=\"0\" marginheight=\"0\" scrolling=\"no\"><\/iframe><\/p>\n","protected":false},"excerpt":{"rendered":"<p>L\u2019ultimatum lanc\u00e9 par la Soci\u00e9t\u00e9 tunisienne d\u2019\u00e9lectricit\u00e9 et du gaz (Steg) pour les mauvais payeurs a pris fin hier, lundi 1er avril 2019. A partir d\u2019aujourd\u2019hui, la Steg va commencer \u00e0 couper l\u2019\u00e9lectricit\u00e9 \u00e0 ses clients institutionnels, notamment les institutions et entreprises publiques qui n\u2019ont pas r\u00e9gularis\u00e9 leur situation.<\/p>\n","protected":false},"author":6,"featured_media":0,"comment_status":"open","ping_status":"open","sticky":false,"template":"","format":"standard","meta":{"footnotes":""},"categories":[995,2433],"tags":[2572,3907,3764,411,3492,4114,3763],"class_list":["post-204682","post","type-post","status-publish","format-standard","hentry","category-economie","category-tunisie","tag-dettes","tag-entreprises-publiques","tag-factures","tag-gaz","tag-impayes","tag-societes","tag-steg"],"yoast_head":"<!-- This site is optimized with the Yoast SEO plugin v26.6 - https:\/\/yoast.com\/wordpress\/plugins\/seo\/ -->\n<title>Impay\u00e9s : La Steg coupera l\u2019\u00e9lectricit\u00e9 aux institutions et entreprises publiques - Kapitalis<\/title>\n<meta name=\"robots\" content=\"index, follow, max-snippet:-1, max-image-preview:large, max-video-preview:-1\" \/>\n<link rel=\"canonical\" href=\"https:\/\/kapitalis.com\/tunisie\/2019\/04\/02\/impayes-la-steg-coupera-lelectricite-aux-institutions-et-entreprises-publiques\/\" \/>\n<meta property=\"og:locale\" content=\"fr_FR\" \/>\n<meta property=\"og:type\" content=\"article\" \/>\n<meta property=\"og:title\" content=\"Impay\u00e9s : La Steg coupera l\u2019\u00e9lectricit\u00e9 aux institutions et entreprises publiques - Kapitalis\" \/>\n<meta property=\"og:description\" content=\"L\u2019ultimatum lanc\u00e9 par la Soci\u00e9t\u00e9 tunisienne d\u2019\u00e9lectricit\u00e9 et du gaz (Steg) pour les mauvais payeurs a pris fin hier, lundi 1er avril 2019. A partir d\u2019aujourd\u2019hui, la Steg va commencer \u00e0 couper l\u2019\u00e9lectricit\u00e9 \u00e0 ses clients institutionnels, notamment les institutions et entreprises publiques qui n\u2019ont pas r\u00e9gularis\u00e9 leur situation.\" \/>\n<meta property=\"og:url\" content=\"https:\/\/kapitalis.com\/tunisie\/2019\/04\/02\/impayes-la-steg-coupera-lelectricite-aux-institutions-et-entreprises-publiques\/\" \/>\n<meta property=\"og:site_name\" content=\"Kapitalis\" \/>\n<meta property=\"article:publisher\" content=\"https:\/\/www.facebook.com\/KapitalisInfo\/\" \/>\n<meta property=\"article:published_time\" content=\"2019-04-02T11:11:34+00:00\" \/>\n<meta property=\"og:image\" content=\"http:\/\/kapitalis.com\/tunisie\/wp-content\/uploads\/2018\/01\/Steg-Tunisie.jpg\" \/>\n<meta name=\"author\" content=\"Yusra NY\" \/>\n<meta name=\"twitter:card\" content=\"summary_large_image\" \/>\n<meta name=\"twitter:creator\" content=\"@KapitalisInfo\" \/>\n<meta name=\"twitter:site\" content=\"@KapitalisInfo\" \/>\n<meta name=\"twitter:label1\" content=\"\u00c9crit par\" \/>\n\t<meta name=\"twitter:data1\" content=\"Yusra NY\" \/>\n\t<meta name=\"twitter:label2\" content=\"Dur\u00e9e de lecture estim\u00e9e\" \/>\n\t<meta name=\"twitter:data2\" content=\"1 minute\" \/>\n<script type=\"application\/ld+json\" class=\"yoast-schema-graph\">{\"@context\":\"https:\/\/schema.org\",\"@graph\":[{\"@type\":\"Article\",\"@id\":\"https:\/\/kapitalis.com\/tunisie\/2019\/04\/02\/impayes-la-steg-coupera-lelectricite-aux-institutions-et-entreprises-publiques\/#article\",\"isPartOf\":{\"@id\":\"https:\/\/kapitalis.com\/tunisie\/2019\/04\/02\/impayes-la-steg-coupera-lelectricite-aux-institutions-et-entreprises-publiques\/\"},\"author\":{\"name\":\"Yusra NY\",\"@id\":\"https:\/\/kapitalis.com\/tunisie\/#\/schema\/person\/74bbde0154d49d790a92aaeac5bc01d5\"},\"headline\":\"Impay\u00e9s : La Steg coupera l\u2019\u00e9lectricit\u00e9 aux institutions et entreprises publiques\",\"datePublished\":\"2019-04-02T11:11:34+00:00\",\"mainEntityOfPage\":{\"@id\":\"https:\/\/kapitalis.com\/tunisie\/2019\/04\/02\/impayes-la-steg-coupera-lelectricite-aux-institutions-et-entreprises-publiques\/\"},\"wordCount\":293,\"commentCount\":2,\"publisher\":{\"@id\":\"https:\/\/kapitalis.com\/tunisie\/#organization\"},\"image\":{\"@id\":\"https:\/\/kapitalis.com\/tunisie\/2019\/04\/02\/impayes-la-steg-coupera-lelectricite-aux-institutions-et-entreprises-publiques\/#primaryimage\"},\"thumbnailUrl\":\"http:\/\/kapitalis.com\/tunisie\/wp-content\/uploads\/2018\/01\/Steg-Tunisie.jpg\",\"keywords\":[\"dettes\",\"entreprises publiques\",\"factures\",\"gaz\",\"impay\u00e9s\",\"soci\u00e9t\u00e9s\",\"Steg\"],\"articleSection\":[\"ECONOMIE\",\"Tunisie\"],\"inLanguage\":\"fr-FR\",\"potentialAction\":[{\"@type\":\"CommentAction\",\"name\":\"Comment\",\"target\":[\"https:\/\/kapitalis.com\/tunisie\/2019\/04\/02\/impayes-la-steg-coupera-lelectricite-aux-institutions-et-entreprises-publiques\/#respond\"]}]},{\"@type\":\"WebPage\",\"@id\":\"https:\/\/kapitalis.com\/tunisie\/2019\/04\/02\/impayes-la-steg-coupera-lelectricite-aux-institutions-et-entreprises-publiques\/\",\"url\":\"https:\/\/kapitalis.com\/tunisie\/2019\/04\/02\/impayes-la-steg-coupera-lelectricite-aux-institutions-et-entreprises-publiques\/\",\"name\":\"Impay\u00e9s : La Steg coupera l\u2019\u00e9lectricit\u00e9 aux institutions et entreprises publiques - Kapitalis\",\"isPartOf\":{\"@id\":\"https:\/\/kapitalis.com\/tunisie\/#website\"},\"primaryImageOfPage\":{\"@id\":\"https:\/\/kapitalis.com\/tunisie\/2019\/04\/02\/impayes-la-steg-coupera-lelectricite-aux-institutions-et-entreprises-publiques\/#primaryimage\"},\"image\":{\"@id\":\"https:\/\/kapitalis.com\/tunisie\/2019\/04\/02\/impayes-la-steg-coupera-lelectricite-aux-institutions-et-entreprises-publiques\/#primaryimage\"},\"thumbnailUrl\":\"http:\/\/kapitalis.com\/tunisie\/wp-content\/uploads\/2018\/01\/Steg-Tunisie.jpg\",\"datePublished\":\"2019-04-02T11:11:34+00:00\",\"breadcrumb\":{\"@id\":\"https:\/\/kapitalis.com\/tunisie\/2019\/04\/02\/impayes-la-steg-coupera-lelectricite-aux-institutions-et-entreprises-publiques\/#breadcrumb\"},\"inLanguage\":\"fr-FR\",\"potentialAction\":[{\"@type\":\"ReadAction\",\"target\":[\"https:\/\/kapitalis.com\/tunisie\/2019\/04\/02\/impayes-la-steg-coupera-lelectricite-aux-institutions-et-entreprises-publiques\/\"]}]},{\"@type\":\"ImageObject\",\"inLanguage\":\"fr-FR\",\"@id\":\"https:\/\/kapitalis.com\/tunisie\/2019\/04\/02\/impayes-la-steg-coupera-lelectricite-aux-institutions-et-entreprises-publiques\/#primaryimage\",\"url\":\"http:\/\/kapitalis.com\/tunisie\/wp-content\/uploads\/2018\/01\/Steg-Tunisie.jpg\",\"contentUrl\":\"http:\/\/kapitalis.com\/tunisie\/wp-content\/uploads\/2018\/01\/Steg-Tunisie.jpg\"},{\"@type\":\"BreadcrumbList\",\"@id\":\"https:\/\/kapitalis.com\/tunisie\/2019\/04\/02\/impayes-la-steg-coupera-lelectricite-aux-institutions-et-entreprises-publiques\/#breadcrumb\",\"itemListElement\":[{\"@type\":\"ListItem\",\"position\":1,\"name\":\"Accueil\",\"item\":\"https:\/\/kapitalis.com\/tunisie\/\"},{\"@type\":\"ListItem\",\"position\":2,\"name\":\"Impay\u00e9s : La Steg coupera l\u2019\u00e9lectricit\u00e9 aux institutions et entreprises publiques\"}]},{\"@type\":\"WebSite\",\"@id\":\"https:\/\/kapitalis.com\/tunisie\/#website\",\"url\":\"https:\/\/kapitalis.com\/tunisie\/\",\"name\":\"Kapitalis\",\"description\":\"L&#039;actualit\u00e9 en Tunisie et dans le monde\",\"publisher\":{\"@id\":\"https:\/\/kapitalis.com\/tunisie\/#organization\"},\"potentialAction\":[{\"@type\":\"SearchAction\",\"target\":{\"@type\":\"EntryPoint\",\"urlTemplate\":\"https:\/\/kapitalis.com\/tunisie\/?s={search_term_string}\"},\"query-input\":{\"@type\":\"PropertyValueSpecification\",\"valueRequired\":true,\"valueName\":\"search_term_string\"}}],\"inLanguage\":\"fr-FR\"},{\"@type\":\"Organization\",\"@id\":\"https:\/\/kapitalis.com\/tunisie\/#organization\",\"name\":\"Kapitalis\",\"url\":\"https:\/\/kapitalis.com\/tunisie\/\",\"logo\":{\"@type\":\"ImageObject\",\"inLanguage\":\"fr-FR\",\"@id\":\"https:\/\/kapitalis.com\/tunisie\/#\/schema\/logo\/image\/\",\"url\":\"https:\/\/kapitalis.com\/tunisie\/wp-content\/uploads\/2022\/05\/Kapitalis-big-size.png\",\"contentUrl\":\"https:\/\/kapitalis.com\/tunisie\/wp-content\/uploads\/2022\/05\/Kapitalis-big-size.png\",\"width\":5000,\"height\":1500,\"caption\":\"Kapitalis\"},\"image\":{\"@id\":\"https:\/\/kapitalis.com\/tunisie\/#\/schema\/logo\/image\/\"},\"sameAs\":[\"https:\/\/www.facebook.com\/KapitalisInfo\/\",\"https:\/\/x.com\/KapitalisInfo\",\"https:\/\/www.youtube.com\/channel\/UC-yDYrHyfFBWWZaOw3FPg9Q\"]},{\"@type\":\"Person\",\"@id\":\"https:\/\/kapitalis.com\/tunisie\/#\/schema\/person\/74bbde0154d49d790a92aaeac5bc01d5\",\"name\":\"Yusra NY\",\"url\":\"https:\/\/kapitalis.com\/tunisie\/author\/yuza_adam\/\"}]}<\/script>\n<!-- \/ Yoast SEO plugin. -->","yoast_head_json":{"title":"Impay\u00e9s : La Steg coupera l\u2019\u00e9lectricit\u00e9 aux institutions et entreprises publiques - Kapitalis","robots":{"index":"index","follow":"follow","max-snippet":"max-snippet:-1","max-image-preview":"max-image-preview:large","max-video-preview":"max-video-preview:-1"},"canonical":"https:\/\/kapitalis.com\/tunisie\/2019\/04\/02\/impayes-la-steg-coupera-lelectricite-aux-institutions-et-entreprises-publiques\/","og_locale":"fr_FR","og_type":"article","og_title":"Impay\u00e9s : La Steg coupera l\u2019\u00e9lectricit\u00e9 aux institutions et entreprises publiques - Kapitalis","og_description":"L\u2019ultimatum lanc\u00e9 par la Soci\u00e9t\u00e9 tunisienne d\u2019\u00e9lectricit\u00e9 et du gaz (Steg) pour les mauvais payeurs a pris fin hier, lundi 1er avril 2019. A partir d\u2019aujourd\u2019hui, la Steg va commencer \u00e0 couper l\u2019\u00e9lectricit\u00e9 \u00e0 ses clients institutionnels, notamment les institutions et entreprises publiques qui n\u2019ont pas r\u00e9gularis\u00e9 leur situation.","og_url":"https:\/\/kapitalis.com\/tunisie\/2019\/04\/02\/impayes-la-steg-coupera-lelectricite-aux-institutions-et-entreprises-publiques\/","og_site_name":"Kapitalis","article_publisher":"https:\/\/www.facebook.com\/KapitalisInfo\/","article_published_time":"2019-04-02T11:11:34+00:00","og_image":[{"url":"http:\/\/kapitalis.com\/tunisie\/wp-content\/uploads\/2018\/01\/Steg-Tunisie.jpg","type":"","width":"","height":""}],"author":"Yusra NY","twitter_card":"summary_large_image","twitter_creator":"@KapitalisInfo","twitter_site":"@KapitalisInfo","twitter_misc":{"\u00c9crit par":"Yusra NY","Dur\u00e9e de lecture estim\u00e9e":"1 minute"},"schema":{"@context":"https:\/\/schema.org","@graph":[{"@type":"Article","@id":"https:\/\/kapitalis.com\/tunisie\/2019\/04\/02\/impayes-la-steg-coupera-lelectricite-aux-institutions-et-entreprises-publiques\/#article","isPartOf":{"@id":"https:\/\/kapitalis.com\/tunisie\/2019\/04\/02\/impayes-la-steg-coupera-lelectricite-aux-institutions-et-entreprises-publiques\/"},"author":{"name":"Yusra NY","@id":"https:\/\/kapitalis.com\/tunisie\/#\/schema\/person\/74bbde0154d49d790a92aaeac5bc01d5"},"headline":"Impay\u00e9s : La Steg coupera l\u2019\u00e9lectricit\u00e9 aux institutions et entreprises publiques","datePublished":"2019-04-02T11:11:34+00:00","mainEntityOfPage":{"@id":"https:\/\/kapitalis.com\/tunisie\/2019\/04\/02\/impayes-la-steg-coupera-lelectricite-aux-institutions-et-entreprises-publiques\/"},"wordCount":293,"commentCount":2,"publisher":{"@id":"https:\/\/kapitalis.com\/tunisie\/#organization"},"image":{"@id":"https:\/\/kapitalis.com\/tunisie\/2019\/04\/02\/impayes-la-steg-coupera-lelectricite-aux-institutions-et-entreprises-publiques\/#primaryimage"},"thumbnailUrl":"http:\/\/kapitalis.com\/tunisie\/wp-content\/uploads\/2018\/01\/Steg-Tunisie.jpg","keywords":["dettes","entreprises publiques","factures","gaz","impay\u00e9s","soci\u00e9t\u00e9s","Steg"],"articleSection":["ECONOMIE","Tunisie"],"inLanguage":"fr-FR","potentialAction":[{"@type":"CommentAction","name":"Comment","target":["https:\/\/kapitalis.com\/tunisie\/2019\/04\/02\/impayes-la-steg-coupera-lelectricite-aux-institutions-et-entreprises-publiques\/#respond"]}]},{"@type":"WebPage","@id":"https:\/\/kapitalis.com\/tunisie\/2019\/04\/02\/impayes-la-steg-coupera-lelectricite-aux-institutions-et-entreprises-publiques\/","url":"https:\/\/kapitalis.com\/tunisie\/2019\/04\/02\/impayes-la-steg-coupera-lelectricite-aux-institutions-et-entreprises-publiques\/","name":"Impay\u00e9s : La Steg coupera l\u2019\u00e9lectricit\u00e9 aux institutions et entreprises publiques - Kapitalis","isPartOf":{"@id":"https:\/\/kapitalis.com\/tunisie\/#website"},"primaryImageOfPage":{"@id":"https:\/\/kapitalis.com\/tunisie\/2019\/04\/02\/impayes-la-steg-coupera-lelectricite-aux-institutions-et-entreprises-publiques\/#primaryimage"},"image":{"@id":"https:\/\/kapitalis.com\/tunisie\/2019\/04\/02\/impayes-la-steg-coupera-lelectricite-aux-institutions-et-entreprises-publiques\/#primaryimage"},"thumbnailUrl":"http:\/\/kapitalis.com\/tunisie\/wp-content\/uploads\/2018\/01\/Steg-Tunisie.jpg","datePublished":"2019-04-02T11:11:34+00:00","breadcrumb":{"@id":"https:\/\/kapitalis.com\/tunisie\/2019\/04\/02\/impayes-la-steg-coupera-lelectricite-aux-institutions-et-entreprises-publiques\/#breadcrumb"},"inLanguage":"fr-FR","potentialAction":[{"@type":"ReadAction","target":["https:\/\/kapitalis.com\/tunisie\/2019\/04\/02\/impayes-la-steg-coupera-lelectricite-aux-institutions-et-entreprises-publiques\/"]}]},{"@type":"ImageObject","inLanguage":"fr-FR","@id":"https:\/\/kapitalis.com\/tunisie\/2019\/04\/02\/impayes-la-steg-coupera-lelectricite-aux-institutions-et-entreprises-publiques\/#primaryimage","url":"http:\/\/kapitalis.com\/tunisie\/wp-content\/uploads\/2018\/01\/Steg-Tunisie.jpg","contentUrl":"http:\/\/kapitalis.com\/tunisie\/wp-content\/uploads\/2018\/01\/Steg-Tunisie.jpg"},{"@type":"BreadcrumbList","@id":"https:\/\/kapitalis.com\/tunisie\/2019\/04\/02\/impayes-la-steg-coupera-lelectricite-aux-institutions-et-entreprises-publiques\/#breadcrumb","itemListElement":[{"@type":"ListItem","position":1,"name":"Accueil","item":"https:\/\/kapitalis.com\/tunisie\/"},{"@type":"ListItem","position":2,"name":"Impay\u00e9s : La Steg coupera l\u2019\u00e9lectricit\u00e9 aux institutions et entreprises publiques"}]},{"@type":"WebSite","@id":"https:\/\/kapitalis.com\/tunisie\/#website","url":"https:\/\/kapitalis.com\/tunisie\/","name":"Kapitalis","description":"L&#039;actualit\u00e9 en Tunisie et dans le monde","publisher":{"@id":"https:\/\/kapitalis.com\/tunisie\/#organization"},"potentialAction":[{"@type":"SearchAction","target":{"@type":"EntryPoint","urlTemplate":"https:\/\/kapitalis.com\/tunisie\/?s={search_term_string}"},"query-input":{"@type":"PropertyValueSpecification","valueRequired":true,"valueName":"search_term_string"}}],"inLanguage":"fr-FR"},{"@type":"Organization","@id":"https:\/\/kapitalis.com\/tunisie\/#organization","name":"Kapitalis","url":"https:\/\/kapitalis.com\/tunisie\/","logo":{"@type":"ImageObject","inLanguage":"fr-FR","@id":"https:\/\/kapitalis.com\/tunisie\/#\/schema\/logo\/image\/","url":"https:\/\/kapitalis.com\/tunisie\/wp-content\/uploads\/2022\/05\/Kapitalis-big-size.png","contentUrl":"https:\/\/kapitalis.com\/tunisie\/wp-content\/uploads\/2022\/05\/Kapitalis-big-size.png","width":5000,"height":1500,"caption":"Kapitalis"},"image":{"@id":"https:\/\/kapitalis.com\/tunisie\/#\/schema\/logo\/image\/"},"sameAs":["https:\/\/www.facebook.com\/KapitalisInfo\/","https:\/\/x.com\/KapitalisInfo","https:\/\/www.youtube.com\/channel\/UC-yDYrHyfFBWWZaOw3FPg9Q"]},{"@type":"Person","@id":"https:\/\/kapitalis.com\/tunisie\/#\/schema\/person\/74bbde0154d49d790a92aaeac5bc01d5","name":"Yusra NY","url":"https:\/\/kapitalis.com\/tunisie\/author\/yuza_adam\/"}]}},"_links":{"self":[{"href":"https:\/\/kapitalis.com\/tunisie\/wp-json\/wp\/v2\/posts\/204682","targetHints":{"allow":["GET"]}}],"collection":[{"href":"https:\/\/kapitalis.com\/tunisie\/wp-json\/wp\/v2\/posts"}],"about":[{"href":"https:\/\/kapitalis.com\/tunisie\/wp-json\/wp\/v2\/types\/post"}],"author":[{"embeddable":true,"href":"https:\/\/kapitalis.com\/tunisie\/wp-json\/wp\/v2\/users\/6"}],"replies":[{"embeddable":true,"href":"https:\/\/kapitalis.com\/tunisie\/wp-json\/wp\/v2\/comments?post=204682"}],"version-history":[{"count":0,"href":"https:\/\/kapitalis.com\/tunisie\/wp-json\/wp\/v2\/posts\/204682\/revisions"}],"wp:attachment":[{"href":"https:\/\/kapitalis.com\/tunisie\/wp-json\/wp\/v2\/media?parent=204682"}],"wp:term":[{"taxonomy":"category","embeddable":true,"href":"https:\/\/kapitalis.com\/tunisie\/wp-json\/wp\/v2\/categories?post=204682"},{"taxonomy":"post_tag","embeddable":true,"href":"https:\/\/kapitalis.com\/tunisie\/wp-json\/wp\/v2\/tags?post=204682"}],"curies":[{"name":"wp","href":"https:\/\/api.w.org\/{rel}","templated":true}]}}