{"id":204938,"date":"2019-04-04T10:37:16","date_gmt":"2019-04-04T09:37:16","guid":{"rendered":"http:\/\/kapitalis.com\/tunisie\/?p=204938"},"modified":"2019-04-04T10:37:16","modified_gmt":"2019-04-04T09:37:16","slug":"reduction-de-peine-pour-le-proprietaire-du-centre-coranique-de-regueb","status":"publish","type":"post","link":"https:\/\/kapitalis.com\/tunisie\/2019\/04\/04\/reduction-de-peine-pour-le-proprietaire-du-centre-coranique-de-regueb\/","title":{"rendered":"R\u00e9duction de peine pour le propri\u00e9taire du centre coranique de Regueb"},"content":{"rendered":"<p style=\"text-align: center;\"><img loading=\"lazy\" decoding=\"async\" class=\"alignnone size-full wp-image-197623\" src=\"http:\/\/kapitalis.com\/tunisie\/wp-content\/uploads\/2019\/02\/farouk-zribi-tribunal.jpg\" alt=\"\" width=\"626\" height=\"380\" \/><\/p>\n<p><em><strong>La peine prononc\u00e9e en appel contre Farouk Zribi, propri\u00e9taire du Centre coranique de Regueb, a \u00e9t\u00e9 r\u00e9duite \u00e0 5 mois de prison ferme. Il avait \u00e9cop\u00e9 d\u2019un an d\u2019emprisonnement pour mariage ill\u00e9gal, en f\u00e9vrier 2019.<\/strong><\/em><!--more--><\/p>\n<p>Houcine Jerbi, procureur de la r\u00e9publique aupr\u00e8s du tribunal\u00a0 de 1<sup>\u00e8re<\/sup> instance de Sidi Bouzid, a pr\u00e9cis\u00e9, dans une d\u00e9claration aux m\u00e9dias, que l\u2019\u00e9pouse ill\u00e9gitime de <a href=\"http:\/\/kapitalis.com\/tunisie\/2019\/03\/04\/affaire-du-centre-coranique-de-regueb-farouk-zribi-na-pas-ete-libere\/\" target=\"_blank\" rel=\"noopener\">Farouk Zribi<\/a> a \u00e9t\u00e9 condamn\u00e9e en appel \u00e0 2 mois avec sursis, contre 3 mois ferme, lors du premier proc\u00e8s et devra donc quitter la prison.<\/p>\n<p>On notera que Farouk Zribi fait aussi l\u2019objet d\u2019une enqu\u00eate pour exploitation et radicalisation de mineurs qui \u00e9taient h\u00e9berg\u00e9s au centre qu\u2019il dirigeait et dont certains ont \u00e9t\u00e9 maltrait\u00e9s et d\u2019autres abus\u00e9s sexuellement. Leur violeur pr\u00e9sum\u00e9, un salafiste qui suivait des cours de Coran dans ce centre, a quant \u00e0 lui, \u00e9t\u00e9 plac\u00e9 en d\u00e9tention mais aucune peine n\u2019a encore \u00e9t\u00e9 prononc\u00e9e \u00e0 son encontre.<\/p>\n<p style=\"text-align: right;\"><strong>Y. N.<\/strong><\/p>\n<blockquote class=\"wp-embedded-content\" data-secret=\"ic7u2kH8UX\"><p><a href=\"https:\/\/kapitalis.com\/tunisie\/2019\/02\/04\/centre-coranique-de-regueb-un-salafiste-en-detention-pour-abus-sexuel\/\">Centre coranique de Regueb : Un salafiste en d\u00e9tention pour abus sexuel<\/a><\/p><\/blockquote>\n<p><iframe loading=\"lazy\" class=\"wp-embedded-content\" sandbox=\"allow-scripts\" security=\"restricted\" style=\"position: absolute; clip: rect(1px, 1px, 1px, 1px);\" title=\"\u00ab\u00a0Centre coranique de Regueb : Un salafiste en d\u00e9tention pour abus sexuel\u00a0\u00bb &#8212; Kapitalis\" src=\"https:\/\/kapitalis.com\/tunisie\/2019\/02\/04\/centre-coranique-de-regueb-un-salafiste-en-detention-pour-abus-sexuel\/embed\/#?secret=b1s4P4hXLx#?secret=ic7u2kH8UX\" data-secret=\"ic7u2kH8UX\" width=\"600\" height=\"338\" frameborder=\"0\" marginwidth=\"0\" marginheight=\"0\" scrolling=\"no\"><\/iframe><\/p>\n<blockquote class=\"wp-embedded-content\" data-secret=\"tsK9kOAy72\"><p><a href=\"https:\/\/kapitalis.com\/tunisie\/2019\/02\/05\/regueb-plainte-contre-cheikh-farouk-pour-envoi-de-jeunes-au-jihad\/\">Regueb : Plainte contre \u00abCheikh Farouk\u00bb pour envoi de jeunes au jihad<\/a><\/p><\/blockquote>\n<p><iframe loading=\"lazy\" class=\"wp-embedded-content\" sandbox=\"allow-scripts\" security=\"restricted\" style=\"position: absolute; clip: rect(1px, 1px, 1px, 1px);\" title=\"\u00ab\u00a0Regueb : Plainte contre \u00abCheikh Farouk\u00bb pour envoi de jeunes au jihad\u00a0\u00bb &#8212; Kapitalis\" src=\"https:\/\/kapitalis.com\/tunisie\/2019\/02\/05\/regueb-plainte-contre-cheikh-farouk-pour-envoi-de-jeunes-au-jihad\/embed\/#?secret=EuDf5R5yUD#?secret=tsK9kOAy72\" data-secret=\"tsK9kOAy72\" width=\"600\" height=\"338\" frameborder=\"0\" marginwidth=\"0\" marginheight=\"0\" scrolling=\"no\"><\/iframe><\/p>\n","protected":false},"excerpt":{"rendered":"<p>La peine prononc\u00e9e en appel contre Farouk Zribi, propri\u00e9taire du Centre coranique de Regueb, a \u00e9t\u00e9 r\u00e9duite \u00e0 5 mois de prison ferme. Il avait \u00e9cop\u00e9 d\u2019un an d\u2019emprisonnement pour mariage ill\u00e9gal, en f\u00e9vrier 2019.<\/p>\n","protected":false},"author":6,"featured_media":0,"comment_status":"open","ping_status":"open","sticky":false,"template":"","format":"standard","meta":{"footnotes":""},"categories":[998,2433],"tags":[1419,55246,1420,4837,778,828,921],"class_list":["post-204938","post","type-post","status-publish","format-standard","hentry","category-societe","category-tunisie","tag-abus-sexuels","tag-centre-coranique","tag-exploitation","tag-mineur","tag-regueb","tag-sidi-bouzid","tag-tribunal"],"yoast_head":"<!-- This site is optimized with the Yoast SEO plugin v26.6 - https:\/\/yoast.com\/wordpress\/plugins\/seo\/ -->\n<title>R\u00e9duction de peine pour le propri\u00e9taire du centre coranique de Regueb - Kapitalis<\/title>\n<meta name=\"robots\" content=\"index, follow, max-snippet:-1, max-image-preview:large, max-video-preview:-1\" \/>\n<link rel=\"canonical\" href=\"https:\/\/kapitalis.com\/tunisie\/2019\/04\/04\/reduction-de-peine-pour-le-proprietaire-du-centre-coranique-de-regueb\/\" \/>\n<meta property=\"og:locale\" content=\"fr_FR\" \/>\n<meta property=\"og:type\" content=\"article\" \/>\n<meta property=\"og:title\" content=\"R\u00e9duction de peine pour le propri\u00e9taire du centre coranique de Regueb - Kapitalis\" \/>\n<meta property=\"og:description\" content=\"La peine prononc\u00e9e en appel contre Farouk Zribi, propri\u00e9taire du Centre coranique de Regueb, a \u00e9t\u00e9 r\u00e9duite \u00e0 5 mois de prison ferme. Il avait \u00e9cop\u00e9 d\u2019un an d\u2019emprisonnement pour mariage ill\u00e9gal, en f\u00e9vrier 2019.\" \/>\n<meta property=\"og:url\" content=\"https:\/\/kapitalis.com\/tunisie\/2019\/04\/04\/reduction-de-peine-pour-le-proprietaire-du-centre-coranique-de-regueb\/\" \/>\n<meta property=\"og:site_name\" content=\"Kapitalis\" \/>\n<meta property=\"article:publisher\" content=\"https:\/\/www.facebook.com\/KapitalisInfo\/\" \/>\n<meta property=\"article:published_time\" content=\"2019-04-04T09:37:16+00:00\" \/>\n<meta property=\"og:image\" content=\"http:\/\/kapitalis.com\/tunisie\/wp-content\/uploads\/2019\/02\/farouk-zribi-tribunal.jpg\" \/>\n<meta name=\"author\" content=\"Yusra NY\" \/>\n<meta name=\"twitter:card\" content=\"summary_large_image\" \/>\n<meta name=\"twitter:creator\" content=\"@KapitalisInfo\" \/>\n<meta name=\"twitter:site\" content=\"@KapitalisInfo\" \/>\n<meta name=\"twitter:label1\" content=\"\u00c9crit par\" \/>\n\t<meta name=\"twitter:data1\" content=\"Yusra NY\" \/>\n\t<meta name=\"twitter:label2\" content=\"Dur\u00e9e de lecture estim\u00e9e\" \/>\n\t<meta name=\"twitter:data2\" content=\"1 minute\" \/>\n<script type=\"application\/ld+json\" class=\"yoast-schema-graph\">{\"@context\":\"https:\/\/schema.org\",\"@graph\":[{\"@type\":\"Article\",\"@id\":\"https:\/\/kapitalis.com\/tunisie\/2019\/04\/04\/reduction-de-peine-pour-le-proprietaire-du-centre-coranique-de-regueb\/#article\",\"isPartOf\":{\"@id\":\"https:\/\/kapitalis.com\/tunisie\/2019\/04\/04\/reduction-de-peine-pour-le-proprietaire-du-centre-coranique-de-regueb\/\"},\"author\":{\"name\":\"Yusra NY\",\"@id\":\"https:\/\/kapitalis.com\/tunisie\/#\/schema\/person\/74bbde0154d49d790a92aaeac5bc01d5\"},\"headline\":\"R\u00e9duction de peine pour le propri\u00e9taire du centre coranique de Regueb\",\"datePublished\":\"2019-04-04T09:37:16+00:00\",\"mainEntityOfPage\":{\"@id\":\"https:\/\/kapitalis.com\/tunisie\/2019\/04\/04\/reduction-de-peine-pour-le-proprietaire-du-centre-coranique-de-regueb\/\"},\"wordCount\":198,\"commentCount\":1,\"publisher\":{\"@id\":\"https:\/\/kapitalis.com\/tunisie\/#organization\"},\"image\":{\"@id\":\"https:\/\/kapitalis.com\/tunisie\/2019\/04\/04\/reduction-de-peine-pour-le-proprietaire-du-centre-coranique-de-regueb\/#primaryimage\"},\"thumbnailUrl\":\"http:\/\/kapitalis.com\/tunisie\/wp-content\/uploads\/2019\/02\/farouk-zribi-tribunal.jpg\",\"keywords\":[\"abus sexuels\",\"centre coranique\",\"exploitation\",\"mineur\",\"Regueb\",\"Sidi Bouzid\",\"tribunal\"],\"articleSection\":[\"SOCIETE\",\"Tunisie\"],\"inLanguage\":\"fr-FR\",\"potentialAction\":[{\"@type\":\"CommentAction\",\"name\":\"Comment\",\"target\":[\"https:\/\/kapitalis.com\/tunisie\/2019\/04\/04\/reduction-de-peine-pour-le-proprietaire-du-centre-coranique-de-regueb\/#respond\"]}]},{\"@type\":\"WebPage\",\"@id\":\"https:\/\/kapitalis.com\/tunisie\/2019\/04\/04\/reduction-de-peine-pour-le-proprietaire-du-centre-coranique-de-regueb\/\",\"url\":\"https:\/\/kapitalis.com\/tunisie\/2019\/04\/04\/reduction-de-peine-pour-le-proprietaire-du-centre-coranique-de-regueb\/\",\"name\":\"R\u00e9duction de peine pour le propri\u00e9taire du centre coranique de Regueb - Kapitalis\",\"isPartOf\":{\"@id\":\"https:\/\/kapitalis.com\/tunisie\/#website\"},\"primaryImageOfPage\":{\"@id\":\"https:\/\/kapitalis.com\/tunisie\/2019\/04\/04\/reduction-de-peine-pour-le-proprietaire-du-centre-coranique-de-regueb\/#primaryimage\"},\"image\":{\"@id\":\"https:\/\/kapitalis.com\/tunisie\/2019\/04\/04\/reduction-de-peine-pour-le-proprietaire-du-centre-coranique-de-regueb\/#primaryimage\"},\"thumbnailUrl\":\"http:\/\/kapitalis.com\/tunisie\/wp-content\/uploads\/2019\/02\/farouk-zribi-tribunal.jpg\",\"datePublished\":\"2019-04-04T09:37:16+00:00\",\"breadcrumb\":{\"@id\":\"https:\/\/kapitalis.com\/tunisie\/2019\/04\/04\/reduction-de-peine-pour-le-proprietaire-du-centre-coranique-de-regueb\/#breadcrumb\"},\"inLanguage\":\"fr-FR\",\"potentialAction\":[{\"@type\":\"ReadAction\",\"target\":[\"https:\/\/kapitalis.com\/tunisie\/2019\/04\/04\/reduction-de-peine-pour-le-proprietaire-du-centre-coranique-de-regueb\/\"]}]},{\"@type\":\"ImageObject\",\"inLanguage\":\"fr-FR\",\"@id\":\"https:\/\/kapitalis.com\/tunisie\/2019\/04\/04\/reduction-de-peine-pour-le-proprietaire-du-centre-coranique-de-regueb\/#primaryimage\",\"url\":\"http:\/\/kapitalis.com\/tunisie\/wp-content\/uploads\/2019\/02\/farouk-zribi-tribunal.jpg\",\"contentUrl\":\"http:\/\/kapitalis.com\/tunisie\/wp-content\/uploads\/2019\/02\/farouk-zribi-tribunal.jpg\"},{\"@type\":\"BreadcrumbList\",\"@id\":\"https:\/\/kapitalis.com\/tunisie\/2019\/04\/04\/reduction-de-peine-pour-le-proprietaire-du-centre-coranique-de-regueb\/#breadcrumb\",\"itemListElement\":[{\"@type\":\"ListItem\",\"position\":1,\"name\":\"Accueil\",\"item\":\"https:\/\/kapitalis.com\/tunisie\/\"},{\"@type\":\"ListItem\",\"position\":2,\"name\":\"R\u00e9duction de peine pour le propri\u00e9taire du centre coranique de Regueb\"}]},{\"@type\":\"WebSite\",\"@id\":\"https:\/\/kapitalis.com\/tunisie\/#website\",\"url\":\"https:\/\/kapitalis.com\/tunisie\/\",\"name\":\"Kapitalis\",\"description\":\"L&#039;actualit\u00e9 en Tunisie et dans le monde\",\"publisher\":{\"@id\":\"https:\/\/kapitalis.com\/tunisie\/#organization\"},\"potentialAction\":[{\"@type\":\"SearchAction\",\"target\":{\"@type\":\"EntryPoint\",\"urlTemplate\":\"https:\/\/kapitalis.com\/tunisie\/?s={search_term_string}\"},\"query-input\":{\"@type\":\"PropertyValueSpecification\",\"valueRequired\":true,\"valueName\":\"search_term_string\"}}],\"inLanguage\":\"fr-FR\"},{\"@type\":\"Organization\",\"@id\":\"https:\/\/kapitalis.com\/tunisie\/#organization\",\"name\":\"Kapitalis\",\"url\":\"https:\/\/kapitalis.com\/tunisie\/\",\"logo\":{\"@type\":\"ImageObject\",\"inLanguage\":\"fr-FR\",\"@id\":\"https:\/\/kapitalis.com\/tunisie\/#\/schema\/logo\/image\/\",\"url\":\"https:\/\/kapitalis.com\/tunisie\/wp-content\/uploads\/2022\/05\/Kapitalis-big-size.png\",\"contentUrl\":\"https:\/\/kapitalis.com\/tunisie\/wp-content\/uploads\/2022\/05\/Kapitalis-big-size.png\",\"width\":5000,\"height\":1500,\"caption\":\"Kapitalis\"},\"image\":{\"@id\":\"https:\/\/kapitalis.com\/tunisie\/#\/schema\/logo\/image\/\"},\"sameAs\":[\"https:\/\/www.facebook.com\/KapitalisInfo\/\",\"https:\/\/x.com\/KapitalisInfo\",\"https:\/\/www.youtube.com\/channel\/UC-yDYrHyfFBWWZaOw3FPg9Q\"]},{\"@type\":\"Person\",\"@id\":\"https:\/\/kapitalis.com\/tunisie\/#\/schema\/person\/74bbde0154d49d790a92aaeac5bc01d5\",\"name\":\"Yusra NY\",\"url\":\"https:\/\/kapitalis.com\/tunisie\/author\/yuza_adam\/\"}]}<\/script>\n<!-- \/ Yoast SEO plugin. -->","yoast_head_json":{"title":"R\u00e9duction de peine pour le propri\u00e9taire du centre coranique de Regueb - Kapitalis","robots":{"index":"index","follow":"follow","max-snippet":"max-snippet:-1","max-image-preview":"max-image-preview:large","max-video-preview":"max-video-preview:-1"},"canonical":"https:\/\/kapitalis.com\/tunisie\/2019\/04\/04\/reduction-de-peine-pour-le-proprietaire-du-centre-coranique-de-regueb\/","og_locale":"fr_FR","og_type":"article","og_title":"R\u00e9duction de peine pour le propri\u00e9taire du centre coranique de Regueb - Kapitalis","og_description":"La peine prononc\u00e9e en appel contre Farouk Zribi, propri\u00e9taire du Centre coranique de Regueb, a \u00e9t\u00e9 r\u00e9duite \u00e0 5 mois de prison ferme. Il avait \u00e9cop\u00e9 d\u2019un an d\u2019emprisonnement pour mariage ill\u00e9gal, en f\u00e9vrier 2019.","og_url":"https:\/\/kapitalis.com\/tunisie\/2019\/04\/04\/reduction-de-peine-pour-le-proprietaire-du-centre-coranique-de-regueb\/","og_site_name":"Kapitalis","article_publisher":"https:\/\/www.facebook.com\/KapitalisInfo\/","article_published_time":"2019-04-04T09:37:16+00:00","og_image":[{"url":"http:\/\/kapitalis.com\/tunisie\/wp-content\/uploads\/2019\/02\/farouk-zribi-tribunal.jpg","type":"","width":"","height":""}],"author":"Yusra NY","twitter_card":"summary_large_image","twitter_creator":"@KapitalisInfo","twitter_site":"@KapitalisInfo","twitter_misc":{"\u00c9crit par":"Yusra NY","Dur\u00e9e de lecture estim\u00e9e":"1 minute"},"schema":{"@context":"https:\/\/schema.org","@graph":[{"@type":"Article","@id":"https:\/\/kapitalis.com\/tunisie\/2019\/04\/04\/reduction-de-peine-pour-le-proprietaire-du-centre-coranique-de-regueb\/#article","isPartOf":{"@id":"https:\/\/kapitalis.com\/tunisie\/2019\/04\/04\/reduction-de-peine-pour-le-proprietaire-du-centre-coranique-de-regueb\/"},"author":{"name":"Yusra NY","@id":"https:\/\/kapitalis.com\/tunisie\/#\/schema\/person\/74bbde0154d49d790a92aaeac5bc01d5"},"headline":"R\u00e9duction de peine pour le propri\u00e9taire du centre coranique de Regueb","datePublished":"2019-04-04T09:37:16+00:00","mainEntityOfPage":{"@id":"https:\/\/kapitalis.com\/tunisie\/2019\/04\/04\/reduction-de-peine-pour-le-proprietaire-du-centre-coranique-de-regueb\/"},"wordCount":198,"commentCount":1,"publisher":{"@id":"https:\/\/kapitalis.com\/tunisie\/#organization"},"image":{"@id":"https:\/\/kapitalis.com\/tunisie\/2019\/04\/04\/reduction-de-peine-pour-le-proprietaire-du-centre-coranique-de-regueb\/#primaryimage"},"thumbnailUrl":"http:\/\/kapitalis.com\/tunisie\/wp-content\/uploads\/2019\/02\/farouk-zribi-tribunal.jpg","keywords":["abus sexuels","centre coranique","exploitation","mineur","Regueb","Sidi Bouzid","tribunal"],"articleSection":["SOCIETE","Tunisie"],"inLanguage":"fr-FR","potentialAction":[{"@type":"CommentAction","name":"Comment","target":["https:\/\/kapitalis.com\/tunisie\/2019\/04\/04\/reduction-de-peine-pour-le-proprietaire-du-centre-coranique-de-regueb\/#respond"]}]},{"@type":"WebPage","@id":"https:\/\/kapitalis.com\/tunisie\/2019\/04\/04\/reduction-de-peine-pour-le-proprietaire-du-centre-coranique-de-regueb\/","url":"https:\/\/kapitalis.com\/tunisie\/2019\/04\/04\/reduction-de-peine-pour-le-proprietaire-du-centre-coranique-de-regueb\/","name":"R\u00e9duction de peine pour le propri\u00e9taire du centre coranique de Regueb - Kapitalis","isPartOf":{"@id":"https:\/\/kapitalis.com\/tunisie\/#website"},"primaryImageOfPage":{"@id":"https:\/\/kapitalis.com\/tunisie\/2019\/04\/04\/reduction-de-peine-pour-le-proprietaire-du-centre-coranique-de-regueb\/#primaryimage"},"image":{"@id":"https:\/\/kapitalis.com\/tunisie\/2019\/04\/04\/reduction-de-peine-pour-le-proprietaire-du-centre-coranique-de-regueb\/#primaryimage"},"thumbnailUrl":"http:\/\/kapitalis.com\/tunisie\/wp-content\/uploads\/2019\/02\/farouk-zribi-tribunal.jpg","datePublished":"2019-04-04T09:37:16+00:00","breadcrumb":{"@id":"https:\/\/kapitalis.com\/tunisie\/2019\/04\/04\/reduction-de-peine-pour-le-proprietaire-du-centre-coranique-de-regueb\/#breadcrumb"},"inLanguage":"fr-FR","potentialAction":[{"@type":"ReadAction","target":["https:\/\/kapitalis.com\/tunisie\/2019\/04\/04\/reduction-de-peine-pour-le-proprietaire-du-centre-coranique-de-regueb\/"]}]},{"@type":"ImageObject","inLanguage":"fr-FR","@id":"https:\/\/kapitalis.com\/tunisie\/2019\/04\/04\/reduction-de-peine-pour-le-proprietaire-du-centre-coranique-de-regueb\/#primaryimage","url":"http:\/\/kapitalis.com\/tunisie\/wp-content\/uploads\/2019\/02\/farouk-zribi-tribunal.jpg","contentUrl":"http:\/\/kapitalis.com\/tunisie\/wp-content\/uploads\/2019\/02\/farouk-zribi-tribunal.jpg"},{"@type":"BreadcrumbList","@id":"https:\/\/kapitalis.com\/tunisie\/2019\/04\/04\/reduction-de-peine-pour-le-proprietaire-du-centre-coranique-de-regueb\/#breadcrumb","itemListElement":[{"@type":"ListItem","position":1,"name":"Accueil","item":"https:\/\/kapitalis.com\/tunisie\/"},{"@type":"ListItem","position":2,"name":"R\u00e9duction de peine pour le propri\u00e9taire du centre coranique de Regueb"}]},{"@type":"WebSite","@id":"https:\/\/kapitalis.com\/tunisie\/#website","url":"https:\/\/kapitalis.com\/tunisie\/","name":"Kapitalis","description":"L&#039;actualit\u00e9 en Tunisie et dans le monde","publisher":{"@id":"https:\/\/kapitalis.com\/tunisie\/#organization"},"potentialAction":[{"@type":"SearchAction","target":{"@type":"EntryPoint","urlTemplate":"https:\/\/kapitalis.com\/tunisie\/?s={search_term_string}"},"query-input":{"@type":"PropertyValueSpecification","valueRequired":true,"valueName":"search_term_string"}}],"inLanguage":"fr-FR"},{"@type":"Organization","@id":"https:\/\/kapitalis.com\/tunisie\/#organization","name":"Kapitalis","url":"https:\/\/kapitalis.com\/tunisie\/","logo":{"@type":"ImageObject","inLanguage":"fr-FR","@id":"https:\/\/kapitalis.com\/tunisie\/#\/schema\/logo\/image\/","url":"https:\/\/kapitalis.com\/tunisie\/wp-content\/uploads\/2022\/05\/Kapitalis-big-size.png","contentUrl":"https:\/\/kapitalis.com\/tunisie\/wp-content\/uploads\/2022\/05\/Kapitalis-big-size.png","width":5000,"height":1500,"caption":"Kapitalis"},"image":{"@id":"https:\/\/kapitalis.com\/tunisie\/#\/schema\/logo\/image\/"},"sameAs":["https:\/\/www.facebook.com\/KapitalisInfo\/","https:\/\/x.com\/KapitalisInfo","https:\/\/www.youtube.com\/channel\/UC-yDYrHyfFBWWZaOw3FPg9Q"]},{"@type":"Person","@id":"https:\/\/kapitalis.com\/tunisie\/#\/schema\/person\/74bbde0154d49d790a92aaeac5bc01d5","name":"Yusra NY","url":"https:\/\/kapitalis.com\/tunisie\/author\/yuza_adam\/"}]}},"_links":{"self":[{"href":"https:\/\/kapitalis.com\/tunisie\/wp-json\/wp\/v2\/posts\/204938","targetHints":{"allow":["GET"]}}],"collection":[{"href":"https:\/\/kapitalis.com\/tunisie\/wp-json\/wp\/v2\/posts"}],"about":[{"href":"https:\/\/kapitalis.com\/tunisie\/wp-json\/wp\/v2\/types\/post"}],"author":[{"embeddable":true,"href":"https:\/\/kapitalis.com\/tunisie\/wp-json\/wp\/v2\/users\/6"}],"replies":[{"embeddable":true,"href":"https:\/\/kapitalis.com\/tunisie\/wp-json\/wp\/v2\/comments?post=204938"}],"version-history":[{"count":0,"href":"https:\/\/kapitalis.com\/tunisie\/wp-json\/wp\/v2\/posts\/204938\/revisions"}],"wp:attachment":[{"href":"https:\/\/kapitalis.com\/tunisie\/wp-json\/wp\/v2\/media?parent=204938"}],"wp:term":[{"taxonomy":"category","embeddable":true,"href":"https:\/\/kapitalis.com\/tunisie\/wp-json\/wp\/v2\/categories?post=204938"},{"taxonomy":"post_tag","embeddable":true,"href":"https:\/\/kapitalis.com\/tunisie\/wp-json\/wp\/v2\/tags?post=204938"}],"curies":[{"name":"wp","href":"https:\/\/api.w.org\/{rel}","templated":true}]}}