{"id":205170,"date":"2019-04-05T10:26:43","date_gmt":"2019-04-05T09:26:43","guid":{"rendered":"http:\/\/kapitalis.com\/tunisie\/?p=205170"},"modified":"2019-04-05T10:26:43","modified_gmt":"2019-04-05T09:26:43","slug":"sfax-un-cadre-educatif-accuse-de-harcelement-sexuel-sur-des-eleves","status":"publish","type":"post","link":"https:\/\/kapitalis.com\/tunisie\/2019\/04\/05\/sfax-un-cadre-educatif-accuse-de-harcelement-sexuel-sur-des-eleves\/","title":{"rendered":"Sfax : Un cadre \u00e9ducatif accus\u00e9 de harc\u00e8lement sexuel sur des \u00e9l\u00e8ves"},"content":{"rendered":"<p style=\"text-align: center;\"><img loading=\"lazy\" decoding=\"async\" class=\"alignnone size-full wp-image-205179\" src=\"http:\/\/kapitalis.com\/tunisie\/wp-content\/uploads\/2019\/04\/Harcelement-sexuel-eleves-viol.jpg\" alt=\"\" width=\"626\" height=\"380\" \/><\/p>\n<p><em><strong>Le minist\u00e8re public aupr\u00e8s du tribunal de Sfax 1 a ordonn\u00e9 hier, jeudi 4 avril 2019, la mise en d\u00e9tention du surveillant g\u00e9n\u00e9ral d\u2019un lyc\u00e9e \u00e0 El-Hencha, suspect\u00e9 de harc\u00e8lement sexuel sur des \u00e9l\u00e8ves.<\/strong><\/em><!--more--><\/p>\n<p>Sept plaintes ont \u00e9t\u00e9 port\u00e9es en justice apr\u00e8s une alerte de la d\u00e9l\u00e9gation de la protection de l\u2019enfance de la r\u00e9gion, qui a rencontr\u00e9 les victimes pr\u00e9sum\u00e9es. Toutes accusent le surveillant g\u00e9n\u00e9ral de leur parler avec vulgarit\u00e9 et de leur faire des propositions ind\u00e9centes et assurent qu\u2019il les a convoqu\u00e9es dans son bureau, o\u00f9 il les a touch\u00e9es dans des endroits intimes de leur corps.<\/p>\n<p>Des sources ont indiqu\u00e9 que le suspect avait d\u00e9j\u00e0 eu des soucis du m\u00eame ordre et a \u00e9t\u00e9 affect\u00e9 \u00e0 un poste administratif pour r\u00e9duire ses contacts avec les \u00e9l\u00e8ves. Il s\u2019agirait d\u2019un r\u00e9cidiviste mais cette information n\u2019a pas pu \u00eatre v\u00e9rifi\u00e9e.<\/p>\n<p>Rappelons que la ville de Sfax a \u00e9t\u00e9 secou\u00e9e, en mars dernier, par l\u2019affaire de <a href=\"http:\/\/kapitalis.com\/tunisie\/2019\/03\/12\/drame-a-sfax-une-dizaine-de-plaintes-contre-un-instituteur-pour-viol\/\" target=\"_blank\" rel=\"noopener\">l\u2019instituteur M. B.<\/a>, accus\u00e9 d\u2019abus sexuels sur 30 \u00e9l\u00e8ves. Ce dernier est en d\u00e9tention depuis le 8 mars.<\/p>\n<blockquote class=\"wp-embedded-content\" data-secret=\"aIY1A8Fn4x\"><p><a href=\"https:\/\/kapitalis.com\/tunisie\/2019\/03\/12\/instituteur-ecroue-pour-viol-a-sfax-le-nombre-de-victimes-salourdit\/\">Instituteur \u00e9crou\u00e9 pour viol \u00e0 Sfax : Le nombre de victimes s\u2019alourdit<\/a><\/p><\/blockquote>\n<p><iframe loading=\"lazy\" class=\"wp-embedded-content\" sandbox=\"allow-scripts\" security=\"restricted\" style=\"position: absolute; clip: rect(1px, 1px, 1px, 1px);\" title=\"\u00ab\u00a0Instituteur \u00e9crou\u00e9 pour viol \u00e0 Sfax : Le nombre de victimes s\u2019alourdit\u00a0\u00bb &#8212; Kapitalis\" src=\"https:\/\/kapitalis.com\/tunisie\/2019\/03\/12\/instituteur-ecroue-pour-viol-a-sfax-le-nombre-de-victimes-salourdit\/embed\/#?secret=LmW5eYuQJD#?secret=aIY1A8Fn4x\" data-secret=\"aIY1A8Fn4x\" width=\"600\" height=\"338\" frameborder=\"0\" marginwidth=\"0\" marginheight=\"0\" scrolling=\"no\"><\/iframe><\/p>\n<p style=\"text-align: right;\"><strong>Y. N.<\/strong><\/p>\n<blockquote class=\"wp-embedded-content\" data-secret=\"Tz8UWq3gET\"><p><a href=\"https:\/\/kapitalis.com\/tunisie\/2019\/02\/14\/harcelement-sexuel-dune-eleve-le-prof-de-theatre-de-kairouan-juge-coupable\/\">Harc\u00e8lement sexuel d\u2019une \u00e9l\u00e8ve : Le prof de th\u00e9\u00e2tre de Kairouan jug\u00e9 coupable<\/a><\/p><\/blockquote>\n<p><iframe loading=\"lazy\" class=\"wp-embedded-content\" sandbox=\"allow-scripts\" security=\"restricted\" style=\"position: absolute; clip: rect(1px, 1px, 1px, 1px);\" title=\"\u00ab\u00a0Harc\u00e8lement sexuel d\u2019une \u00e9l\u00e8ve : Le prof de th\u00e9\u00e2tre de Kairouan jug\u00e9 coupable\u00a0\u00bb &#8212; Kapitalis\" src=\"https:\/\/kapitalis.com\/tunisie\/2019\/02\/14\/harcelement-sexuel-dune-eleve-le-prof-de-theatre-de-kairouan-juge-coupable\/embed\/#?secret=MaH6mOcegc#?secret=Tz8UWq3gET\" data-secret=\"Tz8UWq3gET\" width=\"600\" height=\"338\" frameborder=\"0\" marginwidth=\"0\" marginheight=\"0\" scrolling=\"no\"><\/iframe><\/p>\n","protected":false},"excerpt":{"rendered":"<p>Le minist\u00e8re public aupr\u00e8s du tribunal de Sfax 1 a ordonn\u00e9 hier, jeudi 4 avril 2019, la mise en d\u00e9tention du surveillant g\u00e9n\u00e9ral d\u2019un lyc\u00e9e \u00e0 El-Hencha, suspect\u00e9 de harc\u00e8lement sexuel sur des \u00e9l\u00e8ves.<\/p>\n","protected":false},"author":6,"featured_media":205179,"comment_status":"open","ping_status":"open","sticky":false,"template":"","format":"standard","meta":{"footnotes":""},"categories":[998,2433],"tags":[315,2153,561,3272,823,6111],"class_list":["post-205170","post","type-post","status-publish","format-standard","has-post-thumbnail","hentry","category-societe","category-tunisie","tag-eleves","tag-harcelement-sexuel","tag-lycee","tag-protection-enfance","tag-sfax","tag-surveillant-general"],"yoast_head":"<!-- This site is optimized with the Yoast SEO plugin v26.6 - https:\/\/yoast.com\/wordpress\/plugins\/seo\/ -->\n<title>Sfax : Un cadre \u00e9ducatif accus\u00e9 de harc\u00e8lement sexuel sur des \u00e9l\u00e8ves - Kapitalis<\/title>\n<meta name=\"robots\" content=\"index, follow, max-snippet:-1, max-image-preview:large, max-video-preview:-1\" \/>\n<link rel=\"canonical\" href=\"https:\/\/kapitalis.com\/tunisie\/2019\/04\/05\/sfax-un-cadre-educatif-accuse-de-harcelement-sexuel-sur-des-eleves\/\" \/>\n<meta property=\"og:locale\" content=\"fr_FR\" \/>\n<meta property=\"og:type\" content=\"article\" \/>\n<meta property=\"og:title\" content=\"Sfax : Un cadre \u00e9ducatif accus\u00e9 de harc\u00e8lement sexuel sur des \u00e9l\u00e8ves - Kapitalis\" \/>\n<meta property=\"og:description\" content=\"Le minist\u00e8re public aupr\u00e8s du tribunal de Sfax 1 a ordonn\u00e9 hier, jeudi 4 avril 2019, la mise en d\u00e9tention du surveillant g\u00e9n\u00e9ral d\u2019un lyc\u00e9e \u00e0 El-Hencha, suspect\u00e9 de harc\u00e8lement sexuel sur des \u00e9l\u00e8ves.\" \/>\n<meta property=\"og:url\" content=\"https:\/\/kapitalis.com\/tunisie\/2019\/04\/05\/sfax-un-cadre-educatif-accuse-de-harcelement-sexuel-sur-des-eleves\/\" \/>\n<meta property=\"og:site_name\" content=\"Kapitalis\" \/>\n<meta property=\"article:publisher\" content=\"https:\/\/www.facebook.com\/KapitalisInfo\/\" \/>\n<meta property=\"article:published_time\" content=\"2019-04-05T09:26:43+00:00\" \/>\n<meta property=\"og:image\" content=\"https:\/\/kapitalis.com\/tunisie\/wp-content\/uploads\/2022\/05\/kapitalis-logo-fb.png\" \/>\n\t<meta property=\"og:image:width\" content=\"1200\" \/>\n\t<meta property=\"og:image:height\" content=\"630\" \/>\n\t<meta property=\"og:image:type\" content=\"image\/png\" \/>\n<meta name=\"author\" content=\"Yusra NY\" \/>\n<meta name=\"twitter:card\" content=\"summary_large_image\" \/>\n<meta name=\"twitter:creator\" content=\"@KapitalisInfo\" \/>\n<meta name=\"twitter:site\" content=\"@KapitalisInfo\" \/>\n<meta name=\"twitter:label1\" content=\"\u00c9crit par\" \/>\n\t<meta name=\"twitter:data1\" content=\"Yusra NY\" \/>\n\t<meta name=\"twitter:label2\" content=\"Dur\u00e9e de lecture estim\u00e9e\" \/>\n\t<meta name=\"twitter:data2\" content=\"1 minute\" \/>\n<script type=\"application\/ld+json\" class=\"yoast-schema-graph\">{\"@context\":\"https:\/\/schema.org\",\"@graph\":[{\"@type\":\"Article\",\"@id\":\"https:\/\/kapitalis.com\/tunisie\/2019\/04\/05\/sfax-un-cadre-educatif-accuse-de-harcelement-sexuel-sur-des-eleves\/#article\",\"isPartOf\":{\"@id\":\"https:\/\/kapitalis.com\/tunisie\/2019\/04\/05\/sfax-un-cadre-educatif-accuse-de-harcelement-sexuel-sur-des-eleves\/\"},\"author\":{\"name\":\"Yusra NY\",\"@id\":\"https:\/\/kapitalis.com\/tunisie\/#\/schema\/person\/74bbde0154d49d790a92aaeac5bc01d5\"},\"headline\":\"Sfax : Un cadre \u00e9ducatif accus\u00e9 de harc\u00e8lement sexuel sur des \u00e9l\u00e8ves\",\"datePublished\":\"2019-04-05T09:26:43+00:00\",\"mainEntityOfPage\":{\"@id\":\"https:\/\/kapitalis.com\/tunisie\/2019\/04\/05\/sfax-un-cadre-educatif-accuse-de-harcelement-sexuel-sur-des-eleves\/\"},\"wordCount\":231,\"commentCount\":0,\"publisher\":{\"@id\":\"https:\/\/kapitalis.com\/tunisie\/#organization\"},\"image\":{\"@id\":\"https:\/\/kapitalis.com\/tunisie\/2019\/04\/05\/sfax-un-cadre-educatif-accuse-de-harcelement-sexuel-sur-des-eleves\/#primaryimage\"},\"thumbnailUrl\":\"\",\"keywords\":[\"\u00e9l\u00e8ves\",\"harc\u00e8lement sexuel\",\"lyc\u00e9e\",\"protection enfance\",\"Sfax\",\"surveillant g\u00e9n\u00e9ral\"],\"articleSection\":[\"SOCIETE\",\"Tunisie\"],\"inLanguage\":\"fr-FR\",\"potentialAction\":[{\"@type\":\"CommentAction\",\"name\":\"Comment\",\"target\":[\"https:\/\/kapitalis.com\/tunisie\/2019\/04\/05\/sfax-un-cadre-educatif-accuse-de-harcelement-sexuel-sur-des-eleves\/#respond\"]}]},{\"@type\":\"WebPage\",\"@id\":\"https:\/\/kapitalis.com\/tunisie\/2019\/04\/05\/sfax-un-cadre-educatif-accuse-de-harcelement-sexuel-sur-des-eleves\/\",\"url\":\"https:\/\/kapitalis.com\/tunisie\/2019\/04\/05\/sfax-un-cadre-educatif-accuse-de-harcelement-sexuel-sur-des-eleves\/\",\"name\":\"Sfax : Un cadre \u00e9ducatif accus\u00e9 de harc\u00e8lement sexuel sur des \u00e9l\u00e8ves - Kapitalis\",\"isPartOf\":{\"@id\":\"https:\/\/kapitalis.com\/tunisie\/#website\"},\"primaryImageOfPage\":{\"@id\":\"https:\/\/kapitalis.com\/tunisie\/2019\/04\/05\/sfax-un-cadre-educatif-accuse-de-harcelement-sexuel-sur-des-eleves\/#primaryimage\"},\"image\":{\"@id\":\"https:\/\/kapitalis.com\/tunisie\/2019\/04\/05\/sfax-un-cadre-educatif-accuse-de-harcelement-sexuel-sur-des-eleves\/#primaryimage\"},\"thumbnailUrl\":\"\",\"datePublished\":\"2019-04-05T09:26:43+00:00\",\"breadcrumb\":{\"@id\":\"https:\/\/kapitalis.com\/tunisie\/2019\/04\/05\/sfax-un-cadre-educatif-accuse-de-harcelement-sexuel-sur-des-eleves\/#breadcrumb\"},\"inLanguage\":\"fr-FR\",\"potentialAction\":[{\"@type\":\"ReadAction\",\"target\":[\"https:\/\/kapitalis.com\/tunisie\/2019\/04\/05\/sfax-un-cadre-educatif-accuse-de-harcelement-sexuel-sur-des-eleves\/\"]}]},{\"@type\":\"ImageObject\",\"inLanguage\":\"fr-FR\",\"@id\":\"https:\/\/kapitalis.com\/tunisie\/2019\/04\/05\/sfax-un-cadre-educatif-accuse-de-harcelement-sexuel-sur-des-eleves\/#primaryimage\",\"url\":\"\",\"contentUrl\":\"\"},{\"@type\":\"BreadcrumbList\",\"@id\":\"https:\/\/kapitalis.com\/tunisie\/2019\/04\/05\/sfax-un-cadre-educatif-accuse-de-harcelement-sexuel-sur-des-eleves\/#breadcrumb\",\"itemListElement\":[{\"@type\":\"ListItem\",\"position\":1,\"name\":\"Accueil\",\"item\":\"https:\/\/kapitalis.com\/tunisie\/\"},{\"@type\":\"ListItem\",\"position\":2,\"name\":\"Sfax : Un cadre \u00e9ducatif accus\u00e9 de harc\u00e8lement sexuel sur des \u00e9l\u00e8ves\"}]},{\"@type\":\"WebSite\",\"@id\":\"https:\/\/kapitalis.com\/tunisie\/#website\",\"url\":\"https:\/\/kapitalis.com\/tunisie\/\",\"name\":\"Kapitalis\",\"description\":\"L&#039;actualit\u00e9 en Tunisie et dans le monde\",\"publisher\":{\"@id\":\"https:\/\/kapitalis.com\/tunisie\/#organization\"},\"potentialAction\":[{\"@type\":\"SearchAction\",\"target\":{\"@type\":\"EntryPoint\",\"urlTemplate\":\"https:\/\/kapitalis.com\/tunisie\/?s={search_term_string}\"},\"query-input\":{\"@type\":\"PropertyValueSpecification\",\"valueRequired\":true,\"valueName\":\"search_term_string\"}}],\"inLanguage\":\"fr-FR\"},{\"@type\":\"Organization\",\"@id\":\"https:\/\/kapitalis.com\/tunisie\/#organization\",\"name\":\"Kapitalis\",\"url\":\"https:\/\/kapitalis.com\/tunisie\/\",\"logo\":{\"@type\":\"ImageObject\",\"inLanguage\":\"fr-FR\",\"@id\":\"https:\/\/kapitalis.com\/tunisie\/#\/schema\/logo\/image\/\",\"url\":\"https:\/\/kapitalis.com\/tunisie\/wp-content\/uploads\/2022\/05\/Kapitalis-big-size.png\",\"contentUrl\":\"https:\/\/kapitalis.com\/tunisie\/wp-content\/uploads\/2022\/05\/Kapitalis-big-size.png\",\"width\":5000,\"height\":1500,\"caption\":\"Kapitalis\"},\"image\":{\"@id\":\"https:\/\/kapitalis.com\/tunisie\/#\/schema\/logo\/image\/\"},\"sameAs\":[\"https:\/\/www.facebook.com\/KapitalisInfo\/\",\"https:\/\/x.com\/KapitalisInfo\",\"https:\/\/www.youtube.com\/channel\/UC-yDYrHyfFBWWZaOw3FPg9Q\"]},{\"@type\":\"Person\",\"@id\":\"https:\/\/kapitalis.com\/tunisie\/#\/schema\/person\/74bbde0154d49d790a92aaeac5bc01d5\",\"name\":\"Yusra NY\",\"url\":\"https:\/\/kapitalis.com\/tunisie\/author\/yuza_adam\/\"}]}<\/script>\n<!-- \/ Yoast SEO plugin. -->","yoast_head_json":{"title":"Sfax : Un cadre \u00e9ducatif accus\u00e9 de harc\u00e8lement sexuel sur des \u00e9l\u00e8ves - Kapitalis","robots":{"index":"index","follow":"follow","max-snippet":"max-snippet:-1","max-image-preview":"max-image-preview:large","max-video-preview":"max-video-preview:-1"},"canonical":"https:\/\/kapitalis.com\/tunisie\/2019\/04\/05\/sfax-un-cadre-educatif-accuse-de-harcelement-sexuel-sur-des-eleves\/","og_locale":"fr_FR","og_type":"article","og_title":"Sfax : Un cadre \u00e9ducatif accus\u00e9 de harc\u00e8lement sexuel sur des \u00e9l\u00e8ves - Kapitalis","og_description":"Le minist\u00e8re public aupr\u00e8s du tribunal de Sfax 1 a ordonn\u00e9 hier, jeudi 4 avril 2019, la mise en d\u00e9tention du surveillant g\u00e9n\u00e9ral d\u2019un lyc\u00e9e \u00e0 El-Hencha, suspect\u00e9 de harc\u00e8lement sexuel sur des \u00e9l\u00e8ves.","og_url":"https:\/\/kapitalis.com\/tunisie\/2019\/04\/05\/sfax-un-cadre-educatif-accuse-de-harcelement-sexuel-sur-des-eleves\/","og_site_name":"Kapitalis","article_publisher":"https:\/\/www.facebook.com\/KapitalisInfo\/","article_published_time":"2019-04-05T09:26:43+00:00","og_image":[{"width":1200,"height":630,"url":"https:\/\/kapitalis.com\/tunisie\/wp-content\/uploads\/2022\/05\/kapitalis-logo-fb.png","type":"image\/png"}],"author":"Yusra NY","twitter_card":"summary_large_image","twitter_creator":"@KapitalisInfo","twitter_site":"@KapitalisInfo","twitter_misc":{"\u00c9crit par":"Yusra NY","Dur\u00e9e de lecture estim\u00e9e":"1 minute"},"schema":{"@context":"https:\/\/schema.org","@graph":[{"@type":"Article","@id":"https:\/\/kapitalis.com\/tunisie\/2019\/04\/05\/sfax-un-cadre-educatif-accuse-de-harcelement-sexuel-sur-des-eleves\/#article","isPartOf":{"@id":"https:\/\/kapitalis.com\/tunisie\/2019\/04\/05\/sfax-un-cadre-educatif-accuse-de-harcelement-sexuel-sur-des-eleves\/"},"author":{"name":"Yusra NY","@id":"https:\/\/kapitalis.com\/tunisie\/#\/schema\/person\/74bbde0154d49d790a92aaeac5bc01d5"},"headline":"Sfax : Un cadre \u00e9ducatif accus\u00e9 de harc\u00e8lement sexuel sur des \u00e9l\u00e8ves","datePublished":"2019-04-05T09:26:43+00:00","mainEntityOfPage":{"@id":"https:\/\/kapitalis.com\/tunisie\/2019\/04\/05\/sfax-un-cadre-educatif-accuse-de-harcelement-sexuel-sur-des-eleves\/"},"wordCount":231,"commentCount":0,"publisher":{"@id":"https:\/\/kapitalis.com\/tunisie\/#organization"},"image":{"@id":"https:\/\/kapitalis.com\/tunisie\/2019\/04\/05\/sfax-un-cadre-educatif-accuse-de-harcelement-sexuel-sur-des-eleves\/#primaryimage"},"thumbnailUrl":"","keywords":["\u00e9l\u00e8ves","harc\u00e8lement sexuel","lyc\u00e9e","protection enfance","Sfax","surveillant g\u00e9n\u00e9ral"],"articleSection":["SOCIETE","Tunisie"],"inLanguage":"fr-FR","potentialAction":[{"@type":"CommentAction","name":"Comment","target":["https:\/\/kapitalis.com\/tunisie\/2019\/04\/05\/sfax-un-cadre-educatif-accuse-de-harcelement-sexuel-sur-des-eleves\/#respond"]}]},{"@type":"WebPage","@id":"https:\/\/kapitalis.com\/tunisie\/2019\/04\/05\/sfax-un-cadre-educatif-accuse-de-harcelement-sexuel-sur-des-eleves\/","url":"https:\/\/kapitalis.com\/tunisie\/2019\/04\/05\/sfax-un-cadre-educatif-accuse-de-harcelement-sexuel-sur-des-eleves\/","name":"Sfax : Un cadre \u00e9ducatif accus\u00e9 de harc\u00e8lement sexuel sur des \u00e9l\u00e8ves - Kapitalis","isPartOf":{"@id":"https:\/\/kapitalis.com\/tunisie\/#website"},"primaryImageOfPage":{"@id":"https:\/\/kapitalis.com\/tunisie\/2019\/04\/05\/sfax-un-cadre-educatif-accuse-de-harcelement-sexuel-sur-des-eleves\/#primaryimage"},"image":{"@id":"https:\/\/kapitalis.com\/tunisie\/2019\/04\/05\/sfax-un-cadre-educatif-accuse-de-harcelement-sexuel-sur-des-eleves\/#primaryimage"},"thumbnailUrl":"","datePublished":"2019-04-05T09:26:43+00:00","breadcrumb":{"@id":"https:\/\/kapitalis.com\/tunisie\/2019\/04\/05\/sfax-un-cadre-educatif-accuse-de-harcelement-sexuel-sur-des-eleves\/#breadcrumb"},"inLanguage":"fr-FR","potentialAction":[{"@type":"ReadAction","target":["https:\/\/kapitalis.com\/tunisie\/2019\/04\/05\/sfax-un-cadre-educatif-accuse-de-harcelement-sexuel-sur-des-eleves\/"]}]},{"@type":"ImageObject","inLanguage":"fr-FR","@id":"https:\/\/kapitalis.com\/tunisie\/2019\/04\/05\/sfax-un-cadre-educatif-accuse-de-harcelement-sexuel-sur-des-eleves\/#primaryimage","url":"","contentUrl":""},{"@type":"BreadcrumbList","@id":"https:\/\/kapitalis.com\/tunisie\/2019\/04\/05\/sfax-un-cadre-educatif-accuse-de-harcelement-sexuel-sur-des-eleves\/#breadcrumb","itemListElement":[{"@type":"ListItem","position":1,"name":"Accueil","item":"https:\/\/kapitalis.com\/tunisie\/"},{"@type":"ListItem","position":2,"name":"Sfax : Un cadre \u00e9ducatif accus\u00e9 de harc\u00e8lement sexuel sur des \u00e9l\u00e8ves"}]},{"@type":"WebSite","@id":"https:\/\/kapitalis.com\/tunisie\/#website","url":"https:\/\/kapitalis.com\/tunisie\/","name":"Kapitalis","description":"L&#039;actualit\u00e9 en Tunisie et dans le monde","publisher":{"@id":"https:\/\/kapitalis.com\/tunisie\/#organization"},"potentialAction":[{"@type":"SearchAction","target":{"@type":"EntryPoint","urlTemplate":"https:\/\/kapitalis.com\/tunisie\/?s={search_term_string}"},"query-input":{"@type":"PropertyValueSpecification","valueRequired":true,"valueName":"search_term_string"}}],"inLanguage":"fr-FR"},{"@type":"Organization","@id":"https:\/\/kapitalis.com\/tunisie\/#organization","name":"Kapitalis","url":"https:\/\/kapitalis.com\/tunisie\/","logo":{"@type":"ImageObject","inLanguage":"fr-FR","@id":"https:\/\/kapitalis.com\/tunisie\/#\/schema\/logo\/image\/","url":"https:\/\/kapitalis.com\/tunisie\/wp-content\/uploads\/2022\/05\/Kapitalis-big-size.png","contentUrl":"https:\/\/kapitalis.com\/tunisie\/wp-content\/uploads\/2022\/05\/Kapitalis-big-size.png","width":5000,"height":1500,"caption":"Kapitalis"},"image":{"@id":"https:\/\/kapitalis.com\/tunisie\/#\/schema\/logo\/image\/"},"sameAs":["https:\/\/www.facebook.com\/KapitalisInfo\/","https:\/\/x.com\/KapitalisInfo","https:\/\/www.youtube.com\/channel\/UC-yDYrHyfFBWWZaOw3FPg9Q"]},{"@type":"Person","@id":"https:\/\/kapitalis.com\/tunisie\/#\/schema\/person\/74bbde0154d49d790a92aaeac5bc01d5","name":"Yusra NY","url":"https:\/\/kapitalis.com\/tunisie\/author\/yuza_adam\/"}]}},"_links":{"self":[{"href":"https:\/\/kapitalis.com\/tunisie\/wp-json\/wp\/v2\/posts\/205170","targetHints":{"allow":["GET"]}}],"collection":[{"href":"https:\/\/kapitalis.com\/tunisie\/wp-json\/wp\/v2\/posts"}],"about":[{"href":"https:\/\/kapitalis.com\/tunisie\/wp-json\/wp\/v2\/types\/post"}],"author":[{"embeddable":true,"href":"https:\/\/kapitalis.com\/tunisie\/wp-json\/wp\/v2\/users\/6"}],"replies":[{"embeddable":true,"href":"https:\/\/kapitalis.com\/tunisie\/wp-json\/wp\/v2\/comments?post=205170"}],"version-history":[{"count":0,"href":"https:\/\/kapitalis.com\/tunisie\/wp-json\/wp\/v2\/posts\/205170\/revisions"}],"wp:featuredmedia":[{"embeddable":true,"href":"https:\/\/kapitalis.com\/tunisie\/wp-json\/wp\/v2\/media\/205179"}],"wp:attachment":[{"href":"https:\/\/kapitalis.com\/tunisie\/wp-json\/wp\/v2\/media?parent=205170"}],"wp:term":[{"taxonomy":"category","embeddable":true,"href":"https:\/\/kapitalis.com\/tunisie\/wp-json\/wp\/v2\/categories?post=205170"},{"taxonomy":"post_tag","embeddable":true,"href":"https:\/\/kapitalis.com\/tunisie\/wp-json\/wp\/v2\/tags?post=205170"}],"curies":[{"name":"wp","href":"https:\/\/api.w.org\/{rel}","templated":true}]}}