{"id":205670,"date":"2019-04-08T15:48:36","date_gmt":"2019-04-08T14:48:36","guid":{"rendered":"http:\/\/kapitalis.com\/tunisie\/?p=205670"},"modified":"2019-04-08T15:48:36","modified_gmt":"2019-04-08T14:48:36","slug":"tunisie-quel-avenir-pour-les-cooperatives-agricoles","status":"publish","type":"post","link":"https:\/\/kapitalis.com\/tunisie\/2019\/04\/08\/tunisie-quel-avenir-pour-les-cooperatives-agricoles\/","title":{"rendered":"Tunisie : Quel avenir pour les coop\u00e9ratives agricoles?"},"content":{"rendered":"<p><img loading=\"lazy\" decoding=\"async\" class=\"aligncenter size-full wp-image-205675\" src=\"http:\/\/kapitalis.com\/tunisie\/wp-content\/uploads\/2019\/04\/cooperatives-agricoles.jpg\" alt=\"\" width=\"626\" height=\"380\" \/><\/p>\n<p><strong><em>Tel est l\u2019intitul\u00e9 de l\u2019\u00e9tude publi\u00e9e en 2019, par l\u2019Organisation des Nations Unies pour l\u2019alimentation et l\u2019agriculture (FAO), qui tente d\u2019\u00e9valuer les opportunit\u00e9s et les contraintes li\u00e9es au d\u00e9veloppement des coop\u00e9ratives agricoles en Tunisie.<\/em><\/strong><\/p>\n<p><!--more--><\/p>\n<p>Cette \u00e9tude\u00a0r\u00e9alis\u00e9e dans le cadre de la coop\u00e9ration entre la <em>FAO<\/em>, et la <em>Banque europ\u00e9enne pour la reconstruction et le d\u00e9veloppement<\/em> (<em>Berd<\/em>), arrive \u00e0 un moment charni\u00e8re dans l\u2019\u00e9volution du secteur coop\u00e9ratif en Tunisie.<\/p>\n<p>Elle s\u2019adresse aux d\u00e9cideurs politiques et \u00e0 leurs partenaires au d\u00e9veloppement, et vise \u00e0 apporter des r\u00e9ponses \u00e0 la question fondamentale suivante: les coop\u00e9ratives agricoles tunisiennes peuvent-elles devenir un moteur de l\u2019investissement agricole et de la transformation rurale\u00a0? Et \u00e0 quelles conditions?<\/p>\n<p>De la r\u00e9ponse qui sera apport\u00e9e \u00e0 cette question d\u00e9pendra aussi, en grande partie, le sort de la petite agriculture familiale et, plus g\u00e9n\u00e9ralement, celui des ambitions de d\u00e9veloppement territorial \u00e9quitable et durable en Tunisie.<\/p>\n<p>Les coop\u00e9ratives en Tunisie, comme dans beaucoup de pays \u00e9mergents, ainsi que les autres formes d\u2019associations de producteurs, ont \u00e9t\u00e9 principalement cr\u00e9\u00e9es \u00e0 l\u2019initiative de l\u2019\u00c9tat comme v\u00e9hicules pour faciliter la mise en \u0153uvre des strat\u00e9gies de d\u00e9veloppement.<\/p>\n<p>Malgr\u00e9 la multiplicit\u00e9 des soutiens publics qu\u2019elles re\u00e7oivent, ces coop\u00e9ratives souffrent, dans leur ensemble, d\u2019insuffisances structurelles ne leur permettant pas de remplir leur r\u00f4le potentiel dans le d\u00e9veloppement agricole, et la r\u00e9duction de la pauvret\u00e9 rurale. Elles ne repr\u00e9sentent aujourd\u2019hui que 6% des agriculteurs et seules 10% d\u2019entre elles, peuvent \u00eatre consid\u00e9r\u00e9es comme des r\u00e9ussites.<\/p>\n<p>L\u2019incidence de la pauvret\u00e9 rurale, qui a r\u00e9gress\u00e9 mais demeure \u00e0 23%, plus de 2 fois plus \u00e9lev\u00e9e que celle de la pauvret\u00e9 urbaine (9%), la fragmentation de notre secteur agricole, les cons\u00e9quences pr\u00e9visibles du changement climatique, et la lib\u00e9ralisation progressive du march\u00e9 int\u00e9rieur, \u00e9rendent la relance du secteur coop\u00e9ratif plus que jamais opportune.<\/p>\n<p>Aussi, les autorit\u00e9s et leurs partenaires entendent-ils promouvoir un grand mouvement d\u2019adh\u00e9sion coop\u00e9rative dans le cadre du plan de d\u00e9veloppement 2016-2020, et ont lanc\u00e9 des r\u00e9formes institutionnelles et financi\u00e8res, visant \u00e0 cr\u00e9er un environnement favorable \u00e0 l\u2019investissement priv\u00e9 et coop\u00e9ratif, dans le secteur agricole et rural.<\/p>\n<p>Par ailleurs, la r\u00e9volution de 2011 a probablement ouvert un espace pour l\u2019\u00e9mergence d\u2019un secteur coop\u00e9ratif autonome, qui serait soutenu par l\u2019Etat, au travers d\u2019une relation de partenariat et non plus de tutelle. La nouvelle loi-cadre sur <em>l\u2019<\/em><a href=\"http:\/\/www.emploi.gov.tn\" target=\"_blank\" rel=\"noopener\"><em>\u00e9conomie sociale et solidaire<\/em><\/a>, pourrait constituer une opportunit\u00e9 id\u00e9ale pour pr\u00e9ciser les conditions de ce partenariat.<\/p>\n<p><strong><em>Source\u00a0:<\/em><\/strong> <a href=\"http:\/\/www.fao.org\/3\/ca2848fr\/CA2848FR.pdf\" target=\"_blank\" rel=\"noopener\">FAO<\/a><\/p>\n","protected":false},"excerpt":{"rendered":"<p>Tel est l\u2019intitul\u00e9 de l\u2019\u00e9tude publi\u00e9e en 2019, par l\u2019Organisation des Nations Unies pour l\u2019alimentation et l\u2019agriculture (FAO), qui tente d\u2019\u00e9valuer les opportunit\u00e9s et les contraintes li\u00e9es au d\u00e9veloppement des coop\u00e9ratives agricoles en Tunisie.<\/p>\n","protected":false},"author":22,"featured_media":205675,"comment_status":"open","ping_status":"open","sticky":false,"template":"","format":"standard","meta":{"footnotes":""},"categories":[995,2433],"tags":[1952,18180,7310],"class_list":["post-205670","post","type-post","status-publish","format-standard","has-post-thumbnail","hentry","category-economie","category-tunisie","tag-berd","tag-economie-sociale-et-solidaire","tag-fao"],"yoast_head":"<!-- This site is optimized with the Yoast SEO plugin v26.6 - https:\/\/yoast.com\/wordpress\/plugins\/seo\/ -->\n<title>Tunisie : Quel avenir pour les coop\u00e9ratives agricoles? - Kapitalis<\/title>\n<meta name=\"robots\" content=\"index, follow, max-snippet:-1, max-image-preview:large, max-video-preview:-1\" \/>\n<link rel=\"canonical\" href=\"https:\/\/kapitalis.com\/tunisie\/2019\/04\/08\/tunisie-quel-avenir-pour-les-cooperatives-agricoles\/\" \/>\n<meta property=\"og:locale\" content=\"fr_FR\" \/>\n<meta property=\"og:type\" content=\"article\" \/>\n<meta property=\"og:title\" content=\"Tunisie : Quel avenir pour les coop\u00e9ratives agricoles? - Kapitalis\" \/>\n<meta property=\"og:description\" content=\"Tel est l\u2019intitul\u00e9 de l\u2019\u00e9tude publi\u00e9e en 2019, par l\u2019Organisation des Nations Unies pour l\u2019alimentation et l\u2019agriculture (FAO), qui tente d\u2019\u00e9valuer les opportunit\u00e9s et les contraintes li\u00e9es au d\u00e9veloppement des coop\u00e9ratives agricoles en Tunisie.\" \/>\n<meta property=\"og:url\" content=\"https:\/\/kapitalis.com\/tunisie\/2019\/04\/08\/tunisie-quel-avenir-pour-les-cooperatives-agricoles\/\" \/>\n<meta property=\"og:site_name\" content=\"Kapitalis\" \/>\n<meta property=\"article:publisher\" content=\"https:\/\/www.facebook.com\/KapitalisInfo\/\" \/>\n<meta property=\"article:published_time\" content=\"2019-04-08T14:48:36+00:00\" \/>\n<meta property=\"og:image\" content=\"https:\/\/kapitalis.com\/tunisie\/wp-content\/uploads\/2022\/05\/kapitalis-logo-fb.png\" \/>\n\t<meta property=\"og:image:width\" content=\"1200\" \/>\n\t<meta property=\"og:image:height\" content=\"630\" \/>\n\t<meta property=\"og:image:type\" content=\"image\/png\" \/>\n<meta name=\"author\" content=\"Amina Mkada\" \/>\n<meta name=\"twitter:card\" content=\"summary_large_image\" \/>\n<meta name=\"twitter:creator\" content=\"@KapitalisInfo\" \/>\n<meta name=\"twitter:site\" content=\"@KapitalisInfo\" \/>\n<meta name=\"twitter:label1\" content=\"\u00c9crit par\" \/>\n\t<meta name=\"twitter:data1\" content=\"Amina Mkada\" \/>\n\t<meta name=\"twitter:label2\" content=\"Dur\u00e9e de lecture estim\u00e9e\" \/>\n\t<meta name=\"twitter:data2\" content=\"2 minutes\" \/>\n<script type=\"application\/ld+json\" class=\"yoast-schema-graph\">{\"@context\":\"https:\/\/schema.org\",\"@graph\":[{\"@type\":\"Article\",\"@id\":\"https:\/\/kapitalis.com\/tunisie\/2019\/04\/08\/tunisie-quel-avenir-pour-les-cooperatives-agricoles\/#article\",\"isPartOf\":{\"@id\":\"https:\/\/kapitalis.com\/tunisie\/2019\/04\/08\/tunisie-quel-avenir-pour-les-cooperatives-agricoles\/\"},\"author\":{\"name\":\"Amina Mkada\",\"@id\":\"https:\/\/kapitalis.com\/tunisie\/#\/schema\/person\/093913313d3017554cb3ad077fff3fbd\"},\"headline\":\"Tunisie : Quel avenir pour les coop\u00e9ratives agricoles?\",\"datePublished\":\"2019-04-08T14:48:36+00:00\",\"mainEntityOfPage\":{\"@id\":\"https:\/\/kapitalis.com\/tunisie\/2019\/04\/08\/tunisie-quel-avenir-pour-les-cooperatives-agricoles\/\"},\"wordCount\":464,\"commentCount\":0,\"publisher\":{\"@id\":\"https:\/\/kapitalis.com\/tunisie\/#organization\"},\"image\":{\"@id\":\"https:\/\/kapitalis.com\/tunisie\/2019\/04\/08\/tunisie-quel-avenir-pour-les-cooperatives-agricoles\/#primaryimage\"},\"thumbnailUrl\":\"\",\"keywords\":[\"Berd\",\"\u00e9conomie sociale et solidaire\",\"FAO\"],\"articleSection\":[\"ECONOMIE\",\"Tunisie\"],\"inLanguage\":\"fr-FR\",\"potentialAction\":[{\"@type\":\"CommentAction\",\"name\":\"Comment\",\"target\":[\"https:\/\/kapitalis.com\/tunisie\/2019\/04\/08\/tunisie-quel-avenir-pour-les-cooperatives-agricoles\/#respond\"]}]},{\"@type\":\"WebPage\",\"@id\":\"https:\/\/kapitalis.com\/tunisie\/2019\/04\/08\/tunisie-quel-avenir-pour-les-cooperatives-agricoles\/\",\"url\":\"https:\/\/kapitalis.com\/tunisie\/2019\/04\/08\/tunisie-quel-avenir-pour-les-cooperatives-agricoles\/\",\"name\":\"Tunisie : Quel avenir pour les coop\u00e9ratives agricoles? - Kapitalis\",\"isPartOf\":{\"@id\":\"https:\/\/kapitalis.com\/tunisie\/#website\"},\"primaryImageOfPage\":{\"@id\":\"https:\/\/kapitalis.com\/tunisie\/2019\/04\/08\/tunisie-quel-avenir-pour-les-cooperatives-agricoles\/#primaryimage\"},\"image\":{\"@id\":\"https:\/\/kapitalis.com\/tunisie\/2019\/04\/08\/tunisie-quel-avenir-pour-les-cooperatives-agricoles\/#primaryimage\"},\"thumbnailUrl\":\"\",\"datePublished\":\"2019-04-08T14:48:36+00:00\",\"breadcrumb\":{\"@id\":\"https:\/\/kapitalis.com\/tunisie\/2019\/04\/08\/tunisie-quel-avenir-pour-les-cooperatives-agricoles\/#breadcrumb\"},\"inLanguage\":\"fr-FR\",\"potentialAction\":[{\"@type\":\"ReadAction\",\"target\":[\"https:\/\/kapitalis.com\/tunisie\/2019\/04\/08\/tunisie-quel-avenir-pour-les-cooperatives-agricoles\/\"]}]},{\"@type\":\"ImageObject\",\"inLanguage\":\"fr-FR\",\"@id\":\"https:\/\/kapitalis.com\/tunisie\/2019\/04\/08\/tunisie-quel-avenir-pour-les-cooperatives-agricoles\/#primaryimage\",\"url\":\"\",\"contentUrl\":\"\"},{\"@type\":\"BreadcrumbList\",\"@id\":\"https:\/\/kapitalis.com\/tunisie\/2019\/04\/08\/tunisie-quel-avenir-pour-les-cooperatives-agricoles\/#breadcrumb\",\"itemListElement\":[{\"@type\":\"ListItem\",\"position\":1,\"name\":\"Accueil\",\"item\":\"https:\/\/kapitalis.com\/tunisie\/\"},{\"@type\":\"ListItem\",\"position\":2,\"name\":\"Tunisie : Quel avenir pour les coop\u00e9ratives agricoles?\"}]},{\"@type\":\"WebSite\",\"@id\":\"https:\/\/kapitalis.com\/tunisie\/#website\",\"url\":\"https:\/\/kapitalis.com\/tunisie\/\",\"name\":\"Kapitalis\",\"description\":\"L&#039;actualit\u00e9 en Tunisie et dans le monde\",\"publisher\":{\"@id\":\"https:\/\/kapitalis.com\/tunisie\/#organization\"},\"potentialAction\":[{\"@type\":\"SearchAction\",\"target\":{\"@type\":\"EntryPoint\",\"urlTemplate\":\"https:\/\/kapitalis.com\/tunisie\/?s={search_term_string}\"},\"query-input\":{\"@type\":\"PropertyValueSpecification\",\"valueRequired\":true,\"valueName\":\"search_term_string\"}}],\"inLanguage\":\"fr-FR\"},{\"@type\":\"Organization\",\"@id\":\"https:\/\/kapitalis.com\/tunisie\/#organization\",\"name\":\"Kapitalis\",\"url\":\"https:\/\/kapitalis.com\/tunisie\/\",\"logo\":{\"@type\":\"ImageObject\",\"inLanguage\":\"fr-FR\",\"@id\":\"https:\/\/kapitalis.com\/tunisie\/#\/schema\/logo\/image\/\",\"url\":\"https:\/\/kapitalis.com\/tunisie\/wp-content\/uploads\/2022\/05\/Kapitalis-big-size.png\",\"contentUrl\":\"https:\/\/kapitalis.com\/tunisie\/wp-content\/uploads\/2022\/05\/Kapitalis-big-size.png\",\"width\":5000,\"height\":1500,\"caption\":\"Kapitalis\"},\"image\":{\"@id\":\"https:\/\/kapitalis.com\/tunisie\/#\/schema\/logo\/image\/\"},\"sameAs\":[\"https:\/\/www.facebook.com\/KapitalisInfo\/\",\"https:\/\/x.com\/KapitalisInfo\",\"https:\/\/www.youtube.com\/channel\/UC-yDYrHyfFBWWZaOw3FPg9Q\"]},{\"@type\":\"Person\",\"@id\":\"https:\/\/kapitalis.com\/tunisie\/#\/schema\/person\/093913313d3017554cb3ad077fff3fbd\",\"name\":\"Amina Mkada\",\"url\":\"https:\/\/kapitalis.com\/tunisie\/author\/amina\/\"}]}<\/script>\n<!-- \/ Yoast SEO plugin. -->","yoast_head_json":{"title":"Tunisie : Quel avenir pour les coop\u00e9ratives agricoles? - Kapitalis","robots":{"index":"index","follow":"follow","max-snippet":"max-snippet:-1","max-image-preview":"max-image-preview:large","max-video-preview":"max-video-preview:-1"},"canonical":"https:\/\/kapitalis.com\/tunisie\/2019\/04\/08\/tunisie-quel-avenir-pour-les-cooperatives-agricoles\/","og_locale":"fr_FR","og_type":"article","og_title":"Tunisie : Quel avenir pour les coop\u00e9ratives agricoles? - Kapitalis","og_description":"Tel est l\u2019intitul\u00e9 de l\u2019\u00e9tude publi\u00e9e en 2019, par l\u2019Organisation des Nations Unies pour l\u2019alimentation et l\u2019agriculture (FAO), qui tente d\u2019\u00e9valuer les opportunit\u00e9s et les contraintes li\u00e9es au d\u00e9veloppement des coop\u00e9ratives agricoles en Tunisie.","og_url":"https:\/\/kapitalis.com\/tunisie\/2019\/04\/08\/tunisie-quel-avenir-pour-les-cooperatives-agricoles\/","og_site_name":"Kapitalis","article_publisher":"https:\/\/www.facebook.com\/KapitalisInfo\/","article_published_time":"2019-04-08T14:48:36+00:00","og_image":[{"width":1200,"height":630,"url":"https:\/\/kapitalis.com\/tunisie\/wp-content\/uploads\/2022\/05\/kapitalis-logo-fb.png","type":"image\/png"}],"author":"Amina Mkada","twitter_card":"summary_large_image","twitter_creator":"@KapitalisInfo","twitter_site":"@KapitalisInfo","twitter_misc":{"\u00c9crit par":"Amina Mkada","Dur\u00e9e de lecture estim\u00e9e":"2 minutes"},"schema":{"@context":"https:\/\/schema.org","@graph":[{"@type":"Article","@id":"https:\/\/kapitalis.com\/tunisie\/2019\/04\/08\/tunisie-quel-avenir-pour-les-cooperatives-agricoles\/#article","isPartOf":{"@id":"https:\/\/kapitalis.com\/tunisie\/2019\/04\/08\/tunisie-quel-avenir-pour-les-cooperatives-agricoles\/"},"author":{"name":"Amina Mkada","@id":"https:\/\/kapitalis.com\/tunisie\/#\/schema\/person\/093913313d3017554cb3ad077fff3fbd"},"headline":"Tunisie : Quel avenir pour les coop\u00e9ratives agricoles?","datePublished":"2019-04-08T14:48:36+00:00","mainEntityOfPage":{"@id":"https:\/\/kapitalis.com\/tunisie\/2019\/04\/08\/tunisie-quel-avenir-pour-les-cooperatives-agricoles\/"},"wordCount":464,"commentCount":0,"publisher":{"@id":"https:\/\/kapitalis.com\/tunisie\/#organization"},"image":{"@id":"https:\/\/kapitalis.com\/tunisie\/2019\/04\/08\/tunisie-quel-avenir-pour-les-cooperatives-agricoles\/#primaryimage"},"thumbnailUrl":"","keywords":["Berd","\u00e9conomie sociale et solidaire","FAO"],"articleSection":["ECONOMIE","Tunisie"],"inLanguage":"fr-FR","potentialAction":[{"@type":"CommentAction","name":"Comment","target":["https:\/\/kapitalis.com\/tunisie\/2019\/04\/08\/tunisie-quel-avenir-pour-les-cooperatives-agricoles\/#respond"]}]},{"@type":"WebPage","@id":"https:\/\/kapitalis.com\/tunisie\/2019\/04\/08\/tunisie-quel-avenir-pour-les-cooperatives-agricoles\/","url":"https:\/\/kapitalis.com\/tunisie\/2019\/04\/08\/tunisie-quel-avenir-pour-les-cooperatives-agricoles\/","name":"Tunisie : Quel avenir pour les coop\u00e9ratives agricoles? - Kapitalis","isPartOf":{"@id":"https:\/\/kapitalis.com\/tunisie\/#website"},"primaryImageOfPage":{"@id":"https:\/\/kapitalis.com\/tunisie\/2019\/04\/08\/tunisie-quel-avenir-pour-les-cooperatives-agricoles\/#primaryimage"},"image":{"@id":"https:\/\/kapitalis.com\/tunisie\/2019\/04\/08\/tunisie-quel-avenir-pour-les-cooperatives-agricoles\/#primaryimage"},"thumbnailUrl":"","datePublished":"2019-04-08T14:48:36+00:00","breadcrumb":{"@id":"https:\/\/kapitalis.com\/tunisie\/2019\/04\/08\/tunisie-quel-avenir-pour-les-cooperatives-agricoles\/#breadcrumb"},"inLanguage":"fr-FR","potentialAction":[{"@type":"ReadAction","target":["https:\/\/kapitalis.com\/tunisie\/2019\/04\/08\/tunisie-quel-avenir-pour-les-cooperatives-agricoles\/"]}]},{"@type":"ImageObject","inLanguage":"fr-FR","@id":"https:\/\/kapitalis.com\/tunisie\/2019\/04\/08\/tunisie-quel-avenir-pour-les-cooperatives-agricoles\/#primaryimage","url":"","contentUrl":""},{"@type":"BreadcrumbList","@id":"https:\/\/kapitalis.com\/tunisie\/2019\/04\/08\/tunisie-quel-avenir-pour-les-cooperatives-agricoles\/#breadcrumb","itemListElement":[{"@type":"ListItem","position":1,"name":"Accueil","item":"https:\/\/kapitalis.com\/tunisie\/"},{"@type":"ListItem","position":2,"name":"Tunisie : Quel avenir pour les coop\u00e9ratives agricoles?"}]},{"@type":"WebSite","@id":"https:\/\/kapitalis.com\/tunisie\/#website","url":"https:\/\/kapitalis.com\/tunisie\/","name":"Kapitalis","description":"L&#039;actualit\u00e9 en Tunisie et dans le monde","publisher":{"@id":"https:\/\/kapitalis.com\/tunisie\/#organization"},"potentialAction":[{"@type":"SearchAction","target":{"@type":"EntryPoint","urlTemplate":"https:\/\/kapitalis.com\/tunisie\/?s={search_term_string}"},"query-input":{"@type":"PropertyValueSpecification","valueRequired":true,"valueName":"search_term_string"}}],"inLanguage":"fr-FR"},{"@type":"Organization","@id":"https:\/\/kapitalis.com\/tunisie\/#organization","name":"Kapitalis","url":"https:\/\/kapitalis.com\/tunisie\/","logo":{"@type":"ImageObject","inLanguage":"fr-FR","@id":"https:\/\/kapitalis.com\/tunisie\/#\/schema\/logo\/image\/","url":"https:\/\/kapitalis.com\/tunisie\/wp-content\/uploads\/2022\/05\/Kapitalis-big-size.png","contentUrl":"https:\/\/kapitalis.com\/tunisie\/wp-content\/uploads\/2022\/05\/Kapitalis-big-size.png","width":5000,"height":1500,"caption":"Kapitalis"},"image":{"@id":"https:\/\/kapitalis.com\/tunisie\/#\/schema\/logo\/image\/"},"sameAs":["https:\/\/www.facebook.com\/KapitalisInfo\/","https:\/\/x.com\/KapitalisInfo","https:\/\/www.youtube.com\/channel\/UC-yDYrHyfFBWWZaOw3FPg9Q"]},{"@type":"Person","@id":"https:\/\/kapitalis.com\/tunisie\/#\/schema\/person\/093913313d3017554cb3ad077fff3fbd","name":"Amina Mkada","url":"https:\/\/kapitalis.com\/tunisie\/author\/amina\/"}]}},"_links":{"self":[{"href":"https:\/\/kapitalis.com\/tunisie\/wp-json\/wp\/v2\/posts\/205670","targetHints":{"allow":["GET"]}}],"collection":[{"href":"https:\/\/kapitalis.com\/tunisie\/wp-json\/wp\/v2\/posts"}],"about":[{"href":"https:\/\/kapitalis.com\/tunisie\/wp-json\/wp\/v2\/types\/post"}],"author":[{"embeddable":true,"href":"https:\/\/kapitalis.com\/tunisie\/wp-json\/wp\/v2\/users\/22"}],"replies":[{"embeddable":true,"href":"https:\/\/kapitalis.com\/tunisie\/wp-json\/wp\/v2\/comments?post=205670"}],"version-history":[{"count":0,"href":"https:\/\/kapitalis.com\/tunisie\/wp-json\/wp\/v2\/posts\/205670\/revisions"}],"wp:featuredmedia":[{"embeddable":true,"href":"https:\/\/kapitalis.com\/tunisie\/wp-json\/wp\/v2\/media\/205675"}],"wp:attachment":[{"href":"https:\/\/kapitalis.com\/tunisie\/wp-json\/wp\/v2\/media?parent=205670"}],"wp:term":[{"taxonomy":"category","embeddable":true,"href":"https:\/\/kapitalis.com\/tunisie\/wp-json\/wp\/v2\/categories?post=205670"},{"taxonomy":"post_tag","embeddable":true,"href":"https:\/\/kapitalis.com\/tunisie\/wp-json\/wp\/v2\/tags?post=205670"}],"curies":[{"name":"wp","href":"https:\/\/api.w.org\/{rel}","templated":true}]}}