{"id":205762,"date":"2019-04-09T09:41:37","date_gmt":"2019-04-09T08:41:37","guid":{"rendered":"http:\/\/kapitalis.com\/tunisie\/?p=205762"},"modified":"2019-04-09T09:41:37","modified_gmt":"2019-04-09T08:41:37","slug":"lasl-reitere-son-opposition-au-projet-de-loi-reorganisant-letat-durgence","status":"publish","type":"post","link":"https:\/\/kapitalis.com\/tunisie\/2019\/04\/09\/lasl-reitere-son-opposition-au-projet-de-loi-reorganisant-letat-durgence\/","title":{"rendered":"L\u2019ASL r\u00e9it\u00e8re son opposition au projet de loi r\u00e9organisant l\u2019\u00e9tat d\u2019urgence"},"content":{"rendered":"<p style=\"text-align: center;\"><img loading=\"lazy\" decoding=\"async\" class=\"alignnone size-full wp-image-205764\" src=\"http:\/\/kapitalis.com\/tunisie\/wp-content\/uploads\/2019\/04\/Etat-urgence-ASL.jpg\" alt=\"\" width=\"626\" height=\"380\" \/><\/p>\n<p><em><strong>Les associations membres de l\u2019Alliance pour la s\u00e9curit\u00e9 et les libert\u00e9s (ASL) renouvellent, dans un communiqu\u00e9 publi\u00e9 le 8 avril 2019, leur opposition \u00e0 l\u2019\u00e9gard du projet de loi portant organisation de l\u2019\u00e9tat d\u2019urgence pr\u00e9sent\u00e9 par la Pr\u00e9sidence de la R\u00e9publique.<\/strong> <\/em><\/p>\n<p><!--more--><\/p>\n<p>Suite \u00e0 la r\u00e9union du Conseil de s\u00e9curit\u00e9 nationale du 5 avril 2019, et \u00e0 la d\u00e9claration de l\u2019\u00e9tat d\u2019urgence, approuv\u00e9e par le pr\u00e9sident de la R\u00e9publique pour une p\u00e9riode d\u2019un mois, les associations membres de l\u2019ASL rappellent la d\u00e9claration du chef de l\u2019Etat faite lors de l\u2019avant- derni\u00e8re r\u00e9union du Conseil de s\u00e9curit\u00e9 nationale, le 11 mars 2019, au cours de laquelle, il a insist\u00e9 sur <em>\u00abl\u2019inconstitutionnalit\u00e9 du d\u00e9cret n\u00b050 de l\u2019ann\u00e9e 1978 r\u00e9glementant l\u2019\u00e9tat d\u2019urgence et son intention \u00e0 ne plus le d\u00e9clarer \u00e0 compter du 4 avril 2019 par respect de la Constitution et de sa primaut\u00e9.\u00bb<\/em><\/p>\n<p>Et tout renouvelant leur opposition \u00e0 l\u2019\u00e9gard du projet de loi portant organisation de l\u2019\u00e9tat d\u2019urgence pr\u00e9sent\u00e9 par la Pr\u00e9sidence de la R\u00e9publique,<em> \u00abqui constitue, dans sa version actuelle, un outil pour restreindre les droits et les libert\u00e9s fondamentales des citoyens et pour raser et violer les garanties constitutionnelles\u00bb<\/em>, les associations membres d\u2019ASL appellent \u00e9galement les d\u00e9put\u00e9s <em>\u00ab\u00e0 ne pas adopter le projet de loi tel qu\u2019il a \u00e9t\u00e9 pr\u00e9sent\u00e9 et \u00e0 apporter les amendements de fond n\u00e9cessaires afin de le rendre conforme \u00e0 la Constitution tunisienne et aux conventions internationales.\u00bb<\/em><\/p>\n<p>En outre, les associations signataires \u2013 \u00e0 savoir Al Bawsala, Avocats Sans Fronti\u00e8res, Forum tunisien des droits \u00e9conomiques et sociaux, Jamaity, Mobdiun, Organisation mondiale contre la torture, Psychologues du Monde, Solidar Tunisie \u2013 confirment que <em>\u00able maintien de la s\u00e9curit\u00e9 et de la s\u00fbret\u00e9 du pays n\u2019implique pas la violation des droits et libert\u00e9s des citoyens et ne peut en aucun cas nuire aux acquis constitutionnels, notamment en ayant recours \u00e0 des proc\u00e9dures administratives arbitraires.\u00bb<\/em><\/p>\n<p style=\"text-align: right;\"><strong>I. B.<\/strong><\/p>\n<blockquote class=\"wp-embedded-content\" data-secret=\"mDJq2EsBUs\"><p><a href=\"https:\/\/kapitalis.com\/tunisie\/2019\/04\/05\/evenements-en-libye-prolongation-de-letat-durgence-en-tunisie\/\">Ev\u00e9nements en Libye : Prolongation de l&rsquo;\u00e9tat d&rsquo;urgence en Tunisie<\/a><\/p><\/blockquote>\n<p><iframe loading=\"lazy\" class=\"wp-embedded-content\" sandbox=\"allow-scripts\" security=\"restricted\" style=\"position: absolute; clip: rect(1px, 1px, 1px, 1px);\" title=\"\u00ab\u00a0Ev\u00e9nements en Libye : Prolongation de l&rsquo;\u00e9tat d&rsquo;urgence en Tunisie\u00a0\u00bb &#8212; Kapitalis\" src=\"https:\/\/kapitalis.com\/tunisie\/2019\/04\/05\/evenements-en-libye-prolongation-de-letat-durgence-en-tunisie\/embed\/#?secret=nFdyozulEN#?secret=mDJq2EsBUs\" data-secret=\"mDJq2EsBUs\" width=\"600\" height=\"338\" frameborder=\"0\" marginwidth=\"0\" marginheight=\"0\" scrolling=\"no\"><\/iframe><\/p>\n","protected":false},"excerpt":{"rendered":"<p>Les associations membres de l\u2019Alliance pour la s\u00e9curit\u00e9 et les libert\u00e9s (ASL) renouvellent, dans un communiqu\u00e9 publi\u00e9 le 8 avril 2019, leur opposition \u00e0 l\u2019\u00e9gard du projet de loi portant organisation de l\u2019\u00e9tat d\u2019urgence pr\u00e9sent\u00e9 par la Pr\u00e9sidence de la R\u00e9publique.<\/p>\n","protected":false},"author":8,"featured_media":205764,"comment_status":"open","ping_status":"open","sticky":false,"template":"","format":"standard","meta":{"footnotes":""},"categories":[997,2433],"tags":[3669,2948],"class_list":["post-205762","post","type-post","status-publish","format-standard","has-post-thumbnail","hentry","category-politique","category-tunisie","tag-al-bawsala","tag-etat-durgence"],"yoast_head":"<!-- This site is optimized with the Yoast SEO plugin v26.6 - https:\/\/yoast.com\/wordpress\/plugins\/seo\/ -->\n<title>L\u2019ASL r\u00e9it\u00e8re son opposition au projet de loi r\u00e9organisant l\u2019\u00e9tat d\u2019urgence - Kapitalis<\/title>\n<meta name=\"robots\" content=\"index, follow, max-snippet:-1, max-image-preview:large, max-video-preview:-1\" \/>\n<link rel=\"canonical\" href=\"https:\/\/kapitalis.com\/tunisie\/2019\/04\/09\/lasl-reitere-son-opposition-au-projet-de-loi-reorganisant-letat-durgence\/\" \/>\n<meta property=\"og:locale\" content=\"fr_FR\" \/>\n<meta property=\"og:type\" content=\"article\" \/>\n<meta property=\"og:title\" content=\"L\u2019ASL r\u00e9it\u00e8re son opposition au projet de loi r\u00e9organisant l\u2019\u00e9tat d\u2019urgence - Kapitalis\" \/>\n<meta property=\"og:description\" content=\"Les associations membres de l\u2019Alliance pour la s\u00e9curit\u00e9 et les libert\u00e9s (ASL) renouvellent, dans un communiqu\u00e9 publi\u00e9 le 8 avril 2019, leur opposition \u00e0 l\u2019\u00e9gard du projet de loi portant organisation de l\u2019\u00e9tat d\u2019urgence pr\u00e9sent\u00e9 par la Pr\u00e9sidence de la R\u00e9publique.\" \/>\n<meta property=\"og:url\" content=\"https:\/\/kapitalis.com\/tunisie\/2019\/04\/09\/lasl-reitere-son-opposition-au-projet-de-loi-reorganisant-letat-durgence\/\" \/>\n<meta property=\"og:site_name\" content=\"Kapitalis\" \/>\n<meta property=\"article:publisher\" content=\"https:\/\/www.facebook.com\/KapitalisInfo\/\" \/>\n<meta property=\"article:published_time\" content=\"2019-04-09T08:41:37+00:00\" \/>\n<meta property=\"og:image\" content=\"https:\/\/kapitalis.com\/tunisie\/wp-content\/uploads\/2022\/05\/kapitalis-logo-fb.png\" \/>\n\t<meta property=\"og:image:width\" content=\"1200\" \/>\n\t<meta property=\"og:image:height\" content=\"630\" \/>\n\t<meta property=\"og:image:type\" content=\"image\/png\" \/>\n<meta name=\"author\" content=\"webmaster kapitalis\" \/>\n<meta name=\"twitter:card\" content=\"summary_large_image\" \/>\n<meta name=\"twitter:creator\" content=\"@KapitalisInfo\" \/>\n<meta name=\"twitter:site\" content=\"@KapitalisInfo\" \/>\n<meta name=\"twitter:label1\" content=\"\u00c9crit par\" \/>\n\t<meta name=\"twitter:data1\" content=\"webmaster kapitalis\" \/>\n\t<meta name=\"twitter:label2\" content=\"Dur\u00e9e de lecture estim\u00e9e\" \/>\n\t<meta name=\"twitter:data2\" content=\"2 minutes\" \/>\n<script type=\"application\/ld+json\" class=\"yoast-schema-graph\">{\"@context\":\"https:\/\/schema.org\",\"@graph\":[{\"@type\":\"Article\",\"@id\":\"https:\/\/kapitalis.com\/tunisie\/2019\/04\/09\/lasl-reitere-son-opposition-au-projet-de-loi-reorganisant-letat-durgence\/#article\",\"isPartOf\":{\"@id\":\"https:\/\/kapitalis.com\/tunisie\/2019\/04\/09\/lasl-reitere-son-opposition-au-projet-de-loi-reorganisant-letat-durgence\/\"},\"author\":{\"name\":\"webmaster kapitalis\",\"@id\":\"https:\/\/kapitalis.com\/tunisie\/#\/schema\/person\/d71f33a9ca44f7bad4698210b480c8e9\"},\"headline\":\"L\u2019ASL r\u00e9it\u00e8re son opposition au projet de loi r\u00e9organisant l\u2019\u00e9tat d\u2019urgence\",\"datePublished\":\"2019-04-09T08:41:37+00:00\",\"mainEntityOfPage\":{\"@id\":\"https:\/\/kapitalis.com\/tunisie\/2019\/04\/09\/lasl-reitere-son-opposition-au-projet-de-loi-reorganisant-letat-durgence\/\"},\"wordCount\":362,\"commentCount\":0,\"publisher\":{\"@id\":\"https:\/\/kapitalis.com\/tunisie\/#organization\"},\"image\":{\"@id\":\"https:\/\/kapitalis.com\/tunisie\/2019\/04\/09\/lasl-reitere-son-opposition-au-projet-de-loi-reorganisant-letat-durgence\/#primaryimage\"},\"thumbnailUrl\":\"\",\"keywords\":[\"Al-Bawsala\",\"\u00e9tat d'urgence\"],\"articleSection\":[\"POLITIQUE\",\"Tunisie\"],\"inLanguage\":\"fr-FR\",\"potentialAction\":[{\"@type\":\"CommentAction\",\"name\":\"Comment\",\"target\":[\"https:\/\/kapitalis.com\/tunisie\/2019\/04\/09\/lasl-reitere-son-opposition-au-projet-de-loi-reorganisant-letat-durgence\/#respond\"]}]},{\"@type\":\"WebPage\",\"@id\":\"https:\/\/kapitalis.com\/tunisie\/2019\/04\/09\/lasl-reitere-son-opposition-au-projet-de-loi-reorganisant-letat-durgence\/\",\"url\":\"https:\/\/kapitalis.com\/tunisie\/2019\/04\/09\/lasl-reitere-son-opposition-au-projet-de-loi-reorganisant-letat-durgence\/\",\"name\":\"L\u2019ASL r\u00e9it\u00e8re son opposition au projet de loi r\u00e9organisant l\u2019\u00e9tat d\u2019urgence - Kapitalis\",\"isPartOf\":{\"@id\":\"https:\/\/kapitalis.com\/tunisie\/#website\"},\"primaryImageOfPage\":{\"@id\":\"https:\/\/kapitalis.com\/tunisie\/2019\/04\/09\/lasl-reitere-son-opposition-au-projet-de-loi-reorganisant-letat-durgence\/#primaryimage\"},\"image\":{\"@id\":\"https:\/\/kapitalis.com\/tunisie\/2019\/04\/09\/lasl-reitere-son-opposition-au-projet-de-loi-reorganisant-letat-durgence\/#primaryimage\"},\"thumbnailUrl\":\"\",\"datePublished\":\"2019-04-09T08:41:37+00:00\",\"breadcrumb\":{\"@id\":\"https:\/\/kapitalis.com\/tunisie\/2019\/04\/09\/lasl-reitere-son-opposition-au-projet-de-loi-reorganisant-letat-durgence\/#breadcrumb\"},\"inLanguage\":\"fr-FR\",\"potentialAction\":[{\"@type\":\"ReadAction\",\"target\":[\"https:\/\/kapitalis.com\/tunisie\/2019\/04\/09\/lasl-reitere-son-opposition-au-projet-de-loi-reorganisant-letat-durgence\/\"]}]},{\"@type\":\"ImageObject\",\"inLanguage\":\"fr-FR\",\"@id\":\"https:\/\/kapitalis.com\/tunisie\/2019\/04\/09\/lasl-reitere-son-opposition-au-projet-de-loi-reorganisant-letat-durgence\/#primaryimage\",\"url\":\"\",\"contentUrl\":\"\"},{\"@type\":\"BreadcrumbList\",\"@id\":\"https:\/\/kapitalis.com\/tunisie\/2019\/04\/09\/lasl-reitere-son-opposition-au-projet-de-loi-reorganisant-letat-durgence\/#breadcrumb\",\"itemListElement\":[{\"@type\":\"ListItem\",\"position\":1,\"name\":\"Accueil\",\"item\":\"https:\/\/kapitalis.com\/tunisie\/\"},{\"@type\":\"ListItem\",\"position\":2,\"name\":\"L\u2019ASL r\u00e9it\u00e8re son opposition au projet de loi r\u00e9organisant l\u2019\u00e9tat d\u2019urgence\"}]},{\"@type\":\"WebSite\",\"@id\":\"https:\/\/kapitalis.com\/tunisie\/#website\",\"url\":\"https:\/\/kapitalis.com\/tunisie\/\",\"name\":\"Kapitalis\",\"description\":\"L&#039;actualit\u00e9 en Tunisie et dans le monde\",\"publisher\":{\"@id\":\"https:\/\/kapitalis.com\/tunisie\/#organization\"},\"potentialAction\":[{\"@type\":\"SearchAction\",\"target\":{\"@type\":\"EntryPoint\",\"urlTemplate\":\"https:\/\/kapitalis.com\/tunisie\/?s={search_term_string}\"},\"query-input\":{\"@type\":\"PropertyValueSpecification\",\"valueRequired\":true,\"valueName\":\"search_term_string\"}}],\"inLanguage\":\"fr-FR\"},{\"@type\":\"Organization\",\"@id\":\"https:\/\/kapitalis.com\/tunisie\/#organization\",\"name\":\"Kapitalis\",\"url\":\"https:\/\/kapitalis.com\/tunisie\/\",\"logo\":{\"@type\":\"ImageObject\",\"inLanguage\":\"fr-FR\",\"@id\":\"https:\/\/kapitalis.com\/tunisie\/#\/schema\/logo\/image\/\",\"url\":\"https:\/\/kapitalis.com\/tunisie\/wp-content\/uploads\/2022\/05\/Kapitalis-big-size.png\",\"contentUrl\":\"https:\/\/kapitalis.com\/tunisie\/wp-content\/uploads\/2022\/05\/Kapitalis-big-size.png\",\"width\":5000,\"height\":1500,\"caption\":\"Kapitalis\"},\"image\":{\"@id\":\"https:\/\/kapitalis.com\/tunisie\/#\/schema\/logo\/image\/\"},\"sameAs\":[\"https:\/\/www.facebook.com\/KapitalisInfo\/\",\"https:\/\/x.com\/KapitalisInfo\",\"https:\/\/www.youtube.com\/channel\/UC-yDYrHyfFBWWZaOw3FPg9Q\"]},{\"@type\":\"Person\",\"@id\":\"https:\/\/kapitalis.com\/tunisie\/#\/schema\/person\/d71f33a9ca44f7bad4698210b480c8e9\",\"name\":\"webmaster kapitalis\",\"url\":\"https:\/\/kapitalis.com\/tunisie\/author\/webmaster-kapitalis\/\"}]}<\/script>\n<!-- \/ Yoast SEO plugin. -->","yoast_head_json":{"title":"L\u2019ASL r\u00e9it\u00e8re son opposition au projet de loi r\u00e9organisant l\u2019\u00e9tat d\u2019urgence - Kapitalis","robots":{"index":"index","follow":"follow","max-snippet":"max-snippet:-1","max-image-preview":"max-image-preview:large","max-video-preview":"max-video-preview:-1"},"canonical":"https:\/\/kapitalis.com\/tunisie\/2019\/04\/09\/lasl-reitere-son-opposition-au-projet-de-loi-reorganisant-letat-durgence\/","og_locale":"fr_FR","og_type":"article","og_title":"L\u2019ASL r\u00e9it\u00e8re son opposition au projet de loi r\u00e9organisant l\u2019\u00e9tat d\u2019urgence - Kapitalis","og_description":"Les associations membres de l\u2019Alliance pour la s\u00e9curit\u00e9 et les libert\u00e9s (ASL) renouvellent, dans un communiqu\u00e9 publi\u00e9 le 8 avril 2019, leur opposition \u00e0 l\u2019\u00e9gard du projet de loi portant organisation de l\u2019\u00e9tat d\u2019urgence pr\u00e9sent\u00e9 par la Pr\u00e9sidence de la R\u00e9publique.","og_url":"https:\/\/kapitalis.com\/tunisie\/2019\/04\/09\/lasl-reitere-son-opposition-au-projet-de-loi-reorganisant-letat-durgence\/","og_site_name":"Kapitalis","article_publisher":"https:\/\/www.facebook.com\/KapitalisInfo\/","article_published_time":"2019-04-09T08:41:37+00:00","og_image":[{"width":1200,"height":630,"url":"https:\/\/kapitalis.com\/tunisie\/wp-content\/uploads\/2022\/05\/kapitalis-logo-fb.png","type":"image\/png"}],"author":"webmaster kapitalis","twitter_card":"summary_large_image","twitter_creator":"@KapitalisInfo","twitter_site":"@KapitalisInfo","twitter_misc":{"\u00c9crit par":"webmaster kapitalis","Dur\u00e9e de lecture estim\u00e9e":"2 minutes"},"schema":{"@context":"https:\/\/schema.org","@graph":[{"@type":"Article","@id":"https:\/\/kapitalis.com\/tunisie\/2019\/04\/09\/lasl-reitere-son-opposition-au-projet-de-loi-reorganisant-letat-durgence\/#article","isPartOf":{"@id":"https:\/\/kapitalis.com\/tunisie\/2019\/04\/09\/lasl-reitere-son-opposition-au-projet-de-loi-reorganisant-letat-durgence\/"},"author":{"name":"webmaster kapitalis","@id":"https:\/\/kapitalis.com\/tunisie\/#\/schema\/person\/d71f33a9ca44f7bad4698210b480c8e9"},"headline":"L\u2019ASL r\u00e9it\u00e8re son opposition au projet de loi r\u00e9organisant l\u2019\u00e9tat d\u2019urgence","datePublished":"2019-04-09T08:41:37+00:00","mainEntityOfPage":{"@id":"https:\/\/kapitalis.com\/tunisie\/2019\/04\/09\/lasl-reitere-son-opposition-au-projet-de-loi-reorganisant-letat-durgence\/"},"wordCount":362,"commentCount":0,"publisher":{"@id":"https:\/\/kapitalis.com\/tunisie\/#organization"},"image":{"@id":"https:\/\/kapitalis.com\/tunisie\/2019\/04\/09\/lasl-reitere-son-opposition-au-projet-de-loi-reorganisant-letat-durgence\/#primaryimage"},"thumbnailUrl":"","keywords":["Al-Bawsala","\u00e9tat d'urgence"],"articleSection":["POLITIQUE","Tunisie"],"inLanguage":"fr-FR","potentialAction":[{"@type":"CommentAction","name":"Comment","target":["https:\/\/kapitalis.com\/tunisie\/2019\/04\/09\/lasl-reitere-son-opposition-au-projet-de-loi-reorganisant-letat-durgence\/#respond"]}]},{"@type":"WebPage","@id":"https:\/\/kapitalis.com\/tunisie\/2019\/04\/09\/lasl-reitere-son-opposition-au-projet-de-loi-reorganisant-letat-durgence\/","url":"https:\/\/kapitalis.com\/tunisie\/2019\/04\/09\/lasl-reitere-son-opposition-au-projet-de-loi-reorganisant-letat-durgence\/","name":"L\u2019ASL r\u00e9it\u00e8re son opposition au projet de loi r\u00e9organisant l\u2019\u00e9tat d\u2019urgence - Kapitalis","isPartOf":{"@id":"https:\/\/kapitalis.com\/tunisie\/#website"},"primaryImageOfPage":{"@id":"https:\/\/kapitalis.com\/tunisie\/2019\/04\/09\/lasl-reitere-son-opposition-au-projet-de-loi-reorganisant-letat-durgence\/#primaryimage"},"image":{"@id":"https:\/\/kapitalis.com\/tunisie\/2019\/04\/09\/lasl-reitere-son-opposition-au-projet-de-loi-reorganisant-letat-durgence\/#primaryimage"},"thumbnailUrl":"","datePublished":"2019-04-09T08:41:37+00:00","breadcrumb":{"@id":"https:\/\/kapitalis.com\/tunisie\/2019\/04\/09\/lasl-reitere-son-opposition-au-projet-de-loi-reorganisant-letat-durgence\/#breadcrumb"},"inLanguage":"fr-FR","potentialAction":[{"@type":"ReadAction","target":["https:\/\/kapitalis.com\/tunisie\/2019\/04\/09\/lasl-reitere-son-opposition-au-projet-de-loi-reorganisant-letat-durgence\/"]}]},{"@type":"ImageObject","inLanguage":"fr-FR","@id":"https:\/\/kapitalis.com\/tunisie\/2019\/04\/09\/lasl-reitere-son-opposition-au-projet-de-loi-reorganisant-letat-durgence\/#primaryimage","url":"","contentUrl":""},{"@type":"BreadcrumbList","@id":"https:\/\/kapitalis.com\/tunisie\/2019\/04\/09\/lasl-reitere-son-opposition-au-projet-de-loi-reorganisant-letat-durgence\/#breadcrumb","itemListElement":[{"@type":"ListItem","position":1,"name":"Accueil","item":"https:\/\/kapitalis.com\/tunisie\/"},{"@type":"ListItem","position":2,"name":"L\u2019ASL r\u00e9it\u00e8re son opposition au projet de loi r\u00e9organisant l\u2019\u00e9tat d\u2019urgence"}]},{"@type":"WebSite","@id":"https:\/\/kapitalis.com\/tunisie\/#website","url":"https:\/\/kapitalis.com\/tunisie\/","name":"Kapitalis","description":"L&#039;actualit\u00e9 en Tunisie et dans le monde","publisher":{"@id":"https:\/\/kapitalis.com\/tunisie\/#organization"},"potentialAction":[{"@type":"SearchAction","target":{"@type":"EntryPoint","urlTemplate":"https:\/\/kapitalis.com\/tunisie\/?s={search_term_string}"},"query-input":{"@type":"PropertyValueSpecification","valueRequired":true,"valueName":"search_term_string"}}],"inLanguage":"fr-FR"},{"@type":"Organization","@id":"https:\/\/kapitalis.com\/tunisie\/#organization","name":"Kapitalis","url":"https:\/\/kapitalis.com\/tunisie\/","logo":{"@type":"ImageObject","inLanguage":"fr-FR","@id":"https:\/\/kapitalis.com\/tunisie\/#\/schema\/logo\/image\/","url":"https:\/\/kapitalis.com\/tunisie\/wp-content\/uploads\/2022\/05\/Kapitalis-big-size.png","contentUrl":"https:\/\/kapitalis.com\/tunisie\/wp-content\/uploads\/2022\/05\/Kapitalis-big-size.png","width":5000,"height":1500,"caption":"Kapitalis"},"image":{"@id":"https:\/\/kapitalis.com\/tunisie\/#\/schema\/logo\/image\/"},"sameAs":["https:\/\/www.facebook.com\/KapitalisInfo\/","https:\/\/x.com\/KapitalisInfo","https:\/\/www.youtube.com\/channel\/UC-yDYrHyfFBWWZaOw3FPg9Q"]},{"@type":"Person","@id":"https:\/\/kapitalis.com\/tunisie\/#\/schema\/person\/d71f33a9ca44f7bad4698210b480c8e9","name":"webmaster kapitalis","url":"https:\/\/kapitalis.com\/tunisie\/author\/webmaster-kapitalis\/"}]}},"_links":{"self":[{"href":"https:\/\/kapitalis.com\/tunisie\/wp-json\/wp\/v2\/posts\/205762","targetHints":{"allow":["GET"]}}],"collection":[{"href":"https:\/\/kapitalis.com\/tunisie\/wp-json\/wp\/v2\/posts"}],"about":[{"href":"https:\/\/kapitalis.com\/tunisie\/wp-json\/wp\/v2\/types\/post"}],"author":[{"embeddable":true,"href":"https:\/\/kapitalis.com\/tunisie\/wp-json\/wp\/v2\/users\/8"}],"replies":[{"embeddable":true,"href":"https:\/\/kapitalis.com\/tunisie\/wp-json\/wp\/v2\/comments?post=205762"}],"version-history":[{"count":0,"href":"https:\/\/kapitalis.com\/tunisie\/wp-json\/wp\/v2\/posts\/205762\/revisions"}],"wp:featuredmedia":[{"embeddable":true,"href":"https:\/\/kapitalis.com\/tunisie\/wp-json\/wp\/v2\/media\/205764"}],"wp:attachment":[{"href":"https:\/\/kapitalis.com\/tunisie\/wp-json\/wp\/v2\/media?parent=205762"}],"wp:term":[{"taxonomy":"category","embeddable":true,"href":"https:\/\/kapitalis.com\/tunisie\/wp-json\/wp\/v2\/categories?post=205762"},{"taxonomy":"post_tag","embeddable":true,"href":"https:\/\/kapitalis.com\/tunisie\/wp-json\/wp\/v2\/tags?post=205762"}],"curies":[{"name":"wp","href":"https:\/\/api.w.org\/{rel}","templated":true}]}}