{"id":205763,"date":"2019-04-09T10:58:59","date_gmt":"2019-04-09T09:58:59","guid":{"rendered":"http:\/\/kapitalis.com\/tunisie\/?p=205763"},"modified":"2019-04-09T11:00:39","modified_gmt":"2019-04-09T10:00:39","slug":"rapport-preliminaire-sur-laccident-aerien-qui-a-coute-la-vie-a-karim-saafi","status":"publish","type":"post","link":"https:\/\/kapitalis.com\/tunisie\/2019\/04\/09\/rapport-preliminaire-sur-laccident-aerien-qui-a-coute-la-vie-a-karim-saafi\/","title":{"rendered":"Rapport pr\u00e9liminaire sur l&rsquo;accident d&rsquo;avion qui a co\u00fbt\u00e9 la vie \u00e0 Karim Saafi"},"content":{"rendered":"<p>&nbsp;<\/p>\n<p style=\"text-align: center;\"><img loading=\"lazy\" decoding=\"async\" class=\"alignnone size-full wp-image-201794\" src=\"http:\/\/kapitalis.com\/tunisie\/wp-content\/uploads\/2019\/03\/Karim-Saafi-crash-tunisien-deces.jpg\" alt=\"\" width=\"626\" height=\"380\" \/><\/p>\n<p><em><strong>Le rapport pr\u00e9liminaire de l&rsquo;enqu\u00eate de Boeing sur l&rsquo;accident du Vol 302 d&rsquo;Ethiopian Airlines<\/strong><\/em><em><strong>, r\u00e9v\u00e8le que les donn\u00e9es d\u2019angle d\u2019attaque transmises \u00e0 l\u2019avion par la sonde d\u2019incidence \u00e9taient erron\u00e9es, provoquant l\u2019activation du syst\u00e8me de contr\u00f4le automatis\u00e9 de l\u2019assiette de l\u2019avion MCAS pendant le vol.<\/strong><\/em><\/p>\n<p><!--more--><\/p>\n<p>Les informations de ce premier rapport pr\u00e9liminaire de l&rsquo;enqu\u00eate de Boeing ont \u00e9t\u00e9 fournies par l\u2019enregistreur des donn\u00e9es de vol (<em>Fdr<\/em>). Peu de temps apr\u00e8s le d\u00e9collage, les valeurs relev\u00e9es par le capteur d&rsquo;angle d&rsquo;attaque devinrent erron\u00e9es et le vibreur de manche gauche entre en action, restant actif presque jusqu&rsquo;\u00e0 la fin du vol.<\/p>\n<p>Les indications de vitesse et d&rsquo;altitude affich\u00e9es sur les \u00e9crans gauches du cockpit devinrent diff\u00e9rentes de celles affich\u00e9es sur les \u00e9crans droits. En raison des probl\u00e8mes de contr\u00f4le de vol, le commandant de bord Yared Getachew (8.231 heures de vol et 10 ans de carri\u00e8re chez Ethiopian Airlines) ne parvint pas \u00e0 garder la trajectoire de vol, et demanda l&rsquo;autorisation de revenir se poser \u00e0 l&rsquo;a\u00e9roport Addis Abeba Bole, ce qui fut autoris\u00e9.<\/p>\n<p>L&rsquo;\u00e9quipage perdit le contr\u00f4le de l&rsquo;avion qui s&rsquo;\u00e9crasa \u00e0 5h44, temps universel \u00e0 28 nautiques (51,8 km) au sud-est d&rsquo;Addis Abeba, \u00e0 proximit\u00e9 du village d&rsquo;Ejere. Il n\u2019y a eu aucun survivant du vol.<\/p>\n<p>Rappelons que cette trag\u00e9die a co\u00fbt\u00e9 la vie, le 10 mars 2019, au jeune tunisien Karim Saafi (38 ans),\u00a0fondateur et co-pr\u00e9sident du Forum de la jeunesse de la diaspora africaine en Europe.<\/p>\n<p>Par ailleurs, et \u00e0 l&rsquo;instar de pas moins de 43 pays, la Tunisie a d\u00e9cid\u00e9, par mesure pr\u00e9ventive,\u00a0d\u2019interdire aux avions B737-900 Max et B737-800 Max de survoler l\u2019espace a\u00e9rien tunisien et d\u2019atterrir dans les a\u00e9roports tunisiens ouverts au trafic a\u00e9rien public.\u00a0Cette d\u00e9cision a \u00e9t\u00e9 prise en attendant la d\u00e9termination des causes directes de l&rsquo;accident, et la prise des\u00a0dispositions de s\u00e9curit\u00e9 par l&rsquo;autorit\u00e9 de l&rsquo;aviation civile du pays du constructeur.<\/p>\n<p>Rappelons toutefois que la flotte des compagnies a\u00e9riennes tunisiennes n\u2019inclut pas ce mod\u00e8le d\u2019avion.<\/p>\n<p><em><strong>Source:<\/strong><\/em>\u00a0<a href=\"http:\/\/www.air-cosmos.com\/ethiopian-airlines-vol-302-le-rapport-preliminaire-publie-sur-l-accident-du-boeing-737-max8-122295\" target=\"_blank\" rel=\"noopener\">Article de Air Cosmos du 4 avril 2019<\/a><\/p>\n<blockquote class=\"wp-embedded-content\" data-secret=\"0JXhOqnz3j\"><p><a href=\"https:\/\/kapitalis.com\/tunisie\/2019\/03\/11\/karim-un-tunisien-parmi-les-victimes-du-crash-de-lavion-ethiopien\/\">Karim, un Tunisien parmi les victimes du crash de l\u2019avion \u00e9thiopien<\/a><\/p><\/blockquote>\n<p><iframe loading=\"lazy\" class=\"wp-embedded-content\" sandbox=\"allow-scripts\" security=\"restricted\" style=\"position: absolute; clip: rect(1px, 1px, 1px, 1px);\" title=\"\u00ab\u00a0Karim, un Tunisien parmi les victimes du crash de l\u2019avion \u00e9thiopien\u00a0\u00bb &#8212; Kapitalis\" src=\"https:\/\/kapitalis.com\/tunisie\/2019\/03\/11\/karim-un-tunisien-parmi-les-victimes-du-crash-de-lavion-ethiopien\/embed\/#?secret=DiLoiFxSI7#?secret=0JXhOqnz3j\" data-secret=\"0JXhOqnz3j\" width=\"600\" height=\"338\" frameborder=\"0\" marginwidth=\"0\" marginheight=\"0\" scrolling=\"no\"><\/iframe><\/p>\n","protected":false},"excerpt":{"rendered":"<p>&nbsp; Le rapport pr\u00e9liminaire de l&rsquo;enqu\u00eate de Boeing sur l&rsquo;accident du Vol 302 d&rsquo;Ethiopian Airlines, r\u00e9v\u00e8le que les donn\u00e9es d\u2019angle d\u2019attaque transmises \u00e0 l\u2019avion par la sonde d\u2019incidence \u00e9taient erron\u00e9es, provoquant l\u2019activation du syst\u00e8me de contr\u00f4le automatis\u00e9 de l\u2019assiette de l\u2019avion MCAS pendant le vol.<\/p>\n","protected":false},"author":22,"featured_media":205780,"comment_status":"open","ping_status":"open","sticky":false,"template":"","format":"standard","meta":{"footnotes":""},"categories":[995,2433],"tags":[325],"class_list":["post-205763","post","type-post","status-publish","format-standard","has-post-thumbnail","hentry","category-economie","category-tunisie","tag-enquete"],"yoast_head":"<!-- This site is optimized with the Yoast SEO plugin v26.6 - https:\/\/yoast.com\/wordpress\/plugins\/seo\/ -->\n<title>Rapport pr\u00e9liminaire sur l&#039;accident d&#039;avion qui a co\u00fbt\u00e9 la vie \u00e0 Karim Saafi - Kapitalis<\/title>\n<meta name=\"robots\" content=\"index, follow, max-snippet:-1, max-image-preview:large, max-video-preview:-1\" \/>\n<link rel=\"canonical\" href=\"https:\/\/kapitalis.com\/tunisie\/2019\/04\/09\/rapport-preliminaire-sur-laccident-aerien-qui-a-coute-la-vie-a-karim-saafi\/\" \/>\n<meta property=\"og:locale\" content=\"fr_FR\" \/>\n<meta property=\"og:type\" content=\"article\" \/>\n<meta property=\"og:title\" content=\"Rapport pr\u00e9liminaire sur l&#039;accident d&#039;avion qui a co\u00fbt\u00e9 la vie \u00e0 Karim Saafi - Kapitalis\" \/>\n<meta property=\"og:description\" content=\"&nbsp; Le rapport pr\u00e9liminaire de l&rsquo;enqu\u00eate de Boeing sur l&rsquo;accident du Vol 302 d&rsquo;Ethiopian Airlines, r\u00e9v\u00e8le que les donn\u00e9es d\u2019angle d\u2019attaque transmises \u00e0 l\u2019avion par la sonde d\u2019incidence \u00e9taient erron\u00e9es, provoquant l\u2019activation du syst\u00e8me de contr\u00f4le automatis\u00e9 de l\u2019assiette de l\u2019avion MCAS pendant le vol.\" \/>\n<meta property=\"og:url\" content=\"https:\/\/kapitalis.com\/tunisie\/2019\/04\/09\/rapport-preliminaire-sur-laccident-aerien-qui-a-coute-la-vie-a-karim-saafi\/\" \/>\n<meta property=\"og:site_name\" content=\"Kapitalis\" \/>\n<meta property=\"article:publisher\" content=\"https:\/\/www.facebook.com\/KapitalisInfo\/\" \/>\n<meta property=\"article:published_time\" content=\"2019-04-09T09:58:59+00:00\" \/>\n<meta property=\"article:modified_time\" content=\"2019-04-09T10:00:39+00:00\" \/>\n<meta property=\"og:image\" content=\"https:\/\/kapitalis.com\/tunisie\/wp-content\/uploads\/2022\/05\/kapitalis-logo-fb.png\" \/>\n\t<meta property=\"og:image:width\" content=\"1200\" \/>\n\t<meta property=\"og:image:height\" content=\"630\" \/>\n\t<meta property=\"og:image:type\" content=\"image\/png\" \/>\n<meta name=\"author\" content=\"Amina Mkada\" \/>\n<meta name=\"twitter:card\" content=\"summary_large_image\" \/>\n<meta name=\"twitter:creator\" content=\"@KapitalisInfo\" \/>\n<meta name=\"twitter:site\" content=\"@KapitalisInfo\" \/>\n<meta name=\"twitter:label1\" content=\"\u00c9crit par\" \/>\n\t<meta name=\"twitter:data1\" content=\"Amina Mkada\" \/>\n\t<meta name=\"twitter:label2\" content=\"Dur\u00e9e de lecture estim\u00e9e\" \/>\n\t<meta name=\"twitter:data2\" content=\"2 minutes\" \/>\n<script type=\"application\/ld+json\" class=\"yoast-schema-graph\">{\"@context\":\"https:\/\/schema.org\",\"@graph\":[{\"@type\":\"Article\",\"@id\":\"https:\/\/kapitalis.com\/tunisie\/2019\/04\/09\/rapport-preliminaire-sur-laccident-aerien-qui-a-coute-la-vie-a-karim-saafi\/#article\",\"isPartOf\":{\"@id\":\"https:\/\/kapitalis.com\/tunisie\/2019\/04\/09\/rapport-preliminaire-sur-laccident-aerien-qui-a-coute-la-vie-a-karim-saafi\/\"},\"author\":{\"name\":\"Amina Mkada\",\"@id\":\"https:\/\/kapitalis.com\/tunisie\/#\/schema\/person\/093913313d3017554cb3ad077fff3fbd\"},\"headline\":\"Rapport pr\u00e9liminaire sur l&rsquo;accident d&rsquo;avion qui a co\u00fbt\u00e9 la vie \u00e0 Karim Saafi\",\"datePublished\":\"2019-04-09T09:58:59+00:00\",\"dateModified\":\"2019-04-09T10:00:39+00:00\",\"mainEntityOfPage\":{\"@id\":\"https:\/\/kapitalis.com\/tunisie\/2019\/04\/09\/rapport-preliminaire-sur-laccident-aerien-qui-a-coute-la-vie-a-karim-saafi\/\"},\"wordCount\":389,\"commentCount\":0,\"publisher\":{\"@id\":\"https:\/\/kapitalis.com\/tunisie\/#organization\"},\"image\":{\"@id\":\"https:\/\/kapitalis.com\/tunisie\/2019\/04\/09\/rapport-preliminaire-sur-laccident-aerien-qui-a-coute-la-vie-a-karim-saafi\/#primaryimage\"},\"thumbnailUrl\":\"\",\"keywords\":[\"enqu\u00eate\"],\"articleSection\":[\"ECONOMIE\",\"Tunisie\"],\"inLanguage\":\"fr-FR\",\"potentialAction\":[{\"@type\":\"CommentAction\",\"name\":\"Comment\",\"target\":[\"https:\/\/kapitalis.com\/tunisie\/2019\/04\/09\/rapport-preliminaire-sur-laccident-aerien-qui-a-coute-la-vie-a-karim-saafi\/#respond\"]}]},{\"@type\":\"WebPage\",\"@id\":\"https:\/\/kapitalis.com\/tunisie\/2019\/04\/09\/rapport-preliminaire-sur-laccident-aerien-qui-a-coute-la-vie-a-karim-saafi\/\",\"url\":\"https:\/\/kapitalis.com\/tunisie\/2019\/04\/09\/rapport-preliminaire-sur-laccident-aerien-qui-a-coute-la-vie-a-karim-saafi\/\",\"name\":\"Rapport pr\u00e9liminaire sur l'accident d'avion qui a co\u00fbt\u00e9 la vie \u00e0 Karim Saafi - Kapitalis\",\"isPartOf\":{\"@id\":\"https:\/\/kapitalis.com\/tunisie\/#website\"},\"primaryImageOfPage\":{\"@id\":\"https:\/\/kapitalis.com\/tunisie\/2019\/04\/09\/rapport-preliminaire-sur-laccident-aerien-qui-a-coute-la-vie-a-karim-saafi\/#primaryimage\"},\"image\":{\"@id\":\"https:\/\/kapitalis.com\/tunisie\/2019\/04\/09\/rapport-preliminaire-sur-laccident-aerien-qui-a-coute-la-vie-a-karim-saafi\/#primaryimage\"},\"thumbnailUrl\":\"\",\"datePublished\":\"2019-04-09T09:58:59+00:00\",\"dateModified\":\"2019-04-09T10:00:39+00:00\",\"breadcrumb\":{\"@id\":\"https:\/\/kapitalis.com\/tunisie\/2019\/04\/09\/rapport-preliminaire-sur-laccident-aerien-qui-a-coute-la-vie-a-karim-saafi\/#breadcrumb\"},\"inLanguage\":\"fr-FR\",\"potentialAction\":[{\"@type\":\"ReadAction\",\"target\":[\"https:\/\/kapitalis.com\/tunisie\/2019\/04\/09\/rapport-preliminaire-sur-laccident-aerien-qui-a-coute-la-vie-a-karim-saafi\/\"]}]},{\"@type\":\"ImageObject\",\"inLanguage\":\"fr-FR\",\"@id\":\"https:\/\/kapitalis.com\/tunisie\/2019\/04\/09\/rapport-preliminaire-sur-laccident-aerien-qui-a-coute-la-vie-a-karim-saafi\/#primaryimage\",\"url\":\"\",\"contentUrl\":\"\"},{\"@type\":\"BreadcrumbList\",\"@id\":\"https:\/\/kapitalis.com\/tunisie\/2019\/04\/09\/rapport-preliminaire-sur-laccident-aerien-qui-a-coute-la-vie-a-karim-saafi\/#breadcrumb\",\"itemListElement\":[{\"@type\":\"ListItem\",\"position\":1,\"name\":\"Accueil\",\"item\":\"https:\/\/kapitalis.com\/tunisie\/\"},{\"@type\":\"ListItem\",\"position\":2,\"name\":\"Rapport pr\u00e9liminaire sur l&rsquo;accident d&rsquo;avion qui a co\u00fbt\u00e9 la vie \u00e0 Karim Saafi\"}]},{\"@type\":\"WebSite\",\"@id\":\"https:\/\/kapitalis.com\/tunisie\/#website\",\"url\":\"https:\/\/kapitalis.com\/tunisie\/\",\"name\":\"Kapitalis\",\"description\":\"L&#039;actualit\u00e9 en Tunisie et dans le monde\",\"publisher\":{\"@id\":\"https:\/\/kapitalis.com\/tunisie\/#organization\"},\"potentialAction\":[{\"@type\":\"SearchAction\",\"target\":{\"@type\":\"EntryPoint\",\"urlTemplate\":\"https:\/\/kapitalis.com\/tunisie\/?s={search_term_string}\"},\"query-input\":{\"@type\":\"PropertyValueSpecification\",\"valueRequired\":true,\"valueName\":\"search_term_string\"}}],\"inLanguage\":\"fr-FR\"},{\"@type\":\"Organization\",\"@id\":\"https:\/\/kapitalis.com\/tunisie\/#organization\",\"name\":\"Kapitalis\",\"url\":\"https:\/\/kapitalis.com\/tunisie\/\",\"logo\":{\"@type\":\"ImageObject\",\"inLanguage\":\"fr-FR\",\"@id\":\"https:\/\/kapitalis.com\/tunisie\/#\/schema\/logo\/image\/\",\"url\":\"https:\/\/kapitalis.com\/tunisie\/wp-content\/uploads\/2022\/05\/Kapitalis-big-size.png\",\"contentUrl\":\"https:\/\/kapitalis.com\/tunisie\/wp-content\/uploads\/2022\/05\/Kapitalis-big-size.png\",\"width\":5000,\"height\":1500,\"caption\":\"Kapitalis\"},\"image\":{\"@id\":\"https:\/\/kapitalis.com\/tunisie\/#\/schema\/logo\/image\/\"},\"sameAs\":[\"https:\/\/www.facebook.com\/KapitalisInfo\/\",\"https:\/\/x.com\/KapitalisInfo\",\"https:\/\/www.youtube.com\/channel\/UC-yDYrHyfFBWWZaOw3FPg9Q\"]},{\"@type\":\"Person\",\"@id\":\"https:\/\/kapitalis.com\/tunisie\/#\/schema\/person\/093913313d3017554cb3ad077fff3fbd\",\"name\":\"Amina Mkada\",\"url\":\"https:\/\/kapitalis.com\/tunisie\/author\/amina\/\"}]}<\/script>\n<!-- \/ Yoast SEO plugin. -->","yoast_head_json":{"title":"Rapport pr\u00e9liminaire sur l'accident d'avion qui a co\u00fbt\u00e9 la vie \u00e0 Karim Saafi - Kapitalis","robots":{"index":"index","follow":"follow","max-snippet":"max-snippet:-1","max-image-preview":"max-image-preview:large","max-video-preview":"max-video-preview:-1"},"canonical":"https:\/\/kapitalis.com\/tunisie\/2019\/04\/09\/rapport-preliminaire-sur-laccident-aerien-qui-a-coute-la-vie-a-karim-saafi\/","og_locale":"fr_FR","og_type":"article","og_title":"Rapport pr\u00e9liminaire sur l'accident d'avion qui a co\u00fbt\u00e9 la vie \u00e0 Karim Saafi - Kapitalis","og_description":"&nbsp; Le rapport pr\u00e9liminaire de l&rsquo;enqu\u00eate de Boeing sur l&rsquo;accident du Vol 302 d&rsquo;Ethiopian Airlines, r\u00e9v\u00e8le que les donn\u00e9es d\u2019angle d\u2019attaque transmises \u00e0 l\u2019avion par la sonde d\u2019incidence \u00e9taient erron\u00e9es, provoquant l\u2019activation du syst\u00e8me de contr\u00f4le automatis\u00e9 de l\u2019assiette de l\u2019avion MCAS pendant le vol.","og_url":"https:\/\/kapitalis.com\/tunisie\/2019\/04\/09\/rapport-preliminaire-sur-laccident-aerien-qui-a-coute-la-vie-a-karim-saafi\/","og_site_name":"Kapitalis","article_publisher":"https:\/\/www.facebook.com\/KapitalisInfo\/","article_published_time":"2019-04-09T09:58:59+00:00","article_modified_time":"2019-04-09T10:00:39+00:00","og_image":[{"width":1200,"height":630,"url":"https:\/\/kapitalis.com\/tunisie\/wp-content\/uploads\/2022\/05\/kapitalis-logo-fb.png","type":"image\/png"}],"author":"Amina Mkada","twitter_card":"summary_large_image","twitter_creator":"@KapitalisInfo","twitter_site":"@KapitalisInfo","twitter_misc":{"\u00c9crit par":"Amina Mkada","Dur\u00e9e de lecture estim\u00e9e":"2 minutes"},"schema":{"@context":"https:\/\/schema.org","@graph":[{"@type":"Article","@id":"https:\/\/kapitalis.com\/tunisie\/2019\/04\/09\/rapport-preliminaire-sur-laccident-aerien-qui-a-coute-la-vie-a-karim-saafi\/#article","isPartOf":{"@id":"https:\/\/kapitalis.com\/tunisie\/2019\/04\/09\/rapport-preliminaire-sur-laccident-aerien-qui-a-coute-la-vie-a-karim-saafi\/"},"author":{"name":"Amina Mkada","@id":"https:\/\/kapitalis.com\/tunisie\/#\/schema\/person\/093913313d3017554cb3ad077fff3fbd"},"headline":"Rapport pr\u00e9liminaire sur l&rsquo;accident d&rsquo;avion qui a co\u00fbt\u00e9 la vie \u00e0 Karim Saafi","datePublished":"2019-04-09T09:58:59+00:00","dateModified":"2019-04-09T10:00:39+00:00","mainEntityOfPage":{"@id":"https:\/\/kapitalis.com\/tunisie\/2019\/04\/09\/rapport-preliminaire-sur-laccident-aerien-qui-a-coute-la-vie-a-karim-saafi\/"},"wordCount":389,"commentCount":0,"publisher":{"@id":"https:\/\/kapitalis.com\/tunisie\/#organization"},"image":{"@id":"https:\/\/kapitalis.com\/tunisie\/2019\/04\/09\/rapport-preliminaire-sur-laccident-aerien-qui-a-coute-la-vie-a-karim-saafi\/#primaryimage"},"thumbnailUrl":"","keywords":["enqu\u00eate"],"articleSection":["ECONOMIE","Tunisie"],"inLanguage":"fr-FR","potentialAction":[{"@type":"CommentAction","name":"Comment","target":["https:\/\/kapitalis.com\/tunisie\/2019\/04\/09\/rapport-preliminaire-sur-laccident-aerien-qui-a-coute-la-vie-a-karim-saafi\/#respond"]}]},{"@type":"WebPage","@id":"https:\/\/kapitalis.com\/tunisie\/2019\/04\/09\/rapport-preliminaire-sur-laccident-aerien-qui-a-coute-la-vie-a-karim-saafi\/","url":"https:\/\/kapitalis.com\/tunisie\/2019\/04\/09\/rapport-preliminaire-sur-laccident-aerien-qui-a-coute-la-vie-a-karim-saafi\/","name":"Rapport pr\u00e9liminaire sur l'accident d'avion qui a co\u00fbt\u00e9 la vie \u00e0 Karim Saafi - Kapitalis","isPartOf":{"@id":"https:\/\/kapitalis.com\/tunisie\/#website"},"primaryImageOfPage":{"@id":"https:\/\/kapitalis.com\/tunisie\/2019\/04\/09\/rapport-preliminaire-sur-laccident-aerien-qui-a-coute-la-vie-a-karim-saafi\/#primaryimage"},"image":{"@id":"https:\/\/kapitalis.com\/tunisie\/2019\/04\/09\/rapport-preliminaire-sur-laccident-aerien-qui-a-coute-la-vie-a-karim-saafi\/#primaryimage"},"thumbnailUrl":"","datePublished":"2019-04-09T09:58:59+00:00","dateModified":"2019-04-09T10:00:39+00:00","breadcrumb":{"@id":"https:\/\/kapitalis.com\/tunisie\/2019\/04\/09\/rapport-preliminaire-sur-laccident-aerien-qui-a-coute-la-vie-a-karim-saafi\/#breadcrumb"},"inLanguage":"fr-FR","potentialAction":[{"@type":"ReadAction","target":["https:\/\/kapitalis.com\/tunisie\/2019\/04\/09\/rapport-preliminaire-sur-laccident-aerien-qui-a-coute-la-vie-a-karim-saafi\/"]}]},{"@type":"ImageObject","inLanguage":"fr-FR","@id":"https:\/\/kapitalis.com\/tunisie\/2019\/04\/09\/rapport-preliminaire-sur-laccident-aerien-qui-a-coute-la-vie-a-karim-saafi\/#primaryimage","url":"","contentUrl":""},{"@type":"BreadcrumbList","@id":"https:\/\/kapitalis.com\/tunisie\/2019\/04\/09\/rapport-preliminaire-sur-laccident-aerien-qui-a-coute-la-vie-a-karim-saafi\/#breadcrumb","itemListElement":[{"@type":"ListItem","position":1,"name":"Accueil","item":"https:\/\/kapitalis.com\/tunisie\/"},{"@type":"ListItem","position":2,"name":"Rapport pr\u00e9liminaire sur l&rsquo;accident d&rsquo;avion qui a co\u00fbt\u00e9 la vie \u00e0 Karim Saafi"}]},{"@type":"WebSite","@id":"https:\/\/kapitalis.com\/tunisie\/#website","url":"https:\/\/kapitalis.com\/tunisie\/","name":"Kapitalis","description":"L&#039;actualit\u00e9 en Tunisie et dans le monde","publisher":{"@id":"https:\/\/kapitalis.com\/tunisie\/#organization"},"potentialAction":[{"@type":"SearchAction","target":{"@type":"EntryPoint","urlTemplate":"https:\/\/kapitalis.com\/tunisie\/?s={search_term_string}"},"query-input":{"@type":"PropertyValueSpecification","valueRequired":true,"valueName":"search_term_string"}}],"inLanguage":"fr-FR"},{"@type":"Organization","@id":"https:\/\/kapitalis.com\/tunisie\/#organization","name":"Kapitalis","url":"https:\/\/kapitalis.com\/tunisie\/","logo":{"@type":"ImageObject","inLanguage":"fr-FR","@id":"https:\/\/kapitalis.com\/tunisie\/#\/schema\/logo\/image\/","url":"https:\/\/kapitalis.com\/tunisie\/wp-content\/uploads\/2022\/05\/Kapitalis-big-size.png","contentUrl":"https:\/\/kapitalis.com\/tunisie\/wp-content\/uploads\/2022\/05\/Kapitalis-big-size.png","width":5000,"height":1500,"caption":"Kapitalis"},"image":{"@id":"https:\/\/kapitalis.com\/tunisie\/#\/schema\/logo\/image\/"},"sameAs":["https:\/\/www.facebook.com\/KapitalisInfo\/","https:\/\/x.com\/KapitalisInfo","https:\/\/www.youtube.com\/channel\/UC-yDYrHyfFBWWZaOw3FPg9Q"]},{"@type":"Person","@id":"https:\/\/kapitalis.com\/tunisie\/#\/schema\/person\/093913313d3017554cb3ad077fff3fbd","name":"Amina Mkada","url":"https:\/\/kapitalis.com\/tunisie\/author\/amina\/"}]}},"_links":{"self":[{"href":"https:\/\/kapitalis.com\/tunisie\/wp-json\/wp\/v2\/posts\/205763","targetHints":{"allow":["GET"]}}],"collection":[{"href":"https:\/\/kapitalis.com\/tunisie\/wp-json\/wp\/v2\/posts"}],"about":[{"href":"https:\/\/kapitalis.com\/tunisie\/wp-json\/wp\/v2\/types\/post"}],"author":[{"embeddable":true,"href":"https:\/\/kapitalis.com\/tunisie\/wp-json\/wp\/v2\/users\/22"}],"replies":[{"embeddable":true,"href":"https:\/\/kapitalis.com\/tunisie\/wp-json\/wp\/v2\/comments?post=205763"}],"version-history":[{"count":0,"href":"https:\/\/kapitalis.com\/tunisie\/wp-json\/wp\/v2\/posts\/205763\/revisions"}],"wp:featuredmedia":[{"embeddable":true,"href":"https:\/\/kapitalis.com\/tunisie\/wp-json\/wp\/v2\/media\/205780"}],"wp:attachment":[{"href":"https:\/\/kapitalis.com\/tunisie\/wp-json\/wp\/v2\/media?parent=205763"}],"wp:term":[{"taxonomy":"category","embeddable":true,"href":"https:\/\/kapitalis.com\/tunisie\/wp-json\/wp\/v2\/categories?post=205763"},{"taxonomy":"post_tag","embeddable":true,"href":"https:\/\/kapitalis.com\/tunisie\/wp-json\/wp\/v2\/tags?post=205763"}],"curies":[{"name":"wp","href":"https:\/\/api.w.org\/{rel}","templated":true}]}}