{"id":205806,"date":"2019-04-09T12:19:01","date_gmt":"2019-04-09T11:19:01","guid":{"rendered":"http:\/\/kapitalis.com\/tunisie\/?p=205806"},"modified":"2019-04-10T12:14:12","modified_gmt":"2019-04-10T11:14:12","slug":"frits-le-chien-antiterroriste-star-de-la-foire-du-livre-de-tunis-photos","status":"publish","type":"post","link":"https:\/\/kapitalis.com\/tunisie\/2019\/04\/09\/frits-le-chien-antiterroriste-star-de-la-foire-du-livre-de-tunis-photos\/","title":{"rendered":"Frits, le chien antiterroriste, star de la Foire du livre de Tunis (photos)"},"content":{"rendered":"<p style=\"text-align: center;\"><img loading=\"lazy\" decoding=\"async\" class=\"alignnone size-full wp-image-205808\" src=\"http:\/\/kapitalis.com\/tunisie\/wp-content\/uploads\/2019\/04\/Foire-du-livre-Frits.jpg\" alt=\"\" width=\"626\" height=\"380\" \/><\/p>\n<p><em><strong>Frits, le chien de la Brigade antiterroriste (BAT), qui avait \u00e9t\u00e9 bless\u00e9 lors de l\u2019op\u00e9ration de Jelma (Sidi Bouzid), en janvier dernier, fait sensation \u00e0 la Foire internationale du livre de Tunis, qui se d\u00e9roule du 5 au 14 avril au Parc des expositions du Kram.<\/strong><\/em><!--more--><\/p>\n<p>Ce chien exceptionnel, qui avait \u00e9t\u00e9 bless\u00e9 en donnant l\u2019assaut ayant permis aux agents d\u2019abattre deux <a href=\"http:\/\/kapitalis.com\/tunisie\/2019\/01\/03\/nouveaux-elements-sur-loperation-antiterroriste-de-jelma\/\" target=\"_blank\" rel=\"noopener\">terroristes<\/a>, participe \u00e0 la foire \u00e0 l\u2019occasion du lancement, par le Syndicat des fonctionnaires de la direction g\u00e9n\u00e9rale des unit\u00e9s d&rsquo;intervention (SFDGUI), du magazine pour enfants \u00ab\u00a0<em>Amine<\/em>\u00ab\u00a0.<\/p>\n<p>Ce magazine relate les \u00ab<em>aventures et l&rsquo;engagement\u00bb<\/em> des agents de police et de la garde nationale, qui luttent depuis 2012 contre le terrorisme, en collaboration avec les forces arm\u00e9es.<\/p>\n<p style=\"text-align: center;\"><img loading=\"lazy\" decoding=\"async\" class=\"alignnone wp-image-205810\" src=\"http:\/\/kapitalis.com\/tunisie\/wp-content\/uploads\/2019\/04\/Frits-foire-du-livre.jpg\" alt=\"\" width=\"500\" height=\"304\" \/><\/p>\n<p>Il parle aussi de patriotisme, de solidarit\u00e9 et d\u2019engagement et vise notamment \u00e0 rapprocher le citoyen et le policier qui, <em>in fine<\/em>, \u0153uvrent ensemble pour une Tunisie meilleure.<\/p>\n<p>Les visiteurs de la Foire, jeunes et moins jeunes, ne manquent pas de faire un d\u00e9tour, pour poser avec Frits, la super-star qui avait fait beaucoup parler de lui en janvier dernier et donn\u00e9 une le\u00e7on de bravoure et de patriotisme.<\/p>\n<p style=\"text-align: center;\"><img loading=\"lazy\" decoding=\"async\" class=\"alignnone wp-image-205809\" src=\"http:\/\/kapitalis.com\/tunisie\/wp-content\/uploads\/2019\/04\/Frits-BAT-Foire-du-livre-ok.jpg\" alt=\"\" width=\"500\" height=\"304\" \/><\/p>\n<p>On notera que Frits appartenait initialement \u00e0 la Brigade canine mais les entra\u00eenements sp\u00e9cifiques dont il a b\u00e9n\u00e9fici\u00e9 lui permettent de participer aux op\u00e9rations antiterroristes.<\/p>\n<p style=\"text-align: right;\"><strong>Y. N.<\/strong><\/p>\n<blockquote class=\"wp-embedded-content\" data-secret=\"60B2H0g0Is\"><p><a href=\"https:\/\/kapitalis.com\/tunisie\/2019\/01\/04\/frits-le-chien-derriere-la-reussite-de-loperation-antiterroriste-de-jelma\/\">Frits, le chien derri\u00e8re la r\u00e9ussite de l\u2019op\u00e9ration antiterroriste de Jelma<\/a><\/p><\/blockquote>\n<p><iframe loading=\"lazy\" class=\"wp-embedded-content\" sandbox=\"allow-scripts\" security=\"restricted\" style=\"position: absolute; clip: rect(1px, 1px, 1px, 1px);\" title=\"\u00ab\u00a0Frits, le chien derri\u00e8re la r\u00e9ussite de l\u2019op\u00e9ration antiterroriste de Jelma\u00a0\u00bb &#8212; Kapitalis\" src=\"https:\/\/kapitalis.com\/tunisie\/2019\/01\/04\/frits-le-chien-derriere-la-reussite-de-loperation-antiterroriste-de-jelma\/embed\/#?secret=AamCmwPOre#?secret=60B2H0g0Is\" data-secret=\"60B2H0g0Is\" width=\"600\" height=\"338\" frameborder=\"0\" marginwidth=\"0\" marginheight=\"0\" scrolling=\"no\"><\/iframe><\/p>\n","protected":false},"excerpt":{"rendered":"<p>Frits, le chien de la Brigade antiterroriste (BAT), qui avait \u00e9t\u00e9 bless\u00e9 lors de l\u2019op\u00e9ration de Jelma (Sidi Bouzid), en janvier dernier, fait sensation \u00e0 la Foire internationale du livre de Tunis, qui se d\u00e9roule du 5 au 14 avril au Parc des expositions du Kram.<\/p>\n","protected":false},"author":6,"featured_media":205808,"comment_status":"open","ping_status":"open","sticky":false,"template":"","format":"standard","meta":{"footnotes":""},"categories":[994,998,2433],"tags":[12066,7913,1592,10364,5138,15513],"class_list":["post-205806","post","type-post","status-publish","format-standard","has-post-thumbnail","hentry","category-culture","category-societe","category-tunisie","tag-antiterroriste","tag-bat","tag-chien","tag-foire-du-livre","tag-kram","tag-sfdgui"],"yoast_head":"<!-- This site is optimized with the Yoast SEO plugin v26.6 - https:\/\/yoast.com\/wordpress\/plugins\/seo\/ -->\n<title>Frits, le chien antiterroriste, star de la Foire du livre de Tunis (photos) - Kapitalis<\/title>\n<meta name=\"robots\" content=\"index, follow, max-snippet:-1, max-image-preview:large, max-video-preview:-1\" \/>\n<link rel=\"canonical\" href=\"https:\/\/kapitalis.com\/tunisie\/2019\/04\/09\/frits-le-chien-antiterroriste-star-de-la-foire-du-livre-de-tunis-photos\/\" \/>\n<meta property=\"og:locale\" content=\"fr_FR\" \/>\n<meta property=\"og:type\" content=\"article\" \/>\n<meta property=\"og:title\" content=\"Frits, le chien antiterroriste, star de la Foire du livre de Tunis (photos) - Kapitalis\" \/>\n<meta property=\"og:description\" content=\"Frits, le chien de la Brigade antiterroriste (BAT), qui avait \u00e9t\u00e9 bless\u00e9 lors de l\u2019op\u00e9ration de Jelma (Sidi Bouzid), en janvier dernier, fait sensation \u00e0 la Foire internationale du livre de Tunis, qui se d\u00e9roule du 5 au 14 avril au Parc des expositions du Kram.\" \/>\n<meta property=\"og:url\" content=\"https:\/\/kapitalis.com\/tunisie\/2019\/04\/09\/frits-le-chien-antiterroriste-star-de-la-foire-du-livre-de-tunis-photos\/\" \/>\n<meta property=\"og:site_name\" content=\"Kapitalis\" \/>\n<meta property=\"article:publisher\" content=\"https:\/\/www.facebook.com\/KapitalisInfo\/\" \/>\n<meta property=\"article:published_time\" content=\"2019-04-09T11:19:01+00:00\" \/>\n<meta property=\"article:modified_time\" content=\"2019-04-10T11:14:12+00:00\" \/>\n<meta property=\"og:image\" content=\"https:\/\/kapitalis.com\/tunisie\/wp-content\/uploads\/2022\/05\/kapitalis-logo-fb.png\" \/>\n\t<meta property=\"og:image:width\" content=\"1200\" \/>\n\t<meta property=\"og:image:height\" content=\"630\" \/>\n\t<meta property=\"og:image:type\" content=\"image\/png\" \/>\n<meta name=\"author\" content=\"Yusra NY\" \/>\n<meta name=\"twitter:card\" content=\"summary_large_image\" \/>\n<meta name=\"twitter:creator\" content=\"@KapitalisInfo\" \/>\n<meta name=\"twitter:site\" content=\"@KapitalisInfo\" \/>\n<meta name=\"twitter:label1\" content=\"\u00c9crit par\" \/>\n\t<meta name=\"twitter:data1\" content=\"Yusra NY\" \/>\n\t<meta name=\"twitter:label2\" content=\"Dur\u00e9e de lecture estim\u00e9e\" \/>\n\t<meta name=\"twitter:data2\" content=\"1 minute\" \/>\n<script type=\"application\/ld+json\" class=\"yoast-schema-graph\">{\"@context\":\"https:\/\/schema.org\",\"@graph\":[{\"@type\":\"Article\",\"@id\":\"https:\/\/kapitalis.com\/tunisie\/2019\/04\/09\/frits-le-chien-antiterroriste-star-de-la-foire-du-livre-de-tunis-photos\/#article\",\"isPartOf\":{\"@id\":\"https:\/\/kapitalis.com\/tunisie\/2019\/04\/09\/frits-le-chien-antiterroriste-star-de-la-foire-du-livre-de-tunis-photos\/\"},\"author\":{\"name\":\"Yusra NY\",\"@id\":\"https:\/\/kapitalis.com\/tunisie\/#\/schema\/person\/74bbde0154d49d790a92aaeac5bc01d5\"},\"headline\":\"Frits, le chien antiterroriste, star de la Foire du livre de Tunis (photos)\",\"datePublished\":\"2019-04-09T11:19:01+00:00\",\"dateModified\":\"2019-04-10T11:14:12+00:00\",\"mainEntityOfPage\":{\"@id\":\"https:\/\/kapitalis.com\/tunisie\/2019\/04\/09\/frits-le-chien-antiterroriste-star-de-la-foire-du-livre-de-tunis-photos\/\"},\"wordCount\":242,\"commentCount\":5,\"publisher\":{\"@id\":\"https:\/\/kapitalis.com\/tunisie\/#organization\"},\"image\":{\"@id\":\"https:\/\/kapitalis.com\/tunisie\/2019\/04\/09\/frits-le-chien-antiterroriste-star-de-la-foire-du-livre-de-tunis-photos\/#primaryimage\"},\"thumbnailUrl\":\"\",\"keywords\":[\"antiterroriste\",\"BAT\",\"chien\",\"foire du livre\",\"Kram\",\"SFDGUI\"],\"articleSection\":[\"CULTURE\",\"SOCIETE\",\"Tunisie\"],\"inLanguage\":\"fr-FR\",\"potentialAction\":[{\"@type\":\"CommentAction\",\"name\":\"Comment\",\"target\":[\"https:\/\/kapitalis.com\/tunisie\/2019\/04\/09\/frits-le-chien-antiterroriste-star-de-la-foire-du-livre-de-tunis-photos\/#respond\"]}]},{\"@type\":\"WebPage\",\"@id\":\"https:\/\/kapitalis.com\/tunisie\/2019\/04\/09\/frits-le-chien-antiterroriste-star-de-la-foire-du-livre-de-tunis-photos\/\",\"url\":\"https:\/\/kapitalis.com\/tunisie\/2019\/04\/09\/frits-le-chien-antiterroriste-star-de-la-foire-du-livre-de-tunis-photos\/\",\"name\":\"Frits, le chien antiterroriste, star de la Foire du livre de Tunis (photos) - Kapitalis\",\"isPartOf\":{\"@id\":\"https:\/\/kapitalis.com\/tunisie\/#website\"},\"primaryImageOfPage\":{\"@id\":\"https:\/\/kapitalis.com\/tunisie\/2019\/04\/09\/frits-le-chien-antiterroriste-star-de-la-foire-du-livre-de-tunis-photos\/#primaryimage\"},\"image\":{\"@id\":\"https:\/\/kapitalis.com\/tunisie\/2019\/04\/09\/frits-le-chien-antiterroriste-star-de-la-foire-du-livre-de-tunis-photos\/#primaryimage\"},\"thumbnailUrl\":\"\",\"datePublished\":\"2019-04-09T11:19:01+00:00\",\"dateModified\":\"2019-04-10T11:14:12+00:00\",\"breadcrumb\":{\"@id\":\"https:\/\/kapitalis.com\/tunisie\/2019\/04\/09\/frits-le-chien-antiterroriste-star-de-la-foire-du-livre-de-tunis-photos\/#breadcrumb\"},\"inLanguage\":\"fr-FR\",\"potentialAction\":[{\"@type\":\"ReadAction\",\"target\":[\"https:\/\/kapitalis.com\/tunisie\/2019\/04\/09\/frits-le-chien-antiterroriste-star-de-la-foire-du-livre-de-tunis-photos\/\"]}]},{\"@type\":\"ImageObject\",\"inLanguage\":\"fr-FR\",\"@id\":\"https:\/\/kapitalis.com\/tunisie\/2019\/04\/09\/frits-le-chien-antiterroriste-star-de-la-foire-du-livre-de-tunis-photos\/#primaryimage\",\"url\":\"\",\"contentUrl\":\"\"},{\"@type\":\"BreadcrumbList\",\"@id\":\"https:\/\/kapitalis.com\/tunisie\/2019\/04\/09\/frits-le-chien-antiterroriste-star-de-la-foire-du-livre-de-tunis-photos\/#breadcrumb\",\"itemListElement\":[{\"@type\":\"ListItem\",\"position\":1,\"name\":\"Accueil\",\"item\":\"https:\/\/kapitalis.com\/tunisie\/\"},{\"@type\":\"ListItem\",\"position\":2,\"name\":\"Frits, le chien antiterroriste, star de la Foire du livre de Tunis (photos)\"}]},{\"@type\":\"WebSite\",\"@id\":\"https:\/\/kapitalis.com\/tunisie\/#website\",\"url\":\"https:\/\/kapitalis.com\/tunisie\/\",\"name\":\"Kapitalis\",\"description\":\"L&#039;actualit\u00e9 en Tunisie et dans le monde\",\"publisher\":{\"@id\":\"https:\/\/kapitalis.com\/tunisie\/#organization\"},\"potentialAction\":[{\"@type\":\"SearchAction\",\"target\":{\"@type\":\"EntryPoint\",\"urlTemplate\":\"https:\/\/kapitalis.com\/tunisie\/?s={search_term_string}\"},\"query-input\":{\"@type\":\"PropertyValueSpecification\",\"valueRequired\":true,\"valueName\":\"search_term_string\"}}],\"inLanguage\":\"fr-FR\"},{\"@type\":\"Organization\",\"@id\":\"https:\/\/kapitalis.com\/tunisie\/#organization\",\"name\":\"Kapitalis\",\"url\":\"https:\/\/kapitalis.com\/tunisie\/\",\"logo\":{\"@type\":\"ImageObject\",\"inLanguage\":\"fr-FR\",\"@id\":\"https:\/\/kapitalis.com\/tunisie\/#\/schema\/logo\/image\/\",\"url\":\"https:\/\/kapitalis.com\/tunisie\/wp-content\/uploads\/2022\/05\/Kapitalis-big-size.png\",\"contentUrl\":\"https:\/\/kapitalis.com\/tunisie\/wp-content\/uploads\/2022\/05\/Kapitalis-big-size.png\",\"width\":5000,\"height\":1500,\"caption\":\"Kapitalis\"},\"image\":{\"@id\":\"https:\/\/kapitalis.com\/tunisie\/#\/schema\/logo\/image\/\"},\"sameAs\":[\"https:\/\/www.facebook.com\/KapitalisInfo\/\",\"https:\/\/x.com\/KapitalisInfo\",\"https:\/\/www.youtube.com\/channel\/UC-yDYrHyfFBWWZaOw3FPg9Q\"]},{\"@type\":\"Person\",\"@id\":\"https:\/\/kapitalis.com\/tunisie\/#\/schema\/person\/74bbde0154d49d790a92aaeac5bc01d5\",\"name\":\"Yusra NY\",\"url\":\"https:\/\/kapitalis.com\/tunisie\/author\/yuza_adam\/\"}]}<\/script>\n<!-- \/ Yoast SEO plugin. -->","yoast_head_json":{"title":"Frits, le chien antiterroriste, star de la Foire du livre de Tunis (photos) - Kapitalis","robots":{"index":"index","follow":"follow","max-snippet":"max-snippet:-1","max-image-preview":"max-image-preview:large","max-video-preview":"max-video-preview:-1"},"canonical":"https:\/\/kapitalis.com\/tunisie\/2019\/04\/09\/frits-le-chien-antiterroriste-star-de-la-foire-du-livre-de-tunis-photos\/","og_locale":"fr_FR","og_type":"article","og_title":"Frits, le chien antiterroriste, star de la Foire du livre de Tunis (photos) - Kapitalis","og_description":"Frits, le chien de la Brigade antiterroriste (BAT), qui avait \u00e9t\u00e9 bless\u00e9 lors de l\u2019op\u00e9ration de Jelma (Sidi Bouzid), en janvier dernier, fait sensation \u00e0 la Foire internationale du livre de Tunis, qui se d\u00e9roule du 5 au 14 avril au Parc des expositions du Kram.","og_url":"https:\/\/kapitalis.com\/tunisie\/2019\/04\/09\/frits-le-chien-antiterroriste-star-de-la-foire-du-livre-de-tunis-photos\/","og_site_name":"Kapitalis","article_publisher":"https:\/\/www.facebook.com\/KapitalisInfo\/","article_published_time":"2019-04-09T11:19:01+00:00","article_modified_time":"2019-04-10T11:14:12+00:00","og_image":[{"width":1200,"height":630,"url":"https:\/\/kapitalis.com\/tunisie\/wp-content\/uploads\/2022\/05\/kapitalis-logo-fb.png","type":"image\/png"}],"author":"Yusra NY","twitter_card":"summary_large_image","twitter_creator":"@KapitalisInfo","twitter_site":"@KapitalisInfo","twitter_misc":{"\u00c9crit par":"Yusra NY","Dur\u00e9e de lecture estim\u00e9e":"1 minute"},"schema":{"@context":"https:\/\/schema.org","@graph":[{"@type":"Article","@id":"https:\/\/kapitalis.com\/tunisie\/2019\/04\/09\/frits-le-chien-antiterroriste-star-de-la-foire-du-livre-de-tunis-photos\/#article","isPartOf":{"@id":"https:\/\/kapitalis.com\/tunisie\/2019\/04\/09\/frits-le-chien-antiterroriste-star-de-la-foire-du-livre-de-tunis-photos\/"},"author":{"name":"Yusra NY","@id":"https:\/\/kapitalis.com\/tunisie\/#\/schema\/person\/74bbde0154d49d790a92aaeac5bc01d5"},"headline":"Frits, le chien antiterroriste, star de la Foire du livre de Tunis (photos)","datePublished":"2019-04-09T11:19:01+00:00","dateModified":"2019-04-10T11:14:12+00:00","mainEntityOfPage":{"@id":"https:\/\/kapitalis.com\/tunisie\/2019\/04\/09\/frits-le-chien-antiterroriste-star-de-la-foire-du-livre-de-tunis-photos\/"},"wordCount":242,"commentCount":5,"publisher":{"@id":"https:\/\/kapitalis.com\/tunisie\/#organization"},"image":{"@id":"https:\/\/kapitalis.com\/tunisie\/2019\/04\/09\/frits-le-chien-antiterroriste-star-de-la-foire-du-livre-de-tunis-photos\/#primaryimage"},"thumbnailUrl":"","keywords":["antiterroriste","BAT","chien","foire du livre","Kram","SFDGUI"],"articleSection":["CULTURE","SOCIETE","Tunisie"],"inLanguage":"fr-FR","potentialAction":[{"@type":"CommentAction","name":"Comment","target":["https:\/\/kapitalis.com\/tunisie\/2019\/04\/09\/frits-le-chien-antiterroriste-star-de-la-foire-du-livre-de-tunis-photos\/#respond"]}]},{"@type":"WebPage","@id":"https:\/\/kapitalis.com\/tunisie\/2019\/04\/09\/frits-le-chien-antiterroriste-star-de-la-foire-du-livre-de-tunis-photos\/","url":"https:\/\/kapitalis.com\/tunisie\/2019\/04\/09\/frits-le-chien-antiterroriste-star-de-la-foire-du-livre-de-tunis-photos\/","name":"Frits, le chien antiterroriste, star de la Foire du livre de Tunis (photos) - Kapitalis","isPartOf":{"@id":"https:\/\/kapitalis.com\/tunisie\/#website"},"primaryImageOfPage":{"@id":"https:\/\/kapitalis.com\/tunisie\/2019\/04\/09\/frits-le-chien-antiterroriste-star-de-la-foire-du-livre-de-tunis-photos\/#primaryimage"},"image":{"@id":"https:\/\/kapitalis.com\/tunisie\/2019\/04\/09\/frits-le-chien-antiterroriste-star-de-la-foire-du-livre-de-tunis-photos\/#primaryimage"},"thumbnailUrl":"","datePublished":"2019-04-09T11:19:01+00:00","dateModified":"2019-04-10T11:14:12+00:00","breadcrumb":{"@id":"https:\/\/kapitalis.com\/tunisie\/2019\/04\/09\/frits-le-chien-antiterroriste-star-de-la-foire-du-livre-de-tunis-photos\/#breadcrumb"},"inLanguage":"fr-FR","potentialAction":[{"@type":"ReadAction","target":["https:\/\/kapitalis.com\/tunisie\/2019\/04\/09\/frits-le-chien-antiterroriste-star-de-la-foire-du-livre-de-tunis-photos\/"]}]},{"@type":"ImageObject","inLanguage":"fr-FR","@id":"https:\/\/kapitalis.com\/tunisie\/2019\/04\/09\/frits-le-chien-antiterroriste-star-de-la-foire-du-livre-de-tunis-photos\/#primaryimage","url":"","contentUrl":""},{"@type":"BreadcrumbList","@id":"https:\/\/kapitalis.com\/tunisie\/2019\/04\/09\/frits-le-chien-antiterroriste-star-de-la-foire-du-livre-de-tunis-photos\/#breadcrumb","itemListElement":[{"@type":"ListItem","position":1,"name":"Accueil","item":"https:\/\/kapitalis.com\/tunisie\/"},{"@type":"ListItem","position":2,"name":"Frits, le chien antiterroriste, star de la Foire du livre de Tunis (photos)"}]},{"@type":"WebSite","@id":"https:\/\/kapitalis.com\/tunisie\/#website","url":"https:\/\/kapitalis.com\/tunisie\/","name":"Kapitalis","description":"L&#039;actualit\u00e9 en Tunisie et dans le monde","publisher":{"@id":"https:\/\/kapitalis.com\/tunisie\/#organization"},"potentialAction":[{"@type":"SearchAction","target":{"@type":"EntryPoint","urlTemplate":"https:\/\/kapitalis.com\/tunisie\/?s={search_term_string}"},"query-input":{"@type":"PropertyValueSpecification","valueRequired":true,"valueName":"search_term_string"}}],"inLanguage":"fr-FR"},{"@type":"Organization","@id":"https:\/\/kapitalis.com\/tunisie\/#organization","name":"Kapitalis","url":"https:\/\/kapitalis.com\/tunisie\/","logo":{"@type":"ImageObject","inLanguage":"fr-FR","@id":"https:\/\/kapitalis.com\/tunisie\/#\/schema\/logo\/image\/","url":"https:\/\/kapitalis.com\/tunisie\/wp-content\/uploads\/2022\/05\/Kapitalis-big-size.png","contentUrl":"https:\/\/kapitalis.com\/tunisie\/wp-content\/uploads\/2022\/05\/Kapitalis-big-size.png","width":5000,"height":1500,"caption":"Kapitalis"},"image":{"@id":"https:\/\/kapitalis.com\/tunisie\/#\/schema\/logo\/image\/"},"sameAs":["https:\/\/www.facebook.com\/KapitalisInfo\/","https:\/\/x.com\/KapitalisInfo","https:\/\/www.youtube.com\/channel\/UC-yDYrHyfFBWWZaOw3FPg9Q"]},{"@type":"Person","@id":"https:\/\/kapitalis.com\/tunisie\/#\/schema\/person\/74bbde0154d49d790a92aaeac5bc01d5","name":"Yusra NY","url":"https:\/\/kapitalis.com\/tunisie\/author\/yuza_adam\/"}]}},"_links":{"self":[{"href":"https:\/\/kapitalis.com\/tunisie\/wp-json\/wp\/v2\/posts\/205806","targetHints":{"allow":["GET"]}}],"collection":[{"href":"https:\/\/kapitalis.com\/tunisie\/wp-json\/wp\/v2\/posts"}],"about":[{"href":"https:\/\/kapitalis.com\/tunisie\/wp-json\/wp\/v2\/types\/post"}],"author":[{"embeddable":true,"href":"https:\/\/kapitalis.com\/tunisie\/wp-json\/wp\/v2\/users\/6"}],"replies":[{"embeddable":true,"href":"https:\/\/kapitalis.com\/tunisie\/wp-json\/wp\/v2\/comments?post=205806"}],"version-history":[{"count":0,"href":"https:\/\/kapitalis.com\/tunisie\/wp-json\/wp\/v2\/posts\/205806\/revisions"}],"wp:featuredmedia":[{"embeddable":true,"href":"https:\/\/kapitalis.com\/tunisie\/wp-json\/wp\/v2\/media\/205808"}],"wp:attachment":[{"href":"https:\/\/kapitalis.com\/tunisie\/wp-json\/wp\/v2\/media?parent=205806"}],"wp:term":[{"taxonomy":"category","embeddable":true,"href":"https:\/\/kapitalis.com\/tunisie\/wp-json\/wp\/v2\/categories?post=205806"},{"taxonomy":"post_tag","embeddable":true,"href":"https:\/\/kapitalis.com\/tunisie\/wp-json\/wp\/v2\/tags?post=205806"}],"curies":[{"name":"wp","href":"https:\/\/api.w.org\/{rel}","templated":true}]}}