{"id":205843,"date":"2019-04-09T14:18:00","date_gmt":"2019-04-09T13:18:00","guid":{"rendered":"http:\/\/kapitalis.com\/tunisie\/?p=205843"},"modified":"2019-04-09T15:45:18","modified_gmt":"2019-04-09T14:45:18","slug":"tunisie-neuf-raies-geantes-debarquees-au-port-de-kelibia","status":"publish","type":"post","link":"https:\/\/kapitalis.com\/tunisie\/2019\/04\/09\/tunisie-neuf-raies-geantes-debarquees-au-port-de-kelibia\/","title":{"rendered":"Tunisie : Neuf raies g\u00e9antes d\u00e9barqu\u00e9es au port de K\u00e9libia"},"content":{"rendered":"<p style=\"text-align: center;\"><img loading=\"lazy\" decoding=\"async\" class=\"alignnone size-full wp-image-205846\" src=\"http:\/\/kapitalis.com\/tunisie\/wp-content\/uploads\/2019\/04\/Raies-geantes.jpg\" alt=\"\" width=\"626\" height=\"380\" \/><\/p>\n<p><em><strong>Le week-end dernier, samedi 6 et dimanche et 7 avril 2019, 9 raies, diables de mer g\u00e9ants, \u00abMobula mobular\u00bb, ont \u00e9t\u00e9 d\u00e9barqu\u00e9es et vendues. Les raies ont \u00e9t\u00e9 captur\u00e9es comme prises accessoires (bycatch) par une senne tournante.<\/strong><\/em><\/p>\n<p><!--more--><\/p>\n<p>C\u2019est incident malheureux, estiment des organisations internationales op\u00e9rant dans le domaine de la pr\u00e9servation des ressources naturelles dans dans un communiqu\u00e9 publi\u00e9, hier, lundi 8 avril, que nous reproduisons ci-dessous.<\/p>\n<p style=\"text-align: center;\">* * *<\/p>\n<p>La raie Mobula Mobular (Bonnaterre, 1788) est l\u2019une des esp\u00e8ces embl\u00e9matiques de nos oc\u00e9ans. Des \u00e9tudes r\u00e9centes sugg\u00e8rent que c\u2019est une esp\u00e8ce cosmopolite. La population m\u00e9diterran\u00e9enne de l&rsquo;esp\u00e8ce a subi une r\u00e9duction importante d\u2019au moins 50% en trois g\u00e9n\u00e9rations (60 ans), \u00e0 la suite de prises accessoires accidentelles sur plusieurs sites de son aire de r\u00e9partition, mais \u00e9galement de la p\u00eache cibl\u00e9e r\u00e9cemment d\u00e9couverte par les p\u00eacheurs palestiniens.<\/p>\n<p>Bien qu&rsquo;il soit possible que ces esp\u00e8ces aient \u00e9t\u00e9 captur\u00e9s accidentellement, la r\u00e9glementation internationale exige que les p\u00eacheurs les rel\u00e2chent vivantes. Dans le cas signal\u00e9, les individus ont \u00e9t\u00e9 captur\u00e9s \u00e0 la senne tournante ; cet engin de p\u00eache permet de rel\u00e2cher les individus sans les transporter \u00e0 bord, assurant ainsi leur survie.<\/p>\n<p>Il est particuli\u00e8rement important que les autorit\u00e9s comp\u00e9tentes accordent une attention particuli\u00e8re \u00e0 de tels incidents, en tenant compte de l&rsquo;\u00e9tat actuel de la protection et de la conservation de l&rsquo;esp\u00e8ce, et du fait que de telles captures accidentelles pourraient permettre le d\u00e9veloppement d&rsquo;un march\u00e9 ill\u00e9gal. Cela pourrait menacer la survie de la raie diable de mer, une esp\u00e8ce qui pr\u00e9sente de faibles taux de reproduction et de croissance, une longue dur\u00e9e de vie et une nature migratrice.<\/p>\n<p>Des mesures de conservation internationales l\u00e9gales et contraignantes pour les requins et les raies ont \u00e9t\u00e9 \u00e9tablies en M\u00e9diterran\u00e9e, mais leur mise en \u0153uvre est g\u00e9n\u00e9ralement m\u00e9diocre. Nous appelons les autorit\u00e9s comp\u00e9tentes tunisiennes \u00e0 adopter une mesure de protection nationale pour la raie diable de mer et toutes les esp\u00e8ces figurant dans la liste du CGPM \/ 36\/2012\/3, et pour renforcer la mise en \u0153uvre de toutes les mesures contraignantes existantes qui n&rsquo;ont pas encore \u00e9t\u00e9 appliqu\u00e9es efficacement et pourrait contribuer de mani\u00e8re significative \u00e0 la conservation de ces esp\u00e8ces vuln\u00e9rables.<\/p>\n<p>En outre, nous exhortons tous les pays m\u00e9diterran\u00e9ens \u00e0 coop\u00e9rer et \u00e0 faire respecter ces engagements. Il est aussi important de former et de sensibiliser les p\u00eacheurs, les acteurs concern\u00e9s et le grand public sur la valeur et le statut de ces animaux marins embl\u00e9matiques et uniques, qui servent d&rsquo;esp\u00e8ces phares pour la conservation du bassin m\u00e9diterran\u00e9en.<\/p>\n<p><em><strong>Source<\/strong><\/em> : communiqu\u00e9.<\/p>\n","protected":false},"excerpt":{"rendered":"<p>Le week-end dernier, samedi 6 et dimanche et 7 avril 2019, 9 raies, diables de mer g\u00e9ants, \u00abMobula mobular\u00bb, ont \u00e9t\u00e9 d\u00e9barqu\u00e9es et vendues. Les raies ont \u00e9t\u00e9 captur\u00e9es comme prises accessoires (bycatch) par une senne tournante.<\/p>\n","protected":false},"author":8,"featured_media":205846,"comment_status":"open","ping_status":"open","sticky":false,"template":"","format":"standard","meta":{"footnotes":""},"categories":[995,2433],"tags":[595],"class_list":["post-205843","post","type-post","status-publish","format-standard","has-post-thumbnail","hentry","category-economie","category-tunisie","tag-mediterranee"],"yoast_head":"<!-- This site is optimized with the Yoast SEO plugin v26.6 - https:\/\/yoast.com\/wordpress\/plugins\/seo\/ -->\n<title>Tunisie : Neuf raies g\u00e9antes d\u00e9barqu\u00e9es au port de K\u00e9libia - Kapitalis<\/title>\n<meta name=\"robots\" content=\"index, follow, max-snippet:-1, max-image-preview:large, max-video-preview:-1\" \/>\n<link rel=\"canonical\" href=\"https:\/\/kapitalis.com\/tunisie\/2019\/04\/09\/tunisie-neuf-raies-geantes-debarquees-au-port-de-kelibia\/\" \/>\n<meta property=\"og:locale\" content=\"fr_FR\" \/>\n<meta property=\"og:type\" content=\"article\" \/>\n<meta property=\"og:title\" content=\"Tunisie : Neuf raies g\u00e9antes d\u00e9barqu\u00e9es au port de K\u00e9libia - Kapitalis\" \/>\n<meta property=\"og:description\" content=\"Le week-end dernier, samedi 6 et dimanche et 7 avril 2019, 9 raies, diables de mer g\u00e9ants, \u00abMobula mobular\u00bb, ont \u00e9t\u00e9 d\u00e9barqu\u00e9es et vendues. Les raies ont \u00e9t\u00e9 captur\u00e9es comme prises accessoires (bycatch) par une senne tournante.\" \/>\n<meta property=\"og:url\" content=\"https:\/\/kapitalis.com\/tunisie\/2019\/04\/09\/tunisie-neuf-raies-geantes-debarquees-au-port-de-kelibia\/\" \/>\n<meta property=\"og:site_name\" content=\"Kapitalis\" \/>\n<meta property=\"article:publisher\" content=\"https:\/\/www.facebook.com\/KapitalisInfo\/\" \/>\n<meta property=\"article:published_time\" content=\"2019-04-09T13:18:00+00:00\" \/>\n<meta property=\"article:modified_time\" content=\"2019-04-09T14:45:18+00:00\" \/>\n<meta property=\"og:image\" content=\"https:\/\/kapitalis.com\/tunisie\/wp-content\/uploads\/2022\/05\/kapitalis-logo-fb.png\" \/>\n\t<meta property=\"og:image:width\" content=\"1200\" \/>\n\t<meta property=\"og:image:height\" content=\"630\" \/>\n\t<meta property=\"og:image:type\" content=\"image\/png\" \/>\n<meta name=\"author\" content=\"webmaster kapitalis\" \/>\n<meta name=\"twitter:card\" content=\"summary_large_image\" \/>\n<meta name=\"twitter:creator\" content=\"@KapitalisInfo\" \/>\n<meta name=\"twitter:site\" content=\"@KapitalisInfo\" \/>\n<meta name=\"twitter:label1\" content=\"\u00c9crit par\" \/>\n\t<meta name=\"twitter:data1\" content=\"webmaster kapitalis\" \/>\n\t<meta name=\"twitter:label2\" content=\"Dur\u00e9e de lecture estim\u00e9e\" \/>\n\t<meta name=\"twitter:data2\" content=\"2 minutes\" \/>\n<script type=\"application\/ld+json\" class=\"yoast-schema-graph\">{\"@context\":\"https:\/\/schema.org\",\"@graph\":[{\"@type\":\"Article\",\"@id\":\"https:\/\/kapitalis.com\/tunisie\/2019\/04\/09\/tunisie-neuf-raies-geantes-debarquees-au-port-de-kelibia\/#article\",\"isPartOf\":{\"@id\":\"https:\/\/kapitalis.com\/tunisie\/2019\/04\/09\/tunisie-neuf-raies-geantes-debarquees-au-port-de-kelibia\/\"},\"author\":{\"name\":\"webmaster kapitalis\",\"@id\":\"https:\/\/kapitalis.com\/tunisie\/#\/schema\/person\/d71f33a9ca44f7bad4698210b480c8e9\"},\"headline\":\"Tunisie : Neuf raies g\u00e9antes d\u00e9barqu\u00e9es au port de K\u00e9libia\",\"datePublished\":\"2019-04-09T13:18:00+00:00\",\"dateModified\":\"2019-04-09T14:45:18+00:00\",\"mainEntityOfPage\":{\"@id\":\"https:\/\/kapitalis.com\/tunisie\/2019\/04\/09\/tunisie-neuf-raies-geantes-debarquees-au-port-de-kelibia\/\"},\"wordCount\":479,\"commentCount\":4,\"publisher\":{\"@id\":\"https:\/\/kapitalis.com\/tunisie\/#organization\"},\"image\":{\"@id\":\"https:\/\/kapitalis.com\/tunisie\/2019\/04\/09\/tunisie-neuf-raies-geantes-debarquees-au-port-de-kelibia\/#primaryimage\"},\"thumbnailUrl\":\"\",\"keywords\":[\"M\u00e9diterran\u00e9e\"],\"articleSection\":[\"ECONOMIE\",\"Tunisie\"],\"inLanguage\":\"fr-FR\",\"potentialAction\":[{\"@type\":\"CommentAction\",\"name\":\"Comment\",\"target\":[\"https:\/\/kapitalis.com\/tunisie\/2019\/04\/09\/tunisie-neuf-raies-geantes-debarquees-au-port-de-kelibia\/#respond\"]}]},{\"@type\":\"WebPage\",\"@id\":\"https:\/\/kapitalis.com\/tunisie\/2019\/04\/09\/tunisie-neuf-raies-geantes-debarquees-au-port-de-kelibia\/\",\"url\":\"https:\/\/kapitalis.com\/tunisie\/2019\/04\/09\/tunisie-neuf-raies-geantes-debarquees-au-port-de-kelibia\/\",\"name\":\"Tunisie : Neuf raies g\u00e9antes d\u00e9barqu\u00e9es au port de K\u00e9libia - Kapitalis\",\"isPartOf\":{\"@id\":\"https:\/\/kapitalis.com\/tunisie\/#website\"},\"primaryImageOfPage\":{\"@id\":\"https:\/\/kapitalis.com\/tunisie\/2019\/04\/09\/tunisie-neuf-raies-geantes-debarquees-au-port-de-kelibia\/#primaryimage\"},\"image\":{\"@id\":\"https:\/\/kapitalis.com\/tunisie\/2019\/04\/09\/tunisie-neuf-raies-geantes-debarquees-au-port-de-kelibia\/#primaryimage\"},\"thumbnailUrl\":\"\",\"datePublished\":\"2019-04-09T13:18:00+00:00\",\"dateModified\":\"2019-04-09T14:45:18+00:00\",\"breadcrumb\":{\"@id\":\"https:\/\/kapitalis.com\/tunisie\/2019\/04\/09\/tunisie-neuf-raies-geantes-debarquees-au-port-de-kelibia\/#breadcrumb\"},\"inLanguage\":\"fr-FR\",\"potentialAction\":[{\"@type\":\"ReadAction\",\"target\":[\"https:\/\/kapitalis.com\/tunisie\/2019\/04\/09\/tunisie-neuf-raies-geantes-debarquees-au-port-de-kelibia\/\"]}]},{\"@type\":\"ImageObject\",\"inLanguage\":\"fr-FR\",\"@id\":\"https:\/\/kapitalis.com\/tunisie\/2019\/04\/09\/tunisie-neuf-raies-geantes-debarquees-au-port-de-kelibia\/#primaryimage\",\"url\":\"\",\"contentUrl\":\"\"},{\"@type\":\"BreadcrumbList\",\"@id\":\"https:\/\/kapitalis.com\/tunisie\/2019\/04\/09\/tunisie-neuf-raies-geantes-debarquees-au-port-de-kelibia\/#breadcrumb\",\"itemListElement\":[{\"@type\":\"ListItem\",\"position\":1,\"name\":\"Accueil\",\"item\":\"https:\/\/kapitalis.com\/tunisie\/\"},{\"@type\":\"ListItem\",\"position\":2,\"name\":\"Tunisie : Neuf raies g\u00e9antes d\u00e9barqu\u00e9es au port de K\u00e9libia\"}]},{\"@type\":\"WebSite\",\"@id\":\"https:\/\/kapitalis.com\/tunisie\/#website\",\"url\":\"https:\/\/kapitalis.com\/tunisie\/\",\"name\":\"Kapitalis\",\"description\":\"L&#039;actualit\u00e9 en Tunisie et dans le monde\",\"publisher\":{\"@id\":\"https:\/\/kapitalis.com\/tunisie\/#organization\"},\"potentialAction\":[{\"@type\":\"SearchAction\",\"target\":{\"@type\":\"EntryPoint\",\"urlTemplate\":\"https:\/\/kapitalis.com\/tunisie\/?s={search_term_string}\"},\"query-input\":{\"@type\":\"PropertyValueSpecification\",\"valueRequired\":true,\"valueName\":\"search_term_string\"}}],\"inLanguage\":\"fr-FR\"},{\"@type\":\"Organization\",\"@id\":\"https:\/\/kapitalis.com\/tunisie\/#organization\",\"name\":\"Kapitalis\",\"url\":\"https:\/\/kapitalis.com\/tunisie\/\",\"logo\":{\"@type\":\"ImageObject\",\"inLanguage\":\"fr-FR\",\"@id\":\"https:\/\/kapitalis.com\/tunisie\/#\/schema\/logo\/image\/\",\"url\":\"https:\/\/kapitalis.com\/tunisie\/wp-content\/uploads\/2022\/05\/Kapitalis-big-size.png\",\"contentUrl\":\"https:\/\/kapitalis.com\/tunisie\/wp-content\/uploads\/2022\/05\/Kapitalis-big-size.png\",\"width\":5000,\"height\":1500,\"caption\":\"Kapitalis\"},\"image\":{\"@id\":\"https:\/\/kapitalis.com\/tunisie\/#\/schema\/logo\/image\/\"},\"sameAs\":[\"https:\/\/www.facebook.com\/KapitalisInfo\/\",\"https:\/\/x.com\/KapitalisInfo\",\"https:\/\/www.youtube.com\/channel\/UC-yDYrHyfFBWWZaOw3FPg9Q\"]},{\"@type\":\"Person\",\"@id\":\"https:\/\/kapitalis.com\/tunisie\/#\/schema\/person\/d71f33a9ca44f7bad4698210b480c8e9\",\"name\":\"webmaster kapitalis\",\"url\":\"https:\/\/kapitalis.com\/tunisie\/author\/webmaster-kapitalis\/\"}]}<\/script>\n<!-- \/ Yoast SEO plugin. -->","yoast_head_json":{"title":"Tunisie : Neuf raies g\u00e9antes d\u00e9barqu\u00e9es au port de K\u00e9libia - Kapitalis","robots":{"index":"index","follow":"follow","max-snippet":"max-snippet:-1","max-image-preview":"max-image-preview:large","max-video-preview":"max-video-preview:-1"},"canonical":"https:\/\/kapitalis.com\/tunisie\/2019\/04\/09\/tunisie-neuf-raies-geantes-debarquees-au-port-de-kelibia\/","og_locale":"fr_FR","og_type":"article","og_title":"Tunisie : Neuf raies g\u00e9antes d\u00e9barqu\u00e9es au port de K\u00e9libia - Kapitalis","og_description":"Le week-end dernier, samedi 6 et dimanche et 7 avril 2019, 9 raies, diables de mer g\u00e9ants, \u00abMobula mobular\u00bb, ont \u00e9t\u00e9 d\u00e9barqu\u00e9es et vendues. Les raies ont \u00e9t\u00e9 captur\u00e9es comme prises accessoires (bycatch) par une senne tournante.","og_url":"https:\/\/kapitalis.com\/tunisie\/2019\/04\/09\/tunisie-neuf-raies-geantes-debarquees-au-port-de-kelibia\/","og_site_name":"Kapitalis","article_publisher":"https:\/\/www.facebook.com\/KapitalisInfo\/","article_published_time":"2019-04-09T13:18:00+00:00","article_modified_time":"2019-04-09T14:45:18+00:00","og_image":[{"width":1200,"height":630,"url":"https:\/\/kapitalis.com\/tunisie\/wp-content\/uploads\/2022\/05\/kapitalis-logo-fb.png","type":"image\/png"}],"author":"webmaster kapitalis","twitter_card":"summary_large_image","twitter_creator":"@KapitalisInfo","twitter_site":"@KapitalisInfo","twitter_misc":{"\u00c9crit par":"webmaster kapitalis","Dur\u00e9e de lecture estim\u00e9e":"2 minutes"},"schema":{"@context":"https:\/\/schema.org","@graph":[{"@type":"Article","@id":"https:\/\/kapitalis.com\/tunisie\/2019\/04\/09\/tunisie-neuf-raies-geantes-debarquees-au-port-de-kelibia\/#article","isPartOf":{"@id":"https:\/\/kapitalis.com\/tunisie\/2019\/04\/09\/tunisie-neuf-raies-geantes-debarquees-au-port-de-kelibia\/"},"author":{"name":"webmaster kapitalis","@id":"https:\/\/kapitalis.com\/tunisie\/#\/schema\/person\/d71f33a9ca44f7bad4698210b480c8e9"},"headline":"Tunisie : Neuf raies g\u00e9antes d\u00e9barqu\u00e9es au port de K\u00e9libia","datePublished":"2019-04-09T13:18:00+00:00","dateModified":"2019-04-09T14:45:18+00:00","mainEntityOfPage":{"@id":"https:\/\/kapitalis.com\/tunisie\/2019\/04\/09\/tunisie-neuf-raies-geantes-debarquees-au-port-de-kelibia\/"},"wordCount":479,"commentCount":4,"publisher":{"@id":"https:\/\/kapitalis.com\/tunisie\/#organization"},"image":{"@id":"https:\/\/kapitalis.com\/tunisie\/2019\/04\/09\/tunisie-neuf-raies-geantes-debarquees-au-port-de-kelibia\/#primaryimage"},"thumbnailUrl":"","keywords":["M\u00e9diterran\u00e9e"],"articleSection":["ECONOMIE","Tunisie"],"inLanguage":"fr-FR","potentialAction":[{"@type":"CommentAction","name":"Comment","target":["https:\/\/kapitalis.com\/tunisie\/2019\/04\/09\/tunisie-neuf-raies-geantes-debarquees-au-port-de-kelibia\/#respond"]}]},{"@type":"WebPage","@id":"https:\/\/kapitalis.com\/tunisie\/2019\/04\/09\/tunisie-neuf-raies-geantes-debarquees-au-port-de-kelibia\/","url":"https:\/\/kapitalis.com\/tunisie\/2019\/04\/09\/tunisie-neuf-raies-geantes-debarquees-au-port-de-kelibia\/","name":"Tunisie : Neuf raies g\u00e9antes d\u00e9barqu\u00e9es au port de K\u00e9libia - Kapitalis","isPartOf":{"@id":"https:\/\/kapitalis.com\/tunisie\/#website"},"primaryImageOfPage":{"@id":"https:\/\/kapitalis.com\/tunisie\/2019\/04\/09\/tunisie-neuf-raies-geantes-debarquees-au-port-de-kelibia\/#primaryimage"},"image":{"@id":"https:\/\/kapitalis.com\/tunisie\/2019\/04\/09\/tunisie-neuf-raies-geantes-debarquees-au-port-de-kelibia\/#primaryimage"},"thumbnailUrl":"","datePublished":"2019-04-09T13:18:00+00:00","dateModified":"2019-04-09T14:45:18+00:00","breadcrumb":{"@id":"https:\/\/kapitalis.com\/tunisie\/2019\/04\/09\/tunisie-neuf-raies-geantes-debarquees-au-port-de-kelibia\/#breadcrumb"},"inLanguage":"fr-FR","potentialAction":[{"@type":"ReadAction","target":["https:\/\/kapitalis.com\/tunisie\/2019\/04\/09\/tunisie-neuf-raies-geantes-debarquees-au-port-de-kelibia\/"]}]},{"@type":"ImageObject","inLanguage":"fr-FR","@id":"https:\/\/kapitalis.com\/tunisie\/2019\/04\/09\/tunisie-neuf-raies-geantes-debarquees-au-port-de-kelibia\/#primaryimage","url":"","contentUrl":""},{"@type":"BreadcrumbList","@id":"https:\/\/kapitalis.com\/tunisie\/2019\/04\/09\/tunisie-neuf-raies-geantes-debarquees-au-port-de-kelibia\/#breadcrumb","itemListElement":[{"@type":"ListItem","position":1,"name":"Accueil","item":"https:\/\/kapitalis.com\/tunisie\/"},{"@type":"ListItem","position":2,"name":"Tunisie : Neuf raies g\u00e9antes d\u00e9barqu\u00e9es au port de K\u00e9libia"}]},{"@type":"WebSite","@id":"https:\/\/kapitalis.com\/tunisie\/#website","url":"https:\/\/kapitalis.com\/tunisie\/","name":"Kapitalis","description":"L&#039;actualit\u00e9 en Tunisie et dans le monde","publisher":{"@id":"https:\/\/kapitalis.com\/tunisie\/#organization"},"potentialAction":[{"@type":"SearchAction","target":{"@type":"EntryPoint","urlTemplate":"https:\/\/kapitalis.com\/tunisie\/?s={search_term_string}"},"query-input":{"@type":"PropertyValueSpecification","valueRequired":true,"valueName":"search_term_string"}}],"inLanguage":"fr-FR"},{"@type":"Organization","@id":"https:\/\/kapitalis.com\/tunisie\/#organization","name":"Kapitalis","url":"https:\/\/kapitalis.com\/tunisie\/","logo":{"@type":"ImageObject","inLanguage":"fr-FR","@id":"https:\/\/kapitalis.com\/tunisie\/#\/schema\/logo\/image\/","url":"https:\/\/kapitalis.com\/tunisie\/wp-content\/uploads\/2022\/05\/Kapitalis-big-size.png","contentUrl":"https:\/\/kapitalis.com\/tunisie\/wp-content\/uploads\/2022\/05\/Kapitalis-big-size.png","width":5000,"height":1500,"caption":"Kapitalis"},"image":{"@id":"https:\/\/kapitalis.com\/tunisie\/#\/schema\/logo\/image\/"},"sameAs":["https:\/\/www.facebook.com\/KapitalisInfo\/","https:\/\/x.com\/KapitalisInfo","https:\/\/www.youtube.com\/channel\/UC-yDYrHyfFBWWZaOw3FPg9Q"]},{"@type":"Person","@id":"https:\/\/kapitalis.com\/tunisie\/#\/schema\/person\/d71f33a9ca44f7bad4698210b480c8e9","name":"webmaster kapitalis","url":"https:\/\/kapitalis.com\/tunisie\/author\/webmaster-kapitalis\/"}]}},"_links":{"self":[{"href":"https:\/\/kapitalis.com\/tunisie\/wp-json\/wp\/v2\/posts\/205843","targetHints":{"allow":["GET"]}}],"collection":[{"href":"https:\/\/kapitalis.com\/tunisie\/wp-json\/wp\/v2\/posts"}],"about":[{"href":"https:\/\/kapitalis.com\/tunisie\/wp-json\/wp\/v2\/types\/post"}],"author":[{"embeddable":true,"href":"https:\/\/kapitalis.com\/tunisie\/wp-json\/wp\/v2\/users\/8"}],"replies":[{"embeddable":true,"href":"https:\/\/kapitalis.com\/tunisie\/wp-json\/wp\/v2\/comments?post=205843"}],"version-history":[{"count":0,"href":"https:\/\/kapitalis.com\/tunisie\/wp-json\/wp\/v2\/posts\/205843\/revisions"}],"wp:featuredmedia":[{"embeddable":true,"href":"https:\/\/kapitalis.com\/tunisie\/wp-json\/wp\/v2\/media\/205846"}],"wp:attachment":[{"href":"https:\/\/kapitalis.com\/tunisie\/wp-json\/wp\/v2\/media?parent=205843"}],"wp:term":[{"taxonomy":"category","embeddable":true,"href":"https:\/\/kapitalis.com\/tunisie\/wp-json\/wp\/v2\/categories?post=205843"},{"taxonomy":"post_tag","embeddable":true,"href":"https:\/\/kapitalis.com\/tunisie\/wp-json\/wp\/v2\/tags?post=205843"}],"curies":[{"name":"wp","href":"https:\/\/api.w.org\/{rel}","templated":true}]}}