{"id":206088,"date":"2019-04-11T09:43:10","date_gmt":"2019-04-11T08:43:10","guid":{"rendered":"http:\/\/kapitalis.com\/tunisie\/?p=206088"},"modified":"2019-04-11T09:43:10","modified_gmt":"2019-04-11T08:43:10","slug":"la-douane-tunisienne-reorganise-son-systeme-de-formation","status":"publish","type":"post","link":"https:\/\/kapitalis.com\/tunisie\/2019\/04\/11\/la-douane-tunisienne-reorganise-son-systeme-de-formation\/","title":{"rendered":"La douane tunisienne r\u00e9organise son syst\u00e8me de formation"},"content":{"rendered":"<p><img loading=\"lazy\" decoding=\"async\" class=\"aligncenter size-full wp-image-206146\" src=\"http:\/\/kapitalis.com\/tunisie\/wp-content\/uploads\/2019\/04\/douane.jpg\" alt=\"\" width=\"626\" height=\"380\" \/><\/p>\n<p><strong><em>Suite \u00e0 une demande de la douane tunisienne, une \u00e9quipe de l&rsquo;Organisation mondiale des douanes (OMD) a effectu\u00e9 une mission de diagnostic \u00e0 Tunis du 4 au 8 mars 2019, pour \u00e9valuer son syst\u00e8me de formation. <\/em><\/strong><\/p>\n<p><!--more--><\/p>\n<p>La mission fait partie du soutien de l&rsquo;OMD \u00e0 la douane tunisienne pour l&rsquo;aider \u00e0 mettre en \u0153uvre le projet strat\u00e9gique de modernisation de la gestion des ressources humaines, en particulier la conception et la mise en \u0153uvre d&rsquo;un processus de d\u00e9veloppement des comp\u00e9tences.<\/p>\n<p>L\u2019objectif principal \u00e9tait d\u2019\u00e9valuer le syst\u00e8me de formation actuel, en le comparant aux normes de l\u2019OMD et aux meilleures pratiques internationales dans ce domaine, et de proposer les recommandations pour son am\u00e9lioration.<\/p>\n<p>Les membres de la mission ont pu examiner les documents de formation strat\u00e9gique, et identifier les lacunes et les faiblesses de la formation actuelle. Aussi, un plan d&rsquo;action comportant des objectifs et des normes d&rsquo;\u00e9valuation r\u00e9alistes et mesurables a \u00e9t\u00e9 \u00e9labor\u00e9 et pr\u00e9sent\u00e9 au directeur g\u00e9n\u00e9ral de la douane par l&rsquo;\u00e9quipe de projet.<\/p>\n<p><strong><em>Source\u00a0:<\/em><\/strong> <a href=\"http:\/\/www.wcoomd.org\/fr\/media\/newsroom\/2019\/april\/tunisia-is-revamping-its-training-system.aspx\" target=\"_blank\" rel=\"noopener\">Communiqu\u00e9 de l&rsquo;OMD du 2 avril 2019<\/a> <em>(traduit de l\u2019anglais par Kapitalis \u2013 A.M.)<\/em><\/p>\n","protected":false},"excerpt":{"rendered":"<p>Suite \u00e0 une demande de la douane tunisienne, une \u00e9quipe de l&rsquo;Organisation mondiale des douanes (OMD) a effectu\u00e9 une mission de diagnostic \u00e0 Tunis du 4 au 8 mars 2019, pour \u00e9valuer son syst\u00e8me de formation.<\/p>\n","protected":false},"author":22,"featured_media":206146,"comment_status":"open","ping_status":"open","sticky":false,"template":"","format":"standard","meta":{"footnotes":""},"categories":[995,2433],"tags":[1692,2182],"class_list":["post-206088","post","type-post","status-publish","format-standard","has-post-thumbnail","hentry","category-economie","category-tunisie","tag-douane-tunisienne","tag-formation"],"yoast_head":"<!-- This site is optimized with the Yoast SEO plugin v26.6 - https:\/\/yoast.com\/wordpress\/plugins\/seo\/ -->\n<title>La douane tunisienne r\u00e9organise son syst\u00e8me de formation - Kapitalis<\/title>\n<meta name=\"robots\" content=\"index, follow, max-snippet:-1, max-image-preview:large, max-video-preview:-1\" \/>\n<link rel=\"canonical\" href=\"https:\/\/kapitalis.com\/tunisie\/2019\/04\/11\/la-douane-tunisienne-reorganise-son-systeme-de-formation\/\" \/>\n<meta property=\"og:locale\" content=\"fr_FR\" \/>\n<meta property=\"og:type\" content=\"article\" \/>\n<meta property=\"og:title\" content=\"La douane tunisienne r\u00e9organise son syst\u00e8me de formation - Kapitalis\" \/>\n<meta property=\"og:description\" content=\"Suite \u00e0 une demande de la douane tunisienne, une \u00e9quipe de l&rsquo;Organisation mondiale des douanes (OMD) a effectu\u00e9 une mission de diagnostic \u00e0 Tunis du 4 au 8 mars 2019, pour \u00e9valuer son syst\u00e8me de formation.\" \/>\n<meta property=\"og:url\" content=\"https:\/\/kapitalis.com\/tunisie\/2019\/04\/11\/la-douane-tunisienne-reorganise-son-systeme-de-formation\/\" \/>\n<meta property=\"og:site_name\" content=\"Kapitalis\" \/>\n<meta property=\"article:publisher\" content=\"https:\/\/www.facebook.com\/KapitalisInfo\/\" \/>\n<meta property=\"article:published_time\" content=\"2019-04-11T08:43:10+00:00\" \/>\n<meta property=\"og:image\" content=\"https:\/\/kapitalis.com\/tunisie\/wp-content\/uploads\/2022\/05\/kapitalis-logo-fb.png\" \/>\n\t<meta property=\"og:image:width\" content=\"1200\" \/>\n\t<meta property=\"og:image:height\" content=\"630\" \/>\n\t<meta property=\"og:image:type\" content=\"image\/png\" \/>\n<meta name=\"author\" content=\"Amina Mkada\" \/>\n<meta name=\"twitter:card\" content=\"summary_large_image\" \/>\n<meta name=\"twitter:creator\" content=\"@KapitalisInfo\" \/>\n<meta name=\"twitter:site\" content=\"@KapitalisInfo\" \/>\n<meta name=\"twitter:label1\" content=\"\u00c9crit par\" \/>\n\t<meta name=\"twitter:data1\" content=\"Amina Mkada\" \/>\n\t<meta name=\"twitter:label2\" content=\"Dur\u00e9e de lecture estim\u00e9e\" \/>\n\t<meta name=\"twitter:data2\" content=\"1 minute\" \/>\n<script type=\"application\/ld+json\" class=\"yoast-schema-graph\">{\"@context\":\"https:\/\/schema.org\",\"@graph\":[{\"@type\":\"Article\",\"@id\":\"https:\/\/kapitalis.com\/tunisie\/2019\/04\/11\/la-douane-tunisienne-reorganise-son-systeme-de-formation\/#article\",\"isPartOf\":{\"@id\":\"https:\/\/kapitalis.com\/tunisie\/2019\/04\/11\/la-douane-tunisienne-reorganise-son-systeme-de-formation\/\"},\"author\":{\"name\":\"Amina Mkada\",\"@id\":\"https:\/\/kapitalis.com\/tunisie\/#\/schema\/person\/093913313d3017554cb3ad077fff3fbd\"},\"headline\":\"La douane tunisienne r\u00e9organise son syst\u00e8me de formation\",\"datePublished\":\"2019-04-11T08:43:10+00:00\",\"mainEntityOfPage\":{\"@id\":\"https:\/\/kapitalis.com\/tunisie\/2019\/04\/11\/la-douane-tunisienne-reorganise-son-systeme-de-formation\/\"},\"wordCount\":198,\"commentCount\":1,\"publisher\":{\"@id\":\"https:\/\/kapitalis.com\/tunisie\/#organization\"},\"image\":{\"@id\":\"https:\/\/kapitalis.com\/tunisie\/2019\/04\/11\/la-douane-tunisienne-reorganise-son-systeme-de-formation\/#primaryimage\"},\"thumbnailUrl\":\"\",\"keywords\":[\"douane tunisienne\",\"formation\"],\"articleSection\":[\"ECONOMIE\",\"Tunisie\"],\"inLanguage\":\"fr-FR\",\"potentialAction\":[{\"@type\":\"CommentAction\",\"name\":\"Comment\",\"target\":[\"https:\/\/kapitalis.com\/tunisie\/2019\/04\/11\/la-douane-tunisienne-reorganise-son-systeme-de-formation\/#respond\"]}]},{\"@type\":\"WebPage\",\"@id\":\"https:\/\/kapitalis.com\/tunisie\/2019\/04\/11\/la-douane-tunisienne-reorganise-son-systeme-de-formation\/\",\"url\":\"https:\/\/kapitalis.com\/tunisie\/2019\/04\/11\/la-douane-tunisienne-reorganise-son-systeme-de-formation\/\",\"name\":\"La douane tunisienne r\u00e9organise son syst\u00e8me de formation - Kapitalis\",\"isPartOf\":{\"@id\":\"https:\/\/kapitalis.com\/tunisie\/#website\"},\"primaryImageOfPage\":{\"@id\":\"https:\/\/kapitalis.com\/tunisie\/2019\/04\/11\/la-douane-tunisienne-reorganise-son-systeme-de-formation\/#primaryimage\"},\"image\":{\"@id\":\"https:\/\/kapitalis.com\/tunisie\/2019\/04\/11\/la-douane-tunisienne-reorganise-son-systeme-de-formation\/#primaryimage\"},\"thumbnailUrl\":\"\",\"datePublished\":\"2019-04-11T08:43:10+00:00\",\"breadcrumb\":{\"@id\":\"https:\/\/kapitalis.com\/tunisie\/2019\/04\/11\/la-douane-tunisienne-reorganise-son-systeme-de-formation\/#breadcrumb\"},\"inLanguage\":\"fr-FR\",\"potentialAction\":[{\"@type\":\"ReadAction\",\"target\":[\"https:\/\/kapitalis.com\/tunisie\/2019\/04\/11\/la-douane-tunisienne-reorganise-son-systeme-de-formation\/\"]}]},{\"@type\":\"ImageObject\",\"inLanguage\":\"fr-FR\",\"@id\":\"https:\/\/kapitalis.com\/tunisie\/2019\/04\/11\/la-douane-tunisienne-reorganise-son-systeme-de-formation\/#primaryimage\",\"url\":\"\",\"contentUrl\":\"\"},{\"@type\":\"BreadcrumbList\",\"@id\":\"https:\/\/kapitalis.com\/tunisie\/2019\/04\/11\/la-douane-tunisienne-reorganise-son-systeme-de-formation\/#breadcrumb\",\"itemListElement\":[{\"@type\":\"ListItem\",\"position\":1,\"name\":\"Accueil\",\"item\":\"https:\/\/kapitalis.com\/tunisie\/\"},{\"@type\":\"ListItem\",\"position\":2,\"name\":\"La douane tunisienne r\u00e9organise son syst\u00e8me de formation\"}]},{\"@type\":\"WebSite\",\"@id\":\"https:\/\/kapitalis.com\/tunisie\/#website\",\"url\":\"https:\/\/kapitalis.com\/tunisie\/\",\"name\":\"Kapitalis\",\"description\":\"L&#039;actualit\u00e9 en Tunisie et dans le monde\",\"publisher\":{\"@id\":\"https:\/\/kapitalis.com\/tunisie\/#organization\"},\"potentialAction\":[{\"@type\":\"SearchAction\",\"target\":{\"@type\":\"EntryPoint\",\"urlTemplate\":\"https:\/\/kapitalis.com\/tunisie\/?s={search_term_string}\"},\"query-input\":{\"@type\":\"PropertyValueSpecification\",\"valueRequired\":true,\"valueName\":\"search_term_string\"}}],\"inLanguage\":\"fr-FR\"},{\"@type\":\"Organization\",\"@id\":\"https:\/\/kapitalis.com\/tunisie\/#organization\",\"name\":\"Kapitalis\",\"url\":\"https:\/\/kapitalis.com\/tunisie\/\",\"logo\":{\"@type\":\"ImageObject\",\"inLanguage\":\"fr-FR\",\"@id\":\"https:\/\/kapitalis.com\/tunisie\/#\/schema\/logo\/image\/\",\"url\":\"https:\/\/kapitalis.com\/tunisie\/wp-content\/uploads\/2022\/05\/Kapitalis-big-size.png\",\"contentUrl\":\"https:\/\/kapitalis.com\/tunisie\/wp-content\/uploads\/2022\/05\/Kapitalis-big-size.png\",\"width\":5000,\"height\":1500,\"caption\":\"Kapitalis\"},\"image\":{\"@id\":\"https:\/\/kapitalis.com\/tunisie\/#\/schema\/logo\/image\/\"},\"sameAs\":[\"https:\/\/www.facebook.com\/KapitalisInfo\/\",\"https:\/\/x.com\/KapitalisInfo\",\"https:\/\/www.youtube.com\/channel\/UC-yDYrHyfFBWWZaOw3FPg9Q\"]},{\"@type\":\"Person\",\"@id\":\"https:\/\/kapitalis.com\/tunisie\/#\/schema\/person\/093913313d3017554cb3ad077fff3fbd\",\"name\":\"Amina Mkada\",\"url\":\"https:\/\/kapitalis.com\/tunisie\/author\/amina\/\"}]}<\/script>\n<!-- \/ Yoast SEO plugin. -->","yoast_head_json":{"title":"La douane tunisienne r\u00e9organise son syst\u00e8me de formation - Kapitalis","robots":{"index":"index","follow":"follow","max-snippet":"max-snippet:-1","max-image-preview":"max-image-preview:large","max-video-preview":"max-video-preview:-1"},"canonical":"https:\/\/kapitalis.com\/tunisie\/2019\/04\/11\/la-douane-tunisienne-reorganise-son-systeme-de-formation\/","og_locale":"fr_FR","og_type":"article","og_title":"La douane tunisienne r\u00e9organise son syst\u00e8me de formation - Kapitalis","og_description":"Suite \u00e0 une demande de la douane tunisienne, une \u00e9quipe de l&rsquo;Organisation mondiale des douanes (OMD) a effectu\u00e9 une mission de diagnostic \u00e0 Tunis du 4 au 8 mars 2019, pour \u00e9valuer son syst\u00e8me de formation.","og_url":"https:\/\/kapitalis.com\/tunisie\/2019\/04\/11\/la-douane-tunisienne-reorganise-son-systeme-de-formation\/","og_site_name":"Kapitalis","article_publisher":"https:\/\/www.facebook.com\/KapitalisInfo\/","article_published_time":"2019-04-11T08:43:10+00:00","og_image":[{"width":1200,"height":630,"url":"https:\/\/kapitalis.com\/tunisie\/wp-content\/uploads\/2022\/05\/kapitalis-logo-fb.png","type":"image\/png"}],"author":"Amina Mkada","twitter_card":"summary_large_image","twitter_creator":"@KapitalisInfo","twitter_site":"@KapitalisInfo","twitter_misc":{"\u00c9crit par":"Amina Mkada","Dur\u00e9e de lecture estim\u00e9e":"1 minute"},"schema":{"@context":"https:\/\/schema.org","@graph":[{"@type":"Article","@id":"https:\/\/kapitalis.com\/tunisie\/2019\/04\/11\/la-douane-tunisienne-reorganise-son-systeme-de-formation\/#article","isPartOf":{"@id":"https:\/\/kapitalis.com\/tunisie\/2019\/04\/11\/la-douane-tunisienne-reorganise-son-systeme-de-formation\/"},"author":{"name":"Amina Mkada","@id":"https:\/\/kapitalis.com\/tunisie\/#\/schema\/person\/093913313d3017554cb3ad077fff3fbd"},"headline":"La douane tunisienne r\u00e9organise son syst\u00e8me de formation","datePublished":"2019-04-11T08:43:10+00:00","mainEntityOfPage":{"@id":"https:\/\/kapitalis.com\/tunisie\/2019\/04\/11\/la-douane-tunisienne-reorganise-son-systeme-de-formation\/"},"wordCount":198,"commentCount":1,"publisher":{"@id":"https:\/\/kapitalis.com\/tunisie\/#organization"},"image":{"@id":"https:\/\/kapitalis.com\/tunisie\/2019\/04\/11\/la-douane-tunisienne-reorganise-son-systeme-de-formation\/#primaryimage"},"thumbnailUrl":"","keywords":["douane tunisienne","formation"],"articleSection":["ECONOMIE","Tunisie"],"inLanguage":"fr-FR","potentialAction":[{"@type":"CommentAction","name":"Comment","target":["https:\/\/kapitalis.com\/tunisie\/2019\/04\/11\/la-douane-tunisienne-reorganise-son-systeme-de-formation\/#respond"]}]},{"@type":"WebPage","@id":"https:\/\/kapitalis.com\/tunisie\/2019\/04\/11\/la-douane-tunisienne-reorganise-son-systeme-de-formation\/","url":"https:\/\/kapitalis.com\/tunisie\/2019\/04\/11\/la-douane-tunisienne-reorganise-son-systeme-de-formation\/","name":"La douane tunisienne r\u00e9organise son syst\u00e8me de formation - Kapitalis","isPartOf":{"@id":"https:\/\/kapitalis.com\/tunisie\/#website"},"primaryImageOfPage":{"@id":"https:\/\/kapitalis.com\/tunisie\/2019\/04\/11\/la-douane-tunisienne-reorganise-son-systeme-de-formation\/#primaryimage"},"image":{"@id":"https:\/\/kapitalis.com\/tunisie\/2019\/04\/11\/la-douane-tunisienne-reorganise-son-systeme-de-formation\/#primaryimage"},"thumbnailUrl":"","datePublished":"2019-04-11T08:43:10+00:00","breadcrumb":{"@id":"https:\/\/kapitalis.com\/tunisie\/2019\/04\/11\/la-douane-tunisienne-reorganise-son-systeme-de-formation\/#breadcrumb"},"inLanguage":"fr-FR","potentialAction":[{"@type":"ReadAction","target":["https:\/\/kapitalis.com\/tunisie\/2019\/04\/11\/la-douane-tunisienne-reorganise-son-systeme-de-formation\/"]}]},{"@type":"ImageObject","inLanguage":"fr-FR","@id":"https:\/\/kapitalis.com\/tunisie\/2019\/04\/11\/la-douane-tunisienne-reorganise-son-systeme-de-formation\/#primaryimage","url":"","contentUrl":""},{"@type":"BreadcrumbList","@id":"https:\/\/kapitalis.com\/tunisie\/2019\/04\/11\/la-douane-tunisienne-reorganise-son-systeme-de-formation\/#breadcrumb","itemListElement":[{"@type":"ListItem","position":1,"name":"Accueil","item":"https:\/\/kapitalis.com\/tunisie\/"},{"@type":"ListItem","position":2,"name":"La douane tunisienne r\u00e9organise son syst\u00e8me de formation"}]},{"@type":"WebSite","@id":"https:\/\/kapitalis.com\/tunisie\/#website","url":"https:\/\/kapitalis.com\/tunisie\/","name":"Kapitalis","description":"L&#039;actualit\u00e9 en Tunisie et dans le monde","publisher":{"@id":"https:\/\/kapitalis.com\/tunisie\/#organization"},"potentialAction":[{"@type":"SearchAction","target":{"@type":"EntryPoint","urlTemplate":"https:\/\/kapitalis.com\/tunisie\/?s={search_term_string}"},"query-input":{"@type":"PropertyValueSpecification","valueRequired":true,"valueName":"search_term_string"}}],"inLanguage":"fr-FR"},{"@type":"Organization","@id":"https:\/\/kapitalis.com\/tunisie\/#organization","name":"Kapitalis","url":"https:\/\/kapitalis.com\/tunisie\/","logo":{"@type":"ImageObject","inLanguage":"fr-FR","@id":"https:\/\/kapitalis.com\/tunisie\/#\/schema\/logo\/image\/","url":"https:\/\/kapitalis.com\/tunisie\/wp-content\/uploads\/2022\/05\/Kapitalis-big-size.png","contentUrl":"https:\/\/kapitalis.com\/tunisie\/wp-content\/uploads\/2022\/05\/Kapitalis-big-size.png","width":5000,"height":1500,"caption":"Kapitalis"},"image":{"@id":"https:\/\/kapitalis.com\/tunisie\/#\/schema\/logo\/image\/"},"sameAs":["https:\/\/www.facebook.com\/KapitalisInfo\/","https:\/\/x.com\/KapitalisInfo","https:\/\/www.youtube.com\/channel\/UC-yDYrHyfFBWWZaOw3FPg9Q"]},{"@type":"Person","@id":"https:\/\/kapitalis.com\/tunisie\/#\/schema\/person\/093913313d3017554cb3ad077fff3fbd","name":"Amina Mkada","url":"https:\/\/kapitalis.com\/tunisie\/author\/amina\/"}]}},"_links":{"self":[{"href":"https:\/\/kapitalis.com\/tunisie\/wp-json\/wp\/v2\/posts\/206088","targetHints":{"allow":["GET"]}}],"collection":[{"href":"https:\/\/kapitalis.com\/tunisie\/wp-json\/wp\/v2\/posts"}],"about":[{"href":"https:\/\/kapitalis.com\/tunisie\/wp-json\/wp\/v2\/types\/post"}],"author":[{"embeddable":true,"href":"https:\/\/kapitalis.com\/tunisie\/wp-json\/wp\/v2\/users\/22"}],"replies":[{"embeddable":true,"href":"https:\/\/kapitalis.com\/tunisie\/wp-json\/wp\/v2\/comments?post=206088"}],"version-history":[{"count":0,"href":"https:\/\/kapitalis.com\/tunisie\/wp-json\/wp\/v2\/posts\/206088\/revisions"}],"wp:featuredmedia":[{"embeddable":true,"href":"https:\/\/kapitalis.com\/tunisie\/wp-json\/wp\/v2\/media\/206146"}],"wp:attachment":[{"href":"https:\/\/kapitalis.com\/tunisie\/wp-json\/wp\/v2\/media?parent=206088"}],"wp:term":[{"taxonomy":"category","embeddable":true,"href":"https:\/\/kapitalis.com\/tunisie\/wp-json\/wp\/v2\/categories?post=206088"},{"taxonomy":"post_tag","embeddable":true,"href":"https:\/\/kapitalis.com\/tunisie\/wp-json\/wp\/v2\/tags?post=206088"}],"curies":[{"name":"wp","href":"https:\/\/api.w.org\/{rel}","templated":true}]}}