{"id":206294,"date":"2019-04-11T15:57:48","date_gmt":"2019-04-11T14:57:48","guid":{"rendered":"http:\/\/kapitalis.com\/tunisie\/?p=206294"},"modified":"2019-04-11T16:11:16","modified_gmt":"2019-04-11T15:11:16","slug":"poulina-khaled-bouricha-sapprete-a-succeder-a-abdelwahab-ben-ayed","status":"publish","type":"post","link":"https:\/\/kapitalis.com\/tunisie\/2019\/04\/11\/poulina-khaled-bouricha-sapprete-a-succeder-a-abdelwahab-ben-ayed\/","title":{"rendered":"Tunisie : Khaled Bouricha nomm\u00e9 aux commandes du groupe Poulina"},"content":{"rendered":"<p style=\"text-align: center;\"><img loading=\"lazy\" decoding=\"async\" class=\"alignnone size-full wp-image-7775\" src=\"http:\/\/kapitalis.com\/tunisie\/wp-content\/uploads\/2015\/07\/Poulina-Group-Holding.jpg\" alt=\"\" width=\"626\" height=\"380\" \/><\/p>\n<p><strong><em>Le conseil d&rsquo;administration de Poulina Group Holding s&rsquo;est r\u00e9uni hier, mercredi 10 avril 2019, pour ent\u00e9riner la nomination de Khaled Bouricha \u00e0 la t\u00eate du groupe. L\u2019information ne sera officialis\u00e9e qu\u2019apr\u00e8s une publication sur le Journal officiel de la r\u00e9publique tunisienne (Jort).<\/em><\/strong><\/p>\n<p><!--more--><\/p>\n<p>Cot\u00e9e en bourse, le groupe Poulina doit d\u2019abord informer de sa d\u00e9cision le Conseil du march\u00e9 financier (CMF) et la Bourse de Tunis, et publier \u00e9galement cette nomination au Jort.<\/p>\n<p>Abdelwaheb Ben Ayed, son pr\u00e9sident jusqu\u2019\u00e0 son d\u00e9c\u00e8s le 4 avril courant, \u00e9tait un v\u00e9ritable pionnier, une ic\u00f4ne du groupe et de la famille des entrepreneurs tunisiens. Il avait d\u00e9velopp\u00e9 un v\u00e9ritable empire d\u2019abord dans le secteur avicole, ensuite dans l&rsquo;agro-alimentaire, l\u2019immobilier, les biens d\u2019\u00e9quipement, l\u2019acier, le commerce, le tourisme, et les nouvelles technologies (TISs).<\/p>\n<p>Nomm\u00e9 \u00e0 la t\u00eate du conseil d\u2019administration de Poulina Holding, Khaled Bouricha a \u00e9t\u00e9 vice-pr\u00e9sident du conseil d\u2019administration du groupe pendant depuis pr\u00e8s de 18 mois, et son directeur g\u00e9n\u00e9ral. Il assurera en quelque sorte la continuit\u00e9 de la politique savamment d\u00e9velopp\u00e9e par son d\u00e9funt pr\u00e9d\u00e9cesseur.<\/p>\n<p style=\"text-align: right;\"><strong>A. M.\u00a0<\/strong><\/p>\n<blockquote class=\"wp-embedded-content\" data-secret=\"hdq8hh32U2\"><p><a href=\"https:\/\/kapitalis.com\/tunisie\/2019\/04\/04\/le-groupe-poulina-en-deuil-abdelwaheb-ben-ayed-tire-sa-reverence\/\">Le groupe Poulina en deuil : Abdelwaheb Ben Ayed tire sa r\u00e9v\u00e9rence<\/a><\/p><\/blockquote>\n<p><iframe loading=\"lazy\" class=\"wp-embedded-content\" sandbox=\"allow-scripts\" security=\"restricted\" style=\"position: absolute; clip: rect(1px, 1px, 1px, 1px);\" title=\"\u00ab\u00a0Le groupe Poulina en deuil : Abdelwaheb Ben Ayed tire sa r\u00e9v\u00e9rence\u00a0\u00bb &#8212; Kapitalis\" src=\"https:\/\/kapitalis.com\/tunisie\/2019\/04\/04\/le-groupe-poulina-en-deuil-abdelwaheb-ben-ayed-tire-sa-reverence\/embed\/#?secret=tR0wXi3Qay#?secret=hdq8hh32U2\" data-secret=\"hdq8hh32U2\" width=\"600\" height=\"338\" frameborder=\"0\" marginwidth=\"0\" marginheight=\"0\" scrolling=\"no\"><\/iframe><\/p>\n<p>&nbsp;<\/p>\n","protected":false},"excerpt":{"rendered":"<p>Le conseil d&rsquo;administration de Poulina Group Holding s&rsquo;est r\u00e9uni hier, mercredi 10 avril 2019, pour ent\u00e9riner la nomination de Khaled Bouricha \u00e0 la t\u00eate du groupe. L\u2019information ne sera officialis\u00e9e qu\u2019apr\u00e8s une publication sur le Journal officiel de la r\u00e9publique tunisienne (Jort).<\/p>\n","protected":false},"author":22,"featured_media":0,"comment_status":"open","ping_status":"open","sticky":false,"template":"","format":"standard","meta":{"footnotes":""},"categories":[995,2433],"tags":[2137,3268,3843,9361,1283,2034,1362],"class_list":["post-206294","post","type-post","status-publish","format-standard","hentry","category-economie","category-tunisie","tag-abdelwaheb-ben-ayed","tag-bourse-de-tunis","tag-cmf","tag-jort","tag-nomination","tag-poulina-group-holding","tag-president"],"yoast_head":"<!-- This site is optimized with the Yoast SEO plugin v26.6 - https:\/\/yoast.com\/wordpress\/plugins\/seo\/ -->\n<title>Tunisie : Khaled Bouricha nomm\u00e9 aux commandes du groupe Poulina - Kapitalis<\/title>\n<meta name=\"robots\" content=\"index, follow, max-snippet:-1, max-image-preview:large, max-video-preview:-1\" \/>\n<link rel=\"canonical\" href=\"https:\/\/kapitalis.com\/tunisie\/2019\/04\/11\/poulina-khaled-bouricha-sapprete-a-succeder-a-abdelwahab-ben-ayed\/\" \/>\n<meta property=\"og:locale\" content=\"fr_FR\" \/>\n<meta property=\"og:type\" content=\"article\" \/>\n<meta property=\"og:title\" content=\"Tunisie : Khaled Bouricha nomm\u00e9 aux commandes du groupe Poulina - Kapitalis\" \/>\n<meta property=\"og:description\" content=\"Le conseil d&rsquo;administration de Poulina Group Holding s&rsquo;est r\u00e9uni hier, mercredi 10 avril 2019, pour ent\u00e9riner la nomination de Khaled Bouricha \u00e0 la t\u00eate du groupe. L\u2019information ne sera officialis\u00e9e qu\u2019apr\u00e8s une publication sur le Journal officiel de la r\u00e9publique tunisienne (Jort).\" \/>\n<meta property=\"og:url\" content=\"https:\/\/kapitalis.com\/tunisie\/2019\/04\/11\/poulina-khaled-bouricha-sapprete-a-succeder-a-abdelwahab-ben-ayed\/\" \/>\n<meta property=\"og:site_name\" content=\"Kapitalis\" \/>\n<meta property=\"article:publisher\" content=\"https:\/\/www.facebook.com\/KapitalisInfo\/\" \/>\n<meta property=\"article:published_time\" content=\"2019-04-11T14:57:48+00:00\" \/>\n<meta property=\"article:modified_time\" content=\"2019-04-11T15:11:16+00:00\" \/>\n<meta property=\"og:image\" content=\"http:\/\/kapitalis.com\/tunisie\/wp-content\/uploads\/2015\/07\/Poulina-Group-Holding.jpg\" \/>\n<meta name=\"author\" content=\"Amina Mkada\" \/>\n<meta name=\"twitter:card\" content=\"summary_large_image\" \/>\n<meta name=\"twitter:creator\" content=\"@KapitalisInfo\" \/>\n<meta name=\"twitter:site\" content=\"@KapitalisInfo\" \/>\n<meta name=\"twitter:label1\" content=\"\u00c9crit par\" \/>\n\t<meta name=\"twitter:data1\" content=\"Amina Mkada\" \/>\n\t<meta name=\"twitter:label2\" content=\"Dur\u00e9e de lecture estim\u00e9e\" \/>\n\t<meta name=\"twitter:data2\" content=\"1 minute\" \/>\n<script type=\"application\/ld+json\" class=\"yoast-schema-graph\">{\"@context\":\"https:\/\/schema.org\",\"@graph\":[{\"@type\":\"Article\",\"@id\":\"https:\/\/kapitalis.com\/tunisie\/2019\/04\/11\/poulina-khaled-bouricha-sapprete-a-succeder-a-abdelwahab-ben-ayed\/#article\",\"isPartOf\":{\"@id\":\"https:\/\/kapitalis.com\/tunisie\/2019\/04\/11\/poulina-khaled-bouricha-sapprete-a-succeder-a-abdelwahab-ben-ayed\/\"},\"author\":{\"name\":\"Amina Mkada\",\"@id\":\"https:\/\/kapitalis.com\/tunisie\/#\/schema\/person\/093913313d3017554cb3ad077fff3fbd\"},\"headline\":\"Tunisie : Khaled Bouricha nomm\u00e9 aux commandes du groupe Poulina\",\"datePublished\":\"2019-04-11T14:57:48+00:00\",\"dateModified\":\"2019-04-11T15:11:16+00:00\",\"mainEntityOfPage\":{\"@id\":\"https:\/\/kapitalis.com\/tunisie\/2019\/04\/11\/poulina-khaled-bouricha-sapprete-a-succeder-a-abdelwahab-ben-ayed\/\"},\"wordCount\":218,\"commentCount\":0,\"publisher\":{\"@id\":\"https:\/\/kapitalis.com\/tunisie\/#organization\"},\"image\":{\"@id\":\"https:\/\/kapitalis.com\/tunisie\/2019\/04\/11\/poulina-khaled-bouricha-sapprete-a-succeder-a-abdelwahab-ben-ayed\/#primaryimage\"},\"thumbnailUrl\":\"http:\/\/kapitalis.com\/tunisie\/wp-content\/uploads\/2015\/07\/Poulina-Group-Holding.jpg\",\"keywords\":[\"Abdelwaheb Ben Ayed\",\"Bourse de Tunis\",\"CMF\",\"Jort\",\"nomination\",\"Poulina Group Holding\",\"pr\u00e9sident\"],\"articleSection\":[\"ECONOMIE\",\"Tunisie\"],\"inLanguage\":\"fr-FR\",\"potentialAction\":[{\"@type\":\"CommentAction\",\"name\":\"Comment\",\"target\":[\"https:\/\/kapitalis.com\/tunisie\/2019\/04\/11\/poulina-khaled-bouricha-sapprete-a-succeder-a-abdelwahab-ben-ayed\/#respond\"]}]},{\"@type\":\"WebPage\",\"@id\":\"https:\/\/kapitalis.com\/tunisie\/2019\/04\/11\/poulina-khaled-bouricha-sapprete-a-succeder-a-abdelwahab-ben-ayed\/\",\"url\":\"https:\/\/kapitalis.com\/tunisie\/2019\/04\/11\/poulina-khaled-bouricha-sapprete-a-succeder-a-abdelwahab-ben-ayed\/\",\"name\":\"Tunisie : Khaled Bouricha nomm\u00e9 aux commandes du groupe Poulina - Kapitalis\",\"isPartOf\":{\"@id\":\"https:\/\/kapitalis.com\/tunisie\/#website\"},\"primaryImageOfPage\":{\"@id\":\"https:\/\/kapitalis.com\/tunisie\/2019\/04\/11\/poulina-khaled-bouricha-sapprete-a-succeder-a-abdelwahab-ben-ayed\/#primaryimage\"},\"image\":{\"@id\":\"https:\/\/kapitalis.com\/tunisie\/2019\/04\/11\/poulina-khaled-bouricha-sapprete-a-succeder-a-abdelwahab-ben-ayed\/#primaryimage\"},\"thumbnailUrl\":\"http:\/\/kapitalis.com\/tunisie\/wp-content\/uploads\/2015\/07\/Poulina-Group-Holding.jpg\",\"datePublished\":\"2019-04-11T14:57:48+00:00\",\"dateModified\":\"2019-04-11T15:11:16+00:00\",\"breadcrumb\":{\"@id\":\"https:\/\/kapitalis.com\/tunisie\/2019\/04\/11\/poulina-khaled-bouricha-sapprete-a-succeder-a-abdelwahab-ben-ayed\/#breadcrumb\"},\"inLanguage\":\"fr-FR\",\"potentialAction\":[{\"@type\":\"ReadAction\",\"target\":[\"https:\/\/kapitalis.com\/tunisie\/2019\/04\/11\/poulina-khaled-bouricha-sapprete-a-succeder-a-abdelwahab-ben-ayed\/\"]}]},{\"@type\":\"ImageObject\",\"inLanguage\":\"fr-FR\",\"@id\":\"https:\/\/kapitalis.com\/tunisie\/2019\/04\/11\/poulina-khaled-bouricha-sapprete-a-succeder-a-abdelwahab-ben-ayed\/#primaryimage\",\"url\":\"http:\/\/kapitalis.com\/tunisie\/wp-content\/uploads\/2015\/07\/Poulina-Group-Holding.jpg\",\"contentUrl\":\"http:\/\/kapitalis.com\/tunisie\/wp-content\/uploads\/2015\/07\/Poulina-Group-Holding.jpg\"},{\"@type\":\"BreadcrumbList\",\"@id\":\"https:\/\/kapitalis.com\/tunisie\/2019\/04\/11\/poulina-khaled-bouricha-sapprete-a-succeder-a-abdelwahab-ben-ayed\/#breadcrumb\",\"itemListElement\":[{\"@type\":\"ListItem\",\"position\":1,\"name\":\"Accueil\",\"item\":\"https:\/\/kapitalis.com\/tunisie\/\"},{\"@type\":\"ListItem\",\"position\":2,\"name\":\"Tunisie : Khaled Bouricha nomm\u00e9 aux commandes du groupe Poulina\"}]},{\"@type\":\"WebSite\",\"@id\":\"https:\/\/kapitalis.com\/tunisie\/#website\",\"url\":\"https:\/\/kapitalis.com\/tunisie\/\",\"name\":\"Kapitalis\",\"description\":\"L&#039;actualit\u00e9 en Tunisie et dans le monde\",\"publisher\":{\"@id\":\"https:\/\/kapitalis.com\/tunisie\/#organization\"},\"potentialAction\":[{\"@type\":\"SearchAction\",\"target\":{\"@type\":\"EntryPoint\",\"urlTemplate\":\"https:\/\/kapitalis.com\/tunisie\/?s={search_term_string}\"},\"query-input\":{\"@type\":\"PropertyValueSpecification\",\"valueRequired\":true,\"valueName\":\"search_term_string\"}}],\"inLanguage\":\"fr-FR\"},{\"@type\":\"Organization\",\"@id\":\"https:\/\/kapitalis.com\/tunisie\/#organization\",\"name\":\"Kapitalis\",\"url\":\"https:\/\/kapitalis.com\/tunisie\/\",\"logo\":{\"@type\":\"ImageObject\",\"inLanguage\":\"fr-FR\",\"@id\":\"https:\/\/kapitalis.com\/tunisie\/#\/schema\/logo\/image\/\",\"url\":\"https:\/\/kapitalis.com\/tunisie\/wp-content\/uploads\/2022\/05\/Kapitalis-big-size.png\",\"contentUrl\":\"https:\/\/kapitalis.com\/tunisie\/wp-content\/uploads\/2022\/05\/Kapitalis-big-size.png\",\"width\":5000,\"height\":1500,\"caption\":\"Kapitalis\"},\"image\":{\"@id\":\"https:\/\/kapitalis.com\/tunisie\/#\/schema\/logo\/image\/\"},\"sameAs\":[\"https:\/\/www.facebook.com\/KapitalisInfo\/\",\"https:\/\/x.com\/KapitalisInfo\",\"https:\/\/www.youtube.com\/channel\/UC-yDYrHyfFBWWZaOw3FPg9Q\"]},{\"@type\":\"Person\",\"@id\":\"https:\/\/kapitalis.com\/tunisie\/#\/schema\/person\/093913313d3017554cb3ad077fff3fbd\",\"name\":\"Amina Mkada\",\"url\":\"https:\/\/kapitalis.com\/tunisie\/author\/amina\/\"}]}<\/script>\n<!-- \/ Yoast SEO plugin. -->","yoast_head_json":{"title":"Tunisie : Khaled Bouricha nomm\u00e9 aux commandes du groupe Poulina - Kapitalis","robots":{"index":"index","follow":"follow","max-snippet":"max-snippet:-1","max-image-preview":"max-image-preview:large","max-video-preview":"max-video-preview:-1"},"canonical":"https:\/\/kapitalis.com\/tunisie\/2019\/04\/11\/poulina-khaled-bouricha-sapprete-a-succeder-a-abdelwahab-ben-ayed\/","og_locale":"fr_FR","og_type":"article","og_title":"Tunisie : Khaled Bouricha nomm\u00e9 aux commandes du groupe Poulina - Kapitalis","og_description":"Le conseil d&rsquo;administration de Poulina Group Holding s&rsquo;est r\u00e9uni hier, mercredi 10 avril 2019, pour ent\u00e9riner la nomination de Khaled Bouricha \u00e0 la t\u00eate du groupe. L\u2019information ne sera officialis\u00e9e qu\u2019apr\u00e8s une publication sur le Journal officiel de la r\u00e9publique tunisienne (Jort).","og_url":"https:\/\/kapitalis.com\/tunisie\/2019\/04\/11\/poulina-khaled-bouricha-sapprete-a-succeder-a-abdelwahab-ben-ayed\/","og_site_name":"Kapitalis","article_publisher":"https:\/\/www.facebook.com\/KapitalisInfo\/","article_published_time":"2019-04-11T14:57:48+00:00","article_modified_time":"2019-04-11T15:11:16+00:00","og_image":[{"url":"http:\/\/kapitalis.com\/tunisie\/wp-content\/uploads\/2015\/07\/Poulina-Group-Holding.jpg","type":"","width":"","height":""}],"author":"Amina Mkada","twitter_card":"summary_large_image","twitter_creator":"@KapitalisInfo","twitter_site":"@KapitalisInfo","twitter_misc":{"\u00c9crit par":"Amina Mkada","Dur\u00e9e de lecture estim\u00e9e":"1 minute"},"schema":{"@context":"https:\/\/schema.org","@graph":[{"@type":"Article","@id":"https:\/\/kapitalis.com\/tunisie\/2019\/04\/11\/poulina-khaled-bouricha-sapprete-a-succeder-a-abdelwahab-ben-ayed\/#article","isPartOf":{"@id":"https:\/\/kapitalis.com\/tunisie\/2019\/04\/11\/poulina-khaled-bouricha-sapprete-a-succeder-a-abdelwahab-ben-ayed\/"},"author":{"name":"Amina Mkada","@id":"https:\/\/kapitalis.com\/tunisie\/#\/schema\/person\/093913313d3017554cb3ad077fff3fbd"},"headline":"Tunisie : Khaled Bouricha nomm\u00e9 aux commandes du groupe Poulina","datePublished":"2019-04-11T14:57:48+00:00","dateModified":"2019-04-11T15:11:16+00:00","mainEntityOfPage":{"@id":"https:\/\/kapitalis.com\/tunisie\/2019\/04\/11\/poulina-khaled-bouricha-sapprete-a-succeder-a-abdelwahab-ben-ayed\/"},"wordCount":218,"commentCount":0,"publisher":{"@id":"https:\/\/kapitalis.com\/tunisie\/#organization"},"image":{"@id":"https:\/\/kapitalis.com\/tunisie\/2019\/04\/11\/poulina-khaled-bouricha-sapprete-a-succeder-a-abdelwahab-ben-ayed\/#primaryimage"},"thumbnailUrl":"http:\/\/kapitalis.com\/tunisie\/wp-content\/uploads\/2015\/07\/Poulina-Group-Holding.jpg","keywords":["Abdelwaheb Ben Ayed","Bourse de Tunis","CMF","Jort","nomination","Poulina Group Holding","pr\u00e9sident"],"articleSection":["ECONOMIE","Tunisie"],"inLanguage":"fr-FR","potentialAction":[{"@type":"CommentAction","name":"Comment","target":["https:\/\/kapitalis.com\/tunisie\/2019\/04\/11\/poulina-khaled-bouricha-sapprete-a-succeder-a-abdelwahab-ben-ayed\/#respond"]}]},{"@type":"WebPage","@id":"https:\/\/kapitalis.com\/tunisie\/2019\/04\/11\/poulina-khaled-bouricha-sapprete-a-succeder-a-abdelwahab-ben-ayed\/","url":"https:\/\/kapitalis.com\/tunisie\/2019\/04\/11\/poulina-khaled-bouricha-sapprete-a-succeder-a-abdelwahab-ben-ayed\/","name":"Tunisie : Khaled Bouricha nomm\u00e9 aux commandes du groupe Poulina - Kapitalis","isPartOf":{"@id":"https:\/\/kapitalis.com\/tunisie\/#website"},"primaryImageOfPage":{"@id":"https:\/\/kapitalis.com\/tunisie\/2019\/04\/11\/poulina-khaled-bouricha-sapprete-a-succeder-a-abdelwahab-ben-ayed\/#primaryimage"},"image":{"@id":"https:\/\/kapitalis.com\/tunisie\/2019\/04\/11\/poulina-khaled-bouricha-sapprete-a-succeder-a-abdelwahab-ben-ayed\/#primaryimage"},"thumbnailUrl":"http:\/\/kapitalis.com\/tunisie\/wp-content\/uploads\/2015\/07\/Poulina-Group-Holding.jpg","datePublished":"2019-04-11T14:57:48+00:00","dateModified":"2019-04-11T15:11:16+00:00","breadcrumb":{"@id":"https:\/\/kapitalis.com\/tunisie\/2019\/04\/11\/poulina-khaled-bouricha-sapprete-a-succeder-a-abdelwahab-ben-ayed\/#breadcrumb"},"inLanguage":"fr-FR","potentialAction":[{"@type":"ReadAction","target":["https:\/\/kapitalis.com\/tunisie\/2019\/04\/11\/poulina-khaled-bouricha-sapprete-a-succeder-a-abdelwahab-ben-ayed\/"]}]},{"@type":"ImageObject","inLanguage":"fr-FR","@id":"https:\/\/kapitalis.com\/tunisie\/2019\/04\/11\/poulina-khaled-bouricha-sapprete-a-succeder-a-abdelwahab-ben-ayed\/#primaryimage","url":"http:\/\/kapitalis.com\/tunisie\/wp-content\/uploads\/2015\/07\/Poulina-Group-Holding.jpg","contentUrl":"http:\/\/kapitalis.com\/tunisie\/wp-content\/uploads\/2015\/07\/Poulina-Group-Holding.jpg"},{"@type":"BreadcrumbList","@id":"https:\/\/kapitalis.com\/tunisie\/2019\/04\/11\/poulina-khaled-bouricha-sapprete-a-succeder-a-abdelwahab-ben-ayed\/#breadcrumb","itemListElement":[{"@type":"ListItem","position":1,"name":"Accueil","item":"https:\/\/kapitalis.com\/tunisie\/"},{"@type":"ListItem","position":2,"name":"Tunisie : Khaled Bouricha nomm\u00e9 aux commandes du groupe Poulina"}]},{"@type":"WebSite","@id":"https:\/\/kapitalis.com\/tunisie\/#website","url":"https:\/\/kapitalis.com\/tunisie\/","name":"Kapitalis","description":"L&#039;actualit\u00e9 en Tunisie et dans le monde","publisher":{"@id":"https:\/\/kapitalis.com\/tunisie\/#organization"},"potentialAction":[{"@type":"SearchAction","target":{"@type":"EntryPoint","urlTemplate":"https:\/\/kapitalis.com\/tunisie\/?s={search_term_string}"},"query-input":{"@type":"PropertyValueSpecification","valueRequired":true,"valueName":"search_term_string"}}],"inLanguage":"fr-FR"},{"@type":"Organization","@id":"https:\/\/kapitalis.com\/tunisie\/#organization","name":"Kapitalis","url":"https:\/\/kapitalis.com\/tunisie\/","logo":{"@type":"ImageObject","inLanguage":"fr-FR","@id":"https:\/\/kapitalis.com\/tunisie\/#\/schema\/logo\/image\/","url":"https:\/\/kapitalis.com\/tunisie\/wp-content\/uploads\/2022\/05\/Kapitalis-big-size.png","contentUrl":"https:\/\/kapitalis.com\/tunisie\/wp-content\/uploads\/2022\/05\/Kapitalis-big-size.png","width":5000,"height":1500,"caption":"Kapitalis"},"image":{"@id":"https:\/\/kapitalis.com\/tunisie\/#\/schema\/logo\/image\/"},"sameAs":["https:\/\/www.facebook.com\/KapitalisInfo\/","https:\/\/x.com\/KapitalisInfo","https:\/\/www.youtube.com\/channel\/UC-yDYrHyfFBWWZaOw3FPg9Q"]},{"@type":"Person","@id":"https:\/\/kapitalis.com\/tunisie\/#\/schema\/person\/093913313d3017554cb3ad077fff3fbd","name":"Amina Mkada","url":"https:\/\/kapitalis.com\/tunisie\/author\/amina\/"}]}},"_links":{"self":[{"href":"https:\/\/kapitalis.com\/tunisie\/wp-json\/wp\/v2\/posts\/206294","targetHints":{"allow":["GET"]}}],"collection":[{"href":"https:\/\/kapitalis.com\/tunisie\/wp-json\/wp\/v2\/posts"}],"about":[{"href":"https:\/\/kapitalis.com\/tunisie\/wp-json\/wp\/v2\/types\/post"}],"author":[{"embeddable":true,"href":"https:\/\/kapitalis.com\/tunisie\/wp-json\/wp\/v2\/users\/22"}],"replies":[{"embeddable":true,"href":"https:\/\/kapitalis.com\/tunisie\/wp-json\/wp\/v2\/comments?post=206294"}],"version-history":[{"count":0,"href":"https:\/\/kapitalis.com\/tunisie\/wp-json\/wp\/v2\/posts\/206294\/revisions"}],"wp:attachment":[{"href":"https:\/\/kapitalis.com\/tunisie\/wp-json\/wp\/v2\/media?parent=206294"}],"wp:term":[{"taxonomy":"category","embeddable":true,"href":"https:\/\/kapitalis.com\/tunisie\/wp-json\/wp\/v2\/categories?post=206294"},{"taxonomy":"post_tag","embeddable":true,"href":"https:\/\/kapitalis.com\/tunisie\/wp-json\/wp\/v2\/tags?post=206294"}],"curies":[{"name":"wp","href":"https:\/\/api.w.org\/{rel}","templated":true}]}}