{"id":206932,"date":"2019-04-15T14:58:58","date_gmt":"2019-04-15T13:58:58","guid":{"rendered":"http:\/\/kapitalis.com\/tunisie\/?p=206932"},"modified":"2019-04-15T15:35:02","modified_gmt":"2019-04-15T14:35:02","slug":"gafsa-deces-de-mondher-le-jeune-homme-qui-avait-emu-les-tunisiens","status":"publish","type":"post","link":"https:\/\/kapitalis.com\/tunisie\/2019\/04\/15\/gafsa-deces-de-mondher-le-jeune-homme-qui-avait-emu-les-tunisiens\/","title":{"rendered":"Gafsa : D\u00e9c\u00e8s de Mondher, le jeune homme qui avait \u00e9mu les Tunisiens"},"content":{"rendered":"<p style=\"text-align: center;\"><img loading=\"lazy\" decoding=\"async\" class=\"alignnone size-full wp-image-206948\" src=\"http:\/\/kapitalis.com\/tunisie\/wp-content\/uploads\/2019\/04\/Mondher-Ismail.jpg\" alt=\"\" width=\"626\" height=\"380\" \/><\/p>\n<p><em><strong>Mondher Ismail est d\u00e9c\u00e9d\u00e9 aujourd\u2019hui, lundi 15 avril 2019. Les habitants de Gafsa, aid\u00e9s par des associations, des activistes et des artistes s\u2019\u00e9taient mobilis\u00e9s pour colleter de l\u2019argent afin de l\u2019aider pour sa greffe du foie mais la maladie a eu raison de lui.<\/strong><\/em><!--more--><\/p>\n<p>Les proches et amis du jeune homme de 26 ans ont annonc\u00e9 son d\u00e9c\u00e8s, survenu avant que la somme n\u00e9cessaire \u00e0 la transplantation h\u00e9patique soit rassembl\u00e9e, malgr\u00e9 la mobilisation de plusieurs autres villes du pays et l\u2019organisation d\u2019\u00e9v\u00e9nements artistiques et sportifs, dont les fonds devaient \u00eatre vers\u00e9s \u00e0 cet effet.<\/p>\n<p>Son histoire avait \u00e9t\u00e9 diffus\u00e9e par des journaux, des radios et des cha\u00eenes TV et un m\u00e9decin tunisien, exer\u00e7ant \u00e0 l\u2019\u00e9tranger, avait m\u00eame r\u00e9cemment propos\u00e9 de prendre en charge l\u2019op\u00e9ration de Mondher et il \u00e9tait question que le jeune homme voyage pour se faire soigner, mais le destin en a voulu autrement.<\/p>\n<p style=\"text-align: right;\"><strong>Y. N.<\/strong><\/p>\n<blockquote class=\"wp-embedded-content\" data-secret=\"z45QZ4cwAr\"><p><a href=\"https:\/\/kapitalis.com\/tunisie\/2019\/04\/08\/gafsa-mobilisation-pour-aider-mondher-a-faire-sa-greffe-de-foie\/\">Gafsa : Mobilisation pour aider Mondher \u00e0 faire sa greffe de foie<\/a><\/p><\/blockquote>\n<p><iframe loading=\"lazy\" class=\"wp-embedded-content\" sandbox=\"allow-scripts\" security=\"restricted\" style=\"position: absolute; clip: rect(1px, 1px, 1px, 1px);\" title=\"\u00ab\u00a0Gafsa : Mobilisation pour aider Mondher \u00e0 faire sa greffe de foie\u00a0\u00bb &#8212; Kapitalis\" src=\"https:\/\/kapitalis.com\/tunisie\/2019\/04\/08\/gafsa-mobilisation-pour-aider-mondher-a-faire-sa-greffe-de-foie\/embed\/#?secret=3GMnsW35Gn#?secret=z45QZ4cwAr\" data-secret=\"z45QZ4cwAr\" width=\"600\" height=\"338\" frameborder=\"0\" marginwidth=\"0\" marginheight=\"0\" scrolling=\"no\"><\/iframe><\/p>\n","protected":false},"excerpt":{"rendered":"<p>Mondher Ismail est d\u00e9c\u00e9d\u00e9 aujourd\u2019hui, lundi 15 avril 2019. Les habitants de Gafsa, aid\u00e9s par des associations, des activistes et des artistes s\u2019\u00e9taient mobilis\u00e9s pour colleter de l\u2019argent afin de l\u2019aider pour sa greffe du foie mais la maladie a eu raison de lui.<\/p>\n","protected":false},"author":6,"featured_media":206948,"comment_status":"open","ping_status":"open","sticky":false,"template":"","format":"standard","meta":{"footnotes":""},"categories":[998,2433],"tags":[4853,2431,407],"class_list":["post-206932","post","type-post","status-publish","format-standard","has-post-thumbnail","hentry","category-societe","category-tunisie","tag-collecte","tag-dons","tag-gafsa"],"yoast_head":"<!-- This site is optimized with the Yoast SEO plugin v26.6 - https:\/\/yoast.com\/wordpress\/plugins\/seo\/ -->\n<title>Gafsa : D\u00e9c\u00e8s de Mondher, le jeune homme qui avait \u00e9mu les Tunisiens - Kapitalis<\/title>\n<meta name=\"robots\" content=\"index, follow, max-snippet:-1, max-image-preview:large, max-video-preview:-1\" \/>\n<link rel=\"canonical\" href=\"https:\/\/kapitalis.com\/tunisie\/2019\/04\/15\/gafsa-deces-de-mondher-le-jeune-homme-qui-avait-emu-les-tunisiens\/\" \/>\n<meta property=\"og:locale\" content=\"fr_FR\" \/>\n<meta property=\"og:type\" content=\"article\" \/>\n<meta property=\"og:title\" content=\"Gafsa : D\u00e9c\u00e8s de Mondher, le jeune homme qui avait \u00e9mu les Tunisiens - Kapitalis\" \/>\n<meta property=\"og:description\" content=\"Mondher Ismail est d\u00e9c\u00e9d\u00e9 aujourd\u2019hui, lundi 15 avril 2019. Les habitants de Gafsa, aid\u00e9s par des associations, des activistes et des artistes s\u2019\u00e9taient mobilis\u00e9s pour colleter de l\u2019argent afin de l\u2019aider pour sa greffe du foie mais la maladie a eu raison de lui.\" \/>\n<meta property=\"og:url\" content=\"https:\/\/kapitalis.com\/tunisie\/2019\/04\/15\/gafsa-deces-de-mondher-le-jeune-homme-qui-avait-emu-les-tunisiens\/\" \/>\n<meta property=\"og:site_name\" content=\"Kapitalis\" \/>\n<meta property=\"article:publisher\" content=\"https:\/\/www.facebook.com\/KapitalisInfo\/\" \/>\n<meta property=\"article:published_time\" content=\"2019-04-15T13:58:58+00:00\" \/>\n<meta property=\"article:modified_time\" content=\"2019-04-15T14:35:02+00:00\" \/>\n<meta property=\"og:image\" content=\"https:\/\/kapitalis.com\/tunisie\/wp-content\/uploads\/2022\/05\/kapitalis-logo-fb.png\" \/>\n\t<meta property=\"og:image:width\" content=\"1200\" \/>\n\t<meta property=\"og:image:height\" content=\"630\" \/>\n\t<meta property=\"og:image:type\" content=\"image\/png\" \/>\n<meta name=\"author\" content=\"Yusra NY\" \/>\n<meta name=\"twitter:card\" content=\"summary_large_image\" \/>\n<meta name=\"twitter:creator\" content=\"@KapitalisInfo\" \/>\n<meta name=\"twitter:site\" content=\"@KapitalisInfo\" \/>\n<meta name=\"twitter:label1\" content=\"\u00c9crit par\" \/>\n\t<meta name=\"twitter:data1\" content=\"Yusra NY\" \/>\n\t<meta name=\"twitter:label2\" content=\"Dur\u00e9e de lecture estim\u00e9e\" \/>\n\t<meta name=\"twitter:data2\" content=\"1 minute\" \/>\n<script type=\"application\/ld+json\" class=\"yoast-schema-graph\">{\"@context\":\"https:\/\/schema.org\",\"@graph\":[{\"@type\":\"Article\",\"@id\":\"https:\/\/kapitalis.com\/tunisie\/2019\/04\/15\/gafsa-deces-de-mondher-le-jeune-homme-qui-avait-emu-les-tunisiens\/#article\",\"isPartOf\":{\"@id\":\"https:\/\/kapitalis.com\/tunisie\/2019\/04\/15\/gafsa-deces-de-mondher-le-jeune-homme-qui-avait-emu-les-tunisiens\/\"},\"author\":{\"name\":\"Yusra NY\",\"@id\":\"https:\/\/kapitalis.com\/tunisie\/#\/schema\/person\/74bbde0154d49d790a92aaeac5bc01d5\"},\"headline\":\"Gafsa : D\u00e9c\u00e8s de Mondher, le jeune homme qui avait \u00e9mu les Tunisiens\",\"datePublished\":\"2019-04-15T13:58:58+00:00\",\"dateModified\":\"2019-04-15T14:35:02+00:00\",\"mainEntityOfPage\":{\"@id\":\"https:\/\/kapitalis.com\/tunisie\/2019\/04\/15\/gafsa-deces-de-mondher-le-jeune-homme-qui-avait-emu-les-tunisiens\/\"},\"wordCount\":187,\"commentCount\":3,\"publisher\":{\"@id\":\"https:\/\/kapitalis.com\/tunisie\/#organization\"},\"image\":{\"@id\":\"https:\/\/kapitalis.com\/tunisie\/2019\/04\/15\/gafsa-deces-de-mondher-le-jeune-homme-qui-avait-emu-les-tunisiens\/#primaryimage\"},\"thumbnailUrl\":\"\",\"keywords\":[\"collecte\",\"dons\",\"Gafsa\"],\"articleSection\":[\"SOCIETE\",\"Tunisie\"],\"inLanguage\":\"fr-FR\",\"potentialAction\":[{\"@type\":\"CommentAction\",\"name\":\"Comment\",\"target\":[\"https:\/\/kapitalis.com\/tunisie\/2019\/04\/15\/gafsa-deces-de-mondher-le-jeune-homme-qui-avait-emu-les-tunisiens\/#respond\"]}]},{\"@type\":\"WebPage\",\"@id\":\"https:\/\/kapitalis.com\/tunisie\/2019\/04\/15\/gafsa-deces-de-mondher-le-jeune-homme-qui-avait-emu-les-tunisiens\/\",\"url\":\"https:\/\/kapitalis.com\/tunisie\/2019\/04\/15\/gafsa-deces-de-mondher-le-jeune-homme-qui-avait-emu-les-tunisiens\/\",\"name\":\"Gafsa : D\u00e9c\u00e8s de Mondher, le jeune homme qui avait \u00e9mu les Tunisiens - Kapitalis\",\"isPartOf\":{\"@id\":\"https:\/\/kapitalis.com\/tunisie\/#website\"},\"primaryImageOfPage\":{\"@id\":\"https:\/\/kapitalis.com\/tunisie\/2019\/04\/15\/gafsa-deces-de-mondher-le-jeune-homme-qui-avait-emu-les-tunisiens\/#primaryimage\"},\"image\":{\"@id\":\"https:\/\/kapitalis.com\/tunisie\/2019\/04\/15\/gafsa-deces-de-mondher-le-jeune-homme-qui-avait-emu-les-tunisiens\/#primaryimage\"},\"thumbnailUrl\":\"\",\"datePublished\":\"2019-04-15T13:58:58+00:00\",\"dateModified\":\"2019-04-15T14:35:02+00:00\",\"breadcrumb\":{\"@id\":\"https:\/\/kapitalis.com\/tunisie\/2019\/04\/15\/gafsa-deces-de-mondher-le-jeune-homme-qui-avait-emu-les-tunisiens\/#breadcrumb\"},\"inLanguage\":\"fr-FR\",\"potentialAction\":[{\"@type\":\"ReadAction\",\"target\":[\"https:\/\/kapitalis.com\/tunisie\/2019\/04\/15\/gafsa-deces-de-mondher-le-jeune-homme-qui-avait-emu-les-tunisiens\/\"]}]},{\"@type\":\"ImageObject\",\"inLanguage\":\"fr-FR\",\"@id\":\"https:\/\/kapitalis.com\/tunisie\/2019\/04\/15\/gafsa-deces-de-mondher-le-jeune-homme-qui-avait-emu-les-tunisiens\/#primaryimage\",\"url\":\"\",\"contentUrl\":\"\"},{\"@type\":\"BreadcrumbList\",\"@id\":\"https:\/\/kapitalis.com\/tunisie\/2019\/04\/15\/gafsa-deces-de-mondher-le-jeune-homme-qui-avait-emu-les-tunisiens\/#breadcrumb\",\"itemListElement\":[{\"@type\":\"ListItem\",\"position\":1,\"name\":\"Accueil\",\"item\":\"https:\/\/kapitalis.com\/tunisie\/\"},{\"@type\":\"ListItem\",\"position\":2,\"name\":\"Gafsa : D\u00e9c\u00e8s de Mondher, le jeune homme qui avait \u00e9mu les Tunisiens\"}]},{\"@type\":\"WebSite\",\"@id\":\"https:\/\/kapitalis.com\/tunisie\/#website\",\"url\":\"https:\/\/kapitalis.com\/tunisie\/\",\"name\":\"Kapitalis\",\"description\":\"L&#039;actualit\u00e9 en Tunisie et dans le monde\",\"publisher\":{\"@id\":\"https:\/\/kapitalis.com\/tunisie\/#organization\"},\"potentialAction\":[{\"@type\":\"SearchAction\",\"target\":{\"@type\":\"EntryPoint\",\"urlTemplate\":\"https:\/\/kapitalis.com\/tunisie\/?s={search_term_string}\"},\"query-input\":{\"@type\":\"PropertyValueSpecification\",\"valueRequired\":true,\"valueName\":\"search_term_string\"}}],\"inLanguage\":\"fr-FR\"},{\"@type\":\"Organization\",\"@id\":\"https:\/\/kapitalis.com\/tunisie\/#organization\",\"name\":\"Kapitalis\",\"url\":\"https:\/\/kapitalis.com\/tunisie\/\",\"logo\":{\"@type\":\"ImageObject\",\"inLanguage\":\"fr-FR\",\"@id\":\"https:\/\/kapitalis.com\/tunisie\/#\/schema\/logo\/image\/\",\"url\":\"https:\/\/kapitalis.com\/tunisie\/wp-content\/uploads\/2022\/05\/Kapitalis-big-size.png\",\"contentUrl\":\"https:\/\/kapitalis.com\/tunisie\/wp-content\/uploads\/2022\/05\/Kapitalis-big-size.png\",\"width\":5000,\"height\":1500,\"caption\":\"Kapitalis\"},\"image\":{\"@id\":\"https:\/\/kapitalis.com\/tunisie\/#\/schema\/logo\/image\/\"},\"sameAs\":[\"https:\/\/www.facebook.com\/KapitalisInfo\/\",\"https:\/\/x.com\/KapitalisInfo\",\"https:\/\/www.youtube.com\/channel\/UC-yDYrHyfFBWWZaOw3FPg9Q\"]},{\"@type\":\"Person\",\"@id\":\"https:\/\/kapitalis.com\/tunisie\/#\/schema\/person\/74bbde0154d49d790a92aaeac5bc01d5\",\"name\":\"Yusra NY\",\"url\":\"https:\/\/kapitalis.com\/tunisie\/author\/yuza_adam\/\"}]}<\/script>\n<!-- \/ Yoast SEO plugin. -->","yoast_head_json":{"title":"Gafsa : D\u00e9c\u00e8s de Mondher, le jeune homme qui avait \u00e9mu les Tunisiens - Kapitalis","robots":{"index":"index","follow":"follow","max-snippet":"max-snippet:-1","max-image-preview":"max-image-preview:large","max-video-preview":"max-video-preview:-1"},"canonical":"https:\/\/kapitalis.com\/tunisie\/2019\/04\/15\/gafsa-deces-de-mondher-le-jeune-homme-qui-avait-emu-les-tunisiens\/","og_locale":"fr_FR","og_type":"article","og_title":"Gafsa : D\u00e9c\u00e8s de Mondher, le jeune homme qui avait \u00e9mu les Tunisiens - Kapitalis","og_description":"Mondher Ismail est d\u00e9c\u00e9d\u00e9 aujourd\u2019hui, lundi 15 avril 2019. Les habitants de Gafsa, aid\u00e9s par des associations, des activistes et des artistes s\u2019\u00e9taient mobilis\u00e9s pour colleter de l\u2019argent afin de l\u2019aider pour sa greffe du foie mais la maladie a eu raison de lui.","og_url":"https:\/\/kapitalis.com\/tunisie\/2019\/04\/15\/gafsa-deces-de-mondher-le-jeune-homme-qui-avait-emu-les-tunisiens\/","og_site_name":"Kapitalis","article_publisher":"https:\/\/www.facebook.com\/KapitalisInfo\/","article_published_time":"2019-04-15T13:58:58+00:00","article_modified_time":"2019-04-15T14:35:02+00:00","og_image":[{"width":1200,"height":630,"url":"https:\/\/kapitalis.com\/tunisie\/wp-content\/uploads\/2022\/05\/kapitalis-logo-fb.png","type":"image\/png"}],"author":"Yusra NY","twitter_card":"summary_large_image","twitter_creator":"@KapitalisInfo","twitter_site":"@KapitalisInfo","twitter_misc":{"\u00c9crit par":"Yusra NY","Dur\u00e9e de lecture estim\u00e9e":"1 minute"},"schema":{"@context":"https:\/\/schema.org","@graph":[{"@type":"Article","@id":"https:\/\/kapitalis.com\/tunisie\/2019\/04\/15\/gafsa-deces-de-mondher-le-jeune-homme-qui-avait-emu-les-tunisiens\/#article","isPartOf":{"@id":"https:\/\/kapitalis.com\/tunisie\/2019\/04\/15\/gafsa-deces-de-mondher-le-jeune-homme-qui-avait-emu-les-tunisiens\/"},"author":{"name":"Yusra NY","@id":"https:\/\/kapitalis.com\/tunisie\/#\/schema\/person\/74bbde0154d49d790a92aaeac5bc01d5"},"headline":"Gafsa : D\u00e9c\u00e8s de Mondher, le jeune homme qui avait \u00e9mu les Tunisiens","datePublished":"2019-04-15T13:58:58+00:00","dateModified":"2019-04-15T14:35:02+00:00","mainEntityOfPage":{"@id":"https:\/\/kapitalis.com\/tunisie\/2019\/04\/15\/gafsa-deces-de-mondher-le-jeune-homme-qui-avait-emu-les-tunisiens\/"},"wordCount":187,"commentCount":3,"publisher":{"@id":"https:\/\/kapitalis.com\/tunisie\/#organization"},"image":{"@id":"https:\/\/kapitalis.com\/tunisie\/2019\/04\/15\/gafsa-deces-de-mondher-le-jeune-homme-qui-avait-emu-les-tunisiens\/#primaryimage"},"thumbnailUrl":"","keywords":["collecte","dons","Gafsa"],"articleSection":["SOCIETE","Tunisie"],"inLanguage":"fr-FR","potentialAction":[{"@type":"CommentAction","name":"Comment","target":["https:\/\/kapitalis.com\/tunisie\/2019\/04\/15\/gafsa-deces-de-mondher-le-jeune-homme-qui-avait-emu-les-tunisiens\/#respond"]}]},{"@type":"WebPage","@id":"https:\/\/kapitalis.com\/tunisie\/2019\/04\/15\/gafsa-deces-de-mondher-le-jeune-homme-qui-avait-emu-les-tunisiens\/","url":"https:\/\/kapitalis.com\/tunisie\/2019\/04\/15\/gafsa-deces-de-mondher-le-jeune-homme-qui-avait-emu-les-tunisiens\/","name":"Gafsa : D\u00e9c\u00e8s de Mondher, le jeune homme qui avait \u00e9mu les Tunisiens - Kapitalis","isPartOf":{"@id":"https:\/\/kapitalis.com\/tunisie\/#website"},"primaryImageOfPage":{"@id":"https:\/\/kapitalis.com\/tunisie\/2019\/04\/15\/gafsa-deces-de-mondher-le-jeune-homme-qui-avait-emu-les-tunisiens\/#primaryimage"},"image":{"@id":"https:\/\/kapitalis.com\/tunisie\/2019\/04\/15\/gafsa-deces-de-mondher-le-jeune-homme-qui-avait-emu-les-tunisiens\/#primaryimage"},"thumbnailUrl":"","datePublished":"2019-04-15T13:58:58+00:00","dateModified":"2019-04-15T14:35:02+00:00","breadcrumb":{"@id":"https:\/\/kapitalis.com\/tunisie\/2019\/04\/15\/gafsa-deces-de-mondher-le-jeune-homme-qui-avait-emu-les-tunisiens\/#breadcrumb"},"inLanguage":"fr-FR","potentialAction":[{"@type":"ReadAction","target":["https:\/\/kapitalis.com\/tunisie\/2019\/04\/15\/gafsa-deces-de-mondher-le-jeune-homme-qui-avait-emu-les-tunisiens\/"]}]},{"@type":"ImageObject","inLanguage":"fr-FR","@id":"https:\/\/kapitalis.com\/tunisie\/2019\/04\/15\/gafsa-deces-de-mondher-le-jeune-homme-qui-avait-emu-les-tunisiens\/#primaryimage","url":"","contentUrl":""},{"@type":"BreadcrumbList","@id":"https:\/\/kapitalis.com\/tunisie\/2019\/04\/15\/gafsa-deces-de-mondher-le-jeune-homme-qui-avait-emu-les-tunisiens\/#breadcrumb","itemListElement":[{"@type":"ListItem","position":1,"name":"Accueil","item":"https:\/\/kapitalis.com\/tunisie\/"},{"@type":"ListItem","position":2,"name":"Gafsa : D\u00e9c\u00e8s de Mondher, le jeune homme qui avait \u00e9mu les Tunisiens"}]},{"@type":"WebSite","@id":"https:\/\/kapitalis.com\/tunisie\/#website","url":"https:\/\/kapitalis.com\/tunisie\/","name":"Kapitalis","description":"L&#039;actualit\u00e9 en Tunisie et dans le monde","publisher":{"@id":"https:\/\/kapitalis.com\/tunisie\/#organization"},"potentialAction":[{"@type":"SearchAction","target":{"@type":"EntryPoint","urlTemplate":"https:\/\/kapitalis.com\/tunisie\/?s={search_term_string}"},"query-input":{"@type":"PropertyValueSpecification","valueRequired":true,"valueName":"search_term_string"}}],"inLanguage":"fr-FR"},{"@type":"Organization","@id":"https:\/\/kapitalis.com\/tunisie\/#organization","name":"Kapitalis","url":"https:\/\/kapitalis.com\/tunisie\/","logo":{"@type":"ImageObject","inLanguage":"fr-FR","@id":"https:\/\/kapitalis.com\/tunisie\/#\/schema\/logo\/image\/","url":"https:\/\/kapitalis.com\/tunisie\/wp-content\/uploads\/2022\/05\/Kapitalis-big-size.png","contentUrl":"https:\/\/kapitalis.com\/tunisie\/wp-content\/uploads\/2022\/05\/Kapitalis-big-size.png","width":5000,"height":1500,"caption":"Kapitalis"},"image":{"@id":"https:\/\/kapitalis.com\/tunisie\/#\/schema\/logo\/image\/"},"sameAs":["https:\/\/www.facebook.com\/KapitalisInfo\/","https:\/\/x.com\/KapitalisInfo","https:\/\/www.youtube.com\/channel\/UC-yDYrHyfFBWWZaOw3FPg9Q"]},{"@type":"Person","@id":"https:\/\/kapitalis.com\/tunisie\/#\/schema\/person\/74bbde0154d49d790a92aaeac5bc01d5","name":"Yusra NY","url":"https:\/\/kapitalis.com\/tunisie\/author\/yuza_adam\/"}]}},"_links":{"self":[{"href":"https:\/\/kapitalis.com\/tunisie\/wp-json\/wp\/v2\/posts\/206932","targetHints":{"allow":["GET"]}}],"collection":[{"href":"https:\/\/kapitalis.com\/tunisie\/wp-json\/wp\/v2\/posts"}],"about":[{"href":"https:\/\/kapitalis.com\/tunisie\/wp-json\/wp\/v2\/types\/post"}],"author":[{"embeddable":true,"href":"https:\/\/kapitalis.com\/tunisie\/wp-json\/wp\/v2\/users\/6"}],"replies":[{"embeddable":true,"href":"https:\/\/kapitalis.com\/tunisie\/wp-json\/wp\/v2\/comments?post=206932"}],"version-history":[{"count":0,"href":"https:\/\/kapitalis.com\/tunisie\/wp-json\/wp\/v2\/posts\/206932\/revisions"}],"wp:featuredmedia":[{"embeddable":true,"href":"https:\/\/kapitalis.com\/tunisie\/wp-json\/wp\/v2\/media\/206948"}],"wp:attachment":[{"href":"https:\/\/kapitalis.com\/tunisie\/wp-json\/wp\/v2\/media?parent=206932"}],"wp:term":[{"taxonomy":"category","embeddable":true,"href":"https:\/\/kapitalis.com\/tunisie\/wp-json\/wp\/v2\/categories?post=206932"},{"taxonomy":"post_tag","embeddable":true,"href":"https:\/\/kapitalis.com\/tunisie\/wp-json\/wp\/v2\/tags?post=206932"}],"curies":[{"name":"wp","href":"https:\/\/api.w.org\/{rel}","templated":true}]}}