{"id":206981,"date":"2019-04-15T17:28:40","date_gmt":"2019-04-15T16:28:40","guid":{"rendered":"http:\/\/kapitalis.com\/tunisie\/?p=206981"},"modified":"2019-04-15T18:17:17","modified_gmt":"2019-04-15T17:17:17","slug":"enquete-sur-un-enlevement-et-un-viol-collectif-a-nabeul","status":"publish","type":"post","link":"https:\/\/kapitalis.com\/tunisie\/2019\/04\/15\/enquete-sur-un-enlevement-et-un-viol-collectif-a-nabeul\/","title":{"rendered":"Enqu\u00eate sur un enl\u00e8vement et un viol collectif \u00e0 Nabeul"},"content":{"rendered":"<p style=\"text-align: center;\"><img loading=\"lazy\" decoding=\"async\" class=\"alignnone size-full wp-image-152133\" src=\"http:\/\/kapitalis.com\/tunisie\/wp-content\/uploads\/2018\/05\/violagression-dame.jpg\" alt=\"\" width=\"626\" height=\"380\" \/><\/p>\n<p><em><strong>Le minist\u00e8re public a charg\u00e9 la brigade de lutte contre les violences faites aux femmes et aux enfants relevant de la garde nationale d\u2019enqu\u00eater sur une affaire d\u2019enl\u00e8vement et de viol collectif d\u2019une jeune femme, hier, dimanche 14 avril 2019, \u00e0 Nabeul.<\/strong><\/em><!--more--><\/p>\n<p>Selon la victime pr\u00e9sum\u00e9e, 4 individus l\u2019ont intercept\u00e9e sur la route de Menzel Temime, alors qu\u2019elle \u00e9tait avec son fianc\u00e9 sur une mobylette, indique Radio Med, en citant une source s\u00e9curitaire.<\/p>\n<p>Les agresseurs ont violent\u00e9 le jeune homme et enlev\u00e9 sa fianc\u00e9e, avant de l\u2019emmener dans un endroit isol\u00e9 o\u00f9 ils ont abus\u00e9 d\u2019elle \u00e0 tour de r\u00f4le, pr\u00e9cise la plaignante. Les 4 violeurs pr\u00e9sum\u00e9s ont pris la fuite et la victime a \u00e9t\u00e9 transport\u00e9e \u00e0 l\u2019h\u00f4pital.<\/p>\n<p>Le minist\u00e8re public a ordonn\u00e9 l\u2019ouverture d\u2019une enqu\u00eate hier et la police poursuit son enqu\u00eate.<\/p>\n<p style=\"text-align: right;\"><strong>Y. N.<\/strong><\/p>\n","protected":false},"excerpt":{"rendered":"<p>Le minist\u00e8re public a charg\u00e9 la brigade de lutte contre les violences faites aux femmes et aux enfants relevant de la garde nationale d\u2019enqu\u00eater sur une affaire d\u2019enl\u00e8vement et de viol collectif d\u2019une jeune femme, hier, dimanche 14 avril 2019, \u00e0 Nabeul.<\/p>\n","protected":false},"author":6,"featured_media":0,"comment_status":"open","ping_status":"open","sticky":false,"template":"","format":"standard","meta":{"footnotes":""},"categories":[998,2433],"tags":[1011,1289,9654,650,721,6302],"class_list":["post-206981","post","type-post","status-publish","format-standard","hentry","category-societe","category-tunisie","tag-enlevement","tag-femme","tag-menzel-temim","tag-nabeul","tag-plainte","tag-viol-collectif"],"yoast_head":"<!-- This site is optimized with the Yoast SEO plugin v26.6 - https:\/\/yoast.com\/wordpress\/plugins\/seo\/ -->\n<title>Enqu\u00eate sur un enl\u00e8vement et un viol collectif \u00e0 Nabeul - Kapitalis<\/title>\n<meta name=\"robots\" content=\"index, follow, max-snippet:-1, max-image-preview:large, max-video-preview:-1\" \/>\n<link rel=\"canonical\" href=\"https:\/\/kapitalis.com\/tunisie\/2019\/04\/15\/enquete-sur-un-enlevement-et-un-viol-collectif-a-nabeul\/\" \/>\n<meta property=\"og:locale\" content=\"fr_FR\" \/>\n<meta property=\"og:type\" content=\"article\" \/>\n<meta property=\"og:title\" content=\"Enqu\u00eate sur un enl\u00e8vement et un viol collectif \u00e0 Nabeul - Kapitalis\" \/>\n<meta property=\"og:description\" content=\"Le minist\u00e8re public a charg\u00e9 la brigade de lutte contre les violences faites aux femmes et aux enfants relevant de la garde nationale d\u2019enqu\u00eater sur une affaire d\u2019enl\u00e8vement et de viol collectif d\u2019une jeune femme, hier, dimanche 14 avril 2019, \u00e0 Nabeul.\" \/>\n<meta property=\"og:url\" content=\"https:\/\/kapitalis.com\/tunisie\/2019\/04\/15\/enquete-sur-un-enlevement-et-un-viol-collectif-a-nabeul\/\" \/>\n<meta property=\"og:site_name\" content=\"Kapitalis\" \/>\n<meta property=\"article:publisher\" content=\"https:\/\/www.facebook.com\/KapitalisInfo\/\" \/>\n<meta property=\"article:published_time\" content=\"2019-04-15T16:28:40+00:00\" \/>\n<meta property=\"article:modified_time\" content=\"2019-04-15T17:17:17+00:00\" \/>\n<meta property=\"og:image\" content=\"http:\/\/kapitalis.com\/tunisie\/wp-content\/uploads\/2018\/05\/violagression-dame.jpg\" \/>\n<meta name=\"author\" content=\"Yusra NY\" \/>\n<meta name=\"twitter:card\" content=\"summary_large_image\" \/>\n<meta name=\"twitter:creator\" content=\"@KapitalisInfo\" \/>\n<meta name=\"twitter:site\" content=\"@KapitalisInfo\" \/>\n<meta name=\"twitter:label1\" content=\"\u00c9crit par\" \/>\n\t<meta name=\"twitter:data1\" content=\"Yusra NY\" \/>\n\t<meta name=\"twitter:label2\" content=\"Dur\u00e9e de lecture estim\u00e9e\" \/>\n\t<meta name=\"twitter:data2\" content=\"1 minute\" \/>\n<script type=\"application\/ld+json\" class=\"yoast-schema-graph\">{\"@context\":\"https:\/\/schema.org\",\"@graph\":[{\"@type\":\"Article\",\"@id\":\"https:\/\/kapitalis.com\/tunisie\/2019\/04\/15\/enquete-sur-un-enlevement-et-un-viol-collectif-a-nabeul\/#article\",\"isPartOf\":{\"@id\":\"https:\/\/kapitalis.com\/tunisie\/2019\/04\/15\/enquete-sur-un-enlevement-et-un-viol-collectif-a-nabeul\/\"},\"author\":{\"name\":\"Yusra NY\",\"@id\":\"https:\/\/kapitalis.com\/tunisie\/#\/schema\/person\/74bbde0154d49d790a92aaeac5bc01d5\"},\"headline\":\"Enqu\u00eate sur un enl\u00e8vement et un viol collectif \u00e0 Nabeul\",\"datePublished\":\"2019-04-15T16:28:40+00:00\",\"dateModified\":\"2019-04-15T17:17:17+00:00\",\"mainEntityOfPage\":{\"@id\":\"https:\/\/kapitalis.com\/tunisie\/2019\/04\/15\/enquete-sur-un-enlevement-et-un-viol-collectif-a-nabeul\/\"},\"wordCount\":167,\"commentCount\":0,\"publisher\":{\"@id\":\"https:\/\/kapitalis.com\/tunisie\/#organization\"},\"image\":{\"@id\":\"https:\/\/kapitalis.com\/tunisie\/2019\/04\/15\/enquete-sur-un-enlevement-et-un-viol-collectif-a-nabeul\/#primaryimage\"},\"thumbnailUrl\":\"http:\/\/kapitalis.com\/tunisie\/wp-content\/uploads\/2018\/05\/violagression-dame.jpg\",\"keywords\":[\"enl\u00e8vement\",\"femme\",\"Menzel Temim\",\"Nabeul\",\"plainte\",\"viol collectif\"],\"articleSection\":[\"SOCIETE\",\"Tunisie\"],\"inLanguage\":\"fr-FR\",\"potentialAction\":[{\"@type\":\"CommentAction\",\"name\":\"Comment\",\"target\":[\"https:\/\/kapitalis.com\/tunisie\/2019\/04\/15\/enquete-sur-un-enlevement-et-un-viol-collectif-a-nabeul\/#respond\"]}]},{\"@type\":\"WebPage\",\"@id\":\"https:\/\/kapitalis.com\/tunisie\/2019\/04\/15\/enquete-sur-un-enlevement-et-un-viol-collectif-a-nabeul\/\",\"url\":\"https:\/\/kapitalis.com\/tunisie\/2019\/04\/15\/enquete-sur-un-enlevement-et-un-viol-collectif-a-nabeul\/\",\"name\":\"Enqu\u00eate sur un enl\u00e8vement et un viol collectif \u00e0 Nabeul - Kapitalis\",\"isPartOf\":{\"@id\":\"https:\/\/kapitalis.com\/tunisie\/#website\"},\"primaryImageOfPage\":{\"@id\":\"https:\/\/kapitalis.com\/tunisie\/2019\/04\/15\/enquete-sur-un-enlevement-et-un-viol-collectif-a-nabeul\/#primaryimage\"},\"image\":{\"@id\":\"https:\/\/kapitalis.com\/tunisie\/2019\/04\/15\/enquete-sur-un-enlevement-et-un-viol-collectif-a-nabeul\/#primaryimage\"},\"thumbnailUrl\":\"http:\/\/kapitalis.com\/tunisie\/wp-content\/uploads\/2018\/05\/violagression-dame.jpg\",\"datePublished\":\"2019-04-15T16:28:40+00:00\",\"dateModified\":\"2019-04-15T17:17:17+00:00\",\"breadcrumb\":{\"@id\":\"https:\/\/kapitalis.com\/tunisie\/2019\/04\/15\/enquete-sur-un-enlevement-et-un-viol-collectif-a-nabeul\/#breadcrumb\"},\"inLanguage\":\"fr-FR\",\"potentialAction\":[{\"@type\":\"ReadAction\",\"target\":[\"https:\/\/kapitalis.com\/tunisie\/2019\/04\/15\/enquete-sur-un-enlevement-et-un-viol-collectif-a-nabeul\/\"]}]},{\"@type\":\"ImageObject\",\"inLanguage\":\"fr-FR\",\"@id\":\"https:\/\/kapitalis.com\/tunisie\/2019\/04\/15\/enquete-sur-un-enlevement-et-un-viol-collectif-a-nabeul\/#primaryimage\",\"url\":\"http:\/\/kapitalis.com\/tunisie\/wp-content\/uploads\/2018\/05\/violagression-dame.jpg\",\"contentUrl\":\"http:\/\/kapitalis.com\/tunisie\/wp-content\/uploads\/2018\/05\/violagression-dame.jpg\"},{\"@type\":\"BreadcrumbList\",\"@id\":\"https:\/\/kapitalis.com\/tunisie\/2019\/04\/15\/enquete-sur-un-enlevement-et-un-viol-collectif-a-nabeul\/#breadcrumb\",\"itemListElement\":[{\"@type\":\"ListItem\",\"position\":1,\"name\":\"Accueil\",\"item\":\"https:\/\/kapitalis.com\/tunisie\/\"},{\"@type\":\"ListItem\",\"position\":2,\"name\":\"Enqu\u00eate sur un enl\u00e8vement et un viol collectif \u00e0 Nabeul\"}]},{\"@type\":\"WebSite\",\"@id\":\"https:\/\/kapitalis.com\/tunisie\/#website\",\"url\":\"https:\/\/kapitalis.com\/tunisie\/\",\"name\":\"Kapitalis\",\"description\":\"L&#039;actualit\u00e9 en Tunisie et dans le monde\",\"publisher\":{\"@id\":\"https:\/\/kapitalis.com\/tunisie\/#organization\"},\"potentialAction\":[{\"@type\":\"SearchAction\",\"target\":{\"@type\":\"EntryPoint\",\"urlTemplate\":\"https:\/\/kapitalis.com\/tunisie\/?s={search_term_string}\"},\"query-input\":{\"@type\":\"PropertyValueSpecification\",\"valueRequired\":true,\"valueName\":\"search_term_string\"}}],\"inLanguage\":\"fr-FR\"},{\"@type\":\"Organization\",\"@id\":\"https:\/\/kapitalis.com\/tunisie\/#organization\",\"name\":\"Kapitalis\",\"url\":\"https:\/\/kapitalis.com\/tunisie\/\",\"logo\":{\"@type\":\"ImageObject\",\"inLanguage\":\"fr-FR\",\"@id\":\"https:\/\/kapitalis.com\/tunisie\/#\/schema\/logo\/image\/\",\"url\":\"https:\/\/kapitalis.com\/tunisie\/wp-content\/uploads\/2022\/05\/Kapitalis-big-size.png\",\"contentUrl\":\"https:\/\/kapitalis.com\/tunisie\/wp-content\/uploads\/2022\/05\/Kapitalis-big-size.png\",\"width\":5000,\"height\":1500,\"caption\":\"Kapitalis\"},\"image\":{\"@id\":\"https:\/\/kapitalis.com\/tunisie\/#\/schema\/logo\/image\/\"},\"sameAs\":[\"https:\/\/www.facebook.com\/KapitalisInfo\/\",\"https:\/\/x.com\/KapitalisInfo\",\"https:\/\/www.youtube.com\/channel\/UC-yDYrHyfFBWWZaOw3FPg9Q\"]},{\"@type\":\"Person\",\"@id\":\"https:\/\/kapitalis.com\/tunisie\/#\/schema\/person\/74bbde0154d49d790a92aaeac5bc01d5\",\"name\":\"Yusra NY\",\"url\":\"https:\/\/kapitalis.com\/tunisie\/author\/yuza_adam\/\"}]}<\/script>\n<!-- \/ Yoast SEO plugin. -->","yoast_head_json":{"title":"Enqu\u00eate sur un enl\u00e8vement et un viol collectif \u00e0 Nabeul - Kapitalis","robots":{"index":"index","follow":"follow","max-snippet":"max-snippet:-1","max-image-preview":"max-image-preview:large","max-video-preview":"max-video-preview:-1"},"canonical":"https:\/\/kapitalis.com\/tunisie\/2019\/04\/15\/enquete-sur-un-enlevement-et-un-viol-collectif-a-nabeul\/","og_locale":"fr_FR","og_type":"article","og_title":"Enqu\u00eate sur un enl\u00e8vement et un viol collectif \u00e0 Nabeul - Kapitalis","og_description":"Le minist\u00e8re public a charg\u00e9 la brigade de lutte contre les violences faites aux femmes et aux enfants relevant de la garde nationale d\u2019enqu\u00eater sur une affaire d\u2019enl\u00e8vement et de viol collectif d\u2019une jeune femme, hier, dimanche 14 avril 2019, \u00e0 Nabeul.","og_url":"https:\/\/kapitalis.com\/tunisie\/2019\/04\/15\/enquete-sur-un-enlevement-et-un-viol-collectif-a-nabeul\/","og_site_name":"Kapitalis","article_publisher":"https:\/\/www.facebook.com\/KapitalisInfo\/","article_published_time":"2019-04-15T16:28:40+00:00","article_modified_time":"2019-04-15T17:17:17+00:00","og_image":[{"url":"http:\/\/kapitalis.com\/tunisie\/wp-content\/uploads\/2018\/05\/violagression-dame.jpg","type":"","width":"","height":""}],"author":"Yusra NY","twitter_card":"summary_large_image","twitter_creator":"@KapitalisInfo","twitter_site":"@KapitalisInfo","twitter_misc":{"\u00c9crit par":"Yusra NY","Dur\u00e9e de lecture estim\u00e9e":"1 minute"},"schema":{"@context":"https:\/\/schema.org","@graph":[{"@type":"Article","@id":"https:\/\/kapitalis.com\/tunisie\/2019\/04\/15\/enquete-sur-un-enlevement-et-un-viol-collectif-a-nabeul\/#article","isPartOf":{"@id":"https:\/\/kapitalis.com\/tunisie\/2019\/04\/15\/enquete-sur-un-enlevement-et-un-viol-collectif-a-nabeul\/"},"author":{"name":"Yusra NY","@id":"https:\/\/kapitalis.com\/tunisie\/#\/schema\/person\/74bbde0154d49d790a92aaeac5bc01d5"},"headline":"Enqu\u00eate sur un enl\u00e8vement et un viol collectif \u00e0 Nabeul","datePublished":"2019-04-15T16:28:40+00:00","dateModified":"2019-04-15T17:17:17+00:00","mainEntityOfPage":{"@id":"https:\/\/kapitalis.com\/tunisie\/2019\/04\/15\/enquete-sur-un-enlevement-et-un-viol-collectif-a-nabeul\/"},"wordCount":167,"commentCount":0,"publisher":{"@id":"https:\/\/kapitalis.com\/tunisie\/#organization"},"image":{"@id":"https:\/\/kapitalis.com\/tunisie\/2019\/04\/15\/enquete-sur-un-enlevement-et-un-viol-collectif-a-nabeul\/#primaryimage"},"thumbnailUrl":"http:\/\/kapitalis.com\/tunisie\/wp-content\/uploads\/2018\/05\/violagression-dame.jpg","keywords":["enl\u00e8vement","femme","Menzel Temim","Nabeul","plainte","viol collectif"],"articleSection":["SOCIETE","Tunisie"],"inLanguage":"fr-FR","potentialAction":[{"@type":"CommentAction","name":"Comment","target":["https:\/\/kapitalis.com\/tunisie\/2019\/04\/15\/enquete-sur-un-enlevement-et-un-viol-collectif-a-nabeul\/#respond"]}]},{"@type":"WebPage","@id":"https:\/\/kapitalis.com\/tunisie\/2019\/04\/15\/enquete-sur-un-enlevement-et-un-viol-collectif-a-nabeul\/","url":"https:\/\/kapitalis.com\/tunisie\/2019\/04\/15\/enquete-sur-un-enlevement-et-un-viol-collectif-a-nabeul\/","name":"Enqu\u00eate sur un enl\u00e8vement et un viol collectif \u00e0 Nabeul - Kapitalis","isPartOf":{"@id":"https:\/\/kapitalis.com\/tunisie\/#website"},"primaryImageOfPage":{"@id":"https:\/\/kapitalis.com\/tunisie\/2019\/04\/15\/enquete-sur-un-enlevement-et-un-viol-collectif-a-nabeul\/#primaryimage"},"image":{"@id":"https:\/\/kapitalis.com\/tunisie\/2019\/04\/15\/enquete-sur-un-enlevement-et-un-viol-collectif-a-nabeul\/#primaryimage"},"thumbnailUrl":"http:\/\/kapitalis.com\/tunisie\/wp-content\/uploads\/2018\/05\/violagression-dame.jpg","datePublished":"2019-04-15T16:28:40+00:00","dateModified":"2019-04-15T17:17:17+00:00","breadcrumb":{"@id":"https:\/\/kapitalis.com\/tunisie\/2019\/04\/15\/enquete-sur-un-enlevement-et-un-viol-collectif-a-nabeul\/#breadcrumb"},"inLanguage":"fr-FR","potentialAction":[{"@type":"ReadAction","target":["https:\/\/kapitalis.com\/tunisie\/2019\/04\/15\/enquete-sur-un-enlevement-et-un-viol-collectif-a-nabeul\/"]}]},{"@type":"ImageObject","inLanguage":"fr-FR","@id":"https:\/\/kapitalis.com\/tunisie\/2019\/04\/15\/enquete-sur-un-enlevement-et-un-viol-collectif-a-nabeul\/#primaryimage","url":"http:\/\/kapitalis.com\/tunisie\/wp-content\/uploads\/2018\/05\/violagression-dame.jpg","contentUrl":"http:\/\/kapitalis.com\/tunisie\/wp-content\/uploads\/2018\/05\/violagression-dame.jpg"},{"@type":"BreadcrumbList","@id":"https:\/\/kapitalis.com\/tunisie\/2019\/04\/15\/enquete-sur-un-enlevement-et-un-viol-collectif-a-nabeul\/#breadcrumb","itemListElement":[{"@type":"ListItem","position":1,"name":"Accueil","item":"https:\/\/kapitalis.com\/tunisie\/"},{"@type":"ListItem","position":2,"name":"Enqu\u00eate sur un enl\u00e8vement et un viol collectif \u00e0 Nabeul"}]},{"@type":"WebSite","@id":"https:\/\/kapitalis.com\/tunisie\/#website","url":"https:\/\/kapitalis.com\/tunisie\/","name":"Kapitalis","description":"L&#039;actualit\u00e9 en Tunisie et dans le monde","publisher":{"@id":"https:\/\/kapitalis.com\/tunisie\/#organization"},"potentialAction":[{"@type":"SearchAction","target":{"@type":"EntryPoint","urlTemplate":"https:\/\/kapitalis.com\/tunisie\/?s={search_term_string}"},"query-input":{"@type":"PropertyValueSpecification","valueRequired":true,"valueName":"search_term_string"}}],"inLanguage":"fr-FR"},{"@type":"Organization","@id":"https:\/\/kapitalis.com\/tunisie\/#organization","name":"Kapitalis","url":"https:\/\/kapitalis.com\/tunisie\/","logo":{"@type":"ImageObject","inLanguage":"fr-FR","@id":"https:\/\/kapitalis.com\/tunisie\/#\/schema\/logo\/image\/","url":"https:\/\/kapitalis.com\/tunisie\/wp-content\/uploads\/2022\/05\/Kapitalis-big-size.png","contentUrl":"https:\/\/kapitalis.com\/tunisie\/wp-content\/uploads\/2022\/05\/Kapitalis-big-size.png","width":5000,"height":1500,"caption":"Kapitalis"},"image":{"@id":"https:\/\/kapitalis.com\/tunisie\/#\/schema\/logo\/image\/"},"sameAs":["https:\/\/www.facebook.com\/KapitalisInfo\/","https:\/\/x.com\/KapitalisInfo","https:\/\/www.youtube.com\/channel\/UC-yDYrHyfFBWWZaOw3FPg9Q"]},{"@type":"Person","@id":"https:\/\/kapitalis.com\/tunisie\/#\/schema\/person\/74bbde0154d49d790a92aaeac5bc01d5","name":"Yusra NY","url":"https:\/\/kapitalis.com\/tunisie\/author\/yuza_adam\/"}]}},"_links":{"self":[{"href":"https:\/\/kapitalis.com\/tunisie\/wp-json\/wp\/v2\/posts\/206981","targetHints":{"allow":["GET"]}}],"collection":[{"href":"https:\/\/kapitalis.com\/tunisie\/wp-json\/wp\/v2\/posts"}],"about":[{"href":"https:\/\/kapitalis.com\/tunisie\/wp-json\/wp\/v2\/types\/post"}],"author":[{"embeddable":true,"href":"https:\/\/kapitalis.com\/tunisie\/wp-json\/wp\/v2\/users\/6"}],"replies":[{"embeddable":true,"href":"https:\/\/kapitalis.com\/tunisie\/wp-json\/wp\/v2\/comments?post=206981"}],"version-history":[{"count":0,"href":"https:\/\/kapitalis.com\/tunisie\/wp-json\/wp\/v2\/posts\/206981\/revisions"}],"wp:attachment":[{"href":"https:\/\/kapitalis.com\/tunisie\/wp-json\/wp\/v2\/media?parent=206981"}],"wp:term":[{"taxonomy":"category","embeddable":true,"href":"https:\/\/kapitalis.com\/tunisie\/wp-json\/wp\/v2\/categories?post=206981"},{"taxonomy":"post_tag","embeddable":true,"href":"https:\/\/kapitalis.com\/tunisie\/wp-json\/wp\/v2\/tags?post=206981"}],"curies":[{"name":"wp","href":"https:\/\/api.w.org\/{rel}","templated":true}]}}