{"id":2070409,"date":"2022-07-08T08:39:52","date_gmt":"2022-07-08T07:39:52","guid":{"rendered":"https:\/\/kapitalis.com\/tunisie\/?p=2070409"},"modified":"2022-07-08T08:39:54","modified_gmt":"2022-07-08T07:39:54","slug":"tunisie-une-nouvelle-constitution-et-apres","status":"publish","type":"post","link":"https:\/\/kapitalis.com\/tunisie\/2022\/07\/08\/tunisie-une-nouvelle-constitution-et-apres\/","title":{"rendered":"Tunisie\u00a0: Une nouvelle constitution, et apr\u00e8s\u00a0?"},"content":{"rendered":"\n<p><strong><em>Des jours extr\u00eamement durs attendent la Tunisie durant les prochains <strong><em>mois<\/em><\/strong><\/em><\/strong> <strong><em>et l&rsquo;impr\u00e9visible sera toujours ma\u00eetre du jeu, \u00e0 moins que les Tunisiens comprennent r\u00e9ellement les enjeux auxquels fait face leur pays et se d\u00e9cident enfin \u00e0 prendre leur sort en main pour en finir avec les ann\u00e9es de braise. Encore faut-il qu\u2019ils sachent en finir d\u2019abord avec la classe politique actuelle, toutes tendances confondues, qui a fait trop de mal au pays.<\/em><\/strong><\/p>\n\n\n\n<p>Par<strong> Raouf Chatty<\/strong> *<\/p>\n\n\n\n<!--more-->\n\n\n<div class=\"wp-block-image\">\n<figure class=\"alignleft size-full\"><img decoding=\"async\" src=\"http:\/\/kapitalis.com\/tunisie\/wp-content\/uploads\/2021\/05\/Raouf-Chatty.jpg\" alt=\"\" class=\"wp-image-347685\"\/><\/figure>\n<\/div>\n\n\n<p>L&rsquo;article 139 du projet de Constitution pour la <em>\u00abnouvelle R\u00e9publique\u00bb<\/em> qu&rsquo;appelle de ses v\u0153ux le Pr\u00e9sident de la R\u00e9publique Ka\u00efs Sa\u00efed a \u00e9t\u00e9 r\u00e9dig\u00e9 de telle mani\u00e8re que m\u00eame si le nombre de voix non exprim\u00e9es lors du r\u00e9f\u00e9rendum du 25 juillet prochain l&#8217;emporte sur le nombre de oui, le projet sera adopt\u00e9 et publi\u00e9 illico presto dans le Journal officiel d\u00e8s l\u2019annonce du r\u00e9sultat, donnant ainsi naissance \u00e0 la nouvelle constitution. Celle-ci entrera ainsi en vigueur automatiquement. Il n&rsquo;y a \u00e9t\u00e9 nullement inscrit que le projet doive recueillir la majorit\u00e9 des suffrages ni m\u00eame qu&rsquo;un niveau minimal de participation soit imp\u00e9ratif. Cela nuit \u00e9norm\u00e9ment \u00e0 la cr\u00e9dibilit\u00e9 et \u00e0 la l\u00e9gitimit\u00e9 de toute l\u2019op\u00e9ration qui risque de passer aux yeux de l\u2019opinion nationale et internationale comme un passage en force, et le mot a d\u00e9j\u00e0 \u00e9t\u00e9 employ\u00e9, et pas seulement par les opposants \u00e0 M. Sa\u00efed.<\/p>\n\n\n\n<h2 class=\"wp-block-heading\">Une nouvelle configuration de la sc\u00e8ne politique<\/h2>\n\n\n\n<p>En choisissant d&rsquo;agir ainsi, le Pr\u00e9sident de la R\u00e9publique a voulu d\u00e9montrer sa volont\u00e9 claire de se mettre au-dessus des ench\u00e8res et surench\u00e8res d&rsquo;o\u00f9 qu&rsquo;elles \u00e9manent prouvant qu\u2019il \u00e9tait s\u00fbr que celles-ci allaient accompagner le r\u00e9f\u00e9rendum depuis son lancement en passant par sa pr\u00e9paration, sa mise en \u0153uvre, et sa cons\u00e9quence attendue&nbsp;: une nouvelle configuration de la sc\u00e8ne politique.<\/p>\n\n\n\n<p>Le Pr\u00e9sident ne cesse ainsi d&rsquo;\u00e9tonner ses d\u00e9tracteurs et de les semer car ils persistent \u00e0 user de leur ancien logiciel pour le comprendre et analyser ses actes, alors qu\u2019il persiste \u00e0 ignorer superbement leurs logiques et \u00e0 rester fid\u00e8le \u00e0 la sienne.<\/p>\n\n\n\n<figure class=\"wp-block-embed is-type-wp-embed is-provider-kapitalis wp-block-embed-kapitalis\"><div class=\"wp-block-embed__wrapper\">\n<blockquote class=\"wp-embedded-content\" data-secret=\"I2DRQPQrVi\"><a href=\"https:\/\/kapitalis.com\/tunisie\/2022\/07\/07\/entre-une-resistance-qui-se-perd-et-une-soumission-qui-se-deshonore-preserver-la-tunisie\/\">Entre une r\u00e9sistance qui se perd et une soumission qui se d\u00e9shonore, pr\u00e9server la Tunisie<\/a><\/blockquote><iframe loading=\"lazy\" class=\"wp-embedded-content\" sandbox=\"allow-scripts\" security=\"restricted\" style=\"position: absolute; clip: rect(1px, 1px, 1px, 1px);\" title=\"\u00ab\u00a0Entre une r\u00e9sistance qui se perd et une soumission qui se d\u00e9shonore, pr\u00e9server la Tunisie\u00a0\u00bb &#8212; Kapitalis\" src=\"https:\/\/kapitalis.com\/tunisie\/2022\/07\/07\/entre-une-resistance-qui-se-perd-et-une-soumission-qui-se-deshonore-preserver-la-tunisie\/embed\/#?secret=7mzyI3BeSI#?secret=I2DRQPQrVi\" data-secret=\"I2DRQPQrVi\" width=\"600\" height=\"338\" frameborder=\"0\" marginwidth=\"0\" marginheight=\"0\" scrolling=\"no\"><\/iframe>\n<\/div><\/figure>\n\n\n\n<p>Dans sa logique \u00e9pous\u00e9e notamment depuis le 25 juillet 2021, il se consid\u00e8re comme le <em>\u00absauveur de la Tunisie\u00bb<\/em> des menaces imminentes auxquelles elle fait face.<\/p>\n\n\n\n<p>Aujourd&rsquo;hui, il poursuit son action dans le cadre de cette m\u00eame logique de fa\u00e7on d\u00e9termin\u00e9e faisant fi de tous commentaires et critiques, int\u00e9rieurs et ext\u00e9rieurs.<\/p>\n\n\n\n<p>Pour ce faire, la prochaine Constitution rassemblera l&rsquo;essentiel des pouvoirs voire davantage entre ses mains en tant que chef de l\u2019Etat. Pour lui c&rsquo;est une revanche prise sur ses d\u00e9tracteurs politiques de tous les bords et une belle occasion pour mettre en application ses id\u00e9es politiques annonc\u00e9es lors de la campagne pr\u00e9sidentielle et apr\u00e8s son accession \u00e0 la pr\u00e9sidence. \u00a0\u00a0<\/p>\n\n\n\n<h2 class=\"wp-block-heading\">Les opposants victimes de leurs propres errements <\/h2>\n\n\n\n<p>Ses d\u00e9tracteurs, le parti islamiste Ennahdha en t\u00eate, doivent aujourd&rsquo;hui s&rsquo;en prendre en premier lieu \u00e0 eux-m\u00eames. Ce sont eux qui l&rsquo;ont na\u00efvement aid\u00e9 \u00e0 les battre en lui d\u00e9blayant le terrain par leurs bilans nuls dans tous les domaines tout au long de la d\u00e9cennie 2011\/2021, agissements grossiers, maladroits et arrogants, lui donnant ainsi l&rsquo;occasion de renverser \u00e0 son profit une situation qui ne pouvait plus durer, et de s&rsquo;\u00e9riger en sauveur de la patrie !<\/p>\n\n\n\n<p>La fa\u00e7on calamiteuse avec laquelle ils ont g\u00e9r\u00e9 le pays, leur bilan catastrophique dans tous les domaines et la col\u00e8re populaire qu\u2019ils ont suscit\u00e9e \u00e0 travers tout le pays ont conduit au soul\u00e8vement populaire historique du 25 juillet 2021. La voie \u00e9tait devenue ainsi largement ouverte devant le Pr\u00e9sident pour accaparer tous les pouvoirs, fort \u00e9galement de son score de plus de 2.500.000 voix obtenues au scrutin pr\u00e9sidentiel, dont ceux des partisans d\u2019Ennahdha, qui \u00e9taient nombreux \u00e0 le soutenir lors de la pr\u00e9sidentielle et qui sont aujourd\u2019hui encore nombreux \u00e0 le soutenir&#8230; contre Ennahdha.<\/p>\n\n\n\n<figure class=\"wp-block-embed is-type-wp-embed is-provider-kapitalis wp-block-embed-kapitalis\"><div class=\"wp-block-embed__wrapper\">\n<blockquote class=\"wp-embedded-content\" data-secret=\"xSMp5E544f\"><a href=\"https:\/\/kapitalis.com\/tunisie\/2022\/07\/04\/tunisie-un-projet-de-constitution-retrograde-et-en-rupture-avec-la-societe\/\">Tunisie\u00a0: un projet de constitution r\u00e9trograde et en rupture avec la soci\u00e9t\u00e9<\/a><\/blockquote><iframe loading=\"lazy\" class=\"wp-embedded-content\" sandbox=\"allow-scripts\" security=\"restricted\" style=\"position: absolute; clip: rect(1px, 1px, 1px, 1px);\" title=\"\u00ab\u00a0Tunisie\u00a0: un projet de constitution r\u00e9trograde et en rupture avec la soci\u00e9t\u00e9\u00a0\u00bb &#8212; Kapitalis\" src=\"https:\/\/kapitalis.com\/tunisie\/2022\/07\/04\/tunisie-un-projet-de-constitution-retrograde-et-en-rupture-avec-la-societe\/embed\/#?secret=CWwI85N1a1#?secret=xSMp5E544f\" data-secret=\"xSMp5E544f\" width=\"600\" height=\"338\" frameborder=\"0\" marginwidth=\"0\" marginheight=\"0\" scrolling=\"no\"><\/iframe>\n<\/div><\/figure>\n\n\n\n<p>C\u2019est ainsi que Ka\u00efs Sa\u00efed a pu ass\u00e9ner le coup de gr\u00e2ce au parti islamiste tunisien, devenu l&rsquo;ombre de lui-m\u00eame, signant au final sa mise \u00e0 nu, son effondrement et le d\u00e9clin d\u00e9finitif de l&rsquo;islam politique en Tunisie et peut-\u00eatre aussi dans toute la r\u00e9gion.<\/p>\n\n\n\n<p>Le parti islamiste et ses alli\u00e9s doivent aujourd&rsquo;hui reconna\u00eetre leurs responsabilit\u00e9s dans l&rsquo;ascension de Ka\u00efs Sa\u00efed. Ils doivent surtout cesser leur hypocrisie et reconna\u00eetre leurs erreurs monumentales dans la gestion des affaires de l&rsquo;Etat, un Etat qu&rsquo;ils ont pris en otage, notamment depuis les derni\u00e8res \u00e9lections pr\u00e9sidentielle et l\u00e9gislative. Ils doivent avoir le courage d&rsquo;assumer publiquement leur responsabilit\u00e9 majeure dans la d\u00e9cadence sans pr\u00e9c\u00e9dent de la Tunisie post-2011&#8230;<\/p>\n\n\n\n<p>Qu&rsquo;on se rappelle bien que dans <em>\u00absa sagesse ultime\u00bb<\/em>, le pr\u00e9sident du parti islamiste Ennahdha lui-m\u00eame avait donn\u00e9 consigne aux siens de voter pour le candidat Sa\u00efed lors des \u00e9lections pr\u00e9sidentielles de 2019, voulant en faire une marionnette plac\u00e9e au Palais de Carthage, d\u00e9pourvu de tout pouvoir effectif. Et, en tant que Pr\u00e9sident de l\u2019Assembl\u00e9e, il lui disputait ses attributions en politique \u00e9trang\u00e8re, au vu et au su de tout le pays et de la communaut\u00e9 diplomatique, lui faisant de l&rsquo;ombre en mati\u00e8re de politique \u00e9trang\u00e8re, en recevant de mani\u00e8re officielle ambassadeurs et dignitaires \u00e9trangers.<\/p>\n\n\n\n<h2 class=\"wp-block-heading\">Ka\u00efs Sa\u00efed continue, imperturbable, sur la voie trac\u00e9e<\/h2>\n\n\n\n<p>Aujourd&rsquo;hui, malgr\u00e9 les critiques vigoureuses port\u00e9es au Pr\u00e9sident de la R\u00e9publique et de son projet de Constitution aux plans national international, l&rsquo;accusant de d\u00e9rive autoritaire voire dictatoriale et de mettre le pays sous sa coupe r\u00e9gl\u00e9e, tout porte \u00e0 croire que le Pr\u00e9sident continuera imperturbablement dans la voie qu&rsquo;il s&rsquo;\u00e9tait trac\u00e9e lui-m\u00eame.<\/p>\n\n\n\n<p>En t\u00e9moigne clairement la lettre explicative qu&rsquo;il a publi\u00e9e le 5 juillet en r\u00e9ponse aux critiques v\u00e9h\u00e9mentes de son projet de Constitution publi\u00e9 le 30 juin, faisant fi des propositions de la Commission Sadok Belaid, projet qui a suscit\u00e9 un v\u00e9ritable toll\u00e9 de la part des professeurs de droit constitutionnel et des repr\u00e9sentants de la classe politique et de la soci\u00e9t\u00e9 civile en Tunisie et carr\u00e9ment divis\u00e9 le peuple sur l&rsquo;attitude \u00e0 prendre lors du r\u00e9f\u00e9rendum.<\/p>\n\n\n\n<p>\u00c9gal \u00e0 lui-m\u00eame, le Pr\u00e9sident ne l&rsquo;entend pas ainsi. Il continue \u00e0 agir en <em>\u00absauveur\u00bb<\/em>. Pour lui, il s&rsquo;agit, comme il l&rsquo;\u00e9crit, de <em>\u00absauver les institutions de l&rsquo;Etat des tentatives r\u00e9p\u00e9t\u00e9es de frapper son unit\u00e9, de le prot\u00e9ger contre la propagation de la corruption et d\u2019e l&rsquo;impunit\u00e9\u00bb,<\/em> assurant que son <em>\u00abprojet de nouvelle constitution proc\u00e8de de l&rsquo;\u00e2me m\u00eame de la R\u00e9volution et du processus de sa r\u00e9habilitation suite aux d\u00e9rapages dangereux des derni\u00e8res ann\u00e9es\u00bb <\/em>et affirmant par ailleurs que son projet de Constitution <em>\u00abest \u00e9quilibr\u00e9\u00bb<\/em> et qu&rsquo;<em>\u00abil ne sera plus jamais question pour un parti politique de prendre l&rsquo;Etat en otage\u00bb,<\/em> allusion implicite au parti islamiste Ennahdha.<\/p>\n\n\n\n<figure class=\"wp-block-embed is-type-wp-embed is-provider-kapitalis wp-block-embed-kapitalis\"><div class=\"wp-block-embed__wrapper\">\n<blockquote class=\"wp-embedded-content\" data-secret=\"ymAOVK9ZRS\"><a href=\"https:\/\/kapitalis.com\/tunisie\/2022\/07\/03\/tunisie-comment-kais-saied-a-prepare-son-hold-up-constitutionnel\/\">Tunisie\u00a0: Comment Ka\u00efs Sa\u00efed a pr\u00e9par\u00e9 son hold-up constitutionnel<\/a><\/blockquote><iframe loading=\"lazy\" class=\"wp-embedded-content\" sandbox=\"allow-scripts\" security=\"restricted\" style=\"position: absolute; clip: rect(1px, 1px, 1px, 1px);\" title=\"\u00ab\u00a0Tunisie\u00a0: Comment Ka\u00efs Sa\u00efed a pr\u00e9par\u00e9 son hold-up constitutionnel\u00a0\u00bb &#8212; Kapitalis\" src=\"https:\/\/kapitalis.com\/tunisie\/2022\/07\/03\/tunisie-comment-kais-saied-a-prepare-son-hold-up-constitutionnel\/embed\/#?secret=kwyOJcsX5L#?secret=ymAOVK9ZRS\" data-secret=\"ymAOVK9ZRS\" width=\"600\" height=\"338\" frameborder=\"0\" marginwidth=\"0\" marginheight=\"0\" scrolling=\"no\"><\/iframe>\n<\/div><\/figure>\n\n\n\n<p>Les choses \u00e9tant ce qu&rsquo;elles sont, le Pr\u00e9sident ayant eu raison de tous ses d\u00e9tracteurs, aujourd&rsquo;hui divis\u00e9s, mais qui redoublent de f\u00e9rocit\u00e9, Ennahdha soufflant le chaud et le froid pour rajouter \u00e0 la confusion et brouiller les cartes, se pose la question de savoir comment vont se pr\u00e9senter les choses dans le pays au lendemain du r\u00e9f\u00e9rendum et de la publication de la nouvelle Constitution ?<\/p>\n\n\n\n<h2 class=\"wp-block-heading\">Une Tunisie plus instable et plus fragile <\/h2>\n\n\n\n<p>Dot\u00e9e d\u2019une nouvelle Constitution qu\u2019il va falloir mettre en \u0153uvre, la Tunisie sera certainement plus instable encore et continuera d\u2019\u00eatre le th\u00e9\u00e2tre de querelles politiques qui fragiliseront davantage l&rsquo;Etat et les pouvoirs publics. Le pays risque de sombrer davantage dans l&rsquo;instabilit\u00e9 politique, \u00e0 moins que le Pr\u00e9sident se d\u00e9cide d&rsquo;organiser des pr\u00e9sidentielles \u00e0 c\u00f4t\u00e9 des l\u00e9gislatives pr\u00e9vues pour le 17 d\u00e9cembre 2022.<\/p>\n\n\n\n<p>Le nouveau gouvernement provisoire qui sera constitu\u00e9 sera certainement un gouvernement faible et soumis aux coups de butoir des \u00e9ternels opposants. Il sera compos\u00e9 probablement de personnalit\u00e9s des partis politiques qui ont cautionn\u00e9 la d\u00e9marche du pr\u00e9sident, dont la l\u2019incomp\u00e9tence est si criarde qu\u2019elle ne passe pas inaper\u00e7ue. Car ce sont souvent des id\u00e9ologues sans exp\u00e9rience des affaires de l&rsquo;Etat et dont l\u2019unique <em>\u00abqualit\u00e9\u00bb<\/em> est qu\u2019ils partagent le nationalisme arabe ombrageux du Pr\u00e9sident comme Zouhair Maghzaoui du mouvement Echaab.<\/p>\n\n\n\n<p>Ce gouvernement sera-t-il en mesure d&rsquo;appliquer les plans du Pr\u00e9sident pour assainir le pays et qui ont commenc\u00e9 avec les proc\u00e9dures judiciaires engag\u00e9es contre des dirigeants islamistes tr\u00e8s influents?<\/p>\n\n\n\n<p>A un moment o\u00f9 le pays a du mal \u00e0 se remettre de la crise \u00e9conomique, financi\u00e8re et sociale et de la d\u00e9gradation de son image sur le plan international, comment va proc\u00e9der le nouveau gouvernement pour relever les d\u00e9fis immenses qui se pr\u00e9sentent aujourd\u2019hui \u00e0 une Tunisie \u00e0 genou. La crainte est vraiment grande de la voir s&#8217;embourber davantage.<\/p>\n\n\n\n<p>Face aux \u00e9normes difficult\u00e9s auxquelles ils devront faire face, les pouvoirs publics pourraient \u00eatre tent\u00e9s de resserrer davantage la vis, ce qui mettra le pays dans une ambiance de durcissement et de tension larv\u00e9e.<\/p>\n\n\n\n<p>La situation de la Tunisie sur le plan international, d\u00e9j\u00e0 peu reluisante, risque \u00e9galement de se d\u00e9grader davantage. Les critiques du r\u00e9f\u00e9rendum fusent d\u00e9j\u00e0 de partout, et notamment de la Commission de Venise et d\u2019Amnesty international&#8230; Cela risque de porter un coup dur \u00e0 nos relations avec le Fonds mon\u00e9taire international (FMI) et les autres pourvoyeurs de fonds au moment ou le pays peine s\u00e9rieusement \u00e0 redresser ses finances et \u00e0 r\u00e9pondre aux besoins essentiels de son peuple. La situation ne manquera pas de s&rsquo;aggraver avec la politique de la v\u00e9rit\u00e9 des prix qui devra entrer en vigueur d\u00e9but 2023.<\/p>\n\n\n\n<p>Bref, des jours extr\u00eamement durs attendent la Tunisie durant les mois prochains et l&rsquo;impr\u00e9visible sera toujours ma\u00eetre des lieux, \u00e0 moins que les Tunisiens comprennent r\u00e9ellement les enjeux auxquels fait face leur pays et se d\u00e9cident \u00e0 prendre leur sort en main et \u00e0 en finir avec les ann\u00e9es de braise. Encore faut-il qu\u2019ils sachent d\u2019abord en finir avec la classe politique actuelle, toutes tendances confondues, qui a fait trop de mal au pays. <\/p>\n\n\n\n<p>* <em>Ancien ambassadeur.<\/em><\/p>\n","protected":false},"excerpt":{"rendered":"<p>Des jours extr\u00eamement durs attendent la Tunisie durant les mois prochains et l&rsquo;impr\u00e9visible sera toujours ma\u00eetre des lieux, \u00e0 moins que les Tunisiens comprennent r\u00e9ellement les enjeux auxquels fait face leur pays et se d\u00e9cident \u00e0 prendre leur sort en main et \u00e0 en finir avec les ann\u00e9es de braise.<\/p>\n","protected":false},"author":8,"featured_media":1443360,"comment_status":"open","ping_status":"open","sticky":false,"template":"","format":"standard","meta":{"footnotes":""},"categories":[992,997,1000,2433],"tags":[49543,76012,100059,89839,99694,11228,62643,4896],"class_list":["post-2070409","post","type-post","status-publish","format-standard","has-post-thumbnail","hentry","category-a-la-une","category-politique","category-tribune","category-tunisie","tag-ennahdha","tag-kais-saied-2","tag-nouvelle-constitution","tag-raouf-chatty","tag-referendum-du-25-juillet","tag-sadok-belaid","tag-tunisie","tag-zouhair-maghzaoui"],"yoast_head":"<!-- This site is optimized with the Yoast SEO plugin v26.6 - https:\/\/yoast.com\/wordpress\/plugins\/seo\/ -->\n<title>Tunisie\u00a0: Une nouvelle constitution, et apr\u00e8s\u00a0? - Kapitalis<\/title>\n<meta name=\"robots\" content=\"index, follow, max-snippet:-1, max-image-preview:large, max-video-preview:-1\" \/>\n<link rel=\"canonical\" href=\"https:\/\/kapitalis.com\/tunisie\/2022\/07\/08\/tunisie-une-nouvelle-constitution-et-apres\/\" \/>\n<meta property=\"og:locale\" content=\"fr_FR\" \/>\n<meta property=\"og:type\" content=\"article\" \/>\n<meta property=\"og:title\" content=\"Tunisie\u00a0: Une nouvelle constitution, et apr\u00e8s\u00a0? - Kapitalis\" \/>\n<meta property=\"og:description\" content=\"Des jours extr\u00eamement durs attendent la Tunisie durant les mois prochains et l&#039;impr\u00e9visible sera toujours ma\u00eetre des lieux, \u00e0 moins que les Tunisiens comprennent r\u00e9ellement les enjeux auxquels fait face leur pays et se d\u00e9cident \u00e0 prendre leur sort en main et \u00e0 en finir avec les ann\u00e9es de braise.\" \/>\n<meta property=\"og:url\" content=\"https:\/\/kapitalis.com\/tunisie\/2022\/07\/08\/tunisie-une-nouvelle-constitution-et-apres\/\" \/>\n<meta property=\"og:site_name\" content=\"Kapitalis\" \/>\n<meta property=\"article:publisher\" content=\"https:\/\/www.facebook.com\/KapitalisInfo\/\" \/>\n<meta property=\"article:published_time\" content=\"2022-07-08T07:39:52+00:00\" \/>\n<meta property=\"article:modified_time\" content=\"2022-07-08T07:39:54+00:00\" \/>\n<meta property=\"og:image\" content=\"https:\/\/kapitalis.com\/tunisie\/wp-content\/uploads\/2022\/06\/Kais-Saied-2.jpg\" \/>\n\t<meta property=\"og:image:width\" content=\"1200\" \/>\n\t<meta property=\"og:image:height\" content=\"630\" \/>\n\t<meta property=\"og:image:type\" content=\"image\/jpeg\" \/>\n<meta name=\"author\" content=\"webmaster kapitalis\" \/>\n<meta name=\"twitter:card\" content=\"summary_large_image\" \/>\n<meta name=\"twitter:creator\" content=\"@KapitalisInfo\" \/>\n<meta name=\"twitter:site\" content=\"@KapitalisInfo\" \/>\n<meta name=\"twitter:label1\" content=\"\u00c9crit par\" \/>\n\t<meta name=\"twitter:data1\" content=\"webmaster kapitalis\" \/>\n\t<meta name=\"twitter:label2\" content=\"Dur\u00e9e de lecture estim\u00e9e\" \/>\n\t<meta name=\"twitter:data2\" content=\"9 minutes\" \/>\n<script type=\"application\/ld+json\" class=\"yoast-schema-graph\">{\"@context\":\"https:\/\/schema.org\",\"@graph\":[{\"@type\":\"Article\",\"@id\":\"https:\/\/kapitalis.com\/tunisie\/2022\/07\/08\/tunisie-une-nouvelle-constitution-et-apres\/#article\",\"isPartOf\":{\"@id\":\"https:\/\/kapitalis.com\/tunisie\/2022\/07\/08\/tunisie-une-nouvelle-constitution-et-apres\/\"},\"author\":{\"name\":\"webmaster kapitalis\",\"@id\":\"https:\/\/kapitalis.com\/tunisie\/#\/schema\/person\/d71f33a9ca44f7bad4698210b480c8e9\"},\"headline\":\"Tunisie\u00a0: Une nouvelle constitution, et apr\u00e8s\u00a0?\",\"datePublished\":\"2022-07-08T07:39:52+00:00\",\"dateModified\":\"2022-07-08T07:39:54+00:00\",\"mainEntityOfPage\":{\"@id\":\"https:\/\/kapitalis.com\/tunisie\/2022\/07\/08\/tunisie-une-nouvelle-constitution-et-apres\/\"},\"wordCount\":1780,\"commentCount\":4,\"publisher\":{\"@id\":\"https:\/\/kapitalis.com\/tunisie\/#organization\"},\"image\":{\"@id\":\"https:\/\/kapitalis.com\/tunisie\/2022\/07\/08\/tunisie-une-nouvelle-constitution-et-apres\/#primaryimage\"},\"thumbnailUrl\":\"https:\/\/kapitalis.com\/tunisie\/wp-content\/uploads\/2022\/06\/Kais-Saied-2.jpg\",\"keywords\":[\"Ennahdha\",\"Ka\u00efs Sa\u00efed\",\"nouvelle constitution\",\"Raouf Chatty\",\"r\u00e9f\u00e9rendum du 25 juillet\",\"Sadok Belaid\",\"Tunisie\",\"Zouhair Maghzaoui\"],\"articleSection\":[\"A LA UNE\",\"POLITIQUE\",\"TRIBUNE\",\"Tunisie\"],\"inLanguage\":\"fr-FR\",\"potentialAction\":[{\"@type\":\"CommentAction\",\"name\":\"Comment\",\"target\":[\"https:\/\/kapitalis.com\/tunisie\/2022\/07\/08\/tunisie-une-nouvelle-constitution-et-apres\/#respond\"]}]},{\"@type\":\"WebPage\",\"@id\":\"https:\/\/kapitalis.com\/tunisie\/2022\/07\/08\/tunisie-une-nouvelle-constitution-et-apres\/\",\"url\":\"https:\/\/kapitalis.com\/tunisie\/2022\/07\/08\/tunisie-une-nouvelle-constitution-et-apres\/\",\"name\":\"Tunisie\u00a0: Une nouvelle constitution, et apr\u00e8s\u00a0? - Kapitalis\",\"isPartOf\":{\"@id\":\"https:\/\/kapitalis.com\/tunisie\/#website\"},\"primaryImageOfPage\":{\"@id\":\"https:\/\/kapitalis.com\/tunisie\/2022\/07\/08\/tunisie-une-nouvelle-constitution-et-apres\/#primaryimage\"},\"image\":{\"@id\":\"https:\/\/kapitalis.com\/tunisie\/2022\/07\/08\/tunisie-une-nouvelle-constitution-et-apres\/#primaryimage\"},\"thumbnailUrl\":\"https:\/\/kapitalis.com\/tunisie\/wp-content\/uploads\/2022\/06\/Kais-Saied-2.jpg\",\"datePublished\":\"2022-07-08T07:39:52+00:00\",\"dateModified\":\"2022-07-08T07:39:54+00:00\",\"breadcrumb\":{\"@id\":\"https:\/\/kapitalis.com\/tunisie\/2022\/07\/08\/tunisie-une-nouvelle-constitution-et-apres\/#breadcrumb\"},\"inLanguage\":\"fr-FR\",\"potentialAction\":[{\"@type\":\"ReadAction\",\"target\":[\"https:\/\/kapitalis.com\/tunisie\/2022\/07\/08\/tunisie-une-nouvelle-constitution-et-apres\/\"]}]},{\"@type\":\"ImageObject\",\"inLanguage\":\"fr-FR\",\"@id\":\"https:\/\/kapitalis.com\/tunisie\/2022\/07\/08\/tunisie-une-nouvelle-constitution-et-apres\/#primaryimage\",\"url\":\"https:\/\/kapitalis.com\/tunisie\/wp-content\/uploads\/2022\/06\/Kais-Saied-2.jpg\",\"contentUrl\":\"https:\/\/kapitalis.com\/tunisie\/wp-content\/uploads\/2022\/06\/Kais-Saied-2.jpg\",\"width\":1200,\"height\":630},{\"@type\":\"BreadcrumbList\",\"@id\":\"https:\/\/kapitalis.com\/tunisie\/2022\/07\/08\/tunisie-une-nouvelle-constitution-et-apres\/#breadcrumb\",\"itemListElement\":[{\"@type\":\"ListItem\",\"position\":1,\"name\":\"Accueil\",\"item\":\"https:\/\/kapitalis.com\/tunisie\/\"},{\"@type\":\"ListItem\",\"position\":2,\"name\":\"Tunisie\u00a0: Une nouvelle constitution, et apr\u00e8s\u00a0?\"}]},{\"@type\":\"WebSite\",\"@id\":\"https:\/\/kapitalis.com\/tunisie\/#website\",\"url\":\"https:\/\/kapitalis.com\/tunisie\/\",\"name\":\"Kapitalis\",\"description\":\"L&#039;actualit\u00e9 en Tunisie et dans le monde\",\"publisher\":{\"@id\":\"https:\/\/kapitalis.com\/tunisie\/#organization\"},\"potentialAction\":[{\"@type\":\"SearchAction\",\"target\":{\"@type\":\"EntryPoint\",\"urlTemplate\":\"https:\/\/kapitalis.com\/tunisie\/?s={search_term_string}\"},\"query-input\":{\"@type\":\"PropertyValueSpecification\",\"valueRequired\":true,\"valueName\":\"search_term_string\"}}],\"inLanguage\":\"fr-FR\"},{\"@type\":\"Organization\",\"@id\":\"https:\/\/kapitalis.com\/tunisie\/#organization\",\"name\":\"Kapitalis\",\"url\":\"https:\/\/kapitalis.com\/tunisie\/\",\"logo\":{\"@type\":\"ImageObject\",\"inLanguage\":\"fr-FR\",\"@id\":\"https:\/\/kapitalis.com\/tunisie\/#\/schema\/logo\/image\/\",\"url\":\"https:\/\/kapitalis.com\/tunisie\/wp-content\/uploads\/2022\/05\/Kapitalis-big-size.png\",\"contentUrl\":\"https:\/\/kapitalis.com\/tunisie\/wp-content\/uploads\/2022\/05\/Kapitalis-big-size.png\",\"width\":5000,\"height\":1500,\"caption\":\"Kapitalis\"},\"image\":{\"@id\":\"https:\/\/kapitalis.com\/tunisie\/#\/schema\/logo\/image\/\"},\"sameAs\":[\"https:\/\/www.facebook.com\/KapitalisInfo\/\",\"https:\/\/x.com\/KapitalisInfo\",\"https:\/\/www.youtube.com\/channel\/UC-yDYrHyfFBWWZaOw3FPg9Q\"]},{\"@type\":\"Person\",\"@id\":\"https:\/\/kapitalis.com\/tunisie\/#\/schema\/person\/d71f33a9ca44f7bad4698210b480c8e9\",\"name\":\"webmaster kapitalis\",\"url\":\"https:\/\/kapitalis.com\/tunisie\/author\/webmaster-kapitalis\/\"}]}<\/script>\n<!-- \/ Yoast SEO plugin. -->","yoast_head_json":{"title":"Tunisie\u00a0: Une nouvelle constitution, et apr\u00e8s\u00a0? - Kapitalis","robots":{"index":"index","follow":"follow","max-snippet":"max-snippet:-1","max-image-preview":"max-image-preview:large","max-video-preview":"max-video-preview:-1"},"canonical":"https:\/\/kapitalis.com\/tunisie\/2022\/07\/08\/tunisie-une-nouvelle-constitution-et-apres\/","og_locale":"fr_FR","og_type":"article","og_title":"Tunisie\u00a0: Une nouvelle constitution, et apr\u00e8s\u00a0? - Kapitalis","og_description":"Des jours extr\u00eamement durs attendent la Tunisie durant les mois prochains et l'impr\u00e9visible sera toujours ma\u00eetre des lieux, \u00e0 moins que les Tunisiens comprennent r\u00e9ellement les enjeux auxquels fait face leur pays et se d\u00e9cident \u00e0 prendre leur sort en main et \u00e0 en finir avec les ann\u00e9es de braise.","og_url":"https:\/\/kapitalis.com\/tunisie\/2022\/07\/08\/tunisie-une-nouvelle-constitution-et-apres\/","og_site_name":"Kapitalis","article_publisher":"https:\/\/www.facebook.com\/KapitalisInfo\/","article_published_time":"2022-07-08T07:39:52+00:00","article_modified_time":"2022-07-08T07:39:54+00:00","og_image":[{"width":1200,"height":630,"url":"https:\/\/kapitalis.com\/tunisie\/wp-content\/uploads\/2022\/06\/Kais-Saied-2.jpg","type":"image\/jpeg"}],"author":"webmaster kapitalis","twitter_card":"summary_large_image","twitter_creator":"@KapitalisInfo","twitter_site":"@KapitalisInfo","twitter_misc":{"\u00c9crit par":"webmaster kapitalis","Dur\u00e9e de lecture estim\u00e9e":"9 minutes"},"schema":{"@context":"https:\/\/schema.org","@graph":[{"@type":"Article","@id":"https:\/\/kapitalis.com\/tunisie\/2022\/07\/08\/tunisie-une-nouvelle-constitution-et-apres\/#article","isPartOf":{"@id":"https:\/\/kapitalis.com\/tunisie\/2022\/07\/08\/tunisie-une-nouvelle-constitution-et-apres\/"},"author":{"name":"webmaster kapitalis","@id":"https:\/\/kapitalis.com\/tunisie\/#\/schema\/person\/d71f33a9ca44f7bad4698210b480c8e9"},"headline":"Tunisie\u00a0: Une nouvelle constitution, et apr\u00e8s\u00a0?","datePublished":"2022-07-08T07:39:52+00:00","dateModified":"2022-07-08T07:39:54+00:00","mainEntityOfPage":{"@id":"https:\/\/kapitalis.com\/tunisie\/2022\/07\/08\/tunisie-une-nouvelle-constitution-et-apres\/"},"wordCount":1780,"commentCount":4,"publisher":{"@id":"https:\/\/kapitalis.com\/tunisie\/#organization"},"image":{"@id":"https:\/\/kapitalis.com\/tunisie\/2022\/07\/08\/tunisie-une-nouvelle-constitution-et-apres\/#primaryimage"},"thumbnailUrl":"https:\/\/kapitalis.com\/tunisie\/wp-content\/uploads\/2022\/06\/Kais-Saied-2.jpg","keywords":["Ennahdha","Ka\u00efs Sa\u00efed","nouvelle constitution","Raouf Chatty","r\u00e9f\u00e9rendum du 25 juillet","Sadok Belaid","Tunisie","Zouhair Maghzaoui"],"articleSection":["A LA UNE","POLITIQUE","TRIBUNE","Tunisie"],"inLanguage":"fr-FR","potentialAction":[{"@type":"CommentAction","name":"Comment","target":["https:\/\/kapitalis.com\/tunisie\/2022\/07\/08\/tunisie-une-nouvelle-constitution-et-apres\/#respond"]}]},{"@type":"WebPage","@id":"https:\/\/kapitalis.com\/tunisie\/2022\/07\/08\/tunisie-une-nouvelle-constitution-et-apres\/","url":"https:\/\/kapitalis.com\/tunisie\/2022\/07\/08\/tunisie-une-nouvelle-constitution-et-apres\/","name":"Tunisie\u00a0: Une nouvelle constitution, et apr\u00e8s\u00a0? - Kapitalis","isPartOf":{"@id":"https:\/\/kapitalis.com\/tunisie\/#website"},"primaryImageOfPage":{"@id":"https:\/\/kapitalis.com\/tunisie\/2022\/07\/08\/tunisie-une-nouvelle-constitution-et-apres\/#primaryimage"},"image":{"@id":"https:\/\/kapitalis.com\/tunisie\/2022\/07\/08\/tunisie-une-nouvelle-constitution-et-apres\/#primaryimage"},"thumbnailUrl":"https:\/\/kapitalis.com\/tunisie\/wp-content\/uploads\/2022\/06\/Kais-Saied-2.jpg","datePublished":"2022-07-08T07:39:52+00:00","dateModified":"2022-07-08T07:39:54+00:00","breadcrumb":{"@id":"https:\/\/kapitalis.com\/tunisie\/2022\/07\/08\/tunisie-une-nouvelle-constitution-et-apres\/#breadcrumb"},"inLanguage":"fr-FR","potentialAction":[{"@type":"ReadAction","target":["https:\/\/kapitalis.com\/tunisie\/2022\/07\/08\/tunisie-une-nouvelle-constitution-et-apres\/"]}]},{"@type":"ImageObject","inLanguage":"fr-FR","@id":"https:\/\/kapitalis.com\/tunisie\/2022\/07\/08\/tunisie-une-nouvelle-constitution-et-apres\/#primaryimage","url":"https:\/\/kapitalis.com\/tunisie\/wp-content\/uploads\/2022\/06\/Kais-Saied-2.jpg","contentUrl":"https:\/\/kapitalis.com\/tunisie\/wp-content\/uploads\/2022\/06\/Kais-Saied-2.jpg","width":1200,"height":630},{"@type":"BreadcrumbList","@id":"https:\/\/kapitalis.com\/tunisie\/2022\/07\/08\/tunisie-une-nouvelle-constitution-et-apres\/#breadcrumb","itemListElement":[{"@type":"ListItem","position":1,"name":"Accueil","item":"https:\/\/kapitalis.com\/tunisie\/"},{"@type":"ListItem","position":2,"name":"Tunisie\u00a0: Une nouvelle constitution, et apr\u00e8s\u00a0?"}]},{"@type":"WebSite","@id":"https:\/\/kapitalis.com\/tunisie\/#website","url":"https:\/\/kapitalis.com\/tunisie\/","name":"Kapitalis","description":"L&#039;actualit\u00e9 en Tunisie et dans le monde","publisher":{"@id":"https:\/\/kapitalis.com\/tunisie\/#organization"},"potentialAction":[{"@type":"SearchAction","target":{"@type":"EntryPoint","urlTemplate":"https:\/\/kapitalis.com\/tunisie\/?s={search_term_string}"},"query-input":{"@type":"PropertyValueSpecification","valueRequired":true,"valueName":"search_term_string"}}],"inLanguage":"fr-FR"},{"@type":"Organization","@id":"https:\/\/kapitalis.com\/tunisie\/#organization","name":"Kapitalis","url":"https:\/\/kapitalis.com\/tunisie\/","logo":{"@type":"ImageObject","inLanguage":"fr-FR","@id":"https:\/\/kapitalis.com\/tunisie\/#\/schema\/logo\/image\/","url":"https:\/\/kapitalis.com\/tunisie\/wp-content\/uploads\/2022\/05\/Kapitalis-big-size.png","contentUrl":"https:\/\/kapitalis.com\/tunisie\/wp-content\/uploads\/2022\/05\/Kapitalis-big-size.png","width":5000,"height":1500,"caption":"Kapitalis"},"image":{"@id":"https:\/\/kapitalis.com\/tunisie\/#\/schema\/logo\/image\/"},"sameAs":["https:\/\/www.facebook.com\/KapitalisInfo\/","https:\/\/x.com\/KapitalisInfo","https:\/\/www.youtube.com\/channel\/UC-yDYrHyfFBWWZaOw3FPg9Q"]},{"@type":"Person","@id":"https:\/\/kapitalis.com\/tunisie\/#\/schema\/person\/d71f33a9ca44f7bad4698210b480c8e9","name":"webmaster kapitalis","url":"https:\/\/kapitalis.com\/tunisie\/author\/webmaster-kapitalis\/"}]}},"_links":{"self":[{"href":"https:\/\/kapitalis.com\/tunisie\/wp-json\/wp\/v2\/posts\/2070409","targetHints":{"allow":["GET"]}}],"collection":[{"href":"https:\/\/kapitalis.com\/tunisie\/wp-json\/wp\/v2\/posts"}],"about":[{"href":"https:\/\/kapitalis.com\/tunisie\/wp-json\/wp\/v2\/types\/post"}],"author":[{"embeddable":true,"href":"https:\/\/kapitalis.com\/tunisie\/wp-json\/wp\/v2\/users\/8"}],"replies":[{"embeddable":true,"href":"https:\/\/kapitalis.com\/tunisie\/wp-json\/wp\/v2\/comments?post=2070409"}],"version-history":[{"count":0,"href":"https:\/\/kapitalis.com\/tunisie\/wp-json\/wp\/v2\/posts\/2070409\/revisions"}],"wp:featuredmedia":[{"embeddable":true,"href":"https:\/\/kapitalis.com\/tunisie\/wp-json\/wp\/v2\/media\/1443360"}],"wp:attachment":[{"href":"https:\/\/kapitalis.com\/tunisie\/wp-json\/wp\/v2\/media?parent=2070409"}],"wp:term":[{"taxonomy":"category","embeddable":true,"href":"https:\/\/kapitalis.com\/tunisie\/wp-json\/wp\/v2\/categories?post=2070409"},{"taxonomy":"post_tag","embeddable":true,"href":"https:\/\/kapitalis.com\/tunisie\/wp-json\/wp\/v2\/tags?post=2070409"}],"curies":[{"name":"wp","href":"https:\/\/api.w.org\/{rel}","templated":true}]}}