{"id":207522,"date":"2019-04-18T13:30:50","date_gmt":"2019-04-18T12:30:50","guid":{"rendered":"http:\/\/kapitalis.com\/tunisie\/?p=207522"},"modified":"2019-04-18T13:30:50","modified_gmt":"2019-04-18T12:30:50","slug":"siliana-place-des-arts-a-la-memoire-dazzedine-alaia","status":"publish","type":"post","link":"https:\/\/kapitalis.com\/tunisie\/2019\/04\/18\/siliana-place-des-arts-a-la-memoire-dazzedine-alaia\/","title":{"rendered":"Siliana : Place des arts \u00e0 la m\u00e9moire d&rsquo;Azzedine Ala\u00efa (Photos)"},"content":{"rendered":"<p style=\"text-align: center;\"><img loading=\"lazy\" decoding=\"async\" class=\"alignnone size-full wp-image-207527\" src=\"http:\/\/kapitalis.com\/tunisie\/wp-content\/uploads\/2019\/04\/Siliana-Azzedine-Ala\u00efa.jpg\" alt=\"\" width=\"626\" height=\"380\" \/><\/p>\n<p><em><strong>La Place des arts a \u00e9t\u00e9 inaugur\u00e9e aujourd\u2019hui, jeudi 18 avril 2019, \u00e0 Siliana, \u00e0 la m\u00e9moire du Franco-tunisien Azzedine Ala\u00efa, originaire de cette ville du nord-ouest, l\u2019un des plus grands couturiers du 20e si\u00e8cle, disparu le 18 novembre 2017, \u00e0 l&rsquo;\u00e2ge de 77 ans.<\/strong><\/em><!--more--><\/p>\n<p>Le ministre des Affaires culturelles, Mohamed Zinelabidine, a inaugur\u00e9 la place, o\u00f9 une plaque comm\u00e9morative portant le nom et le portrait d\u2019Azzedine Ala\u00efa. Une c\u00e9r\u00e9monie qui s\u2019est d\u00e9roul\u00e9e en pr\u00e9sence du gouverneur de Siliana Ali Sa\u00efd, ainsi que des membres de la famille du d\u00e9funt.<\/p>\n<p style=\"text-align: center;\"><img loading=\"lazy\" decoding=\"async\" class=\"alignnone wp-image-207528\" src=\"http:\/\/kapitalis.com\/tunisie\/wp-content\/uploads\/2019\/04\/Azzedine-Ala\u00efa-Siliana-place-arts.jpg\" alt=\"\" width=\"500\" height=\"304\" \/><\/p>\n<p>Le ministre a rendu hommage \u00e0 Feu Azzedine Ala\u00efa, assurant qu&rsquo;il reste un symbole de succ\u00e8s, de force, de d\u00e9termination, d&rsquo;ambition et de capacit\u00e9 \u00e0 convaincre les Tunisiens qu\u2019ils sont en mesure de conqu\u00e9rir le monde.<\/p>\n<p style=\"text-align: center;\"><img loading=\"lazy\" decoding=\"async\" class=\"alignnone wp-image-207529\" src=\"http:\/\/kapitalis.com\/tunisie\/wp-content\/uploads\/2019\/04\/Azzedine-Ala\u00efa-place-siliana.jpg\" alt=\"\" width=\"500\" height=\"304\" \/><\/p>\n<p>Azzedine Ala\u00efa,\u00a0qui a toujours revendiqu\u00e9 ses origines tunisiennes et qui a su rester simple et accessible malgr\u00e9 son succ\u00e8s mondial, a \u00e9t\u00e9 enterr\u00e9 le 20 novembre 2017 au cimeti\u00e8re de Sidi Bou Sa\u00efd, en pr\u00e9sence de personnalit\u00e9s publiques, politiques et culturelles.<\/p>\n<p style=\"text-align: center;\"><img loading=\"lazy\" decoding=\"async\" class=\"alignnone wp-image-207530\" src=\"http:\/\/kapitalis.com\/tunisie\/wp-content\/uploads\/2019\/04\/Siliana-Azzedine-Ala\u00efa-place-des-arts.jpg\" alt=\"\" width=\"500\" height=\"304\" \/><\/p>\n<p>Rappelons que le 20 janvier 2019, une plaque de rue en hommage au grand couturier a \u00e9t\u00e9 inaugur\u00e9e au 4<sup>e<\/sup> arrondissement de Paris (France), ville o\u00f9 il habitait, travaillait, et o\u00f9 il rendit l\u2019\u00e2me.<\/p>\n<p style=\"text-align: right;\"><strong>Y. N.<\/strong><\/p>\n<blockquote class=\"wp-embedded-content\" data-secret=\"ma1xtKrTkB\"><p><a href=\"https:\/\/kapitalis.com\/tunisie\/2018\/11\/13\/sidi-bou-said-naomi-campbell-se-recueille-sur-la-tombe-dazzedine-alaia\/\">Sidi Bou Sa\u00efd : Naomi Campbell se recueille sur la tombe d\u2019Azzedine Ala\u00efa<\/a><\/p><\/blockquote>\n<p><iframe loading=\"lazy\" class=\"wp-embedded-content\" sandbox=\"allow-scripts\" security=\"restricted\" style=\"position: absolute; clip: rect(1px, 1px, 1px, 1px);\" title=\"\u00ab\u00a0Sidi Bou Sa\u00efd : Naomi Campbell se recueille sur la tombe d\u2019Azzedine Ala\u00efa\u00a0\u00bb &#8212; Kapitalis\" src=\"https:\/\/kapitalis.com\/tunisie\/2018\/11\/13\/sidi-bou-said-naomi-campbell-se-recueille-sur-la-tombe-dazzedine-alaia\/embed\/#?secret=0WIkSo7ikg#?secret=ma1xtKrTkB\" data-secret=\"ma1xtKrTkB\" width=\"600\" height=\"338\" frameborder=\"0\" marginwidth=\"0\" marginheight=\"0\" scrolling=\"no\"><\/iframe><\/p>\n<blockquote class=\"wp-embedded-content\" data-secret=\"Syuaq4WYFd\"><p><a href=\"https:\/\/kapitalis.com\/tunisie\/2017\/11\/20\/hommage-unanime-a-azzedine-alaia-un-artiste-virtuose-et-genial\/\">Hommage unanime \u00e0 Azzedine Ala\u00efa : Un artiste virtuose et g\u00e9nial<\/a><\/p><\/blockquote>\n<p><iframe loading=\"lazy\" class=\"wp-embedded-content\" sandbox=\"allow-scripts\" security=\"restricted\" style=\"position: absolute; clip: rect(1px, 1px, 1px, 1px);\" title=\"\u00ab\u00a0Hommage unanime \u00e0 Azzedine Ala\u00efa : Un artiste virtuose et g\u00e9nial\u00a0\u00bb &#8212; Kapitalis\" src=\"https:\/\/kapitalis.com\/tunisie\/2017\/11\/20\/hommage-unanime-a-azzedine-alaia-un-artiste-virtuose-et-genial\/embed\/#?secret=pKAeS6VUhb#?secret=Syuaq4WYFd\" data-secret=\"Syuaq4WYFd\" width=\"600\" height=\"338\" frameborder=\"0\" marginwidth=\"0\" marginheight=\"0\" scrolling=\"no\"><\/iframe><\/p>\n","protected":false},"excerpt":{"rendered":"<p>La Place des arts a \u00e9t\u00e9 inaugur\u00e9e aujourd\u2019hui, jeudi 18 avril 2019, \u00e0 Siliana, \u00e0 la m\u00e9moire du Franco-tunisien Azzedine Ala\u00efa, originaire de cette ville du nord-ouest, l\u2019un des plus grands couturiers du 20e si\u00e8cle, disparu le 18 novembre 2017, \u00e0 l&rsquo;\u00e2ge de 77 ans.<\/p>\n","protected":false},"author":6,"featured_media":207527,"comment_status":"open","ping_status":"open","sticky":false,"template":"","format":"standard","meta":{"footnotes":""},"categories":[994,2433],"tags":[39150,25078,14831,1364,11615,2763],"class_list":["post-207522","post","type-post","status-publish","format-standard","has-post-thumbnail","hentry","category-culture","category-tunisie","tag-azzedine-alaia","tag-ministere-affaires-culturelles","tag-mohamed-zinelabidine","tag-paris","tag-sidi-bousaid","tag-siliana"],"yoast_head":"<!-- This site is optimized with the Yoast SEO plugin v26.6 - https:\/\/yoast.com\/wordpress\/plugins\/seo\/ -->\n<title>Siliana : Place des arts \u00e0 la m\u00e9moire d&#039;Azzedine Ala\u00efa (Photos) - Kapitalis<\/title>\n<meta name=\"robots\" content=\"index, follow, max-snippet:-1, max-image-preview:large, max-video-preview:-1\" \/>\n<link rel=\"canonical\" href=\"https:\/\/kapitalis.com\/tunisie\/2019\/04\/18\/siliana-place-des-arts-a-la-memoire-dazzedine-alaia\/\" \/>\n<meta property=\"og:locale\" content=\"fr_FR\" \/>\n<meta property=\"og:type\" content=\"article\" \/>\n<meta property=\"og:title\" content=\"Siliana : Place des arts \u00e0 la m\u00e9moire d&#039;Azzedine Ala\u00efa (Photos) - Kapitalis\" \/>\n<meta property=\"og:description\" content=\"La Place des arts a \u00e9t\u00e9 inaugur\u00e9e aujourd\u2019hui, jeudi 18 avril 2019, \u00e0 Siliana, \u00e0 la m\u00e9moire du Franco-tunisien Azzedine Ala\u00efa, originaire de cette ville du nord-ouest, l\u2019un des plus grands couturiers du 20e si\u00e8cle, disparu le 18 novembre 2017, \u00e0 l&rsquo;\u00e2ge de 77 ans.\" \/>\n<meta property=\"og:url\" content=\"https:\/\/kapitalis.com\/tunisie\/2019\/04\/18\/siliana-place-des-arts-a-la-memoire-dazzedine-alaia\/\" \/>\n<meta property=\"og:site_name\" content=\"Kapitalis\" \/>\n<meta property=\"article:publisher\" content=\"https:\/\/www.facebook.com\/KapitalisInfo\/\" \/>\n<meta property=\"article:published_time\" content=\"2019-04-18T12:30:50+00:00\" \/>\n<meta property=\"og:image\" content=\"https:\/\/kapitalis.com\/tunisie\/wp-content\/uploads\/2022\/05\/kapitalis-logo-fb.png\" \/>\n\t<meta property=\"og:image:width\" content=\"1200\" \/>\n\t<meta property=\"og:image:height\" content=\"630\" \/>\n\t<meta property=\"og:image:type\" content=\"image\/png\" \/>\n<meta name=\"author\" content=\"Yusra NY\" \/>\n<meta name=\"twitter:card\" content=\"summary_large_image\" \/>\n<meta name=\"twitter:creator\" content=\"@KapitalisInfo\" \/>\n<meta name=\"twitter:site\" content=\"@KapitalisInfo\" \/>\n<meta name=\"twitter:label1\" content=\"\u00c9crit par\" \/>\n\t<meta name=\"twitter:data1\" content=\"Yusra NY\" \/>\n\t<meta name=\"twitter:label2\" content=\"Dur\u00e9e de lecture estim\u00e9e\" \/>\n\t<meta name=\"twitter:data2\" content=\"1 minute\" \/>\n<script type=\"application\/ld+json\" class=\"yoast-schema-graph\">{\"@context\":\"https:\/\/schema.org\",\"@graph\":[{\"@type\":\"Article\",\"@id\":\"https:\/\/kapitalis.com\/tunisie\/2019\/04\/18\/siliana-place-des-arts-a-la-memoire-dazzedine-alaia\/#article\",\"isPartOf\":{\"@id\":\"https:\/\/kapitalis.com\/tunisie\/2019\/04\/18\/siliana-place-des-arts-a-la-memoire-dazzedine-alaia\/\"},\"author\":{\"name\":\"Yusra NY\",\"@id\":\"https:\/\/kapitalis.com\/tunisie\/#\/schema\/person\/74bbde0154d49d790a92aaeac5bc01d5\"},\"headline\":\"Siliana : Place des arts \u00e0 la m\u00e9moire d&rsquo;Azzedine Ala\u00efa (Photos)\",\"datePublished\":\"2019-04-18T12:30:50+00:00\",\"mainEntityOfPage\":{\"@id\":\"https:\/\/kapitalis.com\/tunisie\/2019\/04\/18\/siliana-place-des-arts-a-la-memoire-dazzedine-alaia\/\"},\"wordCount\":242,\"commentCount\":0,\"publisher\":{\"@id\":\"https:\/\/kapitalis.com\/tunisie\/#organization\"},\"image\":{\"@id\":\"https:\/\/kapitalis.com\/tunisie\/2019\/04\/18\/siliana-place-des-arts-a-la-memoire-dazzedine-alaia\/#primaryimage\"},\"thumbnailUrl\":\"\",\"keywords\":[\"Azzedine\u00a0Ala\u00efa\",\"minist\u00e8re Affaires culturelles\",\"Mohamed Zinelabidine\",\"Paris\",\"Sidi Bousa\u00efd\",\"Siliana\"],\"articleSection\":[\"CULTURE\",\"Tunisie\"],\"inLanguage\":\"fr-FR\",\"potentialAction\":[{\"@type\":\"CommentAction\",\"name\":\"Comment\",\"target\":[\"https:\/\/kapitalis.com\/tunisie\/2019\/04\/18\/siliana-place-des-arts-a-la-memoire-dazzedine-alaia\/#respond\"]}]},{\"@type\":\"WebPage\",\"@id\":\"https:\/\/kapitalis.com\/tunisie\/2019\/04\/18\/siliana-place-des-arts-a-la-memoire-dazzedine-alaia\/\",\"url\":\"https:\/\/kapitalis.com\/tunisie\/2019\/04\/18\/siliana-place-des-arts-a-la-memoire-dazzedine-alaia\/\",\"name\":\"Siliana : Place des arts \u00e0 la m\u00e9moire d'Azzedine Ala\u00efa (Photos) - Kapitalis\",\"isPartOf\":{\"@id\":\"https:\/\/kapitalis.com\/tunisie\/#website\"},\"primaryImageOfPage\":{\"@id\":\"https:\/\/kapitalis.com\/tunisie\/2019\/04\/18\/siliana-place-des-arts-a-la-memoire-dazzedine-alaia\/#primaryimage\"},\"image\":{\"@id\":\"https:\/\/kapitalis.com\/tunisie\/2019\/04\/18\/siliana-place-des-arts-a-la-memoire-dazzedine-alaia\/#primaryimage\"},\"thumbnailUrl\":\"\",\"datePublished\":\"2019-04-18T12:30:50+00:00\",\"breadcrumb\":{\"@id\":\"https:\/\/kapitalis.com\/tunisie\/2019\/04\/18\/siliana-place-des-arts-a-la-memoire-dazzedine-alaia\/#breadcrumb\"},\"inLanguage\":\"fr-FR\",\"potentialAction\":[{\"@type\":\"ReadAction\",\"target\":[\"https:\/\/kapitalis.com\/tunisie\/2019\/04\/18\/siliana-place-des-arts-a-la-memoire-dazzedine-alaia\/\"]}]},{\"@type\":\"ImageObject\",\"inLanguage\":\"fr-FR\",\"@id\":\"https:\/\/kapitalis.com\/tunisie\/2019\/04\/18\/siliana-place-des-arts-a-la-memoire-dazzedine-alaia\/#primaryimage\",\"url\":\"\",\"contentUrl\":\"\"},{\"@type\":\"BreadcrumbList\",\"@id\":\"https:\/\/kapitalis.com\/tunisie\/2019\/04\/18\/siliana-place-des-arts-a-la-memoire-dazzedine-alaia\/#breadcrumb\",\"itemListElement\":[{\"@type\":\"ListItem\",\"position\":1,\"name\":\"Accueil\",\"item\":\"https:\/\/kapitalis.com\/tunisie\/\"},{\"@type\":\"ListItem\",\"position\":2,\"name\":\"Siliana : Place des arts \u00e0 la m\u00e9moire d&rsquo;Azzedine Ala\u00efa (Photos)\"}]},{\"@type\":\"WebSite\",\"@id\":\"https:\/\/kapitalis.com\/tunisie\/#website\",\"url\":\"https:\/\/kapitalis.com\/tunisie\/\",\"name\":\"Kapitalis\",\"description\":\"L&#039;actualit\u00e9 en Tunisie et dans le monde\",\"publisher\":{\"@id\":\"https:\/\/kapitalis.com\/tunisie\/#organization\"},\"potentialAction\":[{\"@type\":\"SearchAction\",\"target\":{\"@type\":\"EntryPoint\",\"urlTemplate\":\"https:\/\/kapitalis.com\/tunisie\/?s={search_term_string}\"},\"query-input\":{\"@type\":\"PropertyValueSpecification\",\"valueRequired\":true,\"valueName\":\"search_term_string\"}}],\"inLanguage\":\"fr-FR\"},{\"@type\":\"Organization\",\"@id\":\"https:\/\/kapitalis.com\/tunisie\/#organization\",\"name\":\"Kapitalis\",\"url\":\"https:\/\/kapitalis.com\/tunisie\/\",\"logo\":{\"@type\":\"ImageObject\",\"inLanguage\":\"fr-FR\",\"@id\":\"https:\/\/kapitalis.com\/tunisie\/#\/schema\/logo\/image\/\",\"url\":\"https:\/\/kapitalis.com\/tunisie\/wp-content\/uploads\/2022\/05\/Kapitalis-big-size.png\",\"contentUrl\":\"https:\/\/kapitalis.com\/tunisie\/wp-content\/uploads\/2022\/05\/Kapitalis-big-size.png\",\"width\":5000,\"height\":1500,\"caption\":\"Kapitalis\"},\"image\":{\"@id\":\"https:\/\/kapitalis.com\/tunisie\/#\/schema\/logo\/image\/\"},\"sameAs\":[\"https:\/\/www.facebook.com\/KapitalisInfo\/\",\"https:\/\/x.com\/KapitalisInfo\",\"https:\/\/www.youtube.com\/channel\/UC-yDYrHyfFBWWZaOw3FPg9Q\"]},{\"@type\":\"Person\",\"@id\":\"https:\/\/kapitalis.com\/tunisie\/#\/schema\/person\/74bbde0154d49d790a92aaeac5bc01d5\",\"name\":\"Yusra NY\",\"url\":\"https:\/\/kapitalis.com\/tunisie\/author\/yuza_adam\/\"}]}<\/script>\n<!-- \/ Yoast SEO plugin. -->","yoast_head_json":{"title":"Siliana : Place des arts \u00e0 la m\u00e9moire d'Azzedine Ala\u00efa (Photos) - Kapitalis","robots":{"index":"index","follow":"follow","max-snippet":"max-snippet:-1","max-image-preview":"max-image-preview:large","max-video-preview":"max-video-preview:-1"},"canonical":"https:\/\/kapitalis.com\/tunisie\/2019\/04\/18\/siliana-place-des-arts-a-la-memoire-dazzedine-alaia\/","og_locale":"fr_FR","og_type":"article","og_title":"Siliana : Place des arts \u00e0 la m\u00e9moire d'Azzedine Ala\u00efa (Photos) - Kapitalis","og_description":"La Place des arts a \u00e9t\u00e9 inaugur\u00e9e aujourd\u2019hui, jeudi 18 avril 2019, \u00e0 Siliana, \u00e0 la m\u00e9moire du Franco-tunisien Azzedine Ala\u00efa, originaire de cette ville du nord-ouest, l\u2019un des plus grands couturiers du 20e si\u00e8cle, disparu le 18 novembre 2017, \u00e0 l&rsquo;\u00e2ge de 77 ans.","og_url":"https:\/\/kapitalis.com\/tunisie\/2019\/04\/18\/siliana-place-des-arts-a-la-memoire-dazzedine-alaia\/","og_site_name":"Kapitalis","article_publisher":"https:\/\/www.facebook.com\/KapitalisInfo\/","article_published_time":"2019-04-18T12:30:50+00:00","og_image":[{"width":1200,"height":630,"url":"https:\/\/kapitalis.com\/tunisie\/wp-content\/uploads\/2022\/05\/kapitalis-logo-fb.png","type":"image\/png"}],"author":"Yusra NY","twitter_card":"summary_large_image","twitter_creator":"@KapitalisInfo","twitter_site":"@KapitalisInfo","twitter_misc":{"\u00c9crit par":"Yusra NY","Dur\u00e9e de lecture estim\u00e9e":"1 minute"},"schema":{"@context":"https:\/\/schema.org","@graph":[{"@type":"Article","@id":"https:\/\/kapitalis.com\/tunisie\/2019\/04\/18\/siliana-place-des-arts-a-la-memoire-dazzedine-alaia\/#article","isPartOf":{"@id":"https:\/\/kapitalis.com\/tunisie\/2019\/04\/18\/siliana-place-des-arts-a-la-memoire-dazzedine-alaia\/"},"author":{"name":"Yusra NY","@id":"https:\/\/kapitalis.com\/tunisie\/#\/schema\/person\/74bbde0154d49d790a92aaeac5bc01d5"},"headline":"Siliana : Place des arts \u00e0 la m\u00e9moire d&rsquo;Azzedine Ala\u00efa (Photos)","datePublished":"2019-04-18T12:30:50+00:00","mainEntityOfPage":{"@id":"https:\/\/kapitalis.com\/tunisie\/2019\/04\/18\/siliana-place-des-arts-a-la-memoire-dazzedine-alaia\/"},"wordCount":242,"commentCount":0,"publisher":{"@id":"https:\/\/kapitalis.com\/tunisie\/#organization"},"image":{"@id":"https:\/\/kapitalis.com\/tunisie\/2019\/04\/18\/siliana-place-des-arts-a-la-memoire-dazzedine-alaia\/#primaryimage"},"thumbnailUrl":"","keywords":["Azzedine\u00a0Ala\u00efa","minist\u00e8re Affaires culturelles","Mohamed Zinelabidine","Paris","Sidi Bousa\u00efd","Siliana"],"articleSection":["CULTURE","Tunisie"],"inLanguage":"fr-FR","potentialAction":[{"@type":"CommentAction","name":"Comment","target":["https:\/\/kapitalis.com\/tunisie\/2019\/04\/18\/siliana-place-des-arts-a-la-memoire-dazzedine-alaia\/#respond"]}]},{"@type":"WebPage","@id":"https:\/\/kapitalis.com\/tunisie\/2019\/04\/18\/siliana-place-des-arts-a-la-memoire-dazzedine-alaia\/","url":"https:\/\/kapitalis.com\/tunisie\/2019\/04\/18\/siliana-place-des-arts-a-la-memoire-dazzedine-alaia\/","name":"Siliana : Place des arts \u00e0 la m\u00e9moire d'Azzedine Ala\u00efa (Photos) - Kapitalis","isPartOf":{"@id":"https:\/\/kapitalis.com\/tunisie\/#website"},"primaryImageOfPage":{"@id":"https:\/\/kapitalis.com\/tunisie\/2019\/04\/18\/siliana-place-des-arts-a-la-memoire-dazzedine-alaia\/#primaryimage"},"image":{"@id":"https:\/\/kapitalis.com\/tunisie\/2019\/04\/18\/siliana-place-des-arts-a-la-memoire-dazzedine-alaia\/#primaryimage"},"thumbnailUrl":"","datePublished":"2019-04-18T12:30:50+00:00","breadcrumb":{"@id":"https:\/\/kapitalis.com\/tunisie\/2019\/04\/18\/siliana-place-des-arts-a-la-memoire-dazzedine-alaia\/#breadcrumb"},"inLanguage":"fr-FR","potentialAction":[{"@type":"ReadAction","target":["https:\/\/kapitalis.com\/tunisie\/2019\/04\/18\/siliana-place-des-arts-a-la-memoire-dazzedine-alaia\/"]}]},{"@type":"ImageObject","inLanguage":"fr-FR","@id":"https:\/\/kapitalis.com\/tunisie\/2019\/04\/18\/siliana-place-des-arts-a-la-memoire-dazzedine-alaia\/#primaryimage","url":"","contentUrl":""},{"@type":"BreadcrumbList","@id":"https:\/\/kapitalis.com\/tunisie\/2019\/04\/18\/siliana-place-des-arts-a-la-memoire-dazzedine-alaia\/#breadcrumb","itemListElement":[{"@type":"ListItem","position":1,"name":"Accueil","item":"https:\/\/kapitalis.com\/tunisie\/"},{"@type":"ListItem","position":2,"name":"Siliana : Place des arts \u00e0 la m\u00e9moire d&rsquo;Azzedine Ala\u00efa (Photos)"}]},{"@type":"WebSite","@id":"https:\/\/kapitalis.com\/tunisie\/#website","url":"https:\/\/kapitalis.com\/tunisie\/","name":"Kapitalis","description":"L&#039;actualit\u00e9 en Tunisie et dans le monde","publisher":{"@id":"https:\/\/kapitalis.com\/tunisie\/#organization"},"potentialAction":[{"@type":"SearchAction","target":{"@type":"EntryPoint","urlTemplate":"https:\/\/kapitalis.com\/tunisie\/?s={search_term_string}"},"query-input":{"@type":"PropertyValueSpecification","valueRequired":true,"valueName":"search_term_string"}}],"inLanguage":"fr-FR"},{"@type":"Organization","@id":"https:\/\/kapitalis.com\/tunisie\/#organization","name":"Kapitalis","url":"https:\/\/kapitalis.com\/tunisie\/","logo":{"@type":"ImageObject","inLanguage":"fr-FR","@id":"https:\/\/kapitalis.com\/tunisie\/#\/schema\/logo\/image\/","url":"https:\/\/kapitalis.com\/tunisie\/wp-content\/uploads\/2022\/05\/Kapitalis-big-size.png","contentUrl":"https:\/\/kapitalis.com\/tunisie\/wp-content\/uploads\/2022\/05\/Kapitalis-big-size.png","width":5000,"height":1500,"caption":"Kapitalis"},"image":{"@id":"https:\/\/kapitalis.com\/tunisie\/#\/schema\/logo\/image\/"},"sameAs":["https:\/\/www.facebook.com\/KapitalisInfo\/","https:\/\/x.com\/KapitalisInfo","https:\/\/www.youtube.com\/channel\/UC-yDYrHyfFBWWZaOw3FPg9Q"]},{"@type":"Person","@id":"https:\/\/kapitalis.com\/tunisie\/#\/schema\/person\/74bbde0154d49d790a92aaeac5bc01d5","name":"Yusra NY","url":"https:\/\/kapitalis.com\/tunisie\/author\/yuza_adam\/"}]}},"_links":{"self":[{"href":"https:\/\/kapitalis.com\/tunisie\/wp-json\/wp\/v2\/posts\/207522","targetHints":{"allow":["GET"]}}],"collection":[{"href":"https:\/\/kapitalis.com\/tunisie\/wp-json\/wp\/v2\/posts"}],"about":[{"href":"https:\/\/kapitalis.com\/tunisie\/wp-json\/wp\/v2\/types\/post"}],"author":[{"embeddable":true,"href":"https:\/\/kapitalis.com\/tunisie\/wp-json\/wp\/v2\/users\/6"}],"replies":[{"embeddable":true,"href":"https:\/\/kapitalis.com\/tunisie\/wp-json\/wp\/v2\/comments?post=207522"}],"version-history":[{"count":0,"href":"https:\/\/kapitalis.com\/tunisie\/wp-json\/wp\/v2\/posts\/207522\/revisions"}],"wp:featuredmedia":[{"embeddable":true,"href":"https:\/\/kapitalis.com\/tunisie\/wp-json\/wp\/v2\/media\/207527"}],"wp:attachment":[{"href":"https:\/\/kapitalis.com\/tunisie\/wp-json\/wp\/v2\/media?parent=207522"}],"wp:term":[{"taxonomy":"category","embeddable":true,"href":"https:\/\/kapitalis.com\/tunisie\/wp-json\/wp\/v2\/categories?post=207522"},{"taxonomy":"post_tag","embeddable":true,"href":"https:\/\/kapitalis.com\/tunisie\/wp-json\/wp\/v2\/tags?post=207522"}],"curies":[{"name":"wp","href":"https:\/\/api.w.org\/{rel}","templated":true}]}}