{"id":207728,"date":"2019-04-19T14:44:23","date_gmt":"2019-04-19T13:44:23","guid":{"rendered":"http:\/\/kapitalis.com\/tunisie\/?p=207728"},"modified":"2019-04-19T14:44:54","modified_gmt":"2019-04-19T13:44:54","slug":"le-ftdes-sinquiete-de-larrestation-en-algerie-du-tunisien-ali-bouyahyi","status":"publish","type":"post","link":"https:\/\/kapitalis.com\/tunisie\/2019\/04\/19\/le-ftdes-sinquiete-de-larrestation-en-algerie-du-tunisien-ali-bouyahyi\/","title":{"rendered":"Le FTDES s\u2019inqui\u00e8te de l\u2019arrestation, en Alg\u00e9rie, du Tunisien Ali Bouyahyi"},"content":{"rendered":"<p style=\"text-align: center;\"><img loading=\"lazy\" decoding=\"async\" class=\"alignnone size-full wp-image-207734\" src=\"http:\/\/kapitalis.com\/tunisie\/wp-content\/uploads\/2019\/04\/Ali-Bouyahyi-tunisien-arr\u00eat\u00e9-en-Alg\u00e9rie-.jpg\" alt=\"\" width=\"626\" height=\"380\" \/><\/p>\n<p><em><strong>Parti le 14 avril 2019 en Alg\u00e9rie, Ali Bouyahyi s\u2019est fait arr\u00eater le lendemain.\u00a0Il se trouvait \u00e0 proximit\u00e9 d\u2019une marche de protestation contre le r\u00e9gime politique, organis\u00e9e par les jeunes en Kabylie.<\/strong><\/em><!--more--><\/p>\n<p>C\u2019est ce qu\u2019indique le Forum tunisien des droits \u00e9conomiques et sociaux (FTDES), dans un communiqu\u00e9 rendu public aujourd\u2019hui, vendredi 19 avril 2019, en qualifiant l\u2019arrestation d\u2019Ali Bouyahyi , d\u2019injuste, ajoutant qu\u2019il a \u00e9t\u00e9 harcel\u00e9, malmen\u00e9 et priv\u00e9 de contacter\u00a0 ses proches et les autorit\u00e9s consulaires tunisiennes.<\/p>\n<p>Selon le FTDES, Ali a \u00e9t\u00e9 conduit \u00e0 l&rsquo;h\u00f4pital 4 fois depuis son arrestation et son \u00e9tat de sant\u00e9 pourrait se d\u00e9grader s\u2019il ne b\u00e9n\u00e9ficie pas de la prise en charge n\u00e9cessaire.<\/p>\n<p>\u00ab<em>Nous avons demand\u00e9 \u00e0 l&rsquo;ambassade de Tunisie en Alg\u00e9rie d&rsquo;intervenir, mais nous n\u2019avons toujours aucune r\u00e9ponse. Sa sant\u00e9 est fragilis\u00e9e et il n\u2019a pas d\u2019assistance juridique<\/em>\u00bb, d\u00e9plore le FTDES, qui appelle \u00e0 la lib\u00e9ration d\u2019Ali Bouyahyi et demande aux organisations alg\u00e9riennes de d\u00e9fense des droits de l&rsquo;Homme d&rsquo;intervenir rapidement.<\/p>\n<p>Originaire de Redeyef (Gafsa), Ali Bouyahyi travaille \u00e0 la Soci\u00e9t\u00e9 tunisienne de l&rsquo;\u00e9lectricit\u00e9 et du gaz (Steg), agence d&rsquo;Oum El-Araies. Il est \u00e9galement chef scout \u00e0 ses heures perdues et se rend souvent en Alg\u00e9rie, o\u00f9 il compte plusieurs amis.<\/p>\n<p>On notera que des \u00e9l\u00e8ves du lyc\u00e9e Ibn Chabbat \u00e0\u00a0Redeyef ont organis\u00e9, ce matin, un rassemblement appelant \u00e0 la lib\u00e9ration de leur chef scout.<\/p>\n","protected":false},"excerpt":{"rendered":"<p>Parti le 14 avril 2019 en Alg\u00e9rie, Ali Bouyahyi s\u2019est fait arr\u00eater le lendemain.\u00a0Il se trouvait \u00e0 proximit\u00e9 d\u2019une marche de protestation contre le r\u00e9gime politique, organis\u00e9e par les jeunes en Kabylie.<\/p>\n","protected":false},"author":6,"featured_media":207734,"comment_status":"open","ping_status":"open","sticky":false,"template":"","format":"standard","meta":{"footnotes":""},"categories":[998,2433],"tags":[64,401,773,3763,931],"class_list":["post-207728","post","type-post","status-publish","format-standard","has-post-thumbnail","hentry","category-societe","category-tunisie","tag-algerie","tag-ftdes","tag-redeyef","tag-steg","tag-tunisien"],"yoast_head":"<!-- This site is optimized with the Yoast SEO plugin v26.6 - https:\/\/yoast.com\/wordpress\/plugins\/seo\/ -->\n<title>Le FTDES s\u2019inqui\u00e8te de l\u2019arrestation, en Alg\u00e9rie, du Tunisien Ali Bouyahyi - Kapitalis<\/title>\n<meta name=\"robots\" content=\"index, follow, max-snippet:-1, max-image-preview:large, max-video-preview:-1\" \/>\n<link rel=\"canonical\" href=\"https:\/\/kapitalis.com\/tunisie\/2019\/04\/19\/le-ftdes-sinquiete-de-larrestation-en-algerie-du-tunisien-ali-bouyahyi\/\" \/>\n<meta property=\"og:locale\" content=\"fr_FR\" \/>\n<meta property=\"og:type\" content=\"article\" \/>\n<meta property=\"og:title\" content=\"Le FTDES s\u2019inqui\u00e8te de l\u2019arrestation, en Alg\u00e9rie, du Tunisien Ali Bouyahyi - Kapitalis\" \/>\n<meta property=\"og:description\" content=\"Parti le 14 avril 2019 en Alg\u00e9rie, Ali Bouyahyi s\u2019est fait arr\u00eater le lendemain.\u00a0Il se trouvait \u00e0 proximit\u00e9 d\u2019une marche de protestation contre le r\u00e9gime politique, organis\u00e9e par les jeunes en Kabylie.\" \/>\n<meta property=\"og:url\" content=\"https:\/\/kapitalis.com\/tunisie\/2019\/04\/19\/le-ftdes-sinquiete-de-larrestation-en-algerie-du-tunisien-ali-bouyahyi\/\" \/>\n<meta property=\"og:site_name\" content=\"Kapitalis\" \/>\n<meta property=\"article:publisher\" content=\"https:\/\/www.facebook.com\/KapitalisInfo\/\" \/>\n<meta property=\"article:published_time\" content=\"2019-04-19T13:44:23+00:00\" \/>\n<meta property=\"article:modified_time\" content=\"2019-04-19T13:44:54+00:00\" \/>\n<meta property=\"og:image\" content=\"https:\/\/kapitalis.com\/tunisie\/wp-content\/uploads\/2022\/05\/kapitalis-logo-fb.png\" \/>\n\t<meta property=\"og:image:width\" content=\"1200\" \/>\n\t<meta property=\"og:image:height\" content=\"630\" \/>\n\t<meta property=\"og:image:type\" content=\"image\/png\" \/>\n<meta name=\"author\" content=\"Yusra NY\" \/>\n<meta name=\"twitter:card\" content=\"summary_large_image\" \/>\n<meta name=\"twitter:creator\" content=\"@KapitalisInfo\" \/>\n<meta name=\"twitter:site\" content=\"@KapitalisInfo\" \/>\n<meta name=\"twitter:label1\" content=\"\u00c9crit par\" \/>\n\t<meta name=\"twitter:data1\" content=\"Yusra NY\" \/>\n\t<meta name=\"twitter:label2\" content=\"Dur\u00e9e de lecture estim\u00e9e\" \/>\n\t<meta name=\"twitter:data2\" content=\"1 minute\" \/>\n<script type=\"application\/ld+json\" class=\"yoast-schema-graph\">{\"@context\":\"https:\/\/schema.org\",\"@graph\":[{\"@type\":\"Article\",\"@id\":\"https:\/\/kapitalis.com\/tunisie\/2019\/04\/19\/le-ftdes-sinquiete-de-larrestation-en-algerie-du-tunisien-ali-bouyahyi\/#article\",\"isPartOf\":{\"@id\":\"https:\/\/kapitalis.com\/tunisie\/2019\/04\/19\/le-ftdes-sinquiete-de-larrestation-en-algerie-du-tunisien-ali-bouyahyi\/\"},\"author\":{\"name\":\"Yusra NY\",\"@id\":\"https:\/\/kapitalis.com\/tunisie\/#\/schema\/person\/74bbde0154d49d790a92aaeac5bc01d5\"},\"headline\":\"Le FTDES s\u2019inqui\u00e8te de l\u2019arrestation, en Alg\u00e9rie, du Tunisien Ali Bouyahyi\",\"datePublished\":\"2019-04-19T13:44:23+00:00\",\"dateModified\":\"2019-04-19T13:44:54+00:00\",\"mainEntityOfPage\":{\"@id\":\"https:\/\/kapitalis.com\/tunisie\/2019\/04\/19\/le-ftdes-sinquiete-de-larrestation-en-algerie-du-tunisien-ali-bouyahyi\/\"},\"wordCount\":263,\"commentCount\":1,\"publisher\":{\"@id\":\"https:\/\/kapitalis.com\/tunisie\/#organization\"},\"image\":{\"@id\":\"https:\/\/kapitalis.com\/tunisie\/2019\/04\/19\/le-ftdes-sinquiete-de-larrestation-en-algerie-du-tunisien-ali-bouyahyi\/#primaryimage\"},\"thumbnailUrl\":\"\",\"keywords\":[\"Alg\u00e9rie\",\"FTDES\",\"Redeyef\",\"Steg\",\"Tunisien\"],\"articleSection\":[\"SOCIETE\",\"Tunisie\"],\"inLanguage\":\"fr-FR\",\"potentialAction\":[{\"@type\":\"CommentAction\",\"name\":\"Comment\",\"target\":[\"https:\/\/kapitalis.com\/tunisie\/2019\/04\/19\/le-ftdes-sinquiete-de-larrestation-en-algerie-du-tunisien-ali-bouyahyi\/#respond\"]}]},{\"@type\":\"WebPage\",\"@id\":\"https:\/\/kapitalis.com\/tunisie\/2019\/04\/19\/le-ftdes-sinquiete-de-larrestation-en-algerie-du-tunisien-ali-bouyahyi\/\",\"url\":\"https:\/\/kapitalis.com\/tunisie\/2019\/04\/19\/le-ftdes-sinquiete-de-larrestation-en-algerie-du-tunisien-ali-bouyahyi\/\",\"name\":\"Le FTDES s\u2019inqui\u00e8te de l\u2019arrestation, en Alg\u00e9rie, du Tunisien Ali Bouyahyi - Kapitalis\",\"isPartOf\":{\"@id\":\"https:\/\/kapitalis.com\/tunisie\/#website\"},\"primaryImageOfPage\":{\"@id\":\"https:\/\/kapitalis.com\/tunisie\/2019\/04\/19\/le-ftdes-sinquiete-de-larrestation-en-algerie-du-tunisien-ali-bouyahyi\/#primaryimage\"},\"image\":{\"@id\":\"https:\/\/kapitalis.com\/tunisie\/2019\/04\/19\/le-ftdes-sinquiete-de-larrestation-en-algerie-du-tunisien-ali-bouyahyi\/#primaryimage\"},\"thumbnailUrl\":\"\",\"datePublished\":\"2019-04-19T13:44:23+00:00\",\"dateModified\":\"2019-04-19T13:44:54+00:00\",\"breadcrumb\":{\"@id\":\"https:\/\/kapitalis.com\/tunisie\/2019\/04\/19\/le-ftdes-sinquiete-de-larrestation-en-algerie-du-tunisien-ali-bouyahyi\/#breadcrumb\"},\"inLanguage\":\"fr-FR\",\"potentialAction\":[{\"@type\":\"ReadAction\",\"target\":[\"https:\/\/kapitalis.com\/tunisie\/2019\/04\/19\/le-ftdes-sinquiete-de-larrestation-en-algerie-du-tunisien-ali-bouyahyi\/\"]}]},{\"@type\":\"ImageObject\",\"inLanguage\":\"fr-FR\",\"@id\":\"https:\/\/kapitalis.com\/tunisie\/2019\/04\/19\/le-ftdes-sinquiete-de-larrestation-en-algerie-du-tunisien-ali-bouyahyi\/#primaryimage\",\"url\":\"\",\"contentUrl\":\"\"},{\"@type\":\"BreadcrumbList\",\"@id\":\"https:\/\/kapitalis.com\/tunisie\/2019\/04\/19\/le-ftdes-sinquiete-de-larrestation-en-algerie-du-tunisien-ali-bouyahyi\/#breadcrumb\",\"itemListElement\":[{\"@type\":\"ListItem\",\"position\":1,\"name\":\"Accueil\",\"item\":\"https:\/\/kapitalis.com\/tunisie\/\"},{\"@type\":\"ListItem\",\"position\":2,\"name\":\"Le FTDES s\u2019inqui\u00e8te de l\u2019arrestation, en Alg\u00e9rie, du Tunisien Ali Bouyahyi\"}]},{\"@type\":\"WebSite\",\"@id\":\"https:\/\/kapitalis.com\/tunisie\/#website\",\"url\":\"https:\/\/kapitalis.com\/tunisie\/\",\"name\":\"Kapitalis\",\"description\":\"L&#039;actualit\u00e9 en Tunisie et dans le monde\",\"publisher\":{\"@id\":\"https:\/\/kapitalis.com\/tunisie\/#organization\"},\"potentialAction\":[{\"@type\":\"SearchAction\",\"target\":{\"@type\":\"EntryPoint\",\"urlTemplate\":\"https:\/\/kapitalis.com\/tunisie\/?s={search_term_string}\"},\"query-input\":{\"@type\":\"PropertyValueSpecification\",\"valueRequired\":true,\"valueName\":\"search_term_string\"}}],\"inLanguage\":\"fr-FR\"},{\"@type\":\"Organization\",\"@id\":\"https:\/\/kapitalis.com\/tunisie\/#organization\",\"name\":\"Kapitalis\",\"url\":\"https:\/\/kapitalis.com\/tunisie\/\",\"logo\":{\"@type\":\"ImageObject\",\"inLanguage\":\"fr-FR\",\"@id\":\"https:\/\/kapitalis.com\/tunisie\/#\/schema\/logo\/image\/\",\"url\":\"https:\/\/kapitalis.com\/tunisie\/wp-content\/uploads\/2022\/05\/Kapitalis-big-size.png\",\"contentUrl\":\"https:\/\/kapitalis.com\/tunisie\/wp-content\/uploads\/2022\/05\/Kapitalis-big-size.png\",\"width\":5000,\"height\":1500,\"caption\":\"Kapitalis\"},\"image\":{\"@id\":\"https:\/\/kapitalis.com\/tunisie\/#\/schema\/logo\/image\/\"},\"sameAs\":[\"https:\/\/www.facebook.com\/KapitalisInfo\/\",\"https:\/\/x.com\/KapitalisInfo\",\"https:\/\/www.youtube.com\/channel\/UC-yDYrHyfFBWWZaOw3FPg9Q\"]},{\"@type\":\"Person\",\"@id\":\"https:\/\/kapitalis.com\/tunisie\/#\/schema\/person\/74bbde0154d49d790a92aaeac5bc01d5\",\"name\":\"Yusra NY\",\"url\":\"https:\/\/kapitalis.com\/tunisie\/author\/yuza_adam\/\"}]}<\/script>\n<!-- \/ Yoast SEO plugin. -->","yoast_head_json":{"title":"Le FTDES s\u2019inqui\u00e8te de l\u2019arrestation, en Alg\u00e9rie, du Tunisien Ali Bouyahyi - Kapitalis","robots":{"index":"index","follow":"follow","max-snippet":"max-snippet:-1","max-image-preview":"max-image-preview:large","max-video-preview":"max-video-preview:-1"},"canonical":"https:\/\/kapitalis.com\/tunisie\/2019\/04\/19\/le-ftdes-sinquiete-de-larrestation-en-algerie-du-tunisien-ali-bouyahyi\/","og_locale":"fr_FR","og_type":"article","og_title":"Le FTDES s\u2019inqui\u00e8te de l\u2019arrestation, en Alg\u00e9rie, du Tunisien Ali Bouyahyi - Kapitalis","og_description":"Parti le 14 avril 2019 en Alg\u00e9rie, Ali Bouyahyi s\u2019est fait arr\u00eater le lendemain.\u00a0Il se trouvait \u00e0 proximit\u00e9 d\u2019une marche de protestation contre le r\u00e9gime politique, organis\u00e9e par les jeunes en Kabylie.","og_url":"https:\/\/kapitalis.com\/tunisie\/2019\/04\/19\/le-ftdes-sinquiete-de-larrestation-en-algerie-du-tunisien-ali-bouyahyi\/","og_site_name":"Kapitalis","article_publisher":"https:\/\/www.facebook.com\/KapitalisInfo\/","article_published_time":"2019-04-19T13:44:23+00:00","article_modified_time":"2019-04-19T13:44:54+00:00","og_image":[{"width":1200,"height":630,"url":"https:\/\/kapitalis.com\/tunisie\/wp-content\/uploads\/2022\/05\/kapitalis-logo-fb.png","type":"image\/png"}],"author":"Yusra NY","twitter_card":"summary_large_image","twitter_creator":"@KapitalisInfo","twitter_site":"@KapitalisInfo","twitter_misc":{"\u00c9crit par":"Yusra NY","Dur\u00e9e de lecture estim\u00e9e":"1 minute"},"schema":{"@context":"https:\/\/schema.org","@graph":[{"@type":"Article","@id":"https:\/\/kapitalis.com\/tunisie\/2019\/04\/19\/le-ftdes-sinquiete-de-larrestation-en-algerie-du-tunisien-ali-bouyahyi\/#article","isPartOf":{"@id":"https:\/\/kapitalis.com\/tunisie\/2019\/04\/19\/le-ftdes-sinquiete-de-larrestation-en-algerie-du-tunisien-ali-bouyahyi\/"},"author":{"name":"Yusra NY","@id":"https:\/\/kapitalis.com\/tunisie\/#\/schema\/person\/74bbde0154d49d790a92aaeac5bc01d5"},"headline":"Le FTDES s\u2019inqui\u00e8te de l\u2019arrestation, en Alg\u00e9rie, du Tunisien Ali Bouyahyi","datePublished":"2019-04-19T13:44:23+00:00","dateModified":"2019-04-19T13:44:54+00:00","mainEntityOfPage":{"@id":"https:\/\/kapitalis.com\/tunisie\/2019\/04\/19\/le-ftdes-sinquiete-de-larrestation-en-algerie-du-tunisien-ali-bouyahyi\/"},"wordCount":263,"commentCount":1,"publisher":{"@id":"https:\/\/kapitalis.com\/tunisie\/#organization"},"image":{"@id":"https:\/\/kapitalis.com\/tunisie\/2019\/04\/19\/le-ftdes-sinquiete-de-larrestation-en-algerie-du-tunisien-ali-bouyahyi\/#primaryimage"},"thumbnailUrl":"","keywords":["Alg\u00e9rie","FTDES","Redeyef","Steg","Tunisien"],"articleSection":["SOCIETE","Tunisie"],"inLanguage":"fr-FR","potentialAction":[{"@type":"CommentAction","name":"Comment","target":["https:\/\/kapitalis.com\/tunisie\/2019\/04\/19\/le-ftdes-sinquiete-de-larrestation-en-algerie-du-tunisien-ali-bouyahyi\/#respond"]}]},{"@type":"WebPage","@id":"https:\/\/kapitalis.com\/tunisie\/2019\/04\/19\/le-ftdes-sinquiete-de-larrestation-en-algerie-du-tunisien-ali-bouyahyi\/","url":"https:\/\/kapitalis.com\/tunisie\/2019\/04\/19\/le-ftdes-sinquiete-de-larrestation-en-algerie-du-tunisien-ali-bouyahyi\/","name":"Le FTDES s\u2019inqui\u00e8te de l\u2019arrestation, en Alg\u00e9rie, du Tunisien Ali Bouyahyi - Kapitalis","isPartOf":{"@id":"https:\/\/kapitalis.com\/tunisie\/#website"},"primaryImageOfPage":{"@id":"https:\/\/kapitalis.com\/tunisie\/2019\/04\/19\/le-ftdes-sinquiete-de-larrestation-en-algerie-du-tunisien-ali-bouyahyi\/#primaryimage"},"image":{"@id":"https:\/\/kapitalis.com\/tunisie\/2019\/04\/19\/le-ftdes-sinquiete-de-larrestation-en-algerie-du-tunisien-ali-bouyahyi\/#primaryimage"},"thumbnailUrl":"","datePublished":"2019-04-19T13:44:23+00:00","dateModified":"2019-04-19T13:44:54+00:00","breadcrumb":{"@id":"https:\/\/kapitalis.com\/tunisie\/2019\/04\/19\/le-ftdes-sinquiete-de-larrestation-en-algerie-du-tunisien-ali-bouyahyi\/#breadcrumb"},"inLanguage":"fr-FR","potentialAction":[{"@type":"ReadAction","target":["https:\/\/kapitalis.com\/tunisie\/2019\/04\/19\/le-ftdes-sinquiete-de-larrestation-en-algerie-du-tunisien-ali-bouyahyi\/"]}]},{"@type":"ImageObject","inLanguage":"fr-FR","@id":"https:\/\/kapitalis.com\/tunisie\/2019\/04\/19\/le-ftdes-sinquiete-de-larrestation-en-algerie-du-tunisien-ali-bouyahyi\/#primaryimage","url":"","contentUrl":""},{"@type":"BreadcrumbList","@id":"https:\/\/kapitalis.com\/tunisie\/2019\/04\/19\/le-ftdes-sinquiete-de-larrestation-en-algerie-du-tunisien-ali-bouyahyi\/#breadcrumb","itemListElement":[{"@type":"ListItem","position":1,"name":"Accueil","item":"https:\/\/kapitalis.com\/tunisie\/"},{"@type":"ListItem","position":2,"name":"Le FTDES s\u2019inqui\u00e8te de l\u2019arrestation, en Alg\u00e9rie, du Tunisien Ali Bouyahyi"}]},{"@type":"WebSite","@id":"https:\/\/kapitalis.com\/tunisie\/#website","url":"https:\/\/kapitalis.com\/tunisie\/","name":"Kapitalis","description":"L&#039;actualit\u00e9 en Tunisie et dans le monde","publisher":{"@id":"https:\/\/kapitalis.com\/tunisie\/#organization"},"potentialAction":[{"@type":"SearchAction","target":{"@type":"EntryPoint","urlTemplate":"https:\/\/kapitalis.com\/tunisie\/?s={search_term_string}"},"query-input":{"@type":"PropertyValueSpecification","valueRequired":true,"valueName":"search_term_string"}}],"inLanguage":"fr-FR"},{"@type":"Organization","@id":"https:\/\/kapitalis.com\/tunisie\/#organization","name":"Kapitalis","url":"https:\/\/kapitalis.com\/tunisie\/","logo":{"@type":"ImageObject","inLanguage":"fr-FR","@id":"https:\/\/kapitalis.com\/tunisie\/#\/schema\/logo\/image\/","url":"https:\/\/kapitalis.com\/tunisie\/wp-content\/uploads\/2022\/05\/Kapitalis-big-size.png","contentUrl":"https:\/\/kapitalis.com\/tunisie\/wp-content\/uploads\/2022\/05\/Kapitalis-big-size.png","width":5000,"height":1500,"caption":"Kapitalis"},"image":{"@id":"https:\/\/kapitalis.com\/tunisie\/#\/schema\/logo\/image\/"},"sameAs":["https:\/\/www.facebook.com\/KapitalisInfo\/","https:\/\/x.com\/KapitalisInfo","https:\/\/www.youtube.com\/channel\/UC-yDYrHyfFBWWZaOw3FPg9Q"]},{"@type":"Person","@id":"https:\/\/kapitalis.com\/tunisie\/#\/schema\/person\/74bbde0154d49d790a92aaeac5bc01d5","name":"Yusra NY","url":"https:\/\/kapitalis.com\/tunisie\/author\/yuza_adam\/"}]}},"_links":{"self":[{"href":"https:\/\/kapitalis.com\/tunisie\/wp-json\/wp\/v2\/posts\/207728","targetHints":{"allow":["GET"]}}],"collection":[{"href":"https:\/\/kapitalis.com\/tunisie\/wp-json\/wp\/v2\/posts"}],"about":[{"href":"https:\/\/kapitalis.com\/tunisie\/wp-json\/wp\/v2\/types\/post"}],"author":[{"embeddable":true,"href":"https:\/\/kapitalis.com\/tunisie\/wp-json\/wp\/v2\/users\/6"}],"replies":[{"embeddable":true,"href":"https:\/\/kapitalis.com\/tunisie\/wp-json\/wp\/v2\/comments?post=207728"}],"version-history":[{"count":0,"href":"https:\/\/kapitalis.com\/tunisie\/wp-json\/wp\/v2\/posts\/207728\/revisions"}],"wp:featuredmedia":[{"embeddable":true,"href":"https:\/\/kapitalis.com\/tunisie\/wp-json\/wp\/v2\/media\/207734"}],"wp:attachment":[{"href":"https:\/\/kapitalis.com\/tunisie\/wp-json\/wp\/v2\/media?parent=207728"}],"wp:term":[{"taxonomy":"category","embeddable":true,"href":"https:\/\/kapitalis.com\/tunisie\/wp-json\/wp\/v2\/categories?post=207728"},{"taxonomy":"post_tag","embeddable":true,"href":"https:\/\/kapitalis.com\/tunisie\/wp-json\/wp\/v2\/tags?post=207728"}],"curies":[{"name":"wp","href":"https:\/\/api.w.org\/{rel}","templated":true}]}}