{"id":208019,"date":"2019-04-21T12:09:31","date_gmt":"2019-04-21T11:09:31","guid":{"rendered":"http:\/\/kapitalis.com\/tunisie\/?p=208019"},"modified":"2019-04-21T23:22:18","modified_gmt":"2019-04-21T22:22:18","slug":"youssef-chahed-encore-six-mois-ou-cinq-ans","status":"publish","type":"post","link":"https:\/\/kapitalis.com\/tunisie\/2019\/04\/21\/youssef-chahed-encore-six-mois-ou-cinq-ans\/","title":{"rendered":"Youssef Chahed : Encore six mois ou cinq ans ?"},"content":{"rendered":"<p style=\"text-align: center;\"><img loading=\"lazy\" decoding=\"async\" class=\"alignnone size-full wp-image-208020\" src=\"http:\/\/kapitalis.com\/tunisie\/wp-content\/uploads\/2019\/04\/Youssef-Chahed.jpg\" alt=\"\" width=\"626\" height=\"380\" \/><\/p>\n<p><em><strong>Pour sortir de la crise, il faut d\u2019abord remettre le peuple au travail et commencer par mettre fin au chaos, en r\u00e9duisant le nombre des gr\u00e8ves, des mouvements de protestations et des conflits de travail par une tol\u00e9rance z\u00e9ro.<\/strong><\/em><\/p>\n<p>Par <strong>Yassine Essid<\/strong><\/p>\n<p><!--more--><\/p>\n<p><img loading=\"lazy\" decoding=\"async\" class=\"size-full wp-image-118739 alignleft\" src=\"http:\/\/kapitalis.com\/tunisie\/wp-content\/uploads\/2017\/10\/Yassine-Essid.jpg\" alt=\"\" width=\"200\" height=\"250\" \/>Apparemment Youssef Chahed s\u2019\u00e9tait fait \u00e0 l\u2019id\u00e9e qu\u2019intervenir \u00e0 la t\u00e9l\u00e9vision, comme il l\u2019a fait mercredi dernier, 17 avril 2019, serait bien plus reposant. Cela lui \u00e9viterait le triste spectacle offert et le traitement injurieux subi de la part d\u2019une Assembl\u00e9e des repr\u00e9sentants du peuple (ARP) \u00e0 l\u2019\u00e9vidence parfaitement indigne, qui ne s\u2019est jamais hiss\u00e9e au niveau privil\u00e9gi\u00e9 d\u2019un lieu de d\u00e9bat d\u00e9mocratique et n\u2019a \u00e9t\u00e9 qu\u2019un espace o\u00f9 l\u2019on se chamaille pour des futilit\u00e9s et o\u00f9 l\u2019on s\u2019invective furieusement par un flot d\u2019insultes. De l\u00e0 vient l\u2019absence de toute solidarit\u00e9 rituelle entre parlement et gouvernement inh\u00e9rente \u00e0 toute d\u00e9mocratie.<\/p>\n<p>Une sage d\u00e9cision donc, de la part du Premier ministre, \u00e0 laquelle nous souscrivons pleinement. Par ailleurs, le plus rassurant dans le recours au petit \u00e9cran est qu\u2019il ne suscite aucun d\u00e9bat et se soustrait au jugement des faits. Il permet en plus d\u2019installer une distance entre l\u2019orateur, d\u00e9barrass\u00e9 de tout devoir de d\u00e9monstration et de discussion, et le r\u00e9cepteur du message, passif ou solitaire, simple citoyen ou militant engag\u00e9, leader politique, d\u00e9cideur ou expert. Chacun d\u2019eux, install\u00e9 devant son poste, est libre de se faire une opinion, d\u2019\u00e9mettre un commentaire ou un jugement, mais toujours ailleurs et plus tard.<\/p>\n<h3>S\u2019adresser directement \u00e0 l\u2019opinion publique<\/h3>\n<p>Ainsi, exasp\u00e9r\u00e9 par les interminables errances d\u2019\u00e9lus de la nation et du peuple, qui t\u00e9moigne d&rsquo;une pathologie devenue ins\u00e9parable du type de d\u00e9mocratie repr\u00e9sentative v\u00e9cue et pratiqu\u00e9e aujourd&rsquo;hui en Tunisie, le Premier ministre a pr\u00e9f\u00e9r\u00e9 d\u00e9laisser les relais l\u00e9gitimes, d\u00e9niant tout pouvoir au parlement, et s\u2019est accord\u00e9 le droit de passer par le canal de l\u2019information gouvernementale institutionnelle mise en \u0153uvre par les m\u00e9dias, en s\u2019adressant directement \u00e0 l\u2019opinion publique pour la prendre \u00e0 t\u00e9moin, l\u2019informer, lui expliquer et justifier sa politique afin qu\u2019elle lui serve de porte-parole.<\/p>\n<p>Face \u00e0 la latence ouverte d\u2019une crise chronique, dont on en attend encore le d\u00e9nouement, Youssef Chahed ne pouvait plus rester indiff\u00e9rent. Cependant, consid\u00e9r\u00e9s de pr\u00e8s, ses propos traduisent deux moments distincts. Le premier moment porte sur les faits relatifs \u00e0 l\u2019exercice d\u2019un pouvoir appel\u00e9 \u00e0 durer encore six mois. Quant au second moment, il r\u00e9v\u00e8le un candidat en situation de conqu\u00eate du pouvoir pour tout un quinquennat.<\/p>\n<p>Il y aurait donc, d\u2019un c\u00f4t\u00e9, l\u2019amer constat d\u2019une crise conjoncturelle qui exige \u00e0 br\u00e8ve \u00e9ch\u00e9ance une intervention rapide par des mesures concr\u00e8tes en attendant que tout rentre dans l\u2019ordre et, de l\u2019autre, des promesses verbales et des engagements qui nous para\u00eetraient bien tardifs s\u2019ils ne constituaient l\u2019esquisse du programme d\u2019un candidat \u00e0 la pr\u00e9sidentielle.<\/p>\n<h3>Petites mesures et grandes promesses<\/h3>\n<p>Cela \u00e9tant, l\u2019intervention impr\u00e9vue du Premier ministre n\u2019\u00e9tait en r\u00e9alit\u00e9 qu\u2019un h\u00e2tif patchwork de petites mesures, de timides mises en garde, de modestes annonces, mais de grandes promesses pour l\u2019avenir qu\u2019il s\u2019agit de mettre en \u0153uvre pendant les six prochains mois qui lui restent \u00e0 la t\u00eate de l\u2019ex\u00e9cutif. C\u2019est l\u00e0 la toile de fond qui d\u00e9finit l\u2019ensemble des choix pr\u00e9sent\u00e9s comme une \u00e9manation de la demande sociale et une r\u00e9ponse aux attentes populaires.<\/p>\n<p>N\u2019ayant pas pour le moment d\u2019identit\u00e9 partisane, M. Chahed peut se pr\u00e9senter comme le d\u00e9fenseur de la volont\u00e9 populaire, le protecteur des int\u00e9r\u00eats des plus d\u00e9munis, le b\u00e2tisseur de l\u2019avenir. Cependant, sa rh\u00e9torique n\u2019\u00e9tait pas destin\u00e9e \u00e0 ouvrir des voies nouvelles, ni \u00e0 ranimer l\u2019espoir de toute une population. Loin s\u2019en faut.<\/p>\n<p>Le chef de gouvernement ne cherchait pas non plus, comme cela se fait en d\u00e9mocratie, \u00e0 rendre un projet de soci\u00e9t\u00e9 acceptable en informant et en l\u2019explicitant. Il n\u2019\u00e9tait l\u00e0 que pour justifier, dans une conjoncture \u00e9conomique devenue insupportable et une politique pareillement impuissante \u00e0 y porter rem\u00e8de, et les indispensables r\u00e9formes de structures \u00e0 entreprendre in extremis apr\u00e8s deux ann\u00e9es en fonction!<\/p>\n<p>Faute de tenir un langage de v\u00e9rit\u00e9 et de rigueur, manquant cruellement de p\u00e9dagogie pour d\u00e9finir les m\u00e9canismes \u00e9conomiques et sociaux, Youssef Chahed s\u2019est montr\u00e9 incapable d\u2019expliquer les tenants et les aboutissants d\u2019une r\u00e9gression sociale qui a vocation \u00e0 s\u2019aggraver. Il aurait fallu commencer par pr\u00e9parer ses compatriotes aux politiques d\u2019aust\u00e9rit\u00e9 et les n\u00e9cessaires adaptations qu\u2019elles induisent et qui ne laissent pas beaucoup de marges de man\u0153uvre au gouvernement en faveur d\u2019une population qui, en revanche, attend tout de l\u2019Etat mais refuse que l\u2019Etat se m\u00eale de ses affaires, notamment du montant et des sources de ses revenus ainsi que de sa situation fiscale.<\/p>\n<p>Les politiciens, qui rechignent \u00e0 faire volontiers le choix de l\u2019impopularit\u00e9, en raison des r\u00e9percussions possibles sur leur l\u00e9gitimit\u00e9 en tant qu\u2019autorit\u00e9 politique, vont plut\u00f4t dans le sens des attentes populaires au moyen d\u2019une rh\u00e9torique susceptible de rendre leurs discours acceptable; aujourd\u2019hui aupr\u00e8s du public en g\u00e9n\u00e9ral, demain aupr\u00e8s du corps \u00e9lectoral. Sauf que, contrairement aux r\u00e9gimes autoritaires, ils n\u2019ont plus le monopole de la communication politique. Leur argumentation se doit alors d\u2019\u00eatre p\u00e9dagogique et ne ils peuvent se contenter de d\u00e9noncer d\u2019une fa\u00e7on virulente et peu nuanc\u00e9e leurs adversaires politiques.<\/p>\n<p>La demande sociale refl\u00e8te une \u00e9valuation \u00e0 court terme des co\u00fbts et des b\u00e9n\u00e9fices, \u00e0 laquelle ne r\u00e9pondait pas l\u2019action entreprise par l\u2019autorit\u00e9 politique qui va \u00e0 l\u2019encontre des attentes du moment.<\/p>\n<p>On constate en effet qu\u2019on r\u00e9duit drastiquement les d\u00e9penses publiques, qu\u2019on c\u00e8de \u00e0 l\u2019inflation qui ruine toutes les tentatives de progr\u00e8s social et frustre tout d\u00e9sir de prosp\u00e9rit\u00e9, qu\u2019on suspend les recrutements dans la fonction publique, qu\u2019on mobilise insuffisamment de moyens pour lutter contre la corruption, l\u2019\u00e9vasion et la fraude fiscales, et qu\u2019on n\u2019arrive toujours pas \u00e0 relever une institution aussi vitale (c\u2019est le cas de le dire) que la sant\u00e9 publique qui a simplement perdu le souci de la vie. L\u2019h\u00f4pital et son personnel, qui ont pourtant pour finalit\u00e9 la promotion de la sant\u00e9 et la pr\u00e9vention de la maladie, ne se pr\u00e9occupent plus de prolonger la vie. On peut m\u00eame y mourir \u00e0 la naissance.<\/p>\n<p>Or, en d\u00e9pit de la d\u00e9gradation des services publics et l\u2019incomp\u00e9tence de l\u2019\u00e9lite gouvernementale, Youssef Chahed croit pouvoir encore gagner l\u2019assentiment populaire le plus large possible. Il adh\u00e8re \u00e0 l\u2019illusion tenace qu\u2019une fois les grands \u00e9quilibres macro\u00e9conomiques restaur\u00e9s, les probl\u00e8mes vont rapidement cesser, le pays ira mieux, et le public retrouvera le sourire. Qu\u2019il suffit de visiter un march\u00e9 aux fruits et l\u00e9gumes pour que les prix baissent comme par enchantement. Or il y a des choses \u00e0 faire et \u00e0 ne pas faire. Entre l\u2019adh\u00e9sion \u00e0 l\u2019\u00e9conomie de march\u00e9 et la r\u00e9gulation des prix par l\u2019Etat, il faut choisir. Car le probl\u00e8me est du c\u00f4t\u00e9 de ceux qui stockent pour cr\u00e9er la p\u00e9nurie et font de la sp\u00e9culation un m\u00e9tier qu\u2019ils exercent en toute impunit\u00e9.<\/p>\n<p>Dans ce pays, affamer les gens est tol\u00e9r\u00e9 et les auteurs ne sont jamais tenus pour responsables. En revanche, quelqu\u2019un qui afficherait, par exemple, son homosexualit\u00e9, qui se d\u00e9clarerait agnostique ou ath\u00e9e, s\u2019expose \u00e0 \u00eatre harcel\u00e9, menac\u00e9, agress\u00e9 et condamn\u00e9 par la justice.<\/p>\n<h3>Une politique \u00e9conomique saucissonn\u00e9e en tranches de pr\u00eats<\/h3>\n<p>Si l\u2019Etat n\u2019a pas \u00e9t\u00e9 capable depuis cinq ans d\u2019\u00eatre \u00e0 l\u2019\u00e9coute de la soci\u00e9t\u00e9, c\u2019est parce ceux qui sont appel\u00e9s \u00e0 gouverner ne gouvernent plus rien, qu\u2019ils ont du mal \u00e0 s\u2019adapter au nouveau paradigme de la mondialisation posthistoire et post-identitaire, qu\u2019ils sont toujours r\u00e9fractaires \u00e0 toute entr\u00e9e dans la post modernit\u00e9 et les strat\u00e9gies de d\u00e9veloppement \u00e9conomique globalisant. Parce que leur politique \u00e9conomique ne se r\u00e9sume plus en court et long terme du moment qu\u2019elle est saucissonn\u00e9e en tranches de pr\u00eats qu\u2019ils contractent copieusement ailleurs sans trop se soucier des cons\u00e9quences.<\/p>\n<p>Compte tenu du m\u00e9diocre rating de la Tunisie, le service annuel de la dette, qu\u2019on est tenu de respecter en recourant \u00e0 d\u2019autres emprunts ext\u00e9rieurs et \u00e0 des d\u00e9coupes radicales dans les d\u00e9penses publiques, absorberait aujourd&rsquo;hui pr\u00e8s des trois quarts du total des entr\u00e9es annuelles de capitaux dans le pays. Bref, on ne ma\u00eetrise plus notre destin \u00e9tant r\u00e9duits \u00e0 appliquer les politiques d&rsquo;ajustement qui, dans un pays surendett\u00e9 comme la Tunisie, compromettent toute possibilit\u00e9 d&rsquo;int\u00e9gration r\u00e9elle de notre \u00e9conomie et par l\u00e0 m\u00eame notre capacit\u00e9 \u00e0 conna\u00eetre t\u00f4t ou tard la solvabilit\u00e9 en tant que nation souveraine.<\/p>\n<p>\u00c0 l\u2019issue de leur derni\u00e8re visite, les experts du FMI, jugeant nos performances tr\u00e8s moyennes, avaient h\u00e9sit\u00e9 entre le bl\u00e2me et l\u2019avertissement pour enfin daigner nous gratifier de l\u2019appr\u00e9ciation \u00abpeut mieux faire\u00bb qui, traduite en mode scolaire, signifie \u00abobjectifs non atteints\u00bb.<\/p>\n<p>Or paradoxalement, les pays qui ont le plus b\u00e9n\u00e9fici\u00e9 de la globalisation sont ceux qui, comme la Chine, l\u2019Inde ou le Vietnam, ont le moins respect\u00e9 les principes de l\u2019orthodoxie \u00e9conomique. Ce n\u2019est donc pas la lib\u00e9ralisation en soi qui permet le succ\u00e8s \u00e9conomique, mais les strat\u00e9gies pragmatiques adopt\u00e9es par les gouvernements, tenant compte des mutations indispensables mais aussi des valeurs nationales: le respect du travail bien fait, le d\u00e9vouement pour la collectivit\u00e9, le culte de l\u2019effort qui permet de s\u2019accomplir, de construire, de se projeter dans l\u2019avenir et n\u00e9cessite arrachements, sacrifices et souffrances.<\/p>\n<h3>Remettre le pays au travail par des mesures forc\u00e9ment impopulaires<\/h3>\n<p>Pour agir, afin que chacun puisse un jour pr\u00e9tendre \u00e0 un niveau de vie plus \u00e9lev\u00e9, il faut dans l\u2019imm\u00e9diat remettre le pays au travail, non par de vaines incantations, mais par une s\u00e9rie de mesures forc\u00e9ment impopulaires qui ne manqueront pas de susciter l\u2019ire des contestataires, \u00e0 leur t\u00eate les syndicats qui d\u00e9nonceront un recul des droits des salari\u00e9s, une atteinte \u00e0 la libert\u00e9 et une d\u00e9cision qui fragilisera le dialogue social qu\u2019on ne constate pourtant nulle part.<\/p>\n<p>Pour ce faire, tout gouvernement doit commencer par mettre fin au chaos en r\u00e9duisant le nombre des gr\u00e8ves, des mouvements de protestations et des conflits de travail par une tol\u00e9rance z\u00e9ro. Il faut surtout r\u00e9primer durement les vols et les d\u00e9pr\u00e9dations des biens publics ainsi que les actes de sabotage. Bien plus facile \u00e0 dire qu\u2019\u00e0 faire, il faudra bien r\u00e9duire un jour le train de vie d\u2019une tranche de la population qui, par mim\u00e9tisme, \u00e9tait devenue adepte de la soci\u00e9t\u00e9 de loisirs et vit \u00e0 cr\u00e9dit. Revoir certains droits acquis, supprimer quelques jours f\u00e9ri\u00e9s (il y en a 11 actuellement), r\u00e9duire les cong\u00e9s annuels de 30 \u00e0 20 jours, r\u00e9tablir de toute urgence la demi-journ\u00e9e du vendredi et du samedi, abandonner la s\u00e9ance unique pour l\u2019\u00e9t\u00e9 et le mois de ramadan et allonger la journ\u00e9e de travail contribueraient \u00e0 att\u00e9nuer les effets d\u2019une faillite annonc\u00e9e. Pour aboutir, toutes ces mesures doivent \u00eatre \u00e9videmment compens\u00e9es par une plus grande justice sociale.<\/p>\n<p>\u00c0 la fois autoritaire et conciliante, le drame des personnalit\u00e9s narcissiques c\u2019est qu\u2019elles sont convaincues d\u2019avoir raison. Au d\u00e9part, Youssef Chahed n\u2019avait pas conscience d\u2019avoir une \u00e9paisseur quelconque, mais uniquement un bourdonnement de gens qui lui disaient combien il \u00e9tait parfait. \u00c0 l\u2019approche des \u00e9ch\u00e9ances, il se retrouve \u00e0 prendre des d\u00e9cisions, \u00e0 se confronter \u00e0 la r\u00e9alit\u00e9. Or son probl\u00e8me est qu\u2019il se consid\u00e8re infaillible, n\u2019arrive pas \u00e0 accepter que les d\u00e9fauts puissent venir de lui. Personnalit\u00e9 toxique, il a donc besoin d\u2019un d\u00e9versoir \u00e9motionnel, un partenaire de plus : la t\u00e9l\u00e9vision, promue au rang de facteur de d\u00e9cision politique fond\u00e9 sur le contact direct et l\u2019\u00e9limination des interm\u00e9diaires institutionnels. Mais, profitant seul et solennellement des facilit\u00e9s que lui m\u00e9nage le contr\u00f4le gouvernemental sur les m\u00e9dias, tout ce qu\u2019il a dit n\u2019\u00e9tait en fait qu\u2019une projection de ses propres carences et de la r\u00e9alit\u00e9 qui, chez lui, est constamment contrari\u00e9e. C\u2019est ce qu\u2019il y a de plus normal du moment qu\u2019il se cramponne \u00e0 de vieilles m\u00e9thodes en pensant que c\u2019est l\u2019avenir.<\/p>\n<p>Certes, son allocution \u00e9tait dict\u00e9e par des \u00e9v\u00e9nements de toutes sortes exc\u00e9dant toute pr\u00e9voyance, d\u00e9bordant la parole politique. Face \u00e0 la vague d\u2019une contestation sociale appel\u00e9e \u00e0 s\u2019amplifier, ses propos proc\u00e9daient d\u2019une rh\u00e9torique cens\u00e9e \u00e9claircir l\u2019horizon d\u2019attente d\u2019une population exc\u00e9d\u00e9e par l\u2019insatisfaction des ses besoins les plus essentiels. Mais, comme d\u2019habitude son discours ne pouvait gu\u00e8re persuader que ceux qui, avant de l\u2019entendre, \u00e9taient d\u00e9j\u00e0 de son avis.<\/p>\n<p><em><strong>Articles du m\u00eame auteur dans Kapitalis :\u00a0<\/strong><\/em><\/p>\n<blockquote class=\"wp-embedded-content\" data-secret=\"guDKYABRDF\"><p><a href=\"https:\/\/kapitalis.com\/tunisie\/2019\/04\/14\/tunisie-adieu-nidaa-tounes-dhier-bonjour-ennahdha-de-demain\/\">Tunisie : Adieu Nidaa Tounes d\u2019hier, bonjour Ennahdha de demain !<\/a><\/p><\/blockquote>\n<p><iframe loading=\"lazy\" class=\"wp-embedded-content\" sandbox=\"allow-scripts\" security=\"restricted\" style=\"position: absolute; clip: rect(1px, 1px, 1px, 1px);\" title=\"\u00ab\u00a0Tunisie : Adieu Nidaa Tounes d\u2019hier, bonjour Ennahdha de demain !\u00a0\u00bb &#8212; Kapitalis\" src=\"https:\/\/kapitalis.com\/tunisie\/2019\/04\/14\/tunisie-adieu-nidaa-tounes-dhier-bonjour-ennahdha-de-demain\/embed\/#?secret=GfIy82JxMq#?secret=guDKYABRDF\" data-secret=\"guDKYABRDF\" width=\"600\" height=\"338\" frameborder=\"0\" marginwidth=\"0\" marginheight=\"0\" scrolling=\"no\"><\/iframe><\/p>\n<blockquote class=\"wp-embedded-content\" data-secret=\"8svJlMiK6x\"><p><a href=\"https:\/\/kapitalis.com\/tunisie\/2019\/04\/07\/youssef-chahed-ou-leconomie-politique-de-la-contrainte\/\">Youssef Chahed ou l\u2019\u00e9conomie politique de la contrainte<\/a><\/p><\/blockquote>\n<p><iframe loading=\"lazy\" class=\"wp-embedded-content\" sandbox=\"allow-scripts\" security=\"restricted\" style=\"position: absolute; clip: rect(1px, 1px, 1px, 1px);\" title=\"\u00ab\u00a0Youssef Chahed ou l\u2019\u00e9conomie politique de la contrainte\u00a0\u00bb &#8212; Kapitalis\" src=\"https:\/\/kapitalis.com\/tunisie\/2019\/04\/07\/youssef-chahed-ou-leconomie-politique-de-la-contrainte\/embed\/#?secret=sk5Vnjviq9#?secret=8svJlMiK6x\" data-secret=\"8svJlMiK6x\" width=\"600\" height=\"338\" frameborder=\"0\" marginwidth=\"0\" marginheight=\"0\" scrolling=\"no\"><\/iframe><\/p>\n<blockquote class=\"wp-embedded-content\" data-secret=\"W0Hf3dALuy\"><p><a href=\"https:\/\/kapitalis.com\/tunisie\/2019\/03\/24\/abir-moussi-femme-politique-ou-homme-detat\/\">Abir Moussi : Femme politique, ou \u00abhomme\u00bb d\u2019Etat ?<\/a><\/p><\/blockquote>\n<p><iframe loading=\"lazy\" class=\"wp-embedded-content\" sandbox=\"allow-scripts\" security=\"restricted\" style=\"position: absolute; clip: rect(1px, 1px, 1px, 1px);\" title=\"\u00ab\u00a0Abir Moussi : Femme politique, ou \u00abhomme\u00bb d\u2019Etat ?\u00a0\u00bb &#8212; Kapitalis\" src=\"https:\/\/kapitalis.com\/tunisie\/2019\/03\/24\/abir-moussi-femme-politique-ou-homme-detat\/embed\/#?secret=eggvSot4ov#?secret=W0Hf3dALuy\" data-secret=\"W0Hf3dALuy\" width=\"600\" height=\"338\" frameborder=\"0\" marginwidth=\"0\" marginheight=\"0\" scrolling=\"no\"><\/iframe><\/p>\n","protected":false},"excerpt":{"rendered":"<p>Pour sortir de la crise, il faut d\u2019abord remettre le peuple au travail et commencer par mettre fin au chaos, en r\u00e9duisant le nombre des gr\u00e8ves, des mouvements de protestations et des conflits de travail par une tol\u00e9rance z\u00e9ro. Par Yassine Essid<\/p>\n","protected":false},"author":8,"featured_media":208020,"comment_status":"open","ping_status":"open","sticky":false,"template":"","format":"standard","meta":{"footnotes":""},"categories":[992,997,2433],"tags":[11246],"class_list":["post-208019","post","type-post","status-publish","format-standard","has-post-thumbnail","hentry","category-a-la-une","category-politique","category-tunisie","tag-youssef-chahed"],"yoast_head":"<!-- This site is optimized with the Yoast SEO plugin v26.6 - https:\/\/yoast.com\/wordpress\/plugins\/seo\/ -->\n<title>Youssef Chahed : Encore six mois ou cinq ans ? - Kapitalis<\/title>\n<meta name=\"robots\" content=\"index, follow, max-snippet:-1, max-image-preview:large, max-video-preview:-1\" \/>\n<link rel=\"canonical\" href=\"https:\/\/kapitalis.com\/tunisie\/2019\/04\/21\/youssef-chahed-encore-six-mois-ou-cinq-ans\/\" \/>\n<meta property=\"og:locale\" content=\"fr_FR\" \/>\n<meta property=\"og:type\" content=\"article\" \/>\n<meta property=\"og:title\" content=\"Youssef Chahed : Encore six mois ou cinq ans ? - Kapitalis\" \/>\n<meta property=\"og:description\" content=\"Pour sortir de la crise, il faut d\u2019abord remettre le peuple au travail et commencer par mettre fin au chaos, en r\u00e9duisant le nombre des gr\u00e8ves, des mouvements de protestations et des conflits de travail par une tol\u00e9rance z\u00e9ro. Par Yassine Essid\" \/>\n<meta property=\"og:url\" content=\"https:\/\/kapitalis.com\/tunisie\/2019\/04\/21\/youssef-chahed-encore-six-mois-ou-cinq-ans\/\" \/>\n<meta property=\"og:site_name\" content=\"Kapitalis\" \/>\n<meta property=\"article:publisher\" content=\"https:\/\/www.facebook.com\/KapitalisInfo\/\" \/>\n<meta property=\"article:published_time\" content=\"2019-04-21T11:09:31+00:00\" \/>\n<meta property=\"article:modified_time\" content=\"2019-04-21T22:22:18+00:00\" \/>\n<meta property=\"og:image\" content=\"https:\/\/kapitalis.com\/tunisie\/wp-content\/uploads\/2022\/05\/kapitalis-logo-fb.png\" \/>\n\t<meta property=\"og:image:width\" content=\"1200\" \/>\n\t<meta property=\"og:image:height\" content=\"630\" \/>\n\t<meta property=\"og:image:type\" content=\"image\/png\" \/>\n<meta name=\"author\" content=\"webmaster kapitalis\" \/>\n<meta name=\"twitter:card\" content=\"summary_large_image\" \/>\n<meta name=\"twitter:creator\" content=\"@KapitalisInfo\" \/>\n<meta name=\"twitter:site\" content=\"@KapitalisInfo\" \/>\n<meta name=\"twitter:label1\" content=\"\u00c9crit par\" \/>\n\t<meta name=\"twitter:data1\" content=\"webmaster kapitalis\" \/>\n\t<meta name=\"twitter:label2\" content=\"Dur\u00e9e de lecture estim\u00e9e\" \/>\n\t<meta name=\"twitter:data2\" content=\"12 minutes\" \/>\n<script type=\"application\/ld+json\" class=\"yoast-schema-graph\">{\"@context\":\"https:\/\/schema.org\",\"@graph\":[{\"@type\":\"Article\",\"@id\":\"https:\/\/kapitalis.com\/tunisie\/2019\/04\/21\/youssef-chahed-encore-six-mois-ou-cinq-ans\/#article\",\"isPartOf\":{\"@id\":\"https:\/\/kapitalis.com\/tunisie\/2019\/04\/21\/youssef-chahed-encore-six-mois-ou-cinq-ans\/\"},\"author\":{\"name\":\"webmaster kapitalis\",\"@id\":\"https:\/\/kapitalis.com\/tunisie\/#\/schema\/person\/d71f33a9ca44f7bad4698210b480c8e9\"},\"headline\":\"Youssef Chahed : Encore six mois ou cinq ans ?\",\"datePublished\":\"2019-04-21T11:09:31+00:00\",\"dateModified\":\"2019-04-21T22:22:18+00:00\",\"mainEntityOfPage\":{\"@id\":\"https:\/\/kapitalis.com\/tunisie\/2019\/04\/21\/youssef-chahed-encore-six-mois-ou-cinq-ans\/\"},\"wordCount\":2342,\"commentCount\":2,\"publisher\":{\"@id\":\"https:\/\/kapitalis.com\/tunisie\/#organization\"},\"image\":{\"@id\":\"https:\/\/kapitalis.com\/tunisie\/2019\/04\/21\/youssef-chahed-encore-six-mois-ou-cinq-ans\/#primaryimage\"},\"thumbnailUrl\":\"\",\"keywords\":[\"Youssef Chahed\"],\"articleSection\":[\"A LA UNE\",\"POLITIQUE\",\"Tunisie\"],\"inLanguage\":\"fr-FR\",\"potentialAction\":[{\"@type\":\"CommentAction\",\"name\":\"Comment\",\"target\":[\"https:\/\/kapitalis.com\/tunisie\/2019\/04\/21\/youssef-chahed-encore-six-mois-ou-cinq-ans\/#respond\"]}]},{\"@type\":\"WebPage\",\"@id\":\"https:\/\/kapitalis.com\/tunisie\/2019\/04\/21\/youssef-chahed-encore-six-mois-ou-cinq-ans\/\",\"url\":\"https:\/\/kapitalis.com\/tunisie\/2019\/04\/21\/youssef-chahed-encore-six-mois-ou-cinq-ans\/\",\"name\":\"Youssef Chahed : Encore six mois ou cinq ans ? - Kapitalis\",\"isPartOf\":{\"@id\":\"https:\/\/kapitalis.com\/tunisie\/#website\"},\"primaryImageOfPage\":{\"@id\":\"https:\/\/kapitalis.com\/tunisie\/2019\/04\/21\/youssef-chahed-encore-six-mois-ou-cinq-ans\/#primaryimage\"},\"image\":{\"@id\":\"https:\/\/kapitalis.com\/tunisie\/2019\/04\/21\/youssef-chahed-encore-six-mois-ou-cinq-ans\/#primaryimage\"},\"thumbnailUrl\":\"\",\"datePublished\":\"2019-04-21T11:09:31+00:00\",\"dateModified\":\"2019-04-21T22:22:18+00:00\",\"breadcrumb\":{\"@id\":\"https:\/\/kapitalis.com\/tunisie\/2019\/04\/21\/youssef-chahed-encore-six-mois-ou-cinq-ans\/#breadcrumb\"},\"inLanguage\":\"fr-FR\",\"potentialAction\":[{\"@type\":\"ReadAction\",\"target\":[\"https:\/\/kapitalis.com\/tunisie\/2019\/04\/21\/youssef-chahed-encore-six-mois-ou-cinq-ans\/\"]}]},{\"@type\":\"ImageObject\",\"inLanguage\":\"fr-FR\",\"@id\":\"https:\/\/kapitalis.com\/tunisie\/2019\/04\/21\/youssef-chahed-encore-six-mois-ou-cinq-ans\/#primaryimage\",\"url\":\"\",\"contentUrl\":\"\"},{\"@type\":\"BreadcrumbList\",\"@id\":\"https:\/\/kapitalis.com\/tunisie\/2019\/04\/21\/youssef-chahed-encore-six-mois-ou-cinq-ans\/#breadcrumb\",\"itemListElement\":[{\"@type\":\"ListItem\",\"position\":1,\"name\":\"Accueil\",\"item\":\"https:\/\/kapitalis.com\/tunisie\/\"},{\"@type\":\"ListItem\",\"position\":2,\"name\":\"Youssef Chahed : Encore six mois ou cinq ans ?\"}]},{\"@type\":\"WebSite\",\"@id\":\"https:\/\/kapitalis.com\/tunisie\/#website\",\"url\":\"https:\/\/kapitalis.com\/tunisie\/\",\"name\":\"Kapitalis\",\"description\":\"L&#039;actualit\u00e9 en Tunisie et dans le monde\",\"publisher\":{\"@id\":\"https:\/\/kapitalis.com\/tunisie\/#organization\"},\"potentialAction\":[{\"@type\":\"SearchAction\",\"target\":{\"@type\":\"EntryPoint\",\"urlTemplate\":\"https:\/\/kapitalis.com\/tunisie\/?s={search_term_string}\"},\"query-input\":{\"@type\":\"PropertyValueSpecification\",\"valueRequired\":true,\"valueName\":\"search_term_string\"}}],\"inLanguage\":\"fr-FR\"},{\"@type\":\"Organization\",\"@id\":\"https:\/\/kapitalis.com\/tunisie\/#organization\",\"name\":\"Kapitalis\",\"url\":\"https:\/\/kapitalis.com\/tunisie\/\",\"logo\":{\"@type\":\"ImageObject\",\"inLanguage\":\"fr-FR\",\"@id\":\"https:\/\/kapitalis.com\/tunisie\/#\/schema\/logo\/image\/\",\"url\":\"https:\/\/kapitalis.com\/tunisie\/wp-content\/uploads\/2022\/05\/Kapitalis-big-size.png\",\"contentUrl\":\"https:\/\/kapitalis.com\/tunisie\/wp-content\/uploads\/2022\/05\/Kapitalis-big-size.png\",\"width\":5000,\"height\":1500,\"caption\":\"Kapitalis\"},\"image\":{\"@id\":\"https:\/\/kapitalis.com\/tunisie\/#\/schema\/logo\/image\/\"},\"sameAs\":[\"https:\/\/www.facebook.com\/KapitalisInfo\/\",\"https:\/\/x.com\/KapitalisInfo\",\"https:\/\/www.youtube.com\/channel\/UC-yDYrHyfFBWWZaOw3FPg9Q\"]},{\"@type\":\"Person\",\"@id\":\"https:\/\/kapitalis.com\/tunisie\/#\/schema\/person\/d71f33a9ca44f7bad4698210b480c8e9\",\"name\":\"webmaster kapitalis\",\"url\":\"https:\/\/kapitalis.com\/tunisie\/author\/webmaster-kapitalis\/\"}]}<\/script>\n<!-- \/ Yoast SEO plugin. -->","yoast_head_json":{"title":"Youssef Chahed : Encore six mois ou cinq ans ? - Kapitalis","robots":{"index":"index","follow":"follow","max-snippet":"max-snippet:-1","max-image-preview":"max-image-preview:large","max-video-preview":"max-video-preview:-1"},"canonical":"https:\/\/kapitalis.com\/tunisie\/2019\/04\/21\/youssef-chahed-encore-six-mois-ou-cinq-ans\/","og_locale":"fr_FR","og_type":"article","og_title":"Youssef Chahed : Encore six mois ou cinq ans ? - Kapitalis","og_description":"Pour sortir de la crise, il faut d\u2019abord remettre le peuple au travail et commencer par mettre fin au chaos, en r\u00e9duisant le nombre des gr\u00e8ves, des mouvements de protestations et des conflits de travail par une tol\u00e9rance z\u00e9ro. Par Yassine Essid","og_url":"https:\/\/kapitalis.com\/tunisie\/2019\/04\/21\/youssef-chahed-encore-six-mois-ou-cinq-ans\/","og_site_name":"Kapitalis","article_publisher":"https:\/\/www.facebook.com\/KapitalisInfo\/","article_published_time":"2019-04-21T11:09:31+00:00","article_modified_time":"2019-04-21T22:22:18+00:00","og_image":[{"width":1200,"height":630,"url":"https:\/\/kapitalis.com\/tunisie\/wp-content\/uploads\/2022\/05\/kapitalis-logo-fb.png","type":"image\/png"}],"author":"webmaster kapitalis","twitter_card":"summary_large_image","twitter_creator":"@KapitalisInfo","twitter_site":"@KapitalisInfo","twitter_misc":{"\u00c9crit par":"webmaster kapitalis","Dur\u00e9e de lecture estim\u00e9e":"12 minutes"},"schema":{"@context":"https:\/\/schema.org","@graph":[{"@type":"Article","@id":"https:\/\/kapitalis.com\/tunisie\/2019\/04\/21\/youssef-chahed-encore-six-mois-ou-cinq-ans\/#article","isPartOf":{"@id":"https:\/\/kapitalis.com\/tunisie\/2019\/04\/21\/youssef-chahed-encore-six-mois-ou-cinq-ans\/"},"author":{"name":"webmaster kapitalis","@id":"https:\/\/kapitalis.com\/tunisie\/#\/schema\/person\/d71f33a9ca44f7bad4698210b480c8e9"},"headline":"Youssef Chahed : Encore six mois ou cinq ans ?","datePublished":"2019-04-21T11:09:31+00:00","dateModified":"2019-04-21T22:22:18+00:00","mainEntityOfPage":{"@id":"https:\/\/kapitalis.com\/tunisie\/2019\/04\/21\/youssef-chahed-encore-six-mois-ou-cinq-ans\/"},"wordCount":2342,"commentCount":2,"publisher":{"@id":"https:\/\/kapitalis.com\/tunisie\/#organization"},"image":{"@id":"https:\/\/kapitalis.com\/tunisie\/2019\/04\/21\/youssef-chahed-encore-six-mois-ou-cinq-ans\/#primaryimage"},"thumbnailUrl":"","keywords":["Youssef Chahed"],"articleSection":["A LA UNE","POLITIQUE","Tunisie"],"inLanguage":"fr-FR","potentialAction":[{"@type":"CommentAction","name":"Comment","target":["https:\/\/kapitalis.com\/tunisie\/2019\/04\/21\/youssef-chahed-encore-six-mois-ou-cinq-ans\/#respond"]}]},{"@type":"WebPage","@id":"https:\/\/kapitalis.com\/tunisie\/2019\/04\/21\/youssef-chahed-encore-six-mois-ou-cinq-ans\/","url":"https:\/\/kapitalis.com\/tunisie\/2019\/04\/21\/youssef-chahed-encore-six-mois-ou-cinq-ans\/","name":"Youssef Chahed : Encore six mois ou cinq ans ? - Kapitalis","isPartOf":{"@id":"https:\/\/kapitalis.com\/tunisie\/#website"},"primaryImageOfPage":{"@id":"https:\/\/kapitalis.com\/tunisie\/2019\/04\/21\/youssef-chahed-encore-six-mois-ou-cinq-ans\/#primaryimage"},"image":{"@id":"https:\/\/kapitalis.com\/tunisie\/2019\/04\/21\/youssef-chahed-encore-six-mois-ou-cinq-ans\/#primaryimage"},"thumbnailUrl":"","datePublished":"2019-04-21T11:09:31+00:00","dateModified":"2019-04-21T22:22:18+00:00","breadcrumb":{"@id":"https:\/\/kapitalis.com\/tunisie\/2019\/04\/21\/youssef-chahed-encore-six-mois-ou-cinq-ans\/#breadcrumb"},"inLanguage":"fr-FR","potentialAction":[{"@type":"ReadAction","target":["https:\/\/kapitalis.com\/tunisie\/2019\/04\/21\/youssef-chahed-encore-six-mois-ou-cinq-ans\/"]}]},{"@type":"ImageObject","inLanguage":"fr-FR","@id":"https:\/\/kapitalis.com\/tunisie\/2019\/04\/21\/youssef-chahed-encore-six-mois-ou-cinq-ans\/#primaryimage","url":"","contentUrl":""},{"@type":"BreadcrumbList","@id":"https:\/\/kapitalis.com\/tunisie\/2019\/04\/21\/youssef-chahed-encore-six-mois-ou-cinq-ans\/#breadcrumb","itemListElement":[{"@type":"ListItem","position":1,"name":"Accueil","item":"https:\/\/kapitalis.com\/tunisie\/"},{"@type":"ListItem","position":2,"name":"Youssef Chahed : Encore six mois ou cinq ans ?"}]},{"@type":"WebSite","@id":"https:\/\/kapitalis.com\/tunisie\/#website","url":"https:\/\/kapitalis.com\/tunisie\/","name":"Kapitalis","description":"L&#039;actualit\u00e9 en Tunisie et dans le monde","publisher":{"@id":"https:\/\/kapitalis.com\/tunisie\/#organization"},"potentialAction":[{"@type":"SearchAction","target":{"@type":"EntryPoint","urlTemplate":"https:\/\/kapitalis.com\/tunisie\/?s={search_term_string}"},"query-input":{"@type":"PropertyValueSpecification","valueRequired":true,"valueName":"search_term_string"}}],"inLanguage":"fr-FR"},{"@type":"Organization","@id":"https:\/\/kapitalis.com\/tunisie\/#organization","name":"Kapitalis","url":"https:\/\/kapitalis.com\/tunisie\/","logo":{"@type":"ImageObject","inLanguage":"fr-FR","@id":"https:\/\/kapitalis.com\/tunisie\/#\/schema\/logo\/image\/","url":"https:\/\/kapitalis.com\/tunisie\/wp-content\/uploads\/2022\/05\/Kapitalis-big-size.png","contentUrl":"https:\/\/kapitalis.com\/tunisie\/wp-content\/uploads\/2022\/05\/Kapitalis-big-size.png","width":5000,"height":1500,"caption":"Kapitalis"},"image":{"@id":"https:\/\/kapitalis.com\/tunisie\/#\/schema\/logo\/image\/"},"sameAs":["https:\/\/www.facebook.com\/KapitalisInfo\/","https:\/\/x.com\/KapitalisInfo","https:\/\/www.youtube.com\/channel\/UC-yDYrHyfFBWWZaOw3FPg9Q"]},{"@type":"Person","@id":"https:\/\/kapitalis.com\/tunisie\/#\/schema\/person\/d71f33a9ca44f7bad4698210b480c8e9","name":"webmaster kapitalis","url":"https:\/\/kapitalis.com\/tunisie\/author\/webmaster-kapitalis\/"}]}},"_links":{"self":[{"href":"https:\/\/kapitalis.com\/tunisie\/wp-json\/wp\/v2\/posts\/208019","targetHints":{"allow":["GET"]}}],"collection":[{"href":"https:\/\/kapitalis.com\/tunisie\/wp-json\/wp\/v2\/posts"}],"about":[{"href":"https:\/\/kapitalis.com\/tunisie\/wp-json\/wp\/v2\/types\/post"}],"author":[{"embeddable":true,"href":"https:\/\/kapitalis.com\/tunisie\/wp-json\/wp\/v2\/users\/8"}],"replies":[{"embeddable":true,"href":"https:\/\/kapitalis.com\/tunisie\/wp-json\/wp\/v2\/comments?post=208019"}],"version-history":[{"count":0,"href":"https:\/\/kapitalis.com\/tunisie\/wp-json\/wp\/v2\/posts\/208019\/revisions"}],"wp:featuredmedia":[{"embeddable":true,"href":"https:\/\/kapitalis.com\/tunisie\/wp-json\/wp\/v2\/media\/208020"}],"wp:attachment":[{"href":"https:\/\/kapitalis.com\/tunisie\/wp-json\/wp\/v2\/media?parent=208019"}],"wp:term":[{"taxonomy":"category","embeddable":true,"href":"https:\/\/kapitalis.com\/tunisie\/wp-json\/wp\/v2\/categories?post=208019"},{"taxonomy":"post_tag","embeddable":true,"href":"https:\/\/kapitalis.com\/tunisie\/wp-json\/wp\/v2\/tags?post=208019"}],"curies":[{"name":"wp","href":"https:\/\/api.w.org\/{rel}","templated":true}]}}