{"id":208088,"date":"2019-04-22T10:00:15","date_gmt":"2019-04-22T09:00:15","guid":{"rendered":"http:\/\/kapitalis.com\/tunisie\/?p=208088"},"modified":"2019-04-22T10:03:36","modified_gmt":"2019-04-22T09:03:36","slug":"pont-de-bizerte-les-travaux-demarreront-en-janvier-2020","status":"publish","type":"post","link":"https:\/\/kapitalis.com\/tunisie\/2019\/04\/22\/pont-de-bizerte-les-travaux-demarreront-en-janvier-2020\/","title":{"rendered":"Pont de Bizerte : Les travaux d\u00e9marreront en janvier 2020"},"content":{"rendered":"\n<figure class=\"wp-block-image\"><img decoding=\"async\" src=\"http:\/\/kapitalis.com\/tunisie\/wp-content\/uploads\/2016\/07\/Nouveau-pont-de-Bizerte.jpg\" alt=\"\" class=\"wp-image-59178\"\/><figcaption><em>Trac\u00e9 du nouveau pont de Bizerte. <\/em><\/figcaption><\/figure>\n\n\n\n<p><strong><em>Apr\u00e8s le r\u00e8glement du probl\u00e8me foncier et la publication dans le journal officiel des 96 contrats d\u2019expropriation et d\u2019indemnisation, le projet de construction du pont de Bizerte pourrait faire l\u2019objet d\u2019un appel d\u2019offres, au plus tard en juin 2019.<\/em><\/strong><\/p>\n\n\n\n<p>C\u2019est ce qu\u2019a d\u00e9clar\u00e9 r\u00e9cemment Noureddine Selmi, ministre de l\u2019Equipement, de l\u2019Habitat et de l\u2019Am\u00e9nagement du territoire, au cours  d\u2019une visite de travail dans le gouvernorat de Bizerte, ajoutant que les travaux de r\u00e9alisation du projet d\u00e9marreront en janvier 2020.<br><\/p>\n\n\n\n<p> Il y a un an, en avril 2018, Lilia Sifaoui, chef du projet de construction du Pont de Bizerte, avait annonc\u00e9 le d\u00e9marrage des travaux pour le premier trimestre 2019. Le d\u00e9marrage des travaux a donc accus\u00e9 au moins une ann\u00e9e de retard.<br><\/p>\n\n\n\n<p> \u00c0 noter que la superficie globale des terrains expropri\u00e9s s\u2019\u00e9tend sur 60 hectares r\u00e9partis en 387 lots dont 100 appartiennent au domaine de l\u2019Etat. Le montant global des indemnisations est estim\u00e9 \u00e0 environ 45 millions dinars tunisiens (MDT).<br><\/p>\n\n\n\n<p> Quant au co\u00fbt de ce projet, il est estim\u00e9 \u00e0 800 MDT qui seront mobilis\u00e9s en grande partie sous forme de cr\u00e9dits accord\u00e9s \u00e0 la Tunisie par la Banque europ\u00e9enne d\u2019investissement (BEI) et la Banque africaine de d\u00e9veloppement (BAD). <br><\/p>\n\n\n\n<p> Le pont de Bizerte est attendu avec impatience par les Bizertins. Le dernier blocage du pont mobile par des taxistes et louagistes, qui protestaient contre la hausse du prix du carburant, et les cons\u00e9quences n\u00e9gatives qu\u2019il avait g\u00e9n\u00e9r\u00e9 sur la mobilit\u00e9 des habitants de la ville ont prouv\u00e9, plus que jamais, l\u2019urgence d\u2019une liaison terrestre.<br><\/p>\n\n\n\n<div class=\"wp-block-image\"><figure class=\"aligncenter is-resized\"><img loading=\"lazy\" decoding=\"async\" src=\"http:\/\/kapitalis.com\/tunisie\/wp-content\/uploads\/2016\/08\/Pont-Mobile-de-Bizerte.jpg\" alt=\"\" class=\"wp-image-62047\" width=\"500\" height=\"352\"\/><figcaption><em>Le vieux pont mobile es devenu un obstacle \u00e0 la mobilit\u00e9 des Bizertins. <\/em><\/figcaption><\/figure><\/div>\n\n\n\n<p> Le pont est un viaduc imposant de 2070 m de longueur qui traverse le canal avec trois trav\u00e9es, dont la principale, de 293 m, est soutenue par deux piles singuli\u00e8res en forme de V encadrant le canal de navigation. <br><\/p>\n\n\n\n<p> L\u2019ouvrage est dans l\u2019ensemble un chef d\u2019\u0153uvre de simplicit\u00e9 technique et esth\u00e9tique. Ce sera, \u00e0 coup s\u00fbr, un autre \u00e9l\u00e9ment distinctif de la ville de Bizerte. <br><\/p>\n\n\n\n<p style=\"text-align:right\"><strong> Kh\u00e9maies Krimi<\/strong><\/p>\n","protected":false},"excerpt":{"rendered":"<p>Apr\u00e8s le r\u00e8glement du probl\u00e8me foncier et la publication dans le journal officiel des 96 contrats d\u2019expropriation et d\u2019indemnisation, le projet de construction du pont de Bizerte pourrait faire l\u2019objet d\u2019un appel d\u2019offres, au plus tard en juin 2019. C\u2019est ce qu\u2019a d\u00e9clar\u00e9 r\u00e9cemment Noureddine Selmi, ministre de l\u2019Equipement, de l\u2019Habitat et de l\u2019Am\u00e9nagement du&#8230;<\/p>\n","protected":false},"author":8,"featured_media":0,"comment_status":"open","ping_status":"open","sticky":false,"template":"","format":"standard","meta":{"footnotes":""},"categories":[995,2433],"tags":[127,6365,53958],"class_list":["post-208088","post","type-post","status-publish","format-standard","hentry","category-economie","category-tunisie","tag-banque-africaine-de-developpement","tag-banque-europeenne-dinvestissement","tag-noureddine-selmi"],"yoast_head":"<!-- This site is optimized with the Yoast SEO plugin v26.6 - https:\/\/yoast.com\/wordpress\/plugins\/seo\/ -->\n<title>Pont de Bizerte : Les travaux d\u00e9marreront en janvier 2020 - Kapitalis<\/title>\n<meta name=\"robots\" content=\"index, follow, max-snippet:-1, max-image-preview:large, max-video-preview:-1\" \/>\n<link rel=\"canonical\" href=\"https:\/\/kapitalis.com\/tunisie\/2019\/04\/22\/pont-de-bizerte-les-travaux-demarreront-en-janvier-2020\/\" \/>\n<meta property=\"og:locale\" content=\"fr_FR\" \/>\n<meta property=\"og:type\" content=\"article\" \/>\n<meta property=\"og:title\" content=\"Pont de Bizerte : Les travaux d\u00e9marreront en janvier 2020 - Kapitalis\" \/>\n<meta property=\"og:description\" content=\"Apr\u00e8s le r\u00e8glement du probl\u00e8me foncier et la publication dans le journal officiel des 96 contrats d\u2019expropriation et d\u2019indemnisation, le projet de construction du pont de Bizerte pourrait faire l\u2019objet d\u2019un appel d\u2019offres, au plus tard en juin 2019. C\u2019est ce qu\u2019a d\u00e9clar\u00e9 r\u00e9cemment Noureddine Selmi, ministre de l\u2019Equipement, de l\u2019Habitat et de l\u2019Am\u00e9nagement du...\" \/>\n<meta property=\"og:url\" content=\"https:\/\/kapitalis.com\/tunisie\/2019\/04\/22\/pont-de-bizerte-les-travaux-demarreront-en-janvier-2020\/\" \/>\n<meta property=\"og:site_name\" content=\"Kapitalis\" \/>\n<meta property=\"article:publisher\" content=\"https:\/\/www.facebook.com\/KapitalisInfo\/\" \/>\n<meta property=\"article:published_time\" content=\"2019-04-22T09:00:15+00:00\" \/>\n<meta property=\"article:modified_time\" content=\"2019-04-22T09:03:36+00:00\" \/>\n<meta property=\"og:image\" content=\"http:\/\/kapitalis.com\/tunisie\/wp-content\/uploads\/2016\/07\/Nouveau-pont-de-Bizerte.jpg\" \/>\n<meta name=\"author\" content=\"webmaster kapitalis\" \/>\n<meta name=\"twitter:card\" content=\"summary_large_image\" \/>\n<meta name=\"twitter:creator\" content=\"@KapitalisInfo\" \/>\n<meta name=\"twitter:site\" content=\"@KapitalisInfo\" \/>\n<meta name=\"twitter:label1\" content=\"\u00c9crit par\" \/>\n\t<meta name=\"twitter:data1\" content=\"webmaster kapitalis\" \/>\n\t<meta name=\"twitter:label2\" content=\"Dur\u00e9e de lecture estim\u00e9e\" \/>\n\t<meta name=\"twitter:data2\" content=\"2 minutes\" \/>\n<script type=\"application\/ld+json\" class=\"yoast-schema-graph\">{\"@context\":\"https:\/\/schema.org\",\"@graph\":[{\"@type\":\"Article\",\"@id\":\"https:\/\/kapitalis.com\/tunisie\/2019\/04\/22\/pont-de-bizerte-les-travaux-demarreront-en-janvier-2020\/#article\",\"isPartOf\":{\"@id\":\"https:\/\/kapitalis.com\/tunisie\/2019\/04\/22\/pont-de-bizerte-les-travaux-demarreront-en-janvier-2020\/\"},\"author\":{\"name\":\"webmaster kapitalis\",\"@id\":\"https:\/\/kapitalis.com\/tunisie\/#\/schema\/person\/d71f33a9ca44f7bad4698210b480c8e9\"},\"headline\":\"Pont de Bizerte : Les travaux d\u00e9marreront en janvier 2020\",\"datePublished\":\"2019-04-22T09:00:15+00:00\",\"dateModified\":\"2019-04-22T09:03:36+00:00\",\"mainEntityOfPage\":{\"@id\":\"https:\/\/kapitalis.com\/tunisie\/2019\/04\/22\/pont-de-bizerte-les-travaux-demarreront-en-janvier-2020\/\"},\"wordCount\":380,\"commentCount\":4,\"publisher\":{\"@id\":\"https:\/\/kapitalis.com\/tunisie\/#organization\"},\"image\":{\"@id\":\"https:\/\/kapitalis.com\/tunisie\/2019\/04\/22\/pont-de-bizerte-les-travaux-demarreront-en-janvier-2020\/#primaryimage\"},\"thumbnailUrl\":\"http:\/\/kapitalis.com\/tunisie\/wp-content\/uploads\/2016\/07\/Nouveau-pont-de-Bizerte.jpg\",\"keywords\":[\"Banque africaine de d\u00e9veloppement\",\"Banque europ\u00e9enne d\u2019investissement\",\"Noureddine Selmi\"],\"articleSection\":[\"ECONOMIE\",\"Tunisie\"],\"inLanguage\":\"fr-FR\",\"potentialAction\":[{\"@type\":\"CommentAction\",\"name\":\"Comment\",\"target\":[\"https:\/\/kapitalis.com\/tunisie\/2019\/04\/22\/pont-de-bizerte-les-travaux-demarreront-en-janvier-2020\/#respond\"]}]},{\"@type\":\"WebPage\",\"@id\":\"https:\/\/kapitalis.com\/tunisie\/2019\/04\/22\/pont-de-bizerte-les-travaux-demarreront-en-janvier-2020\/\",\"url\":\"https:\/\/kapitalis.com\/tunisie\/2019\/04\/22\/pont-de-bizerte-les-travaux-demarreront-en-janvier-2020\/\",\"name\":\"Pont de Bizerte : Les travaux d\u00e9marreront en janvier 2020 - Kapitalis\",\"isPartOf\":{\"@id\":\"https:\/\/kapitalis.com\/tunisie\/#website\"},\"primaryImageOfPage\":{\"@id\":\"https:\/\/kapitalis.com\/tunisie\/2019\/04\/22\/pont-de-bizerte-les-travaux-demarreront-en-janvier-2020\/#primaryimage\"},\"image\":{\"@id\":\"https:\/\/kapitalis.com\/tunisie\/2019\/04\/22\/pont-de-bizerte-les-travaux-demarreront-en-janvier-2020\/#primaryimage\"},\"thumbnailUrl\":\"http:\/\/kapitalis.com\/tunisie\/wp-content\/uploads\/2016\/07\/Nouveau-pont-de-Bizerte.jpg\",\"datePublished\":\"2019-04-22T09:00:15+00:00\",\"dateModified\":\"2019-04-22T09:03:36+00:00\",\"breadcrumb\":{\"@id\":\"https:\/\/kapitalis.com\/tunisie\/2019\/04\/22\/pont-de-bizerte-les-travaux-demarreront-en-janvier-2020\/#breadcrumb\"},\"inLanguage\":\"fr-FR\",\"potentialAction\":[{\"@type\":\"ReadAction\",\"target\":[\"https:\/\/kapitalis.com\/tunisie\/2019\/04\/22\/pont-de-bizerte-les-travaux-demarreront-en-janvier-2020\/\"]}]},{\"@type\":\"ImageObject\",\"inLanguage\":\"fr-FR\",\"@id\":\"https:\/\/kapitalis.com\/tunisie\/2019\/04\/22\/pont-de-bizerte-les-travaux-demarreront-en-janvier-2020\/#primaryimage\",\"url\":\"http:\/\/kapitalis.com\/tunisie\/wp-content\/uploads\/2016\/07\/Nouveau-pont-de-Bizerte.jpg\",\"contentUrl\":\"http:\/\/kapitalis.com\/tunisie\/wp-content\/uploads\/2016\/07\/Nouveau-pont-de-Bizerte.jpg\"},{\"@type\":\"BreadcrumbList\",\"@id\":\"https:\/\/kapitalis.com\/tunisie\/2019\/04\/22\/pont-de-bizerte-les-travaux-demarreront-en-janvier-2020\/#breadcrumb\",\"itemListElement\":[{\"@type\":\"ListItem\",\"position\":1,\"name\":\"Accueil\",\"item\":\"https:\/\/kapitalis.com\/tunisie\/\"},{\"@type\":\"ListItem\",\"position\":2,\"name\":\"Pont de Bizerte : Les travaux d\u00e9marreront en janvier 2020\"}]},{\"@type\":\"WebSite\",\"@id\":\"https:\/\/kapitalis.com\/tunisie\/#website\",\"url\":\"https:\/\/kapitalis.com\/tunisie\/\",\"name\":\"Kapitalis\",\"description\":\"L&#039;actualit\u00e9 en Tunisie et dans le monde\",\"publisher\":{\"@id\":\"https:\/\/kapitalis.com\/tunisie\/#organization\"},\"potentialAction\":[{\"@type\":\"SearchAction\",\"target\":{\"@type\":\"EntryPoint\",\"urlTemplate\":\"https:\/\/kapitalis.com\/tunisie\/?s={search_term_string}\"},\"query-input\":{\"@type\":\"PropertyValueSpecification\",\"valueRequired\":true,\"valueName\":\"search_term_string\"}}],\"inLanguage\":\"fr-FR\"},{\"@type\":\"Organization\",\"@id\":\"https:\/\/kapitalis.com\/tunisie\/#organization\",\"name\":\"Kapitalis\",\"url\":\"https:\/\/kapitalis.com\/tunisie\/\",\"logo\":{\"@type\":\"ImageObject\",\"inLanguage\":\"fr-FR\",\"@id\":\"https:\/\/kapitalis.com\/tunisie\/#\/schema\/logo\/image\/\",\"url\":\"https:\/\/kapitalis.com\/tunisie\/wp-content\/uploads\/2022\/05\/Kapitalis-big-size.png\",\"contentUrl\":\"https:\/\/kapitalis.com\/tunisie\/wp-content\/uploads\/2022\/05\/Kapitalis-big-size.png\",\"width\":5000,\"height\":1500,\"caption\":\"Kapitalis\"},\"image\":{\"@id\":\"https:\/\/kapitalis.com\/tunisie\/#\/schema\/logo\/image\/\"},\"sameAs\":[\"https:\/\/www.facebook.com\/KapitalisInfo\/\",\"https:\/\/x.com\/KapitalisInfo\",\"https:\/\/www.youtube.com\/channel\/UC-yDYrHyfFBWWZaOw3FPg9Q\"]},{\"@type\":\"Person\",\"@id\":\"https:\/\/kapitalis.com\/tunisie\/#\/schema\/person\/d71f33a9ca44f7bad4698210b480c8e9\",\"name\":\"webmaster kapitalis\",\"url\":\"https:\/\/kapitalis.com\/tunisie\/author\/webmaster-kapitalis\/\"}]}<\/script>\n<!-- \/ Yoast SEO plugin. -->","yoast_head_json":{"title":"Pont de Bizerte : Les travaux d\u00e9marreront en janvier 2020 - Kapitalis","robots":{"index":"index","follow":"follow","max-snippet":"max-snippet:-1","max-image-preview":"max-image-preview:large","max-video-preview":"max-video-preview:-1"},"canonical":"https:\/\/kapitalis.com\/tunisie\/2019\/04\/22\/pont-de-bizerte-les-travaux-demarreront-en-janvier-2020\/","og_locale":"fr_FR","og_type":"article","og_title":"Pont de Bizerte : Les travaux d\u00e9marreront en janvier 2020 - Kapitalis","og_description":"Apr\u00e8s le r\u00e8glement du probl\u00e8me foncier et la publication dans le journal officiel des 96 contrats d\u2019expropriation et d\u2019indemnisation, le projet de construction du pont de Bizerte pourrait faire l\u2019objet d\u2019un appel d\u2019offres, au plus tard en juin 2019. C\u2019est ce qu\u2019a d\u00e9clar\u00e9 r\u00e9cemment Noureddine Selmi, ministre de l\u2019Equipement, de l\u2019Habitat et de l\u2019Am\u00e9nagement du...","og_url":"https:\/\/kapitalis.com\/tunisie\/2019\/04\/22\/pont-de-bizerte-les-travaux-demarreront-en-janvier-2020\/","og_site_name":"Kapitalis","article_publisher":"https:\/\/www.facebook.com\/KapitalisInfo\/","article_published_time":"2019-04-22T09:00:15+00:00","article_modified_time":"2019-04-22T09:03:36+00:00","og_image":[{"url":"http:\/\/kapitalis.com\/tunisie\/wp-content\/uploads\/2016\/07\/Nouveau-pont-de-Bizerte.jpg","type":"","width":"","height":""}],"author":"webmaster kapitalis","twitter_card":"summary_large_image","twitter_creator":"@KapitalisInfo","twitter_site":"@KapitalisInfo","twitter_misc":{"\u00c9crit par":"webmaster kapitalis","Dur\u00e9e de lecture estim\u00e9e":"2 minutes"},"schema":{"@context":"https:\/\/schema.org","@graph":[{"@type":"Article","@id":"https:\/\/kapitalis.com\/tunisie\/2019\/04\/22\/pont-de-bizerte-les-travaux-demarreront-en-janvier-2020\/#article","isPartOf":{"@id":"https:\/\/kapitalis.com\/tunisie\/2019\/04\/22\/pont-de-bizerte-les-travaux-demarreront-en-janvier-2020\/"},"author":{"name":"webmaster kapitalis","@id":"https:\/\/kapitalis.com\/tunisie\/#\/schema\/person\/d71f33a9ca44f7bad4698210b480c8e9"},"headline":"Pont de Bizerte : Les travaux d\u00e9marreront en janvier 2020","datePublished":"2019-04-22T09:00:15+00:00","dateModified":"2019-04-22T09:03:36+00:00","mainEntityOfPage":{"@id":"https:\/\/kapitalis.com\/tunisie\/2019\/04\/22\/pont-de-bizerte-les-travaux-demarreront-en-janvier-2020\/"},"wordCount":380,"commentCount":4,"publisher":{"@id":"https:\/\/kapitalis.com\/tunisie\/#organization"},"image":{"@id":"https:\/\/kapitalis.com\/tunisie\/2019\/04\/22\/pont-de-bizerte-les-travaux-demarreront-en-janvier-2020\/#primaryimage"},"thumbnailUrl":"http:\/\/kapitalis.com\/tunisie\/wp-content\/uploads\/2016\/07\/Nouveau-pont-de-Bizerte.jpg","keywords":["Banque africaine de d\u00e9veloppement","Banque europ\u00e9enne d\u2019investissement","Noureddine Selmi"],"articleSection":["ECONOMIE","Tunisie"],"inLanguage":"fr-FR","potentialAction":[{"@type":"CommentAction","name":"Comment","target":["https:\/\/kapitalis.com\/tunisie\/2019\/04\/22\/pont-de-bizerte-les-travaux-demarreront-en-janvier-2020\/#respond"]}]},{"@type":"WebPage","@id":"https:\/\/kapitalis.com\/tunisie\/2019\/04\/22\/pont-de-bizerte-les-travaux-demarreront-en-janvier-2020\/","url":"https:\/\/kapitalis.com\/tunisie\/2019\/04\/22\/pont-de-bizerte-les-travaux-demarreront-en-janvier-2020\/","name":"Pont de Bizerte : Les travaux d\u00e9marreront en janvier 2020 - Kapitalis","isPartOf":{"@id":"https:\/\/kapitalis.com\/tunisie\/#website"},"primaryImageOfPage":{"@id":"https:\/\/kapitalis.com\/tunisie\/2019\/04\/22\/pont-de-bizerte-les-travaux-demarreront-en-janvier-2020\/#primaryimage"},"image":{"@id":"https:\/\/kapitalis.com\/tunisie\/2019\/04\/22\/pont-de-bizerte-les-travaux-demarreront-en-janvier-2020\/#primaryimage"},"thumbnailUrl":"http:\/\/kapitalis.com\/tunisie\/wp-content\/uploads\/2016\/07\/Nouveau-pont-de-Bizerte.jpg","datePublished":"2019-04-22T09:00:15+00:00","dateModified":"2019-04-22T09:03:36+00:00","breadcrumb":{"@id":"https:\/\/kapitalis.com\/tunisie\/2019\/04\/22\/pont-de-bizerte-les-travaux-demarreront-en-janvier-2020\/#breadcrumb"},"inLanguage":"fr-FR","potentialAction":[{"@type":"ReadAction","target":["https:\/\/kapitalis.com\/tunisie\/2019\/04\/22\/pont-de-bizerte-les-travaux-demarreront-en-janvier-2020\/"]}]},{"@type":"ImageObject","inLanguage":"fr-FR","@id":"https:\/\/kapitalis.com\/tunisie\/2019\/04\/22\/pont-de-bizerte-les-travaux-demarreront-en-janvier-2020\/#primaryimage","url":"http:\/\/kapitalis.com\/tunisie\/wp-content\/uploads\/2016\/07\/Nouveau-pont-de-Bizerte.jpg","contentUrl":"http:\/\/kapitalis.com\/tunisie\/wp-content\/uploads\/2016\/07\/Nouveau-pont-de-Bizerte.jpg"},{"@type":"BreadcrumbList","@id":"https:\/\/kapitalis.com\/tunisie\/2019\/04\/22\/pont-de-bizerte-les-travaux-demarreront-en-janvier-2020\/#breadcrumb","itemListElement":[{"@type":"ListItem","position":1,"name":"Accueil","item":"https:\/\/kapitalis.com\/tunisie\/"},{"@type":"ListItem","position":2,"name":"Pont de Bizerte : Les travaux d\u00e9marreront en janvier 2020"}]},{"@type":"WebSite","@id":"https:\/\/kapitalis.com\/tunisie\/#website","url":"https:\/\/kapitalis.com\/tunisie\/","name":"Kapitalis","description":"L&#039;actualit\u00e9 en Tunisie et dans le monde","publisher":{"@id":"https:\/\/kapitalis.com\/tunisie\/#organization"},"potentialAction":[{"@type":"SearchAction","target":{"@type":"EntryPoint","urlTemplate":"https:\/\/kapitalis.com\/tunisie\/?s={search_term_string}"},"query-input":{"@type":"PropertyValueSpecification","valueRequired":true,"valueName":"search_term_string"}}],"inLanguage":"fr-FR"},{"@type":"Organization","@id":"https:\/\/kapitalis.com\/tunisie\/#organization","name":"Kapitalis","url":"https:\/\/kapitalis.com\/tunisie\/","logo":{"@type":"ImageObject","inLanguage":"fr-FR","@id":"https:\/\/kapitalis.com\/tunisie\/#\/schema\/logo\/image\/","url":"https:\/\/kapitalis.com\/tunisie\/wp-content\/uploads\/2022\/05\/Kapitalis-big-size.png","contentUrl":"https:\/\/kapitalis.com\/tunisie\/wp-content\/uploads\/2022\/05\/Kapitalis-big-size.png","width":5000,"height":1500,"caption":"Kapitalis"},"image":{"@id":"https:\/\/kapitalis.com\/tunisie\/#\/schema\/logo\/image\/"},"sameAs":["https:\/\/www.facebook.com\/KapitalisInfo\/","https:\/\/x.com\/KapitalisInfo","https:\/\/www.youtube.com\/channel\/UC-yDYrHyfFBWWZaOw3FPg9Q"]},{"@type":"Person","@id":"https:\/\/kapitalis.com\/tunisie\/#\/schema\/person\/d71f33a9ca44f7bad4698210b480c8e9","name":"webmaster kapitalis","url":"https:\/\/kapitalis.com\/tunisie\/author\/webmaster-kapitalis\/"}]}},"_links":{"self":[{"href":"https:\/\/kapitalis.com\/tunisie\/wp-json\/wp\/v2\/posts\/208088","targetHints":{"allow":["GET"]}}],"collection":[{"href":"https:\/\/kapitalis.com\/tunisie\/wp-json\/wp\/v2\/posts"}],"about":[{"href":"https:\/\/kapitalis.com\/tunisie\/wp-json\/wp\/v2\/types\/post"}],"author":[{"embeddable":true,"href":"https:\/\/kapitalis.com\/tunisie\/wp-json\/wp\/v2\/users\/8"}],"replies":[{"embeddable":true,"href":"https:\/\/kapitalis.com\/tunisie\/wp-json\/wp\/v2\/comments?post=208088"}],"version-history":[{"count":0,"href":"https:\/\/kapitalis.com\/tunisie\/wp-json\/wp\/v2\/posts\/208088\/revisions"}],"wp:attachment":[{"href":"https:\/\/kapitalis.com\/tunisie\/wp-json\/wp\/v2\/media?parent=208088"}],"wp:term":[{"taxonomy":"category","embeddable":true,"href":"https:\/\/kapitalis.com\/tunisie\/wp-json\/wp\/v2\/categories?post=208088"},{"taxonomy":"post_tag","embeddable":true,"href":"https:\/\/kapitalis.com\/tunisie\/wp-json\/wp\/v2\/tags?post=208088"}],"curies":[{"name":"wp","href":"https:\/\/api.w.org\/{rel}","templated":true}]}}