{"id":208366,"date":"2019-04-23T10:18:24","date_gmt":"2019-04-23T09:18:24","guid":{"rendered":"http:\/\/kapitalis.com\/tunisie\/?p=208366"},"modified":"2019-04-23T10:26:38","modified_gmt":"2019-04-23T09:26:38","slug":"affaire-des-gardes-francais-a-ras-jedir-poivre-sel-et-fil-blanc","status":"publish","type":"post","link":"https:\/\/kapitalis.com\/tunisie\/2019\/04\/23\/affaire-des-gardes-francais-a-ras-jedir-poivre-sel-et-fil-blanc\/","title":{"rendered":"Affaire des \u00abgardes\u00bb fran\u00e7ais \u00e0 Ras Jedir : Poivre, sel, et fil blanc\u2026"},"content":{"rendered":"\n<figure class=\"wp-block-image\"><img decoding=\"async\" src=\"http:\/\/kapitalis.com\/tunisie\/wp-content\/uploads\/2019\/04\/Abdelkrim-Zbidi-Olivier-Poivre-Darvor.jpg\" alt=\"\" class=\"wp-image-208370\"\/><figcaption><em>Abdelkrim Zbidi\/Olivier Poivre d&rsquo;Arvor.<\/em><\/figcaption><\/figure>\n\n\n\n<p><strong><em>La France est un grand pays ami, impliqu\u00e9 dans le jeu d\u2019\u00e9checs international qui se joue en Libye, dont l\u2019enjeu est le p\u00e9trole. C\u2019est aussi un cr\u00e9ancier de la Tunisie. C\u2019est entendu ! Mais la souverainet\u00e9 et les int\u00e9r\u00eats de la Tunisie ne doivent pas \u00eatre n\u00e9gociables.<\/em><\/strong><\/p>\n\n\n\n<p> Par <strong>Mounir Hanablia<\/strong> *  <\/p>\n\n\n\n<!--more-->\n\n\n\n<p> Il y a quelques jours, les services douaniers et la police des fronti\u00e8res du poste de Ras Jedir ont arr\u00eat\u00e9 un groupe d\u2019une dizaine d\u2019\u00e9trangers, en provenance de Libye, de nationalit\u00e9 fran\u00e7aise, munis de passeports diplomatiques, qui circulaient dans trois v\u00e9hicules et qui transportaient dans leurs bagages des armes et du mat\u00e9riel de transmission. <br><\/p>\n\n\n\n<p> Ce d\u00e9tachement arm\u00e9 a remis aux autorit\u00e9s tunisiennes les armes en sa possession, mais la fouille des v\u00e9hicules a permis d\u2019en d\u00e9couvrir d\u2019autres dissimul\u00e9s, sans qu\u2019ils n\u2019eussent \u00e9t\u00e9 ni d\u00e9clar\u00e9s, ni \u00e0 fortiori remis aux forces de s\u00e9curit\u00e9 tunisiennes. <br><\/p>\n\n\n\n<p> Dans le m\u00eame temps, un commando arm\u00e9, faisant partie d\u2019une mission europ\u00e9enne, en Libye, ainsi qu\u2019on l\u2019a su plus tard, et constitu\u00e9 de personnes de nationalit\u00e9s \u00e9trang\u00e8res, arriv\u00e9s dans des canots de type Zodiac, a d\u00e9barqu\u00e9 sur une plage de Djerba, o\u00f9 il a \u00e9t\u00e9 pris en charge par les forces de s\u00e9curit\u00e9 tunisiennes. <br><\/p>\n\n\n\n<h3 class=\"wp-block-heading\"> L\u2019arm\u00e9e tunisienne, gardienne de la souverainet\u00e9 nationale<br><\/h3>\n\n\n\n<p> C\u2019est en tous cas ce qu\u2019a annonc\u00e9 le ministre de la D\u00e9fense Abdelkrim Zbidi, l\u2019arm\u00e9e \u00e9tant, depuis l\u2019instauration de l\u2019\u00e9tat d\u2019urgence, responsable de la zone frontali\u00e8re, et disposant de l\u2019autorit\u00e9 sur les services civils charg\u00e9s de la surveillance et de la s\u00e9curit\u00e9 du pays. <br><\/p>\n\n\n\n<p> Le ministre de la D\u00e9fense, qui s\u2019\u00e9tait oppos\u00e9 en 2012 \u00e0 toute intervention arm\u00e9e des Marines lors de l\u2019affaire de l\u2019ambassade am\u00e9ricaine de Tunis, a une nouvelle fois prouv\u00e9 qu\u2019il ne transigeait pas avec les pr\u00e9rogatives inh\u00e9rentes \u00e0 sa mission, \u00e0 savoir l\u2019exercice de l\u2019autorit\u00e9 de l\u2019Etat sur toute parcelle du territoire national relevant de sa souverainet\u00e9, et la protection de l\u2019int\u00e9grit\u00e9 du pays. Mais en informant de l\u2019affaire l\u2019opinion publique, il s\u2019est estim\u00e9 cette fois libre de ne pas faire jouer la sacro sainte r\u00e8gle de la raison d\u2019Etat qui en g\u00e9n\u00e9ral couvre ce genre de faits d\u2019un voile t\u00e9n\u00e9breux. <br><\/p>\n\n\n\n<p> Ceci m\u00e9rite d\u2019autant plus d\u2019\u00eatre soulign\u00e9 que la France est consid\u00e9r\u00e9e par l\u2019Etat tunisien comme un pays ami et alli\u00e9, sur l\u2019aide duquel il a pu souvent compter, particuli\u00e8rement lors de l\u2019attaque de Gafsa en 1980 par un commando venu de Libye avec quelques complicit\u00e9s alg\u00e9riennes\u2026 et tunisiennes. Et on serait en droit de penser qu\u2019au plus haut sommet de l\u2019Etat tunisien, tout serait fait pour n\u2019occasionner aucune g\u00eane \u00e0 l\u2019ami, au partenaire, au complice fran\u00e7ais, concernant des relations o\u00f9 le secret serait toujours de mise. <br><\/p>\n\n\n\n<h3 class=\"wp-block-heading\"> Le jeu de la France sur l\u2019\u00e9chiquier libyen <br><\/h3>\n\n\n\n<p> Cette fois, pourtant, cela n\u2019a pas \u00e9t\u00e9 le cas, et l\u2019ambassadeur de France \u00e0 Tunis a d\u00fb monter au cr\u00e9neau pour fournir une explication exon\u00e9rant son pays de toute faute, tout en assumant la cr\u00e9dibilit\u00e9 de la version tunisienne. <\/p>\n\n\n\n<p>L\u2019ambassadeur, rappelant tout d\u2019abord que les probl\u00e8mes s\u00e9curitaires identiques obligeaient les deux pays \u00e0 coop\u00e9rer,  et qualifiant les remous provoqu\u00e9s par l\u2019affaire de vaine pol\u00e9mique issue de pures sp\u00e9culations et d\u2019informations incompl\u00e8tes, a assur\u00e9 que ce <em>\u00abgroupe\u00bb<\/em> \u00e9tait constitu\u00e9 par des gardes charg\u00e9s de la protection de l\u2019ambassade de France \u00e0 Tripoli, que l\u2019\u00e9volution de la situation en Libye a oblig\u00e9s \u00e0 se replier sur la Tunisie, \u00e0 la suite du d\u00e9clenchement des combats autour de Tripoli, entre l\u2019arm\u00e9e du Mar\u00e9chal Haftar, le Tchang Kai Chek libyen, venue de Benghazi, d\u2019un c\u00f4t\u00e9, et les milices islamistes de Zentan, Gharian et Misrata, de l\u2019autre, alli\u00e9es de la France par la gr\u00e2ce de Bernard-Henri L\u00e9vy. <br><\/p>\n\n\n\n<p> Les gardes auraient donc voulu \u00e9viter d\u2019\u00eatre pris au pi\u00e8ge, peut-\u00eatre face \u00e0 l\u2019intensification inattendue des combats, que m\u00eame le Quai d\u2019Orsay, pourtant bien renseign\u00e9 sur tout ce qui se passe en Libye, n\u2019aurait pas pr\u00e9vue, mais il semble qu\u2019\u00e0 Tripoli, dont elle avait reconnu le gouvernement, \u00e0 tort ou \u00e0 raison, la France soit d\u00e9sormais accus\u00e9e de fournir des armes \u00e0 Haftar, tout comme elle l\u2019est au Y\u00e9men, de le faire au b\u00e9n\u00e9fice des Saoudiens. Pourquoi dans ces conditions ont-ils choisi la route?<br><\/p>\n\n\n\n<p> Selon l\u2019ambassadeur, c\u2019\u00e9tait la voie d\u2019\u00e9vacuation opportune, on n\u2019en saura donc pas plus. Et si on en arrive \u00e0 la conclusion de la version fran\u00e7aise, tout se serait d\u00e9roul\u00e9 dans le respect des normes diplomatiques en vigueur. Il faut donc en croire que, dans un pays o\u00f9 depuis la chute de Kadhafi, la France entretient d\u2019excellentes relations avec les diff\u00e9rentes factions, le personnel et les gardes de son ambassade n\u2019eussent pas pu \u00eatre \u00e9vacu\u00e9s par air ou par mer \u00e0 partir de Tripoli, et qu\u2019ils aient \u00e9t\u00e9 oblig\u00e9s de parcourir pr\u00e8s de 100 kilom\u00e8tres de route, en \u00e9tant arm\u00e9s, et en disposant d\u2019un mat\u00e9riel de transmission et de communication, jusqu\u2019\u00e0 la fronti\u00e8re tunisienne, au risque d\u2019\u00eatre attaqu\u00e9s et d\u00e9pouill\u00e9s par des forces hostiles. <br><\/p>\n\n\n\n<p> Si la version fournie par l\u2019ambassadeur  s\u2019av\u00e9rait  juste, on comprendrait donc en effet pourquoi les Fran\u00e7ais auraient pr\u00e9f\u00e9r\u00e9 \u00e9vacuer de leur ambassade et discr\u00e8tement, tout ce dont  ils n\u2019eussent pas d\u00e9sir\u00e9 faire courir le risque d\u2019\u00eatre livr\u00e9 \u00e0 l\u2019indiscr\u00e9tion d\u2019autrui, vers un pays consid\u00e9r\u00e9 comme ami et s\u00fbr, la Tunisie. <br><\/p>\n\n\n\n<h3 class=\"wp-block-heading\"> La Tunisie dans le jeu d\u2019influence des puissances<br><\/h3>\n\n\n\n<p> Les Tunisiens \u00e9taient-ils au courant de cette arriv\u00e9e inopin\u00e9e? Selon l\u2019ambassadeur, l\u2019\u00e9vacuation s\u2019est d\u00e9roul\u00e9e en \u00e9troite collaboration avec les autorit\u00e9s tunisiennes qui ont \u00e9t\u00e9 inform\u00e9es en temps r\u00e9el de la progression du convoi fran\u00e7ais. Autrement dit, les autorit\u00e9s fran\u00e7aises auraient fait confiance aux autorit\u00e9s tunisiennes en les pr\u00e9venant \u00e0 l\u2019avance de l\u2019arriv\u00e9e des gardes, en leur faisant ainsi courir le risque d\u2019\u00eatre victimes d\u2019indiscr\u00e9tions, aux cons\u00e9quences potentiellement graves; mais cette confiance ne semble toute fois pas \u00e9t\u00e9 suffisante au point de remettre \u00e0 la s\u00e9curit\u00e9 tunisienne la totalit\u00e9 des armes en leur possession. Mais les d\u00e9clarations du ministre tunisien de la D\u00e9fense sont l\u00e0 pour d\u00e9mentir un r\u00e9cit qui ne manque pas sel cousu tout en \u00e9tant cousu de fil blanc. <br><\/p>\n\n\n\n<p> Mais qui aurait \u00e9t\u00e9 capable de renseigner les Tunisiens sur les armes cach\u00e9es \u00e0 l\u2019int\u00e9rieur des v\u00e9hicules fran\u00e7ais et aurait eu int\u00e9r\u00eat \u00e0 le faire? Les candidats ne manquent pas; \u00e0 commencer par les Italiens, dont l\u2019amicale hostilit\u00e9 \u00e0 l\u2019encontre des Fran\u00e7ais depuis l\u2019arriv\u00e9e de M. Salvini au pouvoir n\u2019est plus \u00e0 d\u00e9montrer, ou bien les Am\u00e9ricains dont les ambitions de supplanter la France en Afrique ne sont plus un secret pour personne\u2026 <br> Mais il se pourrait aussi qu\u2019au sein m\u00eame de l\u2019Etat tunisien, d\u2019aucuns ne jugeassent pas d\u2019un bon \u0153il la collaboration des Fran\u00e7ais avec les milices islamistes de Libye, pour autant qu\u2019ils estimassent qu\u2019elles constituassent la profondeur strat\u00e9gique du parti islamiste Ennahdha et des jihadistes tunisiens. <br><\/p>\n\n\n\n<p> C\u2019est sans doute une telle vision des choses qui a pouss\u00e9 l\u2019Etat tunisien \u00e0 une collaboration militaire que l\u2019on dit plus qu\u2019\u00e9troite avec les Am\u00e9ricains, et dont on ne conna\u00eet certains d\u00e9tails que par le biais d\u2019indiscr\u00e9tions issues de la presse am\u00e9ricaine; on a \u00e9voqu\u00e9 des bases de drones arm\u00e9s charg\u00e9s d\u2019\u00e9liminer les groupes terroristes comme cela a \u00e9t\u00e9 fait au Y\u00e9men, et au Pakistan, mais l\u2019Etat tunisien n\u2019a jamais confirm\u00e9. Et ces derniers temps, on a \u00e9voqu\u00e9 des man\u0153uvres militaires dans le Sud, cette fois par la presse tunisienne. Or l\u2019affaire Baghdadi Mahmoudi avait r\u00e9v\u00e9l\u00e9 que l\u2019Etat tunisien s\u2019impliquait d\u00e9sormais parfois, et pas de la meilleure mani\u00e8re, dans les affaires internes de ses voisins, et que cela pouvait avoir des r\u00e9percussions, au moins sur le plan local. On a vu combien tous les adversaires de la Tro\u00efka, l\u2019ancienne coalition domin\u00e9e par les islamistes ayant gouvern\u00e9 la Tunisie de janvier 2012 \u00e0 janvier 2014,  y avaient trouv\u00e9 mati\u00e8re \u00e0 renforcer leur opposition. <br><\/p>\n\n\n\n<h3 class=\"wp-block-heading\"> Bourguiba et le principe de la souverainet\u00e9 nationale<br><\/h3>\n\n\n\n<p> Il y va aussi de certains principes h\u00e9rit\u00e9s de Bourguiba, quoiqu\u2019en disent ses d\u00e9tracteurs,  relatifs \u00e0 l\u2019ind\u00e9pendance nationale, qui devraient \u00eatre immuables, mais dont malheureusement il semble qu\u2019ils ne soient plus autant respect\u00e9s. Bourguiba disait qu\u2019on ne choisissait pas ses voisins. Et il a toujours \u00e9t\u00e9 soucieux de ne pas se m\u00ealer de leurs affaires internes, en s\u2019opposant \u00e0 toute installation arm\u00e9e permanente d\u2019une puissance \u00e9trang\u00e8re sur son territoire, \u00e9vitant ainsi que son pays ne constitu\u00e2t le point de d\u00e9part d\u2019une agression contre leur souverainet\u00e9. <br><\/p>\n\n\n\n<p> Ce principe a n\u00e9anmoins d\u00e9j\u00e0 \u00e9t\u00e9 viol\u00e9 lors de l\u2019affaire de l\u2019ambassade am\u00e9ricaine de Tunis lorsque l\u2019Etat tunisien a cr\u00e9\u00e9 un pr\u00e9c\u00e9dent f\u00e2cheux en consentant \u00e0 rembourser la partie victime, par la cession d\u00e9finitive de la souverainet\u00e9 sur le terrain de l\u2019institution objet de l\u2019attaque, et le parlement a ent\u00e9rin\u00e9 la loi de cession. <br><\/p>\n\n\n\n<p> Il s\u2019agit l\u00e0 de l\u2019une des pages les moins glorieuses de l\u2019alliance Ennahdha-Nidaa, et on peut se demander \u00e0 juste titre si la Cour Constitutionnelle ne l\u2019aurait pas invalid\u00e9e si elle avait si\u00e9g\u00e9 dans ses pr\u00e9rogatives. Mais ainsi que tout le monde le sait, la majorit\u00e9 parlementaire s\u2019obstine depuis cinq ans \u00e0 ne pas en \u00e9lire les membres; on en constate de plus en plus les effets. <br> Pour en revenir \u00e0 l\u2019affaire de Ras Jedir,  on peut certes se montrer soucieux de prot\u00e9ger son propre pays par le biais de pactes de d\u00e9fense avec des puissances amies. Mais les int\u00e9r\u00eats de ces puissances, souvent tr\u00e8s versatiles, ne seront jamais confondus avec les n\u00f4tres. Et on a vu comment l\u2019Administration am\u00e9ricaine actuelle a pris le contre-pied des positions de l\u2019Administration pr\u00e9c\u00e9dente, particuli\u00e8rement dans le domaine des relations internationales. <br><\/p>\n\n\n\n<p> Faudrait il donc qu\u2019au nom de l\u2019amiti\u00e9, le territoire tunisien constitu\u00e2t une base de d\u00e9part ou de repli \u00e0 des actions arm\u00e9es secr\u00e8tes dans un pays voisin, quel qu\u2019il soit, men\u00e9es par une tierce puissance? <br><\/p>\n\n\n\n<p> Ce serait non seulement contraire \u00e0 la notion de souverainet\u00e9 nationale, mais aussi  \u00e0 celle de l\u2019int\u00e9r\u00eat du pays; outre que cela pourrait contribuer \u00e0 l\u2019instauration d\u2019inimiti\u00e9s durables, dont il faudrait assumer le co\u00fbt de la proximit\u00e9 g\u00e9ographique, l\u2019implication dans les conflits  locaux ext\u00e9rieurs, pour peu de bien savoir miser sur le vainqueur, ne manquerait pas d\u2019avoir les m\u00eames cons\u00e9quences dont comme par hasard le pays souffre d\u00e9j\u00e0 : endettement massif, \u00e9conomie criminelle, trafics de tous genres\u2026 <br><\/p>\n\n\n\n<h3 class=\"wp-block-heading\"> Espionnage, immunit\u00e9 diplomatique et dignit\u00e9 nationale<br><\/h3>\n\n\n\n<p> Comme par hasard, il y a trois semaines, un diplomate tunisien charg\u00e9 de mission de l\u2019Onu sur l\u2019enqu\u00eate \u00e0 propos du trafic d\u2019armes en direction de la Libye a \u00e9t\u00e9 arr\u00eat\u00e9 pour espionnage et d\u00e9tention ill\u00e9gale de documents secrets; la justice suit son cours. Le journal britannique \u2018\u2018The Guardian\u2019\u2019 qui a, il y a quelques jours, relat\u00e9 cette affaire s\u2019est interrog\u00e9 sur la l\u00e9galit\u00e9 de la violation de l\u2019immunit\u00e9 diplomatique du personnel de l\u2019Onu, d\u00e9nonc\u00e9e par son secr\u00e9taire g\u00e9n\u00e9ral, et sur les raisons qui ont pouss\u00e9 les autorit\u00e9s tunisiennes \u00e0 risquer ainsi de se mettre au ban de la communaut\u00e9 internationale. <br><\/p>\n\n\n\n<p> Dans ce contexte, l\u2019affaire des <em>\u00abgardes\u00bb <\/em>fran\u00e7ais  de Ras Jedir prend un relief particulier. Mais il est \u00e0 cet \u00e9gard remarquable et rassurant qu\u2019au plus haut sommet de l\u2019Etat tunisien, le ministre de la D\u00e9fense continue, envers et contre tous, de se battre au nom des m\u00eames principes de dignit\u00e9 qui avaient anim\u00e9 la lutte de lib\u00e9ration et men\u00e9 \u00e0 la souverainet\u00e9 et \u00e0 l\u2019ind\u00e9pendance nationales. <br><\/p>\n\n\n\n<p> La France est un grand pays ami, impliqu\u00e9 dans le jeu d\u2019\u00e9checs international qui se joue en Libye, dont l\u2019enjeu est le p\u00e9trole. C\u2019est aussi un cr\u00e9ancier. C\u2019est entendu ! Mais la souverainet\u00e9 et les int\u00e9r\u00eats de la Tunisie ne doivent pas \u00eatre n\u00e9gociables.<\/p>\n\n\n\n<ul class=\"wp-block-list\"><li><em>Cardiologue, Gammarth, La Marsa. <\/em><\/li><\/ul>\n\n\n\n<p><strong><em>Articles du m\u00eame auteur dans Kapitalis : <\/em><\/strong><\/p>\n\n\n\n<figure class=\"wp-block-embed is-type-rich is-provider-kapitalis\"><div class=\"wp-block-embed__wrapper\">\n<blockquote class=\"wp-embedded-content\" data-secret=\"LQMVGoWgjl\"><a href=\"https:\/\/kapitalis.com\/tunisie\/2019\/03\/18\/abir-moussi-et-raziya-sultana-une-histoire-de-chevaux\/\">Abir Moussi et Raziya Sultana : une histoire de chevaux !<\/a><\/blockquote><iframe loading=\"lazy\" class=\"wp-embedded-content\" sandbox=\"allow-scripts\" security=\"restricted\" style=\"position: absolute; clip: rect(1px, 1px, 1px, 1px);\" title=\"\u00ab\u00a0Abir Moussi et Raziya Sultana : une histoire de chevaux !\u00a0\u00bb &#8212; Kapitalis\" src=\"https:\/\/kapitalis.com\/tunisie\/2019\/03\/18\/abir-moussi-et-raziya-sultana-une-histoire-de-chevaux\/embed\/#?secret=tmK5ahsS2e#?secret=LQMVGoWgjl\" data-secret=\"LQMVGoWgjl\" width=\"600\" height=\"338\" frameborder=\"0\" marginwidth=\"0\" marginheight=\"0\" scrolling=\"no\"><\/iframe>\n<\/div><figcaption><br><\/figcaption><\/figure>\n\n\n\n<figure class=\"wp-block-embed is-type-rich is-provider-kapitalis\"><div class=\"wp-block-embed__wrapper\">\n<blockquote class=\"wp-embedded-content\" data-secret=\"SkXC7DWVOV\"><a href=\"https:\/\/kapitalis.com\/tunisie\/2019\/03\/14\/pourquoi-nous-tunisiens-devons-soutenir-larmee-algerienne\/\">Pourquoi, nous Tunisiens, devons soutenir l\u2019arm\u00e9e alg\u00e9rienne ?<\/a><\/blockquote><iframe loading=\"lazy\" class=\"wp-embedded-content\" sandbox=\"allow-scripts\" security=\"restricted\" style=\"position: absolute; clip: rect(1px, 1px, 1px, 1px);\" title=\"\u00ab\u00a0Pourquoi, nous Tunisiens, devons soutenir l\u2019arm\u00e9e alg\u00e9rienne ?\u00a0\u00bb &#8212; Kapitalis\" src=\"https:\/\/kapitalis.com\/tunisie\/2019\/03\/14\/pourquoi-nous-tunisiens-devons-soutenir-larmee-algerienne\/embed\/#?secret=yoJ0EZGt0v#?secret=SkXC7DWVOV\" data-secret=\"SkXC7DWVOV\" width=\"600\" height=\"338\" frameborder=\"0\" marginwidth=\"0\" marginheight=\"0\" scrolling=\"no\"><\/iframe>\n<\/div><\/figure>\n\n\n\n<figure class=\"wp-block-embed is-type-rich is-provider-kapitalis\"><div class=\"wp-block-embed__wrapper\">\n<blockquote class=\"wp-embedded-content\" data-secret=\"ogGE0qCKI2\"><a href=\"https:\/\/kapitalis.com\/tunisie\/2019\/03\/12\/la-tunisie-et-lislam-politique-entre-serum-courriers-et-mots-empoisonnes\/\">La Tunisie et l\u2019islam politique, entre s\u00e9rum, courriers et mots empoisonn\u00e9s<\/a><\/blockquote><iframe loading=\"lazy\" class=\"wp-embedded-content\" sandbox=\"allow-scripts\" security=\"restricted\" style=\"position: absolute; clip: rect(1px, 1px, 1px, 1px);\" title=\"\u00ab\u00a0La Tunisie et l\u2019islam politique, entre s\u00e9rum, courriers et mots empoisonn\u00e9s\u00a0\u00bb &#8212; Kapitalis\" src=\"https:\/\/kapitalis.com\/tunisie\/2019\/03\/12\/la-tunisie-et-lislam-politique-entre-serum-courriers-et-mots-empoisonnes\/embed\/#?secret=jqDVkT9LVU#?secret=ogGE0qCKI2\" data-secret=\"ogGE0qCKI2\" width=\"600\" height=\"338\" frameborder=\"0\" marginwidth=\"0\" marginheight=\"0\" scrolling=\"no\"><\/iframe>\n<\/div><\/figure>\n","protected":false},"excerpt":{"rendered":"<p>La France est un grand pays ami, impliqu\u00e9 dans le jeu d\u2019\u00e9checs international qui se joue en Libye, dont l\u2019enjeu est le p\u00e9trole. C\u2019est aussi un cr\u00e9ancier de la Tunisie. C\u2019est entendu ! Mais la souverainet\u00e9 et les int\u00e9r\u00eats de la Tunisie ne doivent pas \u00eatre n\u00e9gociables. Par Mounir Hanablia *<\/p>\n","protected":false},"author":8,"featured_media":208370,"comment_status":"open","ping_status":"open","sticky":false,"template":"","format":"standard","meta":{"footnotes":""},"categories":[992,997,1000,2433],"tags":[4172,349,395,505,544,33543,659,17129,766,1119],"class_list":["post-208366","post","type-post","status-publish","format-standard","has-post-thumbnail","hentry","category-a-la-une","category-politique","category-tribune","category-tunisie","tag-abdelkrim-zbidi","tag-etats-unis","tag-france","tag-italie","tag-libye","tag-marechal-haftar","tag-nidaa","tag-olivier-poivre-darvor","tag-ras-jedir","tag-tripoli"],"yoast_head":"<!-- This site is optimized with the Yoast SEO plugin v26.6 - https:\/\/yoast.com\/wordpress\/plugins\/seo\/ -->\n<title>Affaire des \u00abgardes\u00bb fran\u00e7ais \u00e0 Ras Jedir : Poivre, sel, et fil blanc\u2026 - Kapitalis<\/title>\n<meta name=\"robots\" content=\"index, follow, max-snippet:-1, max-image-preview:large, max-video-preview:-1\" \/>\n<link rel=\"canonical\" href=\"https:\/\/kapitalis.com\/tunisie\/2019\/04\/23\/affaire-des-gardes-francais-a-ras-jedir-poivre-sel-et-fil-blanc\/\" \/>\n<meta property=\"og:locale\" content=\"fr_FR\" \/>\n<meta property=\"og:type\" content=\"article\" \/>\n<meta property=\"og:title\" content=\"Affaire des \u00abgardes\u00bb fran\u00e7ais \u00e0 Ras Jedir : Poivre, sel, et fil blanc\u2026 - Kapitalis\" \/>\n<meta property=\"og:description\" content=\"La France est un grand pays ami, impliqu\u00e9 dans le jeu d\u2019\u00e9checs international qui se joue en Libye, dont l\u2019enjeu est le p\u00e9trole. C\u2019est aussi un cr\u00e9ancier de la Tunisie. C\u2019est entendu ! Mais la souverainet\u00e9 et les int\u00e9r\u00eats de la Tunisie ne doivent pas \u00eatre n\u00e9gociables. Par Mounir Hanablia *\" \/>\n<meta property=\"og:url\" content=\"https:\/\/kapitalis.com\/tunisie\/2019\/04\/23\/affaire-des-gardes-francais-a-ras-jedir-poivre-sel-et-fil-blanc\/\" \/>\n<meta property=\"og:site_name\" content=\"Kapitalis\" \/>\n<meta property=\"article:publisher\" content=\"https:\/\/www.facebook.com\/KapitalisInfo\/\" \/>\n<meta property=\"article:published_time\" content=\"2019-04-23T09:18:24+00:00\" \/>\n<meta property=\"article:modified_time\" content=\"2019-04-23T09:26:38+00:00\" \/>\n<meta property=\"og:image\" content=\"https:\/\/kapitalis.com\/tunisie\/wp-content\/uploads\/2022\/05\/kapitalis-logo-fb.png\" \/>\n\t<meta property=\"og:image:width\" content=\"1200\" \/>\n\t<meta property=\"og:image:height\" content=\"630\" \/>\n\t<meta property=\"og:image:type\" content=\"image\/png\" \/>\n<meta name=\"author\" content=\"webmaster kapitalis\" \/>\n<meta name=\"twitter:card\" content=\"summary_large_image\" \/>\n<meta name=\"twitter:creator\" content=\"@KapitalisInfo\" \/>\n<meta name=\"twitter:site\" content=\"@KapitalisInfo\" \/>\n<meta name=\"twitter:label1\" content=\"\u00c9crit par\" \/>\n\t<meta name=\"twitter:data1\" content=\"webmaster kapitalis\" \/>\n\t<meta name=\"twitter:label2\" content=\"Dur\u00e9e de lecture estim\u00e9e\" \/>\n\t<meta name=\"twitter:data2\" content=\"11 minutes\" \/>\n<script type=\"application\/ld+json\" class=\"yoast-schema-graph\">{\"@context\":\"https:\/\/schema.org\",\"@graph\":[{\"@type\":\"Article\",\"@id\":\"https:\/\/kapitalis.com\/tunisie\/2019\/04\/23\/affaire-des-gardes-francais-a-ras-jedir-poivre-sel-et-fil-blanc\/#article\",\"isPartOf\":{\"@id\":\"https:\/\/kapitalis.com\/tunisie\/2019\/04\/23\/affaire-des-gardes-francais-a-ras-jedir-poivre-sel-et-fil-blanc\/\"},\"author\":{\"name\":\"webmaster kapitalis\",\"@id\":\"https:\/\/kapitalis.com\/tunisie\/#\/schema\/person\/d71f33a9ca44f7bad4698210b480c8e9\"},\"headline\":\"Affaire des \u00abgardes\u00bb fran\u00e7ais \u00e0 Ras Jedir : Poivre, sel, et fil blanc\u2026\",\"datePublished\":\"2019-04-23T09:18:24+00:00\",\"dateModified\":\"2019-04-23T09:26:38+00:00\",\"mainEntityOfPage\":{\"@id\":\"https:\/\/kapitalis.com\/tunisie\/2019\/04\/23\/affaire-des-gardes-francais-a-ras-jedir-poivre-sel-et-fil-blanc\/\"},\"wordCount\":2231,\"commentCount\":29,\"publisher\":{\"@id\":\"https:\/\/kapitalis.com\/tunisie\/#organization\"},\"image\":{\"@id\":\"https:\/\/kapitalis.com\/tunisie\/2019\/04\/23\/affaire-des-gardes-francais-a-ras-jedir-poivre-sel-et-fil-blanc\/#primaryimage\"},\"thumbnailUrl\":\"\",\"keywords\":[\"Abdelkrim Zbidi\",\"Etats Unis\",\"France\",\"Italie\",\"Libye\",\"Mar\u00e9chal Haftar\",\"Nidaa\",\"Olivier Poivre d\u2019Arvor\",\"Ras Jedir\",\"Tripoli\"],\"articleSection\":[\"A LA UNE\",\"POLITIQUE\",\"TRIBUNE\",\"Tunisie\"],\"inLanguage\":\"fr-FR\",\"potentialAction\":[{\"@type\":\"CommentAction\",\"name\":\"Comment\",\"target\":[\"https:\/\/kapitalis.com\/tunisie\/2019\/04\/23\/affaire-des-gardes-francais-a-ras-jedir-poivre-sel-et-fil-blanc\/#respond\"]}]},{\"@type\":\"WebPage\",\"@id\":\"https:\/\/kapitalis.com\/tunisie\/2019\/04\/23\/affaire-des-gardes-francais-a-ras-jedir-poivre-sel-et-fil-blanc\/\",\"url\":\"https:\/\/kapitalis.com\/tunisie\/2019\/04\/23\/affaire-des-gardes-francais-a-ras-jedir-poivre-sel-et-fil-blanc\/\",\"name\":\"Affaire des \u00abgardes\u00bb fran\u00e7ais \u00e0 Ras Jedir : Poivre, sel, et fil blanc\u2026 - Kapitalis\",\"isPartOf\":{\"@id\":\"https:\/\/kapitalis.com\/tunisie\/#website\"},\"primaryImageOfPage\":{\"@id\":\"https:\/\/kapitalis.com\/tunisie\/2019\/04\/23\/affaire-des-gardes-francais-a-ras-jedir-poivre-sel-et-fil-blanc\/#primaryimage\"},\"image\":{\"@id\":\"https:\/\/kapitalis.com\/tunisie\/2019\/04\/23\/affaire-des-gardes-francais-a-ras-jedir-poivre-sel-et-fil-blanc\/#primaryimage\"},\"thumbnailUrl\":\"\",\"datePublished\":\"2019-04-23T09:18:24+00:00\",\"dateModified\":\"2019-04-23T09:26:38+00:00\",\"breadcrumb\":{\"@id\":\"https:\/\/kapitalis.com\/tunisie\/2019\/04\/23\/affaire-des-gardes-francais-a-ras-jedir-poivre-sel-et-fil-blanc\/#breadcrumb\"},\"inLanguage\":\"fr-FR\",\"potentialAction\":[{\"@type\":\"ReadAction\",\"target\":[\"https:\/\/kapitalis.com\/tunisie\/2019\/04\/23\/affaire-des-gardes-francais-a-ras-jedir-poivre-sel-et-fil-blanc\/\"]}]},{\"@type\":\"ImageObject\",\"inLanguage\":\"fr-FR\",\"@id\":\"https:\/\/kapitalis.com\/tunisie\/2019\/04\/23\/affaire-des-gardes-francais-a-ras-jedir-poivre-sel-et-fil-blanc\/#primaryimage\",\"url\":\"\",\"contentUrl\":\"\"},{\"@type\":\"BreadcrumbList\",\"@id\":\"https:\/\/kapitalis.com\/tunisie\/2019\/04\/23\/affaire-des-gardes-francais-a-ras-jedir-poivre-sel-et-fil-blanc\/#breadcrumb\",\"itemListElement\":[{\"@type\":\"ListItem\",\"position\":1,\"name\":\"Accueil\",\"item\":\"https:\/\/kapitalis.com\/tunisie\/\"},{\"@type\":\"ListItem\",\"position\":2,\"name\":\"Affaire des \u00abgardes\u00bb fran\u00e7ais \u00e0 Ras Jedir : Poivre, sel, et fil blanc\u2026\"}]},{\"@type\":\"WebSite\",\"@id\":\"https:\/\/kapitalis.com\/tunisie\/#website\",\"url\":\"https:\/\/kapitalis.com\/tunisie\/\",\"name\":\"Kapitalis\",\"description\":\"L&#039;actualit\u00e9 en Tunisie et dans le monde\",\"publisher\":{\"@id\":\"https:\/\/kapitalis.com\/tunisie\/#organization\"},\"potentialAction\":[{\"@type\":\"SearchAction\",\"target\":{\"@type\":\"EntryPoint\",\"urlTemplate\":\"https:\/\/kapitalis.com\/tunisie\/?s={search_term_string}\"},\"query-input\":{\"@type\":\"PropertyValueSpecification\",\"valueRequired\":true,\"valueName\":\"search_term_string\"}}],\"inLanguage\":\"fr-FR\"},{\"@type\":\"Organization\",\"@id\":\"https:\/\/kapitalis.com\/tunisie\/#organization\",\"name\":\"Kapitalis\",\"url\":\"https:\/\/kapitalis.com\/tunisie\/\",\"logo\":{\"@type\":\"ImageObject\",\"inLanguage\":\"fr-FR\",\"@id\":\"https:\/\/kapitalis.com\/tunisie\/#\/schema\/logo\/image\/\",\"url\":\"https:\/\/kapitalis.com\/tunisie\/wp-content\/uploads\/2022\/05\/Kapitalis-big-size.png\",\"contentUrl\":\"https:\/\/kapitalis.com\/tunisie\/wp-content\/uploads\/2022\/05\/Kapitalis-big-size.png\",\"width\":5000,\"height\":1500,\"caption\":\"Kapitalis\"},\"image\":{\"@id\":\"https:\/\/kapitalis.com\/tunisie\/#\/schema\/logo\/image\/\"},\"sameAs\":[\"https:\/\/www.facebook.com\/KapitalisInfo\/\",\"https:\/\/x.com\/KapitalisInfo\",\"https:\/\/www.youtube.com\/channel\/UC-yDYrHyfFBWWZaOw3FPg9Q\"]},{\"@type\":\"Person\",\"@id\":\"https:\/\/kapitalis.com\/tunisie\/#\/schema\/person\/d71f33a9ca44f7bad4698210b480c8e9\",\"name\":\"webmaster kapitalis\",\"url\":\"https:\/\/kapitalis.com\/tunisie\/author\/webmaster-kapitalis\/\"}]}<\/script>\n<!-- \/ Yoast SEO plugin. -->","yoast_head_json":{"title":"Affaire des \u00abgardes\u00bb fran\u00e7ais \u00e0 Ras Jedir : Poivre, sel, et fil blanc\u2026 - Kapitalis","robots":{"index":"index","follow":"follow","max-snippet":"max-snippet:-1","max-image-preview":"max-image-preview:large","max-video-preview":"max-video-preview:-1"},"canonical":"https:\/\/kapitalis.com\/tunisie\/2019\/04\/23\/affaire-des-gardes-francais-a-ras-jedir-poivre-sel-et-fil-blanc\/","og_locale":"fr_FR","og_type":"article","og_title":"Affaire des \u00abgardes\u00bb fran\u00e7ais \u00e0 Ras Jedir : Poivre, sel, et fil blanc\u2026 - Kapitalis","og_description":"La France est un grand pays ami, impliqu\u00e9 dans le jeu d\u2019\u00e9checs international qui se joue en Libye, dont l\u2019enjeu est le p\u00e9trole. C\u2019est aussi un cr\u00e9ancier de la Tunisie. C\u2019est entendu ! Mais la souverainet\u00e9 et les int\u00e9r\u00eats de la Tunisie ne doivent pas \u00eatre n\u00e9gociables. Par Mounir Hanablia *","og_url":"https:\/\/kapitalis.com\/tunisie\/2019\/04\/23\/affaire-des-gardes-francais-a-ras-jedir-poivre-sel-et-fil-blanc\/","og_site_name":"Kapitalis","article_publisher":"https:\/\/www.facebook.com\/KapitalisInfo\/","article_published_time":"2019-04-23T09:18:24+00:00","article_modified_time":"2019-04-23T09:26:38+00:00","og_image":[{"width":1200,"height":630,"url":"https:\/\/kapitalis.com\/tunisie\/wp-content\/uploads\/2022\/05\/kapitalis-logo-fb.png","type":"image\/png"}],"author":"webmaster kapitalis","twitter_card":"summary_large_image","twitter_creator":"@KapitalisInfo","twitter_site":"@KapitalisInfo","twitter_misc":{"\u00c9crit par":"webmaster kapitalis","Dur\u00e9e de lecture estim\u00e9e":"11 minutes"},"schema":{"@context":"https:\/\/schema.org","@graph":[{"@type":"Article","@id":"https:\/\/kapitalis.com\/tunisie\/2019\/04\/23\/affaire-des-gardes-francais-a-ras-jedir-poivre-sel-et-fil-blanc\/#article","isPartOf":{"@id":"https:\/\/kapitalis.com\/tunisie\/2019\/04\/23\/affaire-des-gardes-francais-a-ras-jedir-poivre-sel-et-fil-blanc\/"},"author":{"name":"webmaster kapitalis","@id":"https:\/\/kapitalis.com\/tunisie\/#\/schema\/person\/d71f33a9ca44f7bad4698210b480c8e9"},"headline":"Affaire des \u00abgardes\u00bb fran\u00e7ais \u00e0 Ras Jedir : Poivre, sel, et fil blanc\u2026","datePublished":"2019-04-23T09:18:24+00:00","dateModified":"2019-04-23T09:26:38+00:00","mainEntityOfPage":{"@id":"https:\/\/kapitalis.com\/tunisie\/2019\/04\/23\/affaire-des-gardes-francais-a-ras-jedir-poivre-sel-et-fil-blanc\/"},"wordCount":2231,"commentCount":29,"publisher":{"@id":"https:\/\/kapitalis.com\/tunisie\/#organization"},"image":{"@id":"https:\/\/kapitalis.com\/tunisie\/2019\/04\/23\/affaire-des-gardes-francais-a-ras-jedir-poivre-sel-et-fil-blanc\/#primaryimage"},"thumbnailUrl":"","keywords":["Abdelkrim Zbidi","Etats Unis","France","Italie","Libye","Mar\u00e9chal Haftar","Nidaa","Olivier Poivre d\u2019Arvor","Ras Jedir","Tripoli"],"articleSection":["A LA UNE","POLITIQUE","TRIBUNE","Tunisie"],"inLanguage":"fr-FR","potentialAction":[{"@type":"CommentAction","name":"Comment","target":["https:\/\/kapitalis.com\/tunisie\/2019\/04\/23\/affaire-des-gardes-francais-a-ras-jedir-poivre-sel-et-fil-blanc\/#respond"]}]},{"@type":"WebPage","@id":"https:\/\/kapitalis.com\/tunisie\/2019\/04\/23\/affaire-des-gardes-francais-a-ras-jedir-poivre-sel-et-fil-blanc\/","url":"https:\/\/kapitalis.com\/tunisie\/2019\/04\/23\/affaire-des-gardes-francais-a-ras-jedir-poivre-sel-et-fil-blanc\/","name":"Affaire des \u00abgardes\u00bb fran\u00e7ais \u00e0 Ras Jedir : Poivre, sel, et fil blanc\u2026 - Kapitalis","isPartOf":{"@id":"https:\/\/kapitalis.com\/tunisie\/#website"},"primaryImageOfPage":{"@id":"https:\/\/kapitalis.com\/tunisie\/2019\/04\/23\/affaire-des-gardes-francais-a-ras-jedir-poivre-sel-et-fil-blanc\/#primaryimage"},"image":{"@id":"https:\/\/kapitalis.com\/tunisie\/2019\/04\/23\/affaire-des-gardes-francais-a-ras-jedir-poivre-sel-et-fil-blanc\/#primaryimage"},"thumbnailUrl":"","datePublished":"2019-04-23T09:18:24+00:00","dateModified":"2019-04-23T09:26:38+00:00","breadcrumb":{"@id":"https:\/\/kapitalis.com\/tunisie\/2019\/04\/23\/affaire-des-gardes-francais-a-ras-jedir-poivre-sel-et-fil-blanc\/#breadcrumb"},"inLanguage":"fr-FR","potentialAction":[{"@type":"ReadAction","target":["https:\/\/kapitalis.com\/tunisie\/2019\/04\/23\/affaire-des-gardes-francais-a-ras-jedir-poivre-sel-et-fil-blanc\/"]}]},{"@type":"ImageObject","inLanguage":"fr-FR","@id":"https:\/\/kapitalis.com\/tunisie\/2019\/04\/23\/affaire-des-gardes-francais-a-ras-jedir-poivre-sel-et-fil-blanc\/#primaryimage","url":"","contentUrl":""},{"@type":"BreadcrumbList","@id":"https:\/\/kapitalis.com\/tunisie\/2019\/04\/23\/affaire-des-gardes-francais-a-ras-jedir-poivre-sel-et-fil-blanc\/#breadcrumb","itemListElement":[{"@type":"ListItem","position":1,"name":"Accueil","item":"https:\/\/kapitalis.com\/tunisie\/"},{"@type":"ListItem","position":2,"name":"Affaire des \u00abgardes\u00bb fran\u00e7ais \u00e0 Ras Jedir : Poivre, sel, et fil blanc\u2026"}]},{"@type":"WebSite","@id":"https:\/\/kapitalis.com\/tunisie\/#website","url":"https:\/\/kapitalis.com\/tunisie\/","name":"Kapitalis","description":"L&#039;actualit\u00e9 en Tunisie et dans le monde","publisher":{"@id":"https:\/\/kapitalis.com\/tunisie\/#organization"},"potentialAction":[{"@type":"SearchAction","target":{"@type":"EntryPoint","urlTemplate":"https:\/\/kapitalis.com\/tunisie\/?s={search_term_string}"},"query-input":{"@type":"PropertyValueSpecification","valueRequired":true,"valueName":"search_term_string"}}],"inLanguage":"fr-FR"},{"@type":"Organization","@id":"https:\/\/kapitalis.com\/tunisie\/#organization","name":"Kapitalis","url":"https:\/\/kapitalis.com\/tunisie\/","logo":{"@type":"ImageObject","inLanguage":"fr-FR","@id":"https:\/\/kapitalis.com\/tunisie\/#\/schema\/logo\/image\/","url":"https:\/\/kapitalis.com\/tunisie\/wp-content\/uploads\/2022\/05\/Kapitalis-big-size.png","contentUrl":"https:\/\/kapitalis.com\/tunisie\/wp-content\/uploads\/2022\/05\/Kapitalis-big-size.png","width":5000,"height":1500,"caption":"Kapitalis"},"image":{"@id":"https:\/\/kapitalis.com\/tunisie\/#\/schema\/logo\/image\/"},"sameAs":["https:\/\/www.facebook.com\/KapitalisInfo\/","https:\/\/x.com\/KapitalisInfo","https:\/\/www.youtube.com\/channel\/UC-yDYrHyfFBWWZaOw3FPg9Q"]},{"@type":"Person","@id":"https:\/\/kapitalis.com\/tunisie\/#\/schema\/person\/d71f33a9ca44f7bad4698210b480c8e9","name":"webmaster kapitalis","url":"https:\/\/kapitalis.com\/tunisie\/author\/webmaster-kapitalis\/"}]}},"_links":{"self":[{"href":"https:\/\/kapitalis.com\/tunisie\/wp-json\/wp\/v2\/posts\/208366","targetHints":{"allow":["GET"]}}],"collection":[{"href":"https:\/\/kapitalis.com\/tunisie\/wp-json\/wp\/v2\/posts"}],"about":[{"href":"https:\/\/kapitalis.com\/tunisie\/wp-json\/wp\/v2\/types\/post"}],"author":[{"embeddable":true,"href":"https:\/\/kapitalis.com\/tunisie\/wp-json\/wp\/v2\/users\/8"}],"replies":[{"embeddable":true,"href":"https:\/\/kapitalis.com\/tunisie\/wp-json\/wp\/v2\/comments?post=208366"}],"version-history":[{"count":0,"href":"https:\/\/kapitalis.com\/tunisie\/wp-json\/wp\/v2\/posts\/208366\/revisions"}],"wp:featuredmedia":[{"embeddable":true,"href":"https:\/\/kapitalis.com\/tunisie\/wp-json\/wp\/v2\/media\/208370"}],"wp:attachment":[{"href":"https:\/\/kapitalis.com\/tunisie\/wp-json\/wp\/v2\/media?parent=208366"}],"wp:term":[{"taxonomy":"category","embeddable":true,"href":"https:\/\/kapitalis.com\/tunisie\/wp-json\/wp\/v2\/categories?post=208366"},{"taxonomy":"post_tag","embeddable":true,"href":"https:\/\/kapitalis.com\/tunisie\/wp-json\/wp\/v2\/tags?post=208366"}],"curies":[{"name":"wp","href":"https:\/\/api.w.org\/{rel}","templated":true}]}}