{"id":208960,"date":"2019-04-25T12:56:22","date_gmt":"2019-04-25T11:56:22","guid":{"rendered":"http:\/\/kapitalis.com\/tunisie\/?p=208960"},"modified":"2019-04-25T13:20:31","modified_gmt":"2019-04-25T12:20:31","slug":"nessma-tv-la-chaine-de-nabil-karoui-fermee-par-la-force-publique","status":"publish","type":"post","link":"https:\/\/kapitalis.com\/tunisie\/2019\/04\/25\/nessma-tv-la-chaine-de-nabil-karoui-fermee-par-la-force-publique\/","title":{"rendered":"Nessma TV, la cha\u00eene de Nabil Karoui, ferm\u00e9e par la force publique"},"content":{"rendered":"\n<figure class=\"wp-block-image\"><img decoding=\"async\" src=\"http:\/\/kapitalis.com\/tunisie\/wp-content\/uploads\/2019\/04\/Nessma-tv-police-fermeture-avril-2019.jpg\" alt=\"\" class=\"wp-image-208962\"\/><\/figure>\n\n\n<p><em><strong>La diffusion de Nessma TV a \u00e9t\u00e9 interrompue, aujourd\u2019hui, jeudi 25 avril 2019, et les forces de l&rsquo;ordre ont proc\u00e9d\u00e9 \u00e0 la saisie du mat\u00e9riel de la cha\u00eene la cha\u00eene de Nabil Karoui.<\/strong><\/em><!--more--><\/p>\n<p>Selon les premi\u00e8res informations, cette interruption a \u00e9t\u00e9 d\u00e9cid\u00e9e en application d\u2019une d\u00e9cision de la Haute autorit\u00e9 ind\u00e9pendante de la communication audiovisuelle (Haica), prise le 5 octobre 2018, et dont la cha\u00eene a \u00e9t\u00e9 inform\u00e9e et appel\u00e9e \u00e0 r\u00e9gulariser sa situation et \u00e0 se conformer aux r\u00e8gles.<\/p>\n<p>Cette affaire tra\u00eene depuis 2014 et la Haica n\u2019a cess\u00e9 de demander aux responsables de la cha\u00eene de signer le cahier des charges relatif \u00e0 la diffusion audiovisuelle et de les avertir des nombreux d\u00e9passements constat\u00e9s, mais en vain. <a href=\"http:\/\/kapitalis.com\/tunisie\/2018\/06\/09\/nessma-karoui-demande-a-ses-journaleux-de-mentir-pour-souiller-i-watch\/\" target=\"_blank\" rel=\"noopener noreferrer\">Nabil Karoui<\/a> a toujours refus\u00e9 de r\u00e9gulariser la situation de Nessma TV, faisant jouer ses accointances politiques, notamment avec le pr\u00e9sident de la r\u00e9publique B\u00e9ji Ca\u00efd Essebsi, le parti Nidaa Tounes et le parti islamiste Ennahdha, et ce sont les journalistes de la cha\u00eene qui paient aujourd\u2019hui la facture.<\/p>\n<p>Ces derniers, qui ont d\u2019ailleurs \u00e9t\u00e9 emp\u00each\u00e9s d\u2019entrer au local de la cha\u00eene \u00e0 Rad\u00e8s, protestent \u00e0 l\u2019ext\u00e9rieur, dans une ambiance tr\u00e8s tendue.<\/p>\n<p>\u00ab<em>Si vous \u00eates des hommes allez \u00e0 Chambi au lieu de fermer la porte au nez des journalistes<\/em>\u00bb, a lanc\u00e9 une employ\u00e9e de Nessma aux agents qui encerclaient le local\u2026 Une autre s\u2019est mise \u00e0 crier et ses coll\u00e8gues ont accus\u00e9 le policier de l\u2019avoir violent\u00e9e. Ce dernier \u00e0 lev\u00e9 les mains en l\u2019air pour montrer qu\u2019il ne l&rsquo;a pas approch\u00e9e. Ambiance\u2026<\/p>\n<p>D&rsquo;autre part, on sait que le Syndicat national des journalistes tunisiens (SNJT) est actuellement en r\u00e9union \u00e0 propos de cette affaire.<\/p>\n<p style=\"text-align: right;\"><strong>Y. N.<\/strong><\/p>\n<p><blockquote class=\"wp-embedded-content\" data-secret=\"HuElLIOOHg\"><a href=\"https:\/\/kapitalis.com\/tunisie\/2019\/01\/26\/haica-nessma-tv-outil-de-propagande-et-de-manipulation\/\">Haica : \u00abNessma TV, outil de propagande et de manipulation\u00bb<\/a><\/blockquote><iframe loading=\"lazy\" class=\"wp-embedded-content\" sandbox=\"allow-scripts\" security=\"restricted\" style=\"position: absolute; clip: rect(1px, 1px, 1px, 1px);\" title=\"\u00ab\u00a0Haica : \u00abNessma TV, outil de propagande et de manipulation\u00bb\u00a0\u00bb &#8212; Kapitalis\" src=\"https:\/\/kapitalis.com\/tunisie\/2019\/01\/26\/haica-nessma-tv-outil-de-propagande-et-de-manipulation\/embed\/#?secret=jEiTSJhoJY#?secret=HuElLIOOHg\" data-secret=\"HuElLIOOHg\" width=\"600\" height=\"338\" frameborder=\"0\" marginwidth=\"0\" marginheight=\"0\" scrolling=\"no\"><\/iframe><\/p>\n<p><blockquote class=\"wp-embedded-content\" data-secret=\"zh3Usa7vEE\"><a href=\"https:\/\/kapitalis.com\/tunisie\/2018\/10\/10\/fermeture-de-nessma-tv-nabil-karoui-trompe-lopinion-publique\/\">\u00abFermeture\u00bb de Nessma TV : Nabil Karoui trompe l\u2019opinion publique<\/a><\/blockquote><iframe loading=\"lazy\" class=\"wp-embedded-content\" sandbox=\"allow-scripts\" security=\"restricted\" style=\"position: absolute; clip: rect(1px, 1px, 1px, 1px);\" title=\"\u00ab\u00a0\u00abFermeture\u00bb de Nessma TV : Nabil Karoui trompe l\u2019opinion publique\u00a0\u00bb &#8212; Kapitalis\" src=\"https:\/\/kapitalis.com\/tunisie\/2018\/10\/10\/fermeture-de-nessma-tv-nabil-karoui-trompe-lopinion-publique\/embed\/#?secret=WRTkUBDWAv#?secret=zh3Usa7vEE\" data-secret=\"zh3Usa7vEE\" width=\"600\" height=\"338\" frameborder=\"0\" marginwidth=\"0\" marginheight=\"0\" scrolling=\"no\"><\/iframe><\/p>\n<p><blockquote class=\"wp-embedded-content\" data-secret=\"sCMhDQQZUX\"><a href=\"https:\/\/kapitalis.com\/tunisie\/2018\/06\/09\/nessma-karoui-demande-a-ses-journaleux-de-mentir-pour-souiller-i-watch\/\">Nessma : Karoui demande \u00e0 ses journaleux de mentir pour souiller I Watch<\/a><\/blockquote><iframe loading=\"lazy\" class=\"wp-embedded-content\" sandbox=\"allow-scripts\" security=\"restricted\" style=\"position: absolute; clip: rect(1px, 1px, 1px, 1px);\" title=\"\u00ab\u00a0Nessma : Karoui demande \u00e0 ses journaleux de mentir pour souiller I Watch\u00a0\u00bb &#8212; Kapitalis\" src=\"https:\/\/kapitalis.com\/tunisie\/2018\/06\/09\/nessma-karoui-demande-a-ses-journaleux-de-mentir-pour-souiller-i-watch\/embed\/#?secret=M7TlE7Mftj#?secret=sCMhDQQZUX\" data-secret=\"sCMhDQQZUX\" width=\"600\" height=\"338\" frameborder=\"0\" marginwidth=\"0\" marginheight=\"0\" scrolling=\"no\"><\/iframe><\/p>\n\n\n<center>\n<iframe loading=\"lazy\" src=\"https:\/\/www.facebook.com\/plugins\/video.php?href=https%3A%2F%2Fwww.facebook.com%2Fnessmatv.tv%2Fvideos%2F338215053522605%2F&#038;show_text=0&#038;width=267\" width=\"267\" height=\"476\" style=\"border:none;overflow:hidden\" scrolling=\"no\" frameborder=\"0\" allowTransparency=\"true\" allowFullScreen=\"true\"><\/iframe>\n<\/center>\n&nbsp;\n<center>\n<iframe loading=\"lazy\" src=\"https:\/\/www.facebook.com\/plugins\/video.php?href=https%3A%2F%2Fwww.facebook.com%2Fryhem.sousse%2Fvideos%2F1233321283511808%2F&#038;show_text=0&#038;width=267\" width=\"267\" height=\"476\" style=\"border:none;overflow:hidden\" scrolling=\"no\" frameborder=\"0\" allowTransparency=\"true\" allowFullScreen=\"true\"><\/iframe>\n<\/center>\n&nbsp;\n\n\n\n<p><\/p>\n","protected":false},"excerpt":{"rendered":"<p>La diffusion de Nessma TV a \u00e9t\u00e9 interrompue, aujourd\u2019hui, jeudi 25 avril 2019, et les forces de l&rsquo;ordre ont proc\u00e9d\u00e9 \u00e0 la saisie du mat\u00e9riel de la cha\u00eene la cha\u00eene de Nabil Karoui.<\/p>\n","protected":false},"author":6,"featured_media":208962,"comment_status":"open","ping_status":"open","sticky":false,"template":"","format":"standard","meta":{"footnotes":""},"categories":[996,2433],"tags":[3358,1843,651,657],"class_list":["post-208960","post","type-post","status-publish","format-standard","has-post-thumbnail","hentry","category-media","category-tunisie","tag-diffusion","tag-haica","tag-nabil-karoui","tag-nessma-tv"],"yoast_head":"<!-- This site is optimized with the Yoast SEO plugin v26.6 - https:\/\/yoast.com\/wordpress\/plugins\/seo\/ -->\n<title>Nessma TV, la cha\u00eene de Nabil Karoui, ferm\u00e9e par la force publique - Kapitalis<\/title>\n<meta name=\"robots\" content=\"index, follow, max-snippet:-1, max-image-preview:large, max-video-preview:-1\" \/>\n<link rel=\"canonical\" href=\"https:\/\/kapitalis.com\/tunisie\/2019\/04\/25\/nessma-tv-la-chaine-de-nabil-karoui-fermee-par-la-force-publique\/\" \/>\n<meta property=\"og:locale\" content=\"fr_FR\" \/>\n<meta property=\"og:type\" content=\"article\" \/>\n<meta property=\"og:title\" content=\"Nessma TV, la cha\u00eene de Nabil Karoui, ferm\u00e9e par la force publique - Kapitalis\" \/>\n<meta property=\"og:description\" content=\"La diffusion de Nessma TV a \u00e9t\u00e9 interrompue, aujourd\u2019hui, jeudi 25 avril 2019, et les forces de l&rsquo;ordre ont proc\u00e9d\u00e9 \u00e0 la saisie du mat\u00e9riel de la cha\u00eene la cha\u00eene de Nabil Karoui.\" \/>\n<meta property=\"og:url\" content=\"https:\/\/kapitalis.com\/tunisie\/2019\/04\/25\/nessma-tv-la-chaine-de-nabil-karoui-fermee-par-la-force-publique\/\" \/>\n<meta property=\"og:site_name\" content=\"Kapitalis\" \/>\n<meta property=\"article:publisher\" content=\"https:\/\/www.facebook.com\/KapitalisInfo\/\" \/>\n<meta property=\"article:published_time\" content=\"2019-04-25T11:56:22+00:00\" \/>\n<meta property=\"article:modified_time\" content=\"2019-04-25T12:20:31+00:00\" \/>\n<meta property=\"og:image\" content=\"https:\/\/kapitalis.com\/tunisie\/wp-content\/uploads\/2022\/05\/kapitalis-logo-fb.png\" \/>\n\t<meta property=\"og:image:width\" content=\"1200\" \/>\n\t<meta property=\"og:image:height\" content=\"630\" \/>\n\t<meta property=\"og:image:type\" content=\"image\/png\" \/>\n<meta name=\"author\" content=\"Yusra NY\" \/>\n<meta name=\"twitter:card\" content=\"summary_large_image\" \/>\n<meta name=\"twitter:creator\" content=\"@KapitalisInfo\" \/>\n<meta name=\"twitter:site\" content=\"@KapitalisInfo\" \/>\n<meta name=\"twitter:label1\" content=\"\u00c9crit par\" \/>\n\t<meta name=\"twitter:data1\" content=\"Yusra NY\" \/>\n\t<meta name=\"twitter:label2\" content=\"Dur\u00e9e de lecture estim\u00e9e\" \/>\n\t<meta name=\"twitter:data2\" content=\"2 minutes\" \/>\n<script type=\"application\/ld+json\" class=\"yoast-schema-graph\">{\"@context\":\"https:\/\/schema.org\",\"@graph\":[{\"@type\":\"Article\",\"@id\":\"https:\/\/kapitalis.com\/tunisie\/2019\/04\/25\/nessma-tv-la-chaine-de-nabil-karoui-fermee-par-la-force-publique\/#article\",\"isPartOf\":{\"@id\":\"https:\/\/kapitalis.com\/tunisie\/2019\/04\/25\/nessma-tv-la-chaine-de-nabil-karoui-fermee-par-la-force-publique\/\"},\"author\":{\"name\":\"Yusra NY\",\"@id\":\"https:\/\/kapitalis.com\/tunisie\/#\/schema\/person\/74bbde0154d49d790a92aaeac5bc01d5\"},\"headline\":\"Nessma TV, la cha\u00eene de Nabil Karoui, ferm\u00e9e par la force publique\",\"datePublished\":\"2019-04-25T11:56:22+00:00\",\"dateModified\":\"2019-04-25T12:20:31+00:00\",\"mainEntityOfPage\":{\"@id\":\"https:\/\/kapitalis.com\/tunisie\/2019\/04\/25\/nessma-tv-la-chaine-de-nabil-karoui-fermee-par-la-force-publique\/\"},\"wordCount\":338,\"commentCount\":0,\"publisher\":{\"@id\":\"https:\/\/kapitalis.com\/tunisie\/#organization\"},\"image\":{\"@id\":\"https:\/\/kapitalis.com\/tunisie\/2019\/04\/25\/nessma-tv-la-chaine-de-nabil-karoui-fermee-par-la-force-publique\/#primaryimage\"},\"thumbnailUrl\":\"\",\"keywords\":[\"diffusion\",\"Haica\",\"Nabil Karoui\",\"Nessma TV\"],\"articleSection\":[\"MEDIA\",\"Tunisie\"],\"inLanguage\":\"fr-FR\",\"potentialAction\":[{\"@type\":\"CommentAction\",\"name\":\"Comment\",\"target\":[\"https:\/\/kapitalis.com\/tunisie\/2019\/04\/25\/nessma-tv-la-chaine-de-nabil-karoui-fermee-par-la-force-publique\/#respond\"]}]},{\"@type\":\"WebPage\",\"@id\":\"https:\/\/kapitalis.com\/tunisie\/2019\/04\/25\/nessma-tv-la-chaine-de-nabil-karoui-fermee-par-la-force-publique\/\",\"url\":\"https:\/\/kapitalis.com\/tunisie\/2019\/04\/25\/nessma-tv-la-chaine-de-nabil-karoui-fermee-par-la-force-publique\/\",\"name\":\"Nessma TV, la cha\u00eene de Nabil Karoui, ferm\u00e9e par la force publique - Kapitalis\",\"isPartOf\":{\"@id\":\"https:\/\/kapitalis.com\/tunisie\/#website\"},\"primaryImageOfPage\":{\"@id\":\"https:\/\/kapitalis.com\/tunisie\/2019\/04\/25\/nessma-tv-la-chaine-de-nabil-karoui-fermee-par-la-force-publique\/#primaryimage\"},\"image\":{\"@id\":\"https:\/\/kapitalis.com\/tunisie\/2019\/04\/25\/nessma-tv-la-chaine-de-nabil-karoui-fermee-par-la-force-publique\/#primaryimage\"},\"thumbnailUrl\":\"\",\"datePublished\":\"2019-04-25T11:56:22+00:00\",\"dateModified\":\"2019-04-25T12:20:31+00:00\",\"breadcrumb\":{\"@id\":\"https:\/\/kapitalis.com\/tunisie\/2019\/04\/25\/nessma-tv-la-chaine-de-nabil-karoui-fermee-par-la-force-publique\/#breadcrumb\"},\"inLanguage\":\"fr-FR\",\"potentialAction\":[{\"@type\":\"ReadAction\",\"target\":[\"https:\/\/kapitalis.com\/tunisie\/2019\/04\/25\/nessma-tv-la-chaine-de-nabil-karoui-fermee-par-la-force-publique\/\"]}]},{\"@type\":\"ImageObject\",\"inLanguage\":\"fr-FR\",\"@id\":\"https:\/\/kapitalis.com\/tunisie\/2019\/04\/25\/nessma-tv-la-chaine-de-nabil-karoui-fermee-par-la-force-publique\/#primaryimage\",\"url\":\"\",\"contentUrl\":\"\"},{\"@type\":\"BreadcrumbList\",\"@id\":\"https:\/\/kapitalis.com\/tunisie\/2019\/04\/25\/nessma-tv-la-chaine-de-nabil-karoui-fermee-par-la-force-publique\/#breadcrumb\",\"itemListElement\":[{\"@type\":\"ListItem\",\"position\":1,\"name\":\"Accueil\",\"item\":\"https:\/\/kapitalis.com\/tunisie\/\"},{\"@type\":\"ListItem\",\"position\":2,\"name\":\"Nessma TV, la cha\u00eene de Nabil Karoui, ferm\u00e9e par la force publique\"}]},{\"@type\":\"WebSite\",\"@id\":\"https:\/\/kapitalis.com\/tunisie\/#website\",\"url\":\"https:\/\/kapitalis.com\/tunisie\/\",\"name\":\"Kapitalis\",\"description\":\"L&#039;actualit\u00e9 en Tunisie et dans le monde\",\"publisher\":{\"@id\":\"https:\/\/kapitalis.com\/tunisie\/#organization\"},\"potentialAction\":[{\"@type\":\"SearchAction\",\"target\":{\"@type\":\"EntryPoint\",\"urlTemplate\":\"https:\/\/kapitalis.com\/tunisie\/?s={search_term_string}\"},\"query-input\":{\"@type\":\"PropertyValueSpecification\",\"valueRequired\":true,\"valueName\":\"search_term_string\"}}],\"inLanguage\":\"fr-FR\"},{\"@type\":\"Organization\",\"@id\":\"https:\/\/kapitalis.com\/tunisie\/#organization\",\"name\":\"Kapitalis\",\"url\":\"https:\/\/kapitalis.com\/tunisie\/\",\"logo\":{\"@type\":\"ImageObject\",\"inLanguage\":\"fr-FR\",\"@id\":\"https:\/\/kapitalis.com\/tunisie\/#\/schema\/logo\/image\/\",\"url\":\"https:\/\/kapitalis.com\/tunisie\/wp-content\/uploads\/2022\/05\/Kapitalis-big-size.png\",\"contentUrl\":\"https:\/\/kapitalis.com\/tunisie\/wp-content\/uploads\/2022\/05\/Kapitalis-big-size.png\",\"width\":5000,\"height\":1500,\"caption\":\"Kapitalis\"},\"image\":{\"@id\":\"https:\/\/kapitalis.com\/tunisie\/#\/schema\/logo\/image\/\"},\"sameAs\":[\"https:\/\/www.facebook.com\/KapitalisInfo\/\",\"https:\/\/x.com\/KapitalisInfo\",\"https:\/\/www.youtube.com\/channel\/UC-yDYrHyfFBWWZaOw3FPg9Q\"]},{\"@type\":\"Person\",\"@id\":\"https:\/\/kapitalis.com\/tunisie\/#\/schema\/person\/74bbde0154d49d790a92aaeac5bc01d5\",\"name\":\"Yusra NY\",\"url\":\"https:\/\/kapitalis.com\/tunisie\/author\/yuza_adam\/\"}]}<\/script>\n<!-- \/ Yoast SEO plugin. -->","yoast_head_json":{"title":"Nessma TV, la cha\u00eene de Nabil Karoui, ferm\u00e9e par la force publique - Kapitalis","robots":{"index":"index","follow":"follow","max-snippet":"max-snippet:-1","max-image-preview":"max-image-preview:large","max-video-preview":"max-video-preview:-1"},"canonical":"https:\/\/kapitalis.com\/tunisie\/2019\/04\/25\/nessma-tv-la-chaine-de-nabil-karoui-fermee-par-la-force-publique\/","og_locale":"fr_FR","og_type":"article","og_title":"Nessma TV, la cha\u00eene de Nabil Karoui, ferm\u00e9e par la force publique - Kapitalis","og_description":"La diffusion de Nessma TV a \u00e9t\u00e9 interrompue, aujourd\u2019hui, jeudi 25 avril 2019, et les forces de l&rsquo;ordre ont proc\u00e9d\u00e9 \u00e0 la saisie du mat\u00e9riel de la cha\u00eene la cha\u00eene de Nabil Karoui.","og_url":"https:\/\/kapitalis.com\/tunisie\/2019\/04\/25\/nessma-tv-la-chaine-de-nabil-karoui-fermee-par-la-force-publique\/","og_site_name":"Kapitalis","article_publisher":"https:\/\/www.facebook.com\/KapitalisInfo\/","article_published_time":"2019-04-25T11:56:22+00:00","article_modified_time":"2019-04-25T12:20:31+00:00","og_image":[{"width":1200,"height":630,"url":"https:\/\/kapitalis.com\/tunisie\/wp-content\/uploads\/2022\/05\/kapitalis-logo-fb.png","type":"image\/png"}],"author":"Yusra NY","twitter_card":"summary_large_image","twitter_creator":"@KapitalisInfo","twitter_site":"@KapitalisInfo","twitter_misc":{"\u00c9crit par":"Yusra NY","Dur\u00e9e de lecture estim\u00e9e":"2 minutes"},"schema":{"@context":"https:\/\/schema.org","@graph":[{"@type":"Article","@id":"https:\/\/kapitalis.com\/tunisie\/2019\/04\/25\/nessma-tv-la-chaine-de-nabil-karoui-fermee-par-la-force-publique\/#article","isPartOf":{"@id":"https:\/\/kapitalis.com\/tunisie\/2019\/04\/25\/nessma-tv-la-chaine-de-nabil-karoui-fermee-par-la-force-publique\/"},"author":{"name":"Yusra NY","@id":"https:\/\/kapitalis.com\/tunisie\/#\/schema\/person\/74bbde0154d49d790a92aaeac5bc01d5"},"headline":"Nessma TV, la cha\u00eene de Nabil Karoui, ferm\u00e9e par la force publique","datePublished":"2019-04-25T11:56:22+00:00","dateModified":"2019-04-25T12:20:31+00:00","mainEntityOfPage":{"@id":"https:\/\/kapitalis.com\/tunisie\/2019\/04\/25\/nessma-tv-la-chaine-de-nabil-karoui-fermee-par-la-force-publique\/"},"wordCount":338,"commentCount":0,"publisher":{"@id":"https:\/\/kapitalis.com\/tunisie\/#organization"},"image":{"@id":"https:\/\/kapitalis.com\/tunisie\/2019\/04\/25\/nessma-tv-la-chaine-de-nabil-karoui-fermee-par-la-force-publique\/#primaryimage"},"thumbnailUrl":"","keywords":["diffusion","Haica","Nabil Karoui","Nessma TV"],"articleSection":["MEDIA","Tunisie"],"inLanguage":"fr-FR","potentialAction":[{"@type":"CommentAction","name":"Comment","target":["https:\/\/kapitalis.com\/tunisie\/2019\/04\/25\/nessma-tv-la-chaine-de-nabil-karoui-fermee-par-la-force-publique\/#respond"]}]},{"@type":"WebPage","@id":"https:\/\/kapitalis.com\/tunisie\/2019\/04\/25\/nessma-tv-la-chaine-de-nabil-karoui-fermee-par-la-force-publique\/","url":"https:\/\/kapitalis.com\/tunisie\/2019\/04\/25\/nessma-tv-la-chaine-de-nabil-karoui-fermee-par-la-force-publique\/","name":"Nessma TV, la cha\u00eene de Nabil Karoui, ferm\u00e9e par la force publique - Kapitalis","isPartOf":{"@id":"https:\/\/kapitalis.com\/tunisie\/#website"},"primaryImageOfPage":{"@id":"https:\/\/kapitalis.com\/tunisie\/2019\/04\/25\/nessma-tv-la-chaine-de-nabil-karoui-fermee-par-la-force-publique\/#primaryimage"},"image":{"@id":"https:\/\/kapitalis.com\/tunisie\/2019\/04\/25\/nessma-tv-la-chaine-de-nabil-karoui-fermee-par-la-force-publique\/#primaryimage"},"thumbnailUrl":"","datePublished":"2019-04-25T11:56:22+00:00","dateModified":"2019-04-25T12:20:31+00:00","breadcrumb":{"@id":"https:\/\/kapitalis.com\/tunisie\/2019\/04\/25\/nessma-tv-la-chaine-de-nabil-karoui-fermee-par-la-force-publique\/#breadcrumb"},"inLanguage":"fr-FR","potentialAction":[{"@type":"ReadAction","target":["https:\/\/kapitalis.com\/tunisie\/2019\/04\/25\/nessma-tv-la-chaine-de-nabil-karoui-fermee-par-la-force-publique\/"]}]},{"@type":"ImageObject","inLanguage":"fr-FR","@id":"https:\/\/kapitalis.com\/tunisie\/2019\/04\/25\/nessma-tv-la-chaine-de-nabil-karoui-fermee-par-la-force-publique\/#primaryimage","url":"","contentUrl":""},{"@type":"BreadcrumbList","@id":"https:\/\/kapitalis.com\/tunisie\/2019\/04\/25\/nessma-tv-la-chaine-de-nabil-karoui-fermee-par-la-force-publique\/#breadcrumb","itemListElement":[{"@type":"ListItem","position":1,"name":"Accueil","item":"https:\/\/kapitalis.com\/tunisie\/"},{"@type":"ListItem","position":2,"name":"Nessma TV, la cha\u00eene de Nabil Karoui, ferm\u00e9e par la force publique"}]},{"@type":"WebSite","@id":"https:\/\/kapitalis.com\/tunisie\/#website","url":"https:\/\/kapitalis.com\/tunisie\/","name":"Kapitalis","description":"L&#039;actualit\u00e9 en Tunisie et dans le monde","publisher":{"@id":"https:\/\/kapitalis.com\/tunisie\/#organization"},"potentialAction":[{"@type":"SearchAction","target":{"@type":"EntryPoint","urlTemplate":"https:\/\/kapitalis.com\/tunisie\/?s={search_term_string}"},"query-input":{"@type":"PropertyValueSpecification","valueRequired":true,"valueName":"search_term_string"}}],"inLanguage":"fr-FR"},{"@type":"Organization","@id":"https:\/\/kapitalis.com\/tunisie\/#organization","name":"Kapitalis","url":"https:\/\/kapitalis.com\/tunisie\/","logo":{"@type":"ImageObject","inLanguage":"fr-FR","@id":"https:\/\/kapitalis.com\/tunisie\/#\/schema\/logo\/image\/","url":"https:\/\/kapitalis.com\/tunisie\/wp-content\/uploads\/2022\/05\/Kapitalis-big-size.png","contentUrl":"https:\/\/kapitalis.com\/tunisie\/wp-content\/uploads\/2022\/05\/Kapitalis-big-size.png","width":5000,"height":1500,"caption":"Kapitalis"},"image":{"@id":"https:\/\/kapitalis.com\/tunisie\/#\/schema\/logo\/image\/"},"sameAs":["https:\/\/www.facebook.com\/KapitalisInfo\/","https:\/\/x.com\/KapitalisInfo","https:\/\/www.youtube.com\/channel\/UC-yDYrHyfFBWWZaOw3FPg9Q"]},{"@type":"Person","@id":"https:\/\/kapitalis.com\/tunisie\/#\/schema\/person\/74bbde0154d49d790a92aaeac5bc01d5","name":"Yusra NY","url":"https:\/\/kapitalis.com\/tunisie\/author\/yuza_adam\/"}]}},"_links":{"self":[{"href":"https:\/\/kapitalis.com\/tunisie\/wp-json\/wp\/v2\/posts\/208960","targetHints":{"allow":["GET"]}}],"collection":[{"href":"https:\/\/kapitalis.com\/tunisie\/wp-json\/wp\/v2\/posts"}],"about":[{"href":"https:\/\/kapitalis.com\/tunisie\/wp-json\/wp\/v2\/types\/post"}],"author":[{"embeddable":true,"href":"https:\/\/kapitalis.com\/tunisie\/wp-json\/wp\/v2\/users\/6"}],"replies":[{"embeddable":true,"href":"https:\/\/kapitalis.com\/tunisie\/wp-json\/wp\/v2\/comments?post=208960"}],"version-history":[{"count":0,"href":"https:\/\/kapitalis.com\/tunisie\/wp-json\/wp\/v2\/posts\/208960\/revisions"}],"wp:featuredmedia":[{"embeddable":true,"href":"https:\/\/kapitalis.com\/tunisie\/wp-json\/wp\/v2\/media\/208962"}],"wp:attachment":[{"href":"https:\/\/kapitalis.com\/tunisie\/wp-json\/wp\/v2\/media?parent=208960"}],"wp:term":[{"taxonomy":"category","embeddable":true,"href":"https:\/\/kapitalis.com\/tunisie\/wp-json\/wp\/v2\/categories?post=208960"},{"taxonomy":"post_tag","embeddable":true,"href":"https:\/\/kapitalis.com\/tunisie\/wp-json\/wp\/v2\/tags?post=208960"}],"curies":[{"name":"wp","href":"https:\/\/api.w.org\/{rel}","templated":true}]}}