{"id":209126,"date":"2019-04-26T16:37:08","date_gmt":"2019-04-26T15:37:08","guid":{"rendered":"http:\/\/kapitalis.com\/tunisie\/?p=209126"},"modified":"2019-04-26T16:37:11","modified_gmt":"2019-04-26T15:37:11","slug":"tunisie-lancement-de-chabaka-tn-une-plateforme-pour-leconomie-sociale-et-solidaire-le-2-mai-a-la-manouba","status":"publish","type":"post","link":"https:\/\/kapitalis.com\/tunisie\/2019\/04\/26\/tunisie-lancement-de-chabaka-tn-une-plateforme-pour-leconomie-sociale-et-solidaire-le-2-mai-a-la-manouba\/","title":{"rendered":"Le 2 mai \u00e0 Manouba : Lancement de Chabaka, plateforme tunisienne pour l&rsquo;\u00e9conomie sociale et solidaire"},"content":{"rendered":"\n<figure class=\"wp-block-image\"><img decoding=\"async\" src=\"http:\/\/kapitalis.com\/tunisie\/wp-content\/uploads\/2019\/04\/Chabaka.tn_.jpg\" alt=\"\" class=\"wp-image-209143\"\/><\/figure>\n\n\n\n<p><em><strong>Le laboratoire Lab&rsquo;ess annonce le lancement du site web Chabaka.tn, le 2 mai 2019, au palais <\/strong><\/em><a rel=\"noreferrer noopener\" href=\"https:\/\/www.google.com\/maps\/place\/Palais+Kobbet+Ennhas\/@36.8098084,10.0937225,15z\/data=!4m2!3m1!1s0x0:0x46760e04fcd255cf?sa=X&amp;ved=2ahUKEwiY_dbx0NzhAhUtWhUIHUyVAHQQ_BIwE3oECAsQCA\" target=\"_blank\"><em><strong>Kobbet Ennhas,<\/strong><\/em><\/a><em><strong> \u00e0 la Manouba, \u00e0 partir de 18 heures.\u00a0  <\/strong><\/em><\/p>\n\n\n\n<!--more-->\n\n\n\n<p>Le laboratoire de l\u2019\u00e9conomie sociale et solidaire (<a href=\"http:\/\/www.labess.tn\/\">Lab&rsquo;ess<\/a>) est un projet cr\u00e9\u00e9 en 2013, port\u00e9 par D\u00e9veloppement Sans Fronti\u00e8res, une association du Groupe SOS, premi\u00e8re entreprise sociale de France.<\/p>\n\n\n\n<p>Le Lab&rsquo;ess \u0153uvre pour le renforcement des capacit\u00e9s des associations tunisiennes et des porteurs de projets d\u2019entrepreneuriat social, \u00e0 travers le conseil, la formation et la mise en r\u00e9seau.<\/p>\n\n\n\n<p>Le site web Chabaka.tn est un nouvel outil num\u00e9rique, pour les acteurs de l&rsquo;\u00e9conomie sociale et solidaire (ESS) en Tunisie. Il a pour vocation de donner de la visibilit\u00e9 \u00e0 l&rsquo;ESS et vulgariser les concepts pour inspirer la jeunesse, tout en plaidant pour ses valeurs.  <\/p>\n\n\n\n<p>Ce nouveau site est aussi une vitrine, et un r\u00e9seau unique, qui met en exergue, l&rsquo;identit\u00e9 et les activit\u00e9s des entrepreneurs sociaux, les associations, les groupements, les fondations et les mutuelles, qui \u0153uvrent pour l&rsquo;int\u00e9r\u00eat g\u00e9n\u00e9ral.<\/p>\n\n\n\n<p>Le <a href=\"https:\/\/drive.google.com\/file\/d\/1k_OOTvpWnv4C-S301PySJz3ObjPPeaOA\/view\">programme<\/a> de l&rsquo;\u00e9v\u00e9nement comporte, outre les mots de bienvenue du ministre de l&rsquo;Emploi et de la Formation Professionnelle, et de l&rsquo;ambassade des Pays-Bas \u00e0 Tunis, des pr\u00e9sentations des organisateurs et des t\u00e9moignages. La journ\u00e9e se terminera par un cocktail.<\/p>\n\n\n\n<p>Les <a href=\"https:\/\/docs.google.com\/forms\/d\/e\/1FAIpQLSdYPRFI6Y-5yPwCOPVd_udBsIoIlEg3RGje6FORHy1XI_0NJw\/viewform\">inscriptions<\/a> pour le lancement du 2 mai sont ouvertes.<\/p>\n\n\n\n<p><strong><em>Source: <a href=\"http:\/\/www.labess.tn\/\">Lab&rsquo;ess<\/a><\/em><\/strong><\/p>\n","protected":false},"excerpt":{"rendered":"<p>Le laboratoire Lab&rsquo;ess annonce le lancement du site web Chabaka.tn, le 2 mai 2019, au palais Kobbet Ennhas, \u00e0 la Manouba, \u00e0 partir de 18 heures.\u00a0<\/p>\n","protected":false},"author":22,"featured_media":209143,"comment_status":"open","ping_status":"open","sticky":false,"template":"","format":"standard","meta":{"footnotes":""},"categories":[995,2433],"tags":[10127,571],"class_list":["post-209126","post","type-post","status-publish","format-standard","has-post-thumbnail","hentry","category-economie","category-tunisie","tag-labess","tag-manouba"],"yoast_head":"<!-- This site is optimized with the Yoast SEO plugin v26.6 - https:\/\/yoast.com\/wordpress\/plugins\/seo\/ -->\n<title>Le 2 mai \u00e0 Manouba : Lancement de Chabaka, plateforme tunisienne pour l&#039;\u00e9conomie sociale et solidaire - Kapitalis<\/title>\n<meta name=\"robots\" content=\"index, follow, max-snippet:-1, max-image-preview:large, max-video-preview:-1\" \/>\n<link rel=\"canonical\" href=\"https:\/\/kapitalis.com\/tunisie\/2019\/04\/26\/tunisie-lancement-de-chabaka-tn-une-plateforme-pour-leconomie-sociale-et-solidaire-le-2-mai-a-la-manouba\/\" \/>\n<meta property=\"og:locale\" content=\"fr_FR\" \/>\n<meta property=\"og:type\" content=\"article\" \/>\n<meta property=\"og:title\" content=\"Le 2 mai \u00e0 Manouba : Lancement de Chabaka, plateforme tunisienne pour l&#039;\u00e9conomie sociale et solidaire - Kapitalis\" \/>\n<meta property=\"og:description\" content=\"Le laboratoire Lab&rsquo;ess annonce le lancement du site web Chabaka.tn, le 2 mai 2019, au palais Kobbet Ennhas, \u00e0 la Manouba, \u00e0 partir de 18 heures.\u00a0\" \/>\n<meta property=\"og:url\" content=\"https:\/\/kapitalis.com\/tunisie\/2019\/04\/26\/tunisie-lancement-de-chabaka-tn-une-plateforme-pour-leconomie-sociale-et-solidaire-le-2-mai-a-la-manouba\/\" \/>\n<meta property=\"og:site_name\" content=\"Kapitalis\" \/>\n<meta property=\"article:publisher\" content=\"https:\/\/www.facebook.com\/KapitalisInfo\/\" \/>\n<meta property=\"article:published_time\" content=\"2019-04-26T15:37:08+00:00\" \/>\n<meta property=\"article:modified_time\" content=\"2019-04-26T15:37:11+00:00\" \/>\n<meta property=\"og:image\" content=\"https:\/\/kapitalis.com\/tunisie\/wp-content\/uploads\/2022\/05\/kapitalis-logo-fb.png\" \/>\n\t<meta property=\"og:image:width\" content=\"1200\" \/>\n\t<meta property=\"og:image:height\" content=\"630\" \/>\n\t<meta property=\"og:image:type\" content=\"image\/png\" \/>\n<meta name=\"author\" content=\"Amina Mkada\" \/>\n<meta name=\"twitter:card\" content=\"summary_large_image\" \/>\n<meta name=\"twitter:creator\" content=\"@KapitalisInfo\" \/>\n<meta name=\"twitter:site\" content=\"@KapitalisInfo\" \/>\n<meta name=\"twitter:label1\" content=\"\u00c9crit par\" \/>\n\t<meta name=\"twitter:data1\" content=\"Amina Mkada\" \/>\n\t<meta name=\"twitter:label2\" content=\"Dur\u00e9e de lecture estim\u00e9e\" \/>\n\t<meta name=\"twitter:data2\" content=\"1 minute\" \/>\n<script type=\"application\/ld+json\" class=\"yoast-schema-graph\">{\"@context\":\"https:\/\/schema.org\",\"@graph\":[{\"@type\":\"Article\",\"@id\":\"https:\/\/kapitalis.com\/tunisie\/2019\/04\/26\/tunisie-lancement-de-chabaka-tn-une-plateforme-pour-leconomie-sociale-et-solidaire-le-2-mai-a-la-manouba\/#article\",\"isPartOf\":{\"@id\":\"https:\/\/kapitalis.com\/tunisie\/2019\/04\/26\/tunisie-lancement-de-chabaka-tn-une-plateforme-pour-leconomie-sociale-et-solidaire-le-2-mai-a-la-manouba\/\"},\"author\":{\"name\":\"Amina Mkada\",\"@id\":\"https:\/\/kapitalis.com\/tunisie\/#\/schema\/person\/093913313d3017554cb3ad077fff3fbd\"},\"headline\":\"Le 2 mai \u00e0 Manouba : Lancement de Chabaka, plateforme tunisienne pour l&rsquo;\u00e9conomie sociale et solidaire\",\"datePublished\":\"2019-04-26T15:37:08+00:00\",\"dateModified\":\"2019-04-26T15:37:11+00:00\",\"mainEntityOfPage\":{\"@id\":\"https:\/\/kapitalis.com\/tunisie\/2019\/04\/26\/tunisie-lancement-de-chabaka-tn-une-plateforme-pour-leconomie-sociale-et-solidaire-le-2-mai-a-la-manouba\/\"},\"wordCount\":243,\"commentCount\":0,\"publisher\":{\"@id\":\"https:\/\/kapitalis.com\/tunisie\/#organization\"},\"image\":{\"@id\":\"https:\/\/kapitalis.com\/tunisie\/2019\/04\/26\/tunisie-lancement-de-chabaka-tn-une-plateforme-pour-leconomie-sociale-et-solidaire-le-2-mai-a-la-manouba\/#primaryimage\"},\"thumbnailUrl\":\"\",\"keywords\":[\"LAB\u2019ESS\",\"Manouba\"],\"articleSection\":[\"ECONOMIE\",\"Tunisie\"],\"inLanguage\":\"fr-FR\",\"potentialAction\":[{\"@type\":\"CommentAction\",\"name\":\"Comment\",\"target\":[\"https:\/\/kapitalis.com\/tunisie\/2019\/04\/26\/tunisie-lancement-de-chabaka-tn-une-plateforme-pour-leconomie-sociale-et-solidaire-le-2-mai-a-la-manouba\/#respond\"]}]},{\"@type\":\"WebPage\",\"@id\":\"https:\/\/kapitalis.com\/tunisie\/2019\/04\/26\/tunisie-lancement-de-chabaka-tn-une-plateforme-pour-leconomie-sociale-et-solidaire-le-2-mai-a-la-manouba\/\",\"url\":\"https:\/\/kapitalis.com\/tunisie\/2019\/04\/26\/tunisie-lancement-de-chabaka-tn-une-plateforme-pour-leconomie-sociale-et-solidaire-le-2-mai-a-la-manouba\/\",\"name\":\"Le 2 mai \u00e0 Manouba : Lancement de Chabaka, plateforme tunisienne pour l'\u00e9conomie sociale et solidaire - Kapitalis\",\"isPartOf\":{\"@id\":\"https:\/\/kapitalis.com\/tunisie\/#website\"},\"primaryImageOfPage\":{\"@id\":\"https:\/\/kapitalis.com\/tunisie\/2019\/04\/26\/tunisie-lancement-de-chabaka-tn-une-plateforme-pour-leconomie-sociale-et-solidaire-le-2-mai-a-la-manouba\/#primaryimage\"},\"image\":{\"@id\":\"https:\/\/kapitalis.com\/tunisie\/2019\/04\/26\/tunisie-lancement-de-chabaka-tn-une-plateforme-pour-leconomie-sociale-et-solidaire-le-2-mai-a-la-manouba\/#primaryimage\"},\"thumbnailUrl\":\"\",\"datePublished\":\"2019-04-26T15:37:08+00:00\",\"dateModified\":\"2019-04-26T15:37:11+00:00\",\"breadcrumb\":{\"@id\":\"https:\/\/kapitalis.com\/tunisie\/2019\/04\/26\/tunisie-lancement-de-chabaka-tn-une-plateforme-pour-leconomie-sociale-et-solidaire-le-2-mai-a-la-manouba\/#breadcrumb\"},\"inLanguage\":\"fr-FR\",\"potentialAction\":[{\"@type\":\"ReadAction\",\"target\":[\"https:\/\/kapitalis.com\/tunisie\/2019\/04\/26\/tunisie-lancement-de-chabaka-tn-une-plateforme-pour-leconomie-sociale-et-solidaire-le-2-mai-a-la-manouba\/\"]}]},{\"@type\":\"ImageObject\",\"inLanguage\":\"fr-FR\",\"@id\":\"https:\/\/kapitalis.com\/tunisie\/2019\/04\/26\/tunisie-lancement-de-chabaka-tn-une-plateforme-pour-leconomie-sociale-et-solidaire-le-2-mai-a-la-manouba\/#primaryimage\",\"url\":\"\",\"contentUrl\":\"\"},{\"@type\":\"BreadcrumbList\",\"@id\":\"https:\/\/kapitalis.com\/tunisie\/2019\/04\/26\/tunisie-lancement-de-chabaka-tn-une-plateforme-pour-leconomie-sociale-et-solidaire-le-2-mai-a-la-manouba\/#breadcrumb\",\"itemListElement\":[{\"@type\":\"ListItem\",\"position\":1,\"name\":\"Accueil\",\"item\":\"https:\/\/kapitalis.com\/tunisie\/\"},{\"@type\":\"ListItem\",\"position\":2,\"name\":\"Le 2 mai \u00e0 Manouba : Lancement de Chabaka, plateforme tunisienne pour l&rsquo;\u00e9conomie sociale et solidaire\"}]},{\"@type\":\"WebSite\",\"@id\":\"https:\/\/kapitalis.com\/tunisie\/#website\",\"url\":\"https:\/\/kapitalis.com\/tunisie\/\",\"name\":\"Kapitalis\",\"description\":\"L&#039;actualit\u00e9 en Tunisie et dans le monde\",\"publisher\":{\"@id\":\"https:\/\/kapitalis.com\/tunisie\/#organization\"},\"potentialAction\":[{\"@type\":\"SearchAction\",\"target\":{\"@type\":\"EntryPoint\",\"urlTemplate\":\"https:\/\/kapitalis.com\/tunisie\/?s={search_term_string}\"},\"query-input\":{\"@type\":\"PropertyValueSpecification\",\"valueRequired\":true,\"valueName\":\"search_term_string\"}}],\"inLanguage\":\"fr-FR\"},{\"@type\":\"Organization\",\"@id\":\"https:\/\/kapitalis.com\/tunisie\/#organization\",\"name\":\"Kapitalis\",\"url\":\"https:\/\/kapitalis.com\/tunisie\/\",\"logo\":{\"@type\":\"ImageObject\",\"inLanguage\":\"fr-FR\",\"@id\":\"https:\/\/kapitalis.com\/tunisie\/#\/schema\/logo\/image\/\",\"url\":\"https:\/\/kapitalis.com\/tunisie\/wp-content\/uploads\/2022\/05\/Kapitalis-big-size.png\",\"contentUrl\":\"https:\/\/kapitalis.com\/tunisie\/wp-content\/uploads\/2022\/05\/Kapitalis-big-size.png\",\"width\":5000,\"height\":1500,\"caption\":\"Kapitalis\"},\"image\":{\"@id\":\"https:\/\/kapitalis.com\/tunisie\/#\/schema\/logo\/image\/\"},\"sameAs\":[\"https:\/\/www.facebook.com\/KapitalisInfo\/\",\"https:\/\/x.com\/KapitalisInfo\",\"https:\/\/www.youtube.com\/channel\/UC-yDYrHyfFBWWZaOw3FPg9Q\"]},{\"@type\":\"Person\",\"@id\":\"https:\/\/kapitalis.com\/tunisie\/#\/schema\/person\/093913313d3017554cb3ad077fff3fbd\",\"name\":\"Amina Mkada\",\"url\":\"https:\/\/kapitalis.com\/tunisie\/author\/amina\/\"}]}<\/script>\n<!-- \/ Yoast SEO plugin. -->","yoast_head_json":{"title":"Le 2 mai \u00e0 Manouba : Lancement de Chabaka, plateforme tunisienne pour l'\u00e9conomie sociale et solidaire - Kapitalis","robots":{"index":"index","follow":"follow","max-snippet":"max-snippet:-1","max-image-preview":"max-image-preview:large","max-video-preview":"max-video-preview:-1"},"canonical":"https:\/\/kapitalis.com\/tunisie\/2019\/04\/26\/tunisie-lancement-de-chabaka-tn-une-plateforme-pour-leconomie-sociale-et-solidaire-le-2-mai-a-la-manouba\/","og_locale":"fr_FR","og_type":"article","og_title":"Le 2 mai \u00e0 Manouba : Lancement de Chabaka, plateforme tunisienne pour l'\u00e9conomie sociale et solidaire - Kapitalis","og_description":"Le laboratoire Lab&rsquo;ess annonce le lancement du site web Chabaka.tn, le 2 mai 2019, au palais Kobbet Ennhas, \u00e0 la Manouba, \u00e0 partir de 18 heures.\u00a0","og_url":"https:\/\/kapitalis.com\/tunisie\/2019\/04\/26\/tunisie-lancement-de-chabaka-tn-une-plateforme-pour-leconomie-sociale-et-solidaire-le-2-mai-a-la-manouba\/","og_site_name":"Kapitalis","article_publisher":"https:\/\/www.facebook.com\/KapitalisInfo\/","article_published_time":"2019-04-26T15:37:08+00:00","article_modified_time":"2019-04-26T15:37:11+00:00","og_image":[{"width":1200,"height":630,"url":"https:\/\/kapitalis.com\/tunisie\/wp-content\/uploads\/2022\/05\/kapitalis-logo-fb.png","type":"image\/png"}],"author":"Amina Mkada","twitter_card":"summary_large_image","twitter_creator":"@KapitalisInfo","twitter_site":"@KapitalisInfo","twitter_misc":{"\u00c9crit par":"Amina Mkada","Dur\u00e9e de lecture estim\u00e9e":"1 minute"},"schema":{"@context":"https:\/\/schema.org","@graph":[{"@type":"Article","@id":"https:\/\/kapitalis.com\/tunisie\/2019\/04\/26\/tunisie-lancement-de-chabaka-tn-une-plateforme-pour-leconomie-sociale-et-solidaire-le-2-mai-a-la-manouba\/#article","isPartOf":{"@id":"https:\/\/kapitalis.com\/tunisie\/2019\/04\/26\/tunisie-lancement-de-chabaka-tn-une-plateforme-pour-leconomie-sociale-et-solidaire-le-2-mai-a-la-manouba\/"},"author":{"name":"Amina Mkada","@id":"https:\/\/kapitalis.com\/tunisie\/#\/schema\/person\/093913313d3017554cb3ad077fff3fbd"},"headline":"Le 2 mai \u00e0 Manouba : Lancement de Chabaka, plateforme tunisienne pour l&rsquo;\u00e9conomie sociale et solidaire","datePublished":"2019-04-26T15:37:08+00:00","dateModified":"2019-04-26T15:37:11+00:00","mainEntityOfPage":{"@id":"https:\/\/kapitalis.com\/tunisie\/2019\/04\/26\/tunisie-lancement-de-chabaka-tn-une-plateforme-pour-leconomie-sociale-et-solidaire-le-2-mai-a-la-manouba\/"},"wordCount":243,"commentCount":0,"publisher":{"@id":"https:\/\/kapitalis.com\/tunisie\/#organization"},"image":{"@id":"https:\/\/kapitalis.com\/tunisie\/2019\/04\/26\/tunisie-lancement-de-chabaka-tn-une-plateforme-pour-leconomie-sociale-et-solidaire-le-2-mai-a-la-manouba\/#primaryimage"},"thumbnailUrl":"","keywords":["LAB\u2019ESS","Manouba"],"articleSection":["ECONOMIE","Tunisie"],"inLanguage":"fr-FR","potentialAction":[{"@type":"CommentAction","name":"Comment","target":["https:\/\/kapitalis.com\/tunisie\/2019\/04\/26\/tunisie-lancement-de-chabaka-tn-une-plateforme-pour-leconomie-sociale-et-solidaire-le-2-mai-a-la-manouba\/#respond"]}]},{"@type":"WebPage","@id":"https:\/\/kapitalis.com\/tunisie\/2019\/04\/26\/tunisie-lancement-de-chabaka-tn-une-plateforme-pour-leconomie-sociale-et-solidaire-le-2-mai-a-la-manouba\/","url":"https:\/\/kapitalis.com\/tunisie\/2019\/04\/26\/tunisie-lancement-de-chabaka-tn-une-plateforme-pour-leconomie-sociale-et-solidaire-le-2-mai-a-la-manouba\/","name":"Le 2 mai \u00e0 Manouba : Lancement de Chabaka, plateforme tunisienne pour l'\u00e9conomie sociale et solidaire - Kapitalis","isPartOf":{"@id":"https:\/\/kapitalis.com\/tunisie\/#website"},"primaryImageOfPage":{"@id":"https:\/\/kapitalis.com\/tunisie\/2019\/04\/26\/tunisie-lancement-de-chabaka-tn-une-plateforme-pour-leconomie-sociale-et-solidaire-le-2-mai-a-la-manouba\/#primaryimage"},"image":{"@id":"https:\/\/kapitalis.com\/tunisie\/2019\/04\/26\/tunisie-lancement-de-chabaka-tn-une-plateforme-pour-leconomie-sociale-et-solidaire-le-2-mai-a-la-manouba\/#primaryimage"},"thumbnailUrl":"","datePublished":"2019-04-26T15:37:08+00:00","dateModified":"2019-04-26T15:37:11+00:00","breadcrumb":{"@id":"https:\/\/kapitalis.com\/tunisie\/2019\/04\/26\/tunisie-lancement-de-chabaka-tn-une-plateforme-pour-leconomie-sociale-et-solidaire-le-2-mai-a-la-manouba\/#breadcrumb"},"inLanguage":"fr-FR","potentialAction":[{"@type":"ReadAction","target":["https:\/\/kapitalis.com\/tunisie\/2019\/04\/26\/tunisie-lancement-de-chabaka-tn-une-plateforme-pour-leconomie-sociale-et-solidaire-le-2-mai-a-la-manouba\/"]}]},{"@type":"ImageObject","inLanguage":"fr-FR","@id":"https:\/\/kapitalis.com\/tunisie\/2019\/04\/26\/tunisie-lancement-de-chabaka-tn-une-plateforme-pour-leconomie-sociale-et-solidaire-le-2-mai-a-la-manouba\/#primaryimage","url":"","contentUrl":""},{"@type":"BreadcrumbList","@id":"https:\/\/kapitalis.com\/tunisie\/2019\/04\/26\/tunisie-lancement-de-chabaka-tn-une-plateforme-pour-leconomie-sociale-et-solidaire-le-2-mai-a-la-manouba\/#breadcrumb","itemListElement":[{"@type":"ListItem","position":1,"name":"Accueil","item":"https:\/\/kapitalis.com\/tunisie\/"},{"@type":"ListItem","position":2,"name":"Le 2 mai \u00e0 Manouba : Lancement de Chabaka, plateforme tunisienne pour l&rsquo;\u00e9conomie sociale et solidaire"}]},{"@type":"WebSite","@id":"https:\/\/kapitalis.com\/tunisie\/#website","url":"https:\/\/kapitalis.com\/tunisie\/","name":"Kapitalis","description":"L&#039;actualit\u00e9 en Tunisie et dans le monde","publisher":{"@id":"https:\/\/kapitalis.com\/tunisie\/#organization"},"potentialAction":[{"@type":"SearchAction","target":{"@type":"EntryPoint","urlTemplate":"https:\/\/kapitalis.com\/tunisie\/?s={search_term_string}"},"query-input":{"@type":"PropertyValueSpecification","valueRequired":true,"valueName":"search_term_string"}}],"inLanguage":"fr-FR"},{"@type":"Organization","@id":"https:\/\/kapitalis.com\/tunisie\/#organization","name":"Kapitalis","url":"https:\/\/kapitalis.com\/tunisie\/","logo":{"@type":"ImageObject","inLanguage":"fr-FR","@id":"https:\/\/kapitalis.com\/tunisie\/#\/schema\/logo\/image\/","url":"https:\/\/kapitalis.com\/tunisie\/wp-content\/uploads\/2022\/05\/Kapitalis-big-size.png","contentUrl":"https:\/\/kapitalis.com\/tunisie\/wp-content\/uploads\/2022\/05\/Kapitalis-big-size.png","width":5000,"height":1500,"caption":"Kapitalis"},"image":{"@id":"https:\/\/kapitalis.com\/tunisie\/#\/schema\/logo\/image\/"},"sameAs":["https:\/\/www.facebook.com\/KapitalisInfo\/","https:\/\/x.com\/KapitalisInfo","https:\/\/www.youtube.com\/channel\/UC-yDYrHyfFBWWZaOw3FPg9Q"]},{"@type":"Person","@id":"https:\/\/kapitalis.com\/tunisie\/#\/schema\/person\/093913313d3017554cb3ad077fff3fbd","name":"Amina Mkada","url":"https:\/\/kapitalis.com\/tunisie\/author\/amina\/"}]}},"_links":{"self":[{"href":"https:\/\/kapitalis.com\/tunisie\/wp-json\/wp\/v2\/posts\/209126","targetHints":{"allow":["GET"]}}],"collection":[{"href":"https:\/\/kapitalis.com\/tunisie\/wp-json\/wp\/v2\/posts"}],"about":[{"href":"https:\/\/kapitalis.com\/tunisie\/wp-json\/wp\/v2\/types\/post"}],"author":[{"embeddable":true,"href":"https:\/\/kapitalis.com\/tunisie\/wp-json\/wp\/v2\/users\/22"}],"replies":[{"embeddable":true,"href":"https:\/\/kapitalis.com\/tunisie\/wp-json\/wp\/v2\/comments?post=209126"}],"version-history":[{"count":0,"href":"https:\/\/kapitalis.com\/tunisie\/wp-json\/wp\/v2\/posts\/209126\/revisions"}],"wp:featuredmedia":[{"embeddable":true,"href":"https:\/\/kapitalis.com\/tunisie\/wp-json\/wp\/v2\/media\/209143"}],"wp:attachment":[{"href":"https:\/\/kapitalis.com\/tunisie\/wp-json\/wp\/v2\/media?parent=209126"}],"wp:term":[{"taxonomy":"category","embeddable":true,"href":"https:\/\/kapitalis.com\/tunisie\/wp-json\/wp\/v2\/categories?post=209126"},{"taxonomy":"post_tag","embeddable":true,"href":"https:\/\/kapitalis.com\/tunisie\/wp-json\/wp\/v2\/tags?post=209126"}],"curies":[{"name":"wp","href":"https:\/\/api.w.org\/{rel}","templated":true}]}}