{"id":209594,"date":"2019-04-28T14:59:19","date_gmt":"2019-04-28T13:59:19","guid":{"rendered":"http:\/\/kapitalis.com\/tunisie\/?p=209594"},"modified":"2019-04-28T15:08:49","modified_gmt":"2019-04-28T14:08:49","slug":"tahya-tounes-reporte-la-cloture-son-1er-congres-constitutif","status":"publish","type":"post","link":"https:\/\/kapitalis.com\/tunisie\/2019\/04\/28\/tahya-tounes-reporte-la-cloture-son-1er-congres-constitutif\/","title":{"rendered":"Tahya Tounes reporte la cl\u00f4ture de son congr\u00e8s constitutif"},"content":{"rendered":"\n<figure class=\"wp-block-image\"><img decoding=\"async\" src=\"http:\/\/kapitalis.com\/tunisie\/wp-content\/uploads\/2019\/04\/Tahya-Tounes-Rades.jpg\" alt=\"\" class=\"wp-image-209602\"\/><\/figure>\n\n\n<p><em><strong>Tahya Tounes\u00a0 a report\u00e9 la cl\u00f4ture de son congr\u00e8s national constitutif, pr\u00e9vu aujourd\u2019hui, dimanche 28 avril 2019, \u00e0 Rad\u00e8s (banlieue sud de Tunis), \u00e0 mercredi prochain, 1er mai. Et ce suite aux derniers \u00e9v\u00e9nements ayant \u00e9branl\u00e9 le pays.<\/strong><\/em><!--more--><\/p>\n<p>Apr\u00e8s avoir annonc\u00e9, hier, l&rsquo;annulation des festivit\u00e9s pr\u00e9vues pour la cl\u00f4ture de son congr\u00e8s, et ce en soutien aux familles des victimes de l\u2019accident de Sabbala \u00e0 Sidi Bouzid, qui a fait 12 morts et 21 bless\u00e9s parmi les ouvriers agricoles, ainsi qu\u2019au soldat martyr Bilel Zedini, mort vendredi dans l\u2019explosion d\u2019une mine \u00e0 Chambi, Tahya Tounes a finalement annonc\u00e9, aujourd&rsquo;hui, le report de la cl\u00f4ture du congr\u00e8s, et ce \u00e0 la demande du chef du gouvernement Youssef Chahed, leader de cette formation en construction.<\/p>\n<p>Pr\u00e9sid\u00e9 par Selim Azzabi, coordinateur g\u00e9n\u00e9ral Tahya Tounes, le congr\u00e8s devait \u00e9lire le secr\u00e9taire g\u00e9n\u00e9ral du parti et adopter son r\u00e8glement int\u00e9rieur.<\/p>\n<p>Cr\u00e9\u00e9 en janvier 2019, par une initiative des d\u00e9put\u00e9s du bloc parlementaire de la Coalition nationale,\u00a0 en majorit\u00e9 des dissidents de Nidaa Tounes, Tahya Tounes a re\u00e7u son visa en mars dernier.<\/p>\n<p>Il a fait \u00e9lire ses bureaux locaux et r\u00e9gionaux ce mois-ci et se pr\u00e9pare d\u00e9j\u00e0 pour les \u00e9lections l\u00e9gislatives de 2019. Quant \u00a0la pr\u00e9sidentielle, Tahya Tounes n\u2019a toujours pas confirm\u00e9 sa participation ni, en cas de participation, quel candidat le repr\u00e9senterait, m\u00eame si tout le monde estime que ce sera Youssef Chahed.<\/p>\n<p style=\"text-align: right;\"><strong>Y. N.<\/strong><\/p>\n<p><blockquote class=\"wp-embedded-content\" data-secret=\"xmi1l885Fk\"><a href=\"https:\/\/kapitalis.com\/tunisie\/2019\/02\/22\/selim-azzabi-annonce-la-feuille-de-route-pour-le-congres-de-tahya-tounes\/\">Selim Azzabi annonce la feuille de route pour le Congr\u00e8s de Tahya Tounes<\/a><\/blockquote><iframe loading=\"lazy\" class=\"wp-embedded-content\" sandbox=\"allow-scripts\" security=\"restricted\" style=\"position: absolute; clip: rect(1px, 1px, 1px, 1px);\" title=\"\u00ab\u00a0Selim Azzabi annonce la feuille de route pour le Congr\u00e8s de Tahya Tounes\u00a0\u00bb &#8212; Kapitalis\" src=\"https:\/\/kapitalis.com\/tunisie\/2019\/02\/22\/selim-azzabi-annonce-la-feuille-de-route-pour-le-congres-de-tahya-tounes\/embed\/#?secret=IVuXnkjxZx#?secret=xmi1l885Fk\" data-secret=\"xmi1l885Fk\" width=\"600\" height=\"338\" frameborder=\"0\" marginwidth=\"0\" marginheight=\"0\" scrolling=\"no\"><\/iframe><\/p>","protected":false},"excerpt":{"rendered":"<p>Tahya Tounes\u00a0 a report\u00e9 la cl\u00f4ture de son congr\u00e8s national constitutif, pr\u00e9vu aujourd\u2019hui, dimanche 28 avril 2019, \u00e0 Rad\u00e8s (banlieue sud de Tunis), \u00e0 mercredi prochain, 1er mai. Et ce suite aux derniers \u00e9v\u00e9nements ayant \u00e9branl\u00e9 le pays.<\/p>\n","protected":false},"author":6,"featured_media":209602,"comment_status":"open","ping_status":"open","sticky":false,"template":"","format":"standard","meta":{"footnotes":""},"categories":[997,2433],"tags":[225,1872,13610,54991],"class_list":["post-209594","post","type-post","status-publish","format-standard","has-post-thumbnail","hentry","category-politique","category-tunisie","tag-congres","tag-rades","tag-selim-azzabi","tag-tahya-tounes"],"yoast_head":"<!-- This site is optimized with the Yoast SEO plugin v26.6 - https:\/\/yoast.com\/wordpress\/plugins\/seo\/ -->\n<title>Tahya Tounes reporte la cl\u00f4ture de son congr\u00e8s constitutif - Kapitalis<\/title>\n<meta name=\"robots\" content=\"index, follow, max-snippet:-1, max-image-preview:large, max-video-preview:-1\" \/>\n<link rel=\"canonical\" href=\"https:\/\/kapitalis.com\/tunisie\/2019\/04\/28\/tahya-tounes-reporte-la-cloture-son-1er-congres-constitutif\/\" \/>\n<meta property=\"og:locale\" content=\"fr_FR\" \/>\n<meta property=\"og:type\" content=\"article\" \/>\n<meta property=\"og:title\" content=\"Tahya Tounes reporte la cl\u00f4ture de son congr\u00e8s constitutif - Kapitalis\" \/>\n<meta property=\"og:description\" content=\"Tahya Tounes\u00a0 a report\u00e9 la cl\u00f4ture de son congr\u00e8s national constitutif, pr\u00e9vu aujourd\u2019hui, dimanche 28 avril 2019, \u00e0 Rad\u00e8s (banlieue sud de Tunis), \u00e0 mercredi prochain, 1er mai. Et ce suite aux derniers \u00e9v\u00e9nements ayant \u00e9branl\u00e9 le pays.\" \/>\n<meta property=\"og:url\" content=\"https:\/\/kapitalis.com\/tunisie\/2019\/04\/28\/tahya-tounes-reporte-la-cloture-son-1er-congres-constitutif\/\" \/>\n<meta property=\"og:site_name\" content=\"Kapitalis\" \/>\n<meta property=\"article:publisher\" content=\"https:\/\/www.facebook.com\/KapitalisInfo\/\" \/>\n<meta property=\"article:published_time\" content=\"2019-04-28T13:59:19+00:00\" \/>\n<meta property=\"article:modified_time\" content=\"2019-04-28T14:08:49+00:00\" \/>\n<meta property=\"og:image\" content=\"https:\/\/kapitalis.com\/tunisie\/wp-content\/uploads\/2022\/05\/kapitalis-logo-fb.png\" \/>\n\t<meta property=\"og:image:width\" content=\"1200\" \/>\n\t<meta property=\"og:image:height\" content=\"630\" \/>\n\t<meta property=\"og:image:type\" content=\"image\/png\" \/>\n<meta name=\"author\" content=\"Yusra NY\" \/>\n<meta name=\"twitter:card\" content=\"summary_large_image\" \/>\n<meta name=\"twitter:creator\" content=\"@KapitalisInfo\" \/>\n<meta name=\"twitter:site\" content=\"@KapitalisInfo\" \/>\n<meta name=\"twitter:label1\" content=\"\u00c9crit par\" \/>\n\t<meta name=\"twitter:data1\" content=\"Yusra NY\" \/>\n\t<meta name=\"twitter:label2\" content=\"Dur\u00e9e de lecture estim\u00e9e\" \/>\n\t<meta name=\"twitter:data2\" content=\"1 minute\" \/>\n<script type=\"application\/ld+json\" class=\"yoast-schema-graph\">{\"@context\":\"https:\/\/schema.org\",\"@graph\":[{\"@type\":\"Article\",\"@id\":\"https:\/\/kapitalis.com\/tunisie\/2019\/04\/28\/tahya-tounes-reporte-la-cloture-son-1er-congres-constitutif\/#article\",\"isPartOf\":{\"@id\":\"https:\/\/kapitalis.com\/tunisie\/2019\/04\/28\/tahya-tounes-reporte-la-cloture-son-1er-congres-constitutif\/\"},\"author\":{\"name\":\"Yusra NY\",\"@id\":\"https:\/\/kapitalis.com\/tunisie\/#\/schema\/person\/74bbde0154d49d790a92aaeac5bc01d5\"},\"headline\":\"Tahya Tounes reporte la cl\u00f4ture de son congr\u00e8s constitutif\",\"datePublished\":\"2019-04-28T13:59:19+00:00\",\"dateModified\":\"2019-04-28T14:08:49+00:00\",\"mainEntityOfPage\":{\"@id\":\"https:\/\/kapitalis.com\/tunisie\/2019\/04\/28\/tahya-tounes-reporte-la-cloture-son-1er-congres-constitutif\/\"},\"wordCount\":274,\"commentCount\":0,\"publisher\":{\"@id\":\"https:\/\/kapitalis.com\/tunisie\/#organization\"},\"image\":{\"@id\":\"https:\/\/kapitalis.com\/tunisie\/2019\/04\/28\/tahya-tounes-reporte-la-cloture-son-1er-congres-constitutif\/#primaryimage\"},\"thumbnailUrl\":\"\",\"keywords\":[\"congr\u00e8s\",\"Rad\u00e8s\",\"S\u00e9lim Azzabi\",\"Tahya Tounes\"],\"articleSection\":[\"POLITIQUE\",\"Tunisie\"],\"inLanguage\":\"fr-FR\",\"potentialAction\":[{\"@type\":\"CommentAction\",\"name\":\"Comment\",\"target\":[\"https:\/\/kapitalis.com\/tunisie\/2019\/04\/28\/tahya-tounes-reporte-la-cloture-son-1er-congres-constitutif\/#respond\"]}]},{\"@type\":\"WebPage\",\"@id\":\"https:\/\/kapitalis.com\/tunisie\/2019\/04\/28\/tahya-tounes-reporte-la-cloture-son-1er-congres-constitutif\/\",\"url\":\"https:\/\/kapitalis.com\/tunisie\/2019\/04\/28\/tahya-tounes-reporte-la-cloture-son-1er-congres-constitutif\/\",\"name\":\"Tahya Tounes reporte la cl\u00f4ture de son congr\u00e8s constitutif - Kapitalis\",\"isPartOf\":{\"@id\":\"https:\/\/kapitalis.com\/tunisie\/#website\"},\"primaryImageOfPage\":{\"@id\":\"https:\/\/kapitalis.com\/tunisie\/2019\/04\/28\/tahya-tounes-reporte-la-cloture-son-1er-congres-constitutif\/#primaryimage\"},\"image\":{\"@id\":\"https:\/\/kapitalis.com\/tunisie\/2019\/04\/28\/tahya-tounes-reporte-la-cloture-son-1er-congres-constitutif\/#primaryimage\"},\"thumbnailUrl\":\"\",\"datePublished\":\"2019-04-28T13:59:19+00:00\",\"dateModified\":\"2019-04-28T14:08:49+00:00\",\"breadcrumb\":{\"@id\":\"https:\/\/kapitalis.com\/tunisie\/2019\/04\/28\/tahya-tounes-reporte-la-cloture-son-1er-congres-constitutif\/#breadcrumb\"},\"inLanguage\":\"fr-FR\",\"potentialAction\":[{\"@type\":\"ReadAction\",\"target\":[\"https:\/\/kapitalis.com\/tunisie\/2019\/04\/28\/tahya-tounes-reporte-la-cloture-son-1er-congres-constitutif\/\"]}]},{\"@type\":\"ImageObject\",\"inLanguage\":\"fr-FR\",\"@id\":\"https:\/\/kapitalis.com\/tunisie\/2019\/04\/28\/tahya-tounes-reporte-la-cloture-son-1er-congres-constitutif\/#primaryimage\",\"url\":\"\",\"contentUrl\":\"\"},{\"@type\":\"BreadcrumbList\",\"@id\":\"https:\/\/kapitalis.com\/tunisie\/2019\/04\/28\/tahya-tounes-reporte-la-cloture-son-1er-congres-constitutif\/#breadcrumb\",\"itemListElement\":[{\"@type\":\"ListItem\",\"position\":1,\"name\":\"Accueil\",\"item\":\"https:\/\/kapitalis.com\/tunisie\/\"},{\"@type\":\"ListItem\",\"position\":2,\"name\":\"Tahya Tounes reporte la cl\u00f4ture de son congr\u00e8s constitutif\"}]},{\"@type\":\"WebSite\",\"@id\":\"https:\/\/kapitalis.com\/tunisie\/#website\",\"url\":\"https:\/\/kapitalis.com\/tunisie\/\",\"name\":\"Kapitalis\",\"description\":\"L&#039;actualit\u00e9 en Tunisie et dans le monde\",\"publisher\":{\"@id\":\"https:\/\/kapitalis.com\/tunisie\/#organization\"},\"potentialAction\":[{\"@type\":\"SearchAction\",\"target\":{\"@type\":\"EntryPoint\",\"urlTemplate\":\"https:\/\/kapitalis.com\/tunisie\/?s={search_term_string}\"},\"query-input\":{\"@type\":\"PropertyValueSpecification\",\"valueRequired\":true,\"valueName\":\"search_term_string\"}}],\"inLanguage\":\"fr-FR\"},{\"@type\":\"Organization\",\"@id\":\"https:\/\/kapitalis.com\/tunisie\/#organization\",\"name\":\"Kapitalis\",\"url\":\"https:\/\/kapitalis.com\/tunisie\/\",\"logo\":{\"@type\":\"ImageObject\",\"inLanguage\":\"fr-FR\",\"@id\":\"https:\/\/kapitalis.com\/tunisie\/#\/schema\/logo\/image\/\",\"url\":\"https:\/\/kapitalis.com\/tunisie\/wp-content\/uploads\/2022\/05\/Kapitalis-big-size.png\",\"contentUrl\":\"https:\/\/kapitalis.com\/tunisie\/wp-content\/uploads\/2022\/05\/Kapitalis-big-size.png\",\"width\":5000,\"height\":1500,\"caption\":\"Kapitalis\"},\"image\":{\"@id\":\"https:\/\/kapitalis.com\/tunisie\/#\/schema\/logo\/image\/\"},\"sameAs\":[\"https:\/\/www.facebook.com\/KapitalisInfo\/\",\"https:\/\/x.com\/KapitalisInfo\",\"https:\/\/www.youtube.com\/channel\/UC-yDYrHyfFBWWZaOw3FPg9Q\"]},{\"@type\":\"Person\",\"@id\":\"https:\/\/kapitalis.com\/tunisie\/#\/schema\/person\/74bbde0154d49d790a92aaeac5bc01d5\",\"name\":\"Yusra NY\",\"url\":\"https:\/\/kapitalis.com\/tunisie\/author\/yuza_adam\/\"}]}<\/script>\n<!-- \/ Yoast SEO plugin. -->","yoast_head_json":{"title":"Tahya Tounes reporte la cl\u00f4ture de son congr\u00e8s constitutif - Kapitalis","robots":{"index":"index","follow":"follow","max-snippet":"max-snippet:-1","max-image-preview":"max-image-preview:large","max-video-preview":"max-video-preview:-1"},"canonical":"https:\/\/kapitalis.com\/tunisie\/2019\/04\/28\/tahya-tounes-reporte-la-cloture-son-1er-congres-constitutif\/","og_locale":"fr_FR","og_type":"article","og_title":"Tahya Tounes reporte la cl\u00f4ture de son congr\u00e8s constitutif - Kapitalis","og_description":"Tahya Tounes\u00a0 a report\u00e9 la cl\u00f4ture de son congr\u00e8s national constitutif, pr\u00e9vu aujourd\u2019hui, dimanche 28 avril 2019, \u00e0 Rad\u00e8s (banlieue sud de Tunis), \u00e0 mercredi prochain, 1er mai. Et ce suite aux derniers \u00e9v\u00e9nements ayant \u00e9branl\u00e9 le pays.","og_url":"https:\/\/kapitalis.com\/tunisie\/2019\/04\/28\/tahya-tounes-reporte-la-cloture-son-1er-congres-constitutif\/","og_site_name":"Kapitalis","article_publisher":"https:\/\/www.facebook.com\/KapitalisInfo\/","article_published_time":"2019-04-28T13:59:19+00:00","article_modified_time":"2019-04-28T14:08:49+00:00","og_image":[{"width":1200,"height":630,"url":"https:\/\/kapitalis.com\/tunisie\/wp-content\/uploads\/2022\/05\/kapitalis-logo-fb.png","type":"image\/png"}],"author":"Yusra NY","twitter_card":"summary_large_image","twitter_creator":"@KapitalisInfo","twitter_site":"@KapitalisInfo","twitter_misc":{"\u00c9crit par":"Yusra NY","Dur\u00e9e de lecture estim\u00e9e":"1 minute"},"schema":{"@context":"https:\/\/schema.org","@graph":[{"@type":"Article","@id":"https:\/\/kapitalis.com\/tunisie\/2019\/04\/28\/tahya-tounes-reporte-la-cloture-son-1er-congres-constitutif\/#article","isPartOf":{"@id":"https:\/\/kapitalis.com\/tunisie\/2019\/04\/28\/tahya-tounes-reporte-la-cloture-son-1er-congres-constitutif\/"},"author":{"name":"Yusra NY","@id":"https:\/\/kapitalis.com\/tunisie\/#\/schema\/person\/74bbde0154d49d790a92aaeac5bc01d5"},"headline":"Tahya Tounes reporte la cl\u00f4ture de son congr\u00e8s constitutif","datePublished":"2019-04-28T13:59:19+00:00","dateModified":"2019-04-28T14:08:49+00:00","mainEntityOfPage":{"@id":"https:\/\/kapitalis.com\/tunisie\/2019\/04\/28\/tahya-tounes-reporte-la-cloture-son-1er-congres-constitutif\/"},"wordCount":274,"commentCount":0,"publisher":{"@id":"https:\/\/kapitalis.com\/tunisie\/#organization"},"image":{"@id":"https:\/\/kapitalis.com\/tunisie\/2019\/04\/28\/tahya-tounes-reporte-la-cloture-son-1er-congres-constitutif\/#primaryimage"},"thumbnailUrl":"","keywords":["congr\u00e8s","Rad\u00e8s","S\u00e9lim Azzabi","Tahya Tounes"],"articleSection":["POLITIQUE","Tunisie"],"inLanguage":"fr-FR","potentialAction":[{"@type":"CommentAction","name":"Comment","target":["https:\/\/kapitalis.com\/tunisie\/2019\/04\/28\/tahya-tounes-reporte-la-cloture-son-1er-congres-constitutif\/#respond"]}]},{"@type":"WebPage","@id":"https:\/\/kapitalis.com\/tunisie\/2019\/04\/28\/tahya-tounes-reporte-la-cloture-son-1er-congres-constitutif\/","url":"https:\/\/kapitalis.com\/tunisie\/2019\/04\/28\/tahya-tounes-reporte-la-cloture-son-1er-congres-constitutif\/","name":"Tahya Tounes reporte la cl\u00f4ture de son congr\u00e8s constitutif - Kapitalis","isPartOf":{"@id":"https:\/\/kapitalis.com\/tunisie\/#website"},"primaryImageOfPage":{"@id":"https:\/\/kapitalis.com\/tunisie\/2019\/04\/28\/tahya-tounes-reporte-la-cloture-son-1er-congres-constitutif\/#primaryimage"},"image":{"@id":"https:\/\/kapitalis.com\/tunisie\/2019\/04\/28\/tahya-tounes-reporte-la-cloture-son-1er-congres-constitutif\/#primaryimage"},"thumbnailUrl":"","datePublished":"2019-04-28T13:59:19+00:00","dateModified":"2019-04-28T14:08:49+00:00","breadcrumb":{"@id":"https:\/\/kapitalis.com\/tunisie\/2019\/04\/28\/tahya-tounes-reporte-la-cloture-son-1er-congres-constitutif\/#breadcrumb"},"inLanguage":"fr-FR","potentialAction":[{"@type":"ReadAction","target":["https:\/\/kapitalis.com\/tunisie\/2019\/04\/28\/tahya-tounes-reporte-la-cloture-son-1er-congres-constitutif\/"]}]},{"@type":"ImageObject","inLanguage":"fr-FR","@id":"https:\/\/kapitalis.com\/tunisie\/2019\/04\/28\/tahya-tounes-reporte-la-cloture-son-1er-congres-constitutif\/#primaryimage","url":"","contentUrl":""},{"@type":"BreadcrumbList","@id":"https:\/\/kapitalis.com\/tunisie\/2019\/04\/28\/tahya-tounes-reporte-la-cloture-son-1er-congres-constitutif\/#breadcrumb","itemListElement":[{"@type":"ListItem","position":1,"name":"Accueil","item":"https:\/\/kapitalis.com\/tunisie\/"},{"@type":"ListItem","position":2,"name":"Tahya Tounes reporte la cl\u00f4ture de son congr\u00e8s constitutif"}]},{"@type":"WebSite","@id":"https:\/\/kapitalis.com\/tunisie\/#website","url":"https:\/\/kapitalis.com\/tunisie\/","name":"Kapitalis","description":"L&#039;actualit\u00e9 en Tunisie et dans le monde","publisher":{"@id":"https:\/\/kapitalis.com\/tunisie\/#organization"},"potentialAction":[{"@type":"SearchAction","target":{"@type":"EntryPoint","urlTemplate":"https:\/\/kapitalis.com\/tunisie\/?s={search_term_string}"},"query-input":{"@type":"PropertyValueSpecification","valueRequired":true,"valueName":"search_term_string"}}],"inLanguage":"fr-FR"},{"@type":"Organization","@id":"https:\/\/kapitalis.com\/tunisie\/#organization","name":"Kapitalis","url":"https:\/\/kapitalis.com\/tunisie\/","logo":{"@type":"ImageObject","inLanguage":"fr-FR","@id":"https:\/\/kapitalis.com\/tunisie\/#\/schema\/logo\/image\/","url":"https:\/\/kapitalis.com\/tunisie\/wp-content\/uploads\/2022\/05\/Kapitalis-big-size.png","contentUrl":"https:\/\/kapitalis.com\/tunisie\/wp-content\/uploads\/2022\/05\/Kapitalis-big-size.png","width":5000,"height":1500,"caption":"Kapitalis"},"image":{"@id":"https:\/\/kapitalis.com\/tunisie\/#\/schema\/logo\/image\/"},"sameAs":["https:\/\/www.facebook.com\/KapitalisInfo\/","https:\/\/x.com\/KapitalisInfo","https:\/\/www.youtube.com\/channel\/UC-yDYrHyfFBWWZaOw3FPg9Q"]},{"@type":"Person","@id":"https:\/\/kapitalis.com\/tunisie\/#\/schema\/person\/74bbde0154d49d790a92aaeac5bc01d5","name":"Yusra NY","url":"https:\/\/kapitalis.com\/tunisie\/author\/yuza_adam\/"}]}},"_links":{"self":[{"href":"https:\/\/kapitalis.com\/tunisie\/wp-json\/wp\/v2\/posts\/209594","targetHints":{"allow":["GET"]}}],"collection":[{"href":"https:\/\/kapitalis.com\/tunisie\/wp-json\/wp\/v2\/posts"}],"about":[{"href":"https:\/\/kapitalis.com\/tunisie\/wp-json\/wp\/v2\/types\/post"}],"author":[{"embeddable":true,"href":"https:\/\/kapitalis.com\/tunisie\/wp-json\/wp\/v2\/users\/6"}],"replies":[{"embeddable":true,"href":"https:\/\/kapitalis.com\/tunisie\/wp-json\/wp\/v2\/comments?post=209594"}],"version-history":[{"count":0,"href":"https:\/\/kapitalis.com\/tunisie\/wp-json\/wp\/v2\/posts\/209594\/revisions"}],"wp:featuredmedia":[{"embeddable":true,"href":"https:\/\/kapitalis.com\/tunisie\/wp-json\/wp\/v2\/media\/209602"}],"wp:attachment":[{"href":"https:\/\/kapitalis.com\/tunisie\/wp-json\/wp\/v2\/media?parent=209594"}],"wp:term":[{"taxonomy":"category","embeddable":true,"href":"https:\/\/kapitalis.com\/tunisie\/wp-json\/wp\/v2\/categories?post=209594"},{"taxonomy":"post_tag","embeddable":true,"href":"https:\/\/kapitalis.com\/tunisie\/wp-json\/wp\/v2\/tags?post=209594"}],"curies":[{"name":"wp","href":"https:\/\/api.w.org\/{rel}","templated":true}]}}