{"id":210407,"date":"2019-05-01T18:50:28","date_gmt":"2019-05-01T17:50:28","guid":{"rendered":"http:\/\/kapitalis.com\/tunisie\/?p=210407"},"modified":"2019-05-01T19:23:51","modified_gmt":"2019-05-01T18:23:51","slug":"a-la-cloture-du-congres-de-tahya-tounes-chahed-lance-maintenant-je-ne-me-sens-plus-seul","status":"publish","type":"post","link":"https:\/\/kapitalis.com\/tunisie\/2019\/05\/01\/a-la-cloture-du-congres-de-tahya-tounes-chahed-lance-maintenant-je-ne-me-sens-plus-seul\/","title":{"rendered":"A la cl\u00f4ture du congr\u00e8s de Tahya Tounes, Chahed lance : \u00abMaintenant, je ne me sens plus seul\u00bb"},"content":{"rendered":"\n<figure class=\"wp-block-image\"><img decoding=\"async\" src=\"http:\/\/kapitalis.com\/tunisie\/wp-content\/uploads\/2019\/05\/Selim-azzabi-tahya-tounes.jpg\" alt=\"\" class=\"wp-image-210414\"\/><\/figure>\n\n\n<p><em><strong>Tahya Tounes cl\u00f4ture aujourd\u2019hui, mercredi 1er mai 2019, son congr\u00e8s \u00e0 Rad\u00e8s. A cette occasion, le secr\u00e9taire g\u00e9n\u00e9ral du parti a appel\u00e9 la famille d\u00e9mocrate \u00e0 s\u2019unir pour r\u00e9ussir les prochaines \u00e9lections et sortir la Tunisie de la crise.<\/strong><\/em><\/p>\n<p>Par <strong>Y\u00fcsra Nemlaghi<\/strong><br \/><!--more--><\/p>\n<p>Le congr\u00e8s, qui a r\u00e9uni des partisans de Tahya Tounes de toutes les r\u00e9gions du pays, a \u00e9t\u00e9 ouvert avec des chants engag\u00e9s interpr\u00e9t\u00e9s par Khaoula Taous et Fehmi Riahi.\u00a0<\/p>\n<p>Selim Azzabi, le secr\u00e9taire g\u00e9n\u00e9ral du parti, visiblement \u00e9mu, devant une salle comble, a soulign\u00e9 l\u2019importance de l\u2019union de la grande famille des d\u00e9mocrates, destouriens, patriotes et modernistes, afin d&rsquo;aller aux prochaines \u00e9lections avec les meilleures chances de succ\u00e8s.<\/p>\n<h3>Rconstruire la confiance rompue entre le peuple et les politiques<\/h3>\n<p>Il est conscient sans doute du fait que l&rsquo;\u00e9parpillement actuel de cette famille, aujourd&rsquo;hui on ne peut plus d\u00e9sunie, ouvre un boulevard devant le parti islamiste Ennahda. Il y a donc, pour cette famille, p\u00e9ril en la demeure&#8230; Et une r\u00e9action salutaire de rassemblement est urgente.\u00a0<\/p>\n<p style=\"text-align: center;\"><img loading=\"lazy\" decoding=\"async\" class=\"alignnone wp-image-210418\" src=\"http:\/\/kapitalis.com\/tunisie\/wp-content\/uploads\/2019\/05\/Congres-tahya-tounes.jpg\" alt=\"\" width=\"500\" height=\"304\" \/><\/p>\n<p>Tout en soulignant la n\u00e9cessit\u00e9 de reconstruire la confiance rompue entre le peuple et les dirigeants politiques et de laisser place \u00e0 la jeunesse ambitieuse, Selim Azzabi, qui parle sans doute de lui-m\u00eame et de ses jeunes camarades du parti, a assur\u00e9 qu&rsquo;il fallait tirer des le\u00e7ons des pr\u00e9c\u00e9dentes exp\u00e9riences, sans donner plus de pr\u00e9cision.<\/p>\n<p>Il fait, peut-\u00eatre, allusion, ici, \u00e0 l&rsquo;implosion de Nidaa Tounes, son ancien parti, o\u00f9 les querelles de leadership et les combats de chefs ont \u00e9clat\u00e9 juste apr\u00e8s le triomphe \u00e9lectoral aux l\u00e9gislatives et \u00e0 la pr\u00e9sidentielle de 2014, r\u00e9duisant le parti \u00e0 ce qu&rsquo;il est aujourd&rsquo;hui: un v\u00e9ritable nid de vip\u00e8res.\u00a0<\/p>\n<p>M. Azzabi a r\u00e9v\u00e9l\u00e9, au passage, un secret de polichinelle, \u00e0 savoir que le leader du nouveau parti n&rsquo;est autre que Youssef Chahed, l&rsquo;actuel chef du gouvernement, m\u00eame si ce dernier maintient un faux myst\u00e8re sur ses projets politiques. \u00ab<em>M. Chahed a d\u2019autres engagements, pr\u00e9occupations et responsabilit\u00e9s pour le pays<\/em>\u00bb, a dit M. Azzabi, comme pour justifier la distance artificielle que M. Chahed maintient toujours (mais pour combien de temps encore?) vis-\u00e0-vis de Tahya Tounes.\u00a0<\/p>\n<p>Aussi avons-nous pens\u00e9, un moment, que ce dernier n&rsquo;allait pas honorer l&rsquo;invitation de Tahya Tounes, \u00e0 l&rsquo;instar du pr\u00e9sident de la r\u00e9publique, B\u00e9ji Ca\u00efd Essebsi, qui a brill\u00e9 par son absence, mais M. Chahed a tenu \u00e0 venir \u00e0 Rad\u00e8s. Il a cependant ax\u00e9 son allocution sur les r\u00e9alisations de son gouvernement et sa feuille de route pour les prochains mois.<\/p>\n<p>Parlant des liens entre son gouvernement et Tahya Tounes, objet de pol\u00e9mique aliment\u00e9e par l&rsquo;opposition, d\u00e9non\u00e7ant l&rsquo;utilisation des moyens de l&rsquo;Etat en faveur du jeune parti, M. Chahed a lanc\u00e9 cette formule : \u00ab<em>Ce n&rsquo;est pas le parti qui a profit\u00e9 du gouvernement, mais c&rsquo;est le gouvernement qui a profit\u00e9 du parti<\/em>\u00bb, laissant entendre que son gouvernement a trouv\u00e9 aupr\u00e8s des dirigeants de Tahya Tounes le soutien qu&rsquo;il n&rsquo;a pas eu de la part des autres partis de la majorit\u00e9, et au premier rang desquels Nidaa Tounes, pass\u00e9 carr\u00e9ment dans l&rsquo;opposition. <em>\u00abMaintenant, je ne me sens plus seul\u00bb,<\/em> a lanc\u00e9 M. Chahed, laissant entendre qu&rsquo;il a d\u00e9sormais derri\u00e8re lui un parti. Ce que les pr\u00e9sents ont tenu \u00e0 confirmer en criant: <em>\u00abNous sommes avec toi\u00bb.<\/em><\/p>\n<h3>Ni Mao Zedong ni Hassan Al-Banna !<\/h3>\n<p>Une phrase du chef du gouvernement a aussi retenu l&rsquo;attention des congressistes: <em>\u00abNotre m\u00e9thode et notre voie sont l&rsquo;Etat national et non pas ce qu&rsquo;a dit Mao Zedong ou ce qu&rsquo;a dit Hassan Al-Banna\u00bb, <\/em>renvoyant ainsi dos-\u00e0-dos les deux extr\u00e9mit\u00e9s de la sc\u00e8ne politique tunisienne: la gauche prol\u00e9tarienne et l&rsquo;islamisme, ou plus clairement, le Front populaire et Ennahdha.\u00a0<\/p>\n<p>Tout en affirmant que son gouvernement travaille dans des conditions tr\u00e8s difficiles, en raison de la crise socio-\u00e9conomique que le pays traverse depuis 2011, M. Chahed a r\u00e9it\u00e9r\u00e9 l&rsquo;engagement pris lors de son investiture par l&rsquo;Assembl\u00e9e, celui de continuer \u00e0 \u0153uvrer pour sortir le pays de la crise.\u00a0<\/p>\n<p style=\"text-align: center;\"><img loading=\"lazy\" decoding=\"async\" class=\"alignnone wp-image-210420\" src=\"http:\/\/kapitalis.com\/tunisie\/wp-content\/uploads\/2019\/05\/Tahya-Tounes-congr\u00e8s.jpg\" alt=\"\" width=\"500\" height=\"304\" \/><\/p>\n<p>Par ailleurs, le pr\u00e9sident du congr\u00e8s, Kamel Idir, a rappel\u00e9 l&rsquo;\u00e9lection de Selim Azzabi en tant que secr\u00e9taire g\u00e9n\u00e9ral du parti.<\/p>\n<p>Rappelons que le congr\u00e8s de Tahya Tounes, ouvert vendredi dernier, 26 avril, devait \u00eatre cl\u00f4tur\u00e9, dimanche 28 avril, mais la c\u00e9r\u00e9monie de cl\u00f4ture a d\u00fb \u00eatre report\u00e9e \u00e0 aujourd&rsquo;hui \u00e0 cause du tragique accident de samedi, \u00e0 Sabbala (Sidi Bouzid), qui a fait 12 morts et 21 bless\u00e9s, en majorit\u00e9 des ouvri\u00e8res agricoles.<\/p>","protected":false},"excerpt":{"rendered":"<p>Tahya Tounes cl\u00f4ture aujourd\u2019hui, mercredi 1er mai 2019, son congr\u00e8s \u00e0 Rad\u00e8s. A cette occasion, le secr\u00e9taire g\u00e9n\u00e9ral du parti a appel\u00e9 la famille d\u00e9mocrate \u00e0 s\u2019unir pour r\u00e9ussir les prochaines \u00e9lections et sortir la Tunisie de la crise. Par Y\u00fcsra Nemlaghi<\/p>\n","protected":false},"author":6,"featured_media":210414,"comment_status":"open","ping_status":"open","sticky":false,"template":"","format":"standard","meta":{"footnotes":""},"categories":[992,997,2433],"tags":[13610,54991],"class_list":["post-210407","post","type-post","status-publish","format-standard","has-post-thumbnail","hentry","category-a-la-une","category-politique","category-tunisie","tag-selim-azzabi","tag-tahya-tounes"],"yoast_head":"<!-- This site is optimized with the Yoast SEO plugin v26.6 - https:\/\/yoast.com\/wordpress\/plugins\/seo\/ -->\n<title>A la cl\u00f4ture du congr\u00e8s de Tahya Tounes, Chahed lance : \u00abMaintenant, je ne me sens plus seul\u00bb - Kapitalis<\/title>\n<meta name=\"robots\" content=\"index, follow, max-snippet:-1, max-image-preview:large, max-video-preview:-1\" \/>\n<link rel=\"canonical\" href=\"https:\/\/kapitalis.com\/tunisie\/2019\/05\/01\/a-la-cloture-du-congres-de-tahya-tounes-chahed-lance-maintenant-je-ne-me-sens-plus-seul\/\" \/>\n<meta property=\"og:locale\" content=\"fr_FR\" \/>\n<meta property=\"og:type\" content=\"article\" \/>\n<meta property=\"og:title\" content=\"A la cl\u00f4ture du congr\u00e8s de Tahya Tounes, Chahed lance : \u00abMaintenant, je ne me sens plus seul\u00bb - Kapitalis\" \/>\n<meta property=\"og:description\" content=\"Tahya Tounes cl\u00f4ture aujourd\u2019hui, mercredi 1er mai 2019, son congr\u00e8s \u00e0 Rad\u00e8s. A cette occasion, le secr\u00e9taire g\u00e9n\u00e9ral du parti a appel\u00e9 la famille d\u00e9mocrate \u00e0 s\u2019unir pour r\u00e9ussir les prochaines \u00e9lections et sortir la Tunisie de la crise. Par Y\u00fcsra Nemlaghi\" \/>\n<meta property=\"og:url\" content=\"https:\/\/kapitalis.com\/tunisie\/2019\/05\/01\/a-la-cloture-du-congres-de-tahya-tounes-chahed-lance-maintenant-je-ne-me-sens-plus-seul\/\" \/>\n<meta property=\"og:site_name\" content=\"Kapitalis\" \/>\n<meta property=\"article:publisher\" content=\"https:\/\/www.facebook.com\/KapitalisInfo\/\" \/>\n<meta property=\"article:published_time\" content=\"2019-05-01T17:50:28+00:00\" \/>\n<meta property=\"article:modified_time\" content=\"2019-05-01T18:23:51+00:00\" \/>\n<meta property=\"og:image\" content=\"https:\/\/kapitalis.com\/tunisie\/wp-content\/uploads\/2022\/05\/kapitalis-logo-fb.png\" \/>\n\t<meta property=\"og:image:width\" content=\"1200\" \/>\n\t<meta property=\"og:image:height\" content=\"630\" \/>\n\t<meta property=\"og:image:type\" content=\"image\/png\" \/>\n<meta name=\"author\" content=\"Yusra NY\" \/>\n<meta name=\"twitter:card\" content=\"summary_large_image\" \/>\n<meta name=\"twitter:creator\" content=\"@KapitalisInfo\" \/>\n<meta name=\"twitter:site\" content=\"@KapitalisInfo\" \/>\n<meta name=\"twitter:label1\" content=\"\u00c9crit par\" \/>\n\t<meta name=\"twitter:data1\" content=\"Yusra NY\" \/>\n\t<meta name=\"twitter:label2\" content=\"Dur\u00e9e de lecture estim\u00e9e\" \/>\n\t<meta name=\"twitter:data2\" content=\"4 minutes\" \/>\n<script type=\"application\/ld+json\" class=\"yoast-schema-graph\">{\"@context\":\"https:\/\/schema.org\",\"@graph\":[{\"@type\":\"Article\",\"@id\":\"https:\/\/kapitalis.com\/tunisie\/2019\/05\/01\/a-la-cloture-du-congres-de-tahya-tounes-chahed-lance-maintenant-je-ne-me-sens-plus-seul\/#article\",\"isPartOf\":{\"@id\":\"https:\/\/kapitalis.com\/tunisie\/2019\/05\/01\/a-la-cloture-du-congres-de-tahya-tounes-chahed-lance-maintenant-je-ne-me-sens-plus-seul\/\"},\"author\":{\"name\":\"Yusra NY\",\"@id\":\"https:\/\/kapitalis.com\/tunisie\/#\/schema\/person\/74bbde0154d49d790a92aaeac5bc01d5\"},\"headline\":\"A la cl\u00f4ture du congr\u00e8s de Tahya Tounes, Chahed lance : \u00abMaintenant, je ne me sens plus seul\u00bb\",\"datePublished\":\"2019-05-01T17:50:28+00:00\",\"dateModified\":\"2019-05-01T18:23:51+00:00\",\"mainEntityOfPage\":{\"@id\":\"https:\/\/kapitalis.com\/tunisie\/2019\/05\/01\/a-la-cloture-du-congres-de-tahya-tounes-chahed-lance-maintenant-je-ne-me-sens-plus-seul\/\"},\"wordCount\":806,\"commentCount\":2,\"publisher\":{\"@id\":\"https:\/\/kapitalis.com\/tunisie\/#organization\"},\"image\":{\"@id\":\"https:\/\/kapitalis.com\/tunisie\/2019\/05\/01\/a-la-cloture-du-congres-de-tahya-tounes-chahed-lance-maintenant-je-ne-me-sens-plus-seul\/#primaryimage\"},\"thumbnailUrl\":\"\",\"keywords\":[\"S\u00e9lim Azzabi\",\"Tahya Tounes\"],\"articleSection\":[\"A LA UNE\",\"POLITIQUE\",\"Tunisie\"],\"inLanguage\":\"fr-FR\",\"potentialAction\":[{\"@type\":\"CommentAction\",\"name\":\"Comment\",\"target\":[\"https:\/\/kapitalis.com\/tunisie\/2019\/05\/01\/a-la-cloture-du-congres-de-tahya-tounes-chahed-lance-maintenant-je-ne-me-sens-plus-seul\/#respond\"]}]},{\"@type\":\"WebPage\",\"@id\":\"https:\/\/kapitalis.com\/tunisie\/2019\/05\/01\/a-la-cloture-du-congres-de-tahya-tounes-chahed-lance-maintenant-je-ne-me-sens-plus-seul\/\",\"url\":\"https:\/\/kapitalis.com\/tunisie\/2019\/05\/01\/a-la-cloture-du-congres-de-tahya-tounes-chahed-lance-maintenant-je-ne-me-sens-plus-seul\/\",\"name\":\"A la cl\u00f4ture du congr\u00e8s de Tahya Tounes, Chahed lance : \u00abMaintenant, je ne me sens plus seul\u00bb - Kapitalis\",\"isPartOf\":{\"@id\":\"https:\/\/kapitalis.com\/tunisie\/#website\"},\"primaryImageOfPage\":{\"@id\":\"https:\/\/kapitalis.com\/tunisie\/2019\/05\/01\/a-la-cloture-du-congres-de-tahya-tounes-chahed-lance-maintenant-je-ne-me-sens-plus-seul\/#primaryimage\"},\"image\":{\"@id\":\"https:\/\/kapitalis.com\/tunisie\/2019\/05\/01\/a-la-cloture-du-congres-de-tahya-tounes-chahed-lance-maintenant-je-ne-me-sens-plus-seul\/#primaryimage\"},\"thumbnailUrl\":\"\",\"datePublished\":\"2019-05-01T17:50:28+00:00\",\"dateModified\":\"2019-05-01T18:23:51+00:00\",\"breadcrumb\":{\"@id\":\"https:\/\/kapitalis.com\/tunisie\/2019\/05\/01\/a-la-cloture-du-congres-de-tahya-tounes-chahed-lance-maintenant-je-ne-me-sens-plus-seul\/#breadcrumb\"},\"inLanguage\":\"fr-FR\",\"potentialAction\":[{\"@type\":\"ReadAction\",\"target\":[\"https:\/\/kapitalis.com\/tunisie\/2019\/05\/01\/a-la-cloture-du-congres-de-tahya-tounes-chahed-lance-maintenant-je-ne-me-sens-plus-seul\/\"]}]},{\"@type\":\"ImageObject\",\"inLanguage\":\"fr-FR\",\"@id\":\"https:\/\/kapitalis.com\/tunisie\/2019\/05\/01\/a-la-cloture-du-congres-de-tahya-tounes-chahed-lance-maintenant-je-ne-me-sens-plus-seul\/#primaryimage\",\"url\":\"\",\"contentUrl\":\"\"},{\"@type\":\"BreadcrumbList\",\"@id\":\"https:\/\/kapitalis.com\/tunisie\/2019\/05\/01\/a-la-cloture-du-congres-de-tahya-tounes-chahed-lance-maintenant-je-ne-me-sens-plus-seul\/#breadcrumb\",\"itemListElement\":[{\"@type\":\"ListItem\",\"position\":1,\"name\":\"Accueil\",\"item\":\"https:\/\/kapitalis.com\/tunisie\/\"},{\"@type\":\"ListItem\",\"position\":2,\"name\":\"A la cl\u00f4ture du congr\u00e8s de Tahya Tounes, Chahed lance : \u00abMaintenant, je ne me sens plus seul\u00bb\"}]},{\"@type\":\"WebSite\",\"@id\":\"https:\/\/kapitalis.com\/tunisie\/#website\",\"url\":\"https:\/\/kapitalis.com\/tunisie\/\",\"name\":\"Kapitalis\",\"description\":\"L&#039;actualit\u00e9 en Tunisie et dans le monde\",\"publisher\":{\"@id\":\"https:\/\/kapitalis.com\/tunisie\/#organization\"},\"potentialAction\":[{\"@type\":\"SearchAction\",\"target\":{\"@type\":\"EntryPoint\",\"urlTemplate\":\"https:\/\/kapitalis.com\/tunisie\/?s={search_term_string}\"},\"query-input\":{\"@type\":\"PropertyValueSpecification\",\"valueRequired\":true,\"valueName\":\"search_term_string\"}}],\"inLanguage\":\"fr-FR\"},{\"@type\":\"Organization\",\"@id\":\"https:\/\/kapitalis.com\/tunisie\/#organization\",\"name\":\"Kapitalis\",\"url\":\"https:\/\/kapitalis.com\/tunisie\/\",\"logo\":{\"@type\":\"ImageObject\",\"inLanguage\":\"fr-FR\",\"@id\":\"https:\/\/kapitalis.com\/tunisie\/#\/schema\/logo\/image\/\",\"url\":\"https:\/\/kapitalis.com\/tunisie\/wp-content\/uploads\/2022\/05\/Kapitalis-big-size.png\",\"contentUrl\":\"https:\/\/kapitalis.com\/tunisie\/wp-content\/uploads\/2022\/05\/Kapitalis-big-size.png\",\"width\":5000,\"height\":1500,\"caption\":\"Kapitalis\"},\"image\":{\"@id\":\"https:\/\/kapitalis.com\/tunisie\/#\/schema\/logo\/image\/\"},\"sameAs\":[\"https:\/\/www.facebook.com\/KapitalisInfo\/\",\"https:\/\/x.com\/KapitalisInfo\",\"https:\/\/www.youtube.com\/channel\/UC-yDYrHyfFBWWZaOw3FPg9Q\"]},{\"@type\":\"Person\",\"@id\":\"https:\/\/kapitalis.com\/tunisie\/#\/schema\/person\/74bbde0154d49d790a92aaeac5bc01d5\",\"name\":\"Yusra NY\",\"url\":\"https:\/\/kapitalis.com\/tunisie\/author\/yuza_adam\/\"}]}<\/script>\n<!-- \/ Yoast SEO plugin. -->","yoast_head_json":{"title":"A la cl\u00f4ture du congr\u00e8s de Tahya Tounes, Chahed lance : \u00abMaintenant, je ne me sens plus seul\u00bb - Kapitalis","robots":{"index":"index","follow":"follow","max-snippet":"max-snippet:-1","max-image-preview":"max-image-preview:large","max-video-preview":"max-video-preview:-1"},"canonical":"https:\/\/kapitalis.com\/tunisie\/2019\/05\/01\/a-la-cloture-du-congres-de-tahya-tounes-chahed-lance-maintenant-je-ne-me-sens-plus-seul\/","og_locale":"fr_FR","og_type":"article","og_title":"A la cl\u00f4ture du congr\u00e8s de Tahya Tounes, Chahed lance : \u00abMaintenant, je ne me sens plus seul\u00bb - Kapitalis","og_description":"Tahya Tounes cl\u00f4ture aujourd\u2019hui, mercredi 1er mai 2019, son congr\u00e8s \u00e0 Rad\u00e8s. A cette occasion, le secr\u00e9taire g\u00e9n\u00e9ral du parti a appel\u00e9 la famille d\u00e9mocrate \u00e0 s\u2019unir pour r\u00e9ussir les prochaines \u00e9lections et sortir la Tunisie de la crise. Par Y\u00fcsra Nemlaghi","og_url":"https:\/\/kapitalis.com\/tunisie\/2019\/05\/01\/a-la-cloture-du-congres-de-tahya-tounes-chahed-lance-maintenant-je-ne-me-sens-plus-seul\/","og_site_name":"Kapitalis","article_publisher":"https:\/\/www.facebook.com\/KapitalisInfo\/","article_published_time":"2019-05-01T17:50:28+00:00","article_modified_time":"2019-05-01T18:23:51+00:00","og_image":[{"width":1200,"height":630,"url":"https:\/\/kapitalis.com\/tunisie\/wp-content\/uploads\/2022\/05\/kapitalis-logo-fb.png","type":"image\/png"}],"author":"Yusra NY","twitter_card":"summary_large_image","twitter_creator":"@KapitalisInfo","twitter_site":"@KapitalisInfo","twitter_misc":{"\u00c9crit par":"Yusra NY","Dur\u00e9e de lecture estim\u00e9e":"4 minutes"},"schema":{"@context":"https:\/\/schema.org","@graph":[{"@type":"Article","@id":"https:\/\/kapitalis.com\/tunisie\/2019\/05\/01\/a-la-cloture-du-congres-de-tahya-tounes-chahed-lance-maintenant-je-ne-me-sens-plus-seul\/#article","isPartOf":{"@id":"https:\/\/kapitalis.com\/tunisie\/2019\/05\/01\/a-la-cloture-du-congres-de-tahya-tounes-chahed-lance-maintenant-je-ne-me-sens-plus-seul\/"},"author":{"name":"Yusra NY","@id":"https:\/\/kapitalis.com\/tunisie\/#\/schema\/person\/74bbde0154d49d790a92aaeac5bc01d5"},"headline":"A la cl\u00f4ture du congr\u00e8s de Tahya Tounes, Chahed lance : \u00abMaintenant, je ne me sens plus seul\u00bb","datePublished":"2019-05-01T17:50:28+00:00","dateModified":"2019-05-01T18:23:51+00:00","mainEntityOfPage":{"@id":"https:\/\/kapitalis.com\/tunisie\/2019\/05\/01\/a-la-cloture-du-congres-de-tahya-tounes-chahed-lance-maintenant-je-ne-me-sens-plus-seul\/"},"wordCount":806,"commentCount":2,"publisher":{"@id":"https:\/\/kapitalis.com\/tunisie\/#organization"},"image":{"@id":"https:\/\/kapitalis.com\/tunisie\/2019\/05\/01\/a-la-cloture-du-congres-de-tahya-tounes-chahed-lance-maintenant-je-ne-me-sens-plus-seul\/#primaryimage"},"thumbnailUrl":"","keywords":["S\u00e9lim Azzabi","Tahya Tounes"],"articleSection":["A LA UNE","POLITIQUE","Tunisie"],"inLanguage":"fr-FR","potentialAction":[{"@type":"CommentAction","name":"Comment","target":["https:\/\/kapitalis.com\/tunisie\/2019\/05\/01\/a-la-cloture-du-congres-de-tahya-tounes-chahed-lance-maintenant-je-ne-me-sens-plus-seul\/#respond"]}]},{"@type":"WebPage","@id":"https:\/\/kapitalis.com\/tunisie\/2019\/05\/01\/a-la-cloture-du-congres-de-tahya-tounes-chahed-lance-maintenant-je-ne-me-sens-plus-seul\/","url":"https:\/\/kapitalis.com\/tunisie\/2019\/05\/01\/a-la-cloture-du-congres-de-tahya-tounes-chahed-lance-maintenant-je-ne-me-sens-plus-seul\/","name":"A la cl\u00f4ture du congr\u00e8s de Tahya Tounes, Chahed lance : \u00abMaintenant, je ne me sens plus seul\u00bb - Kapitalis","isPartOf":{"@id":"https:\/\/kapitalis.com\/tunisie\/#website"},"primaryImageOfPage":{"@id":"https:\/\/kapitalis.com\/tunisie\/2019\/05\/01\/a-la-cloture-du-congres-de-tahya-tounes-chahed-lance-maintenant-je-ne-me-sens-plus-seul\/#primaryimage"},"image":{"@id":"https:\/\/kapitalis.com\/tunisie\/2019\/05\/01\/a-la-cloture-du-congres-de-tahya-tounes-chahed-lance-maintenant-je-ne-me-sens-plus-seul\/#primaryimage"},"thumbnailUrl":"","datePublished":"2019-05-01T17:50:28+00:00","dateModified":"2019-05-01T18:23:51+00:00","breadcrumb":{"@id":"https:\/\/kapitalis.com\/tunisie\/2019\/05\/01\/a-la-cloture-du-congres-de-tahya-tounes-chahed-lance-maintenant-je-ne-me-sens-plus-seul\/#breadcrumb"},"inLanguage":"fr-FR","potentialAction":[{"@type":"ReadAction","target":["https:\/\/kapitalis.com\/tunisie\/2019\/05\/01\/a-la-cloture-du-congres-de-tahya-tounes-chahed-lance-maintenant-je-ne-me-sens-plus-seul\/"]}]},{"@type":"ImageObject","inLanguage":"fr-FR","@id":"https:\/\/kapitalis.com\/tunisie\/2019\/05\/01\/a-la-cloture-du-congres-de-tahya-tounes-chahed-lance-maintenant-je-ne-me-sens-plus-seul\/#primaryimage","url":"","contentUrl":""},{"@type":"BreadcrumbList","@id":"https:\/\/kapitalis.com\/tunisie\/2019\/05\/01\/a-la-cloture-du-congres-de-tahya-tounes-chahed-lance-maintenant-je-ne-me-sens-plus-seul\/#breadcrumb","itemListElement":[{"@type":"ListItem","position":1,"name":"Accueil","item":"https:\/\/kapitalis.com\/tunisie\/"},{"@type":"ListItem","position":2,"name":"A la cl\u00f4ture du congr\u00e8s de Tahya Tounes, Chahed lance : \u00abMaintenant, je ne me sens plus seul\u00bb"}]},{"@type":"WebSite","@id":"https:\/\/kapitalis.com\/tunisie\/#website","url":"https:\/\/kapitalis.com\/tunisie\/","name":"Kapitalis","description":"L&#039;actualit\u00e9 en Tunisie et dans le monde","publisher":{"@id":"https:\/\/kapitalis.com\/tunisie\/#organization"},"potentialAction":[{"@type":"SearchAction","target":{"@type":"EntryPoint","urlTemplate":"https:\/\/kapitalis.com\/tunisie\/?s={search_term_string}"},"query-input":{"@type":"PropertyValueSpecification","valueRequired":true,"valueName":"search_term_string"}}],"inLanguage":"fr-FR"},{"@type":"Organization","@id":"https:\/\/kapitalis.com\/tunisie\/#organization","name":"Kapitalis","url":"https:\/\/kapitalis.com\/tunisie\/","logo":{"@type":"ImageObject","inLanguage":"fr-FR","@id":"https:\/\/kapitalis.com\/tunisie\/#\/schema\/logo\/image\/","url":"https:\/\/kapitalis.com\/tunisie\/wp-content\/uploads\/2022\/05\/Kapitalis-big-size.png","contentUrl":"https:\/\/kapitalis.com\/tunisie\/wp-content\/uploads\/2022\/05\/Kapitalis-big-size.png","width":5000,"height":1500,"caption":"Kapitalis"},"image":{"@id":"https:\/\/kapitalis.com\/tunisie\/#\/schema\/logo\/image\/"},"sameAs":["https:\/\/www.facebook.com\/KapitalisInfo\/","https:\/\/x.com\/KapitalisInfo","https:\/\/www.youtube.com\/channel\/UC-yDYrHyfFBWWZaOw3FPg9Q"]},{"@type":"Person","@id":"https:\/\/kapitalis.com\/tunisie\/#\/schema\/person\/74bbde0154d49d790a92aaeac5bc01d5","name":"Yusra NY","url":"https:\/\/kapitalis.com\/tunisie\/author\/yuza_adam\/"}]}},"_links":{"self":[{"href":"https:\/\/kapitalis.com\/tunisie\/wp-json\/wp\/v2\/posts\/210407","targetHints":{"allow":["GET"]}}],"collection":[{"href":"https:\/\/kapitalis.com\/tunisie\/wp-json\/wp\/v2\/posts"}],"about":[{"href":"https:\/\/kapitalis.com\/tunisie\/wp-json\/wp\/v2\/types\/post"}],"author":[{"embeddable":true,"href":"https:\/\/kapitalis.com\/tunisie\/wp-json\/wp\/v2\/users\/6"}],"replies":[{"embeddable":true,"href":"https:\/\/kapitalis.com\/tunisie\/wp-json\/wp\/v2\/comments?post=210407"}],"version-history":[{"count":0,"href":"https:\/\/kapitalis.com\/tunisie\/wp-json\/wp\/v2\/posts\/210407\/revisions"}],"wp:featuredmedia":[{"embeddable":true,"href":"https:\/\/kapitalis.com\/tunisie\/wp-json\/wp\/v2\/media\/210414"}],"wp:attachment":[{"href":"https:\/\/kapitalis.com\/tunisie\/wp-json\/wp\/v2\/media?parent=210407"}],"wp:term":[{"taxonomy":"category","embeddable":true,"href":"https:\/\/kapitalis.com\/tunisie\/wp-json\/wp\/v2\/categories?post=210407"},{"taxonomy":"post_tag","embeddable":true,"href":"https:\/\/kapitalis.com\/tunisie\/wp-json\/wp\/v2\/tags?post=210407"}],"curies":[{"name":"wp","href":"https:\/\/api.w.org\/{rel}","templated":true}]}}