{"id":210816,"date":"2019-05-03T16:03:44","date_gmt":"2019-05-03T15:03:44","guid":{"rendered":"http:\/\/kapitalis.com\/tunisie\/?p=210816"},"modified":"2019-05-03T16:43:34","modified_gmt":"2019-05-03T15:43:34","slug":"greve-des-transporteurs-de-carburant-larmee-requisitionnee-pour-approvisionner-les-stations-services","status":"publish","type":"post","link":"https:\/\/kapitalis.com\/tunisie\/2019\/05\/03\/greve-des-transporteurs-de-carburant-larmee-requisitionnee-pour-approvisionner-les-stations-services\/","title":{"rendered":"Gr\u00e8ve des transporteurs de carburant : L\u2019arm\u00e9e r\u00e9quisitionn\u00e9e pour approvisionner les stations services"},"content":{"rendered":"\n<figure class=\"wp-block-image\"><img decoding=\"async\" src=\"http:\/\/kapitalis.com\/tunisie\/wp-content\/uploads\/2019\/05\/carburant-arm\u00e9e.jpg\" alt=\"\" class=\"wp-image-210824\"\/><\/figure>\n\n\n<p><em><strong>Face \u00e0 l\u2019ent\u00eatement des transporteurs de carburant qui maintiennent leur gr\u00e8ve, malgr\u00e9 l&rsquo;accord retrouv\u00e9 hier, jeudi 2 mai 2019, l\u2019arm\u00e9e nationale a \u00e9t\u00e9 appel\u00e9e \u00e0 la rescousse, aujourd&rsquo;hui, pour assurer l\u2019approvisionnement des stations services.<\/strong><\/em><!--more--><\/p>\n<p>Le gouvernement a pris cette d\u00e9cision aujourd\u2019hui, vendredi 3 mai 2019, en attendant de trouver une solution avec les gr\u00e9vistes qui, malgr\u00e9 l\u2019appel de leur syndicat, refusent de reprendre le service. Ils maintiennent la gr\u00e8ve sous pr\u00e9texte que les accords conclus entre l\u2019UGTT, l\u2019Utica et le minist\u00e8re de l\u2019Industrie sont en-de\u00e7\u00e0 de leurs attentes.<\/p>\n<p>La gr\u00e8ve a provoqu\u00e9 la col\u00e8re des automobilistes avec des files interminables devant les kiosques, avec des citoyens tentant de remplir quelques bidons et bouteilles, embouteillages, perturbations dans les transports et journ\u00e9e de travail g\u00e2ch\u00e9e pour de nombreux travailleurs\u2026<\/p>\n<p style=\"text-align: right;\"><strong>Y. N.<\/strong><\/p>\n<p><blockquote class=\"wp-embedded-content\" data-secret=\"M4JdFtlQPc\"><a href=\"https:\/\/kapitalis.com\/tunisie\/2019\/05\/03\/les-transporteurs-de-carburant-sentetent-et-poursuivent-leur-greve\/\">Les transporteurs de carburant s\u2019ent\u00eatent et poursuivent leur gr\u00e8ve\u00a0!<\/a><\/blockquote><iframe loading=\"lazy\" class=\"wp-embedded-content\" sandbox=\"allow-scripts\" security=\"restricted\" style=\"position: absolute; clip: rect(1px, 1px, 1px, 1px);\" title=\"\u00ab\u00a0Les transporteurs de carburant s\u2019ent\u00eatent et poursuivent leur gr\u00e8ve\u00a0!\u00a0\u00bb &#8212; Kapitalis\" src=\"https:\/\/kapitalis.com\/tunisie\/2019\/05\/03\/les-transporteurs-de-carburant-sentetent-et-poursuivent-leur-greve\/embed\/#?secret=GDTmUPUF2p#?secret=M4JdFtlQPc\" data-secret=\"M4JdFtlQPc\" width=\"600\" height=\"338\" frameborder=\"0\" marginwidth=\"0\" marginheight=\"0\" scrolling=\"no\"><\/iframe><\/p>","protected":false},"excerpt":{"rendered":"<p>Face \u00e0 l\u2019ent\u00eatement des transporteurs de carburant qui maintiennent leur gr\u00e8ve, malgr\u00e9 l&rsquo;accord retrouv\u00e9 hier, jeudi 2 mai 2019, l\u2019arm\u00e9e nationale a \u00e9t\u00e9 appel\u00e9e \u00e0 la rescousse, aujourd&rsquo;hui, pour assurer l\u2019approvisionnement des stations services.<\/p>\n","protected":false},"author":6,"featured_media":210824,"comment_status":"open","ping_status":"open","sticky":false,"template":"","format":"standard","meta":{"footnotes":""},"categories":[998,2433],"tags":[189,2927,418],"class_list":["post-210816","post","type-post","status-publish","format-standard","has-post-thumbnail","hentry","category-societe","category-tunisie","tag-carburant","tag-essence","tag-gouvernement"],"yoast_head":"<!-- This site is optimized with the Yoast SEO plugin v26.6 - https:\/\/yoast.com\/wordpress\/plugins\/seo\/ -->\n<title>Gr\u00e8ve des transporteurs de carburant : L\u2019arm\u00e9e r\u00e9quisitionn\u00e9e pour approvisionner les stations services - Kapitalis<\/title>\n<meta name=\"robots\" content=\"index, follow, max-snippet:-1, max-image-preview:large, max-video-preview:-1\" \/>\n<link rel=\"canonical\" href=\"https:\/\/kapitalis.com\/tunisie\/2019\/05\/03\/greve-des-transporteurs-de-carburant-larmee-requisitionnee-pour-approvisionner-les-stations-services\/\" \/>\n<meta property=\"og:locale\" content=\"fr_FR\" \/>\n<meta property=\"og:type\" content=\"article\" \/>\n<meta property=\"og:title\" content=\"Gr\u00e8ve des transporteurs de carburant : L\u2019arm\u00e9e r\u00e9quisitionn\u00e9e pour approvisionner les stations services - Kapitalis\" \/>\n<meta property=\"og:description\" content=\"Face \u00e0 l\u2019ent\u00eatement des transporteurs de carburant qui maintiennent leur gr\u00e8ve, malgr\u00e9 l&rsquo;accord retrouv\u00e9 hier, jeudi 2 mai 2019, l\u2019arm\u00e9e nationale a \u00e9t\u00e9 appel\u00e9e \u00e0 la rescousse, aujourd&rsquo;hui, pour assurer l\u2019approvisionnement des stations services.\" \/>\n<meta property=\"og:url\" content=\"https:\/\/kapitalis.com\/tunisie\/2019\/05\/03\/greve-des-transporteurs-de-carburant-larmee-requisitionnee-pour-approvisionner-les-stations-services\/\" \/>\n<meta property=\"og:site_name\" content=\"Kapitalis\" \/>\n<meta property=\"article:publisher\" content=\"https:\/\/www.facebook.com\/KapitalisInfo\/\" \/>\n<meta property=\"article:published_time\" content=\"2019-05-03T15:03:44+00:00\" \/>\n<meta property=\"article:modified_time\" content=\"2019-05-03T15:43:34+00:00\" \/>\n<meta property=\"og:image\" content=\"https:\/\/kapitalis.com\/tunisie\/wp-content\/uploads\/2022\/05\/kapitalis-logo-fb.png\" \/>\n\t<meta property=\"og:image:width\" content=\"1200\" \/>\n\t<meta property=\"og:image:height\" content=\"630\" \/>\n\t<meta property=\"og:image:type\" content=\"image\/png\" \/>\n<meta name=\"author\" content=\"Yusra NY\" \/>\n<meta name=\"twitter:card\" content=\"summary_large_image\" \/>\n<meta name=\"twitter:creator\" content=\"@KapitalisInfo\" \/>\n<meta name=\"twitter:site\" content=\"@KapitalisInfo\" \/>\n<meta name=\"twitter:label1\" content=\"\u00c9crit par\" \/>\n\t<meta name=\"twitter:data1\" content=\"Yusra NY\" \/>\n\t<meta name=\"twitter:label2\" content=\"Dur\u00e9e de lecture estim\u00e9e\" \/>\n\t<meta name=\"twitter:data2\" content=\"1 minute\" \/>\n<script type=\"application\/ld+json\" class=\"yoast-schema-graph\">{\"@context\":\"https:\/\/schema.org\",\"@graph\":[{\"@type\":\"Article\",\"@id\":\"https:\/\/kapitalis.com\/tunisie\/2019\/05\/03\/greve-des-transporteurs-de-carburant-larmee-requisitionnee-pour-approvisionner-les-stations-services\/#article\",\"isPartOf\":{\"@id\":\"https:\/\/kapitalis.com\/tunisie\/2019\/05\/03\/greve-des-transporteurs-de-carburant-larmee-requisitionnee-pour-approvisionner-les-stations-services\/\"},\"author\":{\"name\":\"Yusra NY\",\"@id\":\"https:\/\/kapitalis.com\/tunisie\/#\/schema\/person\/74bbde0154d49d790a92aaeac5bc01d5\"},\"headline\":\"Gr\u00e8ve des transporteurs de carburant : L\u2019arm\u00e9e r\u00e9quisitionn\u00e9e pour approvisionner les stations services\",\"datePublished\":\"2019-05-03T15:03:44+00:00\",\"dateModified\":\"2019-05-03T15:43:34+00:00\",\"mainEntityOfPage\":{\"@id\":\"https:\/\/kapitalis.com\/tunisie\/2019\/05\/03\/greve-des-transporteurs-de-carburant-larmee-requisitionnee-pour-approvisionner-les-stations-services\/\"},\"wordCount\":167,\"commentCount\":2,\"publisher\":{\"@id\":\"https:\/\/kapitalis.com\/tunisie\/#organization\"},\"image\":{\"@id\":\"https:\/\/kapitalis.com\/tunisie\/2019\/05\/03\/greve-des-transporteurs-de-carburant-larmee-requisitionnee-pour-approvisionner-les-stations-services\/#primaryimage\"},\"thumbnailUrl\":\"\",\"keywords\":[\"carburant\",\"essence\",\"gouvernement\"],\"articleSection\":[\"SOCIETE\",\"Tunisie\"],\"inLanguage\":\"fr-FR\",\"potentialAction\":[{\"@type\":\"CommentAction\",\"name\":\"Comment\",\"target\":[\"https:\/\/kapitalis.com\/tunisie\/2019\/05\/03\/greve-des-transporteurs-de-carburant-larmee-requisitionnee-pour-approvisionner-les-stations-services\/#respond\"]}]},{\"@type\":\"WebPage\",\"@id\":\"https:\/\/kapitalis.com\/tunisie\/2019\/05\/03\/greve-des-transporteurs-de-carburant-larmee-requisitionnee-pour-approvisionner-les-stations-services\/\",\"url\":\"https:\/\/kapitalis.com\/tunisie\/2019\/05\/03\/greve-des-transporteurs-de-carburant-larmee-requisitionnee-pour-approvisionner-les-stations-services\/\",\"name\":\"Gr\u00e8ve des transporteurs de carburant : L\u2019arm\u00e9e r\u00e9quisitionn\u00e9e pour approvisionner les stations services - Kapitalis\",\"isPartOf\":{\"@id\":\"https:\/\/kapitalis.com\/tunisie\/#website\"},\"primaryImageOfPage\":{\"@id\":\"https:\/\/kapitalis.com\/tunisie\/2019\/05\/03\/greve-des-transporteurs-de-carburant-larmee-requisitionnee-pour-approvisionner-les-stations-services\/#primaryimage\"},\"image\":{\"@id\":\"https:\/\/kapitalis.com\/tunisie\/2019\/05\/03\/greve-des-transporteurs-de-carburant-larmee-requisitionnee-pour-approvisionner-les-stations-services\/#primaryimage\"},\"thumbnailUrl\":\"\",\"datePublished\":\"2019-05-03T15:03:44+00:00\",\"dateModified\":\"2019-05-03T15:43:34+00:00\",\"breadcrumb\":{\"@id\":\"https:\/\/kapitalis.com\/tunisie\/2019\/05\/03\/greve-des-transporteurs-de-carburant-larmee-requisitionnee-pour-approvisionner-les-stations-services\/#breadcrumb\"},\"inLanguage\":\"fr-FR\",\"potentialAction\":[{\"@type\":\"ReadAction\",\"target\":[\"https:\/\/kapitalis.com\/tunisie\/2019\/05\/03\/greve-des-transporteurs-de-carburant-larmee-requisitionnee-pour-approvisionner-les-stations-services\/\"]}]},{\"@type\":\"ImageObject\",\"inLanguage\":\"fr-FR\",\"@id\":\"https:\/\/kapitalis.com\/tunisie\/2019\/05\/03\/greve-des-transporteurs-de-carburant-larmee-requisitionnee-pour-approvisionner-les-stations-services\/#primaryimage\",\"url\":\"\",\"contentUrl\":\"\"},{\"@type\":\"BreadcrumbList\",\"@id\":\"https:\/\/kapitalis.com\/tunisie\/2019\/05\/03\/greve-des-transporteurs-de-carburant-larmee-requisitionnee-pour-approvisionner-les-stations-services\/#breadcrumb\",\"itemListElement\":[{\"@type\":\"ListItem\",\"position\":1,\"name\":\"Accueil\",\"item\":\"https:\/\/kapitalis.com\/tunisie\/\"},{\"@type\":\"ListItem\",\"position\":2,\"name\":\"Gr\u00e8ve des transporteurs de carburant : L\u2019arm\u00e9e r\u00e9quisitionn\u00e9e pour approvisionner les stations services\"}]},{\"@type\":\"WebSite\",\"@id\":\"https:\/\/kapitalis.com\/tunisie\/#website\",\"url\":\"https:\/\/kapitalis.com\/tunisie\/\",\"name\":\"Kapitalis\",\"description\":\"L&#039;actualit\u00e9 en Tunisie et dans le monde\",\"publisher\":{\"@id\":\"https:\/\/kapitalis.com\/tunisie\/#organization\"},\"potentialAction\":[{\"@type\":\"SearchAction\",\"target\":{\"@type\":\"EntryPoint\",\"urlTemplate\":\"https:\/\/kapitalis.com\/tunisie\/?s={search_term_string}\"},\"query-input\":{\"@type\":\"PropertyValueSpecification\",\"valueRequired\":true,\"valueName\":\"search_term_string\"}}],\"inLanguage\":\"fr-FR\"},{\"@type\":\"Organization\",\"@id\":\"https:\/\/kapitalis.com\/tunisie\/#organization\",\"name\":\"Kapitalis\",\"url\":\"https:\/\/kapitalis.com\/tunisie\/\",\"logo\":{\"@type\":\"ImageObject\",\"inLanguage\":\"fr-FR\",\"@id\":\"https:\/\/kapitalis.com\/tunisie\/#\/schema\/logo\/image\/\",\"url\":\"https:\/\/kapitalis.com\/tunisie\/wp-content\/uploads\/2022\/05\/Kapitalis-big-size.png\",\"contentUrl\":\"https:\/\/kapitalis.com\/tunisie\/wp-content\/uploads\/2022\/05\/Kapitalis-big-size.png\",\"width\":5000,\"height\":1500,\"caption\":\"Kapitalis\"},\"image\":{\"@id\":\"https:\/\/kapitalis.com\/tunisie\/#\/schema\/logo\/image\/\"},\"sameAs\":[\"https:\/\/www.facebook.com\/KapitalisInfo\/\",\"https:\/\/x.com\/KapitalisInfo\",\"https:\/\/www.youtube.com\/channel\/UC-yDYrHyfFBWWZaOw3FPg9Q\"]},{\"@type\":\"Person\",\"@id\":\"https:\/\/kapitalis.com\/tunisie\/#\/schema\/person\/74bbde0154d49d790a92aaeac5bc01d5\",\"name\":\"Yusra NY\",\"url\":\"https:\/\/kapitalis.com\/tunisie\/author\/yuza_adam\/\"}]}<\/script>\n<!-- \/ Yoast SEO plugin. -->","yoast_head_json":{"title":"Gr\u00e8ve des transporteurs de carburant : L\u2019arm\u00e9e r\u00e9quisitionn\u00e9e pour approvisionner les stations services - Kapitalis","robots":{"index":"index","follow":"follow","max-snippet":"max-snippet:-1","max-image-preview":"max-image-preview:large","max-video-preview":"max-video-preview:-1"},"canonical":"https:\/\/kapitalis.com\/tunisie\/2019\/05\/03\/greve-des-transporteurs-de-carburant-larmee-requisitionnee-pour-approvisionner-les-stations-services\/","og_locale":"fr_FR","og_type":"article","og_title":"Gr\u00e8ve des transporteurs de carburant : L\u2019arm\u00e9e r\u00e9quisitionn\u00e9e pour approvisionner les stations services - Kapitalis","og_description":"Face \u00e0 l\u2019ent\u00eatement des transporteurs de carburant qui maintiennent leur gr\u00e8ve, malgr\u00e9 l&rsquo;accord retrouv\u00e9 hier, jeudi 2 mai 2019, l\u2019arm\u00e9e nationale a \u00e9t\u00e9 appel\u00e9e \u00e0 la rescousse, aujourd&rsquo;hui, pour assurer l\u2019approvisionnement des stations services.","og_url":"https:\/\/kapitalis.com\/tunisie\/2019\/05\/03\/greve-des-transporteurs-de-carburant-larmee-requisitionnee-pour-approvisionner-les-stations-services\/","og_site_name":"Kapitalis","article_publisher":"https:\/\/www.facebook.com\/KapitalisInfo\/","article_published_time":"2019-05-03T15:03:44+00:00","article_modified_time":"2019-05-03T15:43:34+00:00","og_image":[{"width":1200,"height":630,"url":"https:\/\/kapitalis.com\/tunisie\/wp-content\/uploads\/2022\/05\/kapitalis-logo-fb.png","type":"image\/png"}],"author":"Yusra NY","twitter_card":"summary_large_image","twitter_creator":"@KapitalisInfo","twitter_site":"@KapitalisInfo","twitter_misc":{"\u00c9crit par":"Yusra NY","Dur\u00e9e de lecture estim\u00e9e":"1 minute"},"schema":{"@context":"https:\/\/schema.org","@graph":[{"@type":"Article","@id":"https:\/\/kapitalis.com\/tunisie\/2019\/05\/03\/greve-des-transporteurs-de-carburant-larmee-requisitionnee-pour-approvisionner-les-stations-services\/#article","isPartOf":{"@id":"https:\/\/kapitalis.com\/tunisie\/2019\/05\/03\/greve-des-transporteurs-de-carburant-larmee-requisitionnee-pour-approvisionner-les-stations-services\/"},"author":{"name":"Yusra NY","@id":"https:\/\/kapitalis.com\/tunisie\/#\/schema\/person\/74bbde0154d49d790a92aaeac5bc01d5"},"headline":"Gr\u00e8ve des transporteurs de carburant : L\u2019arm\u00e9e r\u00e9quisitionn\u00e9e pour approvisionner les stations services","datePublished":"2019-05-03T15:03:44+00:00","dateModified":"2019-05-03T15:43:34+00:00","mainEntityOfPage":{"@id":"https:\/\/kapitalis.com\/tunisie\/2019\/05\/03\/greve-des-transporteurs-de-carburant-larmee-requisitionnee-pour-approvisionner-les-stations-services\/"},"wordCount":167,"commentCount":2,"publisher":{"@id":"https:\/\/kapitalis.com\/tunisie\/#organization"},"image":{"@id":"https:\/\/kapitalis.com\/tunisie\/2019\/05\/03\/greve-des-transporteurs-de-carburant-larmee-requisitionnee-pour-approvisionner-les-stations-services\/#primaryimage"},"thumbnailUrl":"","keywords":["carburant","essence","gouvernement"],"articleSection":["SOCIETE","Tunisie"],"inLanguage":"fr-FR","potentialAction":[{"@type":"CommentAction","name":"Comment","target":["https:\/\/kapitalis.com\/tunisie\/2019\/05\/03\/greve-des-transporteurs-de-carburant-larmee-requisitionnee-pour-approvisionner-les-stations-services\/#respond"]}]},{"@type":"WebPage","@id":"https:\/\/kapitalis.com\/tunisie\/2019\/05\/03\/greve-des-transporteurs-de-carburant-larmee-requisitionnee-pour-approvisionner-les-stations-services\/","url":"https:\/\/kapitalis.com\/tunisie\/2019\/05\/03\/greve-des-transporteurs-de-carburant-larmee-requisitionnee-pour-approvisionner-les-stations-services\/","name":"Gr\u00e8ve des transporteurs de carburant : L\u2019arm\u00e9e r\u00e9quisitionn\u00e9e pour approvisionner les stations services - Kapitalis","isPartOf":{"@id":"https:\/\/kapitalis.com\/tunisie\/#website"},"primaryImageOfPage":{"@id":"https:\/\/kapitalis.com\/tunisie\/2019\/05\/03\/greve-des-transporteurs-de-carburant-larmee-requisitionnee-pour-approvisionner-les-stations-services\/#primaryimage"},"image":{"@id":"https:\/\/kapitalis.com\/tunisie\/2019\/05\/03\/greve-des-transporteurs-de-carburant-larmee-requisitionnee-pour-approvisionner-les-stations-services\/#primaryimage"},"thumbnailUrl":"","datePublished":"2019-05-03T15:03:44+00:00","dateModified":"2019-05-03T15:43:34+00:00","breadcrumb":{"@id":"https:\/\/kapitalis.com\/tunisie\/2019\/05\/03\/greve-des-transporteurs-de-carburant-larmee-requisitionnee-pour-approvisionner-les-stations-services\/#breadcrumb"},"inLanguage":"fr-FR","potentialAction":[{"@type":"ReadAction","target":["https:\/\/kapitalis.com\/tunisie\/2019\/05\/03\/greve-des-transporteurs-de-carburant-larmee-requisitionnee-pour-approvisionner-les-stations-services\/"]}]},{"@type":"ImageObject","inLanguage":"fr-FR","@id":"https:\/\/kapitalis.com\/tunisie\/2019\/05\/03\/greve-des-transporteurs-de-carburant-larmee-requisitionnee-pour-approvisionner-les-stations-services\/#primaryimage","url":"","contentUrl":""},{"@type":"BreadcrumbList","@id":"https:\/\/kapitalis.com\/tunisie\/2019\/05\/03\/greve-des-transporteurs-de-carburant-larmee-requisitionnee-pour-approvisionner-les-stations-services\/#breadcrumb","itemListElement":[{"@type":"ListItem","position":1,"name":"Accueil","item":"https:\/\/kapitalis.com\/tunisie\/"},{"@type":"ListItem","position":2,"name":"Gr\u00e8ve des transporteurs de carburant : L\u2019arm\u00e9e r\u00e9quisitionn\u00e9e pour approvisionner les stations services"}]},{"@type":"WebSite","@id":"https:\/\/kapitalis.com\/tunisie\/#website","url":"https:\/\/kapitalis.com\/tunisie\/","name":"Kapitalis","description":"L&#039;actualit\u00e9 en Tunisie et dans le monde","publisher":{"@id":"https:\/\/kapitalis.com\/tunisie\/#organization"},"potentialAction":[{"@type":"SearchAction","target":{"@type":"EntryPoint","urlTemplate":"https:\/\/kapitalis.com\/tunisie\/?s={search_term_string}"},"query-input":{"@type":"PropertyValueSpecification","valueRequired":true,"valueName":"search_term_string"}}],"inLanguage":"fr-FR"},{"@type":"Organization","@id":"https:\/\/kapitalis.com\/tunisie\/#organization","name":"Kapitalis","url":"https:\/\/kapitalis.com\/tunisie\/","logo":{"@type":"ImageObject","inLanguage":"fr-FR","@id":"https:\/\/kapitalis.com\/tunisie\/#\/schema\/logo\/image\/","url":"https:\/\/kapitalis.com\/tunisie\/wp-content\/uploads\/2022\/05\/Kapitalis-big-size.png","contentUrl":"https:\/\/kapitalis.com\/tunisie\/wp-content\/uploads\/2022\/05\/Kapitalis-big-size.png","width":5000,"height":1500,"caption":"Kapitalis"},"image":{"@id":"https:\/\/kapitalis.com\/tunisie\/#\/schema\/logo\/image\/"},"sameAs":["https:\/\/www.facebook.com\/KapitalisInfo\/","https:\/\/x.com\/KapitalisInfo","https:\/\/www.youtube.com\/channel\/UC-yDYrHyfFBWWZaOw3FPg9Q"]},{"@type":"Person","@id":"https:\/\/kapitalis.com\/tunisie\/#\/schema\/person\/74bbde0154d49d790a92aaeac5bc01d5","name":"Yusra NY","url":"https:\/\/kapitalis.com\/tunisie\/author\/yuza_adam\/"}]}},"_links":{"self":[{"href":"https:\/\/kapitalis.com\/tunisie\/wp-json\/wp\/v2\/posts\/210816","targetHints":{"allow":["GET"]}}],"collection":[{"href":"https:\/\/kapitalis.com\/tunisie\/wp-json\/wp\/v2\/posts"}],"about":[{"href":"https:\/\/kapitalis.com\/tunisie\/wp-json\/wp\/v2\/types\/post"}],"author":[{"embeddable":true,"href":"https:\/\/kapitalis.com\/tunisie\/wp-json\/wp\/v2\/users\/6"}],"replies":[{"embeddable":true,"href":"https:\/\/kapitalis.com\/tunisie\/wp-json\/wp\/v2\/comments?post=210816"}],"version-history":[{"count":0,"href":"https:\/\/kapitalis.com\/tunisie\/wp-json\/wp\/v2\/posts\/210816\/revisions"}],"wp:featuredmedia":[{"embeddable":true,"href":"https:\/\/kapitalis.com\/tunisie\/wp-json\/wp\/v2\/media\/210824"}],"wp:attachment":[{"href":"https:\/\/kapitalis.com\/tunisie\/wp-json\/wp\/v2\/media?parent=210816"}],"wp:term":[{"taxonomy":"category","embeddable":true,"href":"https:\/\/kapitalis.com\/tunisie\/wp-json\/wp\/v2\/categories?post=210816"},{"taxonomy":"post_tag","embeddable":true,"href":"https:\/\/kapitalis.com\/tunisie\/wp-json\/wp\/v2\/tags?post=210816"}],"curies":[{"name":"wp","href":"https:\/\/api.w.org\/{rel}","templated":true}]}}