{"id":21122,"date":"2015-10-23T09:50:54","date_gmt":"2015-10-23T08:50:54","guid":{"rendered":"http:\/\/kapitalis.com\/tunisie\/?p=21122"},"modified":"2015-10-23T08:26:15","modified_gmt":"2015-10-23T07:26:15","slug":"syrie-larmee-de-bachar-ne-laisse-pas-de-repit-aux-terroristes","status":"publish","type":"post","link":"https:\/\/kapitalis.com\/tunisie\/2015\/10\/23\/syrie-larmee-de-bachar-ne-laisse-pas-de-repit-aux-terroristes\/","title":{"rendered":"Syrie : L\u2019arm\u00e9e de Bachar ne laisse pas de r\u00e9pit aux terroristes"},"content":{"rendered":"<p><img loading=\"lazy\" decoding=\"async\" class=\"alignnone size-full wp-image-21123 aligncenter\" src=\"http:\/\/kapitalis.com\/tunisie\/wp-content\/uploads\/2015\/10\/Bombardements-russes-en-Syrie.jpg\" alt=\"Bombardements-russes-en-Syrie\" width=\"626\" height=\"380\" \/><\/p>\n<p><em><strong>Bachar s\u2019emploie \u00e0 nettoyer le r\u00e9duit de la \u00abSyrie utile\u00bb avant la fin de l\u2019ann\u00e9e pour pouvoir peser de tout son poids sur les n\u00e9gociations d\u2019une solution politique \u00e0 la crise.<\/strong><\/em><\/p>\n<p>Par <strong>Mohamed Nafti<\/strong>*<\/p>\n<p><!--more--><\/p>\n<p>Le 20 octobre 2015, les Russes ont cl\u00f4tur\u00e9 leur troisi\u00e8me semaine de guerre contre le terrorisme en Syrie.<\/p>\n<p>Au cours de la premi\u00e8re, ils avaient men\u00e9 une campagne a\u00e9rienne bas\u00e9e sur des frappes ciblant les groupes rebelles mena\u00e7ant le r\u00e9gime de Bachar El-Assad. Les objectifs vis\u00e9s \u00e9taient concentr\u00e9s dans\u00a0 le r\u00e9duit c\u00f4tier de la Syrie utile, compris entre la c\u00f4te m\u00e9diterran\u00e9enne et l\u2019autoroute Damas-Alep.<\/p>\n<p>Au cours de la deuxi\u00e8me semaine, on a assist\u00e9 \u00e0 l\u2019entr\u00e9e en action des troupes terrestres de l\u2019arm\u00e9e syrienne qui ont attaqu\u00e9 sur deux fronts. Le premier prend en main courante l\u2019autoroute\u00a0 et c\u2019est l\u2019axe d\u2019effort de l\u2019offensive terrestre en raison des villes qui la jouxtent. Le second part de Lattaqui\u00e9 vers Alep. L\u2019objectif de l\u2019arm\u00e9e loyaliste \u00e9tant d\u2019\u00ab<em>\u00e9craser les terroristes et lib\u00e9rer les r\u00e9gions<\/em>\u00bb, celle-ci, appuy\u00e9e par l\u2019aviation russe, a r\u00e9ussi \u00e0 d\u00e9sorganiser les rebelles dans les banlieues des grandes villes de Homs, Hama et Lattaqui\u00e9 et poursuivi son avanc\u00e9e en direction d\u2019Idlib et Alep au nord. Cette deuxi\u00e8me semaine pourrait \u00eatre inscrite \u00e0 l\u2019avantage des troupes de Bachar.<\/p>\n<p><strong>Quel bilan peut-on dresser de la troisi\u00e8me ?<\/strong><\/p>\n<p><em>Synth\u00e8se des op\u00e9rations de la troisi\u00e8me semaine :<\/em><\/p>\n<p>&#8211; 14\/10 : l\u2019aviation russe a accompli 41 sorties et bombard\u00e9 des objectifs dans\u00a0 les banlieues\u00a0 des villes Idlib, Alep, Lattaqui\u00e9, Hama et Dir Ezzoor. Des affrontements ont eu lieu dans la banlieue ouest de Damas.<\/p>\n<p>&#8211; 15\/10 : 33 sorties a\u00e9riennes dans les m\u00eames villes. Des affrontements sont signal\u00e9s dans les banlieues des villes de Homs, Lattaqui\u00e9 et Damas. Un chef rebelle de Jabhat Annosra est tu\u00e9 par un tir a\u00e9rien de pr\u00e9cision. Durant la nuit, les reconnaissances a\u00e9riennes ont d\u00e9cel\u00e9 la fuite de nombreux rebelles vers la Turquie.<\/p>\n<p>\u2013 16\/10 : 36 sorties a\u00e9riennes dans les m\u00eames villes. Des\u00a0 affrontements sont concentr\u00e9s dans les banlieues de Lattaqui\u00e9 et Alep. On annonce l\u2019\u00e9limination d\u2019une douzaine de combattants \u00e9trangers parmi lesquels figurent des Tunisiens. L\u2019aviation US a parachut\u00e9 des armes anti-char et des munitions aux <em>\u00abrebelles mod\u00e9r\u00e9s\u00bb<\/em> de Jabhat Annosra \u00e0 Hama et Homs.<\/p>\n<p>\u2013 17\/10 : 36 sorties, toujours dans les m\u00eames villes. Les affrontements s\u2019\u00e9largissent au sud de Damas pr\u00e8s des villes de Kune\u00eftra et Daraa. Mais les combats les plus acharn\u00e9s se situent\u00a0 au centre o\u00f9 les troupes loyalistes rencontrent une forte r\u00e9sistance des rebelles de Jabhat Annosra \u00e0 Hama. Des observateurs affirment la pr\u00e9sence de milliers de combattants iraniens aux portes sud d\u2019Alep.<\/p>\n<p>\u2013 18\/10 : 39 sorties dans les villes de Homs, Hama, Idlib et Damas. Les affrontements sont signal\u00e9s autour des villes de Lattaqui\u00e9, Hama et Homs.<\/p>\n<p>\u2013 19\/10 : 33 sorties dans les m\u00eames villes. Pr\u00e8s\u00a0 de 35.000 citoyens civils ont fui les combats qui se d\u00e9roulent dans les banlieues sud d\u2019Alep et se dirigent vers la fronti\u00e8re turque. Les affrontements entre les troupes terrestres se situent dans les banlieues des villes d\u2019Alep, Dir Ezzoor et Darra.<\/p>\n<p>\u2013 20\/10 : 55 sorties. Dans les banlieues des villes d\u2019Idlib, Hama, Lattaqui\u00e9, Alep et Dir Ezzoor. Des affrontements acharn\u00e9s sont indiqu\u00e9s dans les banlieues de Alep et Dir Ezzoor.<\/p>\n<p><strong>Enseignements tir\u00e9s :<\/strong><\/p>\n<p>&#8211; Les frappes a\u00e9riennes : la campagne a\u00e9rienne de pr\u00e9paration n\u2019a dur\u00e9 que la premi\u00e8re\u00a0 semaine, \u00e0 l\u2019inverse de celles men\u00e9es par les Etats-Unis durant les guerres de Yougoslavie, du Golfe en 1991 et 2003, qui ont dur\u00e9 plus de 4 semaines. En outre, les objectifs des frappes \u00e9taient bien choisis et se limitent aux postes de commandement, aux d\u00e9p\u00f4ts de munitions et aux camps d\u2019entrainement des rebelles. Autre particularit\u00e9 de ces frappes: le targeting (ciblage) de chefs rebelles. 35 sorties a\u00e9riennes sont effectu\u00e9es en moyenne chaque jour. Le 20\/10 elles ont presque doubl\u00e9 (55 sorties). Faut-il y voir une vitesse sup\u00e9rieure dans le traitement des objectifs?<\/p>\n<p>&#8211; L\u2019offensive terrestre : annonc\u00e9e d\u00e8s le 7 octobre, elle devait \u00eatre couronn\u00e9e par les premiers succ\u00e8s le long de l\u2019autoroute. En effet, les troupes terrestres ont avanc\u00e9 rapidement les trois\u00a0 premiers jours de Damas jusqu\u2019\u00e0 Hama. Mais elles s\u2019\u00e9taient arr\u00eat\u00e9es et, semble-t-il, ont reformul\u00e9 leur plan initial pour converger vers les villes. Pendant deux semaines, les affrontements \u00e9taient signal\u00e9s autour des grandes villes. L\u2019arm\u00e9e syrienne semble donc proc\u00e9der \u00e0 l\u2019encerclement et pr\u00e9parer le si\u00e8ge des villes.<\/p>\n<p>&#8211; Vieille\u00a0 tactique communiste : dans sa conception de la conqu\u00eate des villes, L\u00e9nine optait pour le contr\u00f4le des campagnes environnantes comme pr\u00e9liminaire de cette action. On constate que, durant les deux derni\u00e8res semaines, les affrontements entre la coalition russe et les rebelles ont \u00e9t\u00e9 signal\u00e9s surtout dans les banlieues des villes. La prise des villages de banlieue permettra aux troupes loyalistes de couper les renforts et le ravitaillement des rebelles qui contr\u00f4lent une large proportion des villes. En d\u2019autres termes, le contr\u00f4le des banlieues est une forme d\u2019encerclement et de si\u00e8ge qui fera \u00e9touffer la ville et les rebelles qui s\u2019y sont install\u00e9s.<\/p>\n<p>&#8211; La pr\u00e9sence de combattants iraniens : beaucoup d\u2019observateurs \u00e9trangers affirment la pr\u00e9sence de pr\u00e8s de 2000 combattants iraniens dans les banlieues d\u2019Alep. Il est probable que d\u2019autres contingents iraniens suivront les prochains jours pour \u00eatre engag\u00e9s dans la prise de la plus grande ville du r\u00e9gime.<\/p>\n<p>&#8211; La r\u00e9sistance des rebelles : la plus forte r\u00e9sistance des rebelles est constat\u00e9e dans le centre du r\u00e9duit c\u00f4tier autour de Homs et Hama. Ces deux villes, traditionnellement oppos\u00e9es au r\u00e9gime, pourraient avoir leurs combattants (de Jabhat Annosra et Jaich Al-Fath) constitu\u00e9s en majorit\u00e9 de Syriens de souche et non de mercenaires ou combattants \u00e9trangers. Ce qui expliquerait leur t\u00e9nacit\u00e9 au combat. Mais c\u2019est, principalement, l\u2019effet de l\u2019appui \u00e9tats-unien assur\u00e9 le 16\/10.<\/p>\n<p>&#8211; Dir Ezzoor : cette ville se trouve au sein du\u00a0 territoire contr\u00f4l\u00e9 par l\u2019Etat islamique (EI, Daech). L\u2019a\u00e9roport de Dir Ezzoor est l\u2019unique facilit\u00e9 a\u00e9roportuaire dans la r\u00e9gion et conf\u00e8re une importance strat\u00e9gique aux activit\u00e9s de\u00a0 l\u2019EI. Une garnison de l\u2019arm\u00e9e syrienne le d\u00e9fend depuis plus d\u2019une ann\u00e9e et a r\u00e9sist\u00e9 aux assauts continus de l\u2019EI pour le conqu\u00e9rir. C\u2019est ce qui pourrait expliquer les frappes a\u00e9riennes de l\u2019arm\u00e9e russe sur cet unique point du territoire contr\u00f4l\u00e9 par\u00a0 l\u2019EI.<\/p>\n<p>&#8211; L\u2019Etat islamique : en dehors de Dir Ezzoor, les avions russes n\u2019ont dirig\u00e9 aucune frappe sur la ville de Raqqa (capitale de l\u2019EI), sur Palmyre ou sur un autre point dans le territoire de l\u2019EI. Est-ce que c\u2019est un accord tacite ou conclu avec les Etats-Unis pour maintenir Daech en dehors du r\u00e9duit c\u00f4tier ?<\/p>\n<p><strong>Conclusions :<\/strong><\/p>\n<p>&#8211; L\u2019arm\u00e9e syrienne est en grande partie command\u00e9e par des officiers alaouites de la grande famille de Bachar. Elle lui est tr\u00e8s loyale et tout laisse penser qu\u2019elle ne va pas s\u2019affaiblir ou trahir le r\u00e9gime. Elle tend \u00e0 devenir plus puissante avec l\u2019aide de la Russie et de l\u2019Iran. L\u2019arm\u00e9e syrienne est le centre de gravit\u00e9 du r\u00e9gime de Bachar. Les rebelles ne pourront jamais esp\u00e9rer une victoire strat\u00e9gique sans avoir au pr\u00e9alable d\u00e9fait l\u2019arm\u00e9e syrienne. Ce qui n\u2019est visiblement pas pour demain.<\/p>\n<p>&#8211; Les alliances sont capitales dans la\u00a0 guerre. Bachar est soutenu par la Russie et l\u2019Iran, deux alli\u00e9s de valeur qui ne sont pas pr\u00eats \u00e0 le laisser dans des conditions difficiles. Et c\u2019est un facteur important \u00e0 l\u2019avantage du r\u00e9gime syrien dans l\u2019issue de la guerre.<\/p>\n<p>&#8211; <em>\u00abSi l\u2019ennemi veut n\u00e9gocier c\u2019est qu\u2019il se sent faible\u00bb<\/em> (Sun Tsu, \u2018\u2018<em>L\u2019art de la guerre\u2019<\/em>\u2019): dimanche 18 octobre, John Kerry semble tr\u00e8s impatient d\u2019organiser une r\u00e9union avec les dirigeants de la Russie, de la Turquie et de\u00a0 l\u2019Arabie Saoudite pour n\u00e9gocier une solution politique \u00e0 la crise syrienne.<\/p>\n<p>&#8211; Tout laisse penser que Bachar a le vent en poupe. Il ne lui reste qu\u2019\u00e0 nettoyer son r\u00e9duit de la \u00abSyrie utile\u00bb avant la fin de l\u2019ann\u00e9e pour pouvoir peser de tout son poids sur toute initiative diplomatique qui vise une solution politique de la crise syrienne.<\/p>\n<p><em>* G\u00e9n\u00e9ral \u00e0 la retraite.<\/em><\/p>\n<p><em>** Ce travail est bas\u00e9 sur une exploitation des sources ouvertes des journaux \u00e9lectroniques \u2018\u2018Strategika 51\u2019\u2019 et \u2018\u2018Sputnik international\u2019\u2019\u00a0 pour les actualit\u00e9s quotidiennes et des articles sur la guerre en Syrie (agence syrienne Sana, le Figaro.fr et le Monde.fr).<\/em><\/p>\n<p><em><strong>Article li\u00e9:<\/strong><\/em><br \/>\n<a href=\"http:\/\/kapitalis.com\/tunisie\/2015\/10\/17\/syrie-les-signes-avant-coureurs-de-la-victoire-de-bachar-el-assad\/\" target=\"_blank\"><em>Syrie : Les signes avant-coureurs de la victoire de Bachar El-Assad<\/em><\/a><\/p>\n","protected":false},"excerpt":{"rendered":"<p>Bachar s\u2019emploie \u00e0 nettoyer le r\u00e9duit de la \u00abSyrie utile\u00bb avant la fin de l\u2019ann\u00e9e pour pouvoir peser de tout son poids sur les n\u00e9gociations d\u2019une solution politique \u00e0 la crise. Par Mohamed Nafti*<\/p>\n","protected":false},"author":8,"featured_media":21123,"comment_status":"open","ping_status":"open","sticky":false,"template":"","format":"standard","meta":{"footnotes":""},"categories":[992,1000,2433],"tags":[8076,6843,873],"class_list":["post-21122","post","type-post","status-publish","format-standard","has-post-thumbnail","hentry","category-a-la-une","category-tribune","category-tunisie","tag-alep","tag-bachar","tag-syrie"],"yoast_head":"<!-- This site is optimized with the Yoast SEO plugin v26.6 - https:\/\/yoast.com\/wordpress\/plugins\/seo\/ -->\n<title>Syrie : L\u2019arm\u00e9e de Bachar ne laisse pas de r\u00e9pit aux terroristes - Kapitalis<\/title>\n<meta name=\"robots\" content=\"index, follow, max-snippet:-1, max-image-preview:large, max-video-preview:-1\" \/>\n<link rel=\"canonical\" href=\"https:\/\/kapitalis.com\/tunisie\/2015\/10\/23\/syrie-larmee-de-bachar-ne-laisse-pas-de-repit-aux-terroristes\/\" \/>\n<meta property=\"og:locale\" content=\"fr_FR\" \/>\n<meta property=\"og:type\" content=\"article\" \/>\n<meta property=\"og:title\" content=\"Syrie : L\u2019arm\u00e9e de Bachar ne laisse pas de r\u00e9pit aux terroristes - Kapitalis\" \/>\n<meta property=\"og:description\" content=\"Bachar s\u2019emploie \u00e0 nettoyer le r\u00e9duit de la \u00abSyrie utile\u00bb avant la fin de l\u2019ann\u00e9e pour pouvoir peser de tout son poids sur les n\u00e9gociations d\u2019une solution politique \u00e0 la crise. Par Mohamed Nafti*\" \/>\n<meta property=\"og:url\" content=\"https:\/\/kapitalis.com\/tunisie\/2015\/10\/23\/syrie-larmee-de-bachar-ne-laisse-pas-de-repit-aux-terroristes\/\" \/>\n<meta property=\"og:site_name\" content=\"Kapitalis\" \/>\n<meta property=\"article:publisher\" content=\"https:\/\/www.facebook.com\/KapitalisInfo\/\" \/>\n<meta property=\"article:published_time\" content=\"2015-10-23T08:50:54+00:00\" \/>\n<meta property=\"og:image\" content=\"https:\/\/kapitalis.com\/tunisie\/wp-content\/uploads\/2022\/05\/kapitalis-logo-fb.png\" \/>\n\t<meta property=\"og:image:width\" content=\"1200\" \/>\n\t<meta property=\"og:image:height\" content=\"630\" \/>\n\t<meta property=\"og:image:type\" content=\"image\/png\" \/>\n<meta name=\"author\" content=\"webmaster kapitalis\" \/>\n<meta name=\"twitter:card\" content=\"summary_large_image\" \/>\n<meta name=\"twitter:creator\" content=\"@KapitalisInfo\" \/>\n<meta name=\"twitter:site\" content=\"@KapitalisInfo\" \/>\n<meta name=\"twitter:label1\" content=\"\u00c9crit par\" \/>\n\t<meta name=\"twitter:data1\" content=\"webmaster kapitalis\" \/>\n\t<meta name=\"twitter:label2\" content=\"Dur\u00e9e de lecture estim\u00e9e\" \/>\n\t<meta name=\"twitter:data2\" content=\"8 minutes\" \/>\n<script type=\"application\/ld+json\" class=\"yoast-schema-graph\">{\"@context\":\"https:\/\/schema.org\",\"@graph\":[{\"@type\":\"Article\",\"@id\":\"https:\/\/kapitalis.com\/tunisie\/2015\/10\/23\/syrie-larmee-de-bachar-ne-laisse-pas-de-repit-aux-terroristes\/#article\",\"isPartOf\":{\"@id\":\"https:\/\/kapitalis.com\/tunisie\/2015\/10\/23\/syrie-larmee-de-bachar-ne-laisse-pas-de-repit-aux-terroristes\/\"},\"author\":{\"name\":\"webmaster kapitalis\",\"@id\":\"https:\/\/kapitalis.com\/tunisie\/#\/schema\/person\/d71f33a9ca44f7bad4698210b480c8e9\"},\"headline\":\"Syrie : L\u2019arm\u00e9e de Bachar ne laisse pas de r\u00e9pit aux terroristes\",\"datePublished\":\"2015-10-23T08:50:54+00:00\",\"mainEntityOfPage\":{\"@id\":\"https:\/\/kapitalis.com\/tunisie\/2015\/10\/23\/syrie-larmee-de-bachar-ne-laisse-pas-de-repit-aux-terroristes\/\"},\"wordCount\":1539,\"commentCount\":14,\"publisher\":{\"@id\":\"https:\/\/kapitalis.com\/tunisie\/#organization\"},\"image\":{\"@id\":\"https:\/\/kapitalis.com\/tunisie\/2015\/10\/23\/syrie-larmee-de-bachar-ne-laisse-pas-de-repit-aux-terroristes\/#primaryimage\"},\"thumbnailUrl\":\"\",\"keywords\":[\"Alep\",\"Bachar\",\"Syrie\"],\"articleSection\":[\"A LA UNE\",\"TRIBUNE\",\"Tunisie\"],\"inLanguage\":\"fr-FR\",\"potentialAction\":[{\"@type\":\"CommentAction\",\"name\":\"Comment\",\"target\":[\"https:\/\/kapitalis.com\/tunisie\/2015\/10\/23\/syrie-larmee-de-bachar-ne-laisse-pas-de-repit-aux-terroristes\/#respond\"]}]},{\"@type\":\"WebPage\",\"@id\":\"https:\/\/kapitalis.com\/tunisie\/2015\/10\/23\/syrie-larmee-de-bachar-ne-laisse-pas-de-repit-aux-terroristes\/\",\"url\":\"https:\/\/kapitalis.com\/tunisie\/2015\/10\/23\/syrie-larmee-de-bachar-ne-laisse-pas-de-repit-aux-terroristes\/\",\"name\":\"Syrie : L\u2019arm\u00e9e de Bachar ne laisse pas de r\u00e9pit aux terroristes - Kapitalis\",\"isPartOf\":{\"@id\":\"https:\/\/kapitalis.com\/tunisie\/#website\"},\"primaryImageOfPage\":{\"@id\":\"https:\/\/kapitalis.com\/tunisie\/2015\/10\/23\/syrie-larmee-de-bachar-ne-laisse-pas-de-repit-aux-terroristes\/#primaryimage\"},\"image\":{\"@id\":\"https:\/\/kapitalis.com\/tunisie\/2015\/10\/23\/syrie-larmee-de-bachar-ne-laisse-pas-de-repit-aux-terroristes\/#primaryimage\"},\"thumbnailUrl\":\"\",\"datePublished\":\"2015-10-23T08:50:54+00:00\",\"breadcrumb\":{\"@id\":\"https:\/\/kapitalis.com\/tunisie\/2015\/10\/23\/syrie-larmee-de-bachar-ne-laisse-pas-de-repit-aux-terroristes\/#breadcrumb\"},\"inLanguage\":\"fr-FR\",\"potentialAction\":[{\"@type\":\"ReadAction\",\"target\":[\"https:\/\/kapitalis.com\/tunisie\/2015\/10\/23\/syrie-larmee-de-bachar-ne-laisse-pas-de-repit-aux-terroristes\/\"]}]},{\"@type\":\"ImageObject\",\"inLanguage\":\"fr-FR\",\"@id\":\"https:\/\/kapitalis.com\/tunisie\/2015\/10\/23\/syrie-larmee-de-bachar-ne-laisse-pas-de-repit-aux-terroristes\/#primaryimage\",\"url\":\"\",\"contentUrl\":\"\"},{\"@type\":\"BreadcrumbList\",\"@id\":\"https:\/\/kapitalis.com\/tunisie\/2015\/10\/23\/syrie-larmee-de-bachar-ne-laisse-pas-de-repit-aux-terroristes\/#breadcrumb\",\"itemListElement\":[{\"@type\":\"ListItem\",\"position\":1,\"name\":\"Accueil\",\"item\":\"https:\/\/kapitalis.com\/tunisie\/\"},{\"@type\":\"ListItem\",\"position\":2,\"name\":\"Syrie : L\u2019arm\u00e9e de Bachar ne laisse pas de r\u00e9pit aux terroristes\"}]},{\"@type\":\"WebSite\",\"@id\":\"https:\/\/kapitalis.com\/tunisie\/#website\",\"url\":\"https:\/\/kapitalis.com\/tunisie\/\",\"name\":\"Kapitalis\",\"description\":\"L&#039;actualit\u00e9 en Tunisie et dans le monde\",\"publisher\":{\"@id\":\"https:\/\/kapitalis.com\/tunisie\/#organization\"},\"potentialAction\":[{\"@type\":\"SearchAction\",\"target\":{\"@type\":\"EntryPoint\",\"urlTemplate\":\"https:\/\/kapitalis.com\/tunisie\/?s={search_term_string}\"},\"query-input\":{\"@type\":\"PropertyValueSpecification\",\"valueRequired\":true,\"valueName\":\"search_term_string\"}}],\"inLanguage\":\"fr-FR\"},{\"@type\":\"Organization\",\"@id\":\"https:\/\/kapitalis.com\/tunisie\/#organization\",\"name\":\"Kapitalis\",\"url\":\"https:\/\/kapitalis.com\/tunisie\/\",\"logo\":{\"@type\":\"ImageObject\",\"inLanguage\":\"fr-FR\",\"@id\":\"https:\/\/kapitalis.com\/tunisie\/#\/schema\/logo\/image\/\",\"url\":\"https:\/\/kapitalis.com\/tunisie\/wp-content\/uploads\/2022\/05\/Kapitalis-big-size.png\",\"contentUrl\":\"https:\/\/kapitalis.com\/tunisie\/wp-content\/uploads\/2022\/05\/Kapitalis-big-size.png\",\"width\":5000,\"height\":1500,\"caption\":\"Kapitalis\"},\"image\":{\"@id\":\"https:\/\/kapitalis.com\/tunisie\/#\/schema\/logo\/image\/\"},\"sameAs\":[\"https:\/\/www.facebook.com\/KapitalisInfo\/\",\"https:\/\/x.com\/KapitalisInfo\",\"https:\/\/www.youtube.com\/channel\/UC-yDYrHyfFBWWZaOw3FPg9Q\"]},{\"@type\":\"Person\",\"@id\":\"https:\/\/kapitalis.com\/tunisie\/#\/schema\/person\/d71f33a9ca44f7bad4698210b480c8e9\",\"name\":\"webmaster kapitalis\",\"url\":\"https:\/\/kapitalis.com\/tunisie\/author\/webmaster-kapitalis\/\"}]}<\/script>\n<!-- \/ Yoast SEO plugin. -->","yoast_head_json":{"title":"Syrie : L\u2019arm\u00e9e de Bachar ne laisse pas de r\u00e9pit aux terroristes - Kapitalis","robots":{"index":"index","follow":"follow","max-snippet":"max-snippet:-1","max-image-preview":"max-image-preview:large","max-video-preview":"max-video-preview:-1"},"canonical":"https:\/\/kapitalis.com\/tunisie\/2015\/10\/23\/syrie-larmee-de-bachar-ne-laisse-pas-de-repit-aux-terroristes\/","og_locale":"fr_FR","og_type":"article","og_title":"Syrie : L\u2019arm\u00e9e de Bachar ne laisse pas de r\u00e9pit aux terroristes - Kapitalis","og_description":"Bachar s\u2019emploie \u00e0 nettoyer le r\u00e9duit de la \u00abSyrie utile\u00bb avant la fin de l\u2019ann\u00e9e pour pouvoir peser de tout son poids sur les n\u00e9gociations d\u2019une solution politique \u00e0 la crise. Par Mohamed Nafti*","og_url":"https:\/\/kapitalis.com\/tunisie\/2015\/10\/23\/syrie-larmee-de-bachar-ne-laisse-pas-de-repit-aux-terroristes\/","og_site_name":"Kapitalis","article_publisher":"https:\/\/www.facebook.com\/KapitalisInfo\/","article_published_time":"2015-10-23T08:50:54+00:00","og_image":[{"width":1200,"height":630,"url":"https:\/\/kapitalis.com\/tunisie\/wp-content\/uploads\/2022\/05\/kapitalis-logo-fb.png","type":"image\/png"}],"author":"webmaster kapitalis","twitter_card":"summary_large_image","twitter_creator":"@KapitalisInfo","twitter_site":"@KapitalisInfo","twitter_misc":{"\u00c9crit par":"webmaster kapitalis","Dur\u00e9e de lecture estim\u00e9e":"8 minutes"},"schema":{"@context":"https:\/\/schema.org","@graph":[{"@type":"Article","@id":"https:\/\/kapitalis.com\/tunisie\/2015\/10\/23\/syrie-larmee-de-bachar-ne-laisse-pas-de-repit-aux-terroristes\/#article","isPartOf":{"@id":"https:\/\/kapitalis.com\/tunisie\/2015\/10\/23\/syrie-larmee-de-bachar-ne-laisse-pas-de-repit-aux-terroristes\/"},"author":{"name":"webmaster kapitalis","@id":"https:\/\/kapitalis.com\/tunisie\/#\/schema\/person\/d71f33a9ca44f7bad4698210b480c8e9"},"headline":"Syrie : L\u2019arm\u00e9e de Bachar ne laisse pas de r\u00e9pit aux terroristes","datePublished":"2015-10-23T08:50:54+00:00","mainEntityOfPage":{"@id":"https:\/\/kapitalis.com\/tunisie\/2015\/10\/23\/syrie-larmee-de-bachar-ne-laisse-pas-de-repit-aux-terroristes\/"},"wordCount":1539,"commentCount":14,"publisher":{"@id":"https:\/\/kapitalis.com\/tunisie\/#organization"},"image":{"@id":"https:\/\/kapitalis.com\/tunisie\/2015\/10\/23\/syrie-larmee-de-bachar-ne-laisse-pas-de-repit-aux-terroristes\/#primaryimage"},"thumbnailUrl":"","keywords":["Alep","Bachar","Syrie"],"articleSection":["A LA UNE","TRIBUNE","Tunisie"],"inLanguage":"fr-FR","potentialAction":[{"@type":"CommentAction","name":"Comment","target":["https:\/\/kapitalis.com\/tunisie\/2015\/10\/23\/syrie-larmee-de-bachar-ne-laisse-pas-de-repit-aux-terroristes\/#respond"]}]},{"@type":"WebPage","@id":"https:\/\/kapitalis.com\/tunisie\/2015\/10\/23\/syrie-larmee-de-bachar-ne-laisse-pas-de-repit-aux-terroristes\/","url":"https:\/\/kapitalis.com\/tunisie\/2015\/10\/23\/syrie-larmee-de-bachar-ne-laisse-pas-de-repit-aux-terroristes\/","name":"Syrie : L\u2019arm\u00e9e de Bachar ne laisse pas de r\u00e9pit aux terroristes - Kapitalis","isPartOf":{"@id":"https:\/\/kapitalis.com\/tunisie\/#website"},"primaryImageOfPage":{"@id":"https:\/\/kapitalis.com\/tunisie\/2015\/10\/23\/syrie-larmee-de-bachar-ne-laisse-pas-de-repit-aux-terroristes\/#primaryimage"},"image":{"@id":"https:\/\/kapitalis.com\/tunisie\/2015\/10\/23\/syrie-larmee-de-bachar-ne-laisse-pas-de-repit-aux-terroristes\/#primaryimage"},"thumbnailUrl":"","datePublished":"2015-10-23T08:50:54+00:00","breadcrumb":{"@id":"https:\/\/kapitalis.com\/tunisie\/2015\/10\/23\/syrie-larmee-de-bachar-ne-laisse-pas-de-repit-aux-terroristes\/#breadcrumb"},"inLanguage":"fr-FR","potentialAction":[{"@type":"ReadAction","target":["https:\/\/kapitalis.com\/tunisie\/2015\/10\/23\/syrie-larmee-de-bachar-ne-laisse-pas-de-repit-aux-terroristes\/"]}]},{"@type":"ImageObject","inLanguage":"fr-FR","@id":"https:\/\/kapitalis.com\/tunisie\/2015\/10\/23\/syrie-larmee-de-bachar-ne-laisse-pas-de-repit-aux-terroristes\/#primaryimage","url":"","contentUrl":""},{"@type":"BreadcrumbList","@id":"https:\/\/kapitalis.com\/tunisie\/2015\/10\/23\/syrie-larmee-de-bachar-ne-laisse-pas-de-repit-aux-terroristes\/#breadcrumb","itemListElement":[{"@type":"ListItem","position":1,"name":"Accueil","item":"https:\/\/kapitalis.com\/tunisie\/"},{"@type":"ListItem","position":2,"name":"Syrie : L\u2019arm\u00e9e de Bachar ne laisse pas de r\u00e9pit aux terroristes"}]},{"@type":"WebSite","@id":"https:\/\/kapitalis.com\/tunisie\/#website","url":"https:\/\/kapitalis.com\/tunisie\/","name":"Kapitalis","description":"L&#039;actualit\u00e9 en Tunisie et dans le monde","publisher":{"@id":"https:\/\/kapitalis.com\/tunisie\/#organization"},"potentialAction":[{"@type":"SearchAction","target":{"@type":"EntryPoint","urlTemplate":"https:\/\/kapitalis.com\/tunisie\/?s={search_term_string}"},"query-input":{"@type":"PropertyValueSpecification","valueRequired":true,"valueName":"search_term_string"}}],"inLanguage":"fr-FR"},{"@type":"Organization","@id":"https:\/\/kapitalis.com\/tunisie\/#organization","name":"Kapitalis","url":"https:\/\/kapitalis.com\/tunisie\/","logo":{"@type":"ImageObject","inLanguage":"fr-FR","@id":"https:\/\/kapitalis.com\/tunisie\/#\/schema\/logo\/image\/","url":"https:\/\/kapitalis.com\/tunisie\/wp-content\/uploads\/2022\/05\/Kapitalis-big-size.png","contentUrl":"https:\/\/kapitalis.com\/tunisie\/wp-content\/uploads\/2022\/05\/Kapitalis-big-size.png","width":5000,"height":1500,"caption":"Kapitalis"},"image":{"@id":"https:\/\/kapitalis.com\/tunisie\/#\/schema\/logo\/image\/"},"sameAs":["https:\/\/www.facebook.com\/KapitalisInfo\/","https:\/\/x.com\/KapitalisInfo","https:\/\/www.youtube.com\/channel\/UC-yDYrHyfFBWWZaOw3FPg9Q"]},{"@type":"Person","@id":"https:\/\/kapitalis.com\/tunisie\/#\/schema\/person\/d71f33a9ca44f7bad4698210b480c8e9","name":"webmaster kapitalis","url":"https:\/\/kapitalis.com\/tunisie\/author\/webmaster-kapitalis\/"}]}},"_links":{"self":[{"href":"https:\/\/kapitalis.com\/tunisie\/wp-json\/wp\/v2\/posts\/21122","targetHints":{"allow":["GET"]}}],"collection":[{"href":"https:\/\/kapitalis.com\/tunisie\/wp-json\/wp\/v2\/posts"}],"about":[{"href":"https:\/\/kapitalis.com\/tunisie\/wp-json\/wp\/v2\/types\/post"}],"author":[{"embeddable":true,"href":"https:\/\/kapitalis.com\/tunisie\/wp-json\/wp\/v2\/users\/8"}],"replies":[{"embeddable":true,"href":"https:\/\/kapitalis.com\/tunisie\/wp-json\/wp\/v2\/comments?post=21122"}],"version-history":[{"count":0,"href":"https:\/\/kapitalis.com\/tunisie\/wp-json\/wp\/v2\/posts\/21122\/revisions"}],"wp:featuredmedia":[{"embeddable":true,"href":"https:\/\/kapitalis.com\/tunisie\/wp-json\/wp\/v2\/media\/21123"}],"wp:attachment":[{"href":"https:\/\/kapitalis.com\/tunisie\/wp-json\/wp\/v2\/media?parent=21122"}],"wp:term":[{"taxonomy":"category","embeddable":true,"href":"https:\/\/kapitalis.com\/tunisie\/wp-json\/wp\/v2\/categories?post=21122"},{"taxonomy":"post_tag","embeddable":true,"href":"https:\/\/kapitalis.com\/tunisie\/wp-json\/wp\/v2\/tags?post=21122"}],"curies":[{"name":"wp","href":"https:\/\/api.w.org\/{rel}","templated":true}]}}