{"id":211241,"date":"2019-05-06T06:54:33","date_gmt":"2019-05-06T05:54:33","guid":{"rendered":"http:\/\/kapitalis.com\/tunisie\/?p=211241"},"modified":"2019-05-06T06:54:36","modified_gmt":"2019-05-06T05:54:36","slug":"coupe-de-la-confederation-le-club-sfaxien-absent-a-lappel","status":"publish","type":"post","link":"https:\/\/kapitalis.com\/tunisie\/2019\/05\/06\/coupe-de-la-confederation-le-club-sfaxien-absent-a-lappel\/","title":{"rendered":"Coupe de la Conf\u00e9d\u00e9ration : Le Club sfaxien absent \u00e0 l\u2019appel"},"content":{"rendered":"\n<figure class=\"wp-block-image\"><img decoding=\"async\" src=\"http:\/\/kapitalis.com\/tunisie\/wp-content\/uploads\/2019\/05\/Public-Club-sfaxien-Berkane.jpg\" alt=\"\" class=\"wp-image-211243\"\/><figcaption><em>Le public sfaxien ayant fait le d\u00e9placement \u00e0 Berkane m\u00e9ritait beaucoup mieux.<\/em><\/figcaption><\/figure>\n\n\n\n<p><strong><em>Il n\u2019y avait pas photo hier, dimanche 5 mai 2019, entre les deux \u00e9quipes. Le Club sportif sfaxien (CSS) a \u00e9t\u00e9 battu par plus fort que lui et on ne va pas chercher des alibis inutiles pour justifier l\u2019\u00e9chec. <\/em><\/strong><br><\/p>\n\n\n\n<p> Par <strong>Hassen Mzoughi <\/strong><br><\/p>\n\n\n\n<!--more-->\n\n\n\n<p> Grosse d\u00e9ception. Le CSS), malgr\u00e9 un avantage de 2 buts \u00e0 l\u2019aller, a rat\u00e9 la qualification pour la finale de la Coupe de la Conf\u00e9d\u00e9ration africaine de Football (CAF) en se laissant dominer sur toute la ligne.<br><\/p>\n\n\n\n<p> Les Sfaxiens ont \u00e9t\u00e9 battus par la Renaissance sportive de Berkane sur le score de 3 buts \u00e0 0. Autant dire qu\u2019ils n\u2019ont rien fait pour \u00e9viter cette sortie par la petite porte. Ils \u00e9taient beaucoup trop crisp\u00e9s et tr\u00e8s friables en d\u00e9fense. Et on ne pense pas que le CSS ait \u00e9t\u00e9 \u00e9limin\u00e9 parce que l\u2019arbitre a accord\u00e9 un penalty (m\u00eame peu \u00e9vident) aux Marocains. <\/p>\n\n\n\n<p>Ce n\u2019est ni le premier ni le dernier penalty contestable, mais quelle que soit l\u2019erreur commise par l\u2019arbitre, les joueurs sfaxiens (avec des membres du staff technique) n\u2019avaient aucun droit de se comporter avec cette violence absurde contre l&rsquo;arbitre s\u00e9n\u00e9galais Maguette Ndaye et ses assistants ce qui co\u00fbtera sans doute tr\u00e8s cher \u00e0 l\u2019\u00e9quipe.<br><\/p>\n\n\n\n<h3 class=\"wp-block-heading\"> Deux tirs non cadr\u00e9s pendant 90 minutes !!<br><\/h3>\n\n\n\n<p>Pourtant, il n\u2019y avait pas photo hier entre les deux \u00e9quipes. Le CSS a \u00e9t\u00e9 battu par plus fort que lui et on ne va pas chercher des alibis pour justifier l\u2019\u00e9chec. Car c\u2019en est un puisque le CSS est pass\u00e9 compl\u00e8tement \u00e0 c\u00f4t\u00e9.<br><\/p>\n\n\n\n<p> Il suffit de remarquer que le CSS  a tir\u00e9 uniquement 2 fois et hors du cadre, pour saisir l\u2019indigence de l\u2019\u00e9quipe lors de cette demi-finale retour.  <br> Et s\u2019il avait encaiss\u00e9 le premier but sur un penalty imaginaire \u00e0 la 8e minute, il lui restait 82 minutes pour redresser la barre. Il ne l\u2019a pas fait parce qu\u2019il \u00e9tait hors sujet, obnubil\u00e9 qu\u2019il \u00e9tait par les \u00e0 c\u00f4t\u00e9s du match. <br><\/p>\n\n\n\n<p> Les Sfaxiens ont pass\u00e9 les deux derniers jours \u00e0 se plaindre des conditions de s\u00e9jour au Maroc. Une psychose du complot les a d\u00e9sorient\u00e9s. Ils \u00e9taient hors du coup d\u00e9j\u00e0 avant le match, sans doute parce que l\u2019encadrement technique et administratif n\u2019a pas su apaiser les esprits. En conf\u00e9rence de presse apr\u00e8s le match, l\u2019entraineur Ruud Krol se contentera de justifier l\u2019\u00e9chec par \u00abla nervosit\u00e9 et la jeunesse de l\u2019ensemble\u00bb.<br><\/p>\n\n\n\n<p> Pourtant, il n\u2019y avait pas photo hier entre les deux \u00e9quipes. Le CSS a \u00e9t\u00e9 battu par plus fort que lui et on ne va pas chercher des alibis pour justifier l\u2019\u00e9chec. Car c\u2019en est un puisque le CSS est pass\u00e9 compl\u00e8tement \u00e0 c\u00f4t\u00e9.<br> Il suffit de remarquer que le CSS  a tir\u00e9 uniquement 2 fois et hors du cadre, pour saisir l\u2019indigence de l\u2019\u00e9quipe lors de cette demi-finale retour.  <br> Et s\u2019il avait encaiss\u00e9 le premier but sur un penalty imaginaire \u00e0 la 8e minute, il lui restait 82 minutes pour redresser la barre. Il ne l\u2019a pas fait parce qu\u2019il \u00e9tait hors sujet, obnubil\u00e9 qu\u2019il \u00e9tait par les \u00e0 c\u00f4t\u00e9s du match. <br><\/p>\n\n\n\n<p> Les Sfaxiens ont pass\u00e9 les deux derniers jours \u00e0 se plaindre des conditions de s\u00e9jour au Maroc. Une psychose du complot les a d\u00e9sorient\u00e9s. Ils \u00e9taient hors du coup d\u00e9j\u00e0 avant le match, sans doute parce que l\u2019encadrement technique et administratif n\u2019a pas su apaiser les esprits. En conf\u00e9rence de presse apr\u00e8s le match, l\u2019entra\u00eeneur Ruud Krol se contentera de justifier l\u2019\u00e9chec par <em>\u00abla nervosit\u00e9 et la jeunesse de l\u2019ensemble\u00bb<\/em>.<br><\/p>\n\n\n\n<h3 class=\"wp-block-heading\"> Une seule action digne du nom<br><\/h3>\n\n\n\n<p> Ainsi les joueurs sfaxiens \u00e9taient totalement absents. Dix minutes seulement apr\u00e8s le premier but, sign\u00e9 Laba Kodjo (8\u2019 sur penalty), ils encaissaient un second sur un formidable coup franc direct dans la lucarne d\u2019Omar Nemsaoui (18\u2019) puis un troisi\u00e8me \u00e0 la premi\u00e8re demi heure par Issoufou Dayo, dans un angle ferm\u00e9. En plus des blessures du capitaine Hamza Mathlouthi et Habib Oueslati qui ont davantage compliqu\u00e9 la situation.  <br><\/p>\n\n\n\n<p> Les visiteurs n\u2019ont finalement menac\u00e9 les Marocains que sur une seule action digne du nom, ponctu\u00e9e par un tir l\u00e9g\u00e8rement \u00e0 c\u00f4t\u00e9 d\u2019Alaa Marzouki, \u00e0 la suite d&rsquo;un gros travail de Firas Chawat (60\u2019).<br><\/p>\n\n\n\n<p> Insuffisant pour renverser une situation largement compromise.   <br><\/p>\n\n\n\n<p> Tendu et fragile, le Club sfaxien n\u2019avait rien fait hier pour  m\u00e9riter une place en finale de la Coupe de la Conf\u00e9d\u00e9ration. Il devra s\u2019am\u00e9liorer pour d\u00e9fendre ses chances en championnat et en coupe de Tunisie. <\/p>\n","protected":false},"excerpt":{"rendered":"<p>Il n\u2019y avait pas photo hier, dimanche 5 mai 2019, entre les deux \u00e9quipes. Le Club sportif sfaxien (CSS) a \u00e9t\u00e9 battu par plus fort que lui et on ne va pas chercher des alibis inutiles pour justifier l\u2019\u00e9chec. Par Hassen Mzoughi<\/p>\n","protected":false},"author":8,"featured_media":211243,"comment_status":"open","ping_status":"open","sticky":false,"template":"","format":"standard","meta":{"footnotes":""},"categories":[992,999,2433],"tags":[31315,4268,31338,34984,42876,27386],"class_list":["post-211241","post","type-post","status-publish","format-standard","has-post-thumbnail","hentry","category-a-la-une","category-sport","category-tunisie","tag-alaa-marzouki","tag-club-sportif-sfaxien","tag-coupe-de-la-confederation","tag-firas-chawat","tag-renaissance-sportive-de-berkane","tag-ruud-krol"],"yoast_head":"<!-- This site is optimized with the Yoast SEO plugin v26.6 - https:\/\/yoast.com\/wordpress\/plugins\/seo\/ -->\n<title>Coupe de la Conf\u00e9d\u00e9ration : Le Club sfaxien absent \u00e0 l\u2019appel - Kapitalis<\/title>\n<meta name=\"robots\" content=\"index, follow, max-snippet:-1, max-image-preview:large, max-video-preview:-1\" \/>\n<link rel=\"canonical\" href=\"https:\/\/kapitalis.com\/tunisie\/2019\/05\/06\/coupe-de-la-confederation-le-club-sfaxien-absent-a-lappel\/\" \/>\n<meta property=\"og:locale\" content=\"fr_FR\" \/>\n<meta property=\"og:type\" content=\"article\" \/>\n<meta property=\"og:title\" content=\"Coupe de la Conf\u00e9d\u00e9ration : Le Club sfaxien absent \u00e0 l\u2019appel - Kapitalis\" \/>\n<meta property=\"og:description\" content=\"Il n\u2019y avait pas photo hier, dimanche 5 mai 2019, entre les deux \u00e9quipes. Le Club sportif sfaxien (CSS) a \u00e9t\u00e9 battu par plus fort que lui et on ne va pas chercher des alibis inutiles pour justifier l\u2019\u00e9chec. Par Hassen Mzoughi\" \/>\n<meta property=\"og:url\" content=\"https:\/\/kapitalis.com\/tunisie\/2019\/05\/06\/coupe-de-la-confederation-le-club-sfaxien-absent-a-lappel\/\" \/>\n<meta property=\"og:site_name\" content=\"Kapitalis\" \/>\n<meta property=\"article:publisher\" content=\"https:\/\/www.facebook.com\/KapitalisInfo\/\" \/>\n<meta property=\"article:published_time\" content=\"2019-05-06T05:54:33+00:00\" \/>\n<meta property=\"article:modified_time\" content=\"2019-05-06T05:54:36+00:00\" \/>\n<meta property=\"og:image\" content=\"https:\/\/kapitalis.com\/tunisie\/wp-content\/uploads\/2022\/05\/kapitalis-logo-fb.png\" \/>\n\t<meta property=\"og:image:width\" content=\"1200\" \/>\n\t<meta property=\"og:image:height\" content=\"630\" \/>\n\t<meta property=\"og:image:type\" content=\"image\/png\" \/>\n<meta name=\"author\" content=\"webmaster kapitalis\" \/>\n<meta name=\"twitter:card\" content=\"summary_large_image\" \/>\n<meta name=\"twitter:creator\" content=\"@KapitalisInfo\" \/>\n<meta name=\"twitter:site\" content=\"@KapitalisInfo\" \/>\n<meta name=\"twitter:label1\" content=\"\u00c9crit par\" \/>\n\t<meta name=\"twitter:data1\" content=\"webmaster kapitalis\" \/>\n\t<meta name=\"twitter:label2\" content=\"Dur\u00e9e de lecture estim\u00e9e\" \/>\n\t<meta name=\"twitter:data2\" content=\"4 minutes\" \/>\n<script type=\"application\/ld+json\" class=\"yoast-schema-graph\">{\"@context\":\"https:\/\/schema.org\",\"@graph\":[{\"@type\":\"Article\",\"@id\":\"https:\/\/kapitalis.com\/tunisie\/2019\/05\/06\/coupe-de-la-confederation-le-club-sfaxien-absent-a-lappel\/#article\",\"isPartOf\":{\"@id\":\"https:\/\/kapitalis.com\/tunisie\/2019\/05\/06\/coupe-de-la-confederation-le-club-sfaxien-absent-a-lappel\/\"},\"author\":{\"name\":\"webmaster kapitalis\",\"@id\":\"https:\/\/kapitalis.com\/tunisie\/#\/schema\/person\/d71f33a9ca44f7bad4698210b480c8e9\"},\"headline\":\"Coupe de la Conf\u00e9d\u00e9ration : Le Club sfaxien absent \u00e0 l\u2019appel\",\"datePublished\":\"2019-05-06T05:54:33+00:00\",\"dateModified\":\"2019-05-06T05:54:36+00:00\",\"mainEntityOfPage\":{\"@id\":\"https:\/\/kapitalis.com\/tunisie\/2019\/05\/06\/coupe-de-la-confederation-le-club-sfaxien-absent-a-lappel\/\"},\"wordCount\":810,\"commentCount\":2,\"publisher\":{\"@id\":\"https:\/\/kapitalis.com\/tunisie\/#organization\"},\"image\":{\"@id\":\"https:\/\/kapitalis.com\/tunisie\/2019\/05\/06\/coupe-de-la-confederation-le-club-sfaxien-absent-a-lappel\/#primaryimage\"},\"thumbnailUrl\":\"\",\"keywords\":[\"Alaa Marzouki\",\"Club sportif sfaxien\",\"Coupe de la Conf\u00e9d\u00e9ration\",\"Firas Chawat\",\"Renaissance sportive de Berkane\",\"Ruud Krol\"],\"articleSection\":[\"A LA UNE\",\"SPORT\",\"Tunisie\"],\"inLanguage\":\"fr-FR\",\"potentialAction\":[{\"@type\":\"CommentAction\",\"name\":\"Comment\",\"target\":[\"https:\/\/kapitalis.com\/tunisie\/2019\/05\/06\/coupe-de-la-confederation-le-club-sfaxien-absent-a-lappel\/#respond\"]}]},{\"@type\":\"WebPage\",\"@id\":\"https:\/\/kapitalis.com\/tunisie\/2019\/05\/06\/coupe-de-la-confederation-le-club-sfaxien-absent-a-lappel\/\",\"url\":\"https:\/\/kapitalis.com\/tunisie\/2019\/05\/06\/coupe-de-la-confederation-le-club-sfaxien-absent-a-lappel\/\",\"name\":\"Coupe de la Conf\u00e9d\u00e9ration : Le Club sfaxien absent \u00e0 l\u2019appel - Kapitalis\",\"isPartOf\":{\"@id\":\"https:\/\/kapitalis.com\/tunisie\/#website\"},\"primaryImageOfPage\":{\"@id\":\"https:\/\/kapitalis.com\/tunisie\/2019\/05\/06\/coupe-de-la-confederation-le-club-sfaxien-absent-a-lappel\/#primaryimage\"},\"image\":{\"@id\":\"https:\/\/kapitalis.com\/tunisie\/2019\/05\/06\/coupe-de-la-confederation-le-club-sfaxien-absent-a-lappel\/#primaryimage\"},\"thumbnailUrl\":\"\",\"datePublished\":\"2019-05-06T05:54:33+00:00\",\"dateModified\":\"2019-05-06T05:54:36+00:00\",\"breadcrumb\":{\"@id\":\"https:\/\/kapitalis.com\/tunisie\/2019\/05\/06\/coupe-de-la-confederation-le-club-sfaxien-absent-a-lappel\/#breadcrumb\"},\"inLanguage\":\"fr-FR\",\"potentialAction\":[{\"@type\":\"ReadAction\",\"target\":[\"https:\/\/kapitalis.com\/tunisie\/2019\/05\/06\/coupe-de-la-confederation-le-club-sfaxien-absent-a-lappel\/\"]}]},{\"@type\":\"ImageObject\",\"inLanguage\":\"fr-FR\",\"@id\":\"https:\/\/kapitalis.com\/tunisie\/2019\/05\/06\/coupe-de-la-confederation-le-club-sfaxien-absent-a-lappel\/#primaryimage\",\"url\":\"\",\"contentUrl\":\"\"},{\"@type\":\"BreadcrumbList\",\"@id\":\"https:\/\/kapitalis.com\/tunisie\/2019\/05\/06\/coupe-de-la-confederation-le-club-sfaxien-absent-a-lappel\/#breadcrumb\",\"itemListElement\":[{\"@type\":\"ListItem\",\"position\":1,\"name\":\"Accueil\",\"item\":\"https:\/\/kapitalis.com\/tunisie\/\"},{\"@type\":\"ListItem\",\"position\":2,\"name\":\"Coupe de la Conf\u00e9d\u00e9ration : Le Club sfaxien absent \u00e0 l\u2019appel\"}]},{\"@type\":\"WebSite\",\"@id\":\"https:\/\/kapitalis.com\/tunisie\/#website\",\"url\":\"https:\/\/kapitalis.com\/tunisie\/\",\"name\":\"Kapitalis\",\"description\":\"L&#039;actualit\u00e9 en Tunisie et dans le monde\",\"publisher\":{\"@id\":\"https:\/\/kapitalis.com\/tunisie\/#organization\"},\"potentialAction\":[{\"@type\":\"SearchAction\",\"target\":{\"@type\":\"EntryPoint\",\"urlTemplate\":\"https:\/\/kapitalis.com\/tunisie\/?s={search_term_string}\"},\"query-input\":{\"@type\":\"PropertyValueSpecification\",\"valueRequired\":true,\"valueName\":\"search_term_string\"}}],\"inLanguage\":\"fr-FR\"},{\"@type\":\"Organization\",\"@id\":\"https:\/\/kapitalis.com\/tunisie\/#organization\",\"name\":\"Kapitalis\",\"url\":\"https:\/\/kapitalis.com\/tunisie\/\",\"logo\":{\"@type\":\"ImageObject\",\"inLanguage\":\"fr-FR\",\"@id\":\"https:\/\/kapitalis.com\/tunisie\/#\/schema\/logo\/image\/\",\"url\":\"https:\/\/kapitalis.com\/tunisie\/wp-content\/uploads\/2022\/05\/Kapitalis-big-size.png\",\"contentUrl\":\"https:\/\/kapitalis.com\/tunisie\/wp-content\/uploads\/2022\/05\/Kapitalis-big-size.png\",\"width\":5000,\"height\":1500,\"caption\":\"Kapitalis\"},\"image\":{\"@id\":\"https:\/\/kapitalis.com\/tunisie\/#\/schema\/logo\/image\/\"},\"sameAs\":[\"https:\/\/www.facebook.com\/KapitalisInfo\/\",\"https:\/\/x.com\/KapitalisInfo\",\"https:\/\/www.youtube.com\/channel\/UC-yDYrHyfFBWWZaOw3FPg9Q\"]},{\"@type\":\"Person\",\"@id\":\"https:\/\/kapitalis.com\/tunisie\/#\/schema\/person\/d71f33a9ca44f7bad4698210b480c8e9\",\"name\":\"webmaster kapitalis\",\"url\":\"https:\/\/kapitalis.com\/tunisie\/author\/webmaster-kapitalis\/\"}]}<\/script>\n<!-- \/ Yoast SEO plugin. -->","yoast_head_json":{"title":"Coupe de la Conf\u00e9d\u00e9ration : Le Club sfaxien absent \u00e0 l\u2019appel - Kapitalis","robots":{"index":"index","follow":"follow","max-snippet":"max-snippet:-1","max-image-preview":"max-image-preview:large","max-video-preview":"max-video-preview:-1"},"canonical":"https:\/\/kapitalis.com\/tunisie\/2019\/05\/06\/coupe-de-la-confederation-le-club-sfaxien-absent-a-lappel\/","og_locale":"fr_FR","og_type":"article","og_title":"Coupe de la Conf\u00e9d\u00e9ration : Le Club sfaxien absent \u00e0 l\u2019appel - Kapitalis","og_description":"Il n\u2019y avait pas photo hier, dimanche 5 mai 2019, entre les deux \u00e9quipes. Le Club sportif sfaxien (CSS) a \u00e9t\u00e9 battu par plus fort que lui et on ne va pas chercher des alibis inutiles pour justifier l\u2019\u00e9chec. Par Hassen Mzoughi","og_url":"https:\/\/kapitalis.com\/tunisie\/2019\/05\/06\/coupe-de-la-confederation-le-club-sfaxien-absent-a-lappel\/","og_site_name":"Kapitalis","article_publisher":"https:\/\/www.facebook.com\/KapitalisInfo\/","article_published_time":"2019-05-06T05:54:33+00:00","article_modified_time":"2019-05-06T05:54:36+00:00","og_image":[{"width":1200,"height":630,"url":"https:\/\/kapitalis.com\/tunisie\/wp-content\/uploads\/2022\/05\/kapitalis-logo-fb.png","type":"image\/png"}],"author":"webmaster kapitalis","twitter_card":"summary_large_image","twitter_creator":"@KapitalisInfo","twitter_site":"@KapitalisInfo","twitter_misc":{"\u00c9crit par":"webmaster kapitalis","Dur\u00e9e de lecture estim\u00e9e":"4 minutes"},"schema":{"@context":"https:\/\/schema.org","@graph":[{"@type":"Article","@id":"https:\/\/kapitalis.com\/tunisie\/2019\/05\/06\/coupe-de-la-confederation-le-club-sfaxien-absent-a-lappel\/#article","isPartOf":{"@id":"https:\/\/kapitalis.com\/tunisie\/2019\/05\/06\/coupe-de-la-confederation-le-club-sfaxien-absent-a-lappel\/"},"author":{"name":"webmaster kapitalis","@id":"https:\/\/kapitalis.com\/tunisie\/#\/schema\/person\/d71f33a9ca44f7bad4698210b480c8e9"},"headline":"Coupe de la Conf\u00e9d\u00e9ration : Le Club sfaxien absent \u00e0 l\u2019appel","datePublished":"2019-05-06T05:54:33+00:00","dateModified":"2019-05-06T05:54:36+00:00","mainEntityOfPage":{"@id":"https:\/\/kapitalis.com\/tunisie\/2019\/05\/06\/coupe-de-la-confederation-le-club-sfaxien-absent-a-lappel\/"},"wordCount":810,"commentCount":2,"publisher":{"@id":"https:\/\/kapitalis.com\/tunisie\/#organization"},"image":{"@id":"https:\/\/kapitalis.com\/tunisie\/2019\/05\/06\/coupe-de-la-confederation-le-club-sfaxien-absent-a-lappel\/#primaryimage"},"thumbnailUrl":"","keywords":["Alaa Marzouki","Club sportif sfaxien","Coupe de la Conf\u00e9d\u00e9ration","Firas Chawat","Renaissance sportive de Berkane","Ruud Krol"],"articleSection":["A LA UNE","SPORT","Tunisie"],"inLanguage":"fr-FR","potentialAction":[{"@type":"CommentAction","name":"Comment","target":["https:\/\/kapitalis.com\/tunisie\/2019\/05\/06\/coupe-de-la-confederation-le-club-sfaxien-absent-a-lappel\/#respond"]}]},{"@type":"WebPage","@id":"https:\/\/kapitalis.com\/tunisie\/2019\/05\/06\/coupe-de-la-confederation-le-club-sfaxien-absent-a-lappel\/","url":"https:\/\/kapitalis.com\/tunisie\/2019\/05\/06\/coupe-de-la-confederation-le-club-sfaxien-absent-a-lappel\/","name":"Coupe de la Conf\u00e9d\u00e9ration : Le Club sfaxien absent \u00e0 l\u2019appel - Kapitalis","isPartOf":{"@id":"https:\/\/kapitalis.com\/tunisie\/#website"},"primaryImageOfPage":{"@id":"https:\/\/kapitalis.com\/tunisie\/2019\/05\/06\/coupe-de-la-confederation-le-club-sfaxien-absent-a-lappel\/#primaryimage"},"image":{"@id":"https:\/\/kapitalis.com\/tunisie\/2019\/05\/06\/coupe-de-la-confederation-le-club-sfaxien-absent-a-lappel\/#primaryimage"},"thumbnailUrl":"","datePublished":"2019-05-06T05:54:33+00:00","dateModified":"2019-05-06T05:54:36+00:00","breadcrumb":{"@id":"https:\/\/kapitalis.com\/tunisie\/2019\/05\/06\/coupe-de-la-confederation-le-club-sfaxien-absent-a-lappel\/#breadcrumb"},"inLanguage":"fr-FR","potentialAction":[{"@type":"ReadAction","target":["https:\/\/kapitalis.com\/tunisie\/2019\/05\/06\/coupe-de-la-confederation-le-club-sfaxien-absent-a-lappel\/"]}]},{"@type":"ImageObject","inLanguage":"fr-FR","@id":"https:\/\/kapitalis.com\/tunisie\/2019\/05\/06\/coupe-de-la-confederation-le-club-sfaxien-absent-a-lappel\/#primaryimage","url":"","contentUrl":""},{"@type":"BreadcrumbList","@id":"https:\/\/kapitalis.com\/tunisie\/2019\/05\/06\/coupe-de-la-confederation-le-club-sfaxien-absent-a-lappel\/#breadcrumb","itemListElement":[{"@type":"ListItem","position":1,"name":"Accueil","item":"https:\/\/kapitalis.com\/tunisie\/"},{"@type":"ListItem","position":2,"name":"Coupe de la Conf\u00e9d\u00e9ration : Le Club sfaxien absent \u00e0 l\u2019appel"}]},{"@type":"WebSite","@id":"https:\/\/kapitalis.com\/tunisie\/#website","url":"https:\/\/kapitalis.com\/tunisie\/","name":"Kapitalis","description":"L&#039;actualit\u00e9 en Tunisie et dans le monde","publisher":{"@id":"https:\/\/kapitalis.com\/tunisie\/#organization"},"potentialAction":[{"@type":"SearchAction","target":{"@type":"EntryPoint","urlTemplate":"https:\/\/kapitalis.com\/tunisie\/?s={search_term_string}"},"query-input":{"@type":"PropertyValueSpecification","valueRequired":true,"valueName":"search_term_string"}}],"inLanguage":"fr-FR"},{"@type":"Organization","@id":"https:\/\/kapitalis.com\/tunisie\/#organization","name":"Kapitalis","url":"https:\/\/kapitalis.com\/tunisie\/","logo":{"@type":"ImageObject","inLanguage":"fr-FR","@id":"https:\/\/kapitalis.com\/tunisie\/#\/schema\/logo\/image\/","url":"https:\/\/kapitalis.com\/tunisie\/wp-content\/uploads\/2022\/05\/Kapitalis-big-size.png","contentUrl":"https:\/\/kapitalis.com\/tunisie\/wp-content\/uploads\/2022\/05\/Kapitalis-big-size.png","width":5000,"height":1500,"caption":"Kapitalis"},"image":{"@id":"https:\/\/kapitalis.com\/tunisie\/#\/schema\/logo\/image\/"},"sameAs":["https:\/\/www.facebook.com\/KapitalisInfo\/","https:\/\/x.com\/KapitalisInfo","https:\/\/www.youtube.com\/channel\/UC-yDYrHyfFBWWZaOw3FPg9Q"]},{"@type":"Person","@id":"https:\/\/kapitalis.com\/tunisie\/#\/schema\/person\/d71f33a9ca44f7bad4698210b480c8e9","name":"webmaster kapitalis","url":"https:\/\/kapitalis.com\/tunisie\/author\/webmaster-kapitalis\/"}]}},"_links":{"self":[{"href":"https:\/\/kapitalis.com\/tunisie\/wp-json\/wp\/v2\/posts\/211241","targetHints":{"allow":["GET"]}}],"collection":[{"href":"https:\/\/kapitalis.com\/tunisie\/wp-json\/wp\/v2\/posts"}],"about":[{"href":"https:\/\/kapitalis.com\/tunisie\/wp-json\/wp\/v2\/types\/post"}],"author":[{"embeddable":true,"href":"https:\/\/kapitalis.com\/tunisie\/wp-json\/wp\/v2\/users\/8"}],"replies":[{"embeddable":true,"href":"https:\/\/kapitalis.com\/tunisie\/wp-json\/wp\/v2\/comments?post=211241"}],"version-history":[{"count":0,"href":"https:\/\/kapitalis.com\/tunisie\/wp-json\/wp\/v2\/posts\/211241\/revisions"}],"wp:featuredmedia":[{"embeddable":true,"href":"https:\/\/kapitalis.com\/tunisie\/wp-json\/wp\/v2\/media\/211243"}],"wp:attachment":[{"href":"https:\/\/kapitalis.com\/tunisie\/wp-json\/wp\/v2\/media?parent=211241"}],"wp:term":[{"taxonomy":"category","embeddable":true,"href":"https:\/\/kapitalis.com\/tunisie\/wp-json\/wp\/v2\/categories?post=211241"},{"taxonomy":"post_tag","embeddable":true,"href":"https:\/\/kapitalis.com\/tunisie\/wp-json\/wp\/v2\/tags?post=211241"}],"curies":[{"name":"wp","href":"https:\/\/api.w.org\/{rel}","templated":true}]}}