{"id":21219,"date":"2015-10-23T15:18:58","date_gmt":"2015-10-23T14:18:58","guid":{"rendered":"http:\/\/kapitalis.com\/tunisie\/?p=21219"},"modified":"2015-10-23T15:47:35","modified_gmt":"2015-10-23T14:47:35","slug":"sfax-dizaine-darrestations-a-mosquee-sidi-lakhmi","status":"publish","type":"post","link":"https:\/\/kapitalis.com\/tunisie\/2015\/10\/23\/sfax-dizaine-darrestations-a-mosquee-sidi-lakhmi\/","title":{"rendered":"Sfax : Une dizaine d\u2019arrestations \u00e0 la mosqu\u00e9e Sidi Lakhmi (vid\u00e9o)"},"content":{"rendered":"<p><img loading=\"lazy\" decoding=\"async\" class=\"wp-image-21231 size-full aligncenter\" src=\"http:\/\/kapitalis.com\/tunisie\/wp-content\/uploads\/2015\/10\/sfax-devant-mosquee-Sidi-Lakhmi.jpg\" alt=\"\" width=\"626\" height=\"380\" \/><\/p>\n<p><em><strong>La police a arr\u00eat\u00e9, aujourd\u2019hui, une dizaine de fid\u00e8les ayant emp\u00each\u00e9 cheikh Mimoun Karray de conduire la pri\u00e8re du vendredi \u00e0 la mosqu\u00e9e Sidi Lakhmi, \u00e0 Sfax.<\/strong> <\/em><\/p>\n<p style=\"text-align: center;\"><!--more--><\/p>\n<p>Une marche de protestation est partie, apr\u00e8s la pri\u00e8re d\u2019Al-Dohr, de cette\u00a0 mosqu\u00e9e, encercl\u00e9e d\u00e8s le d\u00e9but de la matin\u00e9e par les agents de s\u00e9curit\u00e9. Les protestataires contestent la d\u00e9cision de r\u00e9vocation de l\u2019imam wahhabite Ridha Jaouadi.<\/p>\n<p>Selon <a href=\"http:\/\/www.journalistesfaxien.tn\/%D9%86%D8%A8%D8%B6-%D8%A7%D9%84%D9%85%D8%AF%D9%8A%D9%86%D8%A9\/%D8%B9%D8%A7%D8%AC%D9%84-%D9%83%D8%B1%D9%91-%D9%88%D9%81%D8%B1%D9%91-%D9%88%D8%AD%D8%AF%D9%8A%D8%AB-%D8%B9%D9%86-%D8%AD%D8%AC%D8%B2-%D8%A7%D8%B3%D9%84%D8%AD%D8%A9-%D8%A8%D9%8A%D8%B6%D8%A7%D8%A1\/\" target=\"_blank\"><em>\u2018\u2018Journalistesfaxien\u2019\u2019<\/em><\/a>, des armes blanches ont \u00e9t\u00e9 saisies chez certains manifestants, qui ont emp\u00each\u00e9, une nouvelle fois, l\u2019imam d\u00e9sign\u00e9 par le minist\u00e8re des Affaires religieuses, Mimoun Karray, de conduire la pri\u00e8re du vendredi dans la dite mosqu\u00e9e.<\/p>\n<p>Dans un communiqu\u00e9 publi\u00e9 hier, le minist\u00e8re des Affaires religieuses avait averti que la loi sera appliqu\u00e9e \u00e0 l\u2019encontre de toute personne qui provoquerait des d\u00e9sordres dans les mosqu\u00e9es.<\/p>\n<div class=\"embed\">\n<div class=\"video\"><iframe loading=\"lazy\" id=\"div1\" src=\"https:\/\/www.youtube.com\/embed\/Zarie_AOzBA?rel=0&amp;iv_load_policy=3&amp;showinfo=0&amp;modestbranding=1&amp;fs=1\" width=\"560\" height=\"315\" frameborder=\"0\" allowfullscreen=\"allowfullscreen\"><\/iframe><\/div>\n<\/div>\n<p>&nbsp;<\/p>\n<div class=\"embed\">\n<div class=\"video\"><iframe loading=\"lazy\" id=\"div1\" src=\"https:\/\/www.youtube.com\/embed\/SLUwWbNo4Tc?rel=0&amp;iv_load_policy=3&amp;showinfo=0&amp;modestbranding=1&amp;fs=1\" width=\"560\" height=\"315\" frameborder=\"0\" allowfullscreen=\"allowfullscreen\"><\/iframe><\/div>\n<\/div>\n<p>&nbsp;<\/p>\n<p style=\"text-align: right;\"><strong>Z. A.<\/strong><\/p>\n","protected":false},"excerpt":{"rendered":"<p>La police a arr\u00eat\u00e9, aujourd\u2019hui, une dizaine de fid\u00e8les ayant emp\u00each\u00e9 cheikh Mimoun Karray de conduire la pri\u00e8re du vendredi \u00e0 la mosqu\u00e9e Sidi Lakhmi, \u00e0 Sfax.<\/p>\n","protected":false},"author":8,"featured_media":21220,"comment_status":"open","ping_status":"open","sticky":false,"template":"","format":"standard","meta":{"footnotes":""},"categories":[998,2433],"tags":[6205,3674],"class_list":["post-21219","post","type-post","status-publish","format-standard","has-post-thumbnail","hentry","category-societe","category-tunisie","tag-mosquee-sidi-lakhmi","tag-ridha-jaouadi"],"yoast_head":"<!-- This site is optimized with the Yoast SEO plugin v26.6 - https:\/\/yoast.com\/wordpress\/plugins\/seo\/ -->\n<title>Sfax : Une dizaine d\u2019arrestations \u00e0 la mosqu\u00e9e Sidi Lakhmi (vid\u00e9o) - Kapitalis<\/title>\n<meta name=\"robots\" content=\"index, follow, max-snippet:-1, max-image-preview:large, max-video-preview:-1\" \/>\n<link rel=\"canonical\" href=\"https:\/\/kapitalis.com\/tunisie\/2015\/10\/23\/sfax-dizaine-darrestations-a-mosquee-sidi-lakhmi\/\" \/>\n<meta property=\"og:locale\" content=\"fr_FR\" \/>\n<meta property=\"og:type\" content=\"article\" \/>\n<meta property=\"og:title\" content=\"Sfax : Une dizaine d\u2019arrestations \u00e0 la mosqu\u00e9e Sidi Lakhmi (vid\u00e9o) - Kapitalis\" \/>\n<meta property=\"og:description\" content=\"La police a arr\u00eat\u00e9, aujourd\u2019hui, une dizaine de fid\u00e8les ayant emp\u00each\u00e9 cheikh Mimoun Karray de conduire la pri\u00e8re du vendredi \u00e0 la mosqu\u00e9e Sidi Lakhmi, \u00e0 Sfax.\" \/>\n<meta property=\"og:url\" content=\"https:\/\/kapitalis.com\/tunisie\/2015\/10\/23\/sfax-dizaine-darrestations-a-mosquee-sidi-lakhmi\/\" \/>\n<meta property=\"og:site_name\" content=\"Kapitalis\" \/>\n<meta property=\"article:publisher\" content=\"https:\/\/www.facebook.com\/KapitalisInfo\/\" \/>\n<meta property=\"article:published_time\" content=\"2015-10-23T14:18:58+00:00\" \/>\n<meta property=\"article:modified_time\" content=\"2015-10-23T14:47:35+00:00\" \/>\n<meta property=\"og:image\" content=\"https:\/\/kapitalis.com\/tunisie\/wp-content\/uploads\/2022\/05\/kapitalis-logo-fb.png\" \/>\n\t<meta property=\"og:image:width\" content=\"1200\" \/>\n\t<meta property=\"og:image:height\" content=\"630\" \/>\n\t<meta property=\"og:image:type\" content=\"image\/png\" \/>\n<meta name=\"author\" content=\"webmaster kapitalis\" \/>\n<meta name=\"twitter:card\" content=\"summary_large_image\" \/>\n<meta name=\"twitter:creator\" content=\"@KapitalisInfo\" \/>\n<meta name=\"twitter:site\" content=\"@KapitalisInfo\" \/>\n<meta name=\"twitter:label1\" content=\"\u00c9crit par\" \/>\n\t<meta name=\"twitter:data1\" content=\"webmaster kapitalis\" \/>\n\t<meta name=\"twitter:label2\" content=\"Dur\u00e9e de lecture estim\u00e9e\" \/>\n\t<meta name=\"twitter:data2\" content=\"1 minute\" \/>\n<script type=\"application\/ld+json\" class=\"yoast-schema-graph\">{\"@context\":\"https:\/\/schema.org\",\"@graph\":[{\"@type\":\"Article\",\"@id\":\"https:\/\/kapitalis.com\/tunisie\/2015\/10\/23\/sfax-dizaine-darrestations-a-mosquee-sidi-lakhmi\/#article\",\"isPartOf\":{\"@id\":\"https:\/\/kapitalis.com\/tunisie\/2015\/10\/23\/sfax-dizaine-darrestations-a-mosquee-sidi-lakhmi\/\"},\"author\":{\"name\":\"webmaster kapitalis\",\"@id\":\"https:\/\/kapitalis.com\/tunisie\/#\/schema\/person\/d71f33a9ca44f7bad4698210b480c8e9\"},\"headline\":\"Sfax : Une dizaine d\u2019arrestations \u00e0 la mosqu\u00e9e Sidi Lakhmi (vid\u00e9o)\",\"datePublished\":\"2015-10-23T14:18:58+00:00\",\"dateModified\":\"2015-10-23T14:47:35+00:00\",\"mainEntityOfPage\":{\"@id\":\"https:\/\/kapitalis.com\/tunisie\/2015\/10\/23\/sfax-dizaine-darrestations-a-mosquee-sidi-lakhmi\/\"},\"wordCount\":172,\"commentCount\":3,\"publisher\":{\"@id\":\"https:\/\/kapitalis.com\/tunisie\/#organization\"},\"image\":{\"@id\":\"https:\/\/kapitalis.com\/tunisie\/2015\/10\/23\/sfax-dizaine-darrestations-a-mosquee-sidi-lakhmi\/#primaryimage\"},\"thumbnailUrl\":\"\",\"keywords\":[\"mosqu\u00e9e Sidi Lakhmi\",\"Ridha Jaouadi\"],\"articleSection\":[\"SOCIETE\",\"Tunisie\"],\"inLanguage\":\"fr-FR\",\"potentialAction\":[{\"@type\":\"CommentAction\",\"name\":\"Comment\",\"target\":[\"https:\/\/kapitalis.com\/tunisie\/2015\/10\/23\/sfax-dizaine-darrestations-a-mosquee-sidi-lakhmi\/#respond\"]}]},{\"@type\":\"WebPage\",\"@id\":\"https:\/\/kapitalis.com\/tunisie\/2015\/10\/23\/sfax-dizaine-darrestations-a-mosquee-sidi-lakhmi\/\",\"url\":\"https:\/\/kapitalis.com\/tunisie\/2015\/10\/23\/sfax-dizaine-darrestations-a-mosquee-sidi-lakhmi\/\",\"name\":\"Sfax : Une dizaine d\u2019arrestations \u00e0 la mosqu\u00e9e Sidi Lakhmi (vid\u00e9o) - Kapitalis\",\"isPartOf\":{\"@id\":\"https:\/\/kapitalis.com\/tunisie\/#website\"},\"primaryImageOfPage\":{\"@id\":\"https:\/\/kapitalis.com\/tunisie\/2015\/10\/23\/sfax-dizaine-darrestations-a-mosquee-sidi-lakhmi\/#primaryimage\"},\"image\":{\"@id\":\"https:\/\/kapitalis.com\/tunisie\/2015\/10\/23\/sfax-dizaine-darrestations-a-mosquee-sidi-lakhmi\/#primaryimage\"},\"thumbnailUrl\":\"\",\"datePublished\":\"2015-10-23T14:18:58+00:00\",\"dateModified\":\"2015-10-23T14:47:35+00:00\",\"breadcrumb\":{\"@id\":\"https:\/\/kapitalis.com\/tunisie\/2015\/10\/23\/sfax-dizaine-darrestations-a-mosquee-sidi-lakhmi\/#breadcrumb\"},\"inLanguage\":\"fr-FR\",\"potentialAction\":[{\"@type\":\"ReadAction\",\"target\":[\"https:\/\/kapitalis.com\/tunisie\/2015\/10\/23\/sfax-dizaine-darrestations-a-mosquee-sidi-lakhmi\/\"]}]},{\"@type\":\"ImageObject\",\"inLanguage\":\"fr-FR\",\"@id\":\"https:\/\/kapitalis.com\/tunisie\/2015\/10\/23\/sfax-dizaine-darrestations-a-mosquee-sidi-lakhmi\/#primaryimage\",\"url\":\"\",\"contentUrl\":\"\"},{\"@type\":\"BreadcrumbList\",\"@id\":\"https:\/\/kapitalis.com\/tunisie\/2015\/10\/23\/sfax-dizaine-darrestations-a-mosquee-sidi-lakhmi\/#breadcrumb\",\"itemListElement\":[{\"@type\":\"ListItem\",\"position\":1,\"name\":\"Accueil\",\"item\":\"https:\/\/kapitalis.com\/tunisie\/\"},{\"@type\":\"ListItem\",\"position\":2,\"name\":\"Sfax : Une dizaine d\u2019arrestations \u00e0 la mosqu\u00e9e Sidi Lakhmi (vid\u00e9o)\"}]},{\"@type\":\"WebSite\",\"@id\":\"https:\/\/kapitalis.com\/tunisie\/#website\",\"url\":\"https:\/\/kapitalis.com\/tunisie\/\",\"name\":\"Kapitalis\",\"description\":\"L&#039;actualit\u00e9 en Tunisie et dans le monde\",\"publisher\":{\"@id\":\"https:\/\/kapitalis.com\/tunisie\/#organization\"},\"potentialAction\":[{\"@type\":\"SearchAction\",\"target\":{\"@type\":\"EntryPoint\",\"urlTemplate\":\"https:\/\/kapitalis.com\/tunisie\/?s={search_term_string}\"},\"query-input\":{\"@type\":\"PropertyValueSpecification\",\"valueRequired\":true,\"valueName\":\"search_term_string\"}}],\"inLanguage\":\"fr-FR\"},{\"@type\":\"Organization\",\"@id\":\"https:\/\/kapitalis.com\/tunisie\/#organization\",\"name\":\"Kapitalis\",\"url\":\"https:\/\/kapitalis.com\/tunisie\/\",\"logo\":{\"@type\":\"ImageObject\",\"inLanguage\":\"fr-FR\",\"@id\":\"https:\/\/kapitalis.com\/tunisie\/#\/schema\/logo\/image\/\",\"url\":\"https:\/\/kapitalis.com\/tunisie\/wp-content\/uploads\/2022\/05\/Kapitalis-big-size.png\",\"contentUrl\":\"https:\/\/kapitalis.com\/tunisie\/wp-content\/uploads\/2022\/05\/Kapitalis-big-size.png\",\"width\":5000,\"height\":1500,\"caption\":\"Kapitalis\"},\"image\":{\"@id\":\"https:\/\/kapitalis.com\/tunisie\/#\/schema\/logo\/image\/\"},\"sameAs\":[\"https:\/\/www.facebook.com\/KapitalisInfo\/\",\"https:\/\/x.com\/KapitalisInfo\",\"https:\/\/www.youtube.com\/channel\/UC-yDYrHyfFBWWZaOw3FPg9Q\"]},{\"@type\":\"Person\",\"@id\":\"https:\/\/kapitalis.com\/tunisie\/#\/schema\/person\/d71f33a9ca44f7bad4698210b480c8e9\",\"name\":\"webmaster kapitalis\",\"url\":\"https:\/\/kapitalis.com\/tunisie\/author\/webmaster-kapitalis\/\"}]}<\/script>\n<!-- \/ Yoast SEO plugin. -->","yoast_head_json":{"title":"Sfax : Une dizaine d\u2019arrestations \u00e0 la mosqu\u00e9e Sidi Lakhmi (vid\u00e9o) - Kapitalis","robots":{"index":"index","follow":"follow","max-snippet":"max-snippet:-1","max-image-preview":"max-image-preview:large","max-video-preview":"max-video-preview:-1"},"canonical":"https:\/\/kapitalis.com\/tunisie\/2015\/10\/23\/sfax-dizaine-darrestations-a-mosquee-sidi-lakhmi\/","og_locale":"fr_FR","og_type":"article","og_title":"Sfax : Une dizaine d\u2019arrestations \u00e0 la mosqu\u00e9e Sidi Lakhmi (vid\u00e9o) - Kapitalis","og_description":"La police a arr\u00eat\u00e9, aujourd\u2019hui, une dizaine de fid\u00e8les ayant emp\u00each\u00e9 cheikh Mimoun Karray de conduire la pri\u00e8re du vendredi \u00e0 la mosqu\u00e9e Sidi Lakhmi, \u00e0 Sfax.","og_url":"https:\/\/kapitalis.com\/tunisie\/2015\/10\/23\/sfax-dizaine-darrestations-a-mosquee-sidi-lakhmi\/","og_site_name":"Kapitalis","article_publisher":"https:\/\/www.facebook.com\/KapitalisInfo\/","article_published_time":"2015-10-23T14:18:58+00:00","article_modified_time":"2015-10-23T14:47:35+00:00","og_image":[{"width":1200,"height":630,"url":"https:\/\/kapitalis.com\/tunisie\/wp-content\/uploads\/2022\/05\/kapitalis-logo-fb.png","type":"image\/png"}],"author":"webmaster kapitalis","twitter_card":"summary_large_image","twitter_creator":"@KapitalisInfo","twitter_site":"@KapitalisInfo","twitter_misc":{"\u00c9crit par":"webmaster kapitalis","Dur\u00e9e de lecture estim\u00e9e":"1 minute"},"schema":{"@context":"https:\/\/schema.org","@graph":[{"@type":"Article","@id":"https:\/\/kapitalis.com\/tunisie\/2015\/10\/23\/sfax-dizaine-darrestations-a-mosquee-sidi-lakhmi\/#article","isPartOf":{"@id":"https:\/\/kapitalis.com\/tunisie\/2015\/10\/23\/sfax-dizaine-darrestations-a-mosquee-sidi-lakhmi\/"},"author":{"name":"webmaster kapitalis","@id":"https:\/\/kapitalis.com\/tunisie\/#\/schema\/person\/d71f33a9ca44f7bad4698210b480c8e9"},"headline":"Sfax : Une dizaine d\u2019arrestations \u00e0 la mosqu\u00e9e Sidi Lakhmi (vid\u00e9o)","datePublished":"2015-10-23T14:18:58+00:00","dateModified":"2015-10-23T14:47:35+00:00","mainEntityOfPage":{"@id":"https:\/\/kapitalis.com\/tunisie\/2015\/10\/23\/sfax-dizaine-darrestations-a-mosquee-sidi-lakhmi\/"},"wordCount":172,"commentCount":3,"publisher":{"@id":"https:\/\/kapitalis.com\/tunisie\/#organization"},"image":{"@id":"https:\/\/kapitalis.com\/tunisie\/2015\/10\/23\/sfax-dizaine-darrestations-a-mosquee-sidi-lakhmi\/#primaryimage"},"thumbnailUrl":"","keywords":["mosqu\u00e9e Sidi Lakhmi","Ridha Jaouadi"],"articleSection":["SOCIETE","Tunisie"],"inLanguage":"fr-FR","potentialAction":[{"@type":"CommentAction","name":"Comment","target":["https:\/\/kapitalis.com\/tunisie\/2015\/10\/23\/sfax-dizaine-darrestations-a-mosquee-sidi-lakhmi\/#respond"]}]},{"@type":"WebPage","@id":"https:\/\/kapitalis.com\/tunisie\/2015\/10\/23\/sfax-dizaine-darrestations-a-mosquee-sidi-lakhmi\/","url":"https:\/\/kapitalis.com\/tunisie\/2015\/10\/23\/sfax-dizaine-darrestations-a-mosquee-sidi-lakhmi\/","name":"Sfax : Une dizaine d\u2019arrestations \u00e0 la mosqu\u00e9e Sidi Lakhmi (vid\u00e9o) - Kapitalis","isPartOf":{"@id":"https:\/\/kapitalis.com\/tunisie\/#website"},"primaryImageOfPage":{"@id":"https:\/\/kapitalis.com\/tunisie\/2015\/10\/23\/sfax-dizaine-darrestations-a-mosquee-sidi-lakhmi\/#primaryimage"},"image":{"@id":"https:\/\/kapitalis.com\/tunisie\/2015\/10\/23\/sfax-dizaine-darrestations-a-mosquee-sidi-lakhmi\/#primaryimage"},"thumbnailUrl":"","datePublished":"2015-10-23T14:18:58+00:00","dateModified":"2015-10-23T14:47:35+00:00","breadcrumb":{"@id":"https:\/\/kapitalis.com\/tunisie\/2015\/10\/23\/sfax-dizaine-darrestations-a-mosquee-sidi-lakhmi\/#breadcrumb"},"inLanguage":"fr-FR","potentialAction":[{"@type":"ReadAction","target":["https:\/\/kapitalis.com\/tunisie\/2015\/10\/23\/sfax-dizaine-darrestations-a-mosquee-sidi-lakhmi\/"]}]},{"@type":"ImageObject","inLanguage":"fr-FR","@id":"https:\/\/kapitalis.com\/tunisie\/2015\/10\/23\/sfax-dizaine-darrestations-a-mosquee-sidi-lakhmi\/#primaryimage","url":"","contentUrl":""},{"@type":"BreadcrumbList","@id":"https:\/\/kapitalis.com\/tunisie\/2015\/10\/23\/sfax-dizaine-darrestations-a-mosquee-sidi-lakhmi\/#breadcrumb","itemListElement":[{"@type":"ListItem","position":1,"name":"Accueil","item":"https:\/\/kapitalis.com\/tunisie\/"},{"@type":"ListItem","position":2,"name":"Sfax : Une dizaine d\u2019arrestations \u00e0 la mosqu\u00e9e Sidi Lakhmi (vid\u00e9o)"}]},{"@type":"WebSite","@id":"https:\/\/kapitalis.com\/tunisie\/#website","url":"https:\/\/kapitalis.com\/tunisie\/","name":"Kapitalis","description":"L&#039;actualit\u00e9 en Tunisie et dans le monde","publisher":{"@id":"https:\/\/kapitalis.com\/tunisie\/#organization"},"potentialAction":[{"@type":"SearchAction","target":{"@type":"EntryPoint","urlTemplate":"https:\/\/kapitalis.com\/tunisie\/?s={search_term_string}"},"query-input":{"@type":"PropertyValueSpecification","valueRequired":true,"valueName":"search_term_string"}}],"inLanguage":"fr-FR"},{"@type":"Organization","@id":"https:\/\/kapitalis.com\/tunisie\/#organization","name":"Kapitalis","url":"https:\/\/kapitalis.com\/tunisie\/","logo":{"@type":"ImageObject","inLanguage":"fr-FR","@id":"https:\/\/kapitalis.com\/tunisie\/#\/schema\/logo\/image\/","url":"https:\/\/kapitalis.com\/tunisie\/wp-content\/uploads\/2022\/05\/Kapitalis-big-size.png","contentUrl":"https:\/\/kapitalis.com\/tunisie\/wp-content\/uploads\/2022\/05\/Kapitalis-big-size.png","width":5000,"height":1500,"caption":"Kapitalis"},"image":{"@id":"https:\/\/kapitalis.com\/tunisie\/#\/schema\/logo\/image\/"},"sameAs":["https:\/\/www.facebook.com\/KapitalisInfo\/","https:\/\/x.com\/KapitalisInfo","https:\/\/www.youtube.com\/channel\/UC-yDYrHyfFBWWZaOw3FPg9Q"]},{"@type":"Person","@id":"https:\/\/kapitalis.com\/tunisie\/#\/schema\/person\/d71f33a9ca44f7bad4698210b480c8e9","name":"webmaster kapitalis","url":"https:\/\/kapitalis.com\/tunisie\/author\/webmaster-kapitalis\/"}]}},"_links":{"self":[{"href":"https:\/\/kapitalis.com\/tunisie\/wp-json\/wp\/v2\/posts\/21219","targetHints":{"allow":["GET"]}}],"collection":[{"href":"https:\/\/kapitalis.com\/tunisie\/wp-json\/wp\/v2\/posts"}],"about":[{"href":"https:\/\/kapitalis.com\/tunisie\/wp-json\/wp\/v2\/types\/post"}],"author":[{"embeddable":true,"href":"https:\/\/kapitalis.com\/tunisie\/wp-json\/wp\/v2\/users\/8"}],"replies":[{"embeddable":true,"href":"https:\/\/kapitalis.com\/tunisie\/wp-json\/wp\/v2\/comments?post=21219"}],"version-history":[{"count":0,"href":"https:\/\/kapitalis.com\/tunisie\/wp-json\/wp\/v2\/posts\/21219\/revisions"}],"wp:featuredmedia":[{"embeddable":true,"href":"https:\/\/kapitalis.com\/tunisie\/wp-json\/wp\/v2\/media\/21220"}],"wp:attachment":[{"href":"https:\/\/kapitalis.com\/tunisie\/wp-json\/wp\/v2\/media?parent=21219"}],"wp:term":[{"taxonomy":"category","embeddable":true,"href":"https:\/\/kapitalis.com\/tunisie\/wp-json\/wp\/v2\/categories?post=21219"},{"taxonomy":"post_tag","embeddable":true,"href":"https:\/\/kapitalis.com\/tunisie\/wp-json\/wp\/v2\/tags?post=21219"}],"curies":[{"name":"wp","href":"https:\/\/api.w.org\/{rel}","templated":true}]}}