{"id":21304,"date":"2015-10-23T21:10:27","date_gmt":"2015-10-23T20:10:27","guid":{"rendered":"http:\/\/kapitalis.com\/tunisie\/?p=21304"},"modified":"2015-10-24T07:50:24","modified_gmt":"2015-10-24T06:50:24","slug":"neji-jalloul-le-capes-sera-supprime-video","status":"publish","type":"post","link":"https:\/\/kapitalis.com\/tunisie\/2015\/10\/23\/neji-jalloul-le-capes-sera-supprime-video\/","title":{"rendered":"Neji Jalloul : Le Capes sera supprim\u00e9 (vid\u00e9o)"},"content":{"rendered":"<p><em><strong><img loading=\"lazy\" decoding=\"async\" class=\"size-full wp-image-10559 aligncenter\" src=\"http:\/\/kapitalis.com\/tunisie\/wp-content\/uploads\/2015\/08\/Neji-Jalloul1.jpg\" alt=\"Neji-Jalloul\" width=\"500\" height=\"350\" \/><\/strong><\/em><\/p>\n<p><em><strong>Le concours du Capes sera supprim\u00e9 \u00e0 partir de cette ann\u00e9e, a indiqu\u00e9 \u00a0Neji Jalloul, le ministre de l\u2019Education sur Nessma Tv.<\/strong><\/em><\/p>\n<p><!--more--><\/p>\n<div class=\"video\"><iframe loading=\"lazy\" id=\"div1\" src=\"https:\/\/www.youtube.com\/embed\/meOQdWsAyxE?rel=0&amp;iv_load_policy=3&amp;showinfo=0&amp;modestbranding=1&amp;fs=1\" width=\"560\" height=\"315\" frameborder=\"0\" allowfullscreen=\"allowfullscreen\"><\/iframe><\/div>\n<p>Le ministre a ajout\u00e9 que son d\u00e9partement travaille \u00e0 trouver une alternative \u00e0 ce concours d&rsquo;aptitude \u00e0 la profession d&rsquo;enseignant du secondaire (Capes), notamment au cours d&rsquo;une phase transitoire qui devrait durer entre 3 et 4 ans.<\/p>\n<p>Cette d\u00e9cision est motiv\u00e9e par le fait que des candidats dont le niveau est tr\u00e8s bas parviennent \u00e0 passer ce concours, selon le ministre.<\/p>\n<p>Neji Jalloul a pr\u00e9cis\u00e9 que les enseignants devront, par la suite, \u00eatre dipl\u00f4m\u00e9s de l\u2019Ecole normale sup\u00e9rieure.\u00a0Ainsi, les futurs instituteurs devront avoir le bac plus 3 ans de formation et les futurs professeurs un master plus 2 ans de formation.<\/p>\n<p>Le ministre de l\u2019Education a, en outre, indiqu\u00e9 la volont\u00e9 de son minist\u00e8re d&rsquo;offrir des salaires plus avantageux aux enseignants exer\u00e7ant dans les zones recul\u00e9es en soulignant avoir not\u00e9 un manque de 4000 enseignants.<\/p>\n<p>Neji Jalloul a \u00e9galement mis l\u2019accent sur l\u2019importance du concours de la 9<span style=\"font-size: 13.3333px; line-height: 20px;\">e<\/span>\u00a0ann\u00e9e qui sera consid\u00e9r\u00e9 comme la premi\u00e8re \u00e9tape d\u00e9cisive pour l\u2019avenir des \u00e9l\u00e8ves. Il a pr\u00e9cis\u00e9, dans ce contexte, que 50% des \u00e9l\u00e8ves seront orient\u00e9s vers la formation professionnelle qui comportera diverses fili\u00e8res dont les arts et le sport.<\/p>\n<p style=\"text-align: right;\"><strong>H. K.<\/strong><\/p>\n","protected":false},"excerpt":{"rendered":"<p>Le concours du Capes sera supprim\u00e9 \u00e0 partir de cette ann\u00e9e, a indiqu\u00e9 \u00a0Neji Jalloul, le ministre de l\u2019Education sur Nessma Tv.<\/p>\n","protected":false},"author":13,"featured_media":0,"comment_status":"open","ping_status":"open","sticky":false,"template":"","format":"standard","meta":{"footnotes":""},"categories":[997,2433],"tags":[1657,8492,5134,3159],"class_list":["post-21304","post","type-post","status-publish","format-standard","hentry","category-politique","category-tunisie","tag-annulation","tag-capes","tag-ministere-de-leducation","tag-neji-jalloul"],"yoast_head":"<!-- This site is optimized with the Yoast SEO plugin v26.6 - https:\/\/yoast.com\/wordpress\/plugins\/seo\/ -->\n<title>Neji Jalloul : Le Capes sera supprim\u00e9 (vid\u00e9o) - Kapitalis<\/title>\n<meta name=\"robots\" content=\"index, follow, max-snippet:-1, max-image-preview:large, max-video-preview:-1\" \/>\n<link rel=\"canonical\" href=\"https:\/\/kapitalis.com\/tunisie\/2015\/10\/23\/neji-jalloul-le-capes-sera-supprime-video\/\" \/>\n<meta property=\"og:locale\" content=\"fr_FR\" \/>\n<meta property=\"og:type\" content=\"article\" \/>\n<meta property=\"og:title\" content=\"Neji Jalloul : Le Capes sera supprim\u00e9 (vid\u00e9o) - Kapitalis\" \/>\n<meta property=\"og:description\" content=\"Le concours du Capes sera supprim\u00e9 \u00e0 partir de cette ann\u00e9e, a indiqu\u00e9 \u00a0Neji Jalloul, le ministre de l\u2019Education sur Nessma Tv.\" \/>\n<meta property=\"og:url\" content=\"https:\/\/kapitalis.com\/tunisie\/2015\/10\/23\/neji-jalloul-le-capes-sera-supprime-video\/\" \/>\n<meta property=\"og:site_name\" content=\"Kapitalis\" \/>\n<meta property=\"article:publisher\" content=\"https:\/\/www.facebook.com\/KapitalisInfo\/\" \/>\n<meta property=\"article:published_time\" content=\"2015-10-23T20:10:27+00:00\" \/>\n<meta property=\"article:modified_time\" content=\"2015-10-24T06:50:24+00:00\" \/>\n<meta property=\"og:image\" content=\"http:\/\/kapitalis.com\/tunisie\/wp-content\/uploads\/2015\/08\/Neji-Jalloul1.jpg\" \/>\n<meta name=\"author\" content=\"webmaster aux\" \/>\n<meta name=\"twitter:card\" content=\"summary_large_image\" \/>\n<meta name=\"twitter:creator\" content=\"@KapitalisInfo\" \/>\n<meta name=\"twitter:site\" content=\"@KapitalisInfo\" \/>\n<meta name=\"twitter:label1\" content=\"\u00c9crit par\" \/>\n\t<meta name=\"twitter:data1\" content=\"webmaster aux\" \/>\n\t<meta name=\"twitter:label2\" content=\"Dur\u00e9e de lecture estim\u00e9e\" \/>\n\t<meta name=\"twitter:data2\" content=\"1 minute\" \/>\n<script type=\"application\/ld+json\" class=\"yoast-schema-graph\">{\"@context\":\"https:\/\/schema.org\",\"@graph\":[{\"@type\":\"Article\",\"@id\":\"https:\/\/kapitalis.com\/tunisie\/2015\/10\/23\/neji-jalloul-le-capes-sera-supprime-video\/#article\",\"isPartOf\":{\"@id\":\"https:\/\/kapitalis.com\/tunisie\/2015\/10\/23\/neji-jalloul-le-capes-sera-supprime-video\/\"},\"author\":{\"name\":\"webmaster aux\",\"@id\":\"https:\/\/kapitalis.com\/tunisie\/#\/schema\/person\/aa8b4a429805c4e3f0713a3c3f95212b\"},\"headline\":\"Neji Jalloul : Le Capes sera supprim\u00e9 (vid\u00e9o)\",\"datePublished\":\"2015-10-23T20:10:27+00:00\",\"dateModified\":\"2015-10-24T06:50:24+00:00\",\"mainEntityOfPage\":{\"@id\":\"https:\/\/kapitalis.com\/tunisie\/2015\/10\/23\/neji-jalloul-le-capes-sera-supprime-video\/\"},\"wordCount\":236,\"commentCount\":2,\"publisher\":{\"@id\":\"https:\/\/kapitalis.com\/tunisie\/#organization\"},\"image\":{\"@id\":\"https:\/\/kapitalis.com\/tunisie\/2015\/10\/23\/neji-jalloul-le-capes-sera-supprime-video\/#primaryimage\"},\"thumbnailUrl\":\"http:\/\/kapitalis.com\/tunisie\/wp-content\/uploads\/2015\/08\/Neji-Jalloul1.jpg\",\"keywords\":[\"annulation\",\"Capes\",\"minist\u00e8re de l'Education\",\"Neji Jalloul\"],\"articleSection\":[\"POLITIQUE\",\"Tunisie\"],\"inLanguage\":\"fr-FR\",\"potentialAction\":[{\"@type\":\"CommentAction\",\"name\":\"Comment\",\"target\":[\"https:\/\/kapitalis.com\/tunisie\/2015\/10\/23\/neji-jalloul-le-capes-sera-supprime-video\/#respond\"]}]},{\"@type\":\"WebPage\",\"@id\":\"https:\/\/kapitalis.com\/tunisie\/2015\/10\/23\/neji-jalloul-le-capes-sera-supprime-video\/\",\"url\":\"https:\/\/kapitalis.com\/tunisie\/2015\/10\/23\/neji-jalloul-le-capes-sera-supprime-video\/\",\"name\":\"Neji Jalloul : Le Capes sera supprim\u00e9 (vid\u00e9o) - Kapitalis\",\"isPartOf\":{\"@id\":\"https:\/\/kapitalis.com\/tunisie\/#website\"},\"primaryImageOfPage\":{\"@id\":\"https:\/\/kapitalis.com\/tunisie\/2015\/10\/23\/neji-jalloul-le-capes-sera-supprime-video\/#primaryimage\"},\"image\":{\"@id\":\"https:\/\/kapitalis.com\/tunisie\/2015\/10\/23\/neji-jalloul-le-capes-sera-supprime-video\/#primaryimage\"},\"thumbnailUrl\":\"http:\/\/kapitalis.com\/tunisie\/wp-content\/uploads\/2015\/08\/Neji-Jalloul1.jpg\",\"datePublished\":\"2015-10-23T20:10:27+00:00\",\"dateModified\":\"2015-10-24T06:50:24+00:00\",\"breadcrumb\":{\"@id\":\"https:\/\/kapitalis.com\/tunisie\/2015\/10\/23\/neji-jalloul-le-capes-sera-supprime-video\/#breadcrumb\"},\"inLanguage\":\"fr-FR\",\"potentialAction\":[{\"@type\":\"ReadAction\",\"target\":[\"https:\/\/kapitalis.com\/tunisie\/2015\/10\/23\/neji-jalloul-le-capes-sera-supprime-video\/\"]}]},{\"@type\":\"ImageObject\",\"inLanguage\":\"fr-FR\",\"@id\":\"https:\/\/kapitalis.com\/tunisie\/2015\/10\/23\/neji-jalloul-le-capes-sera-supprime-video\/#primaryimage\",\"url\":\"http:\/\/kapitalis.com\/tunisie\/wp-content\/uploads\/2015\/08\/Neji-Jalloul1.jpg\",\"contentUrl\":\"http:\/\/kapitalis.com\/tunisie\/wp-content\/uploads\/2015\/08\/Neji-Jalloul1.jpg\"},{\"@type\":\"BreadcrumbList\",\"@id\":\"https:\/\/kapitalis.com\/tunisie\/2015\/10\/23\/neji-jalloul-le-capes-sera-supprime-video\/#breadcrumb\",\"itemListElement\":[{\"@type\":\"ListItem\",\"position\":1,\"name\":\"Accueil\",\"item\":\"https:\/\/kapitalis.com\/tunisie\/\"},{\"@type\":\"ListItem\",\"position\":2,\"name\":\"Neji Jalloul : Le Capes sera supprim\u00e9 (vid\u00e9o)\"}]},{\"@type\":\"WebSite\",\"@id\":\"https:\/\/kapitalis.com\/tunisie\/#website\",\"url\":\"https:\/\/kapitalis.com\/tunisie\/\",\"name\":\"Kapitalis\",\"description\":\"L&#039;actualit\u00e9 en Tunisie et dans le monde\",\"publisher\":{\"@id\":\"https:\/\/kapitalis.com\/tunisie\/#organization\"},\"potentialAction\":[{\"@type\":\"SearchAction\",\"target\":{\"@type\":\"EntryPoint\",\"urlTemplate\":\"https:\/\/kapitalis.com\/tunisie\/?s={search_term_string}\"},\"query-input\":{\"@type\":\"PropertyValueSpecification\",\"valueRequired\":true,\"valueName\":\"search_term_string\"}}],\"inLanguage\":\"fr-FR\"},{\"@type\":\"Organization\",\"@id\":\"https:\/\/kapitalis.com\/tunisie\/#organization\",\"name\":\"Kapitalis\",\"url\":\"https:\/\/kapitalis.com\/tunisie\/\",\"logo\":{\"@type\":\"ImageObject\",\"inLanguage\":\"fr-FR\",\"@id\":\"https:\/\/kapitalis.com\/tunisie\/#\/schema\/logo\/image\/\",\"url\":\"https:\/\/kapitalis.com\/tunisie\/wp-content\/uploads\/2022\/05\/Kapitalis-big-size.png\",\"contentUrl\":\"https:\/\/kapitalis.com\/tunisie\/wp-content\/uploads\/2022\/05\/Kapitalis-big-size.png\",\"width\":5000,\"height\":1500,\"caption\":\"Kapitalis\"},\"image\":{\"@id\":\"https:\/\/kapitalis.com\/tunisie\/#\/schema\/logo\/image\/\"},\"sameAs\":[\"https:\/\/www.facebook.com\/KapitalisInfo\/\",\"https:\/\/x.com\/KapitalisInfo\",\"https:\/\/www.youtube.com\/channel\/UC-yDYrHyfFBWWZaOw3FPg9Q\"]},{\"@type\":\"Person\",\"@id\":\"https:\/\/kapitalis.com\/tunisie\/#\/schema\/person\/aa8b4a429805c4e3f0713a3c3f95212b\",\"name\":\"webmaster aux\",\"url\":\"https:\/\/kapitalis.com\/tunisie\/author\/webmasteraux\/\"}]}<\/script>\n<!-- \/ Yoast SEO plugin. -->","yoast_head_json":{"title":"Neji Jalloul : Le Capes sera supprim\u00e9 (vid\u00e9o) - Kapitalis","robots":{"index":"index","follow":"follow","max-snippet":"max-snippet:-1","max-image-preview":"max-image-preview:large","max-video-preview":"max-video-preview:-1"},"canonical":"https:\/\/kapitalis.com\/tunisie\/2015\/10\/23\/neji-jalloul-le-capes-sera-supprime-video\/","og_locale":"fr_FR","og_type":"article","og_title":"Neji Jalloul : Le Capes sera supprim\u00e9 (vid\u00e9o) - Kapitalis","og_description":"Le concours du Capes sera supprim\u00e9 \u00e0 partir de cette ann\u00e9e, a indiqu\u00e9 \u00a0Neji Jalloul, le ministre de l\u2019Education sur Nessma Tv.","og_url":"https:\/\/kapitalis.com\/tunisie\/2015\/10\/23\/neji-jalloul-le-capes-sera-supprime-video\/","og_site_name":"Kapitalis","article_publisher":"https:\/\/www.facebook.com\/KapitalisInfo\/","article_published_time":"2015-10-23T20:10:27+00:00","article_modified_time":"2015-10-24T06:50:24+00:00","og_image":[{"url":"http:\/\/kapitalis.com\/tunisie\/wp-content\/uploads\/2015\/08\/Neji-Jalloul1.jpg","type":"","width":"","height":""}],"author":"webmaster aux","twitter_card":"summary_large_image","twitter_creator":"@KapitalisInfo","twitter_site":"@KapitalisInfo","twitter_misc":{"\u00c9crit par":"webmaster aux","Dur\u00e9e de lecture estim\u00e9e":"1 minute"},"schema":{"@context":"https:\/\/schema.org","@graph":[{"@type":"Article","@id":"https:\/\/kapitalis.com\/tunisie\/2015\/10\/23\/neji-jalloul-le-capes-sera-supprime-video\/#article","isPartOf":{"@id":"https:\/\/kapitalis.com\/tunisie\/2015\/10\/23\/neji-jalloul-le-capes-sera-supprime-video\/"},"author":{"name":"webmaster aux","@id":"https:\/\/kapitalis.com\/tunisie\/#\/schema\/person\/aa8b4a429805c4e3f0713a3c3f95212b"},"headline":"Neji Jalloul : Le Capes sera supprim\u00e9 (vid\u00e9o)","datePublished":"2015-10-23T20:10:27+00:00","dateModified":"2015-10-24T06:50:24+00:00","mainEntityOfPage":{"@id":"https:\/\/kapitalis.com\/tunisie\/2015\/10\/23\/neji-jalloul-le-capes-sera-supprime-video\/"},"wordCount":236,"commentCount":2,"publisher":{"@id":"https:\/\/kapitalis.com\/tunisie\/#organization"},"image":{"@id":"https:\/\/kapitalis.com\/tunisie\/2015\/10\/23\/neji-jalloul-le-capes-sera-supprime-video\/#primaryimage"},"thumbnailUrl":"http:\/\/kapitalis.com\/tunisie\/wp-content\/uploads\/2015\/08\/Neji-Jalloul1.jpg","keywords":["annulation","Capes","minist\u00e8re de l'Education","Neji Jalloul"],"articleSection":["POLITIQUE","Tunisie"],"inLanguage":"fr-FR","potentialAction":[{"@type":"CommentAction","name":"Comment","target":["https:\/\/kapitalis.com\/tunisie\/2015\/10\/23\/neji-jalloul-le-capes-sera-supprime-video\/#respond"]}]},{"@type":"WebPage","@id":"https:\/\/kapitalis.com\/tunisie\/2015\/10\/23\/neji-jalloul-le-capes-sera-supprime-video\/","url":"https:\/\/kapitalis.com\/tunisie\/2015\/10\/23\/neji-jalloul-le-capes-sera-supprime-video\/","name":"Neji Jalloul : Le Capes sera supprim\u00e9 (vid\u00e9o) - Kapitalis","isPartOf":{"@id":"https:\/\/kapitalis.com\/tunisie\/#website"},"primaryImageOfPage":{"@id":"https:\/\/kapitalis.com\/tunisie\/2015\/10\/23\/neji-jalloul-le-capes-sera-supprime-video\/#primaryimage"},"image":{"@id":"https:\/\/kapitalis.com\/tunisie\/2015\/10\/23\/neji-jalloul-le-capes-sera-supprime-video\/#primaryimage"},"thumbnailUrl":"http:\/\/kapitalis.com\/tunisie\/wp-content\/uploads\/2015\/08\/Neji-Jalloul1.jpg","datePublished":"2015-10-23T20:10:27+00:00","dateModified":"2015-10-24T06:50:24+00:00","breadcrumb":{"@id":"https:\/\/kapitalis.com\/tunisie\/2015\/10\/23\/neji-jalloul-le-capes-sera-supprime-video\/#breadcrumb"},"inLanguage":"fr-FR","potentialAction":[{"@type":"ReadAction","target":["https:\/\/kapitalis.com\/tunisie\/2015\/10\/23\/neji-jalloul-le-capes-sera-supprime-video\/"]}]},{"@type":"ImageObject","inLanguage":"fr-FR","@id":"https:\/\/kapitalis.com\/tunisie\/2015\/10\/23\/neji-jalloul-le-capes-sera-supprime-video\/#primaryimage","url":"http:\/\/kapitalis.com\/tunisie\/wp-content\/uploads\/2015\/08\/Neji-Jalloul1.jpg","contentUrl":"http:\/\/kapitalis.com\/tunisie\/wp-content\/uploads\/2015\/08\/Neji-Jalloul1.jpg"},{"@type":"BreadcrumbList","@id":"https:\/\/kapitalis.com\/tunisie\/2015\/10\/23\/neji-jalloul-le-capes-sera-supprime-video\/#breadcrumb","itemListElement":[{"@type":"ListItem","position":1,"name":"Accueil","item":"https:\/\/kapitalis.com\/tunisie\/"},{"@type":"ListItem","position":2,"name":"Neji Jalloul : Le Capes sera supprim\u00e9 (vid\u00e9o)"}]},{"@type":"WebSite","@id":"https:\/\/kapitalis.com\/tunisie\/#website","url":"https:\/\/kapitalis.com\/tunisie\/","name":"Kapitalis","description":"L&#039;actualit\u00e9 en Tunisie et dans le monde","publisher":{"@id":"https:\/\/kapitalis.com\/tunisie\/#organization"},"potentialAction":[{"@type":"SearchAction","target":{"@type":"EntryPoint","urlTemplate":"https:\/\/kapitalis.com\/tunisie\/?s={search_term_string}"},"query-input":{"@type":"PropertyValueSpecification","valueRequired":true,"valueName":"search_term_string"}}],"inLanguage":"fr-FR"},{"@type":"Organization","@id":"https:\/\/kapitalis.com\/tunisie\/#organization","name":"Kapitalis","url":"https:\/\/kapitalis.com\/tunisie\/","logo":{"@type":"ImageObject","inLanguage":"fr-FR","@id":"https:\/\/kapitalis.com\/tunisie\/#\/schema\/logo\/image\/","url":"https:\/\/kapitalis.com\/tunisie\/wp-content\/uploads\/2022\/05\/Kapitalis-big-size.png","contentUrl":"https:\/\/kapitalis.com\/tunisie\/wp-content\/uploads\/2022\/05\/Kapitalis-big-size.png","width":5000,"height":1500,"caption":"Kapitalis"},"image":{"@id":"https:\/\/kapitalis.com\/tunisie\/#\/schema\/logo\/image\/"},"sameAs":["https:\/\/www.facebook.com\/KapitalisInfo\/","https:\/\/x.com\/KapitalisInfo","https:\/\/www.youtube.com\/channel\/UC-yDYrHyfFBWWZaOw3FPg9Q"]},{"@type":"Person","@id":"https:\/\/kapitalis.com\/tunisie\/#\/schema\/person\/aa8b4a429805c4e3f0713a3c3f95212b","name":"webmaster aux","url":"https:\/\/kapitalis.com\/tunisie\/author\/webmasteraux\/"}]}},"_links":{"self":[{"href":"https:\/\/kapitalis.com\/tunisie\/wp-json\/wp\/v2\/posts\/21304","targetHints":{"allow":["GET"]}}],"collection":[{"href":"https:\/\/kapitalis.com\/tunisie\/wp-json\/wp\/v2\/posts"}],"about":[{"href":"https:\/\/kapitalis.com\/tunisie\/wp-json\/wp\/v2\/types\/post"}],"author":[{"embeddable":true,"href":"https:\/\/kapitalis.com\/tunisie\/wp-json\/wp\/v2\/users\/13"}],"replies":[{"embeddable":true,"href":"https:\/\/kapitalis.com\/tunisie\/wp-json\/wp\/v2\/comments?post=21304"}],"version-history":[{"count":0,"href":"https:\/\/kapitalis.com\/tunisie\/wp-json\/wp\/v2\/posts\/21304\/revisions"}],"wp:attachment":[{"href":"https:\/\/kapitalis.com\/tunisie\/wp-json\/wp\/v2\/media?parent=21304"}],"wp:term":[{"taxonomy":"category","embeddable":true,"href":"https:\/\/kapitalis.com\/tunisie\/wp-json\/wp\/v2\/categories?post=21304"},{"taxonomy":"post_tag","embeddable":true,"href":"https:\/\/kapitalis.com\/tunisie\/wp-json\/wp\/v2\/tags?post=21304"}],"curies":[{"name":"wp","href":"https:\/\/api.w.org\/{rel}","templated":true}]}}