{"id":213613,"date":"2019-05-17T10:18:31","date_gmt":"2019-05-17T09:18:31","guid":{"rendered":"http:\/\/kapitalis.com\/tunisie\/?p=213613"},"modified":"2019-05-17T10:21:45","modified_gmt":"2019-05-17T09:21:45","slug":"esperance-de-tunis-junior-lokoza-reconduit-taha-yassine-khenissi-au-repos","status":"publish","type":"post","link":"https:\/\/kapitalis.com\/tunisie\/2019\/05\/17\/esperance-de-tunis-junior-lokoza-reconduit-taha-yassine-khenissi-au-repos\/","title":{"rendered":"Esp\u00e9rance de Tunis : Junior Lokoza reconduit, Taha Yassine Khenissi au repos"},"content":{"rendered":"\n<figure class=\"wp-block-image\"><img decoding=\"async\" src=\"http:\/\/kapitalis.com\/tunisie\/wp-content\/uploads\/2019\/05\/Khenissi-Lokosa-1.jpg\" alt=\"\" class=\"wp-image-213620\"\/><figcaption> <em>Taha Yassine Khenissi\/Junior Lokosa.<\/em> <\/figcaption><\/figure>\n\n\n\n<p><strong><em>L\u2019attaquant de l\u2019Esp\u00e9rance sportive de Tunis (EST), Taha Yassine Khenissi, sera absent au sommet de la 22e journ\u00e9e de la Ligue 1 de football, contre l\u2019Etoile sportive du Sahel (ESS), demain samedi 18 mai 2019, \u00e0 Sousse.<\/em><\/strong><br><\/p>\n\n\n\n<!--more-->\n\n\n\n<p> Au repos pour une blessure musculaire lors des deux de derniers matches contre l\u2019Union sportive monastirienne (USMo), en quart de finale de la Coupe de Tunisie, et face au Stade Gab\u00e9sien pour le compte de la 21e journ\u00e9e, l\u2019attaquant \u00absang et or\u00bb observera quelques jours de r\u00e9cup\u00e9ration suppl\u00e9mentaires afin qu\u2019il puisse disputer la finale aller de la Ligue des Champions africaine face au Wydad Casablanca, le vendredi 24 mai, au stade Mohammed V de Casablanca.<br> Junior Lokoza, auteur d\u2019un tr\u00e8s bon match contre le Stade Gab\u00e9sien, devra conduire l\u2019attaque \u00absang et or\u00bb demain \u00e0 Sousse, dans un match \u00e0 ne pas perdre pour garder la distance avec l\u2019ESS et le Club sportif sfaxien (CSS). <br> L\u2019EST devra r\u00e9cup\u00e9rer contre l\u2019ESS ses 8 titulaires absents lors du dernier match de championnat contre le Stade Gab\u00e9sien, \u00e0 l\u2019instar de Youcef Belaili, Anice Badri, Khalil Chammam, Ayman Ben Mohamed, Chamseddine Dhaouadi, Ghailene Chaalali, Fousseny Coulibaly\u2026 <br><\/p>\n\n\n\n<p style=\"text-align:right\"><strong> H. M. <\/strong><\/p>\n","protected":false},"excerpt":{"rendered":"<p>L\u2019attaquant de l\u2019Esp\u00e9rance sportive de Tunis (EST), Taha Yassine Khenissi, sera absent au sommet de la 22e journ\u00e9e de la Ligue 1 de football, contre l\u2019Etoile sportive du Sahel (ESS), demain samedi 18 mai 2019, \u00e0 Sousse.<\/p>\n","protected":false},"author":8,"featured_media":213614,"comment_status":"open","ping_status":"open","sticky":false,"template":"","format":"standard","meta":{"footnotes":""},"categories":[999,2433],"tags":[18374,1619,1295,54574,40569,18924,48897],"class_list":["post-213613","post","type-post","status-publish","format-standard","has-post-thumbnail","hentry","category-sport","category-tunisie","tag-ayman-ben-mohamed","tag-esperance-de-tunis","tag-etoile-du-sahel","tag-junior-lokosa","tag-khalil-chammam","tag-taha-yassine-khenissi","tag-youcef-belaili"],"yoast_head":"<!-- This site is optimized with the Yoast SEO plugin v26.6 - https:\/\/yoast.com\/wordpress\/plugins\/seo\/ -->\n<title>Esp\u00e9rance de Tunis : Junior Lokoza reconduit, Taha Yassine Khenissi au repos - Kapitalis<\/title>\n<meta name=\"robots\" content=\"index, follow, max-snippet:-1, max-image-preview:large, max-video-preview:-1\" \/>\n<link rel=\"canonical\" href=\"https:\/\/kapitalis.com\/tunisie\/2019\/05\/17\/esperance-de-tunis-junior-lokoza-reconduit-taha-yassine-khenissi-au-repos\/\" \/>\n<meta property=\"og:locale\" content=\"fr_FR\" \/>\n<meta property=\"og:type\" content=\"article\" \/>\n<meta property=\"og:title\" content=\"Esp\u00e9rance de Tunis : Junior Lokoza reconduit, Taha Yassine Khenissi au repos - Kapitalis\" \/>\n<meta property=\"og:description\" content=\"L\u2019attaquant de l\u2019Esp\u00e9rance sportive de Tunis (EST), Taha Yassine Khenissi, sera absent au sommet de la 22e journ\u00e9e de la Ligue 1 de football, contre l\u2019Etoile sportive du Sahel (ESS), demain samedi 18 mai 2019, \u00e0 Sousse.\" \/>\n<meta property=\"og:url\" content=\"https:\/\/kapitalis.com\/tunisie\/2019\/05\/17\/esperance-de-tunis-junior-lokoza-reconduit-taha-yassine-khenissi-au-repos\/\" \/>\n<meta property=\"og:site_name\" content=\"Kapitalis\" \/>\n<meta property=\"article:publisher\" content=\"https:\/\/www.facebook.com\/KapitalisInfo\/\" \/>\n<meta property=\"article:published_time\" content=\"2019-05-17T09:18:31+00:00\" \/>\n<meta property=\"article:modified_time\" content=\"2019-05-17T09:21:45+00:00\" \/>\n<meta property=\"og:image\" content=\"https:\/\/kapitalis.com\/tunisie\/wp-content\/uploads\/2022\/05\/kapitalis-logo-fb.png\" \/>\n\t<meta property=\"og:image:width\" content=\"1200\" \/>\n\t<meta property=\"og:image:height\" content=\"630\" \/>\n\t<meta property=\"og:image:type\" content=\"image\/png\" \/>\n<meta name=\"author\" content=\"webmaster kapitalis\" \/>\n<meta name=\"twitter:card\" content=\"summary_large_image\" \/>\n<meta name=\"twitter:creator\" content=\"@KapitalisInfo\" \/>\n<meta name=\"twitter:site\" content=\"@KapitalisInfo\" \/>\n<meta name=\"twitter:label1\" content=\"\u00c9crit par\" \/>\n\t<meta name=\"twitter:data1\" content=\"webmaster kapitalis\" \/>\n\t<meta name=\"twitter:label2\" content=\"Dur\u00e9e de lecture estim\u00e9e\" \/>\n\t<meta name=\"twitter:data2\" content=\"1 minute\" \/>\n<script type=\"application\/ld+json\" class=\"yoast-schema-graph\">{\"@context\":\"https:\/\/schema.org\",\"@graph\":[{\"@type\":\"Article\",\"@id\":\"https:\/\/kapitalis.com\/tunisie\/2019\/05\/17\/esperance-de-tunis-junior-lokoza-reconduit-taha-yassine-khenissi-au-repos\/#article\",\"isPartOf\":{\"@id\":\"https:\/\/kapitalis.com\/tunisie\/2019\/05\/17\/esperance-de-tunis-junior-lokoza-reconduit-taha-yassine-khenissi-au-repos\/\"},\"author\":{\"name\":\"webmaster kapitalis\",\"@id\":\"https:\/\/kapitalis.com\/tunisie\/#\/schema\/person\/d71f33a9ca44f7bad4698210b480c8e9\"},\"headline\":\"Esp\u00e9rance de Tunis : Junior Lokoza reconduit, Taha Yassine Khenissi au repos\",\"datePublished\":\"2019-05-17T09:18:31+00:00\",\"dateModified\":\"2019-05-17T09:21:45+00:00\",\"mainEntityOfPage\":{\"@id\":\"https:\/\/kapitalis.com\/tunisie\/2019\/05\/17\/esperance-de-tunis-junior-lokoza-reconduit-taha-yassine-khenissi-au-repos\/\"},\"wordCount\":222,\"commentCount\":0,\"publisher\":{\"@id\":\"https:\/\/kapitalis.com\/tunisie\/#organization\"},\"image\":{\"@id\":\"https:\/\/kapitalis.com\/tunisie\/2019\/05\/17\/esperance-de-tunis-junior-lokoza-reconduit-taha-yassine-khenissi-au-repos\/#primaryimage\"},\"thumbnailUrl\":\"\",\"keywords\":[\"Ayman Ben Mohamed\",\"Esp\u00e9rance de Tunis\",\"Etoile du Sahel\",\"Junior Lokosa\",\"Khalil Chammam\",\"Taha Yassine Khenissi\",\"Youcef Belaili\"],\"articleSection\":[\"SPORT\",\"Tunisie\"],\"inLanguage\":\"fr-FR\",\"potentialAction\":[{\"@type\":\"CommentAction\",\"name\":\"Comment\",\"target\":[\"https:\/\/kapitalis.com\/tunisie\/2019\/05\/17\/esperance-de-tunis-junior-lokoza-reconduit-taha-yassine-khenissi-au-repos\/#respond\"]}]},{\"@type\":\"WebPage\",\"@id\":\"https:\/\/kapitalis.com\/tunisie\/2019\/05\/17\/esperance-de-tunis-junior-lokoza-reconduit-taha-yassine-khenissi-au-repos\/\",\"url\":\"https:\/\/kapitalis.com\/tunisie\/2019\/05\/17\/esperance-de-tunis-junior-lokoza-reconduit-taha-yassine-khenissi-au-repos\/\",\"name\":\"Esp\u00e9rance de Tunis : Junior Lokoza reconduit, Taha Yassine Khenissi au repos - Kapitalis\",\"isPartOf\":{\"@id\":\"https:\/\/kapitalis.com\/tunisie\/#website\"},\"primaryImageOfPage\":{\"@id\":\"https:\/\/kapitalis.com\/tunisie\/2019\/05\/17\/esperance-de-tunis-junior-lokoza-reconduit-taha-yassine-khenissi-au-repos\/#primaryimage\"},\"image\":{\"@id\":\"https:\/\/kapitalis.com\/tunisie\/2019\/05\/17\/esperance-de-tunis-junior-lokoza-reconduit-taha-yassine-khenissi-au-repos\/#primaryimage\"},\"thumbnailUrl\":\"\",\"datePublished\":\"2019-05-17T09:18:31+00:00\",\"dateModified\":\"2019-05-17T09:21:45+00:00\",\"breadcrumb\":{\"@id\":\"https:\/\/kapitalis.com\/tunisie\/2019\/05\/17\/esperance-de-tunis-junior-lokoza-reconduit-taha-yassine-khenissi-au-repos\/#breadcrumb\"},\"inLanguage\":\"fr-FR\",\"potentialAction\":[{\"@type\":\"ReadAction\",\"target\":[\"https:\/\/kapitalis.com\/tunisie\/2019\/05\/17\/esperance-de-tunis-junior-lokoza-reconduit-taha-yassine-khenissi-au-repos\/\"]}]},{\"@type\":\"ImageObject\",\"inLanguage\":\"fr-FR\",\"@id\":\"https:\/\/kapitalis.com\/tunisie\/2019\/05\/17\/esperance-de-tunis-junior-lokoza-reconduit-taha-yassine-khenissi-au-repos\/#primaryimage\",\"url\":\"\",\"contentUrl\":\"\"},{\"@type\":\"BreadcrumbList\",\"@id\":\"https:\/\/kapitalis.com\/tunisie\/2019\/05\/17\/esperance-de-tunis-junior-lokoza-reconduit-taha-yassine-khenissi-au-repos\/#breadcrumb\",\"itemListElement\":[{\"@type\":\"ListItem\",\"position\":1,\"name\":\"Accueil\",\"item\":\"https:\/\/kapitalis.com\/tunisie\/\"},{\"@type\":\"ListItem\",\"position\":2,\"name\":\"Esp\u00e9rance de Tunis : Junior Lokoza reconduit, Taha Yassine Khenissi au repos\"}]},{\"@type\":\"WebSite\",\"@id\":\"https:\/\/kapitalis.com\/tunisie\/#website\",\"url\":\"https:\/\/kapitalis.com\/tunisie\/\",\"name\":\"Kapitalis\",\"description\":\"L&#039;actualit\u00e9 en Tunisie et dans le monde\",\"publisher\":{\"@id\":\"https:\/\/kapitalis.com\/tunisie\/#organization\"},\"potentialAction\":[{\"@type\":\"SearchAction\",\"target\":{\"@type\":\"EntryPoint\",\"urlTemplate\":\"https:\/\/kapitalis.com\/tunisie\/?s={search_term_string}\"},\"query-input\":{\"@type\":\"PropertyValueSpecification\",\"valueRequired\":true,\"valueName\":\"search_term_string\"}}],\"inLanguage\":\"fr-FR\"},{\"@type\":\"Organization\",\"@id\":\"https:\/\/kapitalis.com\/tunisie\/#organization\",\"name\":\"Kapitalis\",\"url\":\"https:\/\/kapitalis.com\/tunisie\/\",\"logo\":{\"@type\":\"ImageObject\",\"inLanguage\":\"fr-FR\",\"@id\":\"https:\/\/kapitalis.com\/tunisie\/#\/schema\/logo\/image\/\",\"url\":\"https:\/\/kapitalis.com\/tunisie\/wp-content\/uploads\/2022\/05\/Kapitalis-big-size.png\",\"contentUrl\":\"https:\/\/kapitalis.com\/tunisie\/wp-content\/uploads\/2022\/05\/Kapitalis-big-size.png\",\"width\":5000,\"height\":1500,\"caption\":\"Kapitalis\"},\"image\":{\"@id\":\"https:\/\/kapitalis.com\/tunisie\/#\/schema\/logo\/image\/\"},\"sameAs\":[\"https:\/\/www.facebook.com\/KapitalisInfo\/\",\"https:\/\/x.com\/KapitalisInfo\",\"https:\/\/www.youtube.com\/channel\/UC-yDYrHyfFBWWZaOw3FPg9Q\"]},{\"@type\":\"Person\",\"@id\":\"https:\/\/kapitalis.com\/tunisie\/#\/schema\/person\/d71f33a9ca44f7bad4698210b480c8e9\",\"name\":\"webmaster kapitalis\",\"url\":\"https:\/\/kapitalis.com\/tunisie\/author\/webmaster-kapitalis\/\"}]}<\/script>\n<!-- \/ Yoast SEO plugin. -->","yoast_head_json":{"title":"Esp\u00e9rance de Tunis : Junior Lokoza reconduit, Taha Yassine Khenissi au repos - Kapitalis","robots":{"index":"index","follow":"follow","max-snippet":"max-snippet:-1","max-image-preview":"max-image-preview:large","max-video-preview":"max-video-preview:-1"},"canonical":"https:\/\/kapitalis.com\/tunisie\/2019\/05\/17\/esperance-de-tunis-junior-lokoza-reconduit-taha-yassine-khenissi-au-repos\/","og_locale":"fr_FR","og_type":"article","og_title":"Esp\u00e9rance de Tunis : Junior Lokoza reconduit, Taha Yassine Khenissi au repos - Kapitalis","og_description":"L\u2019attaquant de l\u2019Esp\u00e9rance sportive de Tunis (EST), Taha Yassine Khenissi, sera absent au sommet de la 22e journ\u00e9e de la Ligue 1 de football, contre l\u2019Etoile sportive du Sahel (ESS), demain samedi 18 mai 2019, \u00e0 Sousse.","og_url":"https:\/\/kapitalis.com\/tunisie\/2019\/05\/17\/esperance-de-tunis-junior-lokoza-reconduit-taha-yassine-khenissi-au-repos\/","og_site_name":"Kapitalis","article_publisher":"https:\/\/www.facebook.com\/KapitalisInfo\/","article_published_time":"2019-05-17T09:18:31+00:00","article_modified_time":"2019-05-17T09:21:45+00:00","og_image":[{"width":1200,"height":630,"url":"https:\/\/kapitalis.com\/tunisie\/wp-content\/uploads\/2022\/05\/kapitalis-logo-fb.png","type":"image\/png"}],"author":"webmaster kapitalis","twitter_card":"summary_large_image","twitter_creator":"@KapitalisInfo","twitter_site":"@KapitalisInfo","twitter_misc":{"\u00c9crit par":"webmaster kapitalis","Dur\u00e9e de lecture estim\u00e9e":"1 minute"},"schema":{"@context":"https:\/\/schema.org","@graph":[{"@type":"Article","@id":"https:\/\/kapitalis.com\/tunisie\/2019\/05\/17\/esperance-de-tunis-junior-lokoza-reconduit-taha-yassine-khenissi-au-repos\/#article","isPartOf":{"@id":"https:\/\/kapitalis.com\/tunisie\/2019\/05\/17\/esperance-de-tunis-junior-lokoza-reconduit-taha-yassine-khenissi-au-repos\/"},"author":{"name":"webmaster kapitalis","@id":"https:\/\/kapitalis.com\/tunisie\/#\/schema\/person\/d71f33a9ca44f7bad4698210b480c8e9"},"headline":"Esp\u00e9rance de Tunis : Junior Lokoza reconduit, Taha Yassine Khenissi au repos","datePublished":"2019-05-17T09:18:31+00:00","dateModified":"2019-05-17T09:21:45+00:00","mainEntityOfPage":{"@id":"https:\/\/kapitalis.com\/tunisie\/2019\/05\/17\/esperance-de-tunis-junior-lokoza-reconduit-taha-yassine-khenissi-au-repos\/"},"wordCount":222,"commentCount":0,"publisher":{"@id":"https:\/\/kapitalis.com\/tunisie\/#organization"},"image":{"@id":"https:\/\/kapitalis.com\/tunisie\/2019\/05\/17\/esperance-de-tunis-junior-lokoza-reconduit-taha-yassine-khenissi-au-repos\/#primaryimage"},"thumbnailUrl":"","keywords":["Ayman Ben Mohamed","Esp\u00e9rance de Tunis","Etoile du Sahel","Junior Lokosa","Khalil Chammam","Taha Yassine Khenissi","Youcef Belaili"],"articleSection":["SPORT","Tunisie"],"inLanguage":"fr-FR","potentialAction":[{"@type":"CommentAction","name":"Comment","target":["https:\/\/kapitalis.com\/tunisie\/2019\/05\/17\/esperance-de-tunis-junior-lokoza-reconduit-taha-yassine-khenissi-au-repos\/#respond"]}]},{"@type":"WebPage","@id":"https:\/\/kapitalis.com\/tunisie\/2019\/05\/17\/esperance-de-tunis-junior-lokoza-reconduit-taha-yassine-khenissi-au-repos\/","url":"https:\/\/kapitalis.com\/tunisie\/2019\/05\/17\/esperance-de-tunis-junior-lokoza-reconduit-taha-yassine-khenissi-au-repos\/","name":"Esp\u00e9rance de Tunis : Junior Lokoza reconduit, Taha Yassine Khenissi au repos - Kapitalis","isPartOf":{"@id":"https:\/\/kapitalis.com\/tunisie\/#website"},"primaryImageOfPage":{"@id":"https:\/\/kapitalis.com\/tunisie\/2019\/05\/17\/esperance-de-tunis-junior-lokoza-reconduit-taha-yassine-khenissi-au-repos\/#primaryimage"},"image":{"@id":"https:\/\/kapitalis.com\/tunisie\/2019\/05\/17\/esperance-de-tunis-junior-lokoza-reconduit-taha-yassine-khenissi-au-repos\/#primaryimage"},"thumbnailUrl":"","datePublished":"2019-05-17T09:18:31+00:00","dateModified":"2019-05-17T09:21:45+00:00","breadcrumb":{"@id":"https:\/\/kapitalis.com\/tunisie\/2019\/05\/17\/esperance-de-tunis-junior-lokoza-reconduit-taha-yassine-khenissi-au-repos\/#breadcrumb"},"inLanguage":"fr-FR","potentialAction":[{"@type":"ReadAction","target":["https:\/\/kapitalis.com\/tunisie\/2019\/05\/17\/esperance-de-tunis-junior-lokoza-reconduit-taha-yassine-khenissi-au-repos\/"]}]},{"@type":"ImageObject","inLanguage":"fr-FR","@id":"https:\/\/kapitalis.com\/tunisie\/2019\/05\/17\/esperance-de-tunis-junior-lokoza-reconduit-taha-yassine-khenissi-au-repos\/#primaryimage","url":"","contentUrl":""},{"@type":"BreadcrumbList","@id":"https:\/\/kapitalis.com\/tunisie\/2019\/05\/17\/esperance-de-tunis-junior-lokoza-reconduit-taha-yassine-khenissi-au-repos\/#breadcrumb","itemListElement":[{"@type":"ListItem","position":1,"name":"Accueil","item":"https:\/\/kapitalis.com\/tunisie\/"},{"@type":"ListItem","position":2,"name":"Esp\u00e9rance de Tunis : Junior Lokoza reconduit, Taha Yassine Khenissi au repos"}]},{"@type":"WebSite","@id":"https:\/\/kapitalis.com\/tunisie\/#website","url":"https:\/\/kapitalis.com\/tunisie\/","name":"Kapitalis","description":"L&#039;actualit\u00e9 en Tunisie et dans le monde","publisher":{"@id":"https:\/\/kapitalis.com\/tunisie\/#organization"},"potentialAction":[{"@type":"SearchAction","target":{"@type":"EntryPoint","urlTemplate":"https:\/\/kapitalis.com\/tunisie\/?s={search_term_string}"},"query-input":{"@type":"PropertyValueSpecification","valueRequired":true,"valueName":"search_term_string"}}],"inLanguage":"fr-FR"},{"@type":"Organization","@id":"https:\/\/kapitalis.com\/tunisie\/#organization","name":"Kapitalis","url":"https:\/\/kapitalis.com\/tunisie\/","logo":{"@type":"ImageObject","inLanguage":"fr-FR","@id":"https:\/\/kapitalis.com\/tunisie\/#\/schema\/logo\/image\/","url":"https:\/\/kapitalis.com\/tunisie\/wp-content\/uploads\/2022\/05\/Kapitalis-big-size.png","contentUrl":"https:\/\/kapitalis.com\/tunisie\/wp-content\/uploads\/2022\/05\/Kapitalis-big-size.png","width":5000,"height":1500,"caption":"Kapitalis"},"image":{"@id":"https:\/\/kapitalis.com\/tunisie\/#\/schema\/logo\/image\/"},"sameAs":["https:\/\/www.facebook.com\/KapitalisInfo\/","https:\/\/x.com\/KapitalisInfo","https:\/\/www.youtube.com\/channel\/UC-yDYrHyfFBWWZaOw3FPg9Q"]},{"@type":"Person","@id":"https:\/\/kapitalis.com\/tunisie\/#\/schema\/person\/d71f33a9ca44f7bad4698210b480c8e9","name":"webmaster kapitalis","url":"https:\/\/kapitalis.com\/tunisie\/author\/webmaster-kapitalis\/"}]}},"_links":{"self":[{"href":"https:\/\/kapitalis.com\/tunisie\/wp-json\/wp\/v2\/posts\/213613","targetHints":{"allow":["GET"]}}],"collection":[{"href":"https:\/\/kapitalis.com\/tunisie\/wp-json\/wp\/v2\/posts"}],"about":[{"href":"https:\/\/kapitalis.com\/tunisie\/wp-json\/wp\/v2\/types\/post"}],"author":[{"embeddable":true,"href":"https:\/\/kapitalis.com\/tunisie\/wp-json\/wp\/v2\/users\/8"}],"replies":[{"embeddable":true,"href":"https:\/\/kapitalis.com\/tunisie\/wp-json\/wp\/v2\/comments?post=213613"}],"version-history":[{"count":0,"href":"https:\/\/kapitalis.com\/tunisie\/wp-json\/wp\/v2\/posts\/213613\/revisions"}],"wp:featuredmedia":[{"embeddable":true,"href":"https:\/\/kapitalis.com\/tunisie\/wp-json\/wp\/v2\/media\/213614"}],"wp:attachment":[{"href":"https:\/\/kapitalis.com\/tunisie\/wp-json\/wp\/v2\/media?parent=213613"}],"wp:term":[{"taxonomy":"category","embeddable":true,"href":"https:\/\/kapitalis.com\/tunisie\/wp-json\/wp\/v2\/categories?post=213613"},{"taxonomy":"post_tag","embeddable":true,"href":"https:\/\/kapitalis.com\/tunisie\/wp-json\/wp\/v2\/tags?post=213613"}],"curies":[{"name":"wp","href":"https:\/\/api.w.org\/{rel}","templated":true}]}}