{"id":213936,"date":"2019-05-20T12:05:20","date_gmt":"2019-05-20T11:05:20","guid":{"rendered":"http:\/\/kapitalis.com\/tunisie\/?p=213936"},"modified":"2019-05-20T12:05:22","modified_gmt":"2019-05-20T11:05:22","slug":"deces-de-3-enfants-dans-un-accident-de-train-a-sfax-les-habitants-de-sakiet-ezzit-en-colere","status":"publish","type":"post","link":"https:\/\/kapitalis.com\/tunisie\/2019\/05\/20\/deces-de-3-enfants-dans-un-accident-de-train-a-sfax-les-habitants-de-sakiet-ezzit-en-colere\/","title":{"rendered":"D\u00e9c\u00e8s de 3 enfants dans un accident de train \u00e0 Sfax\u00a0: Les habitants de Sakiet Ezzit en col\u00e8re"},"content":{"rendered":"\n<figure class=\"wp-block-image\"><img decoding=\"async\" src=\"http:\/\/kapitalis.com\/tunisie\/wp-content\/uploads\/2019\/05\/Sfax-accident-train.jpg\" alt=\"\" class=\"wp-image-213940\"\/><\/figure>\n\n\n<p><em><strong>Des habitants de Sakiet Ezzit (Sfax) ont bloqu\u00e9 la voie ferr\u00e9e, hier, dimanche 19 mai 2019, pour protester contre les accidents de train dans la ville. Le dernier en date a co\u00fbt\u00e9 la vie \u00e0 3 enfants de la m\u00eame famille, samedi dernier.<\/strong><\/em><!--more--><\/p>\n<p>Yassine et Yamen, deux fr\u00e8re de 10 et 6 ans\u0629 et leur cousine Zeineb (8 ans), sont morts sur le coup apr\u00e8s que la voiture conduite par leur p\u00e8re eut \u00e9t\u00e9 percut\u00e9e par un train, quelques minutes avant la rupture du je\u00fbne. Le p\u00e8re, quant \u00e0 lui, a \u00e9t\u00e9 gri\u00e8vement bless\u00e9 et il est entre la vie et la mort.<\/p>\n<p>Cet accident a provoqu\u00e9 la douleur mais aussi la col\u00e8re des proches des d\u00e9funts et des habitants de la ville qui accusent la Soci\u00e9t\u00e9 nationale des chemins de fer tunisiens (SNCFT) d\u2019\u00eatre responsable de ce drame, ajoutant que la barri\u00e8re de s\u00e9curit\u00e9 de la station de la rue Mhiri est endommag\u00e9e depuis une semaine, selon leurs dires.<\/p>\n<p style=\"text-align: center;\"><img loading=\"lazy\" decoding=\"async\" class=\"alignnone wp-image-213941\" src=\"http:\/\/kapitalis.com\/tunisie\/wp-content\/uploads\/2019\/05\/sncft-Sfax.jpg\" alt=\"\" width=\"500\" height=\"304\" \/><\/p>\n<p>Une enqu\u00eate a \u00e9t\u00e9 ouverte par le juge d&rsquo;instruction aupr\u00e8s du tribunal de 1\u00e8re instance de Sfax pour d\u00e9terminer les responsabilit\u00e9s dans l&rsquo;accident mais cela n\u2019a pas apais\u00e9 la col\u00e8re des protestataires qui ont bloqu\u00e9 les rails, hier apr\u00e8s-midi, avec des pneus et des bennes en feu, ce qui a n\u00e9cessite l\u2019intervention des forces de l\u2019ordre.<\/p>\n<p>Les habitants expliquent cette mont\u00e9e de violence par l\u2019absence du gouverneur, qu\u2019ils ont voulu rencontrer en vain, d\u2019autant qu\u2019il a \u00e9t\u00e9 demand\u00e9, \u00e0 plusieurs reprises, de d\u00e9placer les rails loin des zones d\u2019habitation pour \u00e9viter les accidents de train o\u00f9 plusieurs victimes ont laiss\u00e9 leur vie ces derni\u00e8res ann\u00e9es.<\/p>\n<p style=\"text-align: right;\"><strong>Y. N.<\/strong><\/p>","protected":false},"excerpt":{"rendered":"<p>Des habitants de Sakiet Ezzit (Sfax) ont bloqu\u00e9 la voie ferr\u00e9e, hier, dimanche 19 mai 2019, pour protester contre les accidents de train dans la ville. Le dernier en date a co\u00fbt\u00e9 la vie \u00e0 3 enfants de la m\u00eame famille, samedi dernier.<\/p>\n","protected":false},"author":6,"featured_media":213940,"comment_status":"open","ping_status":"open","sticky":false,"template":"","format":"standard","meta":{"footnotes":""},"categories":[998,2433],"tags":[23,801,823,837,2087],"class_list":["post-213936","post","type-post","status-publish","format-standard","has-post-thumbnail","hentry","category-societe","category-tunisie","tag-accident","tag-sakiet-ezzit","tag-sfax","tag-sncft","tag-train"],"yoast_head":"<!-- This site is optimized with the Yoast SEO plugin v26.6 - https:\/\/yoast.com\/wordpress\/plugins\/seo\/ -->\n<title>D\u00e9c\u00e8s de 3 enfants dans un accident de train \u00e0 Sfax\u00a0: Les habitants de Sakiet Ezzit en col\u00e8re - Kapitalis<\/title>\n<meta name=\"robots\" content=\"index, follow, max-snippet:-1, max-image-preview:large, max-video-preview:-1\" \/>\n<link rel=\"canonical\" href=\"https:\/\/kapitalis.com\/tunisie\/2019\/05\/20\/deces-de-3-enfants-dans-un-accident-de-train-a-sfax-les-habitants-de-sakiet-ezzit-en-colere\/\" \/>\n<meta property=\"og:locale\" content=\"fr_FR\" \/>\n<meta property=\"og:type\" content=\"article\" \/>\n<meta property=\"og:title\" content=\"D\u00e9c\u00e8s de 3 enfants dans un accident de train \u00e0 Sfax\u00a0: Les habitants de Sakiet Ezzit en col\u00e8re - Kapitalis\" \/>\n<meta property=\"og:description\" content=\"Des habitants de Sakiet Ezzit (Sfax) ont bloqu\u00e9 la voie ferr\u00e9e, hier, dimanche 19 mai 2019, pour protester contre les accidents de train dans la ville. Le dernier en date a co\u00fbt\u00e9 la vie \u00e0 3 enfants de la m\u00eame famille, samedi dernier.\" \/>\n<meta property=\"og:url\" content=\"https:\/\/kapitalis.com\/tunisie\/2019\/05\/20\/deces-de-3-enfants-dans-un-accident-de-train-a-sfax-les-habitants-de-sakiet-ezzit-en-colere\/\" \/>\n<meta property=\"og:site_name\" content=\"Kapitalis\" \/>\n<meta property=\"article:publisher\" content=\"https:\/\/www.facebook.com\/KapitalisInfo\/\" \/>\n<meta property=\"article:published_time\" content=\"2019-05-20T11:05:20+00:00\" \/>\n<meta property=\"article:modified_time\" content=\"2019-05-20T11:05:22+00:00\" \/>\n<meta property=\"og:image\" content=\"https:\/\/kapitalis.com\/tunisie\/wp-content\/uploads\/2022\/05\/kapitalis-logo-fb.png\" \/>\n\t<meta property=\"og:image:width\" content=\"1200\" \/>\n\t<meta property=\"og:image:height\" content=\"630\" \/>\n\t<meta property=\"og:image:type\" content=\"image\/png\" \/>\n<meta name=\"author\" content=\"Yusra NY\" \/>\n<meta name=\"twitter:card\" content=\"summary_large_image\" \/>\n<meta name=\"twitter:creator\" content=\"@KapitalisInfo\" \/>\n<meta name=\"twitter:site\" content=\"@KapitalisInfo\" \/>\n<meta name=\"twitter:label1\" content=\"\u00c9crit par\" \/>\n\t<meta name=\"twitter:data1\" content=\"Yusra NY\" \/>\n\t<meta name=\"twitter:label2\" content=\"Dur\u00e9e de lecture estim\u00e9e\" \/>\n\t<meta name=\"twitter:data2\" content=\"1 minute\" \/>\n<script type=\"application\/ld+json\" class=\"yoast-schema-graph\">{\"@context\":\"https:\/\/schema.org\",\"@graph\":[{\"@type\":\"Article\",\"@id\":\"https:\/\/kapitalis.com\/tunisie\/2019\/05\/20\/deces-de-3-enfants-dans-un-accident-de-train-a-sfax-les-habitants-de-sakiet-ezzit-en-colere\/#article\",\"isPartOf\":{\"@id\":\"https:\/\/kapitalis.com\/tunisie\/2019\/05\/20\/deces-de-3-enfants-dans-un-accident-de-train-a-sfax-les-habitants-de-sakiet-ezzit-en-colere\/\"},\"author\":{\"name\":\"Yusra NY\",\"@id\":\"https:\/\/kapitalis.com\/tunisie\/#\/schema\/person\/74bbde0154d49d790a92aaeac5bc01d5\"},\"headline\":\"D\u00e9c\u00e8s de 3 enfants dans un accident de train \u00e0 Sfax\u00a0: Les habitants de Sakiet Ezzit en col\u00e8re\",\"datePublished\":\"2019-05-20T11:05:20+00:00\",\"dateModified\":\"2019-05-20T11:05:22+00:00\",\"mainEntityOfPage\":{\"@id\":\"https:\/\/kapitalis.com\/tunisie\/2019\/05\/20\/deces-de-3-enfants-dans-un-accident-de-train-a-sfax-les-habitants-de-sakiet-ezzit-en-colere\/\"},\"wordCount\":313,\"commentCount\":5,\"publisher\":{\"@id\":\"https:\/\/kapitalis.com\/tunisie\/#organization\"},\"image\":{\"@id\":\"https:\/\/kapitalis.com\/tunisie\/2019\/05\/20\/deces-de-3-enfants-dans-un-accident-de-train-a-sfax-les-habitants-de-sakiet-ezzit-en-colere\/#primaryimage\"},\"thumbnailUrl\":\"\",\"keywords\":[\"accident\",\"Sakiet Ezzit\",\"Sfax\",\"SNCFT\",\"train\"],\"articleSection\":[\"SOCIETE\",\"Tunisie\"],\"inLanguage\":\"fr-FR\",\"potentialAction\":[{\"@type\":\"CommentAction\",\"name\":\"Comment\",\"target\":[\"https:\/\/kapitalis.com\/tunisie\/2019\/05\/20\/deces-de-3-enfants-dans-un-accident-de-train-a-sfax-les-habitants-de-sakiet-ezzit-en-colere\/#respond\"]}]},{\"@type\":\"WebPage\",\"@id\":\"https:\/\/kapitalis.com\/tunisie\/2019\/05\/20\/deces-de-3-enfants-dans-un-accident-de-train-a-sfax-les-habitants-de-sakiet-ezzit-en-colere\/\",\"url\":\"https:\/\/kapitalis.com\/tunisie\/2019\/05\/20\/deces-de-3-enfants-dans-un-accident-de-train-a-sfax-les-habitants-de-sakiet-ezzit-en-colere\/\",\"name\":\"D\u00e9c\u00e8s de 3 enfants dans un accident de train \u00e0 Sfax\u00a0: Les habitants de Sakiet Ezzit en col\u00e8re - Kapitalis\",\"isPartOf\":{\"@id\":\"https:\/\/kapitalis.com\/tunisie\/#website\"},\"primaryImageOfPage\":{\"@id\":\"https:\/\/kapitalis.com\/tunisie\/2019\/05\/20\/deces-de-3-enfants-dans-un-accident-de-train-a-sfax-les-habitants-de-sakiet-ezzit-en-colere\/#primaryimage\"},\"image\":{\"@id\":\"https:\/\/kapitalis.com\/tunisie\/2019\/05\/20\/deces-de-3-enfants-dans-un-accident-de-train-a-sfax-les-habitants-de-sakiet-ezzit-en-colere\/#primaryimage\"},\"thumbnailUrl\":\"\",\"datePublished\":\"2019-05-20T11:05:20+00:00\",\"dateModified\":\"2019-05-20T11:05:22+00:00\",\"breadcrumb\":{\"@id\":\"https:\/\/kapitalis.com\/tunisie\/2019\/05\/20\/deces-de-3-enfants-dans-un-accident-de-train-a-sfax-les-habitants-de-sakiet-ezzit-en-colere\/#breadcrumb\"},\"inLanguage\":\"fr-FR\",\"potentialAction\":[{\"@type\":\"ReadAction\",\"target\":[\"https:\/\/kapitalis.com\/tunisie\/2019\/05\/20\/deces-de-3-enfants-dans-un-accident-de-train-a-sfax-les-habitants-de-sakiet-ezzit-en-colere\/\"]}]},{\"@type\":\"ImageObject\",\"inLanguage\":\"fr-FR\",\"@id\":\"https:\/\/kapitalis.com\/tunisie\/2019\/05\/20\/deces-de-3-enfants-dans-un-accident-de-train-a-sfax-les-habitants-de-sakiet-ezzit-en-colere\/#primaryimage\",\"url\":\"\",\"contentUrl\":\"\"},{\"@type\":\"BreadcrumbList\",\"@id\":\"https:\/\/kapitalis.com\/tunisie\/2019\/05\/20\/deces-de-3-enfants-dans-un-accident-de-train-a-sfax-les-habitants-de-sakiet-ezzit-en-colere\/#breadcrumb\",\"itemListElement\":[{\"@type\":\"ListItem\",\"position\":1,\"name\":\"Accueil\",\"item\":\"https:\/\/kapitalis.com\/tunisie\/\"},{\"@type\":\"ListItem\",\"position\":2,\"name\":\"D\u00e9c\u00e8s de 3 enfants dans un accident de train \u00e0 Sfax\u00a0: Les habitants de Sakiet Ezzit en col\u00e8re\"}]},{\"@type\":\"WebSite\",\"@id\":\"https:\/\/kapitalis.com\/tunisie\/#website\",\"url\":\"https:\/\/kapitalis.com\/tunisie\/\",\"name\":\"Kapitalis\",\"description\":\"L&#039;actualit\u00e9 en Tunisie et dans le monde\",\"publisher\":{\"@id\":\"https:\/\/kapitalis.com\/tunisie\/#organization\"},\"potentialAction\":[{\"@type\":\"SearchAction\",\"target\":{\"@type\":\"EntryPoint\",\"urlTemplate\":\"https:\/\/kapitalis.com\/tunisie\/?s={search_term_string}\"},\"query-input\":{\"@type\":\"PropertyValueSpecification\",\"valueRequired\":true,\"valueName\":\"search_term_string\"}}],\"inLanguage\":\"fr-FR\"},{\"@type\":\"Organization\",\"@id\":\"https:\/\/kapitalis.com\/tunisie\/#organization\",\"name\":\"Kapitalis\",\"url\":\"https:\/\/kapitalis.com\/tunisie\/\",\"logo\":{\"@type\":\"ImageObject\",\"inLanguage\":\"fr-FR\",\"@id\":\"https:\/\/kapitalis.com\/tunisie\/#\/schema\/logo\/image\/\",\"url\":\"https:\/\/kapitalis.com\/tunisie\/wp-content\/uploads\/2022\/05\/Kapitalis-big-size.png\",\"contentUrl\":\"https:\/\/kapitalis.com\/tunisie\/wp-content\/uploads\/2022\/05\/Kapitalis-big-size.png\",\"width\":5000,\"height\":1500,\"caption\":\"Kapitalis\"},\"image\":{\"@id\":\"https:\/\/kapitalis.com\/tunisie\/#\/schema\/logo\/image\/\"},\"sameAs\":[\"https:\/\/www.facebook.com\/KapitalisInfo\/\",\"https:\/\/x.com\/KapitalisInfo\",\"https:\/\/www.youtube.com\/channel\/UC-yDYrHyfFBWWZaOw3FPg9Q\"]},{\"@type\":\"Person\",\"@id\":\"https:\/\/kapitalis.com\/tunisie\/#\/schema\/person\/74bbde0154d49d790a92aaeac5bc01d5\",\"name\":\"Yusra NY\",\"url\":\"https:\/\/kapitalis.com\/tunisie\/author\/yuza_adam\/\"}]}<\/script>\n<!-- \/ Yoast SEO plugin. -->","yoast_head_json":{"title":"D\u00e9c\u00e8s de 3 enfants dans un accident de train \u00e0 Sfax\u00a0: Les habitants de Sakiet Ezzit en col\u00e8re - Kapitalis","robots":{"index":"index","follow":"follow","max-snippet":"max-snippet:-1","max-image-preview":"max-image-preview:large","max-video-preview":"max-video-preview:-1"},"canonical":"https:\/\/kapitalis.com\/tunisie\/2019\/05\/20\/deces-de-3-enfants-dans-un-accident-de-train-a-sfax-les-habitants-de-sakiet-ezzit-en-colere\/","og_locale":"fr_FR","og_type":"article","og_title":"D\u00e9c\u00e8s de 3 enfants dans un accident de train \u00e0 Sfax\u00a0: Les habitants de Sakiet Ezzit en col\u00e8re - Kapitalis","og_description":"Des habitants de Sakiet Ezzit (Sfax) ont bloqu\u00e9 la voie ferr\u00e9e, hier, dimanche 19 mai 2019, pour protester contre les accidents de train dans la ville. Le dernier en date a co\u00fbt\u00e9 la vie \u00e0 3 enfants de la m\u00eame famille, samedi dernier.","og_url":"https:\/\/kapitalis.com\/tunisie\/2019\/05\/20\/deces-de-3-enfants-dans-un-accident-de-train-a-sfax-les-habitants-de-sakiet-ezzit-en-colere\/","og_site_name":"Kapitalis","article_publisher":"https:\/\/www.facebook.com\/KapitalisInfo\/","article_published_time":"2019-05-20T11:05:20+00:00","article_modified_time":"2019-05-20T11:05:22+00:00","og_image":[{"width":1200,"height":630,"url":"https:\/\/kapitalis.com\/tunisie\/wp-content\/uploads\/2022\/05\/kapitalis-logo-fb.png","type":"image\/png"}],"author":"Yusra NY","twitter_card":"summary_large_image","twitter_creator":"@KapitalisInfo","twitter_site":"@KapitalisInfo","twitter_misc":{"\u00c9crit par":"Yusra NY","Dur\u00e9e de lecture estim\u00e9e":"1 minute"},"schema":{"@context":"https:\/\/schema.org","@graph":[{"@type":"Article","@id":"https:\/\/kapitalis.com\/tunisie\/2019\/05\/20\/deces-de-3-enfants-dans-un-accident-de-train-a-sfax-les-habitants-de-sakiet-ezzit-en-colere\/#article","isPartOf":{"@id":"https:\/\/kapitalis.com\/tunisie\/2019\/05\/20\/deces-de-3-enfants-dans-un-accident-de-train-a-sfax-les-habitants-de-sakiet-ezzit-en-colere\/"},"author":{"name":"Yusra NY","@id":"https:\/\/kapitalis.com\/tunisie\/#\/schema\/person\/74bbde0154d49d790a92aaeac5bc01d5"},"headline":"D\u00e9c\u00e8s de 3 enfants dans un accident de train \u00e0 Sfax\u00a0: Les habitants de Sakiet Ezzit en col\u00e8re","datePublished":"2019-05-20T11:05:20+00:00","dateModified":"2019-05-20T11:05:22+00:00","mainEntityOfPage":{"@id":"https:\/\/kapitalis.com\/tunisie\/2019\/05\/20\/deces-de-3-enfants-dans-un-accident-de-train-a-sfax-les-habitants-de-sakiet-ezzit-en-colere\/"},"wordCount":313,"commentCount":5,"publisher":{"@id":"https:\/\/kapitalis.com\/tunisie\/#organization"},"image":{"@id":"https:\/\/kapitalis.com\/tunisie\/2019\/05\/20\/deces-de-3-enfants-dans-un-accident-de-train-a-sfax-les-habitants-de-sakiet-ezzit-en-colere\/#primaryimage"},"thumbnailUrl":"","keywords":["accident","Sakiet Ezzit","Sfax","SNCFT","train"],"articleSection":["SOCIETE","Tunisie"],"inLanguage":"fr-FR","potentialAction":[{"@type":"CommentAction","name":"Comment","target":["https:\/\/kapitalis.com\/tunisie\/2019\/05\/20\/deces-de-3-enfants-dans-un-accident-de-train-a-sfax-les-habitants-de-sakiet-ezzit-en-colere\/#respond"]}]},{"@type":"WebPage","@id":"https:\/\/kapitalis.com\/tunisie\/2019\/05\/20\/deces-de-3-enfants-dans-un-accident-de-train-a-sfax-les-habitants-de-sakiet-ezzit-en-colere\/","url":"https:\/\/kapitalis.com\/tunisie\/2019\/05\/20\/deces-de-3-enfants-dans-un-accident-de-train-a-sfax-les-habitants-de-sakiet-ezzit-en-colere\/","name":"D\u00e9c\u00e8s de 3 enfants dans un accident de train \u00e0 Sfax\u00a0: Les habitants de Sakiet Ezzit en col\u00e8re - Kapitalis","isPartOf":{"@id":"https:\/\/kapitalis.com\/tunisie\/#website"},"primaryImageOfPage":{"@id":"https:\/\/kapitalis.com\/tunisie\/2019\/05\/20\/deces-de-3-enfants-dans-un-accident-de-train-a-sfax-les-habitants-de-sakiet-ezzit-en-colere\/#primaryimage"},"image":{"@id":"https:\/\/kapitalis.com\/tunisie\/2019\/05\/20\/deces-de-3-enfants-dans-un-accident-de-train-a-sfax-les-habitants-de-sakiet-ezzit-en-colere\/#primaryimage"},"thumbnailUrl":"","datePublished":"2019-05-20T11:05:20+00:00","dateModified":"2019-05-20T11:05:22+00:00","breadcrumb":{"@id":"https:\/\/kapitalis.com\/tunisie\/2019\/05\/20\/deces-de-3-enfants-dans-un-accident-de-train-a-sfax-les-habitants-de-sakiet-ezzit-en-colere\/#breadcrumb"},"inLanguage":"fr-FR","potentialAction":[{"@type":"ReadAction","target":["https:\/\/kapitalis.com\/tunisie\/2019\/05\/20\/deces-de-3-enfants-dans-un-accident-de-train-a-sfax-les-habitants-de-sakiet-ezzit-en-colere\/"]}]},{"@type":"ImageObject","inLanguage":"fr-FR","@id":"https:\/\/kapitalis.com\/tunisie\/2019\/05\/20\/deces-de-3-enfants-dans-un-accident-de-train-a-sfax-les-habitants-de-sakiet-ezzit-en-colere\/#primaryimage","url":"","contentUrl":""},{"@type":"BreadcrumbList","@id":"https:\/\/kapitalis.com\/tunisie\/2019\/05\/20\/deces-de-3-enfants-dans-un-accident-de-train-a-sfax-les-habitants-de-sakiet-ezzit-en-colere\/#breadcrumb","itemListElement":[{"@type":"ListItem","position":1,"name":"Accueil","item":"https:\/\/kapitalis.com\/tunisie\/"},{"@type":"ListItem","position":2,"name":"D\u00e9c\u00e8s de 3 enfants dans un accident de train \u00e0 Sfax\u00a0: Les habitants de Sakiet Ezzit en col\u00e8re"}]},{"@type":"WebSite","@id":"https:\/\/kapitalis.com\/tunisie\/#website","url":"https:\/\/kapitalis.com\/tunisie\/","name":"Kapitalis","description":"L&#039;actualit\u00e9 en Tunisie et dans le monde","publisher":{"@id":"https:\/\/kapitalis.com\/tunisie\/#organization"},"potentialAction":[{"@type":"SearchAction","target":{"@type":"EntryPoint","urlTemplate":"https:\/\/kapitalis.com\/tunisie\/?s={search_term_string}"},"query-input":{"@type":"PropertyValueSpecification","valueRequired":true,"valueName":"search_term_string"}}],"inLanguage":"fr-FR"},{"@type":"Organization","@id":"https:\/\/kapitalis.com\/tunisie\/#organization","name":"Kapitalis","url":"https:\/\/kapitalis.com\/tunisie\/","logo":{"@type":"ImageObject","inLanguage":"fr-FR","@id":"https:\/\/kapitalis.com\/tunisie\/#\/schema\/logo\/image\/","url":"https:\/\/kapitalis.com\/tunisie\/wp-content\/uploads\/2022\/05\/Kapitalis-big-size.png","contentUrl":"https:\/\/kapitalis.com\/tunisie\/wp-content\/uploads\/2022\/05\/Kapitalis-big-size.png","width":5000,"height":1500,"caption":"Kapitalis"},"image":{"@id":"https:\/\/kapitalis.com\/tunisie\/#\/schema\/logo\/image\/"},"sameAs":["https:\/\/www.facebook.com\/KapitalisInfo\/","https:\/\/x.com\/KapitalisInfo","https:\/\/www.youtube.com\/channel\/UC-yDYrHyfFBWWZaOw3FPg9Q"]},{"@type":"Person","@id":"https:\/\/kapitalis.com\/tunisie\/#\/schema\/person\/74bbde0154d49d790a92aaeac5bc01d5","name":"Yusra NY","url":"https:\/\/kapitalis.com\/tunisie\/author\/yuza_adam\/"}]}},"_links":{"self":[{"href":"https:\/\/kapitalis.com\/tunisie\/wp-json\/wp\/v2\/posts\/213936","targetHints":{"allow":["GET"]}}],"collection":[{"href":"https:\/\/kapitalis.com\/tunisie\/wp-json\/wp\/v2\/posts"}],"about":[{"href":"https:\/\/kapitalis.com\/tunisie\/wp-json\/wp\/v2\/types\/post"}],"author":[{"embeddable":true,"href":"https:\/\/kapitalis.com\/tunisie\/wp-json\/wp\/v2\/users\/6"}],"replies":[{"embeddable":true,"href":"https:\/\/kapitalis.com\/tunisie\/wp-json\/wp\/v2\/comments?post=213936"}],"version-history":[{"count":0,"href":"https:\/\/kapitalis.com\/tunisie\/wp-json\/wp\/v2\/posts\/213936\/revisions"}],"wp:featuredmedia":[{"embeddable":true,"href":"https:\/\/kapitalis.com\/tunisie\/wp-json\/wp\/v2\/media\/213940"}],"wp:attachment":[{"href":"https:\/\/kapitalis.com\/tunisie\/wp-json\/wp\/v2\/media?parent=213936"}],"wp:term":[{"taxonomy":"category","embeddable":true,"href":"https:\/\/kapitalis.com\/tunisie\/wp-json\/wp\/v2\/categories?post=213936"},{"taxonomy":"post_tag","embeddable":true,"href":"https:\/\/kapitalis.com\/tunisie\/wp-json\/wp\/v2\/tags?post=213936"}],"curies":[{"name":"wp","href":"https:\/\/api.w.org\/{rel}","templated":true}]}}