{"id":213957,"date":"2019-05-20T14:21:42","date_gmt":"2019-05-20T13:21:42","guid":{"rendered":"http:\/\/kapitalis.com\/tunisie\/?p=213957"},"modified":"2019-05-20T14:21:46","modified_gmt":"2019-05-20T13:21:46","slug":"sfax-interpellation-de-luniversitaire-djemel-dans-un-cafe-pendant-le-jeune-de-ramadan-le-ministere-de-linterieur-precise","status":"publish","type":"post","link":"https:\/\/kapitalis.com\/tunisie\/2019\/05\/20\/sfax-interpellation-de-luniversitaire-djemel-dans-un-cafe-pendant-le-jeune-de-ramadan-le-ministere-de-linterieur-precise\/","title":{"rendered":"Sfax : Interpellation de l\u2019universitaire Djemel dans un caf\u00e9 pendant le je\u00fbne de ramadan, le minist\u00e8re de l&rsquo;Int\u00e9rieur pr\u00e9cise"},"content":{"rendered":"\n<figure class=\"wp-block-image\"><img decoding=\"async\" src=\"http:\/\/kapitalis.com\/tunisie\/wp-content\/uploads\/2019\/05\/Abdelmajid-Djemel.jpg\" alt=\"\" class=\"wp-image-213959\"\/><\/figure>\n\n\n<p><em><strong>L\u2019universitaire Abdelmajid Djemel a d\u00e9nonc\u00e9 hier, dimanche 19 mai 2019, son arrestation, la veille, dans un caf\u00e9 \u00e0 Sfax, durant la p\u00e9riode du je\u00fbne et y a vu une atteinte aux libert\u00e9s individuelles. Le minist\u00e8re de l\u2019Int\u00e9rieur a son explication&#8230;<\/strong><\/em><!--more--><\/p>\n<p>Dans un post Facebook, M. Djemel indique qu\u2019un \u00ab<em>homme<\/em>\u00bb qu\u2019il ne connaissait pas l\u2019a interpell\u00e9 dans un caf\u00e9 pour lui demander sa carte d\u2019identit\u00e9. Ce qu\u2019il a refus\u00e9, exigeant de l&rsquo;\u00ab<em>homme<\/em>\u00bb\u00a0 qu&rsquo;il prouve sa fonction. Selon son r\u00e9cit, ce dernier lui a montr\u00e9 son arme de service pour lui faire comprendre qu\u2019il est policier.<\/p>\n<p>Abdelmajid Djemel a \u00e9t\u00e9 amen\u00e9 au poste de police, o\u00f9 il dit avoir \u00e9t\u00e9 correctement re\u00e7u par le chef du commissariat, qui, apr\u00e8s avoir v\u00e9rifi\u00e9 son identit\u00e9, l\u2019a raccompagn\u00e9 \u00e0 bord de sa voiture jusqu&rsquo;au caf\u00e9 o\u00f9 il avait \u00e9t\u00e9 interpell\u00e9.\u00a0<\/p>\n<p>Interrog\u00e9 \u00e0 propos de cette affaire qui fait des gorges chaudes, depuis hier, sur les r\u00e9seaux sociaux et les m\u00e9dias, le colonel major Sofi\u00e8ne Zaag, porte-parole du minist\u00e8re de l\u2019Int\u00e9rieur, a confirm\u00e9 \u00e0 Kapitalis les faits relat\u00e9s par l&rsquo;universitaire et assur\u00e9 qu\u2019il ne s\u2019agissait nullement de rafle ciblant les non-je\u00fbneurs dans les caf\u00e9s, assurant que tous ceux qui ont pr\u00e9sent\u00e9 leurs cartes d&rsquo;identit\u00e9 n&rsquo;ont pas \u00e9t\u00e9 ramen\u00e9s au poste de police.<\/p>\n<p>Le porte-parole du minist\u00e8re a \u00e9galement affirm\u00e9 que le chef du commissariat a bien reconduit l&rsquo;int\u00e9ress\u00e9 au caf\u00e9, apr\u00e8s que ce dernier eut accept\u00e9 de d\u00e9cliner son identit\u00e9, comme l&rsquo;exige la loi.<\/p>\n<p>Bien qu\u2019il n\u2019y ait eu, au cours des premiers 15 jours de ramadan, aucune arrestation de non-je\u00fbneurs ni aucun abus de ce genre, certains Tunisiens, estiment que les contr\u00f4les d\u2019identit\u00e9 dans les caf\u00e9s ouverts lors des p\u00e9riode de je\u00fbne s\u2019apparentent \u00e0 de l\u2019intimidation.<\/p>\n<p>Pour le colonel-major Zaag, il n&rsquo;y a aucune volont\u00e9 de porter atteinte aux libert\u00e9s individuelles, ajoutant que les caf\u00e9s situ\u00e9s dans les zones touristiques et commerciales sont autoris\u00e9s \u00e0 ouvrir et que les non-je\u00fbneurs n&rsquo;ont pas \u00e9t\u00e9 inqui\u00e9t\u00e9s. Et que les contr\u00f4les d&rsquo;identit\u00e9 sont effectu\u00e9 r\u00e9guli\u00e8rement, ramadan ou pas ramadan, dans les caf\u00e9s et autres \u00e9tablissements, sachant que ces contr\u00f4les permettent souvent d&rsquo;arr\u00eater des personnes recherch\u00e9es par la justice.<\/p>\n<p>D&rsquo;ailleurs, hier, \u00e0 Kairouan, un contr\u00f4le d&rsquo;identit\u00e9 dans un caf\u00e9 ouvert pendant l&rsquo;heure du je\u00fbne a permis l&rsquo;arrestation d&rsquo;un dealer et la saisie de 200 pilules de drogue.<\/p>\n<p>Le propri\u00e9taire du caf\u00e9, ouvert sans autorisation et qui a fait l&rsquo;objet de plaintes du voisinage, a \u00e9galement \u00e9t\u00e9 arr\u00eat\u00e9 et doit \u00eatre entendu aujourd&rsquo;hui par le juge. Cela, bien entendu, n&rsquo;a rien \u00e0 voir avec ramadan. Car c&rsquo;est le quotidien du travail de la police.\u00a0\u00a0<\/p>\n<p style=\"text-align: right;\"><strong>Y. N.<\/strong><\/p>\n\n\n<p><\/p>\n","protected":false},"excerpt":{"rendered":"<p>L\u2019universitaire Abdelmajid Djemel a d\u00e9nonc\u00e9 hier, dimanche 19 mai 2019, son arrestation, la veille, dans un caf\u00e9 \u00e0 Sfax, durant la p\u00e9riode du je\u00fbne et y a vu une atteinte aux libert\u00e9s individuelles. Le minist\u00e8re de l\u2019Int\u00e9rieur a son explication&#8230;<\/p>\n","protected":false},"author":6,"featured_media":213959,"comment_status":"open","ping_status":"open","sticky":false,"template":"","format":"standard","meta":{"footnotes":""},"categories":[998,2433],"tags":[1092,31919,761,823],"class_list":["post-213957","post","type-post","status-publish","format-standard","has-post-thumbnail","hentry","category-societe","category-tunisie","tag-cafe","tag-non-jeuneurs","tag-ramadan","tag-sfax"],"yoast_head":"<!-- This site is optimized with the Yoast SEO plugin v26.6 - https:\/\/yoast.com\/wordpress\/plugins\/seo\/ -->\n<title>Sfax : Interpellation de l\u2019universitaire Djemel dans un caf\u00e9 pendant le je\u00fbne de ramadan, le minist\u00e8re de l&#039;Int\u00e9rieur pr\u00e9cise - Kapitalis<\/title>\n<meta name=\"robots\" content=\"index, follow, max-snippet:-1, max-image-preview:large, max-video-preview:-1\" \/>\n<link rel=\"canonical\" href=\"https:\/\/kapitalis.com\/tunisie\/2019\/05\/20\/sfax-interpellation-de-luniversitaire-djemel-dans-un-cafe-pendant-le-jeune-de-ramadan-le-ministere-de-linterieur-precise\/\" \/>\n<meta property=\"og:locale\" content=\"fr_FR\" \/>\n<meta property=\"og:type\" content=\"article\" \/>\n<meta property=\"og:title\" content=\"Sfax : Interpellation de l\u2019universitaire Djemel dans un caf\u00e9 pendant le je\u00fbne de ramadan, le minist\u00e8re de l&#039;Int\u00e9rieur pr\u00e9cise - Kapitalis\" \/>\n<meta property=\"og:description\" content=\"L\u2019universitaire Abdelmajid Djemel a d\u00e9nonc\u00e9 hier, dimanche 19 mai 2019, son arrestation, la veille, dans un caf\u00e9 \u00e0 Sfax, durant la p\u00e9riode du je\u00fbne et y a vu une atteinte aux libert\u00e9s individuelles. Le minist\u00e8re de l\u2019Int\u00e9rieur a son explication&#8230;\" \/>\n<meta property=\"og:url\" content=\"https:\/\/kapitalis.com\/tunisie\/2019\/05\/20\/sfax-interpellation-de-luniversitaire-djemel-dans-un-cafe-pendant-le-jeune-de-ramadan-le-ministere-de-linterieur-precise\/\" \/>\n<meta property=\"og:site_name\" content=\"Kapitalis\" \/>\n<meta property=\"article:publisher\" content=\"https:\/\/www.facebook.com\/KapitalisInfo\/\" \/>\n<meta property=\"article:published_time\" content=\"2019-05-20T13:21:42+00:00\" \/>\n<meta property=\"article:modified_time\" content=\"2019-05-20T13:21:46+00:00\" \/>\n<meta property=\"og:image\" content=\"https:\/\/kapitalis.com\/tunisie\/wp-content\/uploads\/2022\/05\/kapitalis-logo-fb.png\" \/>\n\t<meta property=\"og:image:width\" content=\"1200\" \/>\n\t<meta property=\"og:image:height\" content=\"630\" \/>\n\t<meta property=\"og:image:type\" content=\"image\/png\" \/>\n<meta name=\"author\" content=\"Yusra NY\" \/>\n<meta name=\"twitter:card\" content=\"summary_large_image\" \/>\n<meta name=\"twitter:creator\" content=\"@KapitalisInfo\" \/>\n<meta name=\"twitter:site\" content=\"@KapitalisInfo\" \/>\n<meta name=\"twitter:label1\" content=\"\u00c9crit par\" \/>\n\t<meta name=\"twitter:data1\" content=\"Yusra NY\" \/>\n\t<meta name=\"twitter:label2\" content=\"Dur\u00e9e de lecture estim\u00e9e\" \/>\n\t<meta name=\"twitter:data2\" content=\"2 minutes\" \/>\n<script type=\"application\/ld+json\" class=\"yoast-schema-graph\">{\"@context\":\"https:\/\/schema.org\",\"@graph\":[{\"@type\":\"Article\",\"@id\":\"https:\/\/kapitalis.com\/tunisie\/2019\/05\/20\/sfax-interpellation-de-luniversitaire-djemel-dans-un-cafe-pendant-le-jeune-de-ramadan-le-ministere-de-linterieur-precise\/#article\",\"isPartOf\":{\"@id\":\"https:\/\/kapitalis.com\/tunisie\/2019\/05\/20\/sfax-interpellation-de-luniversitaire-djemel-dans-un-cafe-pendant-le-jeune-de-ramadan-le-ministere-de-linterieur-precise\/\"},\"author\":{\"name\":\"Yusra NY\",\"@id\":\"https:\/\/kapitalis.com\/tunisie\/#\/schema\/person\/74bbde0154d49d790a92aaeac5bc01d5\"},\"headline\":\"Sfax : Interpellation de l\u2019universitaire Djemel dans un caf\u00e9 pendant le je\u00fbne de ramadan, le minist\u00e8re de l&rsquo;Int\u00e9rieur pr\u00e9cise\",\"datePublished\":\"2019-05-20T13:21:42+00:00\",\"dateModified\":\"2019-05-20T13:21:46+00:00\",\"mainEntityOfPage\":{\"@id\":\"https:\/\/kapitalis.com\/tunisie\/2019\/05\/20\/sfax-interpellation-de-luniversitaire-djemel-dans-un-cafe-pendant-le-jeune-de-ramadan-le-ministere-de-linterieur-precise\/\"},\"wordCount\":502,\"commentCount\":8,\"publisher\":{\"@id\":\"https:\/\/kapitalis.com\/tunisie\/#organization\"},\"image\":{\"@id\":\"https:\/\/kapitalis.com\/tunisie\/2019\/05\/20\/sfax-interpellation-de-luniversitaire-djemel-dans-un-cafe-pendant-le-jeune-de-ramadan-le-ministere-de-linterieur-precise\/#primaryimage\"},\"thumbnailUrl\":\"\",\"keywords\":[\"caf\u00e9\",\"non je\u00fbneurs\",\"Ramadan\",\"Sfax\"],\"articleSection\":[\"SOCIETE\",\"Tunisie\"],\"inLanguage\":\"fr-FR\",\"potentialAction\":[{\"@type\":\"CommentAction\",\"name\":\"Comment\",\"target\":[\"https:\/\/kapitalis.com\/tunisie\/2019\/05\/20\/sfax-interpellation-de-luniversitaire-djemel-dans-un-cafe-pendant-le-jeune-de-ramadan-le-ministere-de-linterieur-precise\/#respond\"]}]},{\"@type\":\"WebPage\",\"@id\":\"https:\/\/kapitalis.com\/tunisie\/2019\/05\/20\/sfax-interpellation-de-luniversitaire-djemel-dans-un-cafe-pendant-le-jeune-de-ramadan-le-ministere-de-linterieur-precise\/\",\"url\":\"https:\/\/kapitalis.com\/tunisie\/2019\/05\/20\/sfax-interpellation-de-luniversitaire-djemel-dans-un-cafe-pendant-le-jeune-de-ramadan-le-ministere-de-linterieur-precise\/\",\"name\":\"Sfax : Interpellation de l\u2019universitaire Djemel dans un caf\u00e9 pendant le je\u00fbne de ramadan, le minist\u00e8re de l'Int\u00e9rieur pr\u00e9cise - Kapitalis\",\"isPartOf\":{\"@id\":\"https:\/\/kapitalis.com\/tunisie\/#website\"},\"primaryImageOfPage\":{\"@id\":\"https:\/\/kapitalis.com\/tunisie\/2019\/05\/20\/sfax-interpellation-de-luniversitaire-djemel-dans-un-cafe-pendant-le-jeune-de-ramadan-le-ministere-de-linterieur-precise\/#primaryimage\"},\"image\":{\"@id\":\"https:\/\/kapitalis.com\/tunisie\/2019\/05\/20\/sfax-interpellation-de-luniversitaire-djemel-dans-un-cafe-pendant-le-jeune-de-ramadan-le-ministere-de-linterieur-precise\/#primaryimage\"},\"thumbnailUrl\":\"\",\"datePublished\":\"2019-05-20T13:21:42+00:00\",\"dateModified\":\"2019-05-20T13:21:46+00:00\",\"breadcrumb\":{\"@id\":\"https:\/\/kapitalis.com\/tunisie\/2019\/05\/20\/sfax-interpellation-de-luniversitaire-djemel-dans-un-cafe-pendant-le-jeune-de-ramadan-le-ministere-de-linterieur-precise\/#breadcrumb\"},\"inLanguage\":\"fr-FR\",\"potentialAction\":[{\"@type\":\"ReadAction\",\"target\":[\"https:\/\/kapitalis.com\/tunisie\/2019\/05\/20\/sfax-interpellation-de-luniversitaire-djemel-dans-un-cafe-pendant-le-jeune-de-ramadan-le-ministere-de-linterieur-precise\/\"]}]},{\"@type\":\"ImageObject\",\"inLanguage\":\"fr-FR\",\"@id\":\"https:\/\/kapitalis.com\/tunisie\/2019\/05\/20\/sfax-interpellation-de-luniversitaire-djemel-dans-un-cafe-pendant-le-jeune-de-ramadan-le-ministere-de-linterieur-precise\/#primaryimage\",\"url\":\"\",\"contentUrl\":\"\"},{\"@type\":\"BreadcrumbList\",\"@id\":\"https:\/\/kapitalis.com\/tunisie\/2019\/05\/20\/sfax-interpellation-de-luniversitaire-djemel-dans-un-cafe-pendant-le-jeune-de-ramadan-le-ministere-de-linterieur-precise\/#breadcrumb\",\"itemListElement\":[{\"@type\":\"ListItem\",\"position\":1,\"name\":\"Accueil\",\"item\":\"https:\/\/kapitalis.com\/tunisie\/\"},{\"@type\":\"ListItem\",\"position\":2,\"name\":\"Sfax : Interpellation de l\u2019universitaire Djemel dans un caf\u00e9 pendant le je\u00fbne de ramadan, le minist\u00e8re de l&rsquo;Int\u00e9rieur pr\u00e9cise\"}]},{\"@type\":\"WebSite\",\"@id\":\"https:\/\/kapitalis.com\/tunisie\/#website\",\"url\":\"https:\/\/kapitalis.com\/tunisie\/\",\"name\":\"Kapitalis\",\"description\":\"L&#039;actualit\u00e9 en Tunisie et dans le monde\",\"publisher\":{\"@id\":\"https:\/\/kapitalis.com\/tunisie\/#organization\"},\"potentialAction\":[{\"@type\":\"SearchAction\",\"target\":{\"@type\":\"EntryPoint\",\"urlTemplate\":\"https:\/\/kapitalis.com\/tunisie\/?s={search_term_string}\"},\"query-input\":{\"@type\":\"PropertyValueSpecification\",\"valueRequired\":true,\"valueName\":\"search_term_string\"}}],\"inLanguage\":\"fr-FR\"},{\"@type\":\"Organization\",\"@id\":\"https:\/\/kapitalis.com\/tunisie\/#organization\",\"name\":\"Kapitalis\",\"url\":\"https:\/\/kapitalis.com\/tunisie\/\",\"logo\":{\"@type\":\"ImageObject\",\"inLanguage\":\"fr-FR\",\"@id\":\"https:\/\/kapitalis.com\/tunisie\/#\/schema\/logo\/image\/\",\"url\":\"https:\/\/kapitalis.com\/tunisie\/wp-content\/uploads\/2022\/05\/Kapitalis-big-size.png\",\"contentUrl\":\"https:\/\/kapitalis.com\/tunisie\/wp-content\/uploads\/2022\/05\/Kapitalis-big-size.png\",\"width\":5000,\"height\":1500,\"caption\":\"Kapitalis\"},\"image\":{\"@id\":\"https:\/\/kapitalis.com\/tunisie\/#\/schema\/logo\/image\/\"},\"sameAs\":[\"https:\/\/www.facebook.com\/KapitalisInfo\/\",\"https:\/\/x.com\/KapitalisInfo\",\"https:\/\/www.youtube.com\/channel\/UC-yDYrHyfFBWWZaOw3FPg9Q\"]},{\"@type\":\"Person\",\"@id\":\"https:\/\/kapitalis.com\/tunisie\/#\/schema\/person\/74bbde0154d49d790a92aaeac5bc01d5\",\"name\":\"Yusra NY\",\"url\":\"https:\/\/kapitalis.com\/tunisie\/author\/yuza_adam\/\"}]}<\/script>\n<!-- \/ Yoast SEO plugin. -->","yoast_head_json":{"title":"Sfax : Interpellation de l\u2019universitaire Djemel dans un caf\u00e9 pendant le je\u00fbne de ramadan, le minist\u00e8re de l'Int\u00e9rieur pr\u00e9cise - Kapitalis","robots":{"index":"index","follow":"follow","max-snippet":"max-snippet:-1","max-image-preview":"max-image-preview:large","max-video-preview":"max-video-preview:-1"},"canonical":"https:\/\/kapitalis.com\/tunisie\/2019\/05\/20\/sfax-interpellation-de-luniversitaire-djemel-dans-un-cafe-pendant-le-jeune-de-ramadan-le-ministere-de-linterieur-precise\/","og_locale":"fr_FR","og_type":"article","og_title":"Sfax : Interpellation de l\u2019universitaire Djemel dans un caf\u00e9 pendant le je\u00fbne de ramadan, le minist\u00e8re de l'Int\u00e9rieur pr\u00e9cise - Kapitalis","og_description":"L\u2019universitaire Abdelmajid Djemel a d\u00e9nonc\u00e9 hier, dimanche 19 mai 2019, son arrestation, la veille, dans un caf\u00e9 \u00e0 Sfax, durant la p\u00e9riode du je\u00fbne et y a vu une atteinte aux libert\u00e9s individuelles. Le minist\u00e8re de l\u2019Int\u00e9rieur a son explication&#8230;","og_url":"https:\/\/kapitalis.com\/tunisie\/2019\/05\/20\/sfax-interpellation-de-luniversitaire-djemel-dans-un-cafe-pendant-le-jeune-de-ramadan-le-ministere-de-linterieur-precise\/","og_site_name":"Kapitalis","article_publisher":"https:\/\/www.facebook.com\/KapitalisInfo\/","article_published_time":"2019-05-20T13:21:42+00:00","article_modified_time":"2019-05-20T13:21:46+00:00","og_image":[{"width":1200,"height":630,"url":"https:\/\/kapitalis.com\/tunisie\/wp-content\/uploads\/2022\/05\/kapitalis-logo-fb.png","type":"image\/png"}],"author":"Yusra NY","twitter_card":"summary_large_image","twitter_creator":"@KapitalisInfo","twitter_site":"@KapitalisInfo","twitter_misc":{"\u00c9crit par":"Yusra NY","Dur\u00e9e de lecture estim\u00e9e":"2 minutes"},"schema":{"@context":"https:\/\/schema.org","@graph":[{"@type":"Article","@id":"https:\/\/kapitalis.com\/tunisie\/2019\/05\/20\/sfax-interpellation-de-luniversitaire-djemel-dans-un-cafe-pendant-le-jeune-de-ramadan-le-ministere-de-linterieur-precise\/#article","isPartOf":{"@id":"https:\/\/kapitalis.com\/tunisie\/2019\/05\/20\/sfax-interpellation-de-luniversitaire-djemel-dans-un-cafe-pendant-le-jeune-de-ramadan-le-ministere-de-linterieur-precise\/"},"author":{"name":"Yusra NY","@id":"https:\/\/kapitalis.com\/tunisie\/#\/schema\/person\/74bbde0154d49d790a92aaeac5bc01d5"},"headline":"Sfax : Interpellation de l\u2019universitaire Djemel dans un caf\u00e9 pendant le je\u00fbne de ramadan, le minist\u00e8re de l&rsquo;Int\u00e9rieur pr\u00e9cise","datePublished":"2019-05-20T13:21:42+00:00","dateModified":"2019-05-20T13:21:46+00:00","mainEntityOfPage":{"@id":"https:\/\/kapitalis.com\/tunisie\/2019\/05\/20\/sfax-interpellation-de-luniversitaire-djemel-dans-un-cafe-pendant-le-jeune-de-ramadan-le-ministere-de-linterieur-precise\/"},"wordCount":502,"commentCount":8,"publisher":{"@id":"https:\/\/kapitalis.com\/tunisie\/#organization"},"image":{"@id":"https:\/\/kapitalis.com\/tunisie\/2019\/05\/20\/sfax-interpellation-de-luniversitaire-djemel-dans-un-cafe-pendant-le-jeune-de-ramadan-le-ministere-de-linterieur-precise\/#primaryimage"},"thumbnailUrl":"","keywords":["caf\u00e9","non je\u00fbneurs","Ramadan","Sfax"],"articleSection":["SOCIETE","Tunisie"],"inLanguage":"fr-FR","potentialAction":[{"@type":"CommentAction","name":"Comment","target":["https:\/\/kapitalis.com\/tunisie\/2019\/05\/20\/sfax-interpellation-de-luniversitaire-djemel-dans-un-cafe-pendant-le-jeune-de-ramadan-le-ministere-de-linterieur-precise\/#respond"]}]},{"@type":"WebPage","@id":"https:\/\/kapitalis.com\/tunisie\/2019\/05\/20\/sfax-interpellation-de-luniversitaire-djemel-dans-un-cafe-pendant-le-jeune-de-ramadan-le-ministere-de-linterieur-precise\/","url":"https:\/\/kapitalis.com\/tunisie\/2019\/05\/20\/sfax-interpellation-de-luniversitaire-djemel-dans-un-cafe-pendant-le-jeune-de-ramadan-le-ministere-de-linterieur-precise\/","name":"Sfax : Interpellation de l\u2019universitaire Djemel dans un caf\u00e9 pendant le je\u00fbne de ramadan, le minist\u00e8re de l'Int\u00e9rieur pr\u00e9cise - Kapitalis","isPartOf":{"@id":"https:\/\/kapitalis.com\/tunisie\/#website"},"primaryImageOfPage":{"@id":"https:\/\/kapitalis.com\/tunisie\/2019\/05\/20\/sfax-interpellation-de-luniversitaire-djemel-dans-un-cafe-pendant-le-jeune-de-ramadan-le-ministere-de-linterieur-precise\/#primaryimage"},"image":{"@id":"https:\/\/kapitalis.com\/tunisie\/2019\/05\/20\/sfax-interpellation-de-luniversitaire-djemel-dans-un-cafe-pendant-le-jeune-de-ramadan-le-ministere-de-linterieur-precise\/#primaryimage"},"thumbnailUrl":"","datePublished":"2019-05-20T13:21:42+00:00","dateModified":"2019-05-20T13:21:46+00:00","breadcrumb":{"@id":"https:\/\/kapitalis.com\/tunisie\/2019\/05\/20\/sfax-interpellation-de-luniversitaire-djemel-dans-un-cafe-pendant-le-jeune-de-ramadan-le-ministere-de-linterieur-precise\/#breadcrumb"},"inLanguage":"fr-FR","potentialAction":[{"@type":"ReadAction","target":["https:\/\/kapitalis.com\/tunisie\/2019\/05\/20\/sfax-interpellation-de-luniversitaire-djemel-dans-un-cafe-pendant-le-jeune-de-ramadan-le-ministere-de-linterieur-precise\/"]}]},{"@type":"ImageObject","inLanguage":"fr-FR","@id":"https:\/\/kapitalis.com\/tunisie\/2019\/05\/20\/sfax-interpellation-de-luniversitaire-djemel-dans-un-cafe-pendant-le-jeune-de-ramadan-le-ministere-de-linterieur-precise\/#primaryimage","url":"","contentUrl":""},{"@type":"BreadcrumbList","@id":"https:\/\/kapitalis.com\/tunisie\/2019\/05\/20\/sfax-interpellation-de-luniversitaire-djemel-dans-un-cafe-pendant-le-jeune-de-ramadan-le-ministere-de-linterieur-precise\/#breadcrumb","itemListElement":[{"@type":"ListItem","position":1,"name":"Accueil","item":"https:\/\/kapitalis.com\/tunisie\/"},{"@type":"ListItem","position":2,"name":"Sfax : Interpellation de l\u2019universitaire Djemel dans un caf\u00e9 pendant le je\u00fbne de ramadan, le minist\u00e8re de l&rsquo;Int\u00e9rieur pr\u00e9cise"}]},{"@type":"WebSite","@id":"https:\/\/kapitalis.com\/tunisie\/#website","url":"https:\/\/kapitalis.com\/tunisie\/","name":"Kapitalis","description":"L&#039;actualit\u00e9 en Tunisie et dans le monde","publisher":{"@id":"https:\/\/kapitalis.com\/tunisie\/#organization"},"potentialAction":[{"@type":"SearchAction","target":{"@type":"EntryPoint","urlTemplate":"https:\/\/kapitalis.com\/tunisie\/?s={search_term_string}"},"query-input":{"@type":"PropertyValueSpecification","valueRequired":true,"valueName":"search_term_string"}}],"inLanguage":"fr-FR"},{"@type":"Organization","@id":"https:\/\/kapitalis.com\/tunisie\/#organization","name":"Kapitalis","url":"https:\/\/kapitalis.com\/tunisie\/","logo":{"@type":"ImageObject","inLanguage":"fr-FR","@id":"https:\/\/kapitalis.com\/tunisie\/#\/schema\/logo\/image\/","url":"https:\/\/kapitalis.com\/tunisie\/wp-content\/uploads\/2022\/05\/Kapitalis-big-size.png","contentUrl":"https:\/\/kapitalis.com\/tunisie\/wp-content\/uploads\/2022\/05\/Kapitalis-big-size.png","width":5000,"height":1500,"caption":"Kapitalis"},"image":{"@id":"https:\/\/kapitalis.com\/tunisie\/#\/schema\/logo\/image\/"},"sameAs":["https:\/\/www.facebook.com\/KapitalisInfo\/","https:\/\/x.com\/KapitalisInfo","https:\/\/www.youtube.com\/channel\/UC-yDYrHyfFBWWZaOw3FPg9Q"]},{"@type":"Person","@id":"https:\/\/kapitalis.com\/tunisie\/#\/schema\/person\/74bbde0154d49d790a92aaeac5bc01d5","name":"Yusra NY","url":"https:\/\/kapitalis.com\/tunisie\/author\/yuza_adam\/"}]}},"_links":{"self":[{"href":"https:\/\/kapitalis.com\/tunisie\/wp-json\/wp\/v2\/posts\/213957","targetHints":{"allow":["GET"]}}],"collection":[{"href":"https:\/\/kapitalis.com\/tunisie\/wp-json\/wp\/v2\/posts"}],"about":[{"href":"https:\/\/kapitalis.com\/tunisie\/wp-json\/wp\/v2\/types\/post"}],"author":[{"embeddable":true,"href":"https:\/\/kapitalis.com\/tunisie\/wp-json\/wp\/v2\/users\/6"}],"replies":[{"embeddable":true,"href":"https:\/\/kapitalis.com\/tunisie\/wp-json\/wp\/v2\/comments?post=213957"}],"version-history":[{"count":0,"href":"https:\/\/kapitalis.com\/tunisie\/wp-json\/wp\/v2\/posts\/213957\/revisions"}],"wp:featuredmedia":[{"embeddable":true,"href":"https:\/\/kapitalis.com\/tunisie\/wp-json\/wp\/v2\/media\/213959"}],"wp:attachment":[{"href":"https:\/\/kapitalis.com\/tunisie\/wp-json\/wp\/v2\/media?parent=213957"}],"wp:term":[{"taxonomy":"category","embeddable":true,"href":"https:\/\/kapitalis.com\/tunisie\/wp-json\/wp\/v2\/categories?post=213957"},{"taxonomy":"post_tag","embeddable":true,"href":"https:\/\/kapitalis.com\/tunisie\/wp-json\/wp\/v2\/tags?post=213957"}],"curies":[{"name":"wp","href":"https:\/\/api.w.org\/{rel}","templated":true}]}}