{"id":214012,"date":"2019-05-20T18:23:16","date_gmt":"2019-05-20T17:23:16","guid":{"rendered":"http:\/\/kapitalis.com\/tunisie\/?p=214012"},"modified":"2019-05-20T18:25:12","modified_gmt":"2019-05-20T17:25:12","slug":"meteo-retour-de-la-grisaille-et-de-la-pluie-mardi-dans-plusieurs-regions-de-tunisie","status":"publish","type":"post","link":"https:\/\/kapitalis.com\/tunisie\/2019\/05\/20\/meteo-retour-de-la-grisaille-et-de-la-pluie-mardi-dans-plusieurs-regions-de-tunisie\/","title":{"rendered":"M\u00e9t\u00e9o : Retour de la grisaille et de la pluie, mardi, dans plusieurs r\u00e9gions de Tunisie"},"content":{"rendered":"\n<figure class=\"wp-block-image\"><img decoding=\"async\" src=\"http:\/\/kapitalis.com\/tunisie\/wp-content\/uploads\/2019\/05\/m\u00e9t\u00e9o-temps-gris-pluies.jpg\" alt=\"\" class=\"wp-image-214014\"\/><\/figure>\n\n\n<p><em><strong>Le temps sera \u00e0 nouveau capricieux \u00e0 partir de demain, mardi 21 mai 2019, avec des nuages sur la plupart des r\u00e9gions du pays. Des pluies sont attendues \u00e0 Gab\u00e8s, M\u00e9denine, Tozeur, K\u00e9bili et Tataouine puis progressivement au Kef, \u00e0 Jendouba et \u00e0 Kasserine.<\/strong><\/em><!--more--><\/p>\n<p>C\u2019est ce qu\u2019indique l\u2019Institut national de la m\u00e9t\u00e9orologie (INM), en pr\u00e9cisant que les temp\u00e9rature seront cependant printani\u00e8res, variant entre 21 et 26\u00b0C sur les r\u00e9gions c\u00f4ti\u00e8res et les hauteurs et entre 26 et 31\u00b0C ailleurs.<\/p>\n<p>Les passages nuageux se poursuivront et les pluies int\u00e9resseront d\u2019autres r\u00e9gions, \u00e0 partir de mercredi prochain, avec une l\u00e9g\u00e8re baisse des temp\u00e9ratures et des vents soufflant en moyenne \u00e0 40km\/h.<\/p>\n<p>Le soleil refera surface jeudi apr\u00e8s-midi et une l\u00e9g\u00e8re hausse des temp\u00e9ratures est pr\u00e9vue vendredi.<\/p>\n<p style=\"text-align: right;\"><strong>Y. N.<\/strong><\/p>","protected":false},"excerpt":{"rendered":"<p>Le temps sera \u00e0 nouveau capricieux \u00e0 partir de demain, mardi 21 mai 2019, avec des nuages sur la plupart des r\u00e9gions du pays. Des pluies sont attendues \u00e0 Gab\u00e8s, M\u00e9denine, Tozeur, K\u00e9bili et Tataouine puis progressivement au Kef, \u00e0 Jendouba et \u00e0 Kasserine.<\/p>\n","protected":false},"author":6,"featured_media":214014,"comment_status":"open","ping_status":"open","sticky":false,"template":"","format":"standard","meta":{"footnotes":""},"categories":[998,2433],"tags":[28135,527,591,45899,1126],"class_list":["post-214012","post","type-post","status-publish","format-standard","has-post-thumbnail","hentry","category-societe","category-tunisie","tag-institut-meteorologique","tag-kef","tag-medenine","tag-meteo-tunisie","tag-tataouine"],"yoast_head":"<!-- This site is optimized with the Yoast SEO plugin v26.6 - https:\/\/yoast.com\/wordpress\/plugins\/seo\/ -->\n<title>M\u00e9t\u00e9o : Retour de la grisaille et de la pluie, mardi, dans plusieurs r\u00e9gions de Tunisie - Kapitalis<\/title>\n<meta name=\"robots\" content=\"index, follow, max-snippet:-1, max-image-preview:large, max-video-preview:-1\" \/>\n<link rel=\"canonical\" href=\"https:\/\/kapitalis.com\/tunisie\/2019\/05\/20\/meteo-retour-de-la-grisaille-et-de-la-pluie-mardi-dans-plusieurs-regions-de-tunisie\/\" \/>\n<meta property=\"og:locale\" content=\"fr_FR\" \/>\n<meta property=\"og:type\" content=\"article\" \/>\n<meta property=\"og:title\" content=\"M\u00e9t\u00e9o : Retour de la grisaille et de la pluie, mardi, dans plusieurs r\u00e9gions de Tunisie - Kapitalis\" \/>\n<meta property=\"og:description\" content=\"Le temps sera \u00e0 nouveau capricieux \u00e0 partir de demain, mardi 21 mai 2019, avec des nuages sur la plupart des r\u00e9gions du pays. Des pluies sont attendues \u00e0 Gab\u00e8s, M\u00e9denine, Tozeur, K\u00e9bili et Tataouine puis progressivement au Kef, \u00e0 Jendouba et \u00e0 Kasserine.\" \/>\n<meta property=\"og:url\" content=\"https:\/\/kapitalis.com\/tunisie\/2019\/05\/20\/meteo-retour-de-la-grisaille-et-de-la-pluie-mardi-dans-plusieurs-regions-de-tunisie\/\" \/>\n<meta property=\"og:site_name\" content=\"Kapitalis\" \/>\n<meta property=\"article:publisher\" content=\"https:\/\/www.facebook.com\/KapitalisInfo\/\" \/>\n<meta property=\"article:published_time\" content=\"2019-05-20T17:23:16+00:00\" \/>\n<meta property=\"article:modified_time\" content=\"2019-05-20T17:25:12+00:00\" \/>\n<meta property=\"og:image\" content=\"https:\/\/kapitalis.com\/tunisie\/wp-content\/uploads\/2022\/05\/kapitalis-logo-fb.png\" \/>\n\t<meta property=\"og:image:width\" content=\"1200\" \/>\n\t<meta property=\"og:image:height\" content=\"630\" \/>\n\t<meta property=\"og:image:type\" content=\"image\/png\" \/>\n<meta name=\"author\" content=\"Yusra NY\" \/>\n<meta name=\"twitter:card\" content=\"summary_large_image\" \/>\n<meta name=\"twitter:creator\" content=\"@KapitalisInfo\" \/>\n<meta name=\"twitter:site\" content=\"@KapitalisInfo\" \/>\n<meta name=\"twitter:label1\" content=\"\u00c9crit par\" \/>\n\t<meta name=\"twitter:data1\" content=\"Yusra NY\" \/>\n\t<meta name=\"twitter:label2\" content=\"Dur\u00e9e de lecture estim\u00e9e\" \/>\n\t<meta name=\"twitter:data2\" content=\"1 minute\" \/>\n<script type=\"application\/ld+json\" class=\"yoast-schema-graph\">{\"@context\":\"https:\/\/schema.org\",\"@graph\":[{\"@type\":\"Article\",\"@id\":\"https:\/\/kapitalis.com\/tunisie\/2019\/05\/20\/meteo-retour-de-la-grisaille-et-de-la-pluie-mardi-dans-plusieurs-regions-de-tunisie\/#article\",\"isPartOf\":{\"@id\":\"https:\/\/kapitalis.com\/tunisie\/2019\/05\/20\/meteo-retour-de-la-grisaille-et-de-la-pluie-mardi-dans-plusieurs-regions-de-tunisie\/\"},\"author\":{\"name\":\"Yusra NY\",\"@id\":\"https:\/\/kapitalis.com\/tunisie\/#\/schema\/person\/74bbde0154d49d790a92aaeac5bc01d5\"},\"headline\":\"M\u00e9t\u00e9o : Retour de la grisaille et de la pluie, mardi, dans plusieurs r\u00e9gions de Tunisie\",\"datePublished\":\"2019-05-20T17:23:16+00:00\",\"dateModified\":\"2019-05-20T17:25:12+00:00\",\"mainEntityOfPage\":{\"@id\":\"https:\/\/kapitalis.com\/tunisie\/2019\/05\/20\/meteo-retour-de-la-grisaille-et-de-la-pluie-mardi-dans-plusieurs-regions-de-tunisie\/\"},\"wordCount\":160,\"commentCount\":0,\"publisher\":{\"@id\":\"https:\/\/kapitalis.com\/tunisie\/#organization\"},\"image\":{\"@id\":\"https:\/\/kapitalis.com\/tunisie\/2019\/05\/20\/meteo-retour-de-la-grisaille-et-de-la-pluie-mardi-dans-plusieurs-regions-de-tunisie\/#primaryimage\"},\"thumbnailUrl\":\"\",\"keywords\":[\"Institut m\u00e9t\u00e9orologique\",\"Kef\",\"Medenine\",\"M\u00e9t\u00e9o Tunisie\",\"Tataouine\"],\"articleSection\":[\"SOCIETE\",\"Tunisie\"],\"inLanguage\":\"fr-FR\",\"potentialAction\":[{\"@type\":\"CommentAction\",\"name\":\"Comment\",\"target\":[\"https:\/\/kapitalis.com\/tunisie\/2019\/05\/20\/meteo-retour-de-la-grisaille-et-de-la-pluie-mardi-dans-plusieurs-regions-de-tunisie\/#respond\"]}]},{\"@type\":\"WebPage\",\"@id\":\"https:\/\/kapitalis.com\/tunisie\/2019\/05\/20\/meteo-retour-de-la-grisaille-et-de-la-pluie-mardi-dans-plusieurs-regions-de-tunisie\/\",\"url\":\"https:\/\/kapitalis.com\/tunisie\/2019\/05\/20\/meteo-retour-de-la-grisaille-et-de-la-pluie-mardi-dans-plusieurs-regions-de-tunisie\/\",\"name\":\"M\u00e9t\u00e9o : Retour de la grisaille et de la pluie, mardi, dans plusieurs r\u00e9gions de Tunisie - Kapitalis\",\"isPartOf\":{\"@id\":\"https:\/\/kapitalis.com\/tunisie\/#website\"},\"primaryImageOfPage\":{\"@id\":\"https:\/\/kapitalis.com\/tunisie\/2019\/05\/20\/meteo-retour-de-la-grisaille-et-de-la-pluie-mardi-dans-plusieurs-regions-de-tunisie\/#primaryimage\"},\"image\":{\"@id\":\"https:\/\/kapitalis.com\/tunisie\/2019\/05\/20\/meteo-retour-de-la-grisaille-et-de-la-pluie-mardi-dans-plusieurs-regions-de-tunisie\/#primaryimage\"},\"thumbnailUrl\":\"\",\"datePublished\":\"2019-05-20T17:23:16+00:00\",\"dateModified\":\"2019-05-20T17:25:12+00:00\",\"breadcrumb\":{\"@id\":\"https:\/\/kapitalis.com\/tunisie\/2019\/05\/20\/meteo-retour-de-la-grisaille-et-de-la-pluie-mardi-dans-plusieurs-regions-de-tunisie\/#breadcrumb\"},\"inLanguage\":\"fr-FR\",\"potentialAction\":[{\"@type\":\"ReadAction\",\"target\":[\"https:\/\/kapitalis.com\/tunisie\/2019\/05\/20\/meteo-retour-de-la-grisaille-et-de-la-pluie-mardi-dans-plusieurs-regions-de-tunisie\/\"]}]},{\"@type\":\"ImageObject\",\"inLanguage\":\"fr-FR\",\"@id\":\"https:\/\/kapitalis.com\/tunisie\/2019\/05\/20\/meteo-retour-de-la-grisaille-et-de-la-pluie-mardi-dans-plusieurs-regions-de-tunisie\/#primaryimage\",\"url\":\"\",\"contentUrl\":\"\"},{\"@type\":\"BreadcrumbList\",\"@id\":\"https:\/\/kapitalis.com\/tunisie\/2019\/05\/20\/meteo-retour-de-la-grisaille-et-de-la-pluie-mardi-dans-plusieurs-regions-de-tunisie\/#breadcrumb\",\"itemListElement\":[{\"@type\":\"ListItem\",\"position\":1,\"name\":\"Accueil\",\"item\":\"https:\/\/kapitalis.com\/tunisie\/\"},{\"@type\":\"ListItem\",\"position\":2,\"name\":\"M\u00e9t\u00e9o : Retour de la grisaille et de la pluie, mardi, dans plusieurs r\u00e9gions de Tunisie\"}]},{\"@type\":\"WebSite\",\"@id\":\"https:\/\/kapitalis.com\/tunisie\/#website\",\"url\":\"https:\/\/kapitalis.com\/tunisie\/\",\"name\":\"Kapitalis\",\"description\":\"L&#039;actualit\u00e9 en Tunisie et dans le monde\",\"publisher\":{\"@id\":\"https:\/\/kapitalis.com\/tunisie\/#organization\"},\"potentialAction\":[{\"@type\":\"SearchAction\",\"target\":{\"@type\":\"EntryPoint\",\"urlTemplate\":\"https:\/\/kapitalis.com\/tunisie\/?s={search_term_string}\"},\"query-input\":{\"@type\":\"PropertyValueSpecification\",\"valueRequired\":true,\"valueName\":\"search_term_string\"}}],\"inLanguage\":\"fr-FR\"},{\"@type\":\"Organization\",\"@id\":\"https:\/\/kapitalis.com\/tunisie\/#organization\",\"name\":\"Kapitalis\",\"url\":\"https:\/\/kapitalis.com\/tunisie\/\",\"logo\":{\"@type\":\"ImageObject\",\"inLanguage\":\"fr-FR\",\"@id\":\"https:\/\/kapitalis.com\/tunisie\/#\/schema\/logo\/image\/\",\"url\":\"https:\/\/kapitalis.com\/tunisie\/wp-content\/uploads\/2022\/05\/Kapitalis-big-size.png\",\"contentUrl\":\"https:\/\/kapitalis.com\/tunisie\/wp-content\/uploads\/2022\/05\/Kapitalis-big-size.png\",\"width\":5000,\"height\":1500,\"caption\":\"Kapitalis\"},\"image\":{\"@id\":\"https:\/\/kapitalis.com\/tunisie\/#\/schema\/logo\/image\/\"},\"sameAs\":[\"https:\/\/www.facebook.com\/KapitalisInfo\/\",\"https:\/\/x.com\/KapitalisInfo\",\"https:\/\/www.youtube.com\/channel\/UC-yDYrHyfFBWWZaOw3FPg9Q\"]},{\"@type\":\"Person\",\"@id\":\"https:\/\/kapitalis.com\/tunisie\/#\/schema\/person\/74bbde0154d49d790a92aaeac5bc01d5\",\"name\":\"Yusra NY\",\"url\":\"https:\/\/kapitalis.com\/tunisie\/author\/yuza_adam\/\"}]}<\/script>\n<!-- \/ Yoast SEO plugin. -->","yoast_head_json":{"title":"M\u00e9t\u00e9o : Retour de la grisaille et de la pluie, mardi, dans plusieurs r\u00e9gions de Tunisie - Kapitalis","robots":{"index":"index","follow":"follow","max-snippet":"max-snippet:-1","max-image-preview":"max-image-preview:large","max-video-preview":"max-video-preview:-1"},"canonical":"https:\/\/kapitalis.com\/tunisie\/2019\/05\/20\/meteo-retour-de-la-grisaille-et-de-la-pluie-mardi-dans-plusieurs-regions-de-tunisie\/","og_locale":"fr_FR","og_type":"article","og_title":"M\u00e9t\u00e9o : Retour de la grisaille et de la pluie, mardi, dans plusieurs r\u00e9gions de Tunisie - Kapitalis","og_description":"Le temps sera \u00e0 nouveau capricieux \u00e0 partir de demain, mardi 21 mai 2019, avec des nuages sur la plupart des r\u00e9gions du pays. Des pluies sont attendues \u00e0 Gab\u00e8s, M\u00e9denine, Tozeur, K\u00e9bili et Tataouine puis progressivement au Kef, \u00e0 Jendouba et \u00e0 Kasserine.","og_url":"https:\/\/kapitalis.com\/tunisie\/2019\/05\/20\/meteo-retour-de-la-grisaille-et-de-la-pluie-mardi-dans-plusieurs-regions-de-tunisie\/","og_site_name":"Kapitalis","article_publisher":"https:\/\/www.facebook.com\/KapitalisInfo\/","article_published_time":"2019-05-20T17:23:16+00:00","article_modified_time":"2019-05-20T17:25:12+00:00","og_image":[{"width":1200,"height":630,"url":"https:\/\/kapitalis.com\/tunisie\/wp-content\/uploads\/2022\/05\/kapitalis-logo-fb.png","type":"image\/png"}],"author":"Yusra NY","twitter_card":"summary_large_image","twitter_creator":"@KapitalisInfo","twitter_site":"@KapitalisInfo","twitter_misc":{"\u00c9crit par":"Yusra NY","Dur\u00e9e de lecture estim\u00e9e":"1 minute"},"schema":{"@context":"https:\/\/schema.org","@graph":[{"@type":"Article","@id":"https:\/\/kapitalis.com\/tunisie\/2019\/05\/20\/meteo-retour-de-la-grisaille-et-de-la-pluie-mardi-dans-plusieurs-regions-de-tunisie\/#article","isPartOf":{"@id":"https:\/\/kapitalis.com\/tunisie\/2019\/05\/20\/meteo-retour-de-la-grisaille-et-de-la-pluie-mardi-dans-plusieurs-regions-de-tunisie\/"},"author":{"name":"Yusra NY","@id":"https:\/\/kapitalis.com\/tunisie\/#\/schema\/person\/74bbde0154d49d790a92aaeac5bc01d5"},"headline":"M\u00e9t\u00e9o : Retour de la grisaille et de la pluie, mardi, dans plusieurs r\u00e9gions de Tunisie","datePublished":"2019-05-20T17:23:16+00:00","dateModified":"2019-05-20T17:25:12+00:00","mainEntityOfPage":{"@id":"https:\/\/kapitalis.com\/tunisie\/2019\/05\/20\/meteo-retour-de-la-grisaille-et-de-la-pluie-mardi-dans-plusieurs-regions-de-tunisie\/"},"wordCount":160,"commentCount":0,"publisher":{"@id":"https:\/\/kapitalis.com\/tunisie\/#organization"},"image":{"@id":"https:\/\/kapitalis.com\/tunisie\/2019\/05\/20\/meteo-retour-de-la-grisaille-et-de-la-pluie-mardi-dans-plusieurs-regions-de-tunisie\/#primaryimage"},"thumbnailUrl":"","keywords":["Institut m\u00e9t\u00e9orologique","Kef","Medenine","M\u00e9t\u00e9o Tunisie","Tataouine"],"articleSection":["SOCIETE","Tunisie"],"inLanguage":"fr-FR","potentialAction":[{"@type":"CommentAction","name":"Comment","target":["https:\/\/kapitalis.com\/tunisie\/2019\/05\/20\/meteo-retour-de-la-grisaille-et-de-la-pluie-mardi-dans-plusieurs-regions-de-tunisie\/#respond"]}]},{"@type":"WebPage","@id":"https:\/\/kapitalis.com\/tunisie\/2019\/05\/20\/meteo-retour-de-la-grisaille-et-de-la-pluie-mardi-dans-plusieurs-regions-de-tunisie\/","url":"https:\/\/kapitalis.com\/tunisie\/2019\/05\/20\/meteo-retour-de-la-grisaille-et-de-la-pluie-mardi-dans-plusieurs-regions-de-tunisie\/","name":"M\u00e9t\u00e9o : Retour de la grisaille et de la pluie, mardi, dans plusieurs r\u00e9gions de Tunisie - Kapitalis","isPartOf":{"@id":"https:\/\/kapitalis.com\/tunisie\/#website"},"primaryImageOfPage":{"@id":"https:\/\/kapitalis.com\/tunisie\/2019\/05\/20\/meteo-retour-de-la-grisaille-et-de-la-pluie-mardi-dans-plusieurs-regions-de-tunisie\/#primaryimage"},"image":{"@id":"https:\/\/kapitalis.com\/tunisie\/2019\/05\/20\/meteo-retour-de-la-grisaille-et-de-la-pluie-mardi-dans-plusieurs-regions-de-tunisie\/#primaryimage"},"thumbnailUrl":"","datePublished":"2019-05-20T17:23:16+00:00","dateModified":"2019-05-20T17:25:12+00:00","breadcrumb":{"@id":"https:\/\/kapitalis.com\/tunisie\/2019\/05\/20\/meteo-retour-de-la-grisaille-et-de-la-pluie-mardi-dans-plusieurs-regions-de-tunisie\/#breadcrumb"},"inLanguage":"fr-FR","potentialAction":[{"@type":"ReadAction","target":["https:\/\/kapitalis.com\/tunisie\/2019\/05\/20\/meteo-retour-de-la-grisaille-et-de-la-pluie-mardi-dans-plusieurs-regions-de-tunisie\/"]}]},{"@type":"ImageObject","inLanguage":"fr-FR","@id":"https:\/\/kapitalis.com\/tunisie\/2019\/05\/20\/meteo-retour-de-la-grisaille-et-de-la-pluie-mardi-dans-plusieurs-regions-de-tunisie\/#primaryimage","url":"","contentUrl":""},{"@type":"BreadcrumbList","@id":"https:\/\/kapitalis.com\/tunisie\/2019\/05\/20\/meteo-retour-de-la-grisaille-et-de-la-pluie-mardi-dans-plusieurs-regions-de-tunisie\/#breadcrumb","itemListElement":[{"@type":"ListItem","position":1,"name":"Accueil","item":"https:\/\/kapitalis.com\/tunisie\/"},{"@type":"ListItem","position":2,"name":"M\u00e9t\u00e9o : Retour de la grisaille et de la pluie, mardi, dans plusieurs r\u00e9gions de Tunisie"}]},{"@type":"WebSite","@id":"https:\/\/kapitalis.com\/tunisie\/#website","url":"https:\/\/kapitalis.com\/tunisie\/","name":"Kapitalis","description":"L&#039;actualit\u00e9 en Tunisie et dans le monde","publisher":{"@id":"https:\/\/kapitalis.com\/tunisie\/#organization"},"potentialAction":[{"@type":"SearchAction","target":{"@type":"EntryPoint","urlTemplate":"https:\/\/kapitalis.com\/tunisie\/?s={search_term_string}"},"query-input":{"@type":"PropertyValueSpecification","valueRequired":true,"valueName":"search_term_string"}}],"inLanguage":"fr-FR"},{"@type":"Organization","@id":"https:\/\/kapitalis.com\/tunisie\/#organization","name":"Kapitalis","url":"https:\/\/kapitalis.com\/tunisie\/","logo":{"@type":"ImageObject","inLanguage":"fr-FR","@id":"https:\/\/kapitalis.com\/tunisie\/#\/schema\/logo\/image\/","url":"https:\/\/kapitalis.com\/tunisie\/wp-content\/uploads\/2022\/05\/Kapitalis-big-size.png","contentUrl":"https:\/\/kapitalis.com\/tunisie\/wp-content\/uploads\/2022\/05\/Kapitalis-big-size.png","width":5000,"height":1500,"caption":"Kapitalis"},"image":{"@id":"https:\/\/kapitalis.com\/tunisie\/#\/schema\/logo\/image\/"},"sameAs":["https:\/\/www.facebook.com\/KapitalisInfo\/","https:\/\/x.com\/KapitalisInfo","https:\/\/www.youtube.com\/channel\/UC-yDYrHyfFBWWZaOw3FPg9Q"]},{"@type":"Person","@id":"https:\/\/kapitalis.com\/tunisie\/#\/schema\/person\/74bbde0154d49d790a92aaeac5bc01d5","name":"Yusra NY","url":"https:\/\/kapitalis.com\/tunisie\/author\/yuza_adam\/"}]}},"_links":{"self":[{"href":"https:\/\/kapitalis.com\/tunisie\/wp-json\/wp\/v2\/posts\/214012","targetHints":{"allow":["GET"]}}],"collection":[{"href":"https:\/\/kapitalis.com\/tunisie\/wp-json\/wp\/v2\/posts"}],"about":[{"href":"https:\/\/kapitalis.com\/tunisie\/wp-json\/wp\/v2\/types\/post"}],"author":[{"embeddable":true,"href":"https:\/\/kapitalis.com\/tunisie\/wp-json\/wp\/v2\/users\/6"}],"replies":[{"embeddable":true,"href":"https:\/\/kapitalis.com\/tunisie\/wp-json\/wp\/v2\/comments?post=214012"}],"version-history":[{"count":0,"href":"https:\/\/kapitalis.com\/tunisie\/wp-json\/wp\/v2\/posts\/214012\/revisions"}],"wp:featuredmedia":[{"embeddable":true,"href":"https:\/\/kapitalis.com\/tunisie\/wp-json\/wp\/v2\/media\/214014"}],"wp:attachment":[{"href":"https:\/\/kapitalis.com\/tunisie\/wp-json\/wp\/v2\/media?parent=214012"}],"wp:term":[{"taxonomy":"category","embeddable":true,"href":"https:\/\/kapitalis.com\/tunisie\/wp-json\/wp\/v2\/categories?post=214012"},{"taxonomy":"post_tag","embeddable":true,"href":"https:\/\/kapitalis.com\/tunisie\/wp-json\/wp\/v2\/tags?post=214012"}],"curies":[{"name":"wp","href":"https:\/\/api.w.org\/{rel}","templated":true}]}}