{"id":214201,"date":"2019-05-22T12:43:07","date_gmt":"2019-05-22T11:43:07","guid":{"rendered":"http:\/\/kapitalis.com\/tunisie\/?p=214201"},"modified":"2019-05-22T12:43:08","modified_gmt":"2019-05-22T11:43:08","slug":"beja-un-requin-de-pres-de-6-metres-et-pesant-1-tonne-echoue-a-cap-negro","status":"publish","type":"post","link":"https:\/\/kapitalis.com\/tunisie\/2019\/05\/22\/beja-un-requin-de-pres-de-6-metres-et-pesant-1-tonne-echoue-a-cap-negro\/","title":{"rendered":"B\u00e9ja : Un requin de pr\u00e8s de 6 m\u00e8tres et pesant 1 tonne \u00e9choue \u00e0 Cap Negro"},"content":{"rendered":"\n<figure class=\"wp-block-image\"><img decoding=\"async\" src=\"http:\/\/kapitalis.com\/tunisie\/wp-content\/uploads\/2019\/05\/Requin-Beja-Cap-Negro.jpg\" alt=\"\" class=\"wp-image-214203\"\/><figcaption><em>Ph. Mouafek Ghoulem chef du d\u00e9partement de la p\u00eache maritime <\/em><\/figcaption><\/figure>\n\n\n<p><em><strong>Un requin de 5,80 m\u00e8tres de longueur et dont le poids est estim\u00e9 \u00e0 environ une tonne a \u00e9chou\u00e9 hier matin, mardi 21 mai 2019, sur la plage de Cap Negro \u00e0 Nefza (B\u00e9ja).<\/strong><\/em><!--more--><\/p>\n<p>Des p\u00eacheurs de la ville ont d\u00e9couvert le requin vers 7 h du matin, et ont alert\u00e9 les autorit\u00e9s.<\/p>\n<p>La garde maritime, des experts du d\u00e9partement de la p\u00eache et de l\u2019aquaculture, relevant du commissariat r\u00e9gional du d\u00e9veloppement agricole, ainsi que des membres de l\u2019Institut national des sciences et technologies de la mer (INSTM) se sont rendus sur les lieux.<\/p>\n<p>Le requin a \u00e9t\u00e9 transf\u00e9r\u00e9 \u00e0 l\u2019INSTM, pour les analyses n\u00e9cessaires et notamment pour d\u00e9terminer son esp\u00e8ce et les circonstances de son \u00e9chouage, d\u2019autant qu\u2019il s\u2019agit d\u2019une esp\u00e8ce prot\u00e9g\u00e9e.<\/p>\n<p>Selon certaines sources, il s\u2019agirait d\u2019un requin grande-gueule (Megachasma pelagios), une esp\u00e8ce rare et seul membre de la famille des Megachasmidae vivante.<\/p>\n<p>Ce sp\u00e9cimen a \u00e9t\u00e9 d\u00e9couvert, pour la premi\u00e8re fois, en 1976 et seuls 117 sp\u00e9cimens ont \u00e9t\u00e9 recens\u00e9s.<\/p>\n<p style=\"text-align: right;\"><strong>Y. N.<\/strong><\/p>","protected":false},"excerpt":{"rendered":"<p>Un requin de 5,80 m\u00e8tres de longueur et dont le poids est estim\u00e9 \u00e0 environ une tonne a \u00e9chou\u00e9 hier matin, mardi 21 mai 2019, sur la plage de Cap Negro \u00e0 Nefza (B\u00e9ja).<\/p>\n","protected":false},"author":6,"featured_media":214203,"comment_status":"open","ping_status":"open","sticky":false,"template":"","format":"standard","meta":{"footnotes":""},"categories":[998,2433],"tags":[136,9926],"class_list":["post-214201","post","type-post","status-publish","format-standard","has-post-thumbnail","hentry","category-societe","category-tunisie","tag-beja","tag-cap-negro"],"yoast_head":"<!-- This site is optimized with the Yoast SEO plugin v26.6 - https:\/\/yoast.com\/wordpress\/plugins\/seo\/ -->\n<title>B\u00e9ja : Un requin de pr\u00e8s de 6 m\u00e8tres et pesant 1 tonne \u00e9choue \u00e0 Cap Negro - Kapitalis<\/title>\n<meta name=\"robots\" content=\"index, follow, max-snippet:-1, max-image-preview:large, max-video-preview:-1\" \/>\n<link rel=\"canonical\" href=\"https:\/\/kapitalis.com\/tunisie\/2019\/05\/22\/beja-un-requin-de-pres-de-6-metres-et-pesant-1-tonne-echoue-a-cap-negro\/\" \/>\n<meta property=\"og:locale\" content=\"fr_FR\" \/>\n<meta property=\"og:type\" content=\"article\" \/>\n<meta property=\"og:title\" content=\"B\u00e9ja : Un requin de pr\u00e8s de 6 m\u00e8tres et pesant 1 tonne \u00e9choue \u00e0 Cap Negro - Kapitalis\" \/>\n<meta property=\"og:description\" content=\"Un requin de 5,80 m\u00e8tres de longueur et dont le poids est estim\u00e9 \u00e0 environ une tonne a \u00e9chou\u00e9 hier matin, mardi 21 mai 2019, sur la plage de Cap Negro \u00e0 Nefza (B\u00e9ja).\" \/>\n<meta property=\"og:url\" content=\"https:\/\/kapitalis.com\/tunisie\/2019\/05\/22\/beja-un-requin-de-pres-de-6-metres-et-pesant-1-tonne-echoue-a-cap-negro\/\" \/>\n<meta property=\"og:site_name\" content=\"Kapitalis\" \/>\n<meta property=\"article:publisher\" content=\"https:\/\/www.facebook.com\/KapitalisInfo\/\" \/>\n<meta property=\"article:published_time\" content=\"2019-05-22T11:43:07+00:00\" \/>\n<meta property=\"article:modified_time\" content=\"2019-05-22T11:43:08+00:00\" \/>\n<meta property=\"og:image\" content=\"https:\/\/kapitalis.com\/tunisie\/wp-content\/uploads\/2022\/05\/kapitalis-logo-fb.png\" \/>\n\t<meta property=\"og:image:width\" content=\"1200\" \/>\n\t<meta property=\"og:image:height\" content=\"630\" \/>\n\t<meta property=\"og:image:type\" content=\"image\/png\" \/>\n<meta name=\"author\" content=\"Yusra NY\" \/>\n<meta name=\"twitter:card\" content=\"summary_large_image\" \/>\n<meta name=\"twitter:creator\" content=\"@KapitalisInfo\" \/>\n<meta name=\"twitter:site\" content=\"@KapitalisInfo\" \/>\n<meta name=\"twitter:label1\" content=\"\u00c9crit par\" \/>\n\t<meta name=\"twitter:data1\" content=\"Yusra NY\" \/>\n\t<meta name=\"twitter:label2\" content=\"Dur\u00e9e de lecture estim\u00e9e\" \/>\n\t<meta name=\"twitter:data2\" content=\"1 minute\" \/>\n<script type=\"application\/ld+json\" class=\"yoast-schema-graph\">{\"@context\":\"https:\/\/schema.org\",\"@graph\":[{\"@type\":\"Article\",\"@id\":\"https:\/\/kapitalis.com\/tunisie\/2019\/05\/22\/beja-un-requin-de-pres-de-6-metres-et-pesant-1-tonne-echoue-a-cap-negro\/#article\",\"isPartOf\":{\"@id\":\"https:\/\/kapitalis.com\/tunisie\/2019\/05\/22\/beja-un-requin-de-pres-de-6-metres-et-pesant-1-tonne-echoue-a-cap-negro\/\"},\"author\":{\"name\":\"Yusra NY\",\"@id\":\"https:\/\/kapitalis.com\/tunisie\/#\/schema\/person\/74bbde0154d49d790a92aaeac5bc01d5\"},\"headline\":\"B\u00e9ja : Un requin de pr\u00e8s de 6 m\u00e8tres et pesant 1 tonne \u00e9choue \u00e0 Cap Negro\",\"datePublished\":\"2019-05-22T11:43:07+00:00\",\"dateModified\":\"2019-05-22T11:43:08+00:00\",\"mainEntityOfPage\":{\"@id\":\"https:\/\/kapitalis.com\/tunisie\/2019\/05\/22\/beja-un-requin-de-pres-de-6-metres-et-pesant-1-tonne-echoue-a-cap-negro\/\"},\"wordCount\":215,\"commentCount\":0,\"publisher\":{\"@id\":\"https:\/\/kapitalis.com\/tunisie\/#organization\"},\"image\":{\"@id\":\"https:\/\/kapitalis.com\/tunisie\/2019\/05\/22\/beja-un-requin-de-pres-de-6-metres-et-pesant-1-tonne-echoue-a-cap-negro\/#primaryimage\"},\"thumbnailUrl\":\"\",\"keywords\":[\"B\u00e9ja\",\"Cap Negro\"],\"articleSection\":[\"SOCIETE\",\"Tunisie\"],\"inLanguage\":\"fr-FR\",\"potentialAction\":[{\"@type\":\"CommentAction\",\"name\":\"Comment\",\"target\":[\"https:\/\/kapitalis.com\/tunisie\/2019\/05\/22\/beja-un-requin-de-pres-de-6-metres-et-pesant-1-tonne-echoue-a-cap-negro\/#respond\"]}]},{\"@type\":\"WebPage\",\"@id\":\"https:\/\/kapitalis.com\/tunisie\/2019\/05\/22\/beja-un-requin-de-pres-de-6-metres-et-pesant-1-tonne-echoue-a-cap-negro\/\",\"url\":\"https:\/\/kapitalis.com\/tunisie\/2019\/05\/22\/beja-un-requin-de-pres-de-6-metres-et-pesant-1-tonne-echoue-a-cap-negro\/\",\"name\":\"B\u00e9ja : Un requin de pr\u00e8s de 6 m\u00e8tres et pesant 1 tonne \u00e9choue \u00e0 Cap Negro - Kapitalis\",\"isPartOf\":{\"@id\":\"https:\/\/kapitalis.com\/tunisie\/#website\"},\"primaryImageOfPage\":{\"@id\":\"https:\/\/kapitalis.com\/tunisie\/2019\/05\/22\/beja-un-requin-de-pres-de-6-metres-et-pesant-1-tonne-echoue-a-cap-negro\/#primaryimage\"},\"image\":{\"@id\":\"https:\/\/kapitalis.com\/tunisie\/2019\/05\/22\/beja-un-requin-de-pres-de-6-metres-et-pesant-1-tonne-echoue-a-cap-negro\/#primaryimage\"},\"thumbnailUrl\":\"\",\"datePublished\":\"2019-05-22T11:43:07+00:00\",\"dateModified\":\"2019-05-22T11:43:08+00:00\",\"breadcrumb\":{\"@id\":\"https:\/\/kapitalis.com\/tunisie\/2019\/05\/22\/beja-un-requin-de-pres-de-6-metres-et-pesant-1-tonne-echoue-a-cap-negro\/#breadcrumb\"},\"inLanguage\":\"fr-FR\",\"potentialAction\":[{\"@type\":\"ReadAction\",\"target\":[\"https:\/\/kapitalis.com\/tunisie\/2019\/05\/22\/beja-un-requin-de-pres-de-6-metres-et-pesant-1-tonne-echoue-a-cap-negro\/\"]}]},{\"@type\":\"ImageObject\",\"inLanguage\":\"fr-FR\",\"@id\":\"https:\/\/kapitalis.com\/tunisie\/2019\/05\/22\/beja-un-requin-de-pres-de-6-metres-et-pesant-1-tonne-echoue-a-cap-negro\/#primaryimage\",\"url\":\"\",\"contentUrl\":\"\"},{\"@type\":\"BreadcrumbList\",\"@id\":\"https:\/\/kapitalis.com\/tunisie\/2019\/05\/22\/beja-un-requin-de-pres-de-6-metres-et-pesant-1-tonne-echoue-a-cap-negro\/#breadcrumb\",\"itemListElement\":[{\"@type\":\"ListItem\",\"position\":1,\"name\":\"Accueil\",\"item\":\"https:\/\/kapitalis.com\/tunisie\/\"},{\"@type\":\"ListItem\",\"position\":2,\"name\":\"B\u00e9ja : Un requin de pr\u00e8s de 6 m\u00e8tres et pesant 1 tonne \u00e9choue \u00e0 Cap Negro\"}]},{\"@type\":\"WebSite\",\"@id\":\"https:\/\/kapitalis.com\/tunisie\/#website\",\"url\":\"https:\/\/kapitalis.com\/tunisie\/\",\"name\":\"Kapitalis\",\"description\":\"L&#039;actualit\u00e9 en Tunisie et dans le monde\",\"publisher\":{\"@id\":\"https:\/\/kapitalis.com\/tunisie\/#organization\"},\"potentialAction\":[{\"@type\":\"SearchAction\",\"target\":{\"@type\":\"EntryPoint\",\"urlTemplate\":\"https:\/\/kapitalis.com\/tunisie\/?s={search_term_string}\"},\"query-input\":{\"@type\":\"PropertyValueSpecification\",\"valueRequired\":true,\"valueName\":\"search_term_string\"}}],\"inLanguage\":\"fr-FR\"},{\"@type\":\"Organization\",\"@id\":\"https:\/\/kapitalis.com\/tunisie\/#organization\",\"name\":\"Kapitalis\",\"url\":\"https:\/\/kapitalis.com\/tunisie\/\",\"logo\":{\"@type\":\"ImageObject\",\"inLanguage\":\"fr-FR\",\"@id\":\"https:\/\/kapitalis.com\/tunisie\/#\/schema\/logo\/image\/\",\"url\":\"https:\/\/kapitalis.com\/tunisie\/wp-content\/uploads\/2022\/05\/Kapitalis-big-size.png\",\"contentUrl\":\"https:\/\/kapitalis.com\/tunisie\/wp-content\/uploads\/2022\/05\/Kapitalis-big-size.png\",\"width\":5000,\"height\":1500,\"caption\":\"Kapitalis\"},\"image\":{\"@id\":\"https:\/\/kapitalis.com\/tunisie\/#\/schema\/logo\/image\/\"},\"sameAs\":[\"https:\/\/www.facebook.com\/KapitalisInfo\/\",\"https:\/\/x.com\/KapitalisInfo\",\"https:\/\/www.youtube.com\/channel\/UC-yDYrHyfFBWWZaOw3FPg9Q\"]},{\"@type\":\"Person\",\"@id\":\"https:\/\/kapitalis.com\/tunisie\/#\/schema\/person\/74bbde0154d49d790a92aaeac5bc01d5\",\"name\":\"Yusra NY\",\"url\":\"https:\/\/kapitalis.com\/tunisie\/author\/yuza_adam\/\"}]}<\/script>\n<!-- \/ Yoast SEO plugin. -->","yoast_head_json":{"title":"B\u00e9ja : Un requin de pr\u00e8s de 6 m\u00e8tres et pesant 1 tonne \u00e9choue \u00e0 Cap Negro - Kapitalis","robots":{"index":"index","follow":"follow","max-snippet":"max-snippet:-1","max-image-preview":"max-image-preview:large","max-video-preview":"max-video-preview:-1"},"canonical":"https:\/\/kapitalis.com\/tunisie\/2019\/05\/22\/beja-un-requin-de-pres-de-6-metres-et-pesant-1-tonne-echoue-a-cap-negro\/","og_locale":"fr_FR","og_type":"article","og_title":"B\u00e9ja : Un requin de pr\u00e8s de 6 m\u00e8tres et pesant 1 tonne \u00e9choue \u00e0 Cap Negro - Kapitalis","og_description":"Un requin de 5,80 m\u00e8tres de longueur et dont le poids est estim\u00e9 \u00e0 environ une tonne a \u00e9chou\u00e9 hier matin, mardi 21 mai 2019, sur la plage de Cap Negro \u00e0 Nefza (B\u00e9ja).","og_url":"https:\/\/kapitalis.com\/tunisie\/2019\/05\/22\/beja-un-requin-de-pres-de-6-metres-et-pesant-1-tonne-echoue-a-cap-negro\/","og_site_name":"Kapitalis","article_publisher":"https:\/\/www.facebook.com\/KapitalisInfo\/","article_published_time":"2019-05-22T11:43:07+00:00","article_modified_time":"2019-05-22T11:43:08+00:00","og_image":[{"width":1200,"height":630,"url":"https:\/\/kapitalis.com\/tunisie\/wp-content\/uploads\/2022\/05\/kapitalis-logo-fb.png","type":"image\/png"}],"author":"Yusra NY","twitter_card":"summary_large_image","twitter_creator":"@KapitalisInfo","twitter_site":"@KapitalisInfo","twitter_misc":{"\u00c9crit par":"Yusra NY","Dur\u00e9e de lecture estim\u00e9e":"1 minute"},"schema":{"@context":"https:\/\/schema.org","@graph":[{"@type":"Article","@id":"https:\/\/kapitalis.com\/tunisie\/2019\/05\/22\/beja-un-requin-de-pres-de-6-metres-et-pesant-1-tonne-echoue-a-cap-negro\/#article","isPartOf":{"@id":"https:\/\/kapitalis.com\/tunisie\/2019\/05\/22\/beja-un-requin-de-pres-de-6-metres-et-pesant-1-tonne-echoue-a-cap-negro\/"},"author":{"name":"Yusra NY","@id":"https:\/\/kapitalis.com\/tunisie\/#\/schema\/person\/74bbde0154d49d790a92aaeac5bc01d5"},"headline":"B\u00e9ja : Un requin de pr\u00e8s de 6 m\u00e8tres et pesant 1 tonne \u00e9choue \u00e0 Cap Negro","datePublished":"2019-05-22T11:43:07+00:00","dateModified":"2019-05-22T11:43:08+00:00","mainEntityOfPage":{"@id":"https:\/\/kapitalis.com\/tunisie\/2019\/05\/22\/beja-un-requin-de-pres-de-6-metres-et-pesant-1-tonne-echoue-a-cap-negro\/"},"wordCount":215,"commentCount":0,"publisher":{"@id":"https:\/\/kapitalis.com\/tunisie\/#organization"},"image":{"@id":"https:\/\/kapitalis.com\/tunisie\/2019\/05\/22\/beja-un-requin-de-pres-de-6-metres-et-pesant-1-tonne-echoue-a-cap-negro\/#primaryimage"},"thumbnailUrl":"","keywords":["B\u00e9ja","Cap Negro"],"articleSection":["SOCIETE","Tunisie"],"inLanguage":"fr-FR","potentialAction":[{"@type":"CommentAction","name":"Comment","target":["https:\/\/kapitalis.com\/tunisie\/2019\/05\/22\/beja-un-requin-de-pres-de-6-metres-et-pesant-1-tonne-echoue-a-cap-negro\/#respond"]}]},{"@type":"WebPage","@id":"https:\/\/kapitalis.com\/tunisie\/2019\/05\/22\/beja-un-requin-de-pres-de-6-metres-et-pesant-1-tonne-echoue-a-cap-negro\/","url":"https:\/\/kapitalis.com\/tunisie\/2019\/05\/22\/beja-un-requin-de-pres-de-6-metres-et-pesant-1-tonne-echoue-a-cap-negro\/","name":"B\u00e9ja : Un requin de pr\u00e8s de 6 m\u00e8tres et pesant 1 tonne \u00e9choue \u00e0 Cap Negro - Kapitalis","isPartOf":{"@id":"https:\/\/kapitalis.com\/tunisie\/#website"},"primaryImageOfPage":{"@id":"https:\/\/kapitalis.com\/tunisie\/2019\/05\/22\/beja-un-requin-de-pres-de-6-metres-et-pesant-1-tonne-echoue-a-cap-negro\/#primaryimage"},"image":{"@id":"https:\/\/kapitalis.com\/tunisie\/2019\/05\/22\/beja-un-requin-de-pres-de-6-metres-et-pesant-1-tonne-echoue-a-cap-negro\/#primaryimage"},"thumbnailUrl":"","datePublished":"2019-05-22T11:43:07+00:00","dateModified":"2019-05-22T11:43:08+00:00","breadcrumb":{"@id":"https:\/\/kapitalis.com\/tunisie\/2019\/05\/22\/beja-un-requin-de-pres-de-6-metres-et-pesant-1-tonne-echoue-a-cap-negro\/#breadcrumb"},"inLanguage":"fr-FR","potentialAction":[{"@type":"ReadAction","target":["https:\/\/kapitalis.com\/tunisie\/2019\/05\/22\/beja-un-requin-de-pres-de-6-metres-et-pesant-1-tonne-echoue-a-cap-negro\/"]}]},{"@type":"ImageObject","inLanguage":"fr-FR","@id":"https:\/\/kapitalis.com\/tunisie\/2019\/05\/22\/beja-un-requin-de-pres-de-6-metres-et-pesant-1-tonne-echoue-a-cap-negro\/#primaryimage","url":"","contentUrl":""},{"@type":"BreadcrumbList","@id":"https:\/\/kapitalis.com\/tunisie\/2019\/05\/22\/beja-un-requin-de-pres-de-6-metres-et-pesant-1-tonne-echoue-a-cap-negro\/#breadcrumb","itemListElement":[{"@type":"ListItem","position":1,"name":"Accueil","item":"https:\/\/kapitalis.com\/tunisie\/"},{"@type":"ListItem","position":2,"name":"B\u00e9ja : Un requin de pr\u00e8s de 6 m\u00e8tres et pesant 1 tonne \u00e9choue \u00e0 Cap Negro"}]},{"@type":"WebSite","@id":"https:\/\/kapitalis.com\/tunisie\/#website","url":"https:\/\/kapitalis.com\/tunisie\/","name":"Kapitalis","description":"L&#039;actualit\u00e9 en Tunisie et dans le monde","publisher":{"@id":"https:\/\/kapitalis.com\/tunisie\/#organization"},"potentialAction":[{"@type":"SearchAction","target":{"@type":"EntryPoint","urlTemplate":"https:\/\/kapitalis.com\/tunisie\/?s={search_term_string}"},"query-input":{"@type":"PropertyValueSpecification","valueRequired":true,"valueName":"search_term_string"}}],"inLanguage":"fr-FR"},{"@type":"Organization","@id":"https:\/\/kapitalis.com\/tunisie\/#organization","name":"Kapitalis","url":"https:\/\/kapitalis.com\/tunisie\/","logo":{"@type":"ImageObject","inLanguage":"fr-FR","@id":"https:\/\/kapitalis.com\/tunisie\/#\/schema\/logo\/image\/","url":"https:\/\/kapitalis.com\/tunisie\/wp-content\/uploads\/2022\/05\/Kapitalis-big-size.png","contentUrl":"https:\/\/kapitalis.com\/tunisie\/wp-content\/uploads\/2022\/05\/Kapitalis-big-size.png","width":5000,"height":1500,"caption":"Kapitalis"},"image":{"@id":"https:\/\/kapitalis.com\/tunisie\/#\/schema\/logo\/image\/"},"sameAs":["https:\/\/www.facebook.com\/KapitalisInfo\/","https:\/\/x.com\/KapitalisInfo","https:\/\/www.youtube.com\/channel\/UC-yDYrHyfFBWWZaOw3FPg9Q"]},{"@type":"Person","@id":"https:\/\/kapitalis.com\/tunisie\/#\/schema\/person\/74bbde0154d49d790a92aaeac5bc01d5","name":"Yusra NY","url":"https:\/\/kapitalis.com\/tunisie\/author\/yuza_adam\/"}]}},"_links":{"self":[{"href":"https:\/\/kapitalis.com\/tunisie\/wp-json\/wp\/v2\/posts\/214201","targetHints":{"allow":["GET"]}}],"collection":[{"href":"https:\/\/kapitalis.com\/tunisie\/wp-json\/wp\/v2\/posts"}],"about":[{"href":"https:\/\/kapitalis.com\/tunisie\/wp-json\/wp\/v2\/types\/post"}],"author":[{"embeddable":true,"href":"https:\/\/kapitalis.com\/tunisie\/wp-json\/wp\/v2\/users\/6"}],"replies":[{"embeddable":true,"href":"https:\/\/kapitalis.com\/tunisie\/wp-json\/wp\/v2\/comments?post=214201"}],"version-history":[{"count":0,"href":"https:\/\/kapitalis.com\/tunisie\/wp-json\/wp\/v2\/posts\/214201\/revisions"}],"wp:featuredmedia":[{"embeddable":true,"href":"https:\/\/kapitalis.com\/tunisie\/wp-json\/wp\/v2\/media\/214203"}],"wp:attachment":[{"href":"https:\/\/kapitalis.com\/tunisie\/wp-json\/wp\/v2\/media?parent=214201"}],"wp:term":[{"taxonomy":"category","embeddable":true,"href":"https:\/\/kapitalis.com\/tunisie\/wp-json\/wp\/v2\/categories?post=214201"},{"taxonomy":"post_tag","embeddable":true,"href":"https:\/\/kapitalis.com\/tunisie\/wp-json\/wp\/v2\/tags?post=214201"}],"curies":[{"name":"wp","href":"https:\/\/api.w.org\/{rel}","templated":true}]}}