{"id":214422,"date":"2019-05-24T10:44:42","date_gmt":"2019-05-24T09:44:42","guid":{"rendered":"http:\/\/kapitalis.com\/tunisie\/?p=214422"},"modified":"2019-05-24T11:57:18","modified_gmt":"2019-05-24T10:57:18","slug":"le-nouveau-ne-retrouve-hier-dans-un-sac-a-el-jem-est-en-bonne-sante","status":"publish","type":"post","link":"https:\/\/kapitalis.com\/tunisie\/2019\/05\/24\/le-nouveau-ne-retrouve-hier-dans-un-sac-a-el-jem-est-en-bonne-sante\/","title":{"rendered":"Le nouveau-n\u00e9 retrouv\u00e9 hier dans un sac \u00e0 El-Jem est en bonne sant\u00e9"},"content":{"rendered":"\n<figure class=\"wp-block-image\"><img decoding=\"async\" src=\"http:\/\/kapitalis.com\/tunisie\/wp-content\/uploads\/2019\/05\/El-jem-b\u00e9b\u00e9-abandonn\u00e9.jpg\" alt=\"\" class=\"wp-image-214425\"\/><\/figure>\n\n\n<p><em><strong>Un b\u00e9b\u00e9 a \u00e9t\u00e9 d\u00e9couvert hier apr\u00e8s-midi, jeudi 23 mai 2019, dans un sac, pos\u00e9 \u00e0 m\u00eame le trottoir, sur la route d&rsquo;El-Jem (Mahdia). Il a \u00e9t\u00e9 transf\u00e9r\u00e9 \u00e0 l\u2019h\u00f4pital local, o\u00f9 il a \u00e9t\u00e9 pris en charge.<\/strong><\/em><!--more--><\/p>\n<p>La police et la d\u00e9l\u00e9gation de la protection de l\u2019enfance ont \u00e9t\u00e9 alert\u00e9es, a indiqu\u00e9 une source \u00e0 Kapitalis, en ajoutant que le procureur de la r\u00e9publique aupr\u00e8s du tribunal de Mahdia s\u2019est saisi de l\u2019affaire.<\/p>\n<p>Apr\u00e8s avoir \u00e9t\u00e9 soumis \u00e0 des examens et b\u00e9n\u00e9fici\u00e9 des soins n\u00e9cessaire, le b\u00e9b\u00e9, qui est n\u00e9 il y a moins d&rsquo;une semaine, a \u00e9t\u00e9 transf\u00e9r\u00e9 \u00e0 l\u2019association Voix de l\u2019enfant, pour y \u00eatre pris en charge, le temps de le placer dans un centre sp\u00e9cifique pour enfant sans soutien.<\/p>\n<p style=\"text-align: right;\"><strong>Y. N.<\/strong><\/p>","protected":false},"excerpt":{"rendered":"<p>Un b\u00e9b\u00e9 a \u00e9t\u00e9 d\u00e9couvert hier apr\u00e8s-midi, jeudi 23 mai 2019, dans un sac, pos\u00e9 \u00e0 m\u00eame le trottoir, sur la route d&rsquo;El-Jem (Mahdia). Il a \u00e9t\u00e9 transf\u00e9r\u00e9 \u00e0 l\u2019h\u00f4pital local, o\u00f9 il a \u00e9t\u00e9 pris en charge.<\/p>\n","protected":false},"author":6,"featured_media":214425,"comment_status":"open","ping_status":"open","sticky":false,"template":"","format":"standard","meta":{"footnotes":""},"categories":[998,2433],"tags":[95,3975,451,565,5282,3272,921],"class_list":["post-214422","post","type-post","status-publish","format-standard","has-post-thumbnail","hentry","category-societe","category-tunisie","tag-association","tag-el-jem","tag-hopital","tag-mahdia","tag-nouveau-ne","tag-protection-enfance","tag-tribunal"],"yoast_head":"<!-- This site is optimized with the Yoast SEO plugin v26.6 - https:\/\/yoast.com\/wordpress\/plugins\/seo\/ -->\n<title>Le nouveau-n\u00e9 retrouv\u00e9 hier dans un sac \u00e0 El-Jem est en bonne sant\u00e9 - Kapitalis<\/title>\n<meta name=\"robots\" content=\"index, follow, max-snippet:-1, max-image-preview:large, max-video-preview:-1\" \/>\n<link rel=\"canonical\" href=\"https:\/\/kapitalis.com\/tunisie\/2019\/05\/24\/le-nouveau-ne-retrouve-hier-dans-un-sac-a-el-jem-est-en-bonne-sante\/\" \/>\n<meta property=\"og:locale\" content=\"fr_FR\" \/>\n<meta property=\"og:type\" content=\"article\" \/>\n<meta property=\"og:title\" content=\"Le nouveau-n\u00e9 retrouv\u00e9 hier dans un sac \u00e0 El-Jem est en bonne sant\u00e9 - Kapitalis\" \/>\n<meta property=\"og:description\" content=\"Un b\u00e9b\u00e9 a \u00e9t\u00e9 d\u00e9couvert hier apr\u00e8s-midi, jeudi 23 mai 2019, dans un sac, pos\u00e9 \u00e0 m\u00eame le trottoir, sur la route d&rsquo;El-Jem (Mahdia). Il a \u00e9t\u00e9 transf\u00e9r\u00e9 \u00e0 l\u2019h\u00f4pital local, o\u00f9 il a \u00e9t\u00e9 pris en charge.\" \/>\n<meta property=\"og:url\" content=\"https:\/\/kapitalis.com\/tunisie\/2019\/05\/24\/le-nouveau-ne-retrouve-hier-dans-un-sac-a-el-jem-est-en-bonne-sante\/\" \/>\n<meta property=\"og:site_name\" content=\"Kapitalis\" \/>\n<meta property=\"article:publisher\" content=\"https:\/\/www.facebook.com\/KapitalisInfo\/\" \/>\n<meta property=\"article:published_time\" content=\"2019-05-24T09:44:42+00:00\" \/>\n<meta property=\"article:modified_time\" content=\"2019-05-24T10:57:18+00:00\" \/>\n<meta property=\"og:image\" content=\"https:\/\/kapitalis.com\/tunisie\/wp-content\/uploads\/2022\/05\/kapitalis-logo-fb.png\" \/>\n\t<meta property=\"og:image:width\" content=\"1200\" \/>\n\t<meta property=\"og:image:height\" content=\"630\" \/>\n\t<meta property=\"og:image:type\" content=\"image\/png\" \/>\n<meta name=\"author\" content=\"Yusra NY\" \/>\n<meta name=\"twitter:card\" content=\"summary_large_image\" \/>\n<meta name=\"twitter:creator\" content=\"@KapitalisInfo\" \/>\n<meta name=\"twitter:site\" content=\"@KapitalisInfo\" \/>\n<meta name=\"twitter:label1\" content=\"\u00c9crit par\" \/>\n\t<meta name=\"twitter:data1\" content=\"Yusra NY\" \/>\n\t<meta name=\"twitter:label2\" content=\"Dur\u00e9e de lecture estim\u00e9e\" \/>\n\t<meta name=\"twitter:data2\" content=\"1 minute\" \/>\n<script type=\"application\/ld+json\" class=\"yoast-schema-graph\">{\"@context\":\"https:\/\/schema.org\",\"@graph\":[{\"@type\":\"Article\",\"@id\":\"https:\/\/kapitalis.com\/tunisie\/2019\/05\/24\/le-nouveau-ne-retrouve-hier-dans-un-sac-a-el-jem-est-en-bonne-sante\/#article\",\"isPartOf\":{\"@id\":\"https:\/\/kapitalis.com\/tunisie\/2019\/05\/24\/le-nouveau-ne-retrouve-hier-dans-un-sac-a-el-jem-est-en-bonne-sante\/\"},\"author\":{\"name\":\"Yusra NY\",\"@id\":\"https:\/\/kapitalis.com\/tunisie\/#\/schema\/person\/74bbde0154d49d790a92aaeac5bc01d5\"},\"headline\":\"Le nouveau-n\u00e9 retrouv\u00e9 hier dans un sac \u00e0 El-Jem est en bonne sant\u00e9\",\"datePublished\":\"2019-05-24T09:44:42+00:00\",\"dateModified\":\"2019-05-24T10:57:18+00:00\",\"mainEntityOfPage\":{\"@id\":\"https:\/\/kapitalis.com\/tunisie\/2019\/05\/24\/le-nouveau-ne-retrouve-hier-dans-un-sac-a-el-jem-est-en-bonne-sante\/\"},\"wordCount\":155,\"commentCount\":4,\"publisher\":{\"@id\":\"https:\/\/kapitalis.com\/tunisie\/#organization\"},\"image\":{\"@id\":\"https:\/\/kapitalis.com\/tunisie\/2019\/05\/24\/le-nouveau-ne-retrouve-hier-dans-un-sac-a-el-jem-est-en-bonne-sante\/#primaryimage\"},\"thumbnailUrl\":\"\",\"keywords\":[\"association\",\"El-Jem\",\"h\u00f4pital\",\"Mahdia\",\"nouveau-n\u00e9\",\"protection enfance\",\"tribunal\"],\"articleSection\":[\"SOCIETE\",\"Tunisie\"],\"inLanguage\":\"fr-FR\",\"potentialAction\":[{\"@type\":\"CommentAction\",\"name\":\"Comment\",\"target\":[\"https:\/\/kapitalis.com\/tunisie\/2019\/05\/24\/le-nouveau-ne-retrouve-hier-dans-un-sac-a-el-jem-est-en-bonne-sante\/#respond\"]}]},{\"@type\":\"WebPage\",\"@id\":\"https:\/\/kapitalis.com\/tunisie\/2019\/05\/24\/le-nouveau-ne-retrouve-hier-dans-un-sac-a-el-jem-est-en-bonne-sante\/\",\"url\":\"https:\/\/kapitalis.com\/tunisie\/2019\/05\/24\/le-nouveau-ne-retrouve-hier-dans-un-sac-a-el-jem-est-en-bonne-sante\/\",\"name\":\"Le nouveau-n\u00e9 retrouv\u00e9 hier dans un sac \u00e0 El-Jem est en bonne sant\u00e9 - Kapitalis\",\"isPartOf\":{\"@id\":\"https:\/\/kapitalis.com\/tunisie\/#website\"},\"primaryImageOfPage\":{\"@id\":\"https:\/\/kapitalis.com\/tunisie\/2019\/05\/24\/le-nouveau-ne-retrouve-hier-dans-un-sac-a-el-jem-est-en-bonne-sante\/#primaryimage\"},\"image\":{\"@id\":\"https:\/\/kapitalis.com\/tunisie\/2019\/05\/24\/le-nouveau-ne-retrouve-hier-dans-un-sac-a-el-jem-est-en-bonne-sante\/#primaryimage\"},\"thumbnailUrl\":\"\",\"datePublished\":\"2019-05-24T09:44:42+00:00\",\"dateModified\":\"2019-05-24T10:57:18+00:00\",\"breadcrumb\":{\"@id\":\"https:\/\/kapitalis.com\/tunisie\/2019\/05\/24\/le-nouveau-ne-retrouve-hier-dans-un-sac-a-el-jem-est-en-bonne-sante\/#breadcrumb\"},\"inLanguage\":\"fr-FR\",\"potentialAction\":[{\"@type\":\"ReadAction\",\"target\":[\"https:\/\/kapitalis.com\/tunisie\/2019\/05\/24\/le-nouveau-ne-retrouve-hier-dans-un-sac-a-el-jem-est-en-bonne-sante\/\"]}]},{\"@type\":\"ImageObject\",\"inLanguage\":\"fr-FR\",\"@id\":\"https:\/\/kapitalis.com\/tunisie\/2019\/05\/24\/le-nouveau-ne-retrouve-hier-dans-un-sac-a-el-jem-est-en-bonne-sante\/#primaryimage\",\"url\":\"\",\"contentUrl\":\"\"},{\"@type\":\"BreadcrumbList\",\"@id\":\"https:\/\/kapitalis.com\/tunisie\/2019\/05\/24\/le-nouveau-ne-retrouve-hier-dans-un-sac-a-el-jem-est-en-bonne-sante\/#breadcrumb\",\"itemListElement\":[{\"@type\":\"ListItem\",\"position\":1,\"name\":\"Accueil\",\"item\":\"https:\/\/kapitalis.com\/tunisie\/\"},{\"@type\":\"ListItem\",\"position\":2,\"name\":\"Le nouveau-n\u00e9 retrouv\u00e9 hier dans un sac \u00e0 El-Jem est en bonne sant\u00e9\"}]},{\"@type\":\"WebSite\",\"@id\":\"https:\/\/kapitalis.com\/tunisie\/#website\",\"url\":\"https:\/\/kapitalis.com\/tunisie\/\",\"name\":\"Kapitalis\",\"description\":\"L&#039;actualit\u00e9 en Tunisie et dans le monde\",\"publisher\":{\"@id\":\"https:\/\/kapitalis.com\/tunisie\/#organization\"},\"potentialAction\":[{\"@type\":\"SearchAction\",\"target\":{\"@type\":\"EntryPoint\",\"urlTemplate\":\"https:\/\/kapitalis.com\/tunisie\/?s={search_term_string}\"},\"query-input\":{\"@type\":\"PropertyValueSpecification\",\"valueRequired\":true,\"valueName\":\"search_term_string\"}}],\"inLanguage\":\"fr-FR\"},{\"@type\":\"Organization\",\"@id\":\"https:\/\/kapitalis.com\/tunisie\/#organization\",\"name\":\"Kapitalis\",\"url\":\"https:\/\/kapitalis.com\/tunisie\/\",\"logo\":{\"@type\":\"ImageObject\",\"inLanguage\":\"fr-FR\",\"@id\":\"https:\/\/kapitalis.com\/tunisie\/#\/schema\/logo\/image\/\",\"url\":\"https:\/\/kapitalis.com\/tunisie\/wp-content\/uploads\/2022\/05\/Kapitalis-big-size.png\",\"contentUrl\":\"https:\/\/kapitalis.com\/tunisie\/wp-content\/uploads\/2022\/05\/Kapitalis-big-size.png\",\"width\":5000,\"height\":1500,\"caption\":\"Kapitalis\"},\"image\":{\"@id\":\"https:\/\/kapitalis.com\/tunisie\/#\/schema\/logo\/image\/\"},\"sameAs\":[\"https:\/\/www.facebook.com\/KapitalisInfo\/\",\"https:\/\/x.com\/KapitalisInfo\",\"https:\/\/www.youtube.com\/channel\/UC-yDYrHyfFBWWZaOw3FPg9Q\"]},{\"@type\":\"Person\",\"@id\":\"https:\/\/kapitalis.com\/tunisie\/#\/schema\/person\/74bbde0154d49d790a92aaeac5bc01d5\",\"name\":\"Yusra NY\",\"url\":\"https:\/\/kapitalis.com\/tunisie\/author\/yuza_adam\/\"}]}<\/script>\n<!-- \/ Yoast SEO plugin. -->","yoast_head_json":{"title":"Le nouveau-n\u00e9 retrouv\u00e9 hier dans un sac \u00e0 El-Jem est en bonne sant\u00e9 - Kapitalis","robots":{"index":"index","follow":"follow","max-snippet":"max-snippet:-1","max-image-preview":"max-image-preview:large","max-video-preview":"max-video-preview:-1"},"canonical":"https:\/\/kapitalis.com\/tunisie\/2019\/05\/24\/le-nouveau-ne-retrouve-hier-dans-un-sac-a-el-jem-est-en-bonne-sante\/","og_locale":"fr_FR","og_type":"article","og_title":"Le nouveau-n\u00e9 retrouv\u00e9 hier dans un sac \u00e0 El-Jem est en bonne sant\u00e9 - Kapitalis","og_description":"Un b\u00e9b\u00e9 a \u00e9t\u00e9 d\u00e9couvert hier apr\u00e8s-midi, jeudi 23 mai 2019, dans un sac, pos\u00e9 \u00e0 m\u00eame le trottoir, sur la route d&rsquo;El-Jem (Mahdia). Il a \u00e9t\u00e9 transf\u00e9r\u00e9 \u00e0 l\u2019h\u00f4pital local, o\u00f9 il a \u00e9t\u00e9 pris en charge.","og_url":"https:\/\/kapitalis.com\/tunisie\/2019\/05\/24\/le-nouveau-ne-retrouve-hier-dans-un-sac-a-el-jem-est-en-bonne-sante\/","og_site_name":"Kapitalis","article_publisher":"https:\/\/www.facebook.com\/KapitalisInfo\/","article_published_time":"2019-05-24T09:44:42+00:00","article_modified_time":"2019-05-24T10:57:18+00:00","og_image":[{"width":1200,"height":630,"url":"https:\/\/kapitalis.com\/tunisie\/wp-content\/uploads\/2022\/05\/kapitalis-logo-fb.png","type":"image\/png"}],"author":"Yusra NY","twitter_card":"summary_large_image","twitter_creator":"@KapitalisInfo","twitter_site":"@KapitalisInfo","twitter_misc":{"\u00c9crit par":"Yusra NY","Dur\u00e9e de lecture estim\u00e9e":"1 minute"},"schema":{"@context":"https:\/\/schema.org","@graph":[{"@type":"Article","@id":"https:\/\/kapitalis.com\/tunisie\/2019\/05\/24\/le-nouveau-ne-retrouve-hier-dans-un-sac-a-el-jem-est-en-bonne-sante\/#article","isPartOf":{"@id":"https:\/\/kapitalis.com\/tunisie\/2019\/05\/24\/le-nouveau-ne-retrouve-hier-dans-un-sac-a-el-jem-est-en-bonne-sante\/"},"author":{"name":"Yusra NY","@id":"https:\/\/kapitalis.com\/tunisie\/#\/schema\/person\/74bbde0154d49d790a92aaeac5bc01d5"},"headline":"Le nouveau-n\u00e9 retrouv\u00e9 hier dans un sac \u00e0 El-Jem est en bonne sant\u00e9","datePublished":"2019-05-24T09:44:42+00:00","dateModified":"2019-05-24T10:57:18+00:00","mainEntityOfPage":{"@id":"https:\/\/kapitalis.com\/tunisie\/2019\/05\/24\/le-nouveau-ne-retrouve-hier-dans-un-sac-a-el-jem-est-en-bonne-sante\/"},"wordCount":155,"commentCount":4,"publisher":{"@id":"https:\/\/kapitalis.com\/tunisie\/#organization"},"image":{"@id":"https:\/\/kapitalis.com\/tunisie\/2019\/05\/24\/le-nouveau-ne-retrouve-hier-dans-un-sac-a-el-jem-est-en-bonne-sante\/#primaryimage"},"thumbnailUrl":"","keywords":["association","El-Jem","h\u00f4pital","Mahdia","nouveau-n\u00e9","protection enfance","tribunal"],"articleSection":["SOCIETE","Tunisie"],"inLanguage":"fr-FR","potentialAction":[{"@type":"CommentAction","name":"Comment","target":["https:\/\/kapitalis.com\/tunisie\/2019\/05\/24\/le-nouveau-ne-retrouve-hier-dans-un-sac-a-el-jem-est-en-bonne-sante\/#respond"]}]},{"@type":"WebPage","@id":"https:\/\/kapitalis.com\/tunisie\/2019\/05\/24\/le-nouveau-ne-retrouve-hier-dans-un-sac-a-el-jem-est-en-bonne-sante\/","url":"https:\/\/kapitalis.com\/tunisie\/2019\/05\/24\/le-nouveau-ne-retrouve-hier-dans-un-sac-a-el-jem-est-en-bonne-sante\/","name":"Le nouveau-n\u00e9 retrouv\u00e9 hier dans un sac \u00e0 El-Jem est en bonne sant\u00e9 - Kapitalis","isPartOf":{"@id":"https:\/\/kapitalis.com\/tunisie\/#website"},"primaryImageOfPage":{"@id":"https:\/\/kapitalis.com\/tunisie\/2019\/05\/24\/le-nouveau-ne-retrouve-hier-dans-un-sac-a-el-jem-est-en-bonne-sante\/#primaryimage"},"image":{"@id":"https:\/\/kapitalis.com\/tunisie\/2019\/05\/24\/le-nouveau-ne-retrouve-hier-dans-un-sac-a-el-jem-est-en-bonne-sante\/#primaryimage"},"thumbnailUrl":"","datePublished":"2019-05-24T09:44:42+00:00","dateModified":"2019-05-24T10:57:18+00:00","breadcrumb":{"@id":"https:\/\/kapitalis.com\/tunisie\/2019\/05\/24\/le-nouveau-ne-retrouve-hier-dans-un-sac-a-el-jem-est-en-bonne-sante\/#breadcrumb"},"inLanguage":"fr-FR","potentialAction":[{"@type":"ReadAction","target":["https:\/\/kapitalis.com\/tunisie\/2019\/05\/24\/le-nouveau-ne-retrouve-hier-dans-un-sac-a-el-jem-est-en-bonne-sante\/"]}]},{"@type":"ImageObject","inLanguage":"fr-FR","@id":"https:\/\/kapitalis.com\/tunisie\/2019\/05\/24\/le-nouveau-ne-retrouve-hier-dans-un-sac-a-el-jem-est-en-bonne-sante\/#primaryimage","url":"","contentUrl":""},{"@type":"BreadcrumbList","@id":"https:\/\/kapitalis.com\/tunisie\/2019\/05\/24\/le-nouveau-ne-retrouve-hier-dans-un-sac-a-el-jem-est-en-bonne-sante\/#breadcrumb","itemListElement":[{"@type":"ListItem","position":1,"name":"Accueil","item":"https:\/\/kapitalis.com\/tunisie\/"},{"@type":"ListItem","position":2,"name":"Le nouveau-n\u00e9 retrouv\u00e9 hier dans un sac \u00e0 El-Jem est en bonne sant\u00e9"}]},{"@type":"WebSite","@id":"https:\/\/kapitalis.com\/tunisie\/#website","url":"https:\/\/kapitalis.com\/tunisie\/","name":"Kapitalis","description":"L&#039;actualit\u00e9 en Tunisie et dans le monde","publisher":{"@id":"https:\/\/kapitalis.com\/tunisie\/#organization"},"potentialAction":[{"@type":"SearchAction","target":{"@type":"EntryPoint","urlTemplate":"https:\/\/kapitalis.com\/tunisie\/?s={search_term_string}"},"query-input":{"@type":"PropertyValueSpecification","valueRequired":true,"valueName":"search_term_string"}}],"inLanguage":"fr-FR"},{"@type":"Organization","@id":"https:\/\/kapitalis.com\/tunisie\/#organization","name":"Kapitalis","url":"https:\/\/kapitalis.com\/tunisie\/","logo":{"@type":"ImageObject","inLanguage":"fr-FR","@id":"https:\/\/kapitalis.com\/tunisie\/#\/schema\/logo\/image\/","url":"https:\/\/kapitalis.com\/tunisie\/wp-content\/uploads\/2022\/05\/Kapitalis-big-size.png","contentUrl":"https:\/\/kapitalis.com\/tunisie\/wp-content\/uploads\/2022\/05\/Kapitalis-big-size.png","width":5000,"height":1500,"caption":"Kapitalis"},"image":{"@id":"https:\/\/kapitalis.com\/tunisie\/#\/schema\/logo\/image\/"},"sameAs":["https:\/\/www.facebook.com\/KapitalisInfo\/","https:\/\/x.com\/KapitalisInfo","https:\/\/www.youtube.com\/channel\/UC-yDYrHyfFBWWZaOw3FPg9Q"]},{"@type":"Person","@id":"https:\/\/kapitalis.com\/tunisie\/#\/schema\/person\/74bbde0154d49d790a92aaeac5bc01d5","name":"Yusra NY","url":"https:\/\/kapitalis.com\/tunisie\/author\/yuza_adam\/"}]}},"_links":{"self":[{"href":"https:\/\/kapitalis.com\/tunisie\/wp-json\/wp\/v2\/posts\/214422","targetHints":{"allow":["GET"]}}],"collection":[{"href":"https:\/\/kapitalis.com\/tunisie\/wp-json\/wp\/v2\/posts"}],"about":[{"href":"https:\/\/kapitalis.com\/tunisie\/wp-json\/wp\/v2\/types\/post"}],"author":[{"embeddable":true,"href":"https:\/\/kapitalis.com\/tunisie\/wp-json\/wp\/v2\/users\/6"}],"replies":[{"embeddable":true,"href":"https:\/\/kapitalis.com\/tunisie\/wp-json\/wp\/v2\/comments?post=214422"}],"version-history":[{"count":0,"href":"https:\/\/kapitalis.com\/tunisie\/wp-json\/wp\/v2\/posts\/214422\/revisions"}],"wp:featuredmedia":[{"embeddable":true,"href":"https:\/\/kapitalis.com\/tunisie\/wp-json\/wp\/v2\/media\/214425"}],"wp:attachment":[{"href":"https:\/\/kapitalis.com\/tunisie\/wp-json\/wp\/v2\/media?parent=214422"}],"wp:term":[{"taxonomy":"category","embeddable":true,"href":"https:\/\/kapitalis.com\/tunisie\/wp-json\/wp\/v2\/categories?post=214422"},{"taxonomy":"post_tag","embeddable":true,"href":"https:\/\/kapitalis.com\/tunisie\/wp-json\/wp\/v2\/tags?post=214422"}],"curies":[{"name":"wp","href":"https:\/\/api.w.org\/{rel}","templated":true}]}}