{"id":214459,"date":"2019-05-24T13:17:28","date_gmt":"2019-05-24T12:17:28","guid":{"rendered":"http:\/\/kapitalis.com\/tunisie\/?p=214459"},"modified":"2019-05-24T13:17:34","modified_gmt":"2019-05-24T12:17:34","slug":"retour-sur-laffaire-des-nouveau-nes-de-lhopital-la-rabta-eviter-levitable","status":"publish","type":"post","link":"https:\/\/kapitalis.com\/tunisie\/2019\/05\/24\/retour-sur-laffaire-des-nouveau-nes-de-lhopital-la-rabta-eviter-levitable\/","title":{"rendered":"Retour sur l\u2019affaire des nouveau-n\u00e9s de l\u2019h\u00f4pital La Rabta : Eviter l\u2019\u00e9vitable\u2026"},"content":{"rendered":"\n<figure class=\"wp-block-image\"><img decoding=\"async\" src=\"http:\/\/kapitalis.com\/tunisie\/wp-content\/uploads\/2019\/03\/b\u00e9b\u00e9-rmaternit\u00e9.jpg\" alt=\"\" class=\"wp-image-201572\"\/><\/figure>\n\n\n\n<p><b><i>L\u2019auteur revient sur le drame des 15 nouveau-n\u00e9s d\u00e9c\u00e9d\u00e9s, d\u00e9but mars 2019, dans la maternit\u00e9 de l\u2019h\u00f4pital La Rabta \u00e0 Tunis des suites d\u2019une infection nosocomiale et en tire des le\u00e7ons en vue d\u2019am\u00e9liorer le syst\u00e8me de sant\u00e9 en Tunisie. <\/i><\/b><br><\/p>\n\n\n\n<p> Par <strong>Pr Ridha Hamdane<\/strong> *<br><\/p>\n\n\n\n<!--more-->\n\n\n\n<div class=\"wp-block-image\"><figure class=\"alignleft\"><img decoding=\"async\" src=\"http:\/\/kapitalis.com\/tunisie\/wp-content\/uploads\/2019\/04\/Professeur-Ridha-Hamdane.jpg\" alt=\"\" class=\"wp-image-205266\"\/><\/figure><\/div>\n\n\n\n<p> Pour les remarques que je donne dans cet article, j\u2019ai sollicit\u00e9 les avis d\u2019experts fran\u00e7ais parmi mes amis car je ne suis pas sp\u00e9cialiste de la question mais je tiens \u00e0 ce qu\u2019une telle affaire serve de le\u00e7on pour tous afin que le niveau de qualit\u00e9 des soins en Tunisie augmente et que la confiance des patients se renforce. Pour cela, il faut que les parents sachent vraiment ce qui s\u2019est pass\u00e9 et pour les soignants d\u2019apprendre de cette affaire pour qu\u2019\u00e0 l\u2019avenir, on ne reproduise pas les m\u00eames erreurs.<br><\/p>\n\n\n\n<p> C\u2019est scandaleux, c\u2019est dramatique, la situation est vraiment inqui\u00e9tante, cette affaire est tr\u00e8s grave, il faut demander la plus grande transparence, ce sont l\u00e0 quelques exemples de r\u00e9actions de sp\u00e9cialistes \u00e9trangers qui ont \u00e9t\u00e9 mis au courant de la mort de quinze nouveau-n\u00e9s en Tunisie. Ces r\u00e9actions, je les partage, bien entendu, m\u00eame si je ne ma\u00eetrise pas v\u00e9ritablement le contexte mais je pense qu\u2019il est tr\u00e8s l\u00e9gitime de demander la plus grande transparence sur une telle affaire.<br><\/p>\n\n\n\n<h3 class=\"wp-block-heading\"> Une erreur m\u00e9dico-pharmaceutique<br><\/h3>\n\n\n\n<p> Un drame s\u2019est produit dans la maternit\u00e9 de l\u2019h\u00f4pital La Rabta \u00e0 Tunis. Quinze nouveau-n\u00e9s ont trouv\u00e9 la mort au tout d\u00e9but du mois de mars 2019 suite \u00e0 une infection nosocomiale dont le germe a \u00e9t\u00e9 identifi\u00e9 et qui est <em>ent\u00e9robacter cloacae<\/em>. Ce germe a \u00e9t\u00e9 retrouv\u00e9 en salle de r\u00e9animation et l\u2019on se pose la question de la fa\u00e7on avec laquelle il est parvenu dans la salle blanche. La contamination s\u2019est produite \u00e0 travers les poches de nutrition parent\u00e9rale.<br><\/p>\n\n\n\n<p> Le pr\u00e9sident de la commission scientifique d\u2019enqu\u00eate, Professeur Mohamed Douagi, lors de sa conf\u00e9rence de presse fin avril 2019, c\u2019est-\u00e0-dire presque deux mois apr\u00e8s la survenue de la mort des nouveau-n\u00e9s, a parl\u00e9 de d\u00e9faillances multiples sans donner aucun d\u00e9tail. Or il faut dire que nous sommes vraiment dans le cadre de l\u2019erreur m\u00e9dico-pharmaceutique, c\u2019est-\u00e0-dire d\u2019une faille de tout un<em> process<\/em>, de toute une \u00e9quipe. <br><\/p>\n\n\n\n<p> Toutes les questions que l\u2019on se pose comme : qu\u2019est-ce qu\u2019une salle blanche (ou plus exactement salle propre selon la norme ISO 14644-1), quelles sont les normes qui concernent toutes les \u00e9tapes de la salle blanche (conception, construction, mise en fonctionnement, r\u00e9ception et exploitation), est-ce qu\u2019il existe pour l\u2019h\u00f4pital, une validation des proc\u00e9dures comme dans l\u2019industrie, est-ce que le produit fini doit \u00eatre contr\u00f4l\u00e9\u2026<br><\/p>\n\n\n\n<p> Toutes ces questions et bien d\u2019autres sont r\u00e9solues par deux textes r\u00e9glementaires fran\u00e7ais, disponibles sur internet, \u00e9dit\u00e9s sous l\u2019\u00e9gide de l\u2019Agence fran\u00e7aise de s\u00e9curit\u00e9 du m\u00e9dicament (ANSM) : <em>\u2018\u2018Bonnes pratiques de pr\u00e9paration\u2019\u2019 <\/em>ANSM : 3.12.2007, 79 pages; et <em>\u2018\u2018Bonnes pratiques de fabrication\u2019\u2019 <\/em>(ANSM : 30.12.2016, 313 pages), avec le syst\u00e8me qualit\u00e9, les locaux et mat\u00e9riels, la gestion documentaire, le contr\u00f4le de la qualit\u00e9, la lib\u00e9ration param\u00e9trique, avec des lignes directrices sur les m\u00e9dicaments st\u00e9riles.<br><\/p>\n\n\n\n<h3 class=\"wp-block-heading\"> Pour restaurer la confiance dans le syst\u00e8me de sant\u00e9 <br><\/h3>\n\n\n\n<p> Cette affaire est effectivement tr\u00e8s grave et m\u00e9rite que toute la lumi\u00e8re soit faite pour comprendre ce qui s\u2019est pass\u00e9 et pouvoir ensuite justifier le d\u00e9ploiement de moyens n\u00e9cessaires \u00e0 la prise en charge optimale des nourrissons. <br><\/p>\n\n\n\n<p> J\u2019ai personnellement \u00e9t\u00e9 tr\u00e8s impressionn\u00e9 par l\u2019ampleur de cette trag\u00e9die et nous attendons que l\u2019on puisse apporter des explications aux familles concern\u00e9es et surtout que cela aboutisse \u00e0 des d\u00e9cisions qui permettront une meilleure confiance dans le syst\u00e8me de sant\u00e9. <br><\/p>\n\n\n\n<p> Je sais malheureusement qu\u2019\u00e0 l\u2019origine de cette situation, le manque de moyens et l\u2019insuffisance des investissements pour garantir la s\u00e9curit\u00e9 des patients constituent une partie du probl\u00e8me. <br><\/p>\n\n\n\n<p> La sant\u00e9 repr\u00e9sente un budget consid\u00e9rable pour n\u2019importe quel pays mais doit constituer une priorit\u00e9 pour garantir des soins de qualit\u00e9 \u00e0 toute la population.<\/p>\n\n\n\n<p><strong><em>Articles du m\u00eame auteur dans Kapitalis :<\/em><\/strong><\/p>\n\n\n\n<figure class=\"wp-block-embed is-type-rich is-provider-kapitalis\"><div class=\"wp-block-embed__wrapper\">\n<blockquote class=\"wp-embedded-content\" data-secret=\"vCwp7JqJ2y\"><a href=\"https:\/\/kapitalis.com\/tunisie\/2019\/04\/05\/mort-de-15-nouveau-nes-a-lhopital-rabta-ou-en-est-lenquete\/\">Mort de 15 nouveau-n\u00e9s \u00e0 l\u2019h\u00f4pital Rabta : O\u00f9 en est l\u2019enqu\u00eate ?<\/a><\/blockquote><iframe loading=\"lazy\" class=\"wp-embedded-content\" sandbox=\"allow-scripts\" security=\"restricted\" style=\"position: absolute; clip: rect(1px, 1px, 1px, 1px);\" title=\"\u00ab\u00a0Mort de 15 nouveau-n\u00e9s \u00e0 l\u2019h\u00f4pital Rabta : O\u00f9 en est l\u2019enqu\u00eate ?\u00a0\u00bb &#8212; Kapitalis\" src=\"https:\/\/kapitalis.com\/tunisie\/2019\/04\/05\/mort-de-15-nouveau-nes-a-lhopital-rabta-ou-en-est-lenquete\/embed\/#?secret=6MJ6fbpCHf#?secret=vCwp7JqJ2y\" data-secret=\"vCwp7JqJ2y\" width=\"600\" height=\"338\" frameborder=\"0\" marginwidth=\"0\" marginheight=\"0\" scrolling=\"no\"><\/iframe>\n<\/div><\/figure>\n\n\n\n<figure class=\"wp-block-embed is-type-rich is-provider-kapitalis\"><div class=\"wp-block-embed__wrapper\">\n<blockquote class=\"wp-embedded-content\" data-secret=\"Xyz5UUZdas\"><a href=\"https:\/\/kapitalis.com\/tunisie\/2015\/07\/23\/la-recherche-en-tunisie-un-retard-difficile-a-combler\/\">La recherche en Tunisie : Un retard difficile \u00e0 combler<\/a><\/blockquote><iframe loading=\"lazy\" class=\"wp-embedded-content\" sandbox=\"allow-scripts\" security=\"restricted\" style=\"position: absolute; clip: rect(1px, 1px, 1px, 1px);\" title=\"\u00ab\u00a0La recherche en Tunisie : Un retard difficile \u00e0 combler\u00a0\u00bb &#8212; Kapitalis\" src=\"https:\/\/kapitalis.com\/tunisie\/2015\/07\/23\/la-recherche-en-tunisie-un-retard-difficile-a-combler\/embed\/#?secret=MBcsqS1cpH#?secret=Xyz5UUZdas\" data-secret=\"Xyz5UUZdas\" width=\"600\" height=\"338\" frameborder=\"0\" marginwidth=\"0\" marginheight=\"0\" scrolling=\"no\"><\/iframe>\n<\/div><\/figure>\n","protected":false},"excerpt":{"rendered":"<p>L\u2019auteur revient sur le drame des 15 nouveau-n\u00e9s d\u00e9c\u00e9d\u00e9s, d\u00e9but mars 2019, dans la maternit\u00e9 de l\u2019h\u00f4pital La Rabta \u00e0 Tunis des suites d\u2019une infection nosocomiale et en tire des le\u00e7ons en vue d\u2019am\u00e9liorer le syst\u00e8me de sant\u00e9 en Tunisie. Par Pr Ridha Hamdane *<\/p>\n","protected":false},"author":8,"featured_media":0,"comment_status":"open","ping_status":"open","sticky":false,"template":"","format":"standard","meta":{"footnotes":""},"categories":[992,998,1000,2433],"tags":[15828,39100,50440,24364,22090],"class_list":["post-214459","post","type-post","status-publish","format-standard","hentry","category-a-la-une","category-societe","category-tribune","category-tunisie","tag-hopital-la-rabta","tag-infection-nosocomiale","tag-mohamed-douagi","tag-nouveau-nes","tag-systeme-de-sante"],"yoast_head":"<!-- This site is optimized with the Yoast SEO plugin v26.6 - https:\/\/yoast.com\/wordpress\/plugins\/seo\/ -->\n<title>Retour sur l\u2019affaire des nouveau-n\u00e9s de l\u2019h\u00f4pital La Rabta : Eviter l\u2019\u00e9vitable\u2026 - Kapitalis<\/title>\n<meta name=\"robots\" content=\"index, follow, max-snippet:-1, max-image-preview:large, max-video-preview:-1\" \/>\n<link rel=\"canonical\" href=\"https:\/\/kapitalis.com\/tunisie\/2019\/05\/24\/retour-sur-laffaire-des-nouveau-nes-de-lhopital-la-rabta-eviter-levitable\/\" \/>\n<meta property=\"og:locale\" content=\"fr_FR\" \/>\n<meta property=\"og:type\" content=\"article\" \/>\n<meta property=\"og:title\" content=\"Retour sur l\u2019affaire des nouveau-n\u00e9s de l\u2019h\u00f4pital La Rabta : Eviter l\u2019\u00e9vitable\u2026 - Kapitalis\" \/>\n<meta property=\"og:description\" content=\"L\u2019auteur revient sur le drame des 15 nouveau-n\u00e9s d\u00e9c\u00e9d\u00e9s, d\u00e9but mars 2019, dans la maternit\u00e9 de l\u2019h\u00f4pital La Rabta \u00e0 Tunis des suites d\u2019une infection nosocomiale et en tire des le\u00e7ons en vue d\u2019am\u00e9liorer le syst\u00e8me de sant\u00e9 en Tunisie. Par Pr Ridha Hamdane *\" \/>\n<meta property=\"og:url\" content=\"https:\/\/kapitalis.com\/tunisie\/2019\/05\/24\/retour-sur-laffaire-des-nouveau-nes-de-lhopital-la-rabta-eviter-levitable\/\" \/>\n<meta property=\"og:site_name\" content=\"Kapitalis\" \/>\n<meta property=\"article:publisher\" content=\"https:\/\/www.facebook.com\/KapitalisInfo\/\" \/>\n<meta property=\"article:published_time\" content=\"2019-05-24T12:17:28+00:00\" \/>\n<meta property=\"article:modified_time\" content=\"2019-05-24T12:17:34+00:00\" \/>\n<meta property=\"og:image\" content=\"http:\/\/kapitalis.com\/tunisie\/wp-content\/uploads\/2019\/04\/Professeur-Ridha-Hamdane.jpg\" \/>\n<meta name=\"author\" content=\"webmaster kapitalis\" \/>\n<meta name=\"twitter:card\" content=\"summary_large_image\" \/>\n<meta name=\"twitter:creator\" content=\"@KapitalisInfo\" \/>\n<meta name=\"twitter:site\" content=\"@KapitalisInfo\" \/>\n<meta name=\"twitter:label1\" content=\"\u00c9crit par\" \/>\n\t<meta name=\"twitter:data1\" content=\"webmaster kapitalis\" \/>\n\t<meta name=\"twitter:label2\" content=\"Dur\u00e9e de lecture estim\u00e9e\" \/>\n\t<meta name=\"twitter:data2\" content=\"4 minutes\" \/>\n<script type=\"application\/ld+json\" class=\"yoast-schema-graph\">{\"@context\":\"https:\/\/schema.org\",\"@graph\":[{\"@type\":\"Article\",\"@id\":\"https:\/\/kapitalis.com\/tunisie\/2019\/05\/24\/retour-sur-laffaire-des-nouveau-nes-de-lhopital-la-rabta-eviter-levitable\/#article\",\"isPartOf\":{\"@id\":\"https:\/\/kapitalis.com\/tunisie\/2019\/05\/24\/retour-sur-laffaire-des-nouveau-nes-de-lhopital-la-rabta-eviter-levitable\/\"},\"author\":{\"name\":\"webmaster kapitalis\",\"@id\":\"https:\/\/kapitalis.com\/tunisie\/#\/schema\/person\/d71f33a9ca44f7bad4698210b480c8e9\"},\"headline\":\"Retour sur l\u2019affaire des nouveau-n\u00e9s de l\u2019h\u00f4pital La Rabta : Eviter l\u2019\u00e9vitable\u2026\",\"datePublished\":\"2019-05-24T12:17:28+00:00\",\"dateModified\":\"2019-05-24T12:17:34+00:00\",\"mainEntityOfPage\":{\"@id\":\"https:\/\/kapitalis.com\/tunisie\/2019\/05\/24\/retour-sur-laffaire-des-nouveau-nes-de-lhopital-la-rabta-eviter-levitable\/\"},\"wordCount\":765,\"commentCount\":5,\"publisher\":{\"@id\":\"https:\/\/kapitalis.com\/tunisie\/#organization\"},\"image\":{\"@id\":\"https:\/\/kapitalis.com\/tunisie\/2019\/05\/24\/retour-sur-laffaire-des-nouveau-nes-de-lhopital-la-rabta-eviter-levitable\/#primaryimage\"},\"thumbnailUrl\":\"http:\/\/kapitalis.com\/tunisie\/wp-content\/uploads\/2019\/04\/Professeur-Ridha-Hamdane.jpg\",\"keywords\":[\"H\u00f4pital La Rabta\",\"infection nosocomiale\",\"Mohamed Douagi\",\"nouveau-n\u00e9s\",\"syst\u00e8me de sant\u00e9\"],\"articleSection\":[\"A LA UNE\",\"SOCIETE\",\"TRIBUNE\",\"Tunisie\"],\"inLanguage\":\"fr-FR\",\"potentialAction\":[{\"@type\":\"CommentAction\",\"name\":\"Comment\",\"target\":[\"https:\/\/kapitalis.com\/tunisie\/2019\/05\/24\/retour-sur-laffaire-des-nouveau-nes-de-lhopital-la-rabta-eviter-levitable\/#respond\"]}]},{\"@type\":\"WebPage\",\"@id\":\"https:\/\/kapitalis.com\/tunisie\/2019\/05\/24\/retour-sur-laffaire-des-nouveau-nes-de-lhopital-la-rabta-eviter-levitable\/\",\"url\":\"https:\/\/kapitalis.com\/tunisie\/2019\/05\/24\/retour-sur-laffaire-des-nouveau-nes-de-lhopital-la-rabta-eviter-levitable\/\",\"name\":\"Retour sur l\u2019affaire des nouveau-n\u00e9s de l\u2019h\u00f4pital La Rabta : Eviter l\u2019\u00e9vitable\u2026 - Kapitalis\",\"isPartOf\":{\"@id\":\"https:\/\/kapitalis.com\/tunisie\/#website\"},\"primaryImageOfPage\":{\"@id\":\"https:\/\/kapitalis.com\/tunisie\/2019\/05\/24\/retour-sur-laffaire-des-nouveau-nes-de-lhopital-la-rabta-eviter-levitable\/#primaryimage\"},\"image\":{\"@id\":\"https:\/\/kapitalis.com\/tunisie\/2019\/05\/24\/retour-sur-laffaire-des-nouveau-nes-de-lhopital-la-rabta-eviter-levitable\/#primaryimage\"},\"thumbnailUrl\":\"http:\/\/kapitalis.com\/tunisie\/wp-content\/uploads\/2019\/04\/Professeur-Ridha-Hamdane.jpg\",\"datePublished\":\"2019-05-24T12:17:28+00:00\",\"dateModified\":\"2019-05-24T12:17:34+00:00\",\"breadcrumb\":{\"@id\":\"https:\/\/kapitalis.com\/tunisie\/2019\/05\/24\/retour-sur-laffaire-des-nouveau-nes-de-lhopital-la-rabta-eviter-levitable\/#breadcrumb\"},\"inLanguage\":\"fr-FR\",\"potentialAction\":[{\"@type\":\"ReadAction\",\"target\":[\"https:\/\/kapitalis.com\/tunisie\/2019\/05\/24\/retour-sur-laffaire-des-nouveau-nes-de-lhopital-la-rabta-eviter-levitable\/\"]}]},{\"@type\":\"ImageObject\",\"inLanguage\":\"fr-FR\",\"@id\":\"https:\/\/kapitalis.com\/tunisie\/2019\/05\/24\/retour-sur-laffaire-des-nouveau-nes-de-lhopital-la-rabta-eviter-levitable\/#primaryimage\",\"url\":\"http:\/\/kapitalis.com\/tunisie\/wp-content\/uploads\/2019\/04\/Professeur-Ridha-Hamdane.jpg\",\"contentUrl\":\"http:\/\/kapitalis.com\/tunisie\/wp-content\/uploads\/2019\/04\/Professeur-Ridha-Hamdane.jpg\"},{\"@type\":\"BreadcrumbList\",\"@id\":\"https:\/\/kapitalis.com\/tunisie\/2019\/05\/24\/retour-sur-laffaire-des-nouveau-nes-de-lhopital-la-rabta-eviter-levitable\/#breadcrumb\",\"itemListElement\":[{\"@type\":\"ListItem\",\"position\":1,\"name\":\"Accueil\",\"item\":\"https:\/\/kapitalis.com\/tunisie\/\"},{\"@type\":\"ListItem\",\"position\":2,\"name\":\"Retour sur l\u2019affaire des nouveau-n\u00e9s de l\u2019h\u00f4pital La Rabta : Eviter l\u2019\u00e9vitable\u2026\"}]},{\"@type\":\"WebSite\",\"@id\":\"https:\/\/kapitalis.com\/tunisie\/#website\",\"url\":\"https:\/\/kapitalis.com\/tunisie\/\",\"name\":\"Kapitalis\",\"description\":\"L&#039;actualit\u00e9 en Tunisie et dans le monde\",\"publisher\":{\"@id\":\"https:\/\/kapitalis.com\/tunisie\/#organization\"},\"potentialAction\":[{\"@type\":\"SearchAction\",\"target\":{\"@type\":\"EntryPoint\",\"urlTemplate\":\"https:\/\/kapitalis.com\/tunisie\/?s={search_term_string}\"},\"query-input\":{\"@type\":\"PropertyValueSpecification\",\"valueRequired\":true,\"valueName\":\"search_term_string\"}}],\"inLanguage\":\"fr-FR\"},{\"@type\":\"Organization\",\"@id\":\"https:\/\/kapitalis.com\/tunisie\/#organization\",\"name\":\"Kapitalis\",\"url\":\"https:\/\/kapitalis.com\/tunisie\/\",\"logo\":{\"@type\":\"ImageObject\",\"inLanguage\":\"fr-FR\",\"@id\":\"https:\/\/kapitalis.com\/tunisie\/#\/schema\/logo\/image\/\",\"url\":\"https:\/\/kapitalis.com\/tunisie\/wp-content\/uploads\/2022\/05\/Kapitalis-big-size.png\",\"contentUrl\":\"https:\/\/kapitalis.com\/tunisie\/wp-content\/uploads\/2022\/05\/Kapitalis-big-size.png\",\"width\":5000,\"height\":1500,\"caption\":\"Kapitalis\"},\"image\":{\"@id\":\"https:\/\/kapitalis.com\/tunisie\/#\/schema\/logo\/image\/\"},\"sameAs\":[\"https:\/\/www.facebook.com\/KapitalisInfo\/\",\"https:\/\/x.com\/KapitalisInfo\",\"https:\/\/www.youtube.com\/channel\/UC-yDYrHyfFBWWZaOw3FPg9Q\"]},{\"@type\":\"Person\",\"@id\":\"https:\/\/kapitalis.com\/tunisie\/#\/schema\/person\/d71f33a9ca44f7bad4698210b480c8e9\",\"name\":\"webmaster kapitalis\",\"url\":\"https:\/\/kapitalis.com\/tunisie\/author\/webmaster-kapitalis\/\"}]}<\/script>\n<!-- \/ Yoast SEO plugin. -->","yoast_head_json":{"title":"Retour sur l\u2019affaire des nouveau-n\u00e9s de l\u2019h\u00f4pital La Rabta : Eviter l\u2019\u00e9vitable\u2026 - Kapitalis","robots":{"index":"index","follow":"follow","max-snippet":"max-snippet:-1","max-image-preview":"max-image-preview:large","max-video-preview":"max-video-preview:-1"},"canonical":"https:\/\/kapitalis.com\/tunisie\/2019\/05\/24\/retour-sur-laffaire-des-nouveau-nes-de-lhopital-la-rabta-eviter-levitable\/","og_locale":"fr_FR","og_type":"article","og_title":"Retour sur l\u2019affaire des nouveau-n\u00e9s de l\u2019h\u00f4pital La Rabta : Eviter l\u2019\u00e9vitable\u2026 - Kapitalis","og_description":"L\u2019auteur revient sur le drame des 15 nouveau-n\u00e9s d\u00e9c\u00e9d\u00e9s, d\u00e9but mars 2019, dans la maternit\u00e9 de l\u2019h\u00f4pital La Rabta \u00e0 Tunis des suites d\u2019une infection nosocomiale et en tire des le\u00e7ons en vue d\u2019am\u00e9liorer le syst\u00e8me de sant\u00e9 en Tunisie. Par Pr Ridha Hamdane *","og_url":"https:\/\/kapitalis.com\/tunisie\/2019\/05\/24\/retour-sur-laffaire-des-nouveau-nes-de-lhopital-la-rabta-eviter-levitable\/","og_site_name":"Kapitalis","article_publisher":"https:\/\/www.facebook.com\/KapitalisInfo\/","article_published_time":"2019-05-24T12:17:28+00:00","article_modified_time":"2019-05-24T12:17:34+00:00","og_image":[{"url":"http:\/\/kapitalis.com\/tunisie\/wp-content\/uploads\/2019\/04\/Professeur-Ridha-Hamdane.jpg","type":"","width":"","height":""}],"author":"webmaster kapitalis","twitter_card":"summary_large_image","twitter_creator":"@KapitalisInfo","twitter_site":"@KapitalisInfo","twitter_misc":{"\u00c9crit par":"webmaster kapitalis","Dur\u00e9e de lecture estim\u00e9e":"4 minutes"},"schema":{"@context":"https:\/\/schema.org","@graph":[{"@type":"Article","@id":"https:\/\/kapitalis.com\/tunisie\/2019\/05\/24\/retour-sur-laffaire-des-nouveau-nes-de-lhopital-la-rabta-eviter-levitable\/#article","isPartOf":{"@id":"https:\/\/kapitalis.com\/tunisie\/2019\/05\/24\/retour-sur-laffaire-des-nouveau-nes-de-lhopital-la-rabta-eviter-levitable\/"},"author":{"name":"webmaster kapitalis","@id":"https:\/\/kapitalis.com\/tunisie\/#\/schema\/person\/d71f33a9ca44f7bad4698210b480c8e9"},"headline":"Retour sur l\u2019affaire des nouveau-n\u00e9s de l\u2019h\u00f4pital La Rabta : Eviter l\u2019\u00e9vitable\u2026","datePublished":"2019-05-24T12:17:28+00:00","dateModified":"2019-05-24T12:17:34+00:00","mainEntityOfPage":{"@id":"https:\/\/kapitalis.com\/tunisie\/2019\/05\/24\/retour-sur-laffaire-des-nouveau-nes-de-lhopital-la-rabta-eviter-levitable\/"},"wordCount":765,"commentCount":5,"publisher":{"@id":"https:\/\/kapitalis.com\/tunisie\/#organization"},"image":{"@id":"https:\/\/kapitalis.com\/tunisie\/2019\/05\/24\/retour-sur-laffaire-des-nouveau-nes-de-lhopital-la-rabta-eviter-levitable\/#primaryimage"},"thumbnailUrl":"http:\/\/kapitalis.com\/tunisie\/wp-content\/uploads\/2019\/04\/Professeur-Ridha-Hamdane.jpg","keywords":["H\u00f4pital La Rabta","infection nosocomiale","Mohamed Douagi","nouveau-n\u00e9s","syst\u00e8me de sant\u00e9"],"articleSection":["A LA UNE","SOCIETE","TRIBUNE","Tunisie"],"inLanguage":"fr-FR","potentialAction":[{"@type":"CommentAction","name":"Comment","target":["https:\/\/kapitalis.com\/tunisie\/2019\/05\/24\/retour-sur-laffaire-des-nouveau-nes-de-lhopital-la-rabta-eviter-levitable\/#respond"]}]},{"@type":"WebPage","@id":"https:\/\/kapitalis.com\/tunisie\/2019\/05\/24\/retour-sur-laffaire-des-nouveau-nes-de-lhopital-la-rabta-eviter-levitable\/","url":"https:\/\/kapitalis.com\/tunisie\/2019\/05\/24\/retour-sur-laffaire-des-nouveau-nes-de-lhopital-la-rabta-eviter-levitable\/","name":"Retour sur l\u2019affaire des nouveau-n\u00e9s de l\u2019h\u00f4pital La Rabta : Eviter l\u2019\u00e9vitable\u2026 - Kapitalis","isPartOf":{"@id":"https:\/\/kapitalis.com\/tunisie\/#website"},"primaryImageOfPage":{"@id":"https:\/\/kapitalis.com\/tunisie\/2019\/05\/24\/retour-sur-laffaire-des-nouveau-nes-de-lhopital-la-rabta-eviter-levitable\/#primaryimage"},"image":{"@id":"https:\/\/kapitalis.com\/tunisie\/2019\/05\/24\/retour-sur-laffaire-des-nouveau-nes-de-lhopital-la-rabta-eviter-levitable\/#primaryimage"},"thumbnailUrl":"http:\/\/kapitalis.com\/tunisie\/wp-content\/uploads\/2019\/04\/Professeur-Ridha-Hamdane.jpg","datePublished":"2019-05-24T12:17:28+00:00","dateModified":"2019-05-24T12:17:34+00:00","breadcrumb":{"@id":"https:\/\/kapitalis.com\/tunisie\/2019\/05\/24\/retour-sur-laffaire-des-nouveau-nes-de-lhopital-la-rabta-eviter-levitable\/#breadcrumb"},"inLanguage":"fr-FR","potentialAction":[{"@type":"ReadAction","target":["https:\/\/kapitalis.com\/tunisie\/2019\/05\/24\/retour-sur-laffaire-des-nouveau-nes-de-lhopital-la-rabta-eviter-levitable\/"]}]},{"@type":"ImageObject","inLanguage":"fr-FR","@id":"https:\/\/kapitalis.com\/tunisie\/2019\/05\/24\/retour-sur-laffaire-des-nouveau-nes-de-lhopital-la-rabta-eviter-levitable\/#primaryimage","url":"http:\/\/kapitalis.com\/tunisie\/wp-content\/uploads\/2019\/04\/Professeur-Ridha-Hamdane.jpg","contentUrl":"http:\/\/kapitalis.com\/tunisie\/wp-content\/uploads\/2019\/04\/Professeur-Ridha-Hamdane.jpg"},{"@type":"BreadcrumbList","@id":"https:\/\/kapitalis.com\/tunisie\/2019\/05\/24\/retour-sur-laffaire-des-nouveau-nes-de-lhopital-la-rabta-eviter-levitable\/#breadcrumb","itemListElement":[{"@type":"ListItem","position":1,"name":"Accueil","item":"https:\/\/kapitalis.com\/tunisie\/"},{"@type":"ListItem","position":2,"name":"Retour sur l\u2019affaire des nouveau-n\u00e9s de l\u2019h\u00f4pital La Rabta : Eviter l\u2019\u00e9vitable\u2026"}]},{"@type":"WebSite","@id":"https:\/\/kapitalis.com\/tunisie\/#website","url":"https:\/\/kapitalis.com\/tunisie\/","name":"Kapitalis","description":"L&#039;actualit\u00e9 en Tunisie et dans le monde","publisher":{"@id":"https:\/\/kapitalis.com\/tunisie\/#organization"},"potentialAction":[{"@type":"SearchAction","target":{"@type":"EntryPoint","urlTemplate":"https:\/\/kapitalis.com\/tunisie\/?s={search_term_string}"},"query-input":{"@type":"PropertyValueSpecification","valueRequired":true,"valueName":"search_term_string"}}],"inLanguage":"fr-FR"},{"@type":"Organization","@id":"https:\/\/kapitalis.com\/tunisie\/#organization","name":"Kapitalis","url":"https:\/\/kapitalis.com\/tunisie\/","logo":{"@type":"ImageObject","inLanguage":"fr-FR","@id":"https:\/\/kapitalis.com\/tunisie\/#\/schema\/logo\/image\/","url":"https:\/\/kapitalis.com\/tunisie\/wp-content\/uploads\/2022\/05\/Kapitalis-big-size.png","contentUrl":"https:\/\/kapitalis.com\/tunisie\/wp-content\/uploads\/2022\/05\/Kapitalis-big-size.png","width":5000,"height":1500,"caption":"Kapitalis"},"image":{"@id":"https:\/\/kapitalis.com\/tunisie\/#\/schema\/logo\/image\/"},"sameAs":["https:\/\/www.facebook.com\/KapitalisInfo\/","https:\/\/x.com\/KapitalisInfo","https:\/\/www.youtube.com\/channel\/UC-yDYrHyfFBWWZaOw3FPg9Q"]},{"@type":"Person","@id":"https:\/\/kapitalis.com\/tunisie\/#\/schema\/person\/d71f33a9ca44f7bad4698210b480c8e9","name":"webmaster kapitalis","url":"https:\/\/kapitalis.com\/tunisie\/author\/webmaster-kapitalis\/"}]}},"_links":{"self":[{"href":"https:\/\/kapitalis.com\/tunisie\/wp-json\/wp\/v2\/posts\/214459","targetHints":{"allow":["GET"]}}],"collection":[{"href":"https:\/\/kapitalis.com\/tunisie\/wp-json\/wp\/v2\/posts"}],"about":[{"href":"https:\/\/kapitalis.com\/tunisie\/wp-json\/wp\/v2\/types\/post"}],"author":[{"embeddable":true,"href":"https:\/\/kapitalis.com\/tunisie\/wp-json\/wp\/v2\/users\/8"}],"replies":[{"embeddable":true,"href":"https:\/\/kapitalis.com\/tunisie\/wp-json\/wp\/v2\/comments?post=214459"}],"version-history":[{"count":0,"href":"https:\/\/kapitalis.com\/tunisie\/wp-json\/wp\/v2\/posts\/214459\/revisions"}],"wp:attachment":[{"href":"https:\/\/kapitalis.com\/tunisie\/wp-json\/wp\/v2\/media?parent=214459"}],"wp:term":[{"taxonomy":"category","embeddable":true,"href":"https:\/\/kapitalis.com\/tunisie\/wp-json\/wp\/v2\/categories?post=214459"},{"taxonomy":"post_tag","embeddable":true,"href":"https:\/\/kapitalis.com\/tunisie\/wp-json\/wp\/v2\/tags?post=214459"}],"curies":[{"name":"wp","href":"https:\/\/api.w.org\/{rel}","templated":true}]}}